{"id":22671,"date":"2022-06-19T00:01:00","date_gmt":"2022-06-18T23:01:00","guid":{"rendered":"https:\/\/lasentinelle.dz\/?p=22671"},"modified":"2022-06-18T18:41:24","modified_gmt":"2022-06-18T17:41:24","slug":"plombe-par-les-craintes-de-recession-le-petrole-termine-en-forte-baisse","status":"publish","type":"post","link":"https:\/\/lasentinelle.dz\/index.php\/2022\/06\/19\/plombe-par-les-craintes-de-recession-le-petrole-termine-en-forte-baisse\/","title":{"rendered":"Plomb\u00e9 par les craintes de r\u00e9cession\u00a0:\u00a0Le p\u00e9trole termine en forte baisse"},"content":{"rendered":"\n<p>Les cours du p\u00e9trole ont conclu&nbsp;la semaine de cotation&nbsp;en forte baisse vendredi, plomb\u00e9s par les craintes de r\u00e9cession et des indicateurs d\u00e9cevants aux \u00c9tats-Unis, dans un contexte de resserrement des taux d&rsquo;int\u00e9r\u00eat par les banques centrales.<\/p>\n\n\n\n<p>Le baril&nbsp;de Brent&nbsp;de la mer du Nord pour livraison en ao\u00fbt a perdu 5,58% \u00e0 113,12 dollars.<\/p>\n\n\n\n<p>Le baril de West Texas Intermediate (WTI) am\u00e9ricain pour livraison en juillet est repass\u00e9 sous la barre des 110 dollars pour la premi\u00e8re fois en trois semaines. Il a perdu 6,82% pour terminer \u00e0 109,56 dollars.<\/p>\n\n\n\n<p>Le rythme de la production industrielle aux \u00c9tats-Unis a ralenti en mai, et ce, plus que pr\u00e9vu, selon les donn\u00e9es publi\u00e9es vendredi par la Banque centrale am\u00e9ricaine (Fed), qui fait aussi appara\u00eetre une contraction de la production manufacturi\u00e8re.&nbsp;Les craintes d&rsquo;une possible r\u00e9cession pesaient \u00e0 nouveau sur le brut en repassant au premier plan.&nbsp;\u00ab\u00a0Les banques centrales ont occup\u00e9 le devant de la sc\u00e8ne (&#8230;) apr\u00e8s avoir annonc\u00e9 des hausses de taux dans le cadre d&rsquo;un effort continu pour freiner l&rsquo;inflation galopante\u00a0\u00bb, rappelle Ole S. Hansen, analyste chez Saxobank.&nbsp;La R\u00e9serve f\u00e9d\u00e9rale am\u00e9ricaine a augment\u00e9 mercredi ses taux de 0,75 point, une mesure in\u00e9dite depuis 1994, pour lutter contre l&rsquo;inflation am\u00e9ricaine qui atteint des niveaux record.&nbsp;De quoi \u00ab\u00a0compromettre la reprise \u00e9conomique mondiale post-Covid\u00a0\u00bb, et ainsi miner la demande, poursuit l&rsquo;analyste.&nbsp;La hausse des taux directeurs plus agressive de la Fed a \u00e9galement entrain\u00e9 une appr\u00e9ciation marqu\u00e9e du dollar, qui tire les prix du brut vers le bas en affaiblissant le pouvoir d&rsquo;achat des investisseurs utilisant d&rsquo;autres devises.<\/p>\n\n\n\n<p>Notons que malgr\u00e9 une baisse de 3,20%, le baril de p\u00e9trole alg\u00e9rien \u00ab&nbsp;Sahara Bend&nbsp;\u00bb est cot\u00e9 a fini la semaine \u00e0 plus de 118 dollars, selon les donn\u00e9es du site sp\u00e9cialis\u00e9 oilprice.com. Il est enfin utile de rappeler que selon le dernier rapport mensuel de l\u2019Organisation des pays exportateurs de p\u00e9trole, les cours du Sahara Blend, le brut de r\u00e9f\u00e9rence alg\u00e9rien, ont progress\u00e9 de 5,91 dollars en mai dernier par rapport \u00e0 avril, soutenus notamment par des fondamentaux solides du march\u00e9 p\u00e9trolier. \u00ab&nbsp;La moyenne mensuelle des prix du brut alg\u00e9rien est pass\u00e9e de 109,37 dollars\/baril en avril dernier \u00e0 115,28 dollars en mai, soit une hausse de 5,4%&nbsp;\u00bb. Avec cette hausse, le Sahara Blend s&rsquo;est class\u00e9 \u00e0 la quatri\u00e8me place des bruts les plus chers en mai 2022, parmi les 13 bruts de l&rsquo;Opep, selon le rapport.<\/p>\n\n\n\n<p><strong>R.E.<\/strong><\/p>\n","protected":false},"excerpt":{"rendered":"<p>Les cours du p\u00e9trole ont conclu&nbsp;la semaine de cotation&nbsp;en forte baisse vendredi, plomb\u00e9s par les craintes de r\u00e9cession et des<\/p>\n","protected":false},"author":3,"featured_media":22683,"comment_status":"open","ping_status":"closed","sticky":false,"template":"","format":"standard","meta":{"colormag_page_container_layout":"default_layout","colormag_page_sidebar_layout":"default_layout","om_disable_all_campaigns":false,"_monsterinsights_skip_tracking":false,"_monsterinsights_sitenote_active":false,"_monsterinsights_sitenote_note":"","_monsterinsights_sitenote_category":0,"footnotes":"","_wpscppro_dont_share_socialmedia":false,"_wpscppro_custom_social_share_image":0,"_facebook_share_type":"","_twitter_share_type":"","_linkedin_share_type":"","_pinterest_share_type":"","_linkedin_share_type_page":"","_instagram_share_type":"","_medium_share_type":"","_threads_share_type":"","_google_business_share_type":"","_selected_social_profile":[],"_wpsp_enable_custom_social_template":false,"_wpsp_social_scheduling":{"enabled":false,"datetime":null,"platforms":[],"status":"template_only","dateOption":"today","timeOption":"now","customDays":"","customHours":"","customDate":"","customTime":"","schedulingType":"absolute"},"_wpsp_active_default_template":true},"categories":[29],"tags":[],"class_list":["post-22671","post","type-post","status-publish","format-standard","has-post-thumbnail","hentry","category-economie"],"aioseo_notices":[],"yoast_head":"<!-- This site is optimized with the Yoast SEO plugin v27.5 - https:\/\/yoast.com\/product\/yoast-seo-wordpress\/ -->\n<title>Plomb\u00e9 par les craintes de r\u00e9cession\u00a0:\u00a0Le p\u00e9trole termine en forte baisse - La Sentinelle<\/title>\n<meta name=\"robots\" content=\"index, follow, max-snippet:-1, max-image-preview:large, max-video-preview:-1\" \/>\n<link rel=\"canonical\" href=\"https:\/\/lasentinelle.dz\/index.php\/2022\/06\/19\/plombe-par-les-craintes-de-recession-le-petrole-termine-en-forte-baisse\/\" \/>\n<meta property=\"og:locale\" content=\"fr_FR\" \/>\n<meta property=\"og:type\" content=\"article\" \/>\n<meta property=\"og:title\" content=\"Plomb\u00e9 par les craintes de r\u00e9cession\u00a0:\u00a0Le p\u00e9trole termine en forte baisse - La Sentinelle\" \/>\n<meta property=\"og:description\" content=\"Les cours du p\u00e9trole ont conclu&nbsp;la semaine de cotation&nbsp;en forte baisse vendredi, plomb\u00e9s par les craintes de r\u00e9cession et des\" \/>\n<meta property=\"og:url\" content=\"https:\/\/lasentinelle.dz\/index.php\/2022\/06\/19\/plombe-par-les-craintes-de-recession-le-petrole-termine-en-forte-baisse\/\" \/>\n<meta property=\"og:site_name\" content=\"La Sentinelle\" \/>\n<meta property=\"article:publisher\" content=\"https:\/\/www.facebook.com\/La-Sentinelle-104059864394773\" \/>\n<meta property=\"article:published_time\" content=\"2022-06-18T23:01:00+00:00\" \/>\n<meta property=\"og:image\" content=\"https:\/\/lasentinelle.dz\/wp-content\/uploads\/2022\/06\/petrol.png\" \/>\n\t<meta property=\"og:image:width\" content=\"1350\" \/>\n\t<meta property=\"og:image:height\" content=\"900\" \/>\n\t<meta property=\"og:image:type\" content=\"image\/png\" \/>\n<meta name=\"author\" content=\"La Sentinelle\" \/>\n<meta name=\"twitter:card\" content=\"summary_large_image\" \/>\n<meta name=\"twitter:label1\" content=\"\u00c9crit par\" \/>\n\t<meta name=\"twitter:data1\" content=\"La Sentinelle\" \/>\n\t<meta name=\"twitter:label2\" content=\"Dur\u00e9e de lecture estim\u00e9e\" \/>\n\t<meta name=\"twitter:data2\" content=\"3 minutes\" \/>\n<script type=\"application\/ld+json\" class=\"yoast-schema-graph\">{\"@context\":\"https:\\\/\\\/schema.org\",\"@graph\":[{\"@type\":\"Article\",\"@id\":\"https:\\\/\\\/lasentinelle.dz\\\/index.php\\\/2022\\\/06\\\/19\\\/plombe-par-les-craintes-de-recession-le-petrole-termine-en-forte-baisse\\\/#article\",\"isPartOf\":{\"@id\":\"https:\\\/\\\/lasentinelle.dz\\\/index.php\\\/2022\\\/06\\\/19\\\/plombe-par-les-craintes-de-recession-le-petrole-termine-en-forte-baisse\\\/\"},\"author\":{\"name\":\"La Sentinelle\",\"@id\":\"https:\\\/\\\/lasentinelle.dz\\\/#\\\/schema\\\/person\\\/d865044e22e70a75174ce8bcad3acfb3\"},\"headline\":\"Plomb\u00e9 par les craintes de r\u00e9cession\u00a0:\u00a0Le p\u00e9trole termine en forte baisse\",\"datePublished\":\"2022-06-18T23:01:00+00:00\",\"mainEntityOfPage\":{\"@id\":\"https:\\\/\\\/lasentinelle.dz\\\/index.php\\\/2022\\\/06\\\/19\\\/plombe-par-les-craintes-de-recession-le-petrole-termine-en-forte-baisse\\\/\"},\"wordCount\":455,\"commentCount\":0,\"publisher\":{\"@id\":\"https:\\\/\\\/lasentinelle.dz\\\/#organization\"},\"image\":{\"@id\":\"https:\\\/\\\/lasentinelle.dz\\\/index.php\\\/2022\\\/06\\\/19\\\/plombe-par-les-craintes-de-recession-le-petrole-termine-en-forte-baisse\\\/#primaryimage\"},\"thumbnailUrl\":\"https:\\\/\\\/lasentinelle.dz\\\/wp-content\\\/uploads\\\/2022\\\/06\\\/petrol.png\",\"articleSection\":[\"\u00c9conomie\"],\"inLanguage\":\"fr-FR\",\"potentialAction\":[{\"@type\":\"CommentAction\",\"name\":\"Comment\",\"target\":[\"https:\\\/\\\/lasentinelle.dz\\\/index.php\\\/2022\\\/06\\\/19\\\/plombe-par-les-craintes-de-recession-le-petrole-termine-en-forte-baisse\\\/#respond\"]}]},{\"@type\":\"WebPage\",\"@id\":\"https:\\\/\\\/lasentinelle.dz\\\/index.php\\\/2022\\\/06\\\/19\\\/plombe-par-les-craintes-de-recession-le-petrole-termine-en-forte-baisse\\\/\",\"url\":\"https:\\\/\\\/lasentinelle.dz\\\/index.php\\\/2022\\\/06\\\/19\\\/plombe-par-les-craintes-de-recession-le-petrole-termine-en-forte-baisse\\\/\",\"name\":\"Plomb\u00e9 par les craintes de r\u00e9cession\u00a0:\u00a0Le p\u00e9trole termine en forte baisse - La Sentinelle\",\"isPartOf\":{\"@id\":\"https:\\\/\\\/lasentinelle.dz\\\/#website\"},\"primaryImageOfPage\":{\"@id\":\"https:\\\/\\\/lasentinelle.dz\\\/index.php\\\/2022\\\/06\\\/19\\\/plombe-par-les-craintes-de-recession-le-petrole-termine-en-forte-baisse\\\/#primaryimage\"},\"image\":{\"@id\":\"https:\\\/\\\/lasentinelle.dz\\\/index.php\\\/2022\\\/06\\\/19\\\/plombe-par-les-craintes-de-recession-le-petrole-termine-en-forte-baisse\\\/#primaryimage\"},\"thumbnailUrl\":\"https:\\\/\\\/lasentinelle.dz\\\/wp-content\\\/uploads\\\/2022\\\/06\\\/petrol.png\",\"datePublished\":\"2022-06-18T23:01:00+00:00\",\"breadcrumb\":{\"@id\":\"https:\\\/\\\/lasentinelle.dz\\\/index.php\\\/2022\\\/06\\\/19\\\/plombe-par-les-craintes-de-recession-le-petrole-termine-en-forte-baisse\\\/#breadcrumb\"},\"inLanguage\":\"fr-FR\",\"potentialAction\":[{\"@type\":\"ReadAction\",\"target\":[\"https:\\\/\\\/lasentinelle.dz\\\/index.php\\\/2022\\\/06\\\/19\\\/plombe-par-les-craintes-de-recession-le-petrole-termine-en-forte-baisse\\\/\"]}]},{\"@type\":\"ImageObject\",\"inLanguage\":\"fr-FR\",\"@id\":\"https:\\\/\\\/lasentinelle.dz\\\/index.php\\\/2022\\\/06\\\/19\\\/plombe-par-les-craintes-de-recession-le-petrole-termine-en-forte-baisse\\\/#primaryimage\",\"url\":\"https:\\\/\\\/lasentinelle.dz\\\/wp-content\\\/uploads\\\/2022\\\/06\\\/petrol.png\",\"contentUrl\":\"https:\\\/\\\/lasentinelle.dz\\\/wp-content\\\/uploads\\\/2022\\\/06\\\/petrol.png\",\"width\":1350,\"height\":900},{\"@type\":\"BreadcrumbList\",\"@id\":\"https:\\\/\\\/lasentinelle.dz\\\/index.php\\\/2022\\\/06\\\/19\\\/plombe-par-les-craintes-de-recession-le-petrole-termine-en-forte-baisse\\\/#breadcrumb\",\"itemListElement\":[{\"@type\":\"ListItem\",\"position\":1,\"name\":\"Accueil\",\"item\":\"https:\\\/\\\/lasentinelle.dz\\\/\"},{\"@type\":\"ListItem\",\"position\":2,\"name\":\"Plomb\u00e9 par les craintes de r\u00e9cession\u00a0:\u00a0Le p\u00e9trole termine en forte baisse\"}]},{\"@type\":\"WebSite\",\"@id\":\"https:\\\/\\\/lasentinelle.dz\\\/#website\",\"url\":\"https:\\\/\\\/lasentinelle.dz\\\/\",\"name\":\"La Sentinelle\",\"description\":\"Quotidien national d&#039;information\",\"publisher\":{\"@id\":\"https:\\\/\\\/lasentinelle.dz\\\/#organization\"},\"potentialAction\":[{\"@type\":\"SearchAction\",\"target\":{\"@type\":\"EntryPoint\",\"urlTemplate\":\"https:\\\/\\\/lasentinelle.dz\\\/?s={search_term_string}\"},\"query-input\":{\"@type\":\"PropertyValueSpecification\",\"valueRequired\":true,\"valueName\":\"search_term_string\"}}],\"inLanguage\":\"fr-FR\"},{\"@type\":\"Organization\",\"@id\":\"https:\\\/\\\/lasentinelle.dz\\\/#organization\",\"name\":\"Quotidien La Sentinelle\",\"url\":\"https:\\\/\\\/lasentinelle.dz\\\/\",\"logo\":{\"@type\":\"ImageObject\",\"inLanguage\":\"fr-FR\",\"@id\":\"https:\\\/\\\/lasentinelle.dz\\\/#\\\/schema\\\/logo\\\/image\\\/\",\"url\":\"https:\\\/\\\/lasentinelle.dz\\\/wp-content\\\/uploads\\\/2021\\\/09\\\/logo-sentinelleSLOGAN-1.png\",\"contentUrl\":\"https:\\\/\\\/lasentinelle.dz\\\/wp-content\\\/uploads\\\/2021\\\/09\\\/logo-sentinelleSLOGAN-1.png\",\"width\":615,\"height\":142,\"caption\":\"Quotidien La Sentinelle\"},\"image\":{\"@id\":\"https:\\\/\\\/lasentinelle.dz\\\/#\\\/schema\\\/logo\\\/image\\\/\"},\"sameAs\":[\"https:\\\/\\\/www.facebook.com\\\/La-Sentinelle-104059864394773\"]},{\"@type\":\"Person\",\"@id\":\"https:\\\/\\\/lasentinelle.dz\\\/#\\\/schema\\\/person\\\/d865044e22e70a75174ce8bcad3acfb3\",\"name\":\"La Sentinelle\",\"image\":{\"@type\":\"ImageObject\",\"inLanguage\":\"fr-FR\",\"@id\":\"https:\\\/\\\/secure.gravatar.com\\\/avatar\\\/57de8e5d4b15d43fb361a71fbb36338450fe67865b528a43dd10ef7c51a20392?s=96&d=mm&r=g\",\"url\":\"https:\\\/\\\/secure.gravatar.com\\\/avatar\\\/57de8e5d4b15d43fb361a71fbb36338450fe67865b528a43dd10ef7c51a20392?s=96&d=mm&r=g\",\"contentUrl\":\"https:\\\/\\\/secure.gravatar.com\\\/avatar\\\/57de8e5d4b15d43fb361a71fbb36338450fe67865b528a43dd10ef7c51a20392?s=96&d=mm&r=g\",\"caption\":\"La Sentinelle\"},\"sameAs\":[\"http:\\\/\\\/www.lasentinelle.dz\"],\"url\":\"https:\\\/\\\/lasentinelle.dz\\\/author\\\/redaction\\\/\"}]}<\/script>\n<!-- \/ Yoast SEO plugin. -->","yoast_head_json":{"title":"Plomb\u00e9 par les craintes de r\u00e9cession\u00a0:\u00a0Le p\u00e9trole termine en forte baisse - La Sentinelle","robots":{"index":"index","follow":"follow","max-snippet":"max-snippet:-1","max-image-preview":"max-image-preview:large","max-video-preview":"max-video-preview:-1"},"canonical":"https:\/\/lasentinelle.dz\/index.php\/2022\/06\/19\/plombe-par-les-craintes-de-recession-le-petrole-termine-en-forte-baisse\/","og_locale":"fr_FR","og_type":"article","og_title":"Plomb\u00e9 par les craintes de r\u00e9cession\u00a0:\u00a0Le p\u00e9trole termine en forte baisse - La Sentinelle","og_description":"Les cours du p\u00e9trole ont conclu&nbsp;la semaine de cotation&nbsp;en forte baisse vendredi, plomb\u00e9s par les craintes de r\u00e9cession et des","og_url":"https:\/\/lasentinelle.dz\/index.php\/2022\/06\/19\/plombe-par-les-craintes-de-recession-le-petrole-termine-en-forte-baisse\/","og_site_name":"La Sentinelle","article_publisher":"https:\/\/www.facebook.com\/La-Sentinelle-104059864394773","article_published_time":"2022-06-18T23:01:00+00:00","og_image":[{"width":1350,"height":900,"url":"https:\/\/lasentinelle.dz\/wp-content\/uploads\/2022\/06\/petrol.png","type":"image\/png"}],"author":"La Sentinelle","twitter_card":"summary_large_image","twitter_misc":{"\u00c9crit par":"La Sentinelle","Dur\u00e9e de lecture estim\u00e9e":"3 minutes"},"schema":{"@context":"https:\/\/schema.org","@graph":[{"@type":"Article","@id":"https:\/\/lasentinelle.dz\/index.php\/2022\/06\/19\/plombe-par-les-craintes-de-recession-le-petrole-termine-en-forte-baisse\/#article","isPartOf":{"@id":"https:\/\/lasentinelle.dz\/index.php\/2022\/06\/19\/plombe-par-les-craintes-de-recession-le-petrole-termine-en-forte-baisse\/"},"author":{"name":"La Sentinelle","@id":"https:\/\/lasentinelle.dz\/#\/schema\/person\/d865044e22e70a75174ce8bcad3acfb3"},"headline":"Plomb\u00e9 par les craintes de r\u00e9cession\u00a0:\u00a0Le p\u00e9trole termine en forte baisse","datePublished":"2022-06-18T23:01:00+00:00","mainEntityOfPage":{"@id":"https:\/\/lasentinelle.dz\/index.php\/2022\/06\/19\/plombe-par-les-craintes-de-recession-le-petrole-termine-en-forte-baisse\/"},"wordCount":455,"commentCount":0,"publisher":{"@id":"https:\/\/lasentinelle.dz\/#organization"},"image":{"@id":"https:\/\/lasentinelle.dz\/index.php\/2022\/06\/19\/plombe-par-les-craintes-de-recession-le-petrole-termine-en-forte-baisse\/#primaryimage"},"thumbnailUrl":"https:\/\/lasentinelle.dz\/wp-content\/uploads\/2022\/06\/petrol.png","articleSection":["\u00c9conomie"],"inLanguage":"fr-FR","potentialAction":[{"@type":"CommentAction","name":"Comment","target":["https:\/\/lasentinelle.dz\/index.php\/2022\/06\/19\/plombe-par-les-craintes-de-recession-le-petrole-termine-en-forte-baisse\/#respond"]}]},{"@type":"WebPage","@id":"https:\/\/lasentinelle.dz\/index.php\/2022\/06\/19\/plombe-par-les-craintes-de-recession-le-petrole-termine-en-forte-baisse\/","url":"https:\/\/lasentinelle.dz\/index.php\/2022\/06\/19\/plombe-par-les-craintes-de-recession-le-petrole-termine-en-forte-baisse\/","name":"Plomb\u00e9 par les craintes de r\u00e9cession\u00a0:\u00a0Le p\u00e9trole termine en forte baisse - La Sentinelle","isPartOf":{"@id":"https:\/\/lasentinelle.dz\/#website"},"primaryImageOfPage":{"@id":"https:\/\/lasentinelle.dz\/index.php\/2022\/06\/19\/plombe-par-les-craintes-de-recession-le-petrole-termine-en-forte-baisse\/#primaryimage"},"image":{"@id":"https:\/\/lasentinelle.dz\/index.php\/2022\/06\/19\/plombe-par-les-craintes-de-recession-le-petrole-termine-en-forte-baisse\/#primaryimage"},"thumbnailUrl":"https:\/\/lasentinelle.dz\/wp-content\/uploads\/2022\/06\/petrol.png","datePublished":"2022-06-18T23:01:00+00:00","breadcrumb":{"@id":"https:\/\/lasentinelle.dz\/index.php\/2022\/06\/19\/plombe-par-les-craintes-de-recession-le-petrole-termine-en-forte-baisse\/#breadcrumb"},"inLanguage":"fr-FR","potentialAction":[{"@type":"ReadAction","target":["https:\/\/lasentinelle.dz\/index.php\/2022\/06\/19\/plombe-par-les-craintes-de-recession-le-petrole-termine-en-forte-baisse\/"]}]},{"@type":"ImageObject","inLanguage":"fr-FR","@id":"https:\/\/lasentinelle.dz\/index.php\/2022\/06\/19\/plombe-par-les-craintes-de-recession-le-petrole-termine-en-forte-baisse\/#primaryimage","url":"https:\/\/lasentinelle.dz\/wp-content\/uploads\/2022\/06\/petrol.png","contentUrl":"https:\/\/lasentinelle.dz\/wp-content\/uploads\/2022\/06\/petrol.png","width":1350,"height":900},{"@type":"BreadcrumbList","@id":"https:\/\/lasentinelle.dz\/index.php\/2022\/06\/19\/plombe-par-les-craintes-de-recession-le-petrole-termine-en-forte-baisse\/#breadcrumb","itemListElement":[{"@type":"ListItem","position":1,"name":"Accueil","item":"https:\/\/lasentinelle.dz\/"},{"@type":"ListItem","position":2,"name":"Plomb\u00e9 par les craintes de r\u00e9cession\u00a0:\u00a0Le p\u00e9trole termine en forte baisse"}]},{"@type":"WebSite","@id":"https:\/\/lasentinelle.dz\/#website","url":"https:\/\/lasentinelle.dz\/","name":"La Sentinelle","description":"Quotidien national d&#039;information","publisher":{"@id":"https:\/\/lasentinelle.dz\/#organization"},"potentialAction":[{"@type":"SearchAction","target":{"@type":"EntryPoint","urlTemplate":"https:\/\/lasentinelle.dz\/?s={search_term_string}"},"query-input":{"@type":"PropertyValueSpecification","valueRequired":true,"valueName":"search_term_string"}}],"inLanguage":"fr-FR"},{"@type":"Organization","@id":"https:\/\/lasentinelle.dz\/#organization","name":"Quotidien La Sentinelle","url":"https:\/\/lasentinelle.dz\/","logo":{"@type":"ImageObject","inLanguage":"fr-FR","@id":"https:\/\/lasentinelle.dz\/#\/schema\/logo\/image\/","url":"https:\/\/lasentinelle.dz\/wp-content\/uploads\/2021\/09\/logo-sentinelleSLOGAN-1.png","contentUrl":"https:\/\/lasentinelle.dz\/wp-content\/uploads\/2021\/09\/logo-sentinelleSLOGAN-1.png","width":615,"height":142,"caption":"Quotidien La Sentinelle"},"image":{"@id":"https:\/\/lasentinelle.dz\/#\/schema\/logo\/image\/"},"sameAs":["https:\/\/www.facebook.com\/La-Sentinelle-104059864394773"]},{"@type":"Person","@id":"https:\/\/lasentinelle.dz\/#\/schema\/person\/d865044e22e70a75174ce8bcad3acfb3","name":"La Sentinelle","image":{"@type":"ImageObject","inLanguage":"fr-FR","@id":"https:\/\/secure.gravatar.com\/avatar\/57de8e5d4b15d43fb361a71fbb36338450fe67865b528a43dd10ef7c51a20392?s=96&d=mm&r=g","url":"https:\/\/secure.gravatar.com\/avatar\/57de8e5d4b15d43fb361a71fbb36338450fe67865b528a43dd10ef7c51a20392?s=96&d=mm&r=g","contentUrl":"https:\/\/secure.gravatar.com\/avatar\/57de8e5d4b15d43fb361a71fbb36338450fe67865b528a43dd10ef7c51a20392?s=96&d=mm&r=g","caption":"La Sentinelle"},"sameAs":["http:\/\/www.lasentinelle.dz"],"url":"https:\/\/lasentinelle.dz\/author\/redaction\/"}]}},"_links":{"self":[{"href":"https:\/\/lasentinelle.dz\/index.php\/wp-json\/wp\/v2\/posts\/22671","targetHints":{"allow":["GET"]}}],"collection":[{"href":"https:\/\/lasentinelle.dz\/index.php\/wp-json\/wp\/v2\/posts"}],"about":[{"href":"https:\/\/lasentinelle.dz\/index.php\/wp-json\/wp\/v2\/types\/post"}],"author":[{"embeddable":true,"href":"https:\/\/lasentinelle.dz\/index.php\/wp-json\/wp\/v2\/users\/3"}],"replies":[{"embeddable":true,"href":"https:\/\/lasentinelle.dz\/index.php\/wp-json\/wp\/v2\/comments?post=22671"}],"version-history":[{"count":1,"href":"https:\/\/lasentinelle.dz\/index.php\/wp-json\/wp\/v2\/posts\/22671\/revisions"}],"predecessor-version":[{"id":22684,"href":"https:\/\/lasentinelle.dz\/index.php\/wp-json\/wp\/v2\/posts\/22671\/revisions\/22684"}],"wp:featuredmedia":[{"embeddable":true,"href":"https:\/\/lasentinelle.dz\/index.php\/wp-json\/wp\/v2\/media\/22683"}],"wp:attachment":[{"href":"https:\/\/lasentinelle.dz\/index.php\/wp-json\/wp\/v2\/media?parent=22671"}],"wp:term":[{"taxonomy":"category","embeddable":true,"href":"https:\/\/lasentinelle.dz\/index.php\/wp-json\/wp\/v2\/categories?post=22671"},{"taxonomy":"post_tag","embeddable":true,"href":"https:\/\/lasentinelle.dz\/index.php\/wp-json\/wp\/v2\/tags?post=22671"}],"curies":[{"name":"wp","href":"https:\/\/api.w.org\/{rel}","templated":true}]}}