{"id":22707,"date":"2022-06-19T00:05:00","date_gmt":"2022-06-18T23:05:00","guid":{"rendered":"https:\/\/lasentinelle.dz\/?p=22707"},"modified":"2022-06-18T20:10:33","modified_gmt":"2022-06-18T19:10:33","slug":"journee-parlementaire-sur-laide-sociale-la-revision-des-subventions-de-nouveau-au-coeur-du-debat","status":"publish","type":"post","link":"https:\/\/lasentinelle.dz\/index.php\/2022\/06\/19\/journee-parlementaire-sur-laide-sociale-la-revision-des-subventions-de-nouveau-au-coeur-du-debat\/","title":{"rendered":"Journ\u00e9e parlementaire sur l\u2019aide sociale\u00a0: La r\u00e9vision des subventions, de nouveau, au c\u0153ur du d\u00e9bat"},"content":{"rendered":"\n<p>La question de la r\u00e9vision du syst\u00e8me des subventions revient aux devants de la sc\u00e8ne, \u00e0 la faveur d\u2019une journ\u00e9e parlementaire organis\u00e9e \u00e0 l\u2019initiative du Front El-Moustakbal.&nbsp;<\/p>\n\n\n\n<p>Une journ\u00e9e d\u2019\u00e9tude qui a permis aux acteurs de la majorit\u00e9 de faire l\u2019apologie de cette r\u00e9vision qui doit permettre de remplacer la politique actuelle de soutien des prix des produits de base, de l\u2019\u00e9nergie et de l\u2019eau, par un syst\u00e8me de subventions cibl\u00e9es qui touche les m\u00e9nages selon leurs niveaux de revenus.&nbsp;&nbsp;Et c\u2019est d\u2019ailleurs dans ce contexte que&nbsp;le pr\u00e9sident de l\u2019Assembl\u00e9e&nbsp;populaire nationale,&nbsp;Brahim Boughali a soulign\u00e9 la n\u00e9cessit\u00e9 de \u00ab revoir les m\u00e9canismes de soutien et de subvention des prix des produits de large consommation afin que ces aides aillent droit \u00e0 ceux qui en ont r\u00e9ellement besoin \u00bb. M. Boughali&nbsp;a estim\u00e9&nbsp;que ce \u00ab dossier sensible n\u00e9cessite de r\u00e9unir quelques pr\u00e9alables pour que les m\u00e9canismes atteignent leur objectif \u00bb. Ce soutien devrait conna\u00eetre quelques adaptations via des m\u00e9canismes nouveaux, ajoute-t-il, pour que l\u2019objectif principal soit atteint \u00e0 savoir la r\u00e9duction des \u00e9carts entre les cat\u00e9gories sociales.<\/p>\n\n\n\n<p>En fait, cette journ\u00e9e organis\u00e9e sous le th\u00e8me, \u00ab l\u2019accompagnement du&nbsp;Parlement de la politique nationale de soutien social ;&nbsp;de l\u2019Aide&nbsp;g\u00e9n\u00e9ralis\u00e9e&nbsp;au soutien cibl\u00e9 \u00bb a \u00e9t\u00e9 l\u2019occasion pour le pr\u00e9sident de l\u2019Assembl\u00e9e Populaire nationale de noter que \u00ab cette politique conforte le caract\u00e8re social de l\u2019Etat alg\u00e9rien \u00bb tout en soulignant \u00e9galement le caract\u00e8re tr\u00e8s sensible de ce dossier qui n\u00e9cessite, selon lui,&nbsp;\u00ab&nbsp;des m\u00e9canismes tr\u00e8s \u00e9tudi\u00e9s pour atteindre l\u2019objectif assign\u00e9 \u00bb.&nbsp;&nbsp;Il citera l\u2019exemple de \u00ab la n\u00e9cessit\u00e9 d\u2019une cartographie nationale des cat\u00e9gories sociales et des familles \u00e0 faible revenu outre la n\u00e9cessaire d\u00e9termination et num\u00e9risation des revenus des&nbsp;Alg\u00e9riens \u00bb. Des pr\u00e9alables, estime-t-il, qui conf\u00e9reront \u00e0 la d\u00e9marche de la transparence.<\/p>\n\n\n\n<p>Par ailleurs, le pr\u00e9sident de&nbsp;l\u2019APN&nbsp;n\u2019a pas manqu\u00e9 de rappeler que \u00ab le pr\u00e9sident de la&nbsp;R\u00e9publique,&nbsp;M. Abdelmadjid Tebboune,&nbsp;accorde&nbsp;au&nbsp;dossier des subventions des produits de premi\u00e8re n\u00e9cessit\u00e9, une importance capitale \u00bb. D\u2019ailleurs, pr\u00e9cise-t-il, cet objectif&nbsp;a \u00e9t\u00e9&nbsp;dans les textes de la Loi de&nbsp;finances&nbsp;&nbsp;2022 outre les nombreuses discussions qui l\u2019ont abord\u00e9 au niveau des deux chambres du&nbsp;Parlement. Ces discussions au niveau des deux chambres ont, ajoute-t-il, abord\u00e9 des propositions et des m\u00e9canismes \u00e0 m\u00eame d\u2019am\u00e9liorer l\u2019effet de&nbsp;la politique&nbsp;sociale de l\u2019Etat alg\u00e9rien. \u00ab Une&nbsp;politique&nbsp;qui ne correspond plus aux \u00e9volutions de la situation g\u00e9n\u00e9rale du pays appelant un soutien plus cibl\u00e9 via des m\u00e9canismes clairs reposant sur des donn\u00e9es fiables \u00bb. M. Boughali estimera enfin que \u00ab&nbsp;la&nbsp;fiabilit\u00e9 des donn\u00e9es ne peut \u00eatre atteinte sans des statistiques pr\u00e9cises et compl\u00e8tes \u00bb.<\/p>\n\n\n\n<p>Le pr\u00e9sident de la R\u00e9publique, M. Abdelmadjid Tebboune a insist\u00e9 sur cette question pr\u00e9vue dans la loi de Finances, rappelant les lectures et approches faites de ces m\u00e9canismes garantissant la transition de l&rsquo;aide g\u00e9n\u00e9ralis\u00e9e \u00ab\u00a0d\u00e9sormais inad\u00e9quate au d\u00e9veloppement enregistr\u00e9 dans les contextes g\u00e9n\u00e9raux, vers l&rsquo;aide orient\u00e9e et adapt\u00e9e au titre de m\u00e9canismes clairs fix\u00e9s \u00e0 la faveur d&rsquo;un recensement pr\u00e9cis, tel que stipul\u00e9 dans l&rsquo;article 188 de la loi de finances\u00a0\u00bb. Soulignant qu&rsquo;une \u00ab\u00a0soci\u00e9t\u00e9 forte est une soci\u00e9t\u00e9 unie\u00a0\u00bb, M. Boughali a indiqu\u00e9 que la \u00ab\u00a0justice sociale constitue le socle de cette soci\u00e9t\u00e9\u00a0\u00bb et que l&rsquo;initiative de rassemblement initi\u00e9e par le Pr\u00e9sident de la R\u00e9publique vient en renfort \u00e0 ce principe authentique de notre peuple vaillant.&nbsp;&nbsp;&nbsp;&nbsp;<\/p>\n\n\n\n<p><strong>Kamel Nait Ameur<\/strong><\/p>\n","protected":false},"excerpt":{"rendered":"<p>La question de la r\u00e9vision du syst\u00e8me des subventions revient aux devants de la sc\u00e8ne, \u00e0 la faveur d\u2019une journ\u00e9e<\/p>\n","protected":false},"author":3,"featured_media":14280,"comment_status":"open","ping_status":"closed","sticky":false,"template":"","format":"standard","meta":{"colormag_page_container_layout":"default_layout","colormag_page_sidebar_layout":"default_layout","om_disable_all_campaigns":false,"_monsterinsights_skip_tracking":false,"_monsterinsights_sitenote_active":false,"_monsterinsights_sitenote_note":"","_monsterinsights_sitenote_category":0,"footnotes":"","_wpscppro_dont_share_socialmedia":false,"_wpscppro_custom_social_share_image":0,"_facebook_share_type":"","_twitter_share_type":"","_linkedin_share_type":"","_pinterest_share_type":"","_linkedin_share_type_page":"","_instagram_share_type":"","_medium_share_type":"","_threads_share_type":"","_google_business_share_type":"","_selected_social_profile":[],"_wpsp_enable_custom_social_template":false,"_wpsp_social_scheduling":{"enabled":false,"datetime":null,"platforms":[],"status":"template_only","dateOption":"today","timeOption":"now","customDays":"","customHours":"","customDate":"","customTime":"","schedulingType":"absolute"},"_wpsp_active_default_template":true},"categories":[52,27],"tags":[],"class_list":["post-22707","post","type-post","status-publish","format-standard","has-post-thumbnail","hentry","category-a-la-une","category-actualite"],"aioseo_notices":[],"yoast_head":"<!-- This site is optimized with the Yoast SEO plugin v27.5 - https:\/\/yoast.com\/product\/yoast-seo-wordpress\/ -->\n<title>Journ\u00e9e parlementaire sur l\u2019aide sociale\u00a0: La r\u00e9vision des subventions, de nouveau, au c\u0153ur du d\u00e9bat - La Sentinelle<\/title>\n<meta name=\"robots\" content=\"index, follow, max-snippet:-1, max-image-preview:large, max-video-preview:-1\" \/>\n<link rel=\"canonical\" href=\"https:\/\/lasentinelle.dz\/index.php\/2022\/06\/19\/journee-parlementaire-sur-laide-sociale-la-revision-des-subventions-de-nouveau-au-coeur-du-debat\/\" \/>\n<meta property=\"og:locale\" content=\"fr_FR\" \/>\n<meta property=\"og:type\" content=\"article\" \/>\n<meta property=\"og:title\" content=\"Journ\u00e9e parlementaire sur l\u2019aide sociale\u00a0: La r\u00e9vision des subventions, de nouveau, au c\u0153ur du d\u00e9bat - La Sentinelle\" \/>\n<meta property=\"og:description\" content=\"La question de la r\u00e9vision du syst\u00e8me des subventions revient aux devants de la sc\u00e8ne, \u00e0 la faveur d\u2019une journ\u00e9e\" \/>\n<meta property=\"og:url\" content=\"https:\/\/lasentinelle.dz\/index.php\/2022\/06\/19\/journee-parlementaire-sur-laide-sociale-la-revision-des-subventions-de-nouveau-au-coeur-du-debat\/\" \/>\n<meta property=\"og:site_name\" content=\"La Sentinelle\" \/>\n<meta property=\"article:publisher\" content=\"https:\/\/www.facebook.com\/La-Sentinelle-104059864394773\" \/>\n<meta property=\"article:published_time\" content=\"2022-06-18T23:05:00+00:00\" \/>\n<meta property=\"og:image\" content=\"https:\/\/lasentinelle.dz\/wp-content\/uploads\/2021\/11\/subv.png\" \/>\n\t<meta property=\"og:image:width\" content=\"1491\" \/>\n\t<meta property=\"og:image:height\" content=\"900\" \/>\n\t<meta property=\"og:image:type\" content=\"image\/png\" \/>\n<meta name=\"author\" content=\"La Sentinelle\" \/>\n<meta name=\"twitter:card\" content=\"summary_large_image\" \/>\n<meta name=\"twitter:label1\" content=\"\u00c9crit par\" \/>\n\t<meta name=\"twitter:data1\" content=\"La Sentinelle\" \/>\n\t<meta name=\"twitter:label2\" content=\"Dur\u00e9e de lecture estim\u00e9e\" \/>\n\t<meta name=\"twitter:data2\" content=\"3 minutes\" \/>\n<script type=\"application\/ld+json\" class=\"yoast-schema-graph\">{\"@context\":\"https:\\\/\\\/schema.org\",\"@graph\":[{\"@type\":\"Article\",\"@id\":\"https:\\\/\\\/lasentinelle.dz\\\/index.php\\\/2022\\\/06\\\/19\\\/journee-parlementaire-sur-laide-sociale-la-revision-des-subventions-de-nouveau-au-coeur-du-debat\\\/#article\",\"isPartOf\":{\"@id\":\"https:\\\/\\\/lasentinelle.dz\\\/index.php\\\/2022\\\/06\\\/19\\\/journee-parlementaire-sur-laide-sociale-la-revision-des-subventions-de-nouveau-au-coeur-du-debat\\\/\"},\"author\":{\"name\":\"La Sentinelle\",\"@id\":\"https:\\\/\\\/lasentinelle.dz\\\/#\\\/schema\\\/person\\\/d865044e22e70a75174ce8bcad3acfb3\"},\"headline\":\"Journ\u00e9e parlementaire sur l\u2019aide sociale\u00a0: La r\u00e9vision des subventions, de nouveau, au c\u0153ur du d\u00e9bat\",\"datePublished\":\"2022-06-18T23:05:00+00:00\",\"mainEntityOfPage\":{\"@id\":\"https:\\\/\\\/lasentinelle.dz\\\/index.php\\\/2022\\\/06\\\/19\\\/journee-parlementaire-sur-laide-sociale-la-revision-des-subventions-de-nouveau-au-coeur-du-debat\\\/\"},\"wordCount\":705,\"commentCount\":0,\"publisher\":{\"@id\":\"https:\\\/\\\/lasentinelle.dz\\\/#organization\"},\"image\":{\"@id\":\"https:\\\/\\\/lasentinelle.dz\\\/index.php\\\/2022\\\/06\\\/19\\\/journee-parlementaire-sur-laide-sociale-la-revision-des-subventions-de-nouveau-au-coeur-du-debat\\\/#primaryimage\"},\"thumbnailUrl\":\"https:\\\/\\\/lasentinelle.dz\\\/wp-content\\\/uploads\\\/2021\\\/11\\\/subv.png\",\"articleSection\":[\"\u00c0 la Une\",\"Actualit\u00e9\"],\"inLanguage\":\"fr-FR\",\"potentialAction\":[{\"@type\":\"CommentAction\",\"name\":\"Comment\",\"target\":[\"https:\\\/\\\/lasentinelle.dz\\\/index.php\\\/2022\\\/06\\\/19\\\/journee-parlementaire-sur-laide-sociale-la-revision-des-subventions-de-nouveau-au-coeur-du-debat\\\/#respond\"]}]},{\"@type\":\"WebPage\",\"@id\":\"https:\\\/\\\/lasentinelle.dz\\\/index.php\\\/2022\\\/06\\\/19\\\/journee-parlementaire-sur-laide-sociale-la-revision-des-subventions-de-nouveau-au-coeur-du-debat\\\/\",\"url\":\"https:\\\/\\\/lasentinelle.dz\\\/index.php\\\/2022\\\/06\\\/19\\\/journee-parlementaire-sur-laide-sociale-la-revision-des-subventions-de-nouveau-au-coeur-du-debat\\\/\",\"name\":\"Journ\u00e9e parlementaire sur l\u2019aide sociale\u00a0: La r\u00e9vision des subventions, de nouveau, au c\u0153ur du d\u00e9bat - La Sentinelle\",\"isPartOf\":{\"@id\":\"https:\\\/\\\/lasentinelle.dz\\\/#website\"},\"primaryImageOfPage\":{\"@id\":\"https:\\\/\\\/lasentinelle.dz\\\/index.php\\\/2022\\\/06\\\/19\\\/journee-parlementaire-sur-laide-sociale-la-revision-des-subventions-de-nouveau-au-coeur-du-debat\\\/#primaryimage\"},\"image\":{\"@id\":\"https:\\\/\\\/lasentinelle.dz\\\/index.php\\\/2022\\\/06\\\/19\\\/journee-parlementaire-sur-laide-sociale-la-revision-des-subventions-de-nouveau-au-coeur-du-debat\\\/#primaryimage\"},\"thumbnailUrl\":\"https:\\\/\\\/lasentinelle.dz\\\/wp-content\\\/uploads\\\/2021\\\/11\\\/subv.png\",\"datePublished\":\"2022-06-18T23:05:00+00:00\",\"breadcrumb\":{\"@id\":\"https:\\\/\\\/lasentinelle.dz\\\/index.php\\\/2022\\\/06\\\/19\\\/journee-parlementaire-sur-laide-sociale-la-revision-des-subventions-de-nouveau-au-coeur-du-debat\\\/#breadcrumb\"},\"inLanguage\":\"fr-FR\",\"potentialAction\":[{\"@type\":\"ReadAction\",\"target\":[\"https:\\\/\\\/lasentinelle.dz\\\/index.php\\\/2022\\\/06\\\/19\\\/journee-parlementaire-sur-laide-sociale-la-revision-des-subventions-de-nouveau-au-coeur-du-debat\\\/\"]}]},{\"@type\":\"ImageObject\",\"inLanguage\":\"fr-FR\",\"@id\":\"https:\\\/\\\/lasentinelle.dz\\\/index.php\\\/2022\\\/06\\\/19\\\/journee-parlementaire-sur-laide-sociale-la-revision-des-subventions-de-nouveau-au-coeur-du-debat\\\/#primaryimage\",\"url\":\"https:\\\/\\\/lasentinelle.dz\\\/wp-content\\\/uploads\\\/2021\\\/11\\\/subv.png\",\"contentUrl\":\"https:\\\/\\\/lasentinelle.dz\\\/wp-content\\\/uploads\\\/2021\\\/11\\\/subv.png\",\"width\":1491,\"height\":900},{\"@type\":\"BreadcrumbList\",\"@id\":\"https:\\\/\\\/lasentinelle.dz\\\/index.php\\\/2022\\\/06\\\/19\\\/journee-parlementaire-sur-laide-sociale-la-revision-des-subventions-de-nouveau-au-coeur-du-debat\\\/#breadcrumb\",\"itemListElement\":[{\"@type\":\"ListItem\",\"position\":1,\"name\":\"Accueil\",\"item\":\"https:\\\/\\\/lasentinelle.dz\\\/\"},{\"@type\":\"ListItem\",\"position\":2,\"name\":\"Journ\u00e9e parlementaire sur l\u2019aide sociale\u00a0: La r\u00e9vision des subventions, de nouveau, au c\u0153ur du d\u00e9bat\"}]},{\"@type\":\"WebSite\",\"@id\":\"https:\\\/\\\/lasentinelle.dz\\\/#website\",\"url\":\"https:\\\/\\\/lasentinelle.dz\\\/\",\"name\":\"La Sentinelle\",\"description\":\"Quotidien national d&#039;information\",\"publisher\":{\"@id\":\"https:\\\/\\\/lasentinelle.dz\\\/#organization\"},\"potentialAction\":[{\"@type\":\"SearchAction\",\"target\":{\"@type\":\"EntryPoint\",\"urlTemplate\":\"https:\\\/\\\/lasentinelle.dz\\\/?s={search_term_string}\"},\"query-input\":{\"@type\":\"PropertyValueSpecification\",\"valueRequired\":true,\"valueName\":\"search_term_string\"}}],\"inLanguage\":\"fr-FR\"},{\"@type\":\"Organization\",\"@id\":\"https:\\\/\\\/lasentinelle.dz\\\/#organization\",\"name\":\"Quotidien La Sentinelle\",\"url\":\"https:\\\/\\\/lasentinelle.dz\\\/\",\"logo\":{\"@type\":\"ImageObject\",\"inLanguage\":\"fr-FR\",\"@id\":\"https:\\\/\\\/lasentinelle.dz\\\/#\\\/schema\\\/logo\\\/image\\\/\",\"url\":\"https:\\\/\\\/lasentinelle.dz\\\/wp-content\\\/uploads\\\/2021\\\/09\\\/logo-sentinelleSLOGAN-1.png\",\"contentUrl\":\"https:\\\/\\\/lasentinelle.dz\\\/wp-content\\\/uploads\\\/2021\\\/09\\\/logo-sentinelleSLOGAN-1.png\",\"width\":615,\"height\":142,\"caption\":\"Quotidien La Sentinelle\"},\"image\":{\"@id\":\"https:\\\/\\\/lasentinelle.dz\\\/#\\\/schema\\\/logo\\\/image\\\/\"},\"sameAs\":[\"https:\\\/\\\/www.facebook.com\\\/La-Sentinelle-104059864394773\"]},{\"@type\":\"Person\",\"@id\":\"https:\\\/\\\/lasentinelle.dz\\\/#\\\/schema\\\/person\\\/d865044e22e70a75174ce8bcad3acfb3\",\"name\":\"La Sentinelle\",\"image\":{\"@type\":\"ImageObject\",\"inLanguage\":\"fr-FR\",\"@id\":\"https:\\\/\\\/secure.gravatar.com\\\/avatar\\\/57de8e5d4b15d43fb361a71fbb36338450fe67865b528a43dd10ef7c51a20392?s=96&d=mm&r=g\",\"url\":\"https:\\\/\\\/secure.gravatar.com\\\/avatar\\\/57de8e5d4b15d43fb361a71fbb36338450fe67865b528a43dd10ef7c51a20392?s=96&d=mm&r=g\",\"contentUrl\":\"https:\\\/\\\/secure.gravatar.com\\\/avatar\\\/57de8e5d4b15d43fb361a71fbb36338450fe67865b528a43dd10ef7c51a20392?s=96&d=mm&r=g\",\"caption\":\"La Sentinelle\"},\"sameAs\":[\"http:\\\/\\\/www.lasentinelle.dz\"],\"url\":\"https:\\\/\\\/lasentinelle.dz\\\/author\\\/redaction\\\/\"}]}<\/script>\n<!-- \/ Yoast SEO plugin. -->","yoast_head_json":{"title":"Journ\u00e9e parlementaire sur l\u2019aide sociale\u00a0: La r\u00e9vision des subventions, de nouveau, au c\u0153ur du d\u00e9bat - La Sentinelle","robots":{"index":"index","follow":"follow","max-snippet":"max-snippet:-1","max-image-preview":"max-image-preview:large","max-video-preview":"max-video-preview:-1"},"canonical":"https:\/\/lasentinelle.dz\/index.php\/2022\/06\/19\/journee-parlementaire-sur-laide-sociale-la-revision-des-subventions-de-nouveau-au-coeur-du-debat\/","og_locale":"fr_FR","og_type":"article","og_title":"Journ\u00e9e parlementaire sur l\u2019aide sociale\u00a0: La r\u00e9vision des subventions, de nouveau, au c\u0153ur du d\u00e9bat - La Sentinelle","og_description":"La question de la r\u00e9vision du syst\u00e8me des subventions revient aux devants de la sc\u00e8ne, \u00e0 la faveur d\u2019une journ\u00e9e","og_url":"https:\/\/lasentinelle.dz\/index.php\/2022\/06\/19\/journee-parlementaire-sur-laide-sociale-la-revision-des-subventions-de-nouveau-au-coeur-du-debat\/","og_site_name":"La Sentinelle","article_publisher":"https:\/\/www.facebook.com\/La-Sentinelle-104059864394773","article_published_time":"2022-06-18T23:05:00+00:00","og_image":[{"width":1491,"height":900,"url":"https:\/\/lasentinelle.dz\/wp-content\/uploads\/2021\/11\/subv.png","type":"image\/png"}],"author":"La Sentinelle","twitter_card":"summary_large_image","twitter_misc":{"\u00c9crit par":"La Sentinelle","Dur\u00e9e de lecture estim\u00e9e":"3 minutes"},"schema":{"@context":"https:\/\/schema.org","@graph":[{"@type":"Article","@id":"https:\/\/lasentinelle.dz\/index.php\/2022\/06\/19\/journee-parlementaire-sur-laide-sociale-la-revision-des-subventions-de-nouveau-au-coeur-du-debat\/#article","isPartOf":{"@id":"https:\/\/lasentinelle.dz\/index.php\/2022\/06\/19\/journee-parlementaire-sur-laide-sociale-la-revision-des-subventions-de-nouveau-au-coeur-du-debat\/"},"author":{"name":"La Sentinelle","@id":"https:\/\/lasentinelle.dz\/#\/schema\/person\/d865044e22e70a75174ce8bcad3acfb3"},"headline":"Journ\u00e9e parlementaire sur l\u2019aide sociale\u00a0: La r\u00e9vision des subventions, de nouveau, au c\u0153ur du d\u00e9bat","datePublished":"2022-06-18T23:05:00+00:00","mainEntityOfPage":{"@id":"https:\/\/lasentinelle.dz\/index.php\/2022\/06\/19\/journee-parlementaire-sur-laide-sociale-la-revision-des-subventions-de-nouveau-au-coeur-du-debat\/"},"wordCount":705,"commentCount":0,"publisher":{"@id":"https:\/\/lasentinelle.dz\/#organization"},"image":{"@id":"https:\/\/lasentinelle.dz\/index.php\/2022\/06\/19\/journee-parlementaire-sur-laide-sociale-la-revision-des-subventions-de-nouveau-au-coeur-du-debat\/#primaryimage"},"thumbnailUrl":"https:\/\/lasentinelle.dz\/wp-content\/uploads\/2021\/11\/subv.png","articleSection":["\u00c0 la Une","Actualit\u00e9"],"inLanguage":"fr-FR","potentialAction":[{"@type":"CommentAction","name":"Comment","target":["https:\/\/lasentinelle.dz\/index.php\/2022\/06\/19\/journee-parlementaire-sur-laide-sociale-la-revision-des-subventions-de-nouveau-au-coeur-du-debat\/#respond"]}]},{"@type":"WebPage","@id":"https:\/\/lasentinelle.dz\/index.php\/2022\/06\/19\/journee-parlementaire-sur-laide-sociale-la-revision-des-subventions-de-nouveau-au-coeur-du-debat\/","url":"https:\/\/lasentinelle.dz\/index.php\/2022\/06\/19\/journee-parlementaire-sur-laide-sociale-la-revision-des-subventions-de-nouveau-au-coeur-du-debat\/","name":"Journ\u00e9e parlementaire sur l\u2019aide sociale\u00a0: La r\u00e9vision des subventions, de nouveau, au c\u0153ur du d\u00e9bat - La Sentinelle","isPartOf":{"@id":"https:\/\/lasentinelle.dz\/#website"},"primaryImageOfPage":{"@id":"https:\/\/lasentinelle.dz\/index.php\/2022\/06\/19\/journee-parlementaire-sur-laide-sociale-la-revision-des-subventions-de-nouveau-au-coeur-du-debat\/#primaryimage"},"image":{"@id":"https:\/\/lasentinelle.dz\/index.php\/2022\/06\/19\/journee-parlementaire-sur-laide-sociale-la-revision-des-subventions-de-nouveau-au-coeur-du-debat\/#primaryimage"},"thumbnailUrl":"https:\/\/lasentinelle.dz\/wp-content\/uploads\/2021\/11\/subv.png","datePublished":"2022-06-18T23:05:00+00:00","breadcrumb":{"@id":"https:\/\/lasentinelle.dz\/index.php\/2022\/06\/19\/journee-parlementaire-sur-laide-sociale-la-revision-des-subventions-de-nouveau-au-coeur-du-debat\/#breadcrumb"},"inLanguage":"fr-FR","potentialAction":[{"@type":"ReadAction","target":["https:\/\/lasentinelle.dz\/index.php\/2022\/06\/19\/journee-parlementaire-sur-laide-sociale-la-revision-des-subventions-de-nouveau-au-coeur-du-debat\/"]}]},{"@type":"ImageObject","inLanguage":"fr-FR","@id":"https:\/\/lasentinelle.dz\/index.php\/2022\/06\/19\/journee-parlementaire-sur-laide-sociale-la-revision-des-subventions-de-nouveau-au-coeur-du-debat\/#primaryimage","url":"https:\/\/lasentinelle.dz\/wp-content\/uploads\/2021\/11\/subv.png","contentUrl":"https:\/\/lasentinelle.dz\/wp-content\/uploads\/2021\/11\/subv.png","width":1491,"height":900},{"@type":"BreadcrumbList","@id":"https:\/\/lasentinelle.dz\/index.php\/2022\/06\/19\/journee-parlementaire-sur-laide-sociale-la-revision-des-subventions-de-nouveau-au-coeur-du-debat\/#breadcrumb","itemListElement":[{"@type":"ListItem","position":1,"name":"Accueil","item":"https:\/\/lasentinelle.dz\/"},{"@type":"ListItem","position":2,"name":"Journ\u00e9e parlementaire sur l\u2019aide sociale\u00a0: La r\u00e9vision des subventions, de nouveau, au c\u0153ur du d\u00e9bat"}]},{"@type":"WebSite","@id":"https:\/\/lasentinelle.dz\/#website","url":"https:\/\/lasentinelle.dz\/","name":"La Sentinelle","description":"Quotidien national d&#039;information","publisher":{"@id":"https:\/\/lasentinelle.dz\/#organization"},"potentialAction":[{"@type":"SearchAction","target":{"@type":"EntryPoint","urlTemplate":"https:\/\/lasentinelle.dz\/?s={search_term_string}"},"query-input":{"@type":"PropertyValueSpecification","valueRequired":true,"valueName":"search_term_string"}}],"inLanguage":"fr-FR"},{"@type":"Organization","@id":"https:\/\/lasentinelle.dz\/#organization","name":"Quotidien La Sentinelle","url":"https:\/\/lasentinelle.dz\/","logo":{"@type":"ImageObject","inLanguage":"fr-FR","@id":"https:\/\/lasentinelle.dz\/#\/schema\/logo\/image\/","url":"https:\/\/lasentinelle.dz\/wp-content\/uploads\/2021\/09\/logo-sentinelleSLOGAN-1.png","contentUrl":"https:\/\/lasentinelle.dz\/wp-content\/uploads\/2021\/09\/logo-sentinelleSLOGAN-1.png","width":615,"height":142,"caption":"Quotidien La Sentinelle"},"image":{"@id":"https:\/\/lasentinelle.dz\/#\/schema\/logo\/image\/"},"sameAs":["https:\/\/www.facebook.com\/La-Sentinelle-104059864394773"]},{"@type":"Person","@id":"https:\/\/lasentinelle.dz\/#\/schema\/person\/d865044e22e70a75174ce8bcad3acfb3","name":"La Sentinelle","image":{"@type":"ImageObject","inLanguage":"fr-FR","@id":"https:\/\/secure.gravatar.com\/avatar\/57de8e5d4b15d43fb361a71fbb36338450fe67865b528a43dd10ef7c51a20392?s=96&d=mm&r=g","url":"https:\/\/secure.gravatar.com\/avatar\/57de8e5d4b15d43fb361a71fbb36338450fe67865b528a43dd10ef7c51a20392?s=96&d=mm&r=g","contentUrl":"https:\/\/secure.gravatar.com\/avatar\/57de8e5d4b15d43fb361a71fbb36338450fe67865b528a43dd10ef7c51a20392?s=96&d=mm&r=g","caption":"La Sentinelle"},"sameAs":["http:\/\/www.lasentinelle.dz"],"url":"https:\/\/lasentinelle.dz\/author\/redaction\/"}]}},"_links":{"self":[{"href":"https:\/\/lasentinelle.dz\/index.php\/wp-json\/wp\/v2\/posts\/22707","targetHints":{"allow":["GET"]}}],"collection":[{"href":"https:\/\/lasentinelle.dz\/index.php\/wp-json\/wp\/v2\/posts"}],"about":[{"href":"https:\/\/lasentinelle.dz\/index.php\/wp-json\/wp\/v2\/types\/post"}],"author":[{"embeddable":true,"href":"https:\/\/lasentinelle.dz\/index.php\/wp-json\/wp\/v2\/users\/3"}],"replies":[{"embeddable":true,"href":"https:\/\/lasentinelle.dz\/index.php\/wp-json\/wp\/v2\/comments?post=22707"}],"version-history":[{"count":1,"href":"https:\/\/lasentinelle.dz\/index.php\/wp-json\/wp\/v2\/posts\/22707\/revisions"}],"predecessor-version":[{"id":22709,"href":"https:\/\/lasentinelle.dz\/index.php\/wp-json\/wp\/v2\/posts\/22707\/revisions\/22709"}],"wp:featuredmedia":[{"embeddable":true,"href":"https:\/\/lasentinelle.dz\/index.php\/wp-json\/wp\/v2\/media\/14280"}],"wp:attachment":[{"href":"https:\/\/lasentinelle.dz\/index.php\/wp-json\/wp\/v2\/media?parent=22707"}],"wp:term":[{"taxonomy":"category","embeddable":true,"href":"https:\/\/lasentinelle.dz\/index.php\/wp-json\/wp\/v2\/categories?post=22707"},{"taxonomy":"post_tag","embeddable":true,"href":"https:\/\/lasentinelle.dz\/index.php\/wp-json\/wp\/v2\/tags?post=22707"}],"curies":[{"name":"wp","href":"https:\/\/api.w.org\/{rel}","templated":true}]}}