{"id":22711,"date":"2022-06-19T00:05:00","date_gmt":"2022-06-18T23:05:00","guid":{"rendered":"https:\/\/lasentinelle.dz\/?p=22711"},"modified":"2022-06-18T21:10:44","modified_gmt":"2022-06-18T20:10:44","slug":"la-loi-de-finances-complementaire-2022-examinee-aujourdhui-a-quoi-doit-on-sattendre","status":"publish","type":"post","link":"https:\/\/lasentinelle.dz\/index.php\/2022\/06\/19\/la-loi-de-finances-complementaire-2022-examinee-aujourdhui-a-quoi-doit-on-sattendre\/","title":{"rendered":"La Loi de finances compl\u00e9mentaire 2022 examin\u00e9e aujourd\u2019hui\u00a0:\u00a0\u00c0 quoi doit-on s\u2019attendre ?"},"content":{"rendered":"\n<p>L\u2019avant-projet de Loi de finances compl\u00e9mentaire pour 2022 sera examin\u00e9, aujourd\u2019hui, au cours de la r\u00e9union p\u00e9riodique du Conseil des ministres. Bien que la question n\u2019ait pas \u00e9t\u00e9 \u00e9voqu\u00e9e par le Gouvernement, le recours \u00e0 une LFC \u00e9tait attendu au regard des diff\u00e9rentes d\u00e9cisions prises par le pr\u00e9sident de la R\u00e9publique pour am\u00e9liorer le pouvoir d\u2019achat des m\u00e9nages depuis le d\u00e9but de l\u2019ann\u00e9e, mais aussi au regard de l\u2019\u00e9volution du march\u00e9 p\u00e9trolier.&nbsp;<\/p>\n\n\n\n<p>\u00ab Le Pr\u00e9sident de la R\u00e9publique, M. Abdelmadjid Tebboune, chef supr\u00eame des Forces arm\u00e9es, ministre de la D\u00e9fense nationale, pr\u00e9side, demain (aujourd\u2019hui, NDLR), une r\u00e9union du Conseil des ministres consacr\u00e9e \u00e0 l&rsquo;examen et au d\u00e9bat du projet de loi organique relative aux associations et du projet de loi de Finances compl\u00e9mentaire 2022 (PLFC), ainsi qu&rsquo;\u00e0 d&rsquo;autres expos\u00e9s dont la r\u00e9vision des programmes \u00e9ducatifs et du manuel scolaire, et les pr\u00e9paratifs du 60e anniversaire de l&rsquo;ind\u00e9pendance \u00bb, a indiqu\u00e9 hier un communiqu\u00e9 des services de la pr\u00e9sidence de la R\u00e9publique. La r\u00e9union d\u2019aujourd\u2019hui doit ainsi permettre de se pencher sur l\u2019un des chantiers entrant dans le cadre des r\u00e9formes politiques promises par le pr\u00e9sident de la R\u00e9publique, soit la refonte de loi sur les associations afin de la mettre en phase avec la Constitution de Novembre 2020. Elle permettra aussi d\u2019examiner la situation \u00e9conomique et de rectifier la trajectoire. C\u2019est dans ce contexte que doit s\u2019inscrire l\u2019examen de l\u2019avant-projet de Loi de finances compl\u00e9mentaire pour 2022. Il est vrai que le Gouvernement n\u2019a pas \u00e9voqu\u00e9 la question mais il n\u2019en demeure pas moins que la promulgation d\u2019une LFC, encore une fois, cette ann\u00e9e \u00e9tait attendue. Les d\u00e9cisions prises par le pr\u00e9sident de la R\u00e9publique au mois de f\u00e9vrier dernier afin d\u2019am\u00e9liorer le pouvoir d\u2019achat devaient \u00eatre act\u00e9e dans une Loi de finances. Le gel d\u00e9cid\u00e9, alors par le pr\u00e9sident de la R\u00e9publique, de toutes les taxes sur les produits de base, et des nouveaux droits sur les produits num\u00e9riques import\u00e9s via les colis postaux et lesquels avaient \u00e9t\u00e9 introduits par la Loi de Finances 2022,&nbsp;&nbsp;a une incidence financi\u00e8re certaine et fausse les projections budg\u00e9taires initialement formul\u00e9es. Les changements ainsi d\u00e9cid\u00e9s n\u00e9cessitent d\u2019\u00eatre formalis\u00e9s dans un nouveau texte et une nouvelle projection budg\u00e9taire. Il en est de m\u00eame pour les mesures ayant un impact direct sur les revenus des m\u00e9nages. C\u2019est le cas de la r\u00e9vision \u00e0 la hausse de la grille indiciaire des salaires de la fonctions publique entr\u00e9e en vigueur au mois de mars dernier et laquelle n\u2019a pas \u00e9t\u00e9 prise en compte par la Loi de finances initiale. Une hausse des salaires qui aura une incidence financi\u00e8re de 220 milliards de dinars, selon les chiffres du minist\u00e8re des Finances. Des fonds qu\u2019il va falloir d\u00e9bloquer. Il en est de m\u00eame pour l\u2019allocation ch\u00f4mage, dont la mise en place a \u00e9t\u00e9 certes pr\u00e9vue par la LF 2022, et qui a d\u00e9j\u00e0 n\u00e9cessit\u00e9 la mobilisation de 80 milliards de dinars inject\u00e9s dans le budget du minist\u00e8re du Travail. Il faut cependant rappeler que le minist\u00e8re des Finances table sur une incidence financi\u00e8re de plus de 140 milliards de dinars. Un chiffre qui risque de gonfler si l\u2019on prend en consid\u00e9ration l\u2019\u00e9largissement de l\u2019assiette des b\u00e9n\u00e9ficiaires de l\u2019allocation qui touche de plus en plus de cat\u00e9gories. Au-del\u00e0 de ces d\u00e9cisions d\u00e9j\u00e0 annonc\u00e9es et entr\u00e9es en vigueur depuis quelques semaines d\u00e9j\u00e0, l\u2019on \u00e9voque aujourd\u2019hui d\u2019autre mesures pour am\u00e9liorer le pourvoir d\u2019achat des Alg\u00e9riens en droite ligne des engagements du pr\u00e9sident de la R\u00e9publique \u00e0 veiller \u00e0 hausser progressivement les revenus des m\u00e9nages. C\u2019est dans ce contexte que la possibilit\u00e9 d\u2019une r\u00e9duction suppl\u00e9mentaire de la pression fiscale sur les m\u00e9nages a \u00e9t\u00e9 \u00e9voqu\u00e9e par la Directrice g\u00e9n\u00e9rale des Imp\u00f4ts lors d\u2019une interview avec une cha\u00eene de t\u00e9l\u00e9vision priv\u00e9e.<\/p>\n\n\n\n<p>Des mesures qui n\u00e9cessitent imp\u00e9rativement de rectifier les projections budg\u00e9taires. Si cela est assur\u00e9 du c\u00f4t\u00e9 des d\u00e9penses, qu\u2019en est-il du c\u00f4t\u00e9 des recettes et donc du cadrage macro-\u00e9conomique de la Loi de finances. Il est utile de rappeler dans ce contexte que la LF 2022 a \u00e9t\u00e9 \u00e9tablie sur la base d\u2019un baril du p\u00e9trole de r\u00e9f\u00e9rence \u00e0 45 dollars, un prix du march\u00e9 \u00e0 50 dollars. Or, aujourd\u2019hui, le baril de p\u00e9trole alg\u00e9rien flirte avec les 120 dollars. Une question s\u2019impose alors : le nouveau texte portera-t-il le prix de r\u00e9f\u00e9rence du baril \u00e0 la hausse pour suivre l\u2019incidence des mesures sociales annonc\u00e9es ?&nbsp;<\/p>\n\n\n\n<p>Samira Ghrib<\/p>\n","protected":false},"excerpt":{"rendered":"<p>L\u2019avant-projet de Loi de finances compl\u00e9mentaire pour 2022 sera examin\u00e9, aujourd\u2019hui, au cours de la r\u00e9union p\u00e9riodique du Conseil des<\/p>\n","protected":false},"author":3,"featured_media":22712,"comment_status":"open","ping_status":"closed","sticky":false,"template":"","format":"standard","meta":{"colormag_page_container_layout":"default_layout","colormag_page_sidebar_layout":"default_layout","om_disable_all_campaigns":false,"_monsterinsights_skip_tracking":false,"_monsterinsights_sitenote_active":false,"_monsterinsights_sitenote_note":"","_monsterinsights_sitenote_category":0,"footnotes":"","_wpscppro_dont_share_socialmedia":false,"_wpscppro_custom_social_share_image":0,"_facebook_share_type":"","_twitter_share_type":"","_linkedin_share_type":"","_pinterest_share_type":"","_linkedin_share_type_page":"","_instagram_share_type":"","_medium_share_type":"","_threads_share_type":"","_google_business_share_type":"","_selected_social_profile":[],"_wpsp_enable_custom_social_template":false,"_wpsp_social_scheduling":{"enabled":false,"datetime":null,"platforms":[],"status":"template_only","dateOption":"today","timeOption":"now","customDays":"","customHours":"","customDate":"","customTime":"","schedulingType":"absolute"},"_wpsp_active_default_template":true},"categories":[52,27],"tags":[],"class_list":["post-22711","post","type-post","status-publish","format-standard","has-post-thumbnail","hentry","category-a-la-une","category-actualite"],"aioseo_notices":[],"yoast_head":"<!-- This site is optimized with the Yoast SEO plugin v27.5 - https:\/\/yoast.com\/product\/yoast-seo-wordpress\/ -->\n<title>La Loi de finances compl\u00e9mentaire 2022 examin\u00e9e aujourd\u2019hui\u00a0:\u00a0\u00c0 quoi doit-on s\u2019attendre ? - La Sentinelle<\/title>\n<meta name=\"robots\" content=\"index, follow, max-snippet:-1, max-image-preview:large, max-video-preview:-1\" \/>\n<link rel=\"canonical\" href=\"https:\/\/lasentinelle.dz\/index.php\/2022\/06\/19\/la-loi-de-finances-complementaire-2022-examinee-aujourdhui-a-quoi-doit-on-sattendre\/\" \/>\n<meta property=\"og:locale\" content=\"fr_FR\" \/>\n<meta property=\"og:type\" content=\"article\" \/>\n<meta property=\"og:title\" content=\"La Loi de finances compl\u00e9mentaire 2022 examin\u00e9e aujourd\u2019hui\u00a0:\u00a0\u00c0 quoi doit-on s\u2019attendre ? - La Sentinelle\" \/>\n<meta property=\"og:description\" content=\"L\u2019avant-projet de Loi de finances compl\u00e9mentaire pour 2022 sera examin\u00e9, aujourd\u2019hui, au cours de la r\u00e9union p\u00e9riodique du Conseil des\" \/>\n<meta property=\"og:url\" content=\"https:\/\/lasentinelle.dz\/index.php\/2022\/06\/19\/la-loi-de-finances-complementaire-2022-examinee-aujourdhui-a-quoi-doit-on-sattendre\/\" \/>\n<meta property=\"og:site_name\" content=\"La Sentinelle\" \/>\n<meta property=\"article:publisher\" content=\"https:\/\/www.facebook.com\/La-Sentinelle-104059864394773\" \/>\n<meta property=\"article:published_time\" content=\"2022-06-18T23:05:00+00:00\" \/>\n<meta property=\"og:image\" content=\"https:\/\/lasentinelle.dz\/wp-content\/uploads\/2022\/06\/argent.png\" \/>\n\t<meta property=\"og:image:width\" content=\"1600\" \/>\n\t<meta property=\"og:image:height\" content=\"900\" \/>\n\t<meta property=\"og:image:type\" content=\"image\/png\" \/>\n<meta name=\"author\" content=\"La Sentinelle\" \/>\n<meta name=\"twitter:card\" content=\"summary_large_image\" \/>\n<meta name=\"twitter:label1\" content=\"\u00c9crit par\" \/>\n\t<meta name=\"twitter:data1\" content=\"La Sentinelle\" \/>\n\t<meta name=\"twitter:label2\" content=\"Dur\u00e9e de lecture estim\u00e9e\" \/>\n\t<meta name=\"twitter:data2\" content=\"4 minutes\" \/>\n<script type=\"application\/ld+json\" class=\"yoast-schema-graph\">{\"@context\":\"https:\\\/\\\/schema.org\",\"@graph\":[{\"@type\":\"Article\",\"@id\":\"https:\\\/\\\/lasentinelle.dz\\\/index.php\\\/2022\\\/06\\\/19\\\/la-loi-de-finances-complementaire-2022-examinee-aujourdhui-a-quoi-doit-on-sattendre\\\/#article\",\"isPartOf\":{\"@id\":\"https:\\\/\\\/lasentinelle.dz\\\/index.php\\\/2022\\\/06\\\/19\\\/la-loi-de-finances-complementaire-2022-examinee-aujourdhui-a-quoi-doit-on-sattendre\\\/\"},\"author\":{\"name\":\"La Sentinelle\",\"@id\":\"https:\\\/\\\/lasentinelle.dz\\\/#\\\/schema\\\/person\\\/d865044e22e70a75174ce8bcad3acfb3\"},\"headline\":\"La Loi de finances compl\u00e9mentaire 2022 examin\u00e9e aujourd\u2019hui\u00a0:\u00a0\u00c0 quoi doit-on s\u2019attendre ?\",\"datePublished\":\"2022-06-18T23:05:00+00:00\",\"mainEntityOfPage\":{\"@id\":\"https:\\\/\\\/lasentinelle.dz\\\/index.php\\\/2022\\\/06\\\/19\\\/la-loi-de-finances-complementaire-2022-examinee-aujourdhui-a-quoi-doit-on-sattendre\\\/\"},\"wordCount\":872,\"commentCount\":0,\"publisher\":{\"@id\":\"https:\\\/\\\/lasentinelle.dz\\\/#organization\"},\"image\":{\"@id\":\"https:\\\/\\\/lasentinelle.dz\\\/index.php\\\/2022\\\/06\\\/19\\\/la-loi-de-finances-complementaire-2022-examinee-aujourdhui-a-quoi-doit-on-sattendre\\\/#primaryimage\"},\"thumbnailUrl\":\"https:\\\/\\\/lasentinelle.dz\\\/wp-content\\\/uploads\\\/2022\\\/06\\\/argent.png\",\"articleSection\":[\"\u00c0 la Une\",\"Actualit\u00e9\"],\"inLanguage\":\"fr-FR\",\"potentialAction\":[{\"@type\":\"CommentAction\",\"name\":\"Comment\",\"target\":[\"https:\\\/\\\/lasentinelle.dz\\\/index.php\\\/2022\\\/06\\\/19\\\/la-loi-de-finances-complementaire-2022-examinee-aujourdhui-a-quoi-doit-on-sattendre\\\/#respond\"]}]},{\"@type\":\"WebPage\",\"@id\":\"https:\\\/\\\/lasentinelle.dz\\\/index.php\\\/2022\\\/06\\\/19\\\/la-loi-de-finances-complementaire-2022-examinee-aujourdhui-a-quoi-doit-on-sattendre\\\/\",\"url\":\"https:\\\/\\\/lasentinelle.dz\\\/index.php\\\/2022\\\/06\\\/19\\\/la-loi-de-finances-complementaire-2022-examinee-aujourdhui-a-quoi-doit-on-sattendre\\\/\",\"name\":\"La Loi de finances compl\u00e9mentaire 2022 examin\u00e9e aujourd\u2019hui\u00a0:\u00a0\u00c0 quoi doit-on s\u2019attendre ? - La Sentinelle\",\"isPartOf\":{\"@id\":\"https:\\\/\\\/lasentinelle.dz\\\/#website\"},\"primaryImageOfPage\":{\"@id\":\"https:\\\/\\\/lasentinelle.dz\\\/index.php\\\/2022\\\/06\\\/19\\\/la-loi-de-finances-complementaire-2022-examinee-aujourdhui-a-quoi-doit-on-sattendre\\\/#primaryimage\"},\"image\":{\"@id\":\"https:\\\/\\\/lasentinelle.dz\\\/index.php\\\/2022\\\/06\\\/19\\\/la-loi-de-finances-complementaire-2022-examinee-aujourdhui-a-quoi-doit-on-sattendre\\\/#primaryimage\"},\"thumbnailUrl\":\"https:\\\/\\\/lasentinelle.dz\\\/wp-content\\\/uploads\\\/2022\\\/06\\\/argent.png\",\"datePublished\":\"2022-06-18T23:05:00+00:00\",\"breadcrumb\":{\"@id\":\"https:\\\/\\\/lasentinelle.dz\\\/index.php\\\/2022\\\/06\\\/19\\\/la-loi-de-finances-complementaire-2022-examinee-aujourdhui-a-quoi-doit-on-sattendre\\\/#breadcrumb\"},\"inLanguage\":\"fr-FR\",\"potentialAction\":[{\"@type\":\"ReadAction\",\"target\":[\"https:\\\/\\\/lasentinelle.dz\\\/index.php\\\/2022\\\/06\\\/19\\\/la-loi-de-finances-complementaire-2022-examinee-aujourdhui-a-quoi-doit-on-sattendre\\\/\"]}]},{\"@type\":\"ImageObject\",\"inLanguage\":\"fr-FR\",\"@id\":\"https:\\\/\\\/lasentinelle.dz\\\/index.php\\\/2022\\\/06\\\/19\\\/la-loi-de-finances-complementaire-2022-examinee-aujourdhui-a-quoi-doit-on-sattendre\\\/#primaryimage\",\"url\":\"https:\\\/\\\/lasentinelle.dz\\\/wp-content\\\/uploads\\\/2022\\\/06\\\/argent.png\",\"contentUrl\":\"https:\\\/\\\/lasentinelle.dz\\\/wp-content\\\/uploads\\\/2022\\\/06\\\/argent.png\",\"width\":1600,\"height\":900},{\"@type\":\"BreadcrumbList\",\"@id\":\"https:\\\/\\\/lasentinelle.dz\\\/index.php\\\/2022\\\/06\\\/19\\\/la-loi-de-finances-complementaire-2022-examinee-aujourdhui-a-quoi-doit-on-sattendre\\\/#breadcrumb\",\"itemListElement\":[{\"@type\":\"ListItem\",\"position\":1,\"name\":\"Accueil\",\"item\":\"https:\\\/\\\/lasentinelle.dz\\\/\"},{\"@type\":\"ListItem\",\"position\":2,\"name\":\"La Loi de finances compl\u00e9mentaire 2022 examin\u00e9e aujourd\u2019hui\u00a0:\u00a0\u00c0 quoi doit-on s\u2019attendre ?\"}]},{\"@type\":\"WebSite\",\"@id\":\"https:\\\/\\\/lasentinelle.dz\\\/#website\",\"url\":\"https:\\\/\\\/lasentinelle.dz\\\/\",\"name\":\"La Sentinelle\",\"description\":\"Quotidien national d&#039;information\",\"publisher\":{\"@id\":\"https:\\\/\\\/lasentinelle.dz\\\/#organization\"},\"potentialAction\":[{\"@type\":\"SearchAction\",\"target\":{\"@type\":\"EntryPoint\",\"urlTemplate\":\"https:\\\/\\\/lasentinelle.dz\\\/?s={search_term_string}\"},\"query-input\":{\"@type\":\"PropertyValueSpecification\",\"valueRequired\":true,\"valueName\":\"search_term_string\"}}],\"inLanguage\":\"fr-FR\"},{\"@type\":\"Organization\",\"@id\":\"https:\\\/\\\/lasentinelle.dz\\\/#organization\",\"name\":\"Quotidien La Sentinelle\",\"url\":\"https:\\\/\\\/lasentinelle.dz\\\/\",\"logo\":{\"@type\":\"ImageObject\",\"inLanguage\":\"fr-FR\",\"@id\":\"https:\\\/\\\/lasentinelle.dz\\\/#\\\/schema\\\/logo\\\/image\\\/\",\"url\":\"https:\\\/\\\/lasentinelle.dz\\\/wp-content\\\/uploads\\\/2021\\\/09\\\/logo-sentinelleSLOGAN-1.png\",\"contentUrl\":\"https:\\\/\\\/lasentinelle.dz\\\/wp-content\\\/uploads\\\/2021\\\/09\\\/logo-sentinelleSLOGAN-1.png\",\"width\":615,\"height\":142,\"caption\":\"Quotidien La Sentinelle\"},\"image\":{\"@id\":\"https:\\\/\\\/lasentinelle.dz\\\/#\\\/schema\\\/logo\\\/image\\\/\"},\"sameAs\":[\"https:\\\/\\\/www.facebook.com\\\/La-Sentinelle-104059864394773\"]},{\"@type\":\"Person\",\"@id\":\"https:\\\/\\\/lasentinelle.dz\\\/#\\\/schema\\\/person\\\/d865044e22e70a75174ce8bcad3acfb3\",\"name\":\"La Sentinelle\",\"image\":{\"@type\":\"ImageObject\",\"inLanguage\":\"fr-FR\",\"@id\":\"https:\\\/\\\/secure.gravatar.com\\\/avatar\\\/57de8e5d4b15d43fb361a71fbb36338450fe67865b528a43dd10ef7c51a20392?s=96&d=mm&r=g\",\"url\":\"https:\\\/\\\/secure.gravatar.com\\\/avatar\\\/57de8e5d4b15d43fb361a71fbb36338450fe67865b528a43dd10ef7c51a20392?s=96&d=mm&r=g\",\"contentUrl\":\"https:\\\/\\\/secure.gravatar.com\\\/avatar\\\/57de8e5d4b15d43fb361a71fbb36338450fe67865b528a43dd10ef7c51a20392?s=96&d=mm&r=g\",\"caption\":\"La Sentinelle\"},\"sameAs\":[\"http:\\\/\\\/www.lasentinelle.dz\"],\"url\":\"https:\\\/\\\/lasentinelle.dz\\\/author\\\/redaction\\\/\"}]}<\/script>\n<!-- \/ Yoast SEO plugin. -->","yoast_head_json":{"title":"La Loi de finances compl\u00e9mentaire 2022 examin\u00e9e aujourd\u2019hui\u00a0:\u00a0\u00c0 quoi doit-on s\u2019attendre ? - La Sentinelle","robots":{"index":"index","follow":"follow","max-snippet":"max-snippet:-1","max-image-preview":"max-image-preview:large","max-video-preview":"max-video-preview:-1"},"canonical":"https:\/\/lasentinelle.dz\/index.php\/2022\/06\/19\/la-loi-de-finances-complementaire-2022-examinee-aujourdhui-a-quoi-doit-on-sattendre\/","og_locale":"fr_FR","og_type":"article","og_title":"La Loi de finances compl\u00e9mentaire 2022 examin\u00e9e aujourd\u2019hui\u00a0:\u00a0\u00c0 quoi doit-on s\u2019attendre ? - La Sentinelle","og_description":"L\u2019avant-projet de Loi de finances compl\u00e9mentaire pour 2022 sera examin\u00e9, aujourd\u2019hui, au cours de la r\u00e9union p\u00e9riodique du Conseil des","og_url":"https:\/\/lasentinelle.dz\/index.php\/2022\/06\/19\/la-loi-de-finances-complementaire-2022-examinee-aujourdhui-a-quoi-doit-on-sattendre\/","og_site_name":"La Sentinelle","article_publisher":"https:\/\/www.facebook.com\/La-Sentinelle-104059864394773","article_published_time":"2022-06-18T23:05:00+00:00","og_image":[{"width":1600,"height":900,"url":"https:\/\/lasentinelle.dz\/wp-content\/uploads\/2022\/06\/argent.png","type":"image\/png"}],"author":"La Sentinelle","twitter_card":"summary_large_image","twitter_misc":{"\u00c9crit par":"La Sentinelle","Dur\u00e9e de lecture estim\u00e9e":"4 minutes"},"schema":{"@context":"https:\/\/schema.org","@graph":[{"@type":"Article","@id":"https:\/\/lasentinelle.dz\/index.php\/2022\/06\/19\/la-loi-de-finances-complementaire-2022-examinee-aujourdhui-a-quoi-doit-on-sattendre\/#article","isPartOf":{"@id":"https:\/\/lasentinelle.dz\/index.php\/2022\/06\/19\/la-loi-de-finances-complementaire-2022-examinee-aujourdhui-a-quoi-doit-on-sattendre\/"},"author":{"name":"La Sentinelle","@id":"https:\/\/lasentinelle.dz\/#\/schema\/person\/d865044e22e70a75174ce8bcad3acfb3"},"headline":"La Loi de finances compl\u00e9mentaire 2022 examin\u00e9e aujourd\u2019hui\u00a0:\u00a0\u00c0 quoi doit-on s\u2019attendre ?","datePublished":"2022-06-18T23:05:00+00:00","mainEntityOfPage":{"@id":"https:\/\/lasentinelle.dz\/index.php\/2022\/06\/19\/la-loi-de-finances-complementaire-2022-examinee-aujourdhui-a-quoi-doit-on-sattendre\/"},"wordCount":872,"commentCount":0,"publisher":{"@id":"https:\/\/lasentinelle.dz\/#organization"},"image":{"@id":"https:\/\/lasentinelle.dz\/index.php\/2022\/06\/19\/la-loi-de-finances-complementaire-2022-examinee-aujourdhui-a-quoi-doit-on-sattendre\/#primaryimage"},"thumbnailUrl":"https:\/\/lasentinelle.dz\/wp-content\/uploads\/2022\/06\/argent.png","articleSection":["\u00c0 la Une","Actualit\u00e9"],"inLanguage":"fr-FR","potentialAction":[{"@type":"CommentAction","name":"Comment","target":["https:\/\/lasentinelle.dz\/index.php\/2022\/06\/19\/la-loi-de-finances-complementaire-2022-examinee-aujourdhui-a-quoi-doit-on-sattendre\/#respond"]}]},{"@type":"WebPage","@id":"https:\/\/lasentinelle.dz\/index.php\/2022\/06\/19\/la-loi-de-finances-complementaire-2022-examinee-aujourdhui-a-quoi-doit-on-sattendre\/","url":"https:\/\/lasentinelle.dz\/index.php\/2022\/06\/19\/la-loi-de-finances-complementaire-2022-examinee-aujourdhui-a-quoi-doit-on-sattendre\/","name":"La Loi de finances compl\u00e9mentaire 2022 examin\u00e9e aujourd\u2019hui\u00a0:\u00a0\u00c0 quoi doit-on s\u2019attendre ? - La Sentinelle","isPartOf":{"@id":"https:\/\/lasentinelle.dz\/#website"},"primaryImageOfPage":{"@id":"https:\/\/lasentinelle.dz\/index.php\/2022\/06\/19\/la-loi-de-finances-complementaire-2022-examinee-aujourdhui-a-quoi-doit-on-sattendre\/#primaryimage"},"image":{"@id":"https:\/\/lasentinelle.dz\/index.php\/2022\/06\/19\/la-loi-de-finances-complementaire-2022-examinee-aujourdhui-a-quoi-doit-on-sattendre\/#primaryimage"},"thumbnailUrl":"https:\/\/lasentinelle.dz\/wp-content\/uploads\/2022\/06\/argent.png","datePublished":"2022-06-18T23:05:00+00:00","breadcrumb":{"@id":"https:\/\/lasentinelle.dz\/index.php\/2022\/06\/19\/la-loi-de-finances-complementaire-2022-examinee-aujourdhui-a-quoi-doit-on-sattendre\/#breadcrumb"},"inLanguage":"fr-FR","potentialAction":[{"@type":"ReadAction","target":["https:\/\/lasentinelle.dz\/index.php\/2022\/06\/19\/la-loi-de-finances-complementaire-2022-examinee-aujourdhui-a-quoi-doit-on-sattendre\/"]}]},{"@type":"ImageObject","inLanguage":"fr-FR","@id":"https:\/\/lasentinelle.dz\/index.php\/2022\/06\/19\/la-loi-de-finances-complementaire-2022-examinee-aujourdhui-a-quoi-doit-on-sattendre\/#primaryimage","url":"https:\/\/lasentinelle.dz\/wp-content\/uploads\/2022\/06\/argent.png","contentUrl":"https:\/\/lasentinelle.dz\/wp-content\/uploads\/2022\/06\/argent.png","width":1600,"height":900},{"@type":"BreadcrumbList","@id":"https:\/\/lasentinelle.dz\/index.php\/2022\/06\/19\/la-loi-de-finances-complementaire-2022-examinee-aujourdhui-a-quoi-doit-on-sattendre\/#breadcrumb","itemListElement":[{"@type":"ListItem","position":1,"name":"Accueil","item":"https:\/\/lasentinelle.dz\/"},{"@type":"ListItem","position":2,"name":"La Loi de finances compl\u00e9mentaire 2022 examin\u00e9e aujourd\u2019hui\u00a0:\u00a0\u00c0 quoi doit-on s\u2019attendre ?"}]},{"@type":"WebSite","@id":"https:\/\/lasentinelle.dz\/#website","url":"https:\/\/lasentinelle.dz\/","name":"La Sentinelle","description":"Quotidien national d&#039;information","publisher":{"@id":"https:\/\/lasentinelle.dz\/#organization"},"potentialAction":[{"@type":"SearchAction","target":{"@type":"EntryPoint","urlTemplate":"https:\/\/lasentinelle.dz\/?s={search_term_string}"},"query-input":{"@type":"PropertyValueSpecification","valueRequired":true,"valueName":"search_term_string"}}],"inLanguage":"fr-FR"},{"@type":"Organization","@id":"https:\/\/lasentinelle.dz\/#organization","name":"Quotidien La Sentinelle","url":"https:\/\/lasentinelle.dz\/","logo":{"@type":"ImageObject","inLanguage":"fr-FR","@id":"https:\/\/lasentinelle.dz\/#\/schema\/logo\/image\/","url":"https:\/\/lasentinelle.dz\/wp-content\/uploads\/2021\/09\/logo-sentinelleSLOGAN-1.png","contentUrl":"https:\/\/lasentinelle.dz\/wp-content\/uploads\/2021\/09\/logo-sentinelleSLOGAN-1.png","width":615,"height":142,"caption":"Quotidien La Sentinelle"},"image":{"@id":"https:\/\/lasentinelle.dz\/#\/schema\/logo\/image\/"},"sameAs":["https:\/\/www.facebook.com\/La-Sentinelle-104059864394773"]},{"@type":"Person","@id":"https:\/\/lasentinelle.dz\/#\/schema\/person\/d865044e22e70a75174ce8bcad3acfb3","name":"La Sentinelle","image":{"@type":"ImageObject","inLanguage":"fr-FR","@id":"https:\/\/secure.gravatar.com\/avatar\/57de8e5d4b15d43fb361a71fbb36338450fe67865b528a43dd10ef7c51a20392?s=96&d=mm&r=g","url":"https:\/\/secure.gravatar.com\/avatar\/57de8e5d4b15d43fb361a71fbb36338450fe67865b528a43dd10ef7c51a20392?s=96&d=mm&r=g","contentUrl":"https:\/\/secure.gravatar.com\/avatar\/57de8e5d4b15d43fb361a71fbb36338450fe67865b528a43dd10ef7c51a20392?s=96&d=mm&r=g","caption":"La Sentinelle"},"sameAs":["http:\/\/www.lasentinelle.dz"],"url":"https:\/\/lasentinelle.dz\/author\/redaction\/"}]}},"_links":{"self":[{"href":"https:\/\/lasentinelle.dz\/index.php\/wp-json\/wp\/v2\/posts\/22711","targetHints":{"allow":["GET"]}}],"collection":[{"href":"https:\/\/lasentinelle.dz\/index.php\/wp-json\/wp\/v2\/posts"}],"about":[{"href":"https:\/\/lasentinelle.dz\/index.php\/wp-json\/wp\/v2\/types\/post"}],"author":[{"embeddable":true,"href":"https:\/\/lasentinelle.dz\/index.php\/wp-json\/wp\/v2\/users\/3"}],"replies":[{"embeddable":true,"href":"https:\/\/lasentinelle.dz\/index.php\/wp-json\/wp\/v2\/comments?post=22711"}],"version-history":[{"count":1,"href":"https:\/\/lasentinelle.dz\/index.php\/wp-json\/wp\/v2\/posts\/22711\/revisions"}],"predecessor-version":[{"id":22713,"href":"https:\/\/lasentinelle.dz\/index.php\/wp-json\/wp\/v2\/posts\/22711\/revisions\/22713"}],"wp:featuredmedia":[{"embeddable":true,"href":"https:\/\/lasentinelle.dz\/index.php\/wp-json\/wp\/v2\/media\/22712"}],"wp:attachment":[{"href":"https:\/\/lasentinelle.dz\/index.php\/wp-json\/wp\/v2\/media?parent=22711"}],"wp:term":[{"taxonomy":"category","embeddable":true,"href":"https:\/\/lasentinelle.dz\/index.php\/wp-json\/wp\/v2\/categories?post=22711"},{"taxonomy":"post_tag","embeddable":true,"href":"https:\/\/lasentinelle.dz\/index.php\/wp-json\/wp\/v2\/tags?post=22711"}],"curies":[{"name":"wp","href":"https:\/\/api.w.org\/{rel}","templated":true}]}}