{"id":22716,"date":"2022-06-20T00:01:00","date_gmt":"2022-06-19T23:01:00","guid":{"rendered":"https:\/\/lasentinelle.dz\/?p=22716"},"modified":"2022-06-19T16:40:20","modified_gmt":"2022-06-19T15:40:20","slug":"nouveau-complexe-sportif-doran-un-mega-projet-pour-la-metropole-mediterraneenne","status":"publish","type":"post","link":"https:\/\/lasentinelle.dz\/index.php\/2022\/06\/20\/nouveau-complexe-sportif-doran-un-mega-projet-pour-la-metropole-mediterraneenne\/","title":{"rendered":"Nouveau complexe sportif d\u2019Oran\u00a0:\u00a0Un m\u00e9ga-projet pour la m\u00e9tropole m\u00e9diterran\u00e9enne\u00a0"},"content":{"rendered":"\n<p>R\u00e9pondant aux normes internationales, il sera en mesure d&rsquo;accueillir des comp\u00e9titions nationales et internationales de tr\u00e8s haut niveau.&nbsp;<\/p>\n\n\n\n<p>Situ\u00e9 dans la localit\u00e9 de Belga\u00efd, relevant de la commune de Bir El Djir (Est d\u2019Oran), le nouveau complexe olympique d&rsquo;Oran, d\u2019une superficie de 105 hectares, comporte plusieurs \u00e9quipements sportifs dont un stade de football qui constitue la structure principale du site. Le stade d\u2019une capacit\u00e9 de 40.143 places est rev\u00eatu en gazon hybride (pelouse naturelle renforc\u00e9e de fibres synth\u00e9tiques), une technologie Air-Fibre qui permet de renforcer la tenue et la r\u00e9sistance du gazon. R\u00e9pondant aux normes internationales, il sera en mesure d&rsquo;accueillir des comp\u00e9titions nationales et internationales de tr\u00e8s haut niveau. Il est \u00e9galement dot\u00e9 d\u2019une piste d\u2019athl\u00e9tisme moderne, fabriqu\u00e9e en Suisse et homologu\u00e9e par la F\u00e9d\u00e9ration internationale de la discipline. En plus du stade de football, nombre d\u2019installations sportives modernes sont r\u00e9alis\u00e9es: Un stade d\u2019athl\u00e9tisme de 4.200 places, une salle omnisports d\u2019une capacit\u00e9 de 6. 000 places extensibles \u00e0 7.000, trois bassins en inox (une premi\u00e8re en Afrique) dont deux olympiques et un troisi\u00e8me semi-olympique, ainsi qu&rsquo;un centre de format ion p\u00e9dagogique d\u2019une capacit\u00e9 de 150 places. Le complexe sera \u00e9galement dot\u00e9 de deux terrains de r\u00e9plique suppl\u00e9mentaires. Une p\u00e9pini\u00e8re pour gazon en rouleau, une premi\u00e8re dans le continent, est en cours de r\u00e9alisation. Elle permet de reprendre la pelouse en une semaine avec la technique de d\u00e9placage et replacage du gazon. Le complexe sportif en question est dot\u00e9 d&rsquo;un syst\u00e8me de surveillance par cam\u00e9ra et des portiques \u00e9lectroniques. Le d\u00e9lai d&rsquo;\u00e9vacuation du public est de sept minutes. Le stade d&rsquo;Oran est desservi par la RN 11, entre les localit\u00e9s de Sidi El-Bachir et de Belga\u00efd, dans la da\u00efra de Bir El Djir, par la gare d\u2019Oran et par l&rsquo;a\u00e9roport international d\u2019Oran Ahmed Benbella.&nbsp;<\/p>\n\n\n\n<p>R. S.<\/p>\n","protected":false},"excerpt":{"rendered":"<p>R\u00e9pondant aux normes internationales, il sera en mesure d&rsquo;accueillir des comp\u00e9titions nationales et internationales de tr\u00e8s haut niveau.&nbsp; Situ\u00e9 dans<\/p>\n","protected":false},"author":3,"featured_media":22731,"comment_status":"open","ping_status":"closed","sticky":false,"template":"","format":"standard","meta":{"colormag_page_container_layout":"default_layout","colormag_page_sidebar_layout":"default_layout","om_disable_all_campaigns":false,"_monsterinsights_skip_tracking":false,"_monsterinsights_sitenote_active":false,"_monsterinsights_sitenote_note":"","_monsterinsights_sitenote_category":0,"footnotes":"","_wpscppro_dont_share_socialmedia":false,"_wpscppro_custom_social_share_image":0,"_facebook_share_type":"","_twitter_share_type":"","_linkedin_share_type":"","_pinterest_share_type":"","_linkedin_share_type_page":"","_instagram_share_type":"","_medium_share_type":"","_threads_share_type":"","_google_business_share_type":"","_selected_social_profile":[],"_wpsp_enable_custom_social_template":false,"_wpsp_social_scheduling":{"enabled":false,"datetime":null,"platforms":[],"status":"template_only","dateOption":"today","timeOption":"now","customDays":"","customHours":"","customDate":"","customTime":"","schedulingType":"absolute"},"_wpsp_active_default_template":true},"categories":[33],"tags":[],"class_list":["post-22716","post","type-post","status-publish","format-standard","has-post-thumbnail","hentry","category-sports"],"aioseo_notices":[],"yoast_head":"<!-- This site is optimized with the Yoast SEO plugin v27.5 - https:\/\/yoast.com\/product\/yoast-seo-wordpress\/ -->\n<title>Nouveau complexe sportif d\u2019Oran\u00a0:\u00a0Un m\u00e9ga-projet pour la m\u00e9tropole m\u00e9diterran\u00e9enne\u00a0 - La Sentinelle<\/title>\n<meta name=\"robots\" content=\"index, follow, max-snippet:-1, max-image-preview:large, max-video-preview:-1\" \/>\n<link rel=\"canonical\" href=\"https:\/\/lasentinelle.dz\/index.php\/2022\/06\/20\/nouveau-complexe-sportif-doran-un-mega-projet-pour-la-metropole-mediterraneenne\/\" \/>\n<meta property=\"og:locale\" content=\"fr_FR\" \/>\n<meta property=\"og:type\" content=\"article\" \/>\n<meta property=\"og:title\" content=\"Nouveau complexe sportif d\u2019Oran\u00a0:\u00a0Un m\u00e9ga-projet pour la m\u00e9tropole m\u00e9diterran\u00e9enne\u00a0 - La Sentinelle\" \/>\n<meta property=\"og:description\" content=\"R\u00e9pondant aux normes internationales, il sera en mesure d&rsquo;accueillir des comp\u00e9titions nationales et internationales de tr\u00e8s haut niveau.&nbsp; Situ\u00e9 dans\" \/>\n<meta property=\"og:url\" content=\"https:\/\/lasentinelle.dz\/index.php\/2022\/06\/20\/nouveau-complexe-sportif-doran-un-mega-projet-pour-la-metropole-mediterraneenne\/\" \/>\n<meta property=\"og:site_name\" content=\"La Sentinelle\" \/>\n<meta property=\"article:publisher\" content=\"https:\/\/www.facebook.com\/La-Sentinelle-104059864394773\" \/>\n<meta property=\"article:published_time\" content=\"2022-06-19T23:01:00+00:00\" \/>\n<meta property=\"og:image\" content=\"https:\/\/lasentinelle.dz\/wp-content\/uploads\/2022\/06\/COMPLEXE.jpeg\" \/>\n\t<meta property=\"og:image:width\" content=\"1200\" \/>\n\t<meta property=\"og:image:height\" content=\"800\" \/>\n\t<meta property=\"og:image:type\" content=\"image\/jpeg\" \/>\n<meta name=\"author\" content=\"La Sentinelle\" \/>\n<meta name=\"twitter:card\" content=\"summary_large_image\" \/>\n<meta name=\"twitter:label1\" content=\"\u00c9crit par\" \/>\n\t<meta name=\"twitter:data1\" content=\"La Sentinelle\" \/>\n\t<meta name=\"twitter:label2\" content=\"Dur\u00e9e de lecture estim\u00e9e\" \/>\n\t<meta name=\"twitter:data2\" content=\"2 minutes\" \/>\n<script type=\"application\/ld+json\" class=\"yoast-schema-graph\">{\"@context\":\"https:\\\/\\\/schema.org\",\"@graph\":[{\"@type\":\"Article\",\"@id\":\"https:\\\/\\\/lasentinelle.dz\\\/index.php\\\/2022\\\/06\\\/20\\\/nouveau-complexe-sportif-doran-un-mega-projet-pour-la-metropole-mediterraneenne\\\/#article\",\"isPartOf\":{\"@id\":\"https:\\\/\\\/lasentinelle.dz\\\/index.php\\\/2022\\\/06\\\/20\\\/nouveau-complexe-sportif-doran-un-mega-projet-pour-la-metropole-mediterraneenne\\\/\"},\"author\":{\"name\":\"La Sentinelle\",\"@id\":\"https:\\\/\\\/lasentinelle.dz\\\/#\\\/schema\\\/person\\\/d865044e22e70a75174ce8bcad3acfb3\"},\"headline\":\"Nouveau complexe sportif d\u2019Oran\u00a0:\u00a0Un m\u00e9ga-projet pour la m\u00e9tropole m\u00e9diterran\u00e9enne\u00a0\",\"datePublished\":\"2022-06-19T23:01:00+00:00\",\"mainEntityOfPage\":{\"@id\":\"https:\\\/\\\/lasentinelle.dz\\\/index.php\\\/2022\\\/06\\\/20\\\/nouveau-complexe-sportif-doran-un-mega-projet-pour-la-metropole-mediterraneenne\\\/\"},\"wordCount\":359,\"commentCount\":0,\"publisher\":{\"@id\":\"https:\\\/\\\/lasentinelle.dz\\\/#organization\"},\"image\":{\"@id\":\"https:\\\/\\\/lasentinelle.dz\\\/index.php\\\/2022\\\/06\\\/20\\\/nouveau-complexe-sportif-doran-un-mega-projet-pour-la-metropole-mediterraneenne\\\/#primaryimage\"},\"thumbnailUrl\":\"https:\\\/\\\/lasentinelle.dz\\\/wp-content\\\/uploads\\\/2022\\\/06\\\/COMPLEXE.jpeg\",\"articleSection\":[\"Sports\"],\"inLanguage\":\"fr-FR\",\"potentialAction\":[{\"@type\":\"CommentAction\",\"name\":\"Comment\",\"target\":[\"https:\\\/\\\/lasentinelle.dz\\\/index.php\\\/2022\\\/06\\\/20\\\/nouveau-complexe-sportif-doran-un-mega-projet-pour-la-metropole-mediterraneenne\\\/#respond\"]}]},{\"@type\":\"WebPage\",\"@id\":\"https:\\\/\\\/lasentinelle.dz\\\/index.php\\\/2022\\\/06\\\/20\\\/nouveau-complexe-sportif-doran-un-mega-projet-pour-la-metropole-mediterraneenne\\\/\",\"url\":\"https:\\\/\\\/lasentinelle.dz\\\/index.php\\\/2022\\\/06\\\/20\\\/nouveau-complexe-sportif-doran-un-mega-projet-pour-la-metropole-mediterraneenne\\\/\",\"name\":\"Nouveau complexe sportif d\u2019Oran\u00a0:\u00a0Un m\u00e9ga-projet pour la m\u00e9tropole m\u00e9diterran\u00e9enne\u00a0 - La Sentinelle\",\"isPartOf\":{\"@id\":\"https:\\\/\\\/lasentinelle.dz\\\/#website\"},\"primaryImageOfPage\":{\"@id\":\"https:\\\/\\\/lasentinelle.dz\\\/index.php\\\/2022\\\/06\\\/20\\\/nouveau-complexe-sportif-doran-un-mega-projet-pour-la-metropole-mediterraneenne\\\/#primaryimage\"},\"image\":{\"@id\":\"https:\\\/\\\/lasentinelle.dz\\\/index.php\\\/2022\\\/06\\\/20\\\/nouveau-complexe-sportif-doran-un-mega-projet-pour-la-metropole-mediterraneenne\\\/#primaryimage\"},\"thumbnailUrl\":\"https:\\\/\\\/lasentinelle.dz\\\/wp-content\\\/uploads\\\/2022\\\/06\\\/COMPLEXE.jpeg\",\"datePublished\":\"2022-06-19T23:01:00+00:00\",\"breadcrumb\":{\"@id\":\"https:\\\/\\\/lasentinelle.dz\\\/index.php\\\/2022\\\/06\\\/20\\\/nouveau-complexe-sportif-doran-un-mega-projet-pour-la-metropole-mediterraneenne\\\/#breadcrumb\"},\"inLanguage\":\"fr-FR\",\"potentialAction\":[{\"@type\":\"ReadAction\",\"target\":[\"https:\\\/\\\/lasentinelle.dz\\\/index.php\\\/2022\\\/06\\\/20\\\/nouveau-complexe-sportif-doran-un-mega-projet-pour-la-metropole-mediterraneenne\\\/\"]}]},{\"@type\":\"ImageObject\",\"inLanguage\":\"fr-FR\",\"@id\":\"https:\\\/\\\/lasentinelle.dz\\\/index.php\\\/2022\\\/06\\\/20\\\/nouveau-complexe-sportif-doran-un-mega-projet-pour-la-metropole-mediterraneenne\\\/#primaryimage\",\"url\":\"https:\\\/\\\/lasentinelle.dz\\\/wp-content\\\/uploads\\\/2022\\\/06\\\/COMPLEXE.jpeg\",\"contentUrl\":\"https:\\\/\\\/lasentinelle.dz\\\/wp-content\\\/uploads\\\/2022\\\/06\\\/COMPLEXE.jpeg\",\"width\":1200,\"height\":800},{\"@type\":\"BreadcrumbList\",\"@id\":\"https:\\\/\\\/lasentinelle.dz\\\/index.php\\\/2022\\\/06\\\/20\\\/nouveau-complexe-sportif-doran-un-mega-projet-pour-la-metropole-mediterraneenne\\\/#breadcrumb\",\"itemListElement\":[{\"@type\":\"ListItem\",\"position\":1,\"name\":\"Accueil\",\"item\":\"https:\\\/\\\/lasentinelle.dz\\\/\"},{\"@type\":\"ListItem\",\"position\":2,\"name\":\"Nouveau complexe sportif d\u2019Oran\u00a0:\u00a0Un m\u00e9ga-projet pour la m\u00e9tropole m\u00e9diterran\u00e9enne\u00a0\"}]},{\"@type\":\"WebSite\",\"@id\":\"https:\\\/\\\/lasentinelle.dz\\\/#website\",\"url\":\"https:\\\/\\\/lasentinelle.dz\\\/\",\"name\":\"La Sentinelle\",\"description\":\"Quotidien national d&#039;information\",\"publisher\":{\"@id\":\"https:\\\/\\\/lasentinelle.dz\\\/#organization\"},\"potentialAction\":[{\"@type\":\"SearchAction\",\"target\":{\"@type\":\"EntryPoint\",\"urlTemplate\":\"https:\\\/\\\/lasentinelle.dz\\\/?s={search_term_string}\"},\"query-input\":{\"@type\":\"PropertyValueSpecification\",\"valueRequired\":true,\"valueName\":\"search_term_string\"}}],\"inLanguage\":\"fr-FR\"},{\"@type\":\"Organization\",\"@id\":\"https:\\\/\\\/lasentinelle.dz\\\/#organization\",\"name\":\"Quotidien La Sentinelle\",\"url\":\"https:\\\/\\\/lasentinelle.dz\\\/\",\"logo\":{\"@type\":\"ImageObject\",\"inLanguage\":\"fr-FR\",\"@id\":\"https:\\\/\\\/lasentinelle.dz\\\/#\\\/schema\\\/logo\\\/image\\\/\",\"url\":\"https:\\\/\\\/lasentinelle.dz\\\/wp-content\\\/uploads\\\/2021\\\/09\\\/logo-sentinelleSLOGAN-1.png\",\"contentUrl\":\"https:\\\/\\\/lasentinelle.dz\\\/wp-content\\\/uploads\\\/2021\\\/09\\\/logo-sentinelleSLOGAN-1.png\",\"width\":615,\"height\":142,\"caption\":\"Quotidien La Sentinelle\"},\"image\":{\"@id\":\"https:\\\/\\\/lasentinelle.dz\\\/#\\\/schema\\\/logo\\\/image\\\/\"},\"sameAs\":[\"https:\\\/\\\/www.facebook.com\\\/La-Sentinelle-104059864394773\"]},{\"@type\":\"Person\",\"@id\":\"https:\\\/\\\/lasentinelle.dz\\\/#\\\/schema\\\/person\\\/d865044e22e70a75174ce8bcad3acfb3\",\"name\":\"La Sentinelle\",\"image\":{\"@type\":\"ImageObject\",\"inLanguage\":\"fr-FR\",\"@id\":\"https:\\\/\\\/secure.gravatar.com\\\/avatar\\\/57de8e5d4b15d43fb361a71fbb36338450fe67865b528a43dd10ef7c51a20392?s=96&d=mm&r=g\",\"url\":\"https:\\\/\\\/secure.gravatar.com\\\/avatar\\\/57de8e5d4b15d43fb361a71fbb36338450fe67865b528a43dd10ef7c51a20392?s=96&d=mm&r=g\",\"contentUrl\":\"https:\\\/\\\/secure.gravatar.com\\\/avatar\\\/57de8e5d4b15d43fb361a71fbb36338450fe67865b528a43dd10ef7c51a20392?s=96&d=mm&r=g\",\"caption\":\"La Sentinelle\"},\"sameAs\":[\"http:\\\/\\\/www.lasentinelle.dz\"],\"url\":\"https:\\\/\\\/lasentinelle.dz\\\/author\\\/redaction\\\/\"}]}<\/script>\n<!-- \/ Yoast SEO plugin. -->","yoast_head_json":{"title":"Nouveau complexe sportif d\u2019Oran\u00a0:\u00a0Un m\u00e9ga-projet pour la m\u00e9tropole m\u00e9diterran\u00e9enne\u00a0 - La Sentinelle","robots":{"index":"index","follow":"follow","max-snippet":"max-snippet:-1","max-image-preview":"max-image-preview:large","max-video-preview":"max-video-preview:-1"},"canonical":"https:\/\/lasentinelle.dz\/index.php\/2022\/06\/20\/nouveau-complexe-sportif-doran-un-mega-projet-pour-la-metropole-mediterraneenne\/","og_locale":"fr_FR","og_type":"article","og_title":"Nouveau complexe sportif d\u2019Oran\u00a0:\u00a0Un m\u00e9ga-projet pour la m\u00e9tropole m\u00e9diterran\u00e9enne\u00a0 - La Sentinelle","og_description":"R\u00e9pondant aux normes internationales, il sera en mesure d&rsquo;accueillir des comp\u00e9titions nationales et internationales de tr\u00e8s haut niveau.&nbsp; Situ\u00e9 dans","og_url":"https:\/\/lasentinelle.dz\/index.php\/2022\/06\/20\/nouveau-complexe-sportif-doran-un-mega-projet-pour-la-metropole-mediterraneenne\/","og_site_name":"La Sentinelle","article_publisher":"https:\/\/www.facebook.com\/La-Sentinelle-104059864394773","article_published_time":"2022-06-19T23:01:00+00:00","og_image":[{"width":1200,"height":800,"url":"https:\/\/lasentinelle.dz\/wp-content\/uploads\/2022\/06\/COMPLEXE.jpeg","type":"image\/jpeg"}],"author":"La Sentinelle","twitter_card":"summary_large_image","twitter_misc":{"\u00c9crit par":"La Sentinelle","Dur\u00e9e de lecture estim\u00e9e":"2 minutes"},"schema":{"@context":"https:\/\/schema.org","@graph":[{"@type":"Article","@id":"https:\/\/lasentinelle.dz\/index.php\/2022\/06\/20\/nouveau-complexe-sportif-doran-un-mega-projet-pour-la-metropole-mediterraneenne\/#article","isPartOf":{"@id":"https:\/\/lasentinelle.dz\/index.php\/2022\/06\/20\/nouveau-complexe-sportif-doran-un-mega-projet-pour-la-metropole-mediterraneenne\/"},"author":{"name":"La Sentinelle","@id":"https:\/\/lasentinelle.dz\/#\/schema\/person\/d865044e22e70a75174ce8bcad3acfb3"},"headline":"Nouveau complexe sportif d\u2019Oran\u00a0:\u00a0Un m\u00e9ga-projet pour la m\u00e9tropole m\u00e9diterran\u00e9enne\u00a0","datePublished":"2022-06-19T23:01:00+00:00","mainEntityOfPage":{"@id":"https:\/\/lasentinelle.dz\/index.php\/2022\/06\/20\/nouveau-complexe-sportif-doran-un-mega-projet-pour-la-metropole-mediterraneenne\/"},"wordCount":359,"commentCount":0,"publisher":{"@id":"https:\/\/lasentinelle.dz\/#organization"},"image":{"@id":"https:\/\/lasentinelle.dz\/index.php\/2022\/06\/20\/nouveau-complexe-sportif-doran-un-mega-projet-pour-la-metropole-mediterraneenne\/#primaryimage"},"thumbnailUrl":"https:\/\/lasentinelle.dz\/wp-content\/uploads\/2022\/06\/COMPLEXE.jpeg","articleSection":["Sports"],"inLanguage":"fr-FR","potentialAction":[{"@type":"CommentAction","name":"Comment","target":["https:\/\/lasentinelle.dz\/index.php\/2022\/06\/20\/nouveau-complexe-sportif-doran-un-mega-projet-pour-la-metropole-mediterraneenne\/#respond"]}]},{"@type":"WebPage","@id":"https:\/\/lasentinelle.dz\/index.php\/2022\/06\/20\/nouveau-complexe-sportif-doran-un-mega-projet-pour-la-metropole-mediterraneenne\/","url":"https:\/\/lasentinelle.dz\/index.php\/2022\/06\/20\/nouveau-complexe-sportif-doran-un-mega-projet-pour-la-metropole-mediterraneenne\/","name":"Nouveau complexe sportif d\u2019Oran\u00a0:\u00a0Un m\u00e9ga-projet pour la m\u00e9tropole m\u00e9diterran\u00e9enne\u00a0 - La Sentinelle","isPartOf":{"@id":"https:\/\/lasentinelle.dz\/#website"},"primaryImageOfPage":{"@id":"https:\/\/lasentinelle.dz\/index.php\/2022\/06\/20\/nouveau-complexe-sportif-doran-un-mega-projet-pour-la-metropole-mediterraneenne\/#primaryimage"},"image":{"@id":"https:\/\/lasentinelle.dz\/index.php\/2022\/06\/20\/nouveau-complexe-sportif-doran-un-mega-projet-pour-la-metropole-mediterraneenne\/#primaryimage"},"thumbnailUrl":"https:\/\/lasentinelle.dz\/wp-content\/uploads\/2022\/06\/COMPLEXE.jpeg","datePublished":"2022-06-19T23:01:00+00:00","breadcrumb":{"@id":"https:\/\/lasentinelle.dz\/index.php\/2022\/06\/20\/nouveau-complexe-sportif-doran-un-mega-projet-pour-la-metropole-mediterraneenne\/#breadcrumb"},"inLanguage":"fr-FR","potentialAction":[{"@type":"ReadAction","target":["https:\/\/lasentinelle.dz\/index.php\/2022\/06\/20\/nouveau-complexe-sportif-doran-un-mega-projet-pour-la-metropole-mediterraneenne\/"]}]},{"@type":"ImageObject","inLanguage":"fr-FR","@id":"https:\/\/lasentinelle.dz\/index.php\/2022\/06\/20\/nouveau-complexe-sportif-doran-un-mega-projet-pour-la-metropole-mediterraneenne\/#primaryimage","url":"https:\/\/lasentinelle.dz\/wp-content\/uploads\/2022\/06\/COMPLEXE.jpeg","contentUrl":"https:\/\/lasentinelle.dz\/wp-content\/uploads\/2022\/06\/COMPLEXE.jpeg","width":1200,"height":800},{"@type":"BreadcrumbList","@id":"https:\/\/lasentinelle.dz\/index.php\/2022\/06\/20\/nouveau-complexe-sportif-doran-un-mega-projet-pour-la-metropole-mediterraneenne\/#breadcrumb","itemListElement":[{"@type":"ListItem","position":1,"name":"Accueil","item":"https:\/\/lasentinelle.dz\/"},{"@type":"ListItem","position":2,"name":"Nouveau complexe sportif d\u2019Oran\u00a0:\u00a0Un m\u00e9ga-projet pour la m\u00e9tropole m\u00e9diterran\u00e9enne\u00a0"}]},{"@type":"WebSite","@id":"https:\/\/lasentinelle.dz\/#website","url":"https:\/\/lasentinelle.dz\/","name":"La Sentinelle","description":"Quotidien national d&#039;information","publisher":{"@id":"https:\/\/lasentinelle.dz\/#organization"},"potentialAction":[{"@type":"SearchAction","target":{"@type":"EntryPoint","urlTemplate":"https:\/\/lasentinelle.dz\/?s={search_term_string}"},"query-input":{"@type":"PropertyValueSpecification","valueRequired":true,"valueName":"search_term_string"}}],"inLanguage":"fr-FR"},{"@type":"Organization","@id":"https:\/\/lasentinelle.dz\/#organization","name":"Quotidien La Sentinelle","url":"https:\/\/lasentinelle.dz\/","logo":{"@type":"ImageObject","inLanguage":"fr-FR","@id":"https:\/\/lasentinelle.dz\/#\/schema\/logo\/image\/","url":"https:\/\/lasentinelle.dz\/wp-content\/uploads\/2021\/09\/logo-sentinelleSLOGAN-1.png","contentUrl":"https:\/\/lasentinelle.dz\/wp-content\/uploads\/2021\/09\/logo-sentinelleSLOGAN-1.png","width":615,"height":142,"caption":"Quotidien La Sentinelle"},"image":{"@id":"https:\/\/lasentinelle.dz\/#\/schema\/logo\/image\/"},"sameAs":["https:\/\/www.facebook.com\/La-Sentinelle-104059864394773"]},{"@type":"Person","@id":"https:\/\/lasentinelle.dz\/#\/schema\/person\/d865044e22e70a75174ce8bcad3acfb3","name":"La Sentinelle","image":{"@type":"ImageObject","inLanguage":"fr-FR","@id":"https:\/\/secure.gravatar.com\/avatar\/57de8e5d4b15d43fb361a71fbb36338450fe67865b528a43dd10ef7c51a20392?s=96&d=mm&r=g","url":"https:\/\/secure.gravatar.com\/avatar\/57de8e5d4b15d43fb361a71fbb36338450fe67865b528a43dd10ef7c51a20392?s=96&d=mm&r=g","contentUrl":"https:\/\/secure.gravatar.com\/avatar\/57de8e5d4b15d43fb361a71fbb36338450fe67865b528a43dd10ef7c51a20392?s=96&d=mm&r=g","caption":"La Sentinelle"},"sameAs":["http:\/\/www.lasentinelle.dz"],"url":"https:\/\/lasentinelle.dz\/author\/redaction\/"}]}},"_links":{"self":[{"href":"https:\/\/lasentinelle.dz\/index.php\/wp-json\/wp\/v2\/posts\/22716","targetHints":{"allow":["GET"]}}],"collection":[{"href":"https:\/\/lasentinelle.dz\/index.php\/wp-json\/wp\/v2\/posts"}],"about":[{"href":"https:\/\/lasentinelle.dz\/index.php\/wp-json\/wp\/v2\/types\/post"}],"author":[{"embeddable":true,"href":"https:\/\/lasentinelle.dz\/index.php\/wp-json\/wp\/v2\/users\/3"}],"replies":[{"embeddable":true,"href":"https:\/\/lasentinelle.dz\/index.php\/wp-json\/wp\/v2\/comments?post=22716"}],"version-history":[{"count":1,"href":"https:\/\/lasentinelle.dz\/index.php\/wp-json\/wp\/v2\/posts\/22716\/revisions"}],"predecessor-version":[{"id":22737,"href":"https:\/\/lasentinelle.dz\/index.php\/wp-json\/wp\/v2\/posts\/22716\/revisions\/22737"}],"wp:featuredmedia":[{"embeddable":true,"href":"https:\/\/lasentinelle.dz\/index.php\/wp-json\/wp\/v2\/media\/22731"}],"wp:attachment":[{"href":"https:\/\/lasentinelle.dz\/index.php\/wp-json\/wp\/v2\/media?parent=22716"}],"wp:term":[{"taxonomy":"category","embeddable":true,"href":"https:\/\/lasentinelle.dz\/index.php\/wp-json\/wp\/v2\/categories?post=22716"},{"taxonomy":"post_tag","embeddable":true,"href":"https:\/\/lasentinelle.dz\/index.php\/wp-json\/wp\/v2\/tags?post=22716"}],"curies":[{"name":"wp","href":"https:\/\/api.w.org\/{rel}","templated":true}]}}