{"id":22751,"date":"2022-06-20T00:01:00","date_gmt":"2022-06-19T23:01:00","guid":{"rendered":"https:\/\/lasentinelle.dz\/?p=22751"},"modified":"2022-06-19T18:15:37","modified_gmt":"2022-06-19T17:15:37","slug":"inscription-des-nouveaux-bacheliers-tout-est-fin-pret","status":"publish","type":"post","link":"https:\/\/lasentinelle.dz\/index.php\/2022\/06\/20\/inscription-des-nouveaux-bacheliers-tout-est-fin-pret\/","title":{"rendered":"Inscription des nouveaux bacheliers\u00a0: Tout est fin-pr\u00eat\u00a0!"},"content":{"rendered":"\n<p>Toutes les mesures n\u00e9cessaires pour un bon d\u00e9roulement du processus des inscriptions des nouveaux bacheliers pour l\u2019ann\u00e9e universitaire 2022-2023 ont \u00e9t\u00e9 prises.<\/p>\n\n\n\n<p>Le Directeur de la formation et de l\u2019enseignement sup\u00e9rieur au minist\u00e8re de l\u2019Enseignement sup\u00e9rieur et de la Recherche scientifique, Djamel Bouguerata a indiqu\u00e9 hier que tout est fin pr\u00eat pour permettre aux nouveaux bacheliers de s\u2019inscrire et de remplir, selon leurs volont\u00e9s, la fiche de v\u0153ux leur permettant de choisir les fili\u00e8res qu\u2019ils souhaitent int\u00e9grer, soulignant au passage&nbsp;&nbsp;que \u00ab les pr\u00e9paratifs pour la prochaines rentr\u00e9es ont co\u00efncid\u00e9 avec la finalisation de l\u2019ann\u00e9e universitaire pr\u00e9c\u00e9dente \u00bb.<\/p>\n\n\n\n<p>Invit\u00e9 \u00e0 s\u2019exprimer sur les ondes de la Radio alg\u00e9rienne, M. Bouguerata qui a not\u00e9 que \u00ab l\u2019ann\u00e9e universitaire qui vient de se terminer s\u2019est d\u00e9roul\u00e9 dans de tr\u00e8s bonnes conditions malgr\u00e9 les conditions sanitaires particuli\u00e8res li\u00e9es \u00e0 la pand\u00e9mie du Covid 19 qui a n\u00e9cessit\u00e9 le respect rigoureux des protocoles sanitaires \u00e9tablis par le comit\u00e9 scientifique et les pouvoirs publics \u00bb. Une ann\u00e9e universitaire r\u00e9ussie gr\u00e2ce, ajoute-t-il, \u00ab&nbsp;\u00e0 la mobilisation g\u00e9n\u00e9rale de la famille universitaire accompagn\u00e9e dans son travail par le ministre de l\u2019Enseignement sup\u00e9rieur et de la Recherche scientifique, Abdelbaki Benziane qui a sillonn\u00e9 tout le territoire national pour des visites de terrain&nbsp;\u00bb.<\/p>\n\n\n\n<p>Abordant les derni\u00e8res am\u00e9liorations apport\u00e9es par son d\u00e9partement sur les modalit\u00e9s et les conditions d\u2019acc\u00e8s aux formations universitaires, le Directeur de la formation et de l\u2019enseignement sup\u00e9rieur au minist\u00e8re de l\u2019Enseignement sup\u00e9rieur et de la Recherche scientifique n\u2019a pas manqu\u00e9 de faire remarquer que \u00ab le texte publi\u00e9&nbsp;&nbsp;\u00e0 la suite des mutations connues ces derni\u00e8res ann\u00e9es sur les enseignements universitaires est tr\u00e8s important du fait qu\u2019il apporte un arsenal juridique ad\u00e9quat pour am\u00e9liorer la qualit\u00e9 de l\u2019enseignement sup\u00e9rieur dans le pays et pour unifier les concepts utilis\u00e9s par la communaut\u00e9 universitaires dans toute sa diversit\u00e9 \u00bb. \u00ab&nbsp;Des&nbsp;&nbsp;textes qui jettent\u00e9galement les bases d\u2019un nouveau mod\u00e8le d\u2019enseignement et de formation afin d\u2019accompagner les nouveaux universitaires portant chacun ses orientations et ses objectifs \u00bb, explique-t-il.<\/p>\n\n\n\n<p>Le m\u00eame responsable a rappel\u00e9 que \u00ab la tutelle a ouvert depuis 2018 des ateliers pour la r\u00e9vision des programmes p\u00e9dagogiques notamment en ce qui concerne l\u2019enseignement des sciences m\u00e9dicales et son adaptation aux besoins du march\u00e9 \u00bb. Une op\u00e9ration qui se poursuit, ajoute-t-il, \u00ab&nbsp;pour toucher d\u2019autres domaines de formation dont notamment la communication et les sciences v\u00e9t\u00e9rinaires&nbsp;\u00bb.&nbsp;<\/p>\n\n\n\n<p><strong>Kamel Nait Ameur<\/strong><\/p>\n","protected":false},"excerpt":{"rendered":"<p>Toutes les mesures n\u00e9cessaires pour un bon d\u00e9roulement du processus des inscriptions des nouveaux bacheliers pour l\u2019ann\u00e9e universitaire 2022-2023 ont<\/p>\n","protected":false},"author":3,"featured_media":22755,"comment_status":"open","ping_status":"closed","sticky":false,"template":"","format":"standard","meta":{"colormag_page_container_layout":"default_layout","colormag_page_sidebar_layout":"default_layout","om_disable_all_campaigns":false,"_monsterinsights_skip_tracking":false,"_monsterinsights_sitenote_active":false,"_monsterinsights_sitenote_note":"","_monsterinsights_sitenote_category":0,"footnotes":"","_wpscppro_dont_share_socialmedia":false,"_wpscppro_custom_social_share_image":0,"_facebook_share_type":"","_twitter_share_type":"","_linkedin_share_type":"","_pinterest_share_type":"","_linkedin_share_type_page":"","_instagram_share_type":"","_medium_share_type":"","_threads_share_type":"","_google_business_share_type":"","_selected_social_profile":[],"_wpsp_enable_custom_social_template":false,"_wpsp_social_scheduling":{"enabled":false,"datetime":null,"platforms":[],"status":"template_only","dateOption":"today","timeOption":"now","customDays":"","customHours":"","customDate":"","customTime":"","schedulingType":"absolute"},"_wpsp_active_default_template":true},"categories":[27],"tags":[],"class_list":["post-22751","post","type-post","status-publish","format-standard","has-post-thumbnail","hentry","category-actualite"],"aioseo_notices":[],"yoast_head":"<!-- This site is optimized with the Yoast SEO plugin v27.4 - https:\/\/yoast.com\/product\/yoast-seo-wordpress\/ -->\n<title>Inscription des nouveaux bacheliers\u00a0: Tout est fin-pr\u00eat\u00a0! - La Sentinelle<\/title>\n<meta name=\"robots\" content=\"index, follow, max-snippet:-1, max-image-preview:large, max-video-preview:-1\" \/>\n<link rel=\"canonical\" href=\"https:\/\/lasentinelle.dz\/index.php\/2022\/06\/20\/inscription-des-nouveaux-bacheliers-tout-est-fin-pret\/\" \/>\n<meta property=\"og:locale\" content=\"fr_FR\" \/>\n<meta property=\"og:type\" content=\"article\" \/>\n<meta property=\"og:title\" content=\"Inscription des nouveaux bacheliers\u00a0: Tout est fin-pr\u00eat\u00a0! - La Sentinelle\" \/>\n<meta property=\"og:description\" content=\"Toutes les mesures n\u00e9cessaires pour un bon d\u00e9roulement du processus des inscriptions des nouveaux bacheliers pour l\u2019ann\u00e9e universitaire 2022-2023 ont\" \/>\n<meta property=\"og:url\" content=\"https:\/\/lasentinelle.dz\/index.php\/2022\/06\/20\/inscription-des-nouveaux-bacheliers-tout-est-fin-pret\/\" \/>\n<meta property=\"og:site_name\" content=\"La Sentinelle\" \/>\n<meta property=\"article:publisher\" content=\"https:\/\/www.facebook.com\/La-Sentinelle-104059864394773\" \/>\n<meta property=\"article:published_time\" content=\"2022-06-19T23:01:00+00:00\" \/>\n<meta property=\"og:image\" content=\"https:\/\/lasentinelle.dz\/wp-content\/uploads\/2022\/06\/universite.png\" \/>\n\t<meta property=\"og:image:width\" content=\"1491\" \/>\n\t<meta property=\"og:image:height\" content=\"900\" \/>\n\t<meta property=\"og:image:type\" content=\"image\/png\" \/>\n<meta name=\"author\" content=\"La Sentinelle\" \/>\n<meta name=\"twitter:card\" content=\"summary_large_image\" \/>\n<meta name=\"twitter:label1\" content=\"\u00c9crit par\" \/>\n\t<meta name=\"twitter:data1\" content=\"La Sentinelle\" \/>\n\t<meta name=\"twitter:label2\" content=\"Dur\u00e9e de lecture estim\u00e9e\" \/>\n\t<meta name=\"twitter:data2\" content=\"2 minutes\" \/>\n<script type=\"application\/ld+json\" class=\"yoast-schema-graph\">{\"@context\":\"https:\\\/\\\/schema.org\",\"@graph\":[{\"@type\":\"Article\",\"@id\":\"https:\\\/\\\/lasentinelle.dz\\\/index.php\\\/2022\\\/06\\\/20\\\/inscription-des-nouveaux-bacheliers-tout-est-fin-pret\\\/#article\",\"isPartOf\":{\"@id\":\"https:\\\/\\\/lasentinelle.dz\\\/index.php\\\/2022\\\/06\\\/20\\\/inscription-des-nouveaux-bacheliers-tout-est-fin-pret\\\/\"},\"author\":{\"name\":\"La Sentinelle\",\"@id\":\"https:\\\/\\\/lasentinelle.dz\\\/#\\\/schema\\\/person\\\/d865044e22e70a75174ce8bcad3acfb3\"},\"headline\":\"Inscription des nouveaux bacheliers\u00a0: Tout est fin-pr\u00eat\u00a0!\",\"datePublished\":\"2022-06-19T23:01:00+00:00\",\"mainEntityOfPage\":{\"@id\":\"https:\\\/\\\/lasentinelle.dz\\\/index.php\\\/2022\\\/06\\\/20\\\/inscription-des-nouveaux-bacheliers-tout-est-fin-pret\\\/\"},\"wordCount\":471,\"commentCount\":0,\"publisher\":{\"@id\":\"https:\\\/\\\/lasentinelle.dz\\\/#organization\"},\"image\":{\"@id\":\"https:\\\/\\\/lasentinelle.dz\\\/index.php\\\/2022\\\/06\\\/20\\\/inscription-des-nouveaux-bacheliers-tout-est-fin-pret\\\/#primaryimage\"},\"thumbnailUrl\":\"https:\\\/\\\/lasentinelle.dz\\\/wp-content\\\/uploads\\\/2022\\\/06\\\/universite.png\",\"articleSection\":[\"Actualit\u00e9\"],\"inLanguage\":\"fr-FR\",\"potentialAction\":[{\"@type\":\"CommentAction\",\"name\":\"Comment\",\"target\":[\"https:\\\/\\\/lasentinelle.dz\\\/index.php\\\/2022\\\/06\\\/20\\\/inscription-des-nouveaux-bacheliers-tout-est-fin-pret\\\/#respond\"]}]},{\"@type\":\"WebPage\",\"@id\":\"https:\\\/\\\/lasentinelle.dz\\\/index.php\\\/2022\\\/06\\\/20\\\/inscription-des-nouveaux-bacheliers-tout-est-fin-pret\\\/\",\"url\":\"https:\\\/\\\/lasentinelle.dz\\\/index.php\\\/2022\\\/06\\\/20\\\/inscription-des-nouveaux-bacheliers-tout-est-fin-pret\\\/\",\"name\":\"Inscription des nouveaux bacheliers\u00a0: Tout est fin-pr\u00eat\u00a0! - La Sentinelle\",\"isPartOf\":{\"@id\":\"https:\\\/\\\/lasentinelle.dz\\\/#website\"},\"primaryImageOfPage\":{\"@id\":\"https:\\\/\\\/lasentinelle.dz\\\/index.php\\\/2022\\\/06\\\/20\\\/inscription-des-nouveaux-bacheliers-tout-est-fin-pret\\\/#primaryimage\"},\"image\":{\"@id\":\"https:\\\/\\\/lasentinelle.dz\\\/index.php\\\/2022\\\/06\\\/20\\\/inscription-des-nouveaux-bacheliers-tout-est-fin-pret\\\/#primaryimage\"},\"thumbnailUrl\":\"https:\\\/\\\/lasentinelle.dz\\\/wp-content\\\/uploads\\\/2022\\\/06\\\/universite.png\",\"datePublished\":\"2022-06-19T23:01:00+00:00\",\"breadcrumb\":{\"@id\":\"https:\\\/\\\/lasentinelle.dz\\\/index.php\\\/2022\\\/06\\\/20\\\/inscription-des-nouveaux-bacheliers-tout-est-fin-pret\\\/#breadcrumb\"},\"inLanguage\":\"fr-FR\",\"potentialAction\":[{\"@type\":\"ReadAction\",\"target\":[\"https:\\\/\\\/lasentinelle.dz\\\/index.php\\\/2022\\\/06\\\/20\\\/inscription-des-nouveaux-bacheliers-tout-est-fin-pret\\\/\"]}]},{\"@type\":\"ImageObject\",\"inLanguage\":\"fr-FR\",\"@id\":\"https:\\\/\\\/lasentinelle.dz\\\/index.php\\\/2022\\\/06\\\/20\\\/inscription-des-nouveaux-bacheliers-tout-est-fin-pret\\\/#primaryimage\",\"url\":\"https:\\\/\\\/lasentinelle.dz\\\/wp-content\\\/uploads\\\/2022\\\/06\\\/universite.png\",\"contentUrl\":\"https:\\\/\\\/lasentinelle.dz\\\/wp-content\\\/uploads\\\/2022\\\/06\\\/universite.png\",\"width\":1491,\"height\":900},{\"@type\":\"BreadcrumbList\",\"@id\":\"https:\\\/\\\/lasentinelle.dz\\\/index.php\\\/2022\\\/06\\\/20\\\/inscription-des-nouveaux-bacheliers-tout-est-fin-pret\\\/#breadcrumb\",\"itemListElement\":[{\"@type\":\"ListItem\",\"position\":1,\"name\":\"Accueil\",\"item\":\"https:\\\/\\\/lasentinelle.dz\\\/\"},{\"@type\":\"ListItem\",\"position\":2,\"name\":\"Inscription des nouveaux bacheliers\u00a0: Tout est fin-pr\u00eat\u00a0!\"}]},{\"@type\":\"WebSite\",\"@id\":\"https:\\\/\\\/lasentinelle.dz\\\/#website\",\"url\":\"https:\\\/\\\/lasentinelle.dz\\\/\",\"name\":\"La Sentinelle\",\"description\":\"Quotidien national d&#039;information\",\"publisher\":{\"@id\":\"https:\\\/\\\/lasentinelle.dz\\\/#organization\"},\"potentialAction\":[{\"@type\":\"SearchAction\",\"target\":{\"@type\":\"EntryPoint\",\"urlTemplate\":\"https:\\\/\\\/lasentinelle.dz\\\/?s={search_term_string}\"},\"query-input\":{\"@type\":\"PropertyValueSpecification\",\"valueRequired\":true,\"valueName\":\"search_term_string\"}}],\"inLanguage\":\"fr-FR\"},{\"@type\":\"Organization\",\"@id\":\"https:\\\/\\\/lasentinelle.dz\\\/#organization\",\"name\":\"Quotidien La Sentinelle\",\"url\":\"https:\\\/\\\/lasentinelle.dz\\\/\",\"logo\":{\"@type\":\"ImageObject\",\"inLanguage\":\"fr-FR\",\"@id\":\"https:\\\/\\\/lasentinelle.dz\\\/#\\\/schema\\\/logo\\\/image\\\/\",\"url\":\"https:\\\/\\\/lasentinelle.dz\\\/wp-content\\\/uploads\\\/2021\\\/09\\\/logo-sentinelleSLOGAN-1.png\",\"contentUrl\":\"https:\\\/\\\/lasentinelle.dz\\\/wp-content\\\/uploads\\\/2021\\\/09\\\/logo-sentinelleSLOGAN-1.png\",\"width\":615,\"height\":142,\"caption\":\"Quotidien La Sentinelle\"},\"image\":{\"@id\":\"https:\\\/\\\/lasentinelle.dz\\\/#\\\/schema\\\/logo\\\/image\\\/\"},\"sameAs\":[\"https:\\\/\\\/www.facebook.com\\\/La-Sentinelle-104059864394773\"]},{\"@type\":\"Person\",\"@id\":\"https:\\\/\\\/lasentinelle.dz\\\/#\\\/schema\\\/person\\\/d865044e22e70a75174ce8bcad3acfb3\",\"name\":\"La Sentinelle\",\"image\":{\"@type\":\"ImageObject\",\"inLanguage\":\"fr-FR\",\"@id\":\"https:\\\/\\\/secure.gravatar.com\\\/avatar\\\/57de8e5d4b15d43fb361a71fbb36338450fe67865b528a43dd10ef7c51a20392?s=96&d=mm&r=g\",\"url\":\"https:\\\/\\\/secure.gravatar.com\\\/avatar\\\/57de8e5d4b15d43fb361a71fbb36338450fe67865b528a43dd10ef7c51a20392?s=96&d=mm&r=g\",\"contentUrl\":\"https:\\\/\\\/secure.gravatar.com\\\/avatar\\\/57de8e5d4b15d43fb361a71fbb36338450fe67865b528a43dd10ef7c51a20392?s=96&d=mm&r=g\",\"caption\":\"La Sentinelle\"},\"sameAs\":[\"http:\\\/\\\/www.lasentinelle.dz\"],\"url\":\"https:\\\/\\\/lasentinelle.dz\\\/author\\\/redaction\\\/\"}]}<\/script>\n<!-- \/ Yoast SEO plugin. -->","yoast_head_json":{"title":"Inscription des nouveaux bacheliers\u00a0: Tout est fin-pr\u00eat\u00a0! - La Sentinelle","robots":{"index":"index","follow":"follow","max-snippet":"max-snippet:-1","max-image-preview":"max-image-preview:large","max-video-preview":"max-video-preview:-1"},"canonical":"https:\/\/lasentinelle.dz\/index.php\/2022\/06\/20\/inscription-des-nouveaux-bacheliers-tout-est-fin-pret\/","og_locale":"fr_FR","og_type":"article","og_title":"Inscription des nouveaux bacheliers\u00a0: Tout est fin-pr\u00eat\u00a0! - La Sentinelle","og_description":"Toutes les mesures n\u00e9cessaires pour un bon d\u00e9roulement du processus des inscriptions des nouveaux bacheliers pour l\u2019ann\u00e9e universitaire 2022-2023 ont","og_url":"https:\/\/lasentinelle.dz\/index.php\/2022\/06\/20\/inscription-des-nouveaux-bacheliers-tout-est-fin-pret\/","og_site_name":"La Sentinelle","article_publisher":"https:\/\/www.facebook.com\/La-Sentinelle-104059864394773","article_published_time":"2022-06-19T23:01:00+00:00","og_image":[{"width":1491,"height":900,"url":"https:\/\/lasentinelle.dz\/wp-content\/uploads\/2022\/06\/universite.png","type":"image\/png"}],"author":"La Sentinelle","twitter_card":"summary_large_image","twitter_misc":{"\u00c9crit par":"La Sentinelle","Dur\u00e9e de lecture estim\u00e9e":"2 minutes"},"schema":{"@context":"https:\/\/schema.org","@graph":[{"@type":"Article","@id":"https:\/\/lasentinelle.dz\/index.php\/2022\/06\/20\/inscription-des-nouveaux-bacheliers-tout-est-fin-pret\/#article","isPartOf":{"@id":"https:\/\/lasentinelle.dz\/index.php\/2022\/06\/20\/inscription-des-nouveaux-bacheliers-tout-est-fin-pret\/"},"author":{"name":"La Sentinelle","@id":"https:\/\/lasentinelle.dz\/#\/schema\/person\/d865044e22e70a75174ce8bcad3acfb3"},"headline":"Inscription des nouveaux bacheliers\u00a0: Tout est fin-pr\u00eat\u00a0!","datePublished":"2022-06-19T23:01:00+00:00","mainEntityOfPage":{"@id":"https:\/\/lasentinelle.dz\/index.php\/2022\/06\/20\/inscription-des-nouveaux-bacheliers-tout-est-fin-pret\/"},"wordCount":471,"commentCount":0,"publisher":{"@id":"https:\/\/lasentinelle.dz\/#organization"},"image":{"@id":"https:\/\/lasentinelle.dz\/index.php\/2022\/06\/20\/inscription-des-nouveaux-bacheliers-tout-est-fin-pret\/#primaryimage"},"thumbnailUrl":"https:\/\/lasentinelle.dz\/wp-content\/uploads\/2022\/06\/universite.png","articleSection":["Actualit\u00e9"],"inLanguage":"fr-FR","potentialAction":[{"@type":"CommentAction","name":"Comment","target":["https:\/\/lasentinelle.dz\/index.php\/2022\/06\/20\/inscription-des-nouveaux-bacheliers-tout-est-fin-pret\/#respond"]}]},{"@type":"WebPage","@id":"https:\/\/lasentinelle.dz\/index.php\/2022\/06\/20\/inscription-des-nouveaux-bacheliers-tout-est-fin-pret\/","url":"https:\/\/lasentinelle.dz\/index.php\/2022\/06\/20\/inscription-des-nouveaux-bacheliers-tout-est-fin-pret\/","name":"Inscription des nouveaux bacheliers\u00a0: Tout est fin-pr\u00eat\u00a0! - La Sentinelle","isPartOf":{"@id":"https:\/\/lasentinelle.dz\/#website"},"primaryImageOfPage":{"@id":"https:\/\/lasentinelle.dz\/index.php\/2022\/06\/20\/inscription-des-nouveaux-bacheliers-tout-est-fin-pret\/#primaryimage"},"image":{"@id":"https:\/\/lasentinelle.dz\/index.php\/2022\/06\/20\/inscription-des-nouveaux-bacheliers-tout-est-fin-pret\/#primaryimage"},"thumbnailUrl":"https:\/\/lasentinelle.dz\/wp-content\/uploads\/2022\/06\/universite.png","datePublished":"2022-06-19T23:01:00+00:00","breadcrumb":{"@id":"https:\/\/lasentinelle.dz\/index.php\/2022\/06\/20\/inscription-des-nouveaux-bacheliers-tout-est-fin-pret\/#breadcrumb"},"inLanguage":"fr-FR","potentialAction":[{"@type":"ReadAction","target":["https:\/\/lasentinelle.dz\/index.php\/2022\/06\/20\/inscription-des-nouveaux-bacheliers-tout-est-fin-pret\/"]}]},{"@type":"ImageObject","inLanguage":"fr-FR","@id":"https:\/\/lasentinelle.dz\/index.php\/2022\/06\/20\/inscription-des-nouveaux-bacheliers-tout-est-fin-pret\/#primaryimage","url":"https:\/\/lasentinelle.dz\/wp-content\/uploads\/2022\/06\/universite.png","contentUrl":"https:\/\/lasentinelle.dz\/wp-content\/uploads\/2022\/06\/universite.png","width":1491,"height":900},{"@type":"BreadcrumbList","@id":"https:\/\/lasentinelle.dz\/index.php\/2022\/06\/20\/inscription-des-nouveaux-bacheliers-tout-est-fin-pret\/#breadcrumb","itemListElement":[{"@type":"ListItem","position":1,"name":"Accueil","item":"https:\/\/lasentinelle.dz\/"},{"@type":"ListItem","position":2,"name":"Inscription des nouveaux bacheliers\u00a0: Tout est fin-pr\u00eat\u00a0!"}]},{"@type":"WebSite","@id":"https:\/\/lasentinelle.dz\/#website","url":"https:\/\/lasentinelle.dz\/","name":"La Sentinelle","description":"Quotidien national d&#039;information","publisher":{"@id":"https:\/\/lasentinelle.dz\/#organization"},"potentialAction":[{"@type":"SearchAction","target":{"@type":"EntryPoint","urlTemplate":"https:\/\/lasentinelle.dz\/?s={search_term_string}"},"query-input":{"@type":"PropertyValueSpecification","valueRequired":true,"valueName":"search_term_string"}}],"inLanguage":"fr-FR"},{"@type":"Organization","@id":"https:\/\/lasentinelle.dz\/#organization","name":"Quotidien La Sentinelle","url":"https:\/\/lasentinelle.dz\/","logo":{"@type":"ImageObject","inLanguage":"fr-FR","@id":"https:\/\/lasentinelle.dz\/#\/schema\/logo\/image\/","url":"https:\/\/lasentinelle.dz\/wp-content\/uploads\/2021\/09\/logo-sentinelleSLOGAN-1.png","contentUrl":"https:\/\/lasentinelle.dz\/wp-content\/uploads\/2021\/09\/logo-sentinelleSLOGAN-1.png","width":615,"height":142,"caption":"Quotidien La Sentinelle"},"image":{"@id":"https:\/\/lasentinelle.dz\/#\/schema\/logo\/image\/"},"sameAs":["https:\/\/www.facebook.com\/La-Sentinelle-104059864394773"]},{"@type":"Person","@id":"https:\/\/lasentinelle.dz\/#\/schema\/person\/d865044e22e70a75174ce8bcad3acfb3","name":"La Sentinelle","image":{"@type":"ImageObject","inLanguage":"fr-FR","@id":"https:\/\/secure.gravatar.com\/avatar\/57de8e5d4b15d43fb361a71fbb36338450fe67865b528a43dd10ef7c51a20392?s=96&d=mm&r=g","url":"https:\/\/secure.gravatar.com\/avatar\/57de8e5d4b15d43fb361a71fbb36338450fe67865b528a43dd10ef7c51a20392?s=96&d=mm&r=g","contentUrl":"https:\/\/secure.gravatar.com\/avatar\/57de8e5d4b15d43fb361a71fbb36338450fe67865b528a43dd10ef7c51a20392?s=96&d=mm&r=g","caption":"La Sentinelle"},"sameAs":["http:\/\/www.lasentinelle.dz"],"url":"https:\/\/lasentinelle.dz\/author\/redaction\/"}]}},"_links":{"self":[{"href":"https:\/\/lasentinelle.dz\/index.php\/wp-json\/wp\/v2\/posts\/22751","targetHints":{"allow":["GET"]}}],"collection":[{"href":"https:\/\/lasentinelle.dz\/index.php\/wp-json\/wp\/v2\/posts"}],"about":[{"href":"https:\/\/lasentinelle.dz\/index.php\/wp-json\/wp\/v2\/types\/post"}],"author":[{"embeddable":true,"href":"https:\/\/lasentinelle.dz\/index.php\/wp-json\/wp\/v2\/users\/3"}],"replies":[{"embeddable":true,"href":"https:\/\/lasentinelle.dz\/index.php\/wp-json\/wp\/v2\/comments?post=22751"}],"version-history":[{"count":1,"href":"https:\/\/lasentinelle.dz\/index.php\/wp-json\/wp\/v2\/posts\/22751\/revisions"}],"predecessor-version":[{"id":22756,"href":"https:\/\/lasentinelle.dz\/index.php\/wp-json\/wp\/v2\/posts\/22751\/revisions\/22756"}],"wp:featuredmedia":[{"embeddable":true,"href":"https:\/\/lasentinelle.dz\/index.php\/wp-json\/wp\/v2\/media\/22755"}],"wp:attachment":[{"href":"https:\/\/lasentinelle.dz\/index.php\/wp-json\/wp\/v2\/media?parent=22751"}],"wp:term":[{"taxonomy":"category","embeddable":true,"href":"https:\/\/lasentinelle.dz\/index.php\/wp-json\/wp\/v2\/categories?post=22751"},{"taxonomy":"post_tag","embeddable":true,"href":"https:\/\/lasentinelle.dz\/index.php\/wp-json\/wp\/v2\/tags?post=22751"}],"curies":[{"name":"wp","href":"https:\/\/api.w.org\/{rel}","templated":true}]}}