{"id":22792,"date":"2022-06-21T00:05:00","date_gmt":"2022-06-20T23:05:00","guid":{"rendered":"https:\/\/lasentinelle.dz\/?p=22792"},"modified":"2022-06-20T20:34:43","modified_gmt":"2022-06-20T19:34:43","slug":"autoroute-est-ouest-inauguration-du-troncon-bouteldja-drean-debut-juillet","status":"publish","type":"post","link":"https:\/\/lasentinelle.dz\/index.php\/2022\/06\/21\/autoroute-est-ouest-inauguration-du-troncon-bouteldja-drean-debut-juillet\/","title":{"rendered":"Autoroute Est-Ouest\u00a0:\u00a0Inauguration du tron\u00e7on Bouteldja-Dr\u00e9an d\u00e9but juillet"},"content":{"rendered":"\n<p>L\u2019op\u00e9ration avait \u00e9t\u00e9 report\u00e9e en raison des r\u00e9serves \u00e9mises par la commission technique.<\/p>\n\n\n\n<p>S\u2019\u00e9tendant sur 52 km&nbsp;&nbsp;sur un total de 87 km, le dernier tron\u00e7on de l\u2019autoroute Est-Ouest qui traverse la wilaya d\u2019El Tarf&nbsp;&nbsp;en reliant Bouteldja \u00e0 Dr\u00e9an, sera&nbsp;&nbsp;officiellement inaugur\u00e9&nbsp;au&nbsp;d\u00e9but du mois de juillet prochain, a r\u00e9v\u00e9l\u00e9 une source interne \u00e0 la commission technique. Selon cette derni\u00e8re,&nbsp;&nbsp;l\u2019inauguration sera supervis\u00e9e par le ministre des&nbsp;Travaux publics, apr\u00e8s la lev\u00e9e de toutes les r\u00e9serves qui avait \u00e9t\u00e9 enregistr\u00e9es&nbsp;par la commission technique. Des r\u00e9serves qui, convient-il de le&nbsp;&nbsp;souligner, ont \u00e9t\u00e9 \u00e0 l\u2019origine du retard de l\u2019ouverture de&nbsp;ce tron\u00e7on routier&nbsp;&nbsp;rest\u00e9&nbsp;ferm\u00e9 devant la circulation, en d\u00e9pit de l\u2019ach\u00e8vement des travaux depuis un an d\u00e9j\u00e0, nous dit-on.&nbsp;En ce qui concerne&nbsp;la nature des r\u00e9serves,&nbsp;la m\u00eame source \u00e0 expliqu\u00e9 qu\u2019elles ont trait \u00e0 des \u00e9quipements secondaires et l&rsquo;\u00e9tat de la route entre autres r\u00e9serves prises&nbsp;&nbsp;en compte et trait\u00e9e avant l&rsquo;ouverture officielle de cette section routi\u00e8re&nbsp;&nbsp;attendue depuis plusieurs ann\u00e9es. C\u2019est pourquoi des parties et des automobilistes ont, depuis,&nbsp;revendiqu\u00e9 la n\u00e9cessit\u00e9 de l\u2019ouverture de cette route, devant contribuer&nbsp;\u00e0 la baisse&nbsp;de la pression du trafic routier sur les anciennes routes, notamment au niveau de Ben M\u2019Hidi et Besbes jusqu\u2019\u00e0 la commune de Bouteldja, aux portes dans la wilaya d\u2019El Tarf. Quant \u00e0 la tranche restante allant depuis Bouteldja jusqu\u2019aux fronti\u00e8res&nbsp;tunisiennes, les travaux sont en cours, selon la m\u00eame source, qui a indiqu\u00e9que&nbsp;&nbsp;le chantier&nbsp;est acc\u00e9l\u00e9r\u00e9&nbsp;afin que le tron\u00e7on soit livr\u00e9&nbsp;&nbsp;\u00e0 la fin de l&rsquo;ann\u00e9e en cours,&nbsp;ou au plus tard au&nbsp;d\u00e9but de 2023. Rappelons que&nbsp;la r\u00e9alisation des tron\u00e7on de&nbsp;l\u2019autoroute Est-Ouest dans la wilaya d\u2019El Tarf enregistrent&nbsp;un retard de 11 ans, comparativement au tron\u00e7on mis en service&nbsp;\u00e0&nbsp;Annaba et Constantine. Un retard d\u00fb notamment \u00e0 la nature montagneuse et rocheuse du&nbsp;terrain&nbsp;dans la wilaya d\u2019El Tarf. S\u2019ajoute \u00e0 cela, le d\u00e9part impromptu du consortium japonais Cojaal, dont le contrat a \u00e9t\u00e9 r\u00e9sili\u00e9 et attribu\u00e9 \u00e0 une entreprise nationale. Ainsi, ce tron\u00e7on enfin achev\u00e9, entrera en service selon la m\u00eame source, le 1er juillet \u00e0 l\u2019occasion de la c\u00e9l\u00e9bration de la f\u00eate de l\u2019Ind\u00e9pendance. Des festivit\u00e9s que les autorit\u00e9s locales de la wilaya d\u2019El Tarf pr\u00e9parent avec beaucoup de soins, car&nbsp;l&rsquo;\u00e9v\u00e9nement sera \u00e9galement une occasion pour la&nbsp;&nbsp;distribution de centaines de logements sociaux, ainsi que, le raccordement de plusieurs localit\u00e9s aux r\u00e9seaux vitaux,&nbsp;&nbsp;gaz et d\u2019\u00e9lectricit\u00e9, en l\u2019occurrence. Par ailleurs,&nbsp;&nbsp;de nouvelles structures de sant\u00e9 et scolaires seront inaugur\u00e9es, pour l\u2019occasion, alors que de nouveaux forages et r\u00e9servoirs d\u2019eau,&nbsp;de m\u00eame que&nbsp;plusieurs autres r\u00e9alisations et services pour l\u2019am\u00e9lioration du cadre de vie de la population, selon mis en service.<\/p>\n\n\n\n<p><strong>Sofia Chahine&nbsp;&nbsp;&nbsp;&nbsp;&nbsp;&nbsp;&nbsp;&nbsp;&nbsp;&nbsp;&nbsp;&nbsp;&nbsp;&nbsp;&nbsp;&nbsp;&nbsp;&nbsp;&nbsp;&nbsp;&nbsp;&nbsp;&nbsp;&nbsp;&nbsp;&nbsp;&nbsp;&nbsp;&nbsp;&nbsp;&nbsp;<\/strong><\/p>\n","protected":false},"excerpt":{"rendered":"<p>L\u2019op\u00e9ration avait \u00e9t\u00e9 report\u00e9e en raison des r\u00e9serves \u00e9mises par la commission technique. S\u2019\u00e9tendant sur 52 km&nbsp;&nbsp;sur un total de<\/p>\n","protected":false},"author":3,"featured_media":22815,"comment_status":"open","ping_status":"closed","sticky":false,"template":"","format":"standard","meta":{"colormag_page_container_layout":"default_layout","colormag_page_sidebar_layout":"default_layout","om_disable_all_campaigns":false,"_monsterinsights_skip_tracking":false,"_monsterinsights_sitenote_active":false,"_monsterinsights_sitenote_note":"","_monsterinsights_sitenote_category":0,"footnotes":"","_wpscppro_dont_share_socialmedia":false,"_wpscppro_custom_social_share_image":0,"_facebook_share_type":"","_twitter_share_type":"","_linkedin_share_type":"","_pinterest_share_type":"","_linkedin_share_type_page":"","_instagram_share_type":"","_medium_share_type":"","_threads_share_type":"","_google_business_share_type":"","_selected_social_profile":[],"_wpsp_enable_custom_social_template":false,"_wpsp_social_scheduling":{"enabled":false,"datetime":null,"platforms":[],"status":"template_only","dateOption":"today","timeOption":"now","customDays":"","customHours":"","customDate":"","customTime":"","schedulingType":"absolute"},"_wpsp_active_default_template":true},"categories":[52,27],"tags":[],"class_list":["post-22792","post","type-post","status-publish","format-standard","has-post-thumbnail","hentry","category-a-la-une","category-actualite"],"aioseo_notices":[],"yoast_head":"<!-- This site is optimized with the Yoast SEO plugin v27.5 - https:\/\/yoast.com\/product\/yoast-seo-wordpress\/ -->\n<title>Autoroute Est-Ouest\u00a0:\u00a0Inauguration du tron\u00e7on Bouteldja-Dr\u00e9an d\u00e9but juillet - La Sentinelle<\/title>\n<meta name=\"robots\" content=\"index, follow, max-snippet:-1, max-image-preview:large, max-video-preview:-1\" \/>\n<link rel=\"canonical\" href=\"https:\/\/lasentinelle.dz\/index.php\/2022\/06\/21\/autoroute-est-ouest-inauguration-du-troncon-bouteldja-drean-debut-juillet\/\" \/>\n<meta property=\"og:locale\" content=\"fr_FR\" \/>\n<meta property=\"og:type\" content=\"article\" \/>\n<meta property=\"og:title\" content=\"Autoroute Est-Ouest\u00a0:\u00a0Inauguration du tron\u00e7on Bouteldja-Dr\u00e9an d\u00e9but juillet - La Sentinelle\" \/>\n<meta property=\"og:description\" content=\"L\u2019op\u00e9ration avait \u00e9t\u00e9 report\u00e9e en raison des r\u00e9serves \u00e9mises par la commission technique. S\u2019\u00e9tendant sur 52 km&nbsp;&nbsp;sur un total de\" \/>\n<meta property=\"og:url\" content=\"https:\/\/lasentinelle.dz\/index.php\/2022\/06\/21\/autoroute-est-ouest-inauguration-du-troncon-bouteldja-drean-debut-juillet\/\" \/>\n<meta property=\"og:site_name\" content=\"La Sentinelle\" \/>\n<meta property=\"article:publisher\" content=\"https:\/\/www.facebook.com\/La-Sentinelle-104059864394773\" \/>\n<meta property=\"article:published_time\" content=\"2022-06-20T23:05:00+00:00\" \/>\n<meta property=\"og:image\" content=\"https:\/\/lasentinelle.dz\/wp-content\/uploads\/2022\/06\/Autoroute-Est-Ouest.png\" \/>\n\t<meta property=\"og:image:width\" content=\"1491\" \/>\n\t<meta property=\"og:image:height\" content=\"900\" \/>\n\t<meta property=\"og:image:type\" content=\"image\/png\" \/>\n<meta name=\"author\" content=\"La Sentinelle\" \/>\n<meta name=\"twitter:card\" content=\"summary_large_image\" \/>\n<meta name=\"twitter:label1\" content=\"\u00c9crit par\" \/>\n\t<meta name=\"twitter:data1\" content=\"La Sentinelle\" \/>\n\t<meta name=\"twitter:label2\" content=\"Dur\u00e9e de lecture estim\u00e9e\" \/>\n\t<meta name=\"twitter:data2\" content=\"3 minutes\" \/>\n<script type=\"application\/ld+json\" class=\"yoast-schema-graph\">{\"@context\":\"https:\\\/\\\/schema.org\",\"@graph\":[{\"@type\":\"Article\",\"@id\":\"https:\\\/\\\/lasentinelle.dz\\\/index.php\\\/2022\\\/06\\\/21\\\/autoroute-est-ouest-inauguration-du-troncon-bouteldja-drean-debut-juillet\\\/#article\",\"isPartOf\":{\"@id\":\"https:\\\/\\\/lasentinelle.dz\\\/index.php\\\/2022\\\/06\\\/21\\\/autoroute-est-ouest-inauguration-du-troncon-bouteldja-drean-debut-juillet\\\/\"},\"author\":{\"name\":\"La Sentinelle\",\"@id\":\"https:\\\/\\\/lasentinelle.dz\\\/#\\\/schema\\\/person\\\/d865044e22e70a75174ce8bcad3acfb3\"},\"headline\":\"Autoroute Est-Ouest\u00a0:\u00a0Inauguration du tron\u00e7on Bouteldja-Dr\u00e9an d\u00e9but juillet\",\"datePublished\":\"2022-06-20T23:05:00+00:00\",\"mainEntityOfPage\":{\"@id\":\"https:\\\/\\\/lasentinelle.dz\\\/index.php\\\/2022\\\/06\\\/21\\\/autoroute-est-ouest-inauguration-du-troncon-bouteldja-drean-debut-juillet\\\/\"},\"wordCount\":613,\"commentCount\":0,\"publisher\":{\"@id\":\"https:\\\/\\\/lasentinelle.dz\\\/#organization\"},\"image\":{\"@id\":\"https:\\\/\\\/lasentinelle.dz\\\/index.php\\\/2022\\\/06\\\/21\\\/autoroute-est-ouest-inauguration-du-troncon-bouteldja-drean-debut-juillet\\\/#primaryimage\"},\"thumbnailUrl\":\"https:\\\/\\\/lasentinelle.dz\\\/wp-content\\\/uploads\\\/2022\\\/06\\\/Autoroute-Est-Ouest.png\",\"articleSection\":[\"\u00c0 la Une\",\"Actualit\u00e9\"],\"inLanguage\":\"fr-FR\",\"potentialAction\":[{\"@type\":\"CommentAction\",\"name\":\"Comment\",\"target\":[\"https:\\\/\\\/lasentinelle.dz\\\/index.php\\\/2022\\\/06\\\/21\\\/autoroute-est-ouest-inauguration-du-troncon-bouteldja-drean-debut-juillet\\\/#respond\"]}]},{\"@type\":\"WebPage\",\"@id\":\"https:\\\/\\\/lasentinelle.dz\\\/index.php\\\/2022\\\/06\\\/21\\\/autoroute-est-ouest-inauguration-du-troncon-bouteldja-drean-debut-juillet\\\/\",\"url\":\"https:\\\/\\\/lasentinelle.dz\\\/index.php\\\/2022\\\/06\\\/21\\\/autoroute-est-ouest-inauguration-du-troncon-bouteldja-drean-debut-juillet\\\/\",\"name\":\"Autoroute Est-Ouest\u00a0:\u00a0Inauguration du tron\u00e7on Bouteldja-Dr\u00e9an d\u00e9but juillet - La Sentinelle\",\"isPartOf\":{\"@id\":\"https:\\\/\\\/lasentinelle.dz\\\/#website\"},\"primaryImageOfPage\":{\"@id\":\"https:\\\/\\\/lasentinelle.dz\\\/index.php\\\/2022\\\/06\\\/21\\\/autoroute-est-ouest-inauguration-du-troncon-bouteldja-drean-debut-juillet\\\/#primaryimage\"},\"image\":{\"@id\":\"https:\\\/\\\/lasentinelle.dz\\\/index.php\\\/2022\\\/06\\\/21\\\/autoroute-est-ouest-inauguration-du-troncon-bouteldja-drean-debut-juillet\\\/#primaryimage\"},\"thumbnailUrl\":\"https:\\\/\\\/lasentinelle.dz\\\/wp-content\\\/uploads\\\/2022\\\/06\\\/Autoroute-Est-Ouest.png\",\"datePublished\":\"2022-06-20T23:05:00+00:00\",\"breadcrumb\":{\"@id\":\"https:\\\/\\\/lasentinelle.dz\\\/index.php\\\/2022\\\/06\\\/21\\\/autoroute-est-ouest-inauguration-du-troncon-bouteldja-drean-debut-juillet\\\/#breadcrumb\"},\"inLanguage\":\"fr-FR\",\"potentialAction\":[{\"@type\":\"ReadAction\",\"target\":[\"https:\\\/\\\/lasentinelle.dz\\\/index.php\\\/2022\\\/06\\\/21\\\/autoroute-est-ouest-inauguration-du-troncon-bouteldja-drean-debut-juillet\\\/\"]}]},{\"@type\":\"ImageObject\",\"inLanguage\":\"fr-FR\",\"@id\":\"https:\\\/\\\/lasentinelle.dz\\\/index.php\\\/2022\\\/06\\\/21\\\/autoroute-est-ouest-inauguration-du-troncon-bouteldja-drean-debut-juillet\\\/#primaryimage\",\"url\":\"https:\\\/\\\/lasentinelle.dz\\\/wp-content\\\/uploads\\\/2022\\\/06\\\/Autoroute-Est-Ouest.png\",\"contentUrl\":\"https:\\\/\\\/lasentinelle.dz\\\/wp-content\\\/uploads\\\/2022\\\/06\\\/Autoroute-Est-Ouest.png\",\"width\":1491,\"height\":900},{\"@type\":\"BreadcrumbList\",\"@id\":\"https:\\\/\\\/lasentinelle.dz\\\/index.php\\\/2022\\\/06\\\/21\\\/autoroute-est-ouest-inauguration-du-troncon-bouteldja-drean-debut-juillet\\\/#breadcrumb\",\"itemListElement\":[{\"@type\":\"ListItem\",\"position\":1,\"name\":\"Accueil\",\"item\":\"https:\\\/\\\/lasentinelle.dz\\\/\"},{\"@type\":\"ListItem\",\"position\":2,\"name\":\"Autoroute Est-Ouest\u00a0:\u00a0Inauguration du tron\u00e7on Bouteldja-Dr\u00e9an d\u00e9but juillet\"}]},{\"@type\":\"WebSite\",\"@id\":\"https:\\\/\\\/lasentinelle.dz\\\/#website\",\"url\":\"https:\\\/\\\/lasentinelle.dz\\\/\",\"name\":\"La Sentinelle\",\"description\":\"Quotidien national d&#039;information\",\"publisher\":{\"@id\":\"https:\\\/\\\/lasentinelle.dz\\\/#organization\"},\"potentialAction\":[{\"@type\":\"SearchAction\",\"target\":{\"@type\":\"EntryPoint\",\"urlTemplate\":\"https:\\\/\\\/lasentinelle.dz\\\/?s={search_term_string}\"},\"query-input\":{\"@type\":\"PropertyValueSpecification\",\"valueRequired\":true,\"valueName\":\"search_term_string\"}}],\"inLanguage\":\"fr-FR\"},{\"@type\":\"Organization\",\"@id\":\"https:\\\/\\\/lasentinelle.dz\\\/#organization\",\"name\":\"Quotidien La Sentinelle\",\"url\":\"https:\\\/\\\/lasentinelle.dz\\\/\",\"logo\":{\"@type\":\"ImageObject\",\"inLanguage\":\"fr-FR\",\"@id\":\"https:\\\/\\\/lasentinelle.dz\\\/#\\\/schema\\\/logo\\\/image\\\/\",\"url\":\"https:\\\/\\\/lasentinelle.dz\\\/wp-content\\\/uploads\\\/2021\\\/09\\\/logo-sentinelleSLOGAN-1.png\",\"contentUrl\":\"https:\\\/\\\/lasentinelle.dz\\\/wp-content\\\/uploads\\\/2021\\\/09\\\/logo-sentinelleSLOGAN-1.png\",\"width\":615,\"height\":142,\"caption\":\"Quotidien La Sentinelle\"},\"image\":{\"@id\":\"https:\\\/\\\/lasentinelle.dz\\\/#\\\/schema\\\/logo\\\/image\\\/\"},\"sameAs\":[\"https:\\\/\\\/www.facebook.com\\\/La-Sentinelle-104059864394773\"]},{\"@type\":\"Person\",\"@id\":\"https:\\\/\\\/lasentinelle.dz\\\/#\\\/schema\\\/person\\\/d865044e22e70a75174ce8bcad3acfb3\",\"name\":\"La Sentinelle\",\"image\":{\"@type\":\"ImageObject\",\"inLanguage\":\"fr-FR\",\"@id\":\"https:\\\/\\\/secure.gravatar.com\\\/avatar\\\/57de8e5d4b15d43fb361a71fbb36338450fe67865b528a43dd10ef7c51a20392?s=96&d=mm&r=g\",\"url\":\"https:\\\/\\\/secure.gravatar.com\\\/avatar\\\/57de8e5d4b15d43fb361a71fbb36338450fe67865b528a43dd10ef7c51a20392?s=96&d=mm&r=g\",\"contentUrl\":\"https:\\\/\\\/secure.gravatar.com\\\/avatar\\\/57de8e5d4b15d43fb361a71fbb36338450fe67865b528a43dd10ef7c51a20392?s=96&d=mm&r=g\",\"caption\":\"La Sentinelle\"},\"sameAs\":[\"http:\\\/\\\/www.lasentinelle.dz\"],\"url\":\"https:\\\/\\\/lasentinelle.dz\\\/author\\\/redaction\\\/\"}]}<\/script>\n<!-- \/ Yoast SEO plugin. -->","yoast_head_json":{"title":"Autoroute Est-Ouest\u00a0:\u00a0Inauguration du tron\u00e7on Bouteldja-Dr\u00e9an d\u00e9but juillet - La Sentinelle","robots":{"index":"index","follow":"follow","max-snippet":"max-snippet:-1","max-image-preview":"max-image-preview:large","max-video-preview":"max-video-preview:-1"},"canonical":"https:\/\/lasentinelle.dz\/index.php\/2022\/06\/21\/autoroute-est-ouest-inauguration-du-troncon-bouteldja-drean-debut-juillet\/","og_locale":"fr_FR","og_type":"article","og_title":"Autoroute Est-Ouest\u00a0:\u00a0Inauguration du tron\u00e7on Bouteldja-Dr\u00e9an d\u00e9but juillet - La Sentinelle","og_description":"L\u2019op\u00e9ration avait \u00e9t\u00e9 report\u00e9e en raison des r\u00e9serves \u00e9mises par la commission technique. S\u2019\u00e9tendant sur 52 km&nbsp;&nbsp;sur un total de","og_url":"https:\/\/lasentinelle.dz\/index.php\/2022\/06\/21\/autoroute-est-ouest-inauguration-du-troncon-bouteldja-drean-debut-juillet\/","og_site_name":"La Sentinelle","article_publisher":"https:\/\/www.facebook.com\/La-Sentinelle-104059864394773","article_published_time":"2022-06-20T23:05:00+00:00","og_image":[{"width":1491,"height":900,"url":"https:\/\/lasentinelle.dz\/wp-content\/uploads\/2022\/06\/Autoroute-Est-Ouest.png","type":"image\/png"}],"author":"La Sentinelle","twitter_card":"summary_large_image","twitter_misc":{"\u00c9crit par":"La Sentinelle","Dur\u00e9e de lecture estim\u00e9e":"3 minutes"},"schema":{"@context":"https:\/\/schema.org","@graph":[{"@type":"Article","@id":"https:\/\/lasentinelle.dz\/index.php\/2022\/06\/21\/autoroute-est-ouest-inauguration-du-troncon-bouteldja-drean-debut-juillet\/#article","isPartOf":{"@id":"https:\/\/lasentinelle.dz\/index.php\/2022\/06\/21\/autoroute-est-ouest-inauguration-du-troncon-bouteldja-drean-debut-juillet\/"},"author":{"name":"La Sentinelle","@id":"https:\/\/lasentinelle.dz\/#\/schema\/person\/d865044e22e70a75174ce8bcad3acfb3"},"headline":"Autoroute Est-Ouest\u00a0:\u00a0Inauguration du tron\u00e7on Bouteldja-Dr\u00e9an d\u00e9but juillet","datePublished":"2022-06-20T23:05:00+00:00","mainEntityOfPage":{"@id":"https:\/\/lasentinelle.dz\/index.php\/2022\/06\/21\/autoroute-est-ouest-inauguration-du-troncon-bouteldja-drean-debut-juillet\/"},"wordCount":613,"commentCount":0,"publisher":{"@id":"https:\/\/lasentinelle.dz\/#organization"},"image":{"@id":"https:\/\/lasentinelle.dz\/index.php\/2022\/06\/21\/autoroute-est-ouest-inauguration-du-troncon-bouteldja-drean-debut-juillet\/#primaryimage"},"thumbnailUrl":"https:\/\/lasentinelle.dz\/wp-content\/uploads\/2022\/06\/Autoroute-Est-Ouest.png","articleSection":["\u00c0 la Une","Actualit\u00e9"],"inLanguage":"fr-FR","potentialAction":[{"@type":"CommentAction","name":"Comment","target":["https:\/\/lasentinelle.dz\/index.php\/2022\/06\/21\/autoroute-est-ouest-inauguration-du-troncon-bouteldja-drean-debut-juillet\/#respond"]}]},{"@type":"WebPage","@id":"https:\/\/lasentinelle.dz\/index.php\/2022\/06\/21\/autoroute-est-ouest-inauguration-du-troncon-bouteldja-drean-debut-juillet\/","url":"https:\/\/lasentinelle.dz\/index.php\/2022\/06\/21\/autoroute-est-ouest-inauguration-du-troncon-bouteldja-drean-debut-juillet\/","name":"Autoroute Est-Ouest\u00a0:\u00a0Inauguration du tron\u00e7on Bouteldja-Dr\u00e9an d\u00e9but juillet - La Sentinelle","isPartOf":{"@id":"https:\/\/lasentinelle.dz\/#website"},"primaryImageOfPage":{"@id":"https:\/\/lasentinelle.dz\/index.php\/2022\/06\/21\/autoroute-est-ouest-inauguration-du-troncon-bouteldja-drean-debut-juillet\/#primaryimage"},"image":{"@id":"https:\/\/lasentinelle.dz\/index.php\/2022\/06\/21\/autoroute-est-ouest-inauguration-du-troncon-bouteldja-drean-debut-juillet\/#primaryimage"},"thumbnailUrl":"https:\/\/lasentinelle.dz\/wp-content\/uploads\/2022\/06\/Autoroute-Est-Ouest.png","datePublished":"2022-06-20T23:05:00+00:00","breadcrumb":{"@id":"https:\/\/lasentinelle.dz\/index.php\/2022\/06\/21\/autoroute-est-ouest-inauguration-du-troncon-bouteldja-drean-debut-juillet\/#breadcrumb"},"inLanguage":"fr-FR","potentialAction":[{"@type":"ReadAction","target":["https:\/\/lasentinelle.dz\/index.php\/2022\/06\/21\/autoroute-est-ouest-inauguration-du-troncon-bouteldja-drean-debut-juillet\/"]}]},{"@type":"ImageObject","inLanguage":"fr-FR","@id":"https:\/\/lasentinelle.dz\/index.php\/2022\/06\/21\/autoroute-est-ouest-inauguration-du-troncon-bouteldja-drean-debut-juillet\/#primaryimage","url":"https:\/\/lasentinelle.dz\/wp-content\/uploads\/2022\/06\/Autoroute-Est-Ouest.png","contentUrl":"https:\/\/lasentinelle.dz\/wp-content\/uploads\/2022\/06\/Autoroute-Est-Ouest.png","width":1491,"height":900},{"@type":"BreadcrumbList","@id":"https:\/\/lasentinelle.dz\/index.php\/2022\/06\/21\/autoroute-est-ouest-inauguration-du-troncon-bouteldja-drean-debut-juillet\/#breadcrumb","itemListElement":[{"@type":"ListItem","position":1,"name":"Accueil","item":"https:\/\/lasentinelle.dz\/"},{"@type":"ListItem","position":2,"name":"Autoroute Est-Ouest\u00a0:\u00a0Inauguration du tron\u00e7on Bouteldja-Dr\u00e9an d\u00e9but juillet"}]},{"@type":"WebSite","@id":"https:\/\/lasentinelle.dz\/#website","url":"https:\/\/lasentinelle.dz\/","name":"La Sentinelle","description":"Quotidien national d&#039;information","publisher":{"@id":"https:\/\/lasentinelle.dz\/#organization"},"potentialAction":[{"@type":"SearchAction","target":{"@type":"EntryPoint","urlTemplate":"https:\/\/lasentinelle.dz\/?s={search_term_string}"},"query-input":{"@type":"PropertyValueSpecification","valueRequired":true,"valueName":"search_term_string"}}],"inLanguage":"fr-FR"},{"@type":"Organization","@id":"https:\/\/lasentinelle.dz\/#organization","name":"Quotidien La Sentinelle","url":"https:\/\/lasentinelle.dz\/","logo":{"@type":"ImageObject","inLanguage":"fr-FR","@id":"https:\/\/lasentinelle.dz\/#\/schema\/logo\/image\/","url":"https:\/\/lasentinelle.dz\/wp-content\/uploads\/2021\/09\/logo-sentinelleSLOGAN-1.png","contentUrl":"https:\/\/lasentinelle.dz\/wp-content\/uploads\/2021\/09\/logo-sentinelleSLOGAN-1.png","width":615,"height":142,"caption":"Quotidien La Sentinelle"},"image":{"@id":"https:\/\/lasentinelle.dz\/#\/schema\/logo\/image\/"},"sameAs":["https:\/\/www.facebook.com\/La-Sentinelle-104059864394773"]},{"@type":"Person","@id":"https:\/\/lasentinelle.dz\/#\/schema\/person\/d865044e22e70a75174ce8bcad3acfb3","name":"La Sentinelle","image":{"@type":"ImageObject","inLanguage":"fr-FR","@id":"https:\/\/secure.gravatar.com\/avatar\/57de8e5d4b15d43fb361a71fbb36338450fe67865b528a43dd10ef7c51a20392?s=96&d=mm&r=g","url":"https:\/\/secure.gravatar.com\/avatar\/57de8e5d4b15d43fb361a71fbb36338450fe67865b528a43dd10ef7c51a20392?s=96&d=mm&r=g","contentUrl":"https:\/\/secure.gravatar.com\/avatar\/57de8e5d4b15d43fb361a71fbb36338450fe67865b528a43dd10ef7c51a20392?s=96&d=mm&r=g","caption":"La Sentinelle"},"sameAs":["http:\/\/www.lasentinelle.dz"],"url":"https:\/\/lasentinelle.dz\/author\/redaction\/"}]}},"_links":{"self":[{"href":"https:\/\/lasentinelle.dz\/index.php\/wp-json\/wp\/v2\/posts\/22792","targetHints":{"allow":["GET"]}}],"collection":[{"href":"https:\/\/lasentinelle.dz\/index.php\/wp-json\/wp\/v2\/posts"}],"about":[{"href":"https:\/\/lasentinelle.dz\/index.php\/wp-json\/wp\/v2\/types\/post"}],"author":[{"embeddable":true,"href":"https:\/\/lasentinelle.dz\/index.php\/wp-json\/wp\/v2\/users\/3"}],"replies":[{"embeddable":true,"href":"https:\/\/lasentinelle.dz\/index.php\/wp-json\/wp\/v2\/comments?post=22792"}],"version-history":[{"count":1,"href":"https:\/\/lasentinelle.dz\/index.php\/wp-json\/wp\/v2\/posts\/22792\/revisions"}],"predecessor-version":[{"id":22816,"href":"https:\/\/lasentinelle.dz\/index.php\/wp-json\/wp\/v2\/posts\/22792\/revisions\/22816"}],"wp:featuredmedia":[{"embeddable":true,"href":"https:\/\/lasentinelle.dz\/index.php\/wp-json\/wp\/v2\/media\/22815"}],"wp:attachment":[{"href":"https:\/\/lasentinelle.dz\/index.php\/wp-json\/wp\/v2\/media?parent=22792"}],"wp:term":[{"taxonomy":"category","embeddable":true,"href":"https:\/\/lasentinelle.dz\/index.php\/wp-json\/wp\/v2\/categories?post=22792"},{"taxonomy":"post_tag","embeddable":true,"href":"https:\/\/lasentinelle.dz\/index.php\/wp-json\/wp\/v2\/tags?post=22792"}],"curies":[{"name":"wp","href":"https:\/\/api.w.org\/{rel}","templated":true}]}}