{"id":22808,"date":"2022-06-21T00:05:00","date_gmt":"2022-06-20T23:05:00","guid":{"rendered":"https:\/\/lasentinelle.dz\/?p=22808"},"modified":"2022-06-20T20:34:19","modified_gmt":"2022-06-20T19:34:19","slug":"le-gazoduc-doit-relier-directement-lalgerie-a-litalie-vers-la-reactivation-du-galsi","status":"publish","type":"post","link":"https:\/\/lasentinelle.dz\/index.php\/2022\/06\/21\/le-gazoduc-doit-relier-directement-lalgerie-a-litalie-vers-la-reactivation-du-galsi\/","title":{"rendered":"Le Gazoduc doit relier directement l\u2019Alg\u00e9rie \u00e0 l\u2019Italie\u00a0: Vers la r\u00e9activation du Galsi\u00a0?"},"content":{"rendered":"\n<p>L\u2019Alg\u00e9rie compte multiplier les investissements afin d\u2019augmenter ses capacit\u00e9s de productions d\u2019hydrocarbures, notamment en gaz, mais aussi consolider ses positions sur le march\u00e9 europ\u00e9en du gaz. Le ministre de l\u2019\u00c9nergie et des Mines a indiqu\u00e9, dans un entretien au quotidien allemand Der Spiegel, que l\u2019Alg\u00e9rie pr\u00e9voit des investissements de 39 milliards de dollars et compte sur la r\u00e9alisation de plusieurs gazoducs pour augmenter les livraisons de gaz \u00e0 l\u2019Europe, notamment le gazoduc transsaharien, mais aussi Galsi, dont la r\u00e9alisation pourrait \u00eatre r\u00e9activ\u00e9e apr\u00e8s avoir \u00e9t\u00e9 mise en veille par le pass\u00e9.&nbsp;<\/p>\n\n\n\n<p>L\u2019Alg\u00e9rie a les capacit\u00e9s d\u2019augmenter ses approvisionnements en gaz vers l\u2019Europe, qui a toujours \u00e9t\u00e9 son march\u00e9 traditionnel, a assur\u00e9 au cours de l\u2019entretien paru dimanche, Mohamed Arkab. Il souligne \u00e0 cet effet que l\u2019Alg\u00e9rie dispose de r\u00e9serves importantes dont la moiti\u00e9 reste inexploit\u00e9es, et qui constituent un potentiel sur lequel il est n\u00e9cessaire d\u2019investir. \u00ab&nbsp;Nous avons int\u00e9r\u00eat \u00e0 \u00e9tendre nos activit\u00e9s avec l&rsquo;Europe et pouvons augmenter consid\u00e9rablement la production de gaz naturel en peu de temps. Environ la moiti\u00e9 de nos r\u00e9serves de gaz n&rsquo;a&nbsp;pas encore \u00e9t\u00e9 exploit\u00e9es&nbsp;\u00bb, a-t-il affirm\u00e9.&nbsp;Aussi, le ministre souligne que si l\u2019Alg\u00e9rie est dispos\u00e9e \u00e0 \u00e9tendre ses livraisons \u00e0 l\u2019Europe, il estime que cela doit se faire dans le cadre d\u2019une d\u00e9marche de partenariat gagnant-gagnant, qui d\u00e9passe le simple cadre commercial pour s\u2019\u00e9tendre \u00e0 l\u2019investissement dans l\u2019amont hydrocarbures, mais aussi les \u00c9nergies renouvelables, notamment l\u2019Hydrog\u00e8ne vert, mettant en avant le partenariat entre Sonatrach et l\u2019Italien Eni comme exemple. \u00ab&nbsp;Si l&rsquo;Allemagne veut nous acheter du gaz, alors ouvrez de nouveaux gisements avec nous, comme&nbsp;l\u2019ont fait&nbsp;les Italiens&nbsp;du&nbsp;groupe ENI&nbsp;\u00bb, a r\u00e9pondu Arkab \u00e0 une question \u00e0 ce propos.&nbsp;Et d\u2019ajouter&nbsp;: \u00abNous avons un programme ambitieux de 39 milliards de dollars pour accro\u00eetre la production dans le secteur p\u00e9trolier et gazier d&rsquo;ici 2026.&nbsp;Sonatrach&nbsp;l\u00e8vera la majorit\u00e9&nbsp;des fonds&nbsp;et nous recherchons des partenaires pour le reste. Nous esp\u00e9rons que les Europ\u00e9ens ne changeront pas de cap et&nbsp;ne&nbsp;nous laisseront&nbsp;pas&nbsp;seuls avec les investissements&nbsp;\u00bb a expliqu\u00e9 le ministre qui a soulign\u00e9 que \u00ab&nbsp;pendant longtemps, l&rsquo;Europe a d\u00e9fendu la protection de l&rsquo;environnement et n&rsquo;a fait aucune distinction entre le p\u00e9trole et le gaz. En cons\u00e9quence, aucun investissement n&rsquo;a \u00e9t\u00e9 r\u00e9alis\u00e9&nbsp;\u00bb.<\/p>\n\n\n\n<p>Le ministre de l\u2019\u00c9nergie et des Mines a \u00e9galement indiqu\u00e9 que l\u2019Alg\u00e9rie entend&nbsp;\u00ab&nbsp;investir les revenus de la vente de gaz dans la transition \u00e9nerg\u00e9tique, qui est notre priorit\u00e9.&nbsp;\u00bb Il souligne cependant que \u00ab&nbsp;nous avons besoin de partenaires, de pr\u00e9f\u00e9rence l&rsquo;Allemagne. Nous avons construit le premier syst\u00e8me photovolta\u00efque avec une participation allemande dans le sud de l&rsquo;Alg\u00e9rie. Et nous aimerions travailler avec l&rsquo;Allemagne sur la production d&rsquo;hydrog\u00e8ne vert&nbsp;\u00bb.&nbsp;\u00ab&nbsp;Nous pouvons devenir un partenaire dans les \u00e9nergies renouvelables. L&rsquo;Alg\u00e9rie a 3000 heures d&rsquo;ensoleillement par an et nous avons l&rsquo;espace n\u00e9cessaire pour le photovolta\u00efque. Avec des lignes \u00e9lectriques sous-marines traversant la mer M\u00e9diterran\u00e9e, nous pourrions fournir \u00e0 l&rsquo;Europe une \u00e9nergie propre et renouvelable&nbsp;\u00bb, a-t-il assur\u00e9.<\/p>\n\n\n\n<p><strong>L\u2019Alg\u00e9rie est un fournisseur fiable<\/strong><\/p>\n\n\n\n<p>Interrog\u00e9 sur les r\u00e9centes tensions diplomatiques avec l\u2019Espagne, le ministre de l\u2019\u00c9nergie et des Mines a rappel\u00e9 que cette question n\u2019a aucun impact sur les livraisons de gaz \u00e0 l\u2019Europe. \u00ab&nbsp;Nous avons prolong\u00e9 les contrats avec l&rsquo;Espagne et il n&rsquo;y a eu aucun probl\u00e8me. L&rsquo;Alg\u00e9rie honore ses obligations&nbsp;contractuelles&nbsp;et les honorera toujours. Nous avons toujours \u00e9t\u00e9 un fournisseur fiable pour l&rsquo;Europe&nbsp;\u00bb, a-t-il r\u00e9affirm\u00e9.<\/p>\n\n\n\n<p>Il a \u00e9galement assur\u00e9 que l\u2019Alg\u00e9rie dispose de toutes les capacit\u00e9s de transports pour assurer l\u2019approvisionnement de l\u2019Europe en gaz. Ainsi et au-del\u00e0 de ses deux gazoducs Medgaz reliant l\u2019Alg\u00e9rie \u00e0 l\u2019Espagne et le gazoduc Enrico Mattei reliant l\u2019Alg\u00e9rie \u00e0 l\u2019Italie via la Tunisie, Mohamed Arkab met en avant les capacit\u00e9s d\u2019exportation en GNL. Il a \u00e9galement \u00e9voqu\u00e9 la possibilit\u00e9 de r\u00e9activer le projet de r\u00e9alisation d\u2019un second gazoduc devant relier l\u2019Alg\u00e9rie \u00e0 l\u2019Italie via la Sardaigne, le Galsi. Un Gazoduc d\u2019une longueur de moins de 300 km, qui a avait \u00e9t\u00e9 mis en berne durant les ann\u00e9es 2000 au regard du peu d\u2019int\u00e9r\u00eat des Europ\u00e9ens d\u2019augmenter leurs approvisionnements en gaz alg\u00e9rien.&nbsp;<\/p>\n\n\n\n<p>Un projet qui retrouve tout son int\u00e9r\u00eat au regard de la conjoncture actuelle et de la volont\u00e9 affich\u00e9 par les Europ\u00e9ens de diversifier leurs approvisionnements gaziers, mais aussi de la perspective de la r\u00e9alisation \u00e0 moyen du Gazoduc transsaharien devant acheminer le gaz nig\u00e9rian vers le bassin m\u00e9diterran\u00e9en via l\u2019Alg\u00e9rie, en sus de la perspective ouverte par l\u2019exportation d\u2019hydrog\u00e8ne vert \u00e0 long terme.&nbsp;<\/p>\n\n\n\n<p>Dans ce contexte le ministre de l\u2019\u00c9nergie et des Mines a rappel\u00e9 que l\u2019Alg\u00e9rie travaille avec ses partenaires que le gazoduc&nbsp;transsaharien de 4 000 kilom\u00e8tres reliant le Nig\u00e9ria \u00e0 l&rsquo;Alg\u00e9rie via le Niger.&nbsp;\u00ab&nbsp;De nombreuses infrastructures ont d\u00e9j\u00e0 \u00e9t\u00e9 cr\u00e9\u00e9es en Alg\u00e9rie. Le gazoduc peut \u00eatre achev\u00e9 en trois ans et nous pouvons transporter 20 \u00e0 30 milliards de m\u00e8tres cubes de gaz depuis le Nigeria&nbsp;\u00bb, a-t-il indiqu\u00e9.&nbsp;Interrog\u00e9 sur le projet de gazoduc marocain, le ministre de l\u2019\u00c9nergie et des Mines a indiqu\u00e9&nbsp;: \u00ab&nbsp;Notre pipeline est plus s\u00fbr et il est \u00e9conomiquement viable. L&rsquo;autre&nbsp;pipetraverserait 12 pays sur 6 000 kilom\u00e8tres et une partie traverserait l&rsquo;Atlantique. C&rsquo;est infiniment plus compliqu\u00e9. Et le financement n&rsquo;est pas clair non plus. L&rsquo;Alg\u00e9rie, en revanche, a les moyens et est dispos\u00e9e \u00e0 financer une grande partie du gazoduc transsaharien&nbsp;\u00bb.<\/p>\n\n\n\n<p><strong>Samira Ghrib<\/strong><\/p>\n","protected":false},"excerpt":{"rendered":"<p>L\u2019Alg\u00e9rie compte multiplier les investissements afin d\u2019augmenter ses capacit\u00e9s de productions d\u2019hydrocarbures, notamment en gaz, mais aussi consolider ses positions<\/p>\n","protected":false},"author":3,"featured_media":22809,"comment_status":"open","ping_status":"closed","sticky":false,"template":"","format":"standard","meta":{"colormag_page_container_layout":"default_layout","colormag_page_sidebar_layout":"default_layout","om_disable_all_campaigns":false,"_monsterinsights_skip_tracking":false,"_monsterinsights_sitenote_active":false,"_monsterinsights_sitenote_note":"","_monsterinsights_sitenote_category":0,"footnotes":"","_wpscppro_dont_share_socialmedia":false,"_wpscppro_custom_social_share_image":0,"_facebook_share_type":"","_twitter_share_type":"","_linkedin_share_type":"","_pinterest_share_type":"","_linkedin_share_type_page":"","_instagram_share_type":"","_medium_share_type":"","_threads_share_type":"","_google_business_share_type":"","_selected_social_profile":[],"_wpsp_enable_custom_social_template":false,"_wpsp_social_scheduling":{"enabled":false,"datetime":null,"platforms":[],"status":"template_only","dateOption":"today","timeOption":"now","customDays":"","customHours":"","customDate":"","customTime":"","schedulingType":"absolute"},"_wpsp_active_default_template":true},"categories":[52,29],"tags":[],"class_list":["post-22808","post","type-post","status-publish","format-standard","has-post-thumbnail","hentry","category-a-la-une","category-economie"],"aioseo_notices":[],"yoast_head":"<!-- This site is optimized with the Yoast SEO plugin v27.5 - https:\/\/yoast.com\/product\/yoast-seo-wordpress\/ -->\n<title>Le Gazoduc doit relier directement l\u2019Alg\u00e9rie \u00e0 l\u2019Italie\u00a0: Vers la r\u00e9activation du Galsi\u00a0? - La Sentinelle<\/title>\n<meta name=\"robots\" content=\"index, follow, max-snippet:-1, max-image-preview:large, max-video-preview:-1\" \/>\n<link rel=\"canonical\" href=\"https:\/\/lasentinelle.dz\/index.php\/2022\/06\/21\/le-gazoduc-doit-relier-directement-lalgerie-a-litalie-vers-la-reactivation-du-galsi\/\" \/>\n<meta property=\"og:locale\" content=\"fr_FR\" \/>\n<meta property=\"og:type\" content=\"article\" \/>\n<meta property=\"og:title\" content=\"Le Gazoduc doit relier directement l\u2019Alg\u00e9rie \u00e0 l\u2019Italie\u00a0: Vers la r\u00e9activation du Galsi\u00a0? - La Sentinelle\" \/>\n<meta property=\"og:description\" content=\"L\u2019Alg\u00e9rie compte multiplier les investissements afin d\u2019augmenter ses capacit\u00e9s de productions d\u2019hydrocarbures, notamment en gaz, mais aussi consolider ses positions\" \/>\n<meta property=\"og:url\" content=\"https:\/\/lasentinelle.dz\/index.php\/2022\/06\/21\/le-gazoduc-doit-relier-directement-lalgerie-a-litalie-vers-la-reactivation-du-galsi\/\" \/>\n<meta property=\"og:site_name\" content=\"La Sentinelle\" \/>\n<meta property=\"article:publisher\" content=\"https:\/\/www.facebook.com\/La-Sentinelle-104059864394773\" \/>\n<meta property=\"article:published_time\" content=\"2022-06-20T23:05:00+00:00\" \/>\n<meta property=\"og:image\" content=\"https:\/\/lasentinelle.dz\/wp-content\/uploads\/2022\/06\/Arkab.png\" \/>\n\t<meta property=\"og:image:width\" content=\"1351\" \/>\n\t<meta property=\"og:image:height\" content=\"900\" \/>\n\t<meta property=\"og:image:type\" content=\"image\/png\" \/>\n<meta name=\"author\" content=\"La Sentinelle\" \/>\n<meta name=\"twitter:card\" content=\"summary_large_image\" \/>\n<meta name=\"twitter:label1\" content=\"\u00c9crit par\" \/>\n\t<meta name=\"twitter:data1\" content=\"La Sentinelle\" \/>\n\t<meta name=\"twitter:label2\" content=\"Dur\u00e9e de lecture estim\u00e9e\" \/>\n\t<meta name=\"twitter:data2\" content=\"5 minutes\" \/>\n<script type=\"application\/ld+json\" class=\"yoast-schema-graph\">{\"@context\":\"https:\\\/\\\/schema.org\",\"@graph\":[{\"@type\":\"Article\",\"@id\":\"https:\\\/\\\/lasentinelle.dz\\\/index.php\\\/2022\\\/06\\\/21\\\/le-gazoduc-doit-relier-directement-lalgerie-a-litalie-vers-la-reactivation-du-galsi\\\/#article\",\"isPartOf\":{\"@id\":\"https:\\\/\\\/lasentinelle.dz\\\/index.php\\\/2022\\\/06\\\/21\\\/le-gazoduc-doit-relier-directement-lalgerie-a-litalie-vers-la-reactivation-du-galsi\\\/\"},\"author\":{\"name\":\"La Sentinelle\",\"@id\":\"https:\\\/\\\/lasentinelle.dz\\\/#\\\/schema\\\/person\\\/d865044e22e70a75174ce8bcad3acfb3\"},\"headline\":\"Le Gazoduc doit relier directement l\u2019Alg\u00e9rie \u00e0 l\u2019Italie\u00a0: Vers la r\u00e9activation du Galsi\u00a0?\",\"datePublished\":\"2022-06-20T23:05:00+00:00\",\"mainEntityOfPage\":{\"@id\":\"https:\\\/\\\/lasentinelle.dz\\\/index.php\\\/2022\\\/06\\\/21\\\/le-gazoduc-doit-relier-directement-lalgerie-a-litalie-vers-la-reactivation-du-galsi\\\/\"},\"wordCount\":1061,\"commentCount\":0,\"publisher\":{\"@id\":\"https:\\\/\\\/lasentinelle.dz\\\/#organization\"},\"image\":{\"@id\":\"https:\\\/\\\/lasentinelle.dz\\\/index.php\\\/2022\\\/06\\\/21\\\/le-gazoduc-doit-relier-directement-lalgerie-a-litalie-vers-la-reactivation-du-galsi\\\/#primaryimage\"},\"thumbnailUrl\":\"https:\\\/\\\/lasentinelle.dz\\\/wp-content\\\/uploads\\\/2022\\\/06\\\/Arkab.png\",\"articleSection\":[\"\u00c0 la Une\",\"\u00c9conomie\"],\"inLanguage\":\"fr-FR\",\"potentialAction\":[{\"@type\":\"CommentAction\",\"name\":\"Comment\",\"target\":[\"https:\\\/\\\/lasentinelle.dz\\\/index.php\\\/2022\\\/06\\\/21\\\/le-gazoduc-doit-relier-directement-lalgerie-a-litalie-vers-la-reactivation-du-galsi\\\/#respond\"]}]},{\"@type\":\"WebPage\",\"@id\":\"https:\\\/\\\/lasentinelle.dz\\\/index.php\\\/2022\\\/06\\\/21\\\/le-gazoduc-doit-relier-directement-lalgerie-a-litalie-vers-la-reactivation-du-galsi\\\/\",\"url\":\"https:\\\/\\\/lasentinelle.dz\\\/index.php\\\/2022\\\/06\\\/21\\\/le-gazoduc-doit-relier-directement-lalgerie-a-litalie-vers-la-reactivation-du-galsi\\\/\",\"name\":\"Le Gazoduc doit relier directement l\u2019Alg\u00e9rie \u00e0 l\u2019Italie\u00a0: Vers la r\u00e9activation du Galsi\u00a0? - La Sentinelle\",\"isPartOf\":{\"@id\":\"https:\\\/\\\/lasentinelle.dz\\\/#website\"},\"primaryImageOfPage\":{\"@id\":\"https:\\\/\\\/lasentinelle.dz\\\/index.php\\\/2022\\\/06\\\/21\\\/le-gazoduc-doit-relier-directement-lalgerie-a-litalie-vers-la-reactivation-du-galsi\\\/#primaryimage\"},\"image\":{\"@id\":\"https:\\\/\\\/lasentinelle.dz\\\/index.php\\\/2022\\\/06\\\/21\\\/le-gazoduc-doit-relier-directement-lalgerie-a-litalie-vers-la-reactivation-du-galsi\\\/#primaryimage\"},\"thumbnailUrl\":\"https:\\\/\\\/lasentinelle.dz\\\/wp-content\\\/uploads\\\/2022\\\/06\\\/Arkab.png\",\"datePublished\":\"2022-06-20T23:05:00+00:00\",\"breadcrumb\":{\"@id\":\"https:\\\/\\\/lasentinelle.dz\\\/index.php\\\/2022\\\/06\\\/21\\\/le-gazoduc-doit-relier-directement-lalgerie-a-litalie-vers-la-reactivation-du-galsi\\\/#breadcrumb\"},\"inLanguage\":\"fr-FR\",\"potentialAction\":[{\"@type\":\"ReadAction\",\"target\":[\"https:\\\/\\\/lasentinelle.dz\\\/index.php\\\/2022\\\/06\\\/21\\\/le-gazoduc-doit-relier-directement-lalgerie-a-litalie-vers-la-reactivation-du-galsi\\\/\"]}]},{\"@type\":\"ImageObject\",\"inLanguage\":\"fr-FR\",\"@id\":\"https:\\\/\\\/lasentinelle.dz\\\/index.php\\\/2022\\\/06\\\/21\\\/le-gazoduc-doit-relier-directement-lalgerie-a-litalie-vers-la-reactivation-du-galsi\\\/#primaryimage\",\"url\":\"https:\\\/\\\/lasentinelle.dz\\\/wp-content\\\/uploads\\\/2022\\\/06\\\/Arkab.png\",\"contentUrl\":\"https:\\\/\\\/lasentinelle.dz\\\/wp-content\\\/uploads\\\/2022\\\/06\\\/Arkab.png\",\"width\":1351,\"height\":900},{\"@type\":\"BreadcrumbList\",\"@id\":\"https:\\\/\\\/lasentinelle.dz\\\/index.php\\\/2022\\\/06\\\/21\\\/le-gazoduc-doit-relier-directement-lalgerie-a-litalie-vers-la-reactivation-du-galsi\\\/#breadcrumb\",\"itemListElement\":[{\"@type\":\"ListItem\",\"position\":1,\"name\":\"Accueil\",\"item\":\"https:\\\/\\\/lasentinelle.dz\\\/\"},{\"@type\":\"ListItem\",\"position\":2,\"name\":\"Le Gazoduc doit relier directement l\u2019Alg\u00e9rie \u00e0 l\u2019Italie\u00a0: Vers la r\u00e9activation du Galsi\u00a0?\"}]},{\"@type\":\"WebSite\",\"@id\":\"https:\\\/\\\/lasentinelle.dz\\\/#website\",\"url\":\"https:\\\/\\\/lasentinelle.dz\\\/\",\"name\":\"La Sentinelle\",\"description\":\"Quotidien national d&#039;information\",\"publisher\":{\"@id\":\"https:\\\/\\\/lasentinelle.dz\\\/#organization\"},\"potentialAction\":[{\"@type\":\"SearchAction\",\"target\":{\"@type\":\"EntryPoint\",\"urlTemplate\":\"https:\\\/\\\/lasentinelle.dz\\\/?s={search_term_string}\"},\"query-input\":{\"@type\":\"PropertyValueSpecification\",\"valueRequired\":true,\"valueName\":\"search_term_string\"}}],\"inLanguage\":\"fr-FR\"},{\"@type\":\"Organization\",\"@id\":\"https:\\\/\\\/lasentinelle.dz\\\/#organization\",\"name\":\"Quotidien La Sentinelle\",\"url\":\"https:\\\/\\\/lasentinelle.dz\\\/\",\"logo\":{\"@type\":\"ImageObject\",\"inLanguage\":\"fr-FR\",\"@id\":\"https:\\\/\\\/lasentinelle.dz\\\/#\\\/schema\\\/logo\\\/image\\\/\",\"url\":\"https:\\\/\\\/lasentinelle.dz\\\/wp-content\\\/uploads\\\/2021\\\/09\\\/logo-sentinelleSLOGAN-1.png\",\"contentUrl\":\"https:\\\/\\\/lasentinelle.dz\\\/wp-content\\\/uploads\\\/2021\\\/09\\\/logo-sentinelleSLOGAN-1.png\",\"width\":615,\"height\":142,\"caption\":\"Quotidien La Sentinelle\"},\"image\":{\"@id\":\"https:\\\/\\\/lasentinelle.dz\\\/#\\\/schema\\\/logo\\\/image\\\/\"},\"sameAs\":[\"https:\\\/\\\/www.facebook.com\\\/La-Sentinelle-104059864394773\"]},{\"@type\":\"Person\",\"@id\":\"https:\\\/\\\/lasentinelle.dz\\\/#\\\/schema\\\/person\\\/d865044e22e70a75174ce8bcad3acfb3\",\"name\":\"La Sentinelle\",\"image\":{\"@type\":\"ImageObject\",\"inLanguage\":\"fr-FR\",\"@id\":\"https:\\\/\\\/secure.gravatar.com\\\/avatar\\\/57de8e5d4b15d43fb361a71fbb36338450fe67865b528a43dd10ef7c51a20392?s=96&d=mm&r=g\",\"url\":\"https:\\\/\\\/secure.gravatar.com\\\/avatar\\\/57de8e5d4b15d43fb361a71fbb36338450fe67865b528a43dd10ef7c51a20392?s=96&d=mm&r=g\",\"contentUrl\":\"https:\\\/\\\/secure.gravatar.com\\\/avatar\\\/57de8e5d4b15d43fb361a71fbb36338450fe67865b528a43dd10ef7c51a20392?s=96&d=mm&r=g\",\"caption\":\"La Sentinelle\"},\"sameAs\":[\"http:\\\/\\\/www.lasentinelle.dz\"],\"url\":\"https:\\\/\\\/lasentinelle.dz\\\/author\\\/redaction\\\/\"}]}<\/script>\n<!-- \/ Yoast SEO plugin. -->","yoast_head_json":{"title":"Le Gazoduc doit relier directement l\u2019Alg\u00e9rie \u00e0 l\u2019Italie\u00a0: Vers la r\u00e9activation du Galsi\u00a0? - La Sentinelle","robots":{"index":"index","follow":"follow","max-snippet":"max-snippet:-1","max-image-preview":"max-image-preview:large","max-video-preview":"max-video-preview:-1"},"canonical":"https:\/\/lasentinelle.dz\/index.php\/2022\/06\/21\/le-gazoduc-doit-relier-directement-lalgerie-a-litalie-vers-la-reactivation-du-galsi\/","og_locale":"fr_FR","og_type":"article","og_title":"Le Gazoduc doit relier directement l\u2019Alg\u00e9rie \u00e0 l\u2019Italie\u00a0: Vers la r\u00e9activation du Galsi\u00a0? - La Sentinelle","og_description":"L\u2019Alg\u00e9rie compte multiplier les investissements afin d\u2019augmenter ses capacit\u00e9s de productions d\u2019hydrocarbures, notamment en gaz, mais aussi consolider ses positions","og_url":"https:\/\/lasentinelle.dz\/index.php\/2022\/06\/21\/le-gazoduc-doit-relier-directement-lalgerie-a-litalie-vers-la-reactivation-du-galsi\/","og_site_name":"La Sentinelle","article_publisher":"https:\/\/www.facebook.com\/La-Sentinelle-104059864394773","article_published_time":"2022-06-20T23:05:00+00:00","og_image":[{"width":1351,"height":900,"url":"https:\/\/lasentinelle.dz\/wp-content\/uploads\/2022\/06\/Arkab.png","type":"image\/png"}],"author":"La Sentinelle","twitter_card":"summary_large_image","twitter_misc":{"\u00c9crit par":"La Sentinelle","Dur\u00e9e de lecture estim\u00e9e":"5 minutes"},"schema":{"@context":"https:\/\/schema.org","@graph":[{"@type":"Article","@id":"https:\/\/lasentinelle.dz\/index.php\/2022\/06\/21\/le-gazoduc-doit-relier-directement-lalgerie-a-litalie-vers-la-reactivation-du-galsi\/#article","isPartOf":{"@id":"https:\/\/lasentinelle.dz\/index.php\/2022\/06\/21\/le-gazoduc-doit-relier-directement-lalgerie-a-litalie-vers-la-reactivation-du-galsi\/"},"author":{"name":"La Sentinelle","@id":"https:\/\/lasentinelle.dz\/#\/schema\/person\/d865044e22e70a75174ce8bcad3acfb3"},"headline":"Le Gazoduc doit relier directement l\u2019Alg\u00e9rie \u00e0 l\u2019Italie\u00a0: Vers la r\u00e9activation du Galsi\u00a0?","datePublished":"2022-06-20T23:05:00+00:00","mainEntityOfPage":{"@id":"https:\/\/lasentinelle.dz\/index.php\/2022\/06\/21\/le-gazoduc-doit-relier-directement-lalgerie-a-litalie-vers-la-reactivation-du-galsi\/"},"wordCount":1061,"commentCount":0,"publisher":{"@id":"https:\/\/lasentinelle.dz\/#organization"},"image":{"@id":"https:\/\/lasentinelle.dz\/index.php\/2022\/06\/21\/le-gazoduc-doit-relier-directement-lalgerie-a-litalie-vers-la-reactivation-du-galsi\/#primaryimage"},"thumbnailUrl":"https:\/\/lasentinelle.dz\/wp-content\/uploads\/2022\/06\/Arkab.png","articleSection":["\u00c0 la Une","\u00c9conomie"],"inLanguage":"fr-FR","potentialAction":[{"@type":"CommentAction","name":"Comment","target":["https:\/\/lasentinelle.dz\/index.php\/2022\/06\/21\/le-gazoduc-doit-relier-directement-lalgerie-a-litalie-vers-la-reactivation-du-galsi\/#respond"]}]},{"@type":"WebPage","@id":"https:\/\/lasentinelle.dz\/index.php\/2022\/06\/21\/le-gazoduc-doit-relier-directement-lalgerie-a-litalie-vers-la-reactivation-du-galsi\/","url":"https:\/\/lasentinelle.dz\/index.php\/2022\/06\/21\/le-gazoduc-doit-relier-directement-lalgerie-a-litalie-vers-la-reactivation-du-galsi\/","name":"Le Gazoduc doit relier directement l\u2019Alg\u00e9rie \u00e0 l\u2019Italie\u00a0: Vers la r\u00e9activation du Galsi\u00a0? - La Sentinelle","isPartOf":{"@id":"https:\/\/lasentinelle.dz\/#website"},"primaryImageOfPage":{"@id":"https:\/\/lasentinelle.dz\/index.php\/2022\/06\/21\/le-gazoduc-doit-relier-directement-lalgerie-a-litalie-vers-la-reactivation-du-galsi\/#primaryimage"},"image":{"@id":"https:\/\/lasentinelle.dz\/index.php\/2022\/06\/21\/le-gazoduc-doit-relier-directement-lalgerie-a-litalie-vers-la-reactivation-du-galsi\/#primaryimage"},"thumbnailUrl":"https:\/\/lasentinelle.dz\/wp-content\/uploads\/2022\/06\/Arkab.png","datePublished":"2022-06-20T23:05:00+00:00","breadcrumb":{"@id":"https:\/\/lasentinelle.dz\/index.php\/2022\/06\/21\/le-gazoduc-doit-relier-directement-lalgerie-a-litalie-vers-la-reactivation-du-galsi\/#breadcrumb"},"inLanguage":"fr-FR","potentialAction":[{"@type":"ReadAction","target":["https:\/\/lasentinelle.dz\/index.php\/2022\/06\/21\/le-gazoduc-doit-relier-directement-lalgerie-a-litalie-vers-la-reactivation-du-galsi\/"]}]},{"@type":"ImageObject","inLanguage":"fr-FR","@id":"https:\/\/lasentinelle.dz\/index.php\/2022\/06\/21\/le-gazoduc-doit-relier-directement-lalgerie-a-litalie-vers-la-reactivation-du-galsi\/#primaryimage","url":"https:\/\/lasentinelle.dz\/wp-content\/uploads\/2022\/06\/Arkab.png","contentUrl":"https:\/\/lasentinelle.dz\/wp-content\/uploads\/2022\/06\/Arkab.png","width":1351,"height":900},{"@type":"BreadcrumbList","@id":"https:\/\/lasentinelle.dz\/index.php\/2022\/06\/21\/le-gazoduc-doit-relier-directement-lalgerie-a-litalie-vers-la-reactivation-du-galsi\/#breadcrumb","itemListElement":[{"@type":"ListItem","position":1,"name":"Accueil","item":"https:\/\/lasentinelle.dz\/"},{"@type":"ListItem","position":2,"name":"Le Gazoduc doit relier directement l\u2019Alg\u00e9rie \u00e0 l\u2019Italie\u00a0: Vers la r\u00e9activation du Galsi\u00a0?"}]},{"@type":"WebSite","@id":"https:\/\/lasentinelle.dz\/#website","url":"https:\/\/lasentinelle.dz\/","name":"La Sentinelle","description":"Quotidien national d&#039;information","publisher":{"@id":"https:\/\/lasentinelle.dz\/#organization"},"potentialAction":[{"@type":"SearchAction","target":{"@type":"EntryPoint","urlTemplate":"https:\/\/lasentinelle.dz\/?s={search_term_string}"},"query-input":{"@type":"PropertyValueSpecification","valueRequired":true,"valueName":"search_term_string"}}],"inLanguage":"fr-FR"},{"@type":"Organization","@id":"https:\/\/lasentinelle.dz\/#organization","name":"Quotidien La Sentinelle","url":"https:\/\/lasentinelle.dz\/","logo":{"@type":"ImageObject","inLanguage":"fr-FR","@id":"https:\/\/lasentinelle.dz\/#\/schema\/logo\/image\/","url":"https:\/\/lasentinelle.dz\/wp-content\/uploads\/2021\/09\/logo-sentinelleSLOGAN-1.png","contentUrl":"https:\/\/lasentinelle.dz\/wp-content\/uploads\/2021\/09\/logo-sentinelleSLOGAN-1.png","width":615,"height":142,"caption":"Quotidien La Sentinelle"},"image":{"@id":"https:\/\/lasentinelle.dz\/#\/schema\/logo\/image\/"},"sameAs":["https:\/\/www.facebook.com\/La-Sentinelle-104059864394773"]},{"@type":"Person","@id":"https:\/\/lasentinelle.dz\/#\/schema\/person\/d865044e22e70a75174ce8bcad3acfb3","name":"La Sentinelle","image":{"@type":"ImageObject","inLanguage":"fr-FR","@id":"https:\/\/secure.gravatar.com\/avatar\/57de8e5d4b15d43fb361a71fbb36338450fe67865b528a43dd10ef7c51a20392?s=96&d=mm&r=g","url":"https:\/\/secure.gravatar.com\/avatar\/57de8e5d4b15d43fb361a71fbb36338450fe67865b528a43dd10ef7c51a20392?s=96&d=mm&r=g","contentUrl":"https:\/\/secure.gravatar.com\/avatar\/57de8e5d4b15d43fb361a71fbb36338450fe67865b528a43dd10ef7c51a20392?s=96&d=mm&r=g","caption":"La Sentinelle"},"sameAs":["http:\/\/www.lasentinelle.dz"],"url":"https:\/\/lasentinelle.dz\/author\/redaction\/"}]}},"_links":{"self":[{"href":"https:\/\/lasentinelle.dz\/index.php\/wp-json\/wp\/v2\/posts\/22808","targetHints":{"allow":["GET"]}}],"collection":[{"href":"https:\/\/lasentinelle.dz\/index.php\/wp-json\/wp\/v2\/posts"}],"about":[{"href":"https:\/\/lasentinelle.dz\/index.php\/wp-json\/wp\/v2\/types\/post"}],"author":[{"embeddable":true,"href":"https:\/\/lasentinelle.dz\/index.php\/wp-json\/wp\/v2\/users\/3"}],"replies":[{"embeddable":true,"href":"https:\/\/lasentinelle.dz\/index.php\/wp-json\/wp\/v2\/comments?post=22808"}],"version-history":[{"count":1,"href":"https:\/\/lasentinelle.dz\/index.php\/wp-json\/wp\/v2\/posts\/22808\/revisions"}],"predecessor-version":[{"id":22810,"href":"https:\/\/lasentinelle.dz\/index.php\/wp-json\/wp\/v2\/posts\/22808\/revisions\/22810"}],"wp:featuredmedia":[{"embeddable":true,"href":"https:\/\/lasentinelle.dz\/index.php\/wp-json\/wp\/v2\/media\/22809"}],"wp:attachment":[{"href":"https:\/\/lasentinelle.dz\/index.php\/wp-json\/wp\/v2\/media?parent=22808"}],"wp:term":[{"taxonomy":"category","embeddable":true,"href":"https:\/\/lasentinelle.dz\/index.php\/wp-json\/wp\/v2\/categories?post=22808"},{"taxonomy":"post_tag","embeddable":true,"href":"https:\/\/lasentinelle.dz\/index.php\/wp-json\/wp\/v2\/tags?post=22808"}],"curies":[{"name":"wp","href":"https:\/\/api.w.org\/{rel}","templated":true}]}}