{"id":22834,"date":"2022-06-21T00:01:00","date_gmt":"2022-06-20T23:01:00","guid":{"rendered":"https:\/\/lasentinelle.dz\/?p=22834"},"modified":"2022-06-20T19:55:39","modified_gmt":"2022-06-20T18:55:39","slug":"hcr-le-role-de-lalgerie-dans-laccueil-et-lassistance-des-refugies-salue","status":"publish","type":"post","link":"https:\/\/lasentinelle.dz\/index.php\/2022\/06\/21\/hcr-le-role-de-lalgerie-dans-laccueil-et-lassistance-des-refugies-salue\/","title":{"rendered":"HCR\u00a0: Le r\u00f4le de l&rsquo;Alg\u00e9rie dans l&rsquo;accueil et l&rsquo;assistance des r\u00e9fugi\u00e9s\u00a0salu\u00e9"},"content":{"rendered":"\n<p>Le repr\u00e9sentant du Haut commissariat des Nations Unies pour les r\u00e9fugi\u00e9s (HCR) en Alg\u00e9rie, Agostino Mulas a rappel\u00e9, dimanche \u00e0 Alger, le r\u00f4le \u00ab\u00a0important\u00a0\u00bb et \u00ab\u00a0historique\u00a0\u00bb de l&rsquo;Alg\u00e9rie dans l&rsquo;accueil et l&rsquo;assistance des r\u00e9fugi\u00e9s.&nbsp;\u00ab\u00a0Au nom du HCR, je remercie l&rsquo;Alg\u00e9rie pour le bon accueil qu&rsquo;elle a toujours r\u00e9serv\u00e9 aux r\u00e9fugi\u00e9s\u00a0\u00bb, a indiqu\u00e9 M. Mulas \u00e0 l&rsquo;ouverture d&rsquo;une manifestation \u00e0 l&rsquo;occasion de la Journ\u00e9e internationale des r\u00e9fugi\u00e9s r\u00e9clam\u00e9s le 20 juin de chaque ann\u00e9e.\u00a0\u00bbL&rsquo;Alg\u00e9rie a un long et riche parcours historique en mati\u00e8re d&rsquo;accueil et d&rsquo;aide aux r\u00e9fugi\u00e9s et ce depuis des si\u00e8cles, et cette d\u00e9marche ne concerne pas uniquement les r\u00e9fugi\u00e9s du Sud (Afrique subsaharienne), mais aussi ceux de l&rsquo; Europe, de l&rsquo;Am\u00e9rique latine, du Moyen-Orient et autres\u00a0\u00bb, at-il ajout\u00e9.&nbsp;Le repr\u00e9sentant du HCR a estim\u00e9 que cette Journ\u00e9e \u00ab\u00a0est une occasion pour c\u00e9l\u00e9brer le courage, la force et les contributions de millions de personnes de par le monde contraintes de quitter leur pays \u00e0 cause de violence, des guerres et des pers\u00e9cutions\u00a0\u00bb, pr\u00e9cisant que le nombre de r\u00e9fugi\u00e9s \u00ab\u00a0a d\u00e9pass\u00e9 les 100 millions pour la premi\u00e8re fois\u00a0\u00bb, et cela est inadmissible\u00a0\u00bb, a-t-il dit.&nbsp;Concernant la situation des r\u00e9fugi\u00e9s sahraouis en Alg\u00e9rie, M. Mulas a soulign\u00e9 que \u00ab\u00a0ces derniers mois, malheureusement, il y a eu moins d&rsquo;assistance et de soutien en termes de fourniture d&rsquo;aide alimentaire internationale, en raison de la conjoncture&nbsp;&nbsp;politique actuelle dans le monde et de la hausse des prix des c\u00e9r\u00e9ales&#8230;\u00a0\u00bb, appelant \u00ab\u00a0la communaut\u00e9 internationale et l&rsquo;ONU \u00e0 poursuivre le soutien aux r\u00e9fugi\u00e9s sahraouis&#8230;\u00a0\u00bb.&nbsp;Il a en outre indiqu\u00e9 que \u00ab\u00a0l&rsquo;enjeu n&rsquo;est pas li\u00e9 uniquement aux conditions des r\u00e9fugi\u00e9s sahraouis, mais de tous les r\u00e9fugi\u00e9s dans les diff\u00e9rentes r\u00e9gions du monde qui connaissent des crises\u00a0\u00bb.&nbsp;Pour sa part, l&rsquo;ambassadeur de la R\u00e9publique Arabe Sahraouie D\u00e9mocratique en Alg\u00e9rie, Abdelkader Taleb Omar a d\u00e9clar\u00e9 que les r\u00e9fugi\u00e9s sahraouis comptent parmi les anciens r\u00e9fugi\u00e9s dans le monde et sont aussi les plus organis\u00e9s de par leurs syst\u00e8mes sanitaire, \u00e9ducatif, administratif, judiciaire et autres\u00a0\u00bb.&nbsp;\u00ab\u00a0La Communaut\u00e9 internationale reconna\u00eet leur droit \u00e0 la d\u00e9colonisation et \u00e0 l&rsquo;autod\u00e9termination, toutefois l&rsquo;ONU n&rsquo;est pas parvenue \u00e0 organiser le r\u00e9f\u00e9rendum&#8230;\u00a0\u00bb, appelant \u00e0 trouver une solution politique au probl\u00e8me et \u00e0 mettre fin \u00e0 l&rsquo;impasse et \u00e0 la prolongation du conflit en tenant la partie marocaine pour responsable , a-t-il ajout\u00e9.&nbsp;Les participants \u00e0 cette c\u00e9l\u00e9bration, organis\u00e9e par le Haut Commissariat aux R\u00e9fugi\u00e9s (HCR) en Alg\u00e9rie, ont soulign\u00e9 la n\u00e9cessit\u00e9 d&rsquo;assister les r\u00e9fugi\u00e9s \u00e0 traverser le monde face aux crises politiques et \u00e9conomiques actuelles, mettant en exergue la question des r\u00e9fugi\u00e9s sahraouis et la lutte du peuple sahraoui pour son ind\u00e9pendance.<\/p>\n\n\n\n<p>APS<\/p>\n","protected":false},"excerpt":{"rendered":"<p>Le repr\u00e9sentant du Haut commissariat des Nations Unies pour les r\u00e9fugi\u00e9s (HCR) en Alg\u00e9rie, Agostino Mulas a rappel\u00e9, dimanche \u00e0<\/p>\n","protected":false},"author":3,"featured_media":22835,"comment_status":"open","ping_status":"closed","sticky":false,"template":"","format":"standard","meta":{"colormag_page_container_layout":"default_layout","colormag_page_sidebar_layout":"default_layout","om_disable_all_campaigns":false,"_monsterinsights_skip_tracking":false,"_monsterinsights_sitenote_active":false,"_monsterinsights_sitenote_note":"","_monsterinsights_sitenote_category":0,"footnotes":"","_wpscppro_dont_share_socialmedia":false,"_wpscppro_custom_social_share_image":0,"_facebook_share_type":"","_twitter_share_type":"","_linkedin_share_type":"","_pinterest_share_type":"","_linkedin_share_type_page":"","_instagram_share_type":"","_medium_share_type":"","_threads_share_type":"","_google_business_share_type":"","_selected_social_profile":[],"_wpsp_enable_custom_social_template":false,"_wpsp_social_scheduling":{"enabled":false,"datetime":null,"platforms":[],"status":"template_only","dateOption":"today","timeOption":"now","customDays":"","customHours":"","customDate":"","customTime":"","schedulingType":"absolute"},"_wpsp_active_default_template":true},"categories":[27],"tags":[],"class_list":["post-22834","post","type-post","status-publish","format-standard","has-post-thumbnail","hentry","category-actualite"],"aioseo_notices":[],"yoast_head":"<!-- This site is optimized with the Yoast SEO plugin v27.5 - https:\/\/yoast.com\/product\/yoast-seo-wordpress\/ -->\n<title>HCR\u00a0: Le r\u00f4le de l&#039;Alg\u00e9rie dans l&#039;accueil et l&#039;assistance des r\u00e9fugi\u00e9s\u00a0salu\u00e9 - La Sentinelle<\/title>\n<meta name=\"robots\" content=\"index, follow, max-snippet:-1, max-image-preview:large, max-video-preview:-1\" \/>\n<link rel=\"canonical\" href=\"https:\/\/lasentinelle.dz\/index.php\/2022\/06\/21\/hcr-le-role-de-lalgerie-dans-laccueil-et-lassistance-des-refugies-salue\/\" \/>\n<meta property=\"og:locale\" content=\"fr_FR\" \/>\n<meta property=\"og:type\" content=\"article\" \/>\n<meta property=\"og:title\" content=\"HCR\u00a0: Le r\u00f4le de l&#039;Alg\u00e9rie dans l&#039;accueil et l&#039;assistance des r\u00e9fugi\u00e9s\u00a0salu\u00e9 - La Sentinelle\" \/>\n<meta property=\"og:description\" content=\"Le repr\u00e9sentant du Haut commissariat des Nations Unies pour les r\u00e9fugi\u00e9s (HCR) en Alg\u00e9rie, Agostino Mulas a rappel\u00e9, dimanche \u00e0\" \/>\n<meta property=\"og:url\" content=\"https:\/\/lasentinelle.dz\/index.php\/2022\/06\/21\/hcr-le-role-de-lalgerie-dans-laccueil-et-lassistance-des-refugies-salue\/\" \/>\n<meta property=\"og:site_name\" content=\"La Sentinelle\" \/>\n<meta property=\"article:publisher\" content=\"https:\/\/www.facebook.com\/La-Sentinelle-104059864394773\" \/>\n<meta property=\"article:published_time\" content=\"2022-06-20T23:01:00+00:00\" \/>\n<meta property=\"og:image\" content=\"https:\/\/lasentinelle.dz\/wp-content\/uploads\/2022\/06\/dia-immigrants-ht.jpg\" \/>\n\t<meta property=\"og:image:width\" content=\"571\" \/>\n\t<meta property=\"og:image:height\" content=\"370\" \/>\n\t<meta property=\"og:image:type\" content=\"image\/jpeg\" \/>\n<meta name=\"author\" content=\"La Sentinelle\" \/>\n<meta name=\"twitter:card\" content=\"summary_large_image\" \/>\n<meta name=\"twitter:label1\" content=\"\u00c9crit par\" \/>\n\t<meta name=\"twitter:data1\" content=\"La Sentinelle\" \/>\n\t<meta name=\"twitter:label2\" content=\"Dur\u00e9e de lecture estim\u00e9e\" \/>\n\t<meta name=\"twitter:data2\" content=\"3 minutes\" \/>\n<script type=\"application\/ld+json\" class=\"yoast-schema-graph\">{\"@context\":\"https:\\\/\\\/schema.org\",\"@graph\":[{\"@type\":\"Article\",\"@id\":\"https:\\\/\\\/lasentinelle.dz\\\/index.php\\\/2022\\\/06\\\/21\\\/hcr-le-role-de-lalgerie-dans-laccueil-et-lassistance-des-refugies-salue\\\/#article\",\"isPartOf\":{\"@id\":\"https:\\\/\\\/lasentinelle.dz\\\/index.php\\\/2022\\\/06\\\/21\\\/hcr-le-role-de-lalgerie-dans-laccueil-et-lassistance-des-refugies-salue\\\/\"},\"author\":{\"name\":\"La Sentinelle\",\"@id\":\"https:\\\/\\\/lasentinelle.dz\\\/#\\\/schema\\\/person\\\/d865044e22e70a75174ce8bcad3acfb3\"},\"headline\":\"HCR\u00a0: Le r\u00f4le de l&rsquo;Alg\u00e9rie dans l&rsquo;accueil et l&rsquo;assistance des r\u00e9fugi\u00e9s\u00a0salu\u00e9\",\"datePublished\":\"2022-06-20T23:01:00+00:00\",\"mainEntityOfPage\":{\"@id\":\"https:\\\/\\\/lasentinelle.dz\\\/index.php\\\/2022\\\/06\\\/21\\\/hcr-le-role-de-lalgerie-dans-laccueil-et-lassistance-des-refugies-salue\\\/\"},\"wordCount\":540,\"commentCount\":0,\"publisher\":{\"@id\":\"https:\\\/\\\/lasentinelle.dz\\\/#organization\"},\"image\":{\"@id\":\"https:\\\/\\\/lasentinelle.dz\\\/index.php\\\/2022\\\/06\\\/21\\\/hcr-le-role-de-lalgerie-dans-laccueil-et-lassistance-des-refugies-salue\\\/#primaryimage\"},\"thumbnailUrl\":\"https:\\\/\\\/lasentinelle.dz\\\/wp-content\\\/uploads\\\/2022\\\/06\\\/dia-immigrants-ht.jpg\",\"articleSection\":[\"Actualit\u00e9\"],\"inLanguage\":\"fr-FR\",\"potentialAction\":[{\"@type\":\"CommentAction\",\"name\":\"Comment\",\"target\":[\"https:\\\/\\\/lasentinelle.dz\\\/index.php\\\/2022\\\/06\\\/21\\\/hcr-le-role-de-lalgerie-dans-laccueil-et-lassistance-des-refugies-salue\\\/#respond\"]}]},{\"@type\":\"WebPage\",\"@id\":\"https:\\\/\\\/lasentinelle.dz\\\/index.php\\\/2022\\\/06\\\/21\\\/hcr-le-role-de-lalgerie-dans-laccueil-et-lassistance-des-refugies-salue\\\/\",\"url\":\"https:\\\/\\\/lasentinelle.dz\\\/index.php\\\/2022\\\/06\\\/21\\\/hcr-le-role-de-lalgerie-dans-laccueil-et-lassistance-des-refugies-salue\\\/\",\"name\":\"HCR\u00a0: Le r\u00f4le de l'Alg\u00e9rie dans l'accueil et l'assistance des r\u00e9fugi\u00e9s\u00a0salu\u00e9 - La Sentinelle\",\"isPartOf\":{\"@id\":\"https:\\\/\\\/lasentinelle.dz\\\/#website\"},\"primaryImageOfPage\":{\"@id\":\"https:\\\/\\\/lasentinelle.dz\\\/index.php\\\/2022\\\/06\\\/21\\\/hcr-le-role-de-lalgerie-dans-laccueil-et-lassistance-des-refugies-salue\\\/#primaryimage\"},\"image\":{\"@id\":\"https:\\\/\\\/lasentinelle.dz\\\/index.php\\\/2022\\\/06\\\/21\\\/hcr-le-role-de-lalgerie-dans-laccueil-et-lassistance-des-refugies-salue\\\/#primaryimage\"},\"thumbnailUrl\":\"https:\\\/\\\/lasentinelle.dz\\\/wp-content\\\/uploads\\\/2022\\\/06\\\/dia-immigrants-ht.jpg\",\"datePublished\":\"2022-06-20T23:01:00+00:00\",\"breadcrumb\":{\"@id\":\"https:\\\/\\\/lasentinelle.dz\\\/index.php\\\/2022\\\/06\\\/21\\\/hcr-le-role-de-lalgerie-dans-laccueil-et-lassistance-des-refugies-salue\\\/#breadcrumb\"},\"inLanguage\":\"fr-FR\",\"potentialAction\":[{\"@type\":\"ReadAction\",\"target\":[\"https:\\\/\\\/lasentinelle.dz\\\/index.php\\\/2022\\\/06\\\/21\\\/hcr-le-role-de-lalgerie-dans-laccueil-et-lassistance-des-refugies-salue\\\/\"]}]},{\"@type\":\"ImageObject\",\"inLanguage\":\"fr-FR\",\"@id\":\"https:\\\/\\\/lasentinelle.dz\\\/index.php\\\/2022\\\/06\\\/21\\\/hcr-le-role-de-lalgerie-dans-laccueil-et-lassistance-des-refugies-salue\\\/#primaryimage\",\"url\":\"https:\\\/\\\/lasentinelle.dz\\\/wp-content\\\/uploads\\\/2022\\\/06\\\/dia-immigrants-ht.jpg\",\"contentUrl\":\"https:\\\/\\\/lasentinelle.dz\\\/wp-content\\\/uploads\\\/2022\\\/06\\\/dia-immigrants-ht.jpg\",\"width\":571,\"height\":370},{\"@type\":\"BreadcrumbList\",\"@id\":\"https:\\\/\\\/lasentinelle.dz\\\/index.php\\\/2022\\\/06\\\/21\\\/hcr-le-role-de-lalgerie-dans-laccueil-et-lassistance-des-refugies-salue\\\/#breadcrumb\",\"itemListElement\":[{\"@type\":\"ListItem\",\"position\":1,\"name\":\"Accueil\",\"item\":\"https:\\\/\\\/lasentinelle.dz\\\/\"},{\"@type\":\"ListItem\",\"position\":2,\"name\":\"HCR\u00a0: Le r\u00f4le de l&rsquo;Alg\u00e9rie dans l&rsquo;accueil et l&rsquo;assistance des r\u00e9fugi\u00e9s\u00a0salu\u00e9\"}]},{\"@type\":\"WebSite\",\"@id\":\"https:\\\/\\\/lasentinelle.dz\\\/#website\",\"url\":\"https:\\\/\\\/lasentinelle.dz\\\/\",\"name\":\"La Sentinelle\",\"description\":\"Quotidien national d&#039;information\",\"publisher\":{\"@id\":\"https:\\\/\\\/lasentinelle.dz\\\/#organization\"},\"potentialAction\":[{\"@type\":\"SearchAction\",\"target\":{\"@type\":\"EntryPoint\",\"urlTemplate\":\"https:\\\/\\\/lasentinelle.dz\\\/?s={search_term_string}\"},\"query-input\":{\"@type\":\"PropertyValueSpecification\",\"valueRequired\":true,\"valueName\":\"search_term_string\"}}],\"inLanguage\":\"fr-FR\"},{\"@type\":\"Organization\",\"@id\":\"https:\\\/\\\/lasentinelle.dz\\\/#organization\",\"name\":\"Quotidien La Sentinelle\",\"url\":\"https:\\\/\\\/lasentinelle.dz\\\/\",\"logo\":{\"@type\":\"ImageObject\",\"inLanguage\":\"fr-FR\",\"@id\":\"https:\\\/\\\/lasentinelle.dz\\\/#\\\/schema\\\/logo\\\/image\\\/\",\"url\":\"https:\\\/\\\/lasentinelle.dz\\\/wp-content\\\/uploads\\\/2021\\\/09\\\/logo-sentinelleSLOGAN-1.png\",\"contentUrl\":\"https:\\\/\\\/lasentinelle.dz\\\/wp-content\\\/uploads\\\/2021\\\/09\\\/logo-sentinelleSLOGAN-1.png\",\"width\":615,\"height\":142,\"caption\":\"Quotidien La Sentinelle\"},\"image\":{\"@id\":\"https:\\\/\\\/lasentinelle.dz\\\/#\\\/schema\\\/logo\\\/image\\\/\"},\"sameAs\":[\"https:\\\/\\\/www.facebook.com\\\/La-Sentinelle-104059864394773\"]},{\"@type\":\"Person\",\"@id\":\"https:\\\/\\\/lasentinelle.dz\\\/#\\\/schema\\\/person\\\/d865044e22e70a75174ce8bcad3acfb3\",\"name\":\"La Sentinelle\",\"image\":{\"@type\":\"ImageObject\",\"inLanguage\":\"fr-FR\",\"@id\":\"https:\\\/\\\/secure.gravatar.com\\\/avatar\\\/57de8e5d4b15d43fb361a71fbb36338450fe67865b528a43dd10ef7c51a20392?s=96&d=mm&r=g\",\"url\":\"https:\\\/\\\/secure.gravatar.com\\\/avatar\\\/57de8e5d4b15d43fb361a71fbb36338450fe67865b528a43dd10ef7c51a20392?s=96&d=mm&r=g\",\"contentUrl\":\"https:\\\/\\\/secure.gravatar.com\\\/avatar\\\/57de8e5d4b15d43fb361a71fbb36338450fe67865b528a43dd10ef7c51a20392?s=96&d=mm&r=g\",\"caption\":\"La Sentinelle\"},\"sameAs\":[\"http:\\\/\\\/www.lasentinelle.dz\"],\"url\":\"https:\\\/\\\/lasentinelle.dz\\\/author\\\/redaction\\\/\"}]}<\/script>\n<!-- \/ Yoast SEO plugin. -->","yoast_head_json":{"title":"HCR\u00a0: Le r\u00f4le de l'Alg\u00e9rie dans l'accueil et l'assistance des r\u00e9fugi\u00e9s\u00a0salu\u00e9 - La Sentinelle","robots":{"index":"index","follow":"follow","max-snippet":"max-snippet:-1","max-image-preview":"max-image-preview:large","max-video-preview":"max-video-preview:-1"},"canonical":"https:\/\/lasentinelle.dz\/index.php\/2022\/06\/21\/hcr-le-role-de-lalgerie-dans-laccueil-et-lassistance-des-refugies-salue\/","og_locale":"fr_FR","og_type":"article","og_title":"HCR\u00a0: Le r\u00f4le de l'Alg\u00e9rie dans l'accueil et l'assistance des r\u00e9fugi\u00e9s\u00a0salu\u00e9 - La Sentinelle","og_description":"Le repr\u00e9sentant du Haut commissariat des Nations Unies pour les r\u00e9fugi\u00e9s (HCR) en Alg\u00e9rie, Agostino Mulas a rappel\u00e9, dimanche \u00e0","og_url":"https:\/\/lasentinelle.dz\/index.php\/2022\/06\/21\/hcr-le-role-de-lalgerie-dans-laccueil-et-lassistance-des-refugies-salue\/","og_site_name":"La Sentinelle","article_publisher":"https:\/\/www.facebook.com\/La-Sentinelle-104059864394773","article_published_time":"2022-06-20T23:01:00+00:00","og_image":[{"width":571,"height":370,"url":"https:\/\/lasentinelle.dz\/wp-content\/uploads\/2022\/06\/dia-immigrants-ht.jpg","type":"image\/jpeg"}],"author":"La Sentinelle","twitter_card":"summary_large_image","twitter_misc":{"\u00c9crit par":"La Sentinelle","Dur\u00e9e de lecture estim\u00e9e":"3 minutes"},"schema":{"@context":"https:\/\/schema.org","@graph":[{"@type":"Article","@id":"https:\/\/lasentinelle.dz\/index.php\/2022\/06\/21\/hcr-le-role-de-lalgerie-dans-laccueil-et-lassistance-des-refugies-salue\/#article","isPartOf":{"@id":"https:\/\/lasentinelle.dz\/index.php\/2022\/06\/21\/hcr-le-role-de-lalgerie-dans-laccueil-et-lassistance-des-refugies-salue\/"},"author":{"name":"La Sentinelle","@id":"https:\/\/lasentinelle.dz\/#\/schema\/person\/d865044e22e70a75174ce8bcad3acfb3"},"headline":"HCR\u00a0: Le r\u00f4le de l&rsquo;Alg\u00e9rie dans l&rsquo;accueil et l&rsquo;assistance des r\u00e9fugi\u00e9s\u00a0salu\u00e9","datePublished":"2022-06-20T23:01:00+00:00","mainEntityOfPage":{"@id":"https:\/\/lasentinelle.dz\/index.php\/2022\/06\/21\/hcr-le-role-de-lalgerie-dans-laccueil-et-lassistance-des-refugies-salue\/"},"wordCount":540,"commentCount":0,"publisher":{"@id":"https:\/\/lasentinelle.dz\/#organization"},"image":{"@id":"https:\/\/lasentinelle.dz\/index.php\/2022\/06\/21\/hcr-le-role-de-lalgerie-dans-laccueil-et-lassistance-des-refugies-salue\/#primaryimage"},"thumbnailUrl":"https:\/\/lasentinelle.dz\/wp-content\/uploads\/2022\/06\/dia-immigrants-ht.jpg","articleSection":["Actualit\u00e9"],"inLanguage":"fr-FR","potentialAction":[{"@type":"CommentAction","name":"Comment","target":["https:\/\/lasentinelle.dz\/index.php\/2022\/06\/21\/hcr-le-role-de-lalgerie-dans-laccueil-et-lassistance-des-refugies-salue\/#respond"]}]},{"@type":"WebPage","@id":"https:\/\/lasentinelle.dz\/index.php\/2022\/06\/21\/hcr-le-role-de-lalgerie-dans-laccueil-et-lassistance-des-refugies-salue\/","url":"https:\/\/lasentinelle.dz\/index.php\/2022\/06\/21\/hcr-le-role-de-lalgerie-dans-laccueil-et-lassistance-des-refugies-salue\/","name":"HCR\u00a0: Le r\u00f4le de l'Alg\u00e9rie dans l'accueil et l'assistance des r\u00e9fugi\u00e9s\u00a0salu\u00e9 - La Sentinelle","isPartOf":{"@id":"https:\/\/lasentinelle.dz\/#website"},"primaryImageOfPage":{"@id":"https:\/\/lasentinelle.dz\/index.php\/2022\/06\/21\/hcr-le-role-de-lalgerie-dans-laccueil-et-lassistance-des-refugies-salue\/#primaryimage"},"image":{"@id":"https:\/\/lasentinelle.dz\/index.php\/2022\/06\/21\/hcr-le-role-de-lalgerie-dans-laccueil-et-lassistance-des-refugies-salue\/#primaryimage"},"thumbnailUrl":"https:\/\/lasentinelle.dz\/wp-content\/uploads\/2022\/06\/dia-immigrants-ht.jpg","datePublished":"2022-06-20T23:01:00+00:00","breadcrumb":{"@id":"https:\/\/lasentinelle.dz\/index.php\/2022\/06\/21\/hcr-le-role-de-lalgerie-dans-laccueil-et-lassistance-des-refugies-salue\/#breadcrumb"},"inLanguage":"fr-FR","potentialAction":[{"@type":"ReadAction","target":["https:\/\/lasentinelle.dz\/index.php\/2022\/06\/21\/hcr-le-role-de-lalgerie-dans-laccueil-et-lassistance-des-refugies-salue\/"]}]},{"@type":"ImageObject","inLanguage":"fr-FR","@id":"https:\/\/lasentinelle.dz\/index.php\/2022\/06\/21\/hcr-le-role-de-lalgerie-dans-laccueil-et-lassistance-des-refugies-salue\/#primaryimage","url":"https:\/\/lasentinelle.dz\/wp-content\/uploads\/2022\/06\/dia-immigrants-ht.jpg","contentUrl":"https:\/\/lasentinelle.dz\/wp-content\/uploads\/2022\/06\/dia-immigrants-ht.jpg","width":571,"height":370},{"@type":"BreadcrumbList","@id":"https:\/\/lasentinelle.dz\/index.php\/2022\/06\/21\/hcr-le-role-de-lalgerie-dans-laccueil-et-lassistance-des-refugies-salue\/#breadcrumb","itemListElement":[{"@type":"ListItem","position":1,"name":"Accueil","item":"https:\/\/lasentinelle.dz\/"},{"@type":"ListItem","position":2,"name":"HCR\u00a0: Le r\u00f4le de l&rsquo;Alg\u00e9rie dans l&rsquo;accueil et l&rsquo;assistance des r\u00e9fugi\u00e9s\u00a0salu\u00e9"}]},{"@type":"WebSite","@id":"https:\/\/lasentinelle.dz\/#website","url":"https:\/\/lasentinelle.dz\/","name":"La Sentinelle","description":"Quotidien national d&#039;information","publisher":{"@id":"https:\/\/lasentinelle.dz\/#organization"},"potentialAction":[{"@type":"SearchAction","target":{"@type":"EntryPoint","urlTemplate":"https:\/\/lasentinelle.dz\/?s={search_term_string}"},"query-input":{"@type":"PropertyValueSpecification","valueRequired":true,"valueName":"search_term_string"}}],"inLanguage":"fr-FR"},{"@type":"Organization","@id":"https:\/\/lasentinelle.dz\/#organization","name":"Quotidien La Sentinelle","url":"https:\/\/lasentinelle.dz\/","logo":{"@type":"ImageObject","inLanguage":"fr-FR","@id":"https:\/\/lasentinelle.dz\/#\/schema\/logo\/image\/","url":"https:\/\/lasentinelle.dz\/wp-content\/uploads\/2021\/09\/logo-sentinelleSLOGAN-1.png","contentUrl":"https:\/\/lasentinelle.dz\/wp-content\/uploads\/2021\/09\/logo-sentinelleSLOGAN-1.png","width":615,"height":142,"caption":"Quotidien La Sentinelle"},"image":{"@id":"https:\/\/lasentinelle.dz\/#\/schema\/logo\/image\/"},"sameAs":["https:\/\/www.facebook.com\/La-Sentinelle-104059864394773"]},{"@type":"Person","@id":"https:\/\/lasentinelle.dz\/#\/schema\/person\/d865044e22e70a75174ce8bcad3acfb3","name":"La Sentinelle","image":{"@type":"ImageObject","inLanguage":"fr-FR","@id":"https:\/\/secure.gravatar.com\/avatar\/57de8e5d4b15d43fb361a71fbb36338450fe67865b528a43dd10ef7c51a20392?s=96&d=mm&r=g","url":"https:\/\/secure.gravatar.com\/avatar\/57de8e5d4b15d43fb361a71fbb36338450fe67865b528a43dd10ef7c51a20392?s=96&d=mm&r=g","contentUrl":"https:\/\/secure.gravatar.com\/avatar\/57de8e5d4b15d43fb361a71fbb36338450fe67865b528a43dd10ef7c51a20392?s=96&d=mm&r=g","caption":"La Sentinelle"},"sameAs":["http:\/\/www.lasentinelle.dz"],"url":"https:\/\/lasentinelle.dz\/author\/redaction\/"}]}},"_links":{"self":[{"href":"https:\/\/lasentinelle.dz\/index.php\/wp-json\/wp\/v2\/posts\/22834","targetHints":{"allow":["GET"]}}],"collection":[{"href":"https:\/\/lasentinelle.dz\/index.php\/wp-json\/wp\/v2\/posts"}],"about":[{"href":"https:\/\/lasentinelle.dz\/index.php\/wp-json\/wp\/v2\/types\/post"}],"author":[{"embeddable":true,"href":"https:\/\/lasentinelle.dz\/index.php\/wp-json\/wp\/v2\/users\/3"}],"replies":[{"embeddable":true,"href":"https:\/\/lasentinelle.dz\/index.php\/wp-json\/wp\/v2\/comments?post=22834"}],"version-history":[{"count":1,"href":"https:\/\/lasentinelle.dz\/index.php\/wp-json\/wp\/v2\/posts\/22834\/revisions"}],"predecessor-version":[{"id":22837,"href":"https:\/\/lasentinelle.dz\/index.php\/wp-json\/wp\/v2\/posts\/22834\/revisions\/22837"}],"wp:featuredmedia":[{"embeddable":true,"href":"https:\/\/lasentinelle.dz\/index.php\/wp-json\/wp\/v2\/media\/22835"}],"wp:attachment":[{"href":"https:\/\/lasentinelle.dz\/index.php\/wp-json\/wp\/v2\/media?parent=22834"}],"wp:term":[{"taxonomy":"category","embeddable":true,"href":"https:\/\/lasentinelle.dz\/index.php\/wp-json\/wp\/v2\/categories?post=22834"},{"taxonomy":"post_tag","embeddable":true,"href":"https:\/\/lasentinelle.dz\/index.php\/wp-json\/wp\/v2\/tags?post=22834"}],"curies":[{"name":"wp","href":"https:\/\/api.w.org\/{rel}","templated":true}]}}