{"id":22864,"date":"2022-06-22T00:01:00","date_gmt":"2022-06-21T23:01:00","guid":{"rendered":"https:\/\/lasentinelle.dz\/?p=22864"},"modified":"2022-06-21T16:26:37","modified_gmt":"2022-06-21T15:26:37","slug":"presidence-de-la-faf-raouraoua-vraie-ou-fausse-candidature","status":"publish","type":"post","link":"https:\/\/lasentinelle.dz\/index.php\/2022\/06\/22\/presidence-de-la-faf-raouraoua-vraie-ou-fausse-candidature\/","title":{"rendered":"Pr\u00e9sidence de la FAF\u00a0:\u00a0Raouraoua, vraie ou fausse candidature ?\u00a0"},"content":{"rendered":"\n<p>Depuis quelques heures, le nom de l\u2019ancien pr\u00e9sident de la FAF revient avec insistance pour reprendre les commandes.&nbsp;<\/p>\n\n\n\n<p>Qui succ\u00e8dera \u00e0 Charaf-Eddine Amara \u00e0 la t\u00eate de la F\u00e9d\u00e9ration alg\u00e9rienne de football ? La question m\u00e9rite d\u2019\u00eatre pos\u00e9e eu \u00e9gard au plan-plan qui marque les premiers jours de l\u2019ouverture de la p\u00e9riode de d\u00e9p\u00f4t des candidatures. Lanc\u00e9e officiellement vendredi dernier, la commission \u00e9lectorale n\u2019a enregistr\u00e9 aucun d\u00e9p\u00f4t de dossier \u00e0 ce jour. Pis, personne n\u2019a fait part publiquement de ses intentions de se porter candidat. On sait qu\u2019en sous-marin, certains travaillent d\u00e9j\u00e0 en perspective. C\u2019est le cas de l\u2019actuel manager g\u00e9n\u00e9ral de l\u2019\u00e9quipe nationale A, Djahid Zefizef. Ce dernier, selon des sources cit\u00e9es par la Gazette du Fennec, a d\u00e9j\u00e0 r\u00e9uni les dossiers des membres qui constitueront son futur Bureau f\u00e9d\u00e9ral et devrait d\u00e9poser sa candidature dans les jours qui viennent. Jouissant du soutien du minist\u00e8re de la Jeunesse et des Sports et du s\u00e9lectionneur national, Djamel Belmadi, Djahid Zefizef parait, aux yeux de l\u2019opinion publique, comme le successeur naturel de Charaf-Eddine Amara dont le d\u00e9part a \u00e9t\u00e9 ent\u00e9rin\u00e9, jeudi, par l\u2019assembl\u00e9e g\u00e9n\u00e9rale de la FAF. Comme \u00e0 l\u2019\u00e9poque du pr\u00e9sident sortant, il y a des signes qui laissaient envisager jusqu\u2019ici l\u2019\u00e9ventualit\u00e9 d\u2019une seule et unique candidature, lors de l\u2019assembl\u00e9e g\u00e9n\u00e9rale \u00e9lective, le 7 juillet prochain. Ceci avant que la rumeur Mohamed Raouraoua ne vienne pointer le bout de son nez. Depuis quelques heures, le nom de l\u2019ancien pr\u00e9sident de la FAF revient avec insistance. Des figures du foot national multiplient les sorties m\u00e9diatiques pour dire que c\u2019est l\u2019homme de la situation malgr\u00e9 ses 74 ans. Rest\u00e9 muet jusqu\u2019ici, \u00ab El Hadj \u00bb serait effectivement int\u00e9ress\u00e9, selon des sources sures, par un retour aux affaires. Ceci dit, n\u2019ayant pas encore obtenu la b\u00e9n\u00e9diction des pouvoirs publics, il ne s\u2019aventurera jamais \u00e0 annoncer publiquement sa candidature. C\u2019est donc dans cette conjoncture qu\u2019il aurait donn\u00e9 le la \u00e0 l\u2019orchestre qui fait office de comit\u00e9 de soutien informel qui ressasse en boucle depuis vingt-quatre heures qu\u2019il est le seul homme en mesure de redorer le blason d\u2019une f\u00e9d\u00e9ration \u00e0 l\u2019agonie. A l\u2019approche de la cl\u00f4ture de la p\u00e9riode de d\u00e9p\u00f4t des dossiers de candidature, le suspense bat son plein. A la question de l\u2019\u00e9ligibilit\u00e9 de Djahid Zefizef \u00e0 se porter candidat vient s\u2019ajouter la rumeur Mohamed Raouraoua qui ne fait qu\u2019accentuer l\u2019incertitude autour du prochain patron de la FAF.&nbsp;<\/p>\n\n\n\n<p>R. S.<\/p>\n","protected":false},"excerpt":{"rendered":"<p>Depuis quelques heures, le nom de l\u2019ancien pr\u00e9sident de la FAF revient avec insistance pour reprendre les commandes.&nbsp; Qui succ\u00e8dera<\/p>\n","protected":false},"author":3,"featured_media":22868,"comment_status":"open","ping_status":"closed","sticky":false,"template":"","format":"standard","meta":{"colormag_page_container_layout":"default_layout","colormag_page_sidebar_layout":"default_layout","om_disable_all_campaigns":false,"_monsterinsights_skip_tracking":false,"_monsterinsights_sitenote_active":false,"_monsterinsights_sitenote_note":"","_monsterinsights_sitenote_category":0,"footnotes":"","_wpscppro_dont_share_socialmedia":false,"_wpscppro_custom_social_share_image":0,"_facebook_share_type":"","_twitter_share_type":"","_linkedin_share_type":"","_pinterest_share_type":"","_linkedin_share_type_page":"","_instagram_share_type":"","_medium_share_type":"","_threads_share_type":"","_google_business_share_type":"","_selected_social_profile":[],"_wpsp_enable_custom_social_template":false,"_wpsp_social_scheduling":{"enabled":false,"datetime":null,"platforms":[],"status":"template_only","dateOption":"today","timeOption":"now","customDays":"","customHours":"","customDate":"","customTime":"","schedulingType":"absolute"},"_wpsp_active_default_template":true},"categories":[33],"tags":[],"class_list":["post-22864","post","type-post","status-publish","format-standard","has-post-thumbnail","hentry","category-sports"],"aioseo_notices":[],"yoast_head":"<!-- This site is optimized with the Yoast SEO plugin v27.5 - https:\/\/yoast.com\/product\/yoast-seo-wordpress\/ -->\n<title>Pr\u00e9sidence de la FAF\u00a0:\u00a0Raouraoua, vraie ou fausse candidature ?\u00a0 - La Sentinelle<\/title>\n<meta name=\"robots\" content=\"index, follow, max-snippet:-1, max-image-preview:large, max-video-preview:-1\" \/>\n<link rel=\"canonical\" href=\"https:\/\/lasentinelle.dz\/index.php\/2022\/06\/22\/presidence-de-la-faf-raouraoua-vraie-ou-fausse-candidature\/\" \/>\n<meta property=\"og:locale\" content=\"fr_FR\" \/>\n<meta property=\"og:type\" content=\"article\" \/>\n<meta property=\"og:title\" content=\"Pr\u00e9sidence de la FAF\u00a0:\u00a0Raouraoua, vraie ou fausse candidature ?\u00a0 - La Sentinelle\" \/>\n<meta property=\"og:description\" content=\"Depuis quelques heures, le nom de l\u2019ancien pr\u00e9sident de la FAF revient avec insistance pour reprendre les commandes.&nbsp; Qui succ\u00e8dera\" \/>\n<meta property=\"og:url\" content=\"https:\/\/lasentinelle.dz\/index.php\/2022\/06\/22\/presidence-de-la-faf-raouraoua-vraie-ou-fausse-candidature\/\" \/>\n<meta property=\"og:site_name\" content=\"La Sentinelle\" \/>\n<meta property=\"article:publisher\" content=\"https:\/\/www.facebook.com\/La-Sentinelle-104059864394773\" \/>\n<meta property=\"article:published_time\" content=\"2022-06-21T23:01:00+00:00\" \/>\n<meta property=\"og:image\" content=\"https:\/\/lasentinelle.dz\/wp-content\/uploads\/2022\/06\/raouraoua.jpg\" \/>\n\t<meta property=\"og:image:width\" content=\"1200\" \/>\n\t<meta property=\"og:image:height\" content=\"800\" \/>\n\t<meta property=\"og:image:type\" content=\"image\/jpeg\" \/>\n<meta name=\"author\" content=\"La Sentinelle\" \/>\n<meta name=\"twitter:card\" content=\"summary_large_image\" \/>\n<meta name=\"twitter:label1\" content=\"\u00c9crit par\" \/>\n\t<meta name=\"twitter:data1\" content=\"La Sentinelle\" \/>\n\t<meta name=\"twitter:label2\" content=\"Dur\u00e9e de lecture estim\u00e9e\" \/>\n\t<meta name=\"twitter:data2\" content=\"3 minutes\" \/>\n<script type=\"application\/ld+json\" class=\"yoast-schema-graph\">{\"@context\":\"https:\\\/\\\/schema.org\",\"@graph\":[{\"@type\":\"Article\",\"@id\":\"https:\\\/\\\/lasentinelle.dz\\\/index.php\\\/2022\\\/06\\\/22\\\/presidence-de-la-faf-raouraoua-vraie-ou-fausse-candidature\\\/#article\",\"isPartOf\":{\"@id\":\"https:\\\/\\\/lasentinelle.dz\\\/index.php\\\/2022\\\/06\\\/22\\\/presidence-de-la-faf-raouraoua-vraie-ou-fausse-candidature\\\/\"},\"author\":{\"name\":\"La Sentinelle\",\"@id\":\"https:\\\/\\\/lasentinelle.dz\\\/#\\\/schema\\\/person\\\/d865044e22e70a75174ce8bcad3acfb3\"},\"headline\":\"Pr\u00e9sidence de la FAF\u00a0:\u00a0Raouraoua, vraie ou fausse candidature ?\u00a0\",\"datePublished\":\"2022-06-21T23:01:00+00:00\",\"mainEntityOfPage\":{\"@id\":\"https:\\\/\\\/lasentinelle.dz\\\/index.php\\\/2022\\\/06\\\/22\\\/presidence-de-la-faf-raouraoua-vraie-ou-fausse-candidature\\\/\"},\"wordCount\":475,\"commentCount\":0,\"publisher\":{\"@id\":\"https:\\\/\\\/lasentinelle.dz\\\/#organization\"},\"image\":{\"@id\":\"https:\\\/\\\/lasentinelle.dz\\\/index.php\\\/2022\\\/06\\\/22\\\/presidence-de-la-faf-raouraoua-vraie-ou-fausse-candidature\\\/#primaryimage\"},\"thumbnailUrl\":\"https:\\\/\\\/lasentinelle.dz\\\/wp-content\\\/uploads\\\/2022\\\/06\\\/raouraoua.jpg\",\"articleSection\":[\"Sports\"],\"inLanguage\":\"fr-FR\",\"potentialAction\":[{\"@type\":\"CommentAction\",\"name\":\"Comment\",\"target\":[\"https:\\\/\\\/lasentinelle.dz\\\/index.php\\\/2022\\\/06\\\/22\\\/presidence-de-la-faf-raouraoua-vraie-ou-fausse-candidature\\\/#respond\"]}]},{\"@type\":\"WebPage\",\"@id\":\"https:\\\/\\\/lasentinelle.dz\\\/index.php\\\/2022\\\/06\\\/22\\\/presidence-de-la-faf-raouraoua-vraie-ou-fausse-candidature\\\/\",\"url\":\"https:\\\/\\\/lasentinelle.dz\\\/index.php\\\/2022\\\/06\\\/22\\\/presidence-de-la-faf-raouraoua-vraie-ou-fausse-candidature\\\/\",\"name\":\"Pr\u00e9sidence de la FAF\u00a0:\u00a0Raouraoua, vraie ou fausse candidature ?\u00a0 - La Sentinelle\",\"isPartOf\":{\"@id\":\"https:\\\/\\\/lasentinelle.dz\\\/#website\"},\"primaryImageOfPage\":{\"@id\":\"https:\\\/\\\/lasentinelle.dz\\\/index.php\\\/2022\\\/06\\\/22\\\/presidence-de-la-faf-raouraoua-vraie-ou-fausse-candidature\\\/#primaryimage\"},\"image\":{\"@id\":\"https:\\\/\\\/lasentinelle.dz\\\/index.php\\\/2022\\\/06\\\/22\\\/presidence-de-la-faf-raouraoua-vraie-ou-fausse-candidature\\\/#primaryimage\"},\"thumbnailUrl\":\"https:\\\/\\\/lasentinelle.dz\\\/wp-content\\\/uploads\\\/2022\\\/06\\\/raouraoua.jpg\",\"datePublished\":\"2022-06-21T23:01:00+00:00\",\"breadcrumb\":{\"@id\":\"https:\\\/\\\/lasentinelle.dz\\\/index.php\\\/2022\\\/06\\\/22\\\/presidence-de-la-faf-raouraoua-vraie-ou-fausse-candidature\\\/#breadcrumb\"},\"inLanguage\":\"fr-FR\",\"potentialAction\":[{\"@type\":\"ReadAction\",\"target\":[\"https:\\\/\\\/lasentinelle.dz\\\/index.php\\\/2022\\\/06\\\/22\\\/presidence-de-la-faf-raouraoua-vraie-ou-fausse-candidature\\\/\"]}]},{\"@type\":\"ImageObject\",\"inLanguage\":\"fr-FR\",\"@id\":\"https:\\\/\\\/lasentinelle.dz\\\/index.php\\\/2022\\\/06\\\/22\\\/presidence-de-la-faf-raouraoua-vraie-ou-fausse-candidature\\\/#primaryimage\",\"url\":\"https:\\\/\\\/lasentinelle.dz\\\/wp-content\\\/uploads\\\/2022\\\/06\\\/raouraoua.jpg\",\"contentUrl\":\"https:\\\/\\\/lasentinelle.dz\\\/wp-content\\\/uploads\\\/2022\\\/06\\\/raouraoua.jpg\",\"width\":1200,\"height\":800},{\"@type\":\"BreadcrumbList\",\"@id\":\"https:\\\/\\\/lasentinelle.dz\\\/index.php\\\/2022\\\/06\\\/22\\\/presidence-de-la-faf-raouraoua-vraie-ou-fausse-candidature\\\/#breadcrumb\",\"itemListElement\":[{\"@type\":\"ListItem\",\"position\":1,\"name\":\"Accueil\",\"item\":\"https:\\\/\\\/lasentinelle.dz\\\/\"},{\"@type\":\"ListItem\",\"position\":2,\"name\":\"Pr\u00e9sidence de la FAF\u00a0:\u00a0Raouraoua, vraie ou fausse candidature ?\u00a0\"}]},{\"@type\":\"WebSite\",\"@id\":\"https:\\\/\\\/lasentinelle.dz\\\/#website\",\"url\":\"https:\\\/\\\/lasentinelle.dz\\\/\",\"name\":\"La Sentinelle\",\"description\":\"Quotidien national d&#039;information\",\"publisher\":{\"@id\":\"https:\\\/\\\/lasentinelle.dz\\\/#organization\"},\"potentialAction\":[{\"@type\":\"SearchAction\",\"target\":{\"@type\":\"EntryPoint\",\"urlTemplate\":\"https:\\\/\\\/lasentinelle.dz\\\/?s={search_term_string}\"},\"query-input\":{\"@type\":\"PropertyValueSpecification\",\"valueRequired\":true,\"valueName\":\"search_term_string\"}}],\"inLanguage\":\"fr-FR\"},{\"@type\":\"Organization\",\"@id\":\"https:\\\/\\\/lasentinelle.dz\\\/#organization\",\"name\":\"Quotidien La Sentinelle\",\"url\":\"https:\\\/\\\/lasentinelle.dz\\\/\",\"logo\":{\"@type\":\"ImageObject\",\"inLanguage\":\"fr-FR\",\"@id\":\"https:\\\/\\\/lasentinelle.dz\\\/#\\\/schema\\\/logo\\\/image\\\/\",\"url\":\"https:\\\/\\\/lasentinelle.dz\\\/wp-content\\\/uploads\\\/2021\\\/09\\\/logo-sentinelleSLOGAN-1.png\",\"contentUrl\":\"https:\\\/\\\/lasentinelle.dz\\\/wp-content\\\/uploads\\\/2021\\\/09\\\/logo-sentinelleSLOGAN-1.png\",\"width\":615,\"height\":142,\"caption\":\"Quotidien La Sentinelle\"},\"image\":{\"@id\":\"https:\\\/\\\/lasentinelle.dz\\\/#\\\/schema\\\/logo\\\/image\\\/\"},\"sameAs\":[\"https:\\\/\\\/www.facebook.com\\\/La-Sentinelle-104059864394773\"]},{\"@type\":\"Person\",\"@id\":\"https:\\\/\\\/lasentinelle.dz\\\/#\\\/schema\\\/person\\\/d865044e22e70a75174ce8bcad3acfb3\",\"name\":\"La Sentinelle\",\"image\":{\"@type\":\"ImageObject\",\"inLanguage\":\"fr-FR\",\"@id\":\"https:\\\/\\\/secure.gravatar.com\\\/avatar\\\/57de8e5d4b15d43fb361a71fbb36338450fe67865b528a43dd10ef7c51a20392?s=96&d=mm&r=g\",\"url\":\"https:\\\/\\\/secure.gravatar.com\\\/avatar\\\/57de8e5d4b15d43fb361a71fbb36338450fe67865b528a43dd10ef7c51a20392?s=96&d=mm&r=g\",\"contentUrl\":\"https:\\\/\\\/secure.gravatar.com\\\/avatar\\\/57de8e5d4b15d43fb361a71fbb36338450fe67865b528a43dd10ef7c51a20392?s=96&d=mm&r=g\",\"caption\":\"La Sentinelle\"},\"sameAs\":[\"http:\\\/\\\/www.lasentinelle.dz\"],\"url\":\"https:\\\/\\\/lasentinelle.dz\\\/author\\\/redaction\\\/\"}]}<\/script>\n<!-- \/ Yoast SEO plugin. -->","yoast_head_json":{"title":"Pr\u00e9sidence de la FAF\u00a0:\u00a0Raouraoua, vraie ou fausse candidature ?\u00a0 - La Sentinelle","robots":{"index":"index","follow":"follow","max-snippet":"max-snippet:-1","max-image-preview":"max-image-preview:large","max-video-preview":"max-video-preview:-1"},"canonical":"https:\/\/lasentinelle.dz\/index.php\/2022\/06\/22\/presidence-de-la-faf-raouraoua-vraie-ou-fausse-candidature\/","og_locale":"fr_FR","og_type":"article","og_title":"Pr\u00e9sidence de la FAF\u00a0:\u00a0Raouraoua, vraie ou fausse candidature ?\u00a0 - La Sentinelle","og_description":"Depuis quelques heures, le nom de l\u2019ancien pr\u00e9sident de la FAF revient avec insistance pour reprendre les commandes.&nbsp; Qui succ\u00e8dera","og_url":"https:\/\/lasentinelle.dz\/index.php\/2022\/06\/22\/presidence-de-la-faf-raouraoua-vraie-ou-fausse-candidature\/","og_site_name":"La Sentinelle","article_publisher":"https:\/\/www.facebook.com\/La-Sentinelle-104059864394773","article_published_time":"2022-06-21T23:01:00+00:00","og_image":[{"width":1200,"height":800,"url":"https:\/\/lasentinelle.dz\/wp-content\/uploads\/2022\/06\/raouraoua.jpg","type":"image\/jpeg"}],"author":"La Sentinelle","twitter_card":"summary_large_image","twitter_misc":{"\u00c9crit par":"La Sentinelle","Dur\u00e9e de lecture estim\u00e9e":"3 minutes"},"schema":{"@context":"https:\/\/schema.org","@graph":[{"@type":"Article","@id":"https:\/\/lasentinelle.dz\/index.php\/2022\/06\/22\/presidence-de-la-faf-raouraoua-vraie-ou-fausse-candidature\/#article","isPartOf":{"@id":"https:\/\/lasentinelle.dz\/index.php\/2022\/06\/22\/presidence-de-la-faf-raouraoua-vraie-ou-fausse-candidature\/"},"author":{"name":"La Sentinelle","@id":"https:\/\/lasentinelle.dz\/#\/schema\/person\/d865044e22e70a75174ce8bcad3acfb3"},"headline":"Pr\u00e9sidence de la FAF\u00a0:\u00a0Raouraoua, vraie ou fausse candidature ?\u00a0","datePublished":"2022-06-21T23:01:00+00:00","mainEntityOfPage":{"@id":"https:\/\/lasentinelle.dz\/index.php\/2022\/06\/22\/presidence-de-la-faf-raouraoua-vraie-ou-fausse-candidature\/"},"wordCount":475,"commentCount":0,"publisher":{"@id":"https:\/\/lasentinelle.dz\/#organization"},"image":{"@id":"https:\/\/lasentinelle.dz\/index.php\/2022\/06\/22\/presidence-de-la-faf-raouraoua-vraie-ou-fausse-candidature\/#primaryimage"},"thumbnailUrl":"https:\/\/lasentinelle.dz\/wp-content\/uploads\/2022\/06\/raouraoua.jpg","articleSection":["Sports"],"inLanguage":"fr-FR","potentialAction":[{"@type":"CommentAction","name":"Comment","target":["https:\/\/lasentinelle.dz\/index.php\/2022\/06\/22\/presidence-de-la-faf-raouraoua-vraie-ou-fausse-candidature\/#respond"]}]},{"@type":"WebPage","@id":"https:\/\/lasentinelle.dz\/index.php\/2022\/06\/22\/presidence-de-la-faf-raouraoua-vraie-ou-fausse-candidature\/","url":"https:\/\/lasentinelle.dz\/index.php\/2022\/06\/22\/presidence-de-la-faf-raouraoua-vraie-ou-fausse-candidature\/","name":"Pr\u00e9sidence de la FAF\u00a0:\u00a0Raouraoua, vraie ou fausse candidature ?\u00a0 - La Sentinelle","isPartOf":{"@id":"https:\/\/lasentinelle.dz\/#website"},"primaryImageOfPage":{"@id":"https:\/\/lasentinelle.dz\/index.php\/2022\/06\/22\/presidence-de-la-faf-raouraoua-vraie-ou-fausse-candidature\/#primaryimage"},"image":{"@id":"https:\/\/lasentinelle.dz\/index.php\/2022\/06\/22\/presidence-de-la-faf-raouraoua-vraie-ou-fausse-candidature\/#primaryimage"},"thumbnailUrl":"https:\/\/lasentinelle.dz\/wp-content\/uploads\/2022\/06\/raouraoua.jpg","datePublished":"2022-06-21T23:01:00+00:00","breadcrumb":{"@id":"https:\/\/lasentinelle.dz\/index.php\/2022\/06\/22\/presidence-de-la-faf-raouraoua-vraie-ou-fausse-candidature\/#breadcrumb"},"inLanguage":"fr-FR","potentialAction":[{"@type":"ReadAction","target":["https:\/\/lasentinelle.dz\/index.php\/2022\/06\/22\/presidence-de-la-faf-raouraoua-vraie-ou-fausse-candidature\/"]}]},{"@type":"ImageObject","inLanguage":"fr-FR","@id":"https:\/\/lasentinelle.dz\/index.php\/2022\/06\/22\/presidence-de-la-faf-raouraoua-vraie-ou-fausse-candidature\/#primaryimage","url":"https:\/\/lasentinelle.dz\/wp-content\/uploads\/2022\/06\/raouraoua.jpg","contentUrl":"https:\/\/lasentinelle.dz\/wp-content\/uploads\/2022\/06\/raouraoua.jpg","width":1200,"height":800},{"@type":"BreadcrumbList","@id":"https:\/\/lasentinelle.dz\/index.php\/2022\/06\/22\/presidence-de-la-faf-raouraoua-vraie-ou-fausse-candidature\/#breadcrumb","itemListElement":[{"@type":"ListItem","position":1,"name":"Accueil","item":"https:\/\/lasentinelle.dz\/"},{"@type":"ListItem","position":2,"name":"Pr\u00e9sidence de la FAF\u00a0:\u00a0Raouraoua, vraie ou fausse candidature ?\u00a0"}]},{"@type":"WebSite","@id":"https:\/\/lasentinelle.dz\/#website","url":"https:\/\/lasentinelle.dz\/","name":"La Sentinelle","description":"Quotidien national d&#039;information","publisher":{"@id":"https:\/\/lasentinelle.dz\/#organization"},"potentialAction":[{"@type":"SearchAction","target":{"@type":"EntryPoint","urlTemplate":"https:\/\/lasentinelle.dz\/?s={search_term_string}"},"query-input":{"@type":"PropertyValueSpecification","valueRequired":true,"valueName":"search_term_string"}}],"inLanguage":"fr-FR"},{"@type":"Organization","@id":"https:\/\/lasentinelle.dz\/#organization","name":"Quotidien La Sentinelle","url":"https:\/\/lasentinelle.dz\/","logo":{"@type":"ImageObject","inLanguage":"fr-FR","@id":"https:\/\/lasentinelle.dz\/#\/schema\/logo\/image\/","url":"https:\/\/lasentinelle.dz\/wp-content\/uploads\/2021\/09\/logo-sentinelleSLOGAN-1.png","contentUrl":"https:\/\/lasentinelle.dz\/wp-content\/uploads\/2021\/09\/logo-sentinelleSLOGAN-1.png","width":615,"height":142,"caption":"Quotidien La Sentinelle"},"image":{"@id":"https:\/\/lasentinelle.dz\/#\/schema\/logo\/image\/"},"sameAs":["https:\/\/www.facebook.com\/La-Sentinelle-104059864394773"]},{"@type":"Person","@id":"https:\/\/lasentinelle.dz\/#\/schema\/person\/d865044e22e70a75174ce8bcad3acfb3","name":"La Sentinelle","image":{"@type":"ImageObject","inLanguage":"fr-FR","@id":"https:\/\/secure.gravatar.com\/avatar\/57de8e5d4b15d43fb361a71fbb36338450fe67865b528a43dd10ef7c51a20392?s=96&d=mm&r=g","url":"https:\/\/secure.gravatar.com\/avatar\/57de8e5d4b15d43fb361a71fbb36338450fe67865b528a43dd10ef7c51a20392?s=96&d=mm&r=g","contentUrl":"https:\/\/secure.gravatar.com\/avatar\/57de8e5d4b15d43fb361a71fbb36338450fe67865b528a43dd10ef7c51a20392?s=96&d=mm&r=g","caption":"La Sentinelle"},"sameAs":["http:\/\/www.lasentinelle.dz"],"url":"https:\/\/lasentinelle.dz\/author\/redaction\/"}]}},"_links":{"self":[{"href":"https:\/\/lasentinelle.dz\/index.php\/wp-json\/wp\/v2\/posts\/22864","targetHints":{"allow":["GET"]}}],"collection":[{"href":"https:\/\/lasentinelle.dz\/index.php\/wp-json\/wp\/v2\/posts"}],"about":[{"href":"https:\/\/lasentinelle.dz\/index.php\/wp-json\/wp\/v2\/types\/post"}],"author":[{"embeddable":true,"href":"https:\/\/lasentinelle.dz\/index.php\/wp-json\/wp\/v2\/users\/3"}],"replies":[{"embeddable":true,"href":"https:\/\/lasentinelle.dz\/index.php\/wp-json\/wp\/v2\/comments?post=22864"}],"version-history":[{"count":1,"href":"https:\/\/lasentinelle.dz\/index.php\/wp-json\/wp\/v2\/posts\/22864\/revisions"}],"predecessor-version":[{"id":22869,"href":"https:\/\/lasentinelle.dz\/index.php\/wp-json\/wp\/v2\/posts\/22864\/revisions\/22869"}],"wp:featuredmedia":[{"embeddable":true,"href":"https:\/\/lasentinelle.dz\/index.php\/wp-json\/wp\/v2\/media\/22868"}],"wp:attachment":[{"href":"https:\/\/lasentinelle.dz\/index.php\/wp-json\/wp\/v2\/media?parent=22864"}],"wp:term":[{"taxonomy":"category","embeddable":true,"href":"https:\/\/lasentinelle.dz\/index.php\/wp-json\/wp\/v2\/categories?post=22864"},{"taxonomy":"post_tag","embeddable":true,"href":"https:\/\/lasentinelle.dz\/index.php\/wp-json\/wp\/v2\/tags?post=22864"}],"curies":[{"name":"wp","href":"https:\/\/api.w.org\/{rel}","templated":true}]}}