{"id":22890,"date":"2022-06-22T00:01:00","date_gmt":"2022-06-21T23:01:00","guid":{"rendered":"https:\/\/lasentinelle.dz\/?p=22890"},"modified":"2022-06-21T16:41:31","modified_gmt":"2022-06-21T15:41:31","slug":"ukraine-percee-russe-sur-la-ligne-de-front","status":"publish","type":"post","link":"https:\/\/lasentinelle.dz\/index.php\/2022\/06\/22\/ukraine-percee-russe-sur-la-ligne-de-front\/","title":{"rendered":"Ukraine\u00a0: Perc\u00e9e russe sur la ligne de front\u00a0"},"content":{"rendered":"\n<p>Les Russes \u00ab\u00a0contr\u00f4lent enti\u00e8rement\u00a0\u00bb le village de Tochkivka sur la ligne de front dans le Donbass (est), \u00e0 quelques kilom\u00e8tres de Severodonetsk et Lyssytchansk o\u00f9 les combats font rage, ont affirm\u00e9 hier les autorit\u00e9s locales ukrainiennes.<\/p>\n\n\n\n<p>Cette r\u00e9gion est quasiment enti\u00e8rement contr\u00f4l\u00e9e par les forces de Moscou. Seule la poche de r\u00e9sistance ukrainienne autour de Lyssytchansk et Severodonetsk \u00e9chappe encore au contr\u00f4le de l&rsquo;arm\u00e9e russe.<\/p>\n\n\n\n<p>Notons que le&nbsp;porte-parole du Kremlin Dmitri Peskov&nbsp;a indiqu\u00e9 hier&nbsp;lors d&rsquo;une interview avec la cha\u00eene am\u00e9ricaine NBC News que deux&nbsp;Am\u00e9ricains,&nbsp;captur\u00e9s&nbsp;en&nbsp;Ukraine&nbsp;alors qu&rsquo;ils combattaient avec les forces arm\u00e9es de Kiev, \u00abmettaient en danger\u00bb des soldats russes et doivent \u00eatre \u00abtenus responsables de ces&nbsp;crimes&nbsp;\u00bb. Il s&rsquo;agit du premier commentaire du Kremlin sur le cas de ces&nbsp;deux&nbsp;anciens militaires&nbsp;am\u00e9ricains, Alexander Drueke et Andy Huynh, selon NBC. \u00abCe sont des mercenaires et ils \u00e9taient impliqu\u00e9s dans des activit\u00e9s ill\u00e9gales sur le territoire de l&rsquo;Ukraine\u00bb, a affirm\u00e9 Dmitri Peskov. \u00abIls \u00e9taient impliqu\u00e9s dans des tirs et des bombardements [visant des militaires russes]\u00bb, a-t-il poursuivi, les accusant d&rsquo;avoir mis \u00aben danger\u00bb la vie des soldats.&nbsp; \u00abIls doivent \u00eatre tenus responsables des&nbsp;crimes&nbsp;qu&rsquo;ils&nbsp;ont&nbsp;commis\u00bb, a ajout\u00e9 le porte-parole du Kremlin. \u00abCes&nbsp;crimes&nbsp;doivent faire l&rsquo;objet d&rsquo;une enqu\u00eate\u00bb. Interrog\u00e9 sur la nature des&nbsp;crimes&nbsp;reproch\u00e9s aux&nbsp;deux&nbsp;Am\u00e9ricains, Dmitri Peskov a admis que les caract\u00e9ristiques pr\u00e9cises de leurs d\u00e9lits n&rsquo;\u00e9taient pas encore connues, assurant toutefois qu&rsquo;ils n&rsquo;\u00e9taient pas couverts par les Conventions de Gen\u00e8ve sur les prisonniers de guerre. Ces&nbsp;deux&nbsp;hommes \u00abne sont pas dans l&rsquo;arm\u00e9e ukrainienne, ils ne sont donc pas soumis aux Conventions de Gen\u00e8ve\u00bb, a-t-il argument\u00e9. La semaine derni\u00e8re, une cha\u00eene de t\u00e9l\u00e9vision publique russe avait publi\u00e9 des vid\u00e9os d&rsquo;Alexander Drueke et d&rsquo;Andy Huynhe sur les r\u00e9seaux sociaux. Le pr\u00e9sident am\u00e9ricain Joe Biden avait dit&nbsp;le 17 juin ignorer o\u00f9 \u00e9taient les deux hommes, qui auraient rejoint d&rsquo;autres combattants volontaires \u00e9trangers aux c\u00f4t\u00e9s de l&rsquo;arm\u00e9e ukrainienne. R\u00e9agissant la veille \u00e0 l&rsquo;annonce de leur disparition,&nbsp;le porte-parole de la diplomatie am\u00e9ricaine Ned Price avait appel\u00e9, en conf\u00e9rence de presse, \u00e0 la cl\u00e9mence&nbsp;: \u00abLes Russes ont certaines obligations et les membres des forces arm\u00e9es ukrainiennes \u2013&nbsp;y compris les volontaires qui peuvent \u00eatre issus de pays tiers incorpor\u00e9s au sein des forces arm\u00e9es \u2013 devraient \u00eatre trait\u00e9s comme des prisonniers de guerre en accord avec les Conventions de Gen\u00e8ve.\u00bb Tandis que Washington joue sur l&rsquo;ambigu\u00eft\u00e9 en assurant d&rsquo;une part ne pas \u00eatre en guerre contre Moscou, et d&rsquo;autre part en soutenant militairement Kiev et en multipliant les sanctions antirusses, deux citoyens am\u00e9ricains combattant en Ukraine sont morts depuis le lancement fin f\u00e9vrier de l&rsquo;offensive russe. Apr\u00e8s un ancien Marine de 22 ans, Willy Joseph Cancel, tu\u00e9 en&nbsp;Ukraine&nbsp;en avril, le magazine Rolling Stone a rapport\u00e9 le 20 juin qu&rsquo;un deuxi\u00e8me&nbsp;combattant am\u00e9ricain aurait \u00e9t\u00e9 tu\u00e9, apr\u00e8s avoir saut\u00e9 sur une mine.<\/p>\n\n\n\n<p>R.I. avec agences<\/p>\n","protected":false},"excerpt":{"rendered":"<p>Les Russes \u00ab\u00a0contr\u00f4lent enti\u00e8rement\u00a0\u00bb le village de Tochkivka sur la ligne de front dans le Donbass (est), \u00e0 quelques kilom\u00e8tres<\/p>\n","protected":false},"author":3,"featured_media":22898,"comment_status":"open","ping_status":"closed","sticky":false,"template":"","format":"standard","meta":{"colormag_page_container_layout":"default_layout","colormag_page_sidebar_layout":"default_layout","om_disable_all_campaigns":false,"_monsterinsights_skip_tracking":false,"_monsterinsights_sitenote_active":false,"_monsterinsights_sitenote_note":"","_monsterinsights_sitenote_category":0,"footnotes":"","_wpscppro_dont_share_socialmedia":false,"_wpscppro_custom_social_share_image":0,"_facebook_share_type":"","_twitter_share_type":"","_linkedin_share_type":"","_pinterest_share_type":"","_linkedin_share_type_page":"","_instagram_share_type":"","_medium_share_type":"","_threads_share_type":"","_google_business_share_type":"","_selected_social_profile":[],"_wpsp_enable_custom_social_template":false,"_wpsp_social_scheduling":{"enabled":false,"datetime":null,"platforms":[],"status":"template_only","dateOption":"today","timeOption":"now","customDays":"","customHours":"","customDate":"","customTime":"","schedulingType":"absolute"},"_wpsp_active_default_template":true},"categories":[37],"tags":[],"class_list":["post-22890","post","type-post","status-publish","format-standard","has-post-thumbnail","hentry","category-monde"],"aioseo_notices":[],"yoast_head":"<!-- This site is optimized with the Yoast SEO plugin v27.5 - https:\/\/yoast.com\/product\/yoast-seo-wordpress\/ -->\n<title>Ukraine\u00a0: Perc\u00e9e russe sur la ligne de front\u00a0 - La Sentinelle<\/title>\n<meta name=\"robots\" content=\"index, follow, max-snippet:-1, max-image-preview:large, max-video-preview:-1\" \/>\n<link rel=\"canonical\" href=\"https:\/\/lasentinelle.dz\/index.php\/2022\/06\/22\/ukraine-percee-russe-sur-la-ligne-de-front\/\" \/>\n<meta property=\"og:locale\" content=\"fr_FR\" \/>\n<meta property=\"og:type\" content=\"article\" \/>\n<meta property=\"og:title\" content=\"Ukraine\u00a0: Perc\u00e9e russe sur la ligne de front\u00a0 - La Sentinelle\" \/>\n<meta property=\"og:description\" content=\"Les Russes \u00ab\u00a0contr\u00f4lent enti\u00e8rement\u00a0\u00bb le village de Tochkivka sur la ligne de front dans le Donbass (est), \u00e0 quelques kilom\u00e8tres\" \/>\n<meta property=\"og:url\" content=\"https:\/\/lasentinelle.dz\/index.php\/2022\/06\/22\/ukraine-percee-russe-sur-la-ligne-de-front\/\" \/>\n<meta property=\"og:site_name\" content=\"La Sentinelle\" \/>\n<meta property=\"article:publisher\" content=\"https:\/\/www.facebook.com\/La-Sentinelle-104059864394773\" \/>\n<meta property=\"article:published_time\" content=\"2022-06-21T23:01:00+00:00\" \/>\n<meta property=\"og:image\" content=\"https:\/\/lasentinelle.dz\/wp-content\/uploads\/2022\/06\/c17233f_1653898226161-345656.jpg\" \/>\n\t<meta property=\"og:image:width\" content=\"664\" \/>\n\t<meta property=\"og:image:height\" content=\"443\" \/>\n\t<meta property=\"og:image:type\" content=\"image\/jpeg\" \/>\n<meta name=\"author\" content=\"La Sentinelle\" \/>\n<meta name=\"twitter:card\" content=\"summary_large_image\" \/>\n<meta name=\"twitter:label1\" content=\"\u00c9crit par\" \/>\n\t<meta name=\"twitter:data1\" content=\"La Sentinelle\" \/>\n\t<meta name=\"twitter:label2\" content=\"Dur\u00e9e de lecture estim\u00e9e\" \/>\n\t<meta name=\"twitter:data2\" content=\"3 minutes\" \/>\n<script type=\"application\/ld+json\" class=\"yoast-schema-graph\">{\"@context\":\"https:\\\/\\\/schema.org\",\"@graph\":[{\"@type\":\"Article\",\"@id\":\"https:\\\/\\\/lasentinelle.dz\\\/index.php\\\/2022\\\/06\\\/22\\\/ukraine-percee-russe-sur-la-ligne-de-front\\\/#article\",\"isPartOf\":{\"@id\":\"https:\\\/\\\/lasentinelle.dz\\\/index.php\\\/2022\\\/06\\\/22\\\/ukraine-percee-russe-sur-la-ligne-de-front\\\/\"},\"author\":{\"name\":\"La Sentinelle\",\"@id\":\"https:\\\/\\\/lasentinelle.dz\\\/#\\\/schema\\\/person\\\/d865044e22e70a75174ce8bcad3acfb3\"},\"headline\":\"Ukraine\u00a0: Perc\u00e9e russe sur la ligne de front\u00a0\",\"datePublished\":\"2022-06-21T23:01:00+00:00\",\"mainEntityOfPage\":{\"@id\":\"https:\\\/\\\/lasentinelle.dz\\\/index.php\\\/2022\\\/06\\\/22\\\/ukraine-percee-russe-sur-la-ligne-de-front\\\/\"},\"wordCount\":590,\"commentCount\":0,\"publisher\":{\"@id\":\"https:\\\/\\\/lasentinelle.dz\\\/#organization\"},\"image\":{\"@id\":\"https:\\\/\\\/lasentinelle.dz\\\/index.php\\\/2022\\\/06\\\/22\\\/ukraine-percee-russe-sur-la-ligne-de-front\\\/#primaryimage\"},\"thumbnailUrl\":\"https:\\\/\\\/lasentinelle.dz\\\/wp-content\\\/uploads\\\/2022\\\/06\\\/c17233f_1653898226161-345656.jpg\",\"articleSection\":[\"Monde\"],\"inLanguage\":\"fr-FR\",\"potentialAction\":[{\"@type\":\"CommentAction\",\"name\":\"Comment\",\"target\":[\"https:\\\/\\\/lasentinelle.dz\\\/index.php\\\/2022\\\/06\\\/22\\\/ukraine-percee-russe-sur-la-ligne-de-front\\\/#respond\"]}]},{\"@type\":\"WebPage\",\"@id\":\"https:\\\/\\\/lasentinelle.dz\\\/index.php\\\/2022\\\/06\\\/22\\\/ukraine-percee-russe-sur-la-ligne-de-front\\\/\",\"url\":\"https:\\\/\\\/lasentinelle.dz\\\/index.php\\\/2022\\\/06\\\/22\\\/ukraine-percee-russe-sur-la-ligne-de-front\\\/\",\"name\":\"Ukraine\u00a0: Perc\u00e9e russe sur la ligne de front\u00a0 - La Sentinelle\",\"isPartOf\":{\"@id\":\"https:\\\/\\\/lasentinelle.dz\\\/#website\"},\"primaryImageOfPage\":{\"@id\":\"https:\\\/\\\/lasentinelle.dz\\\/index.php\\\/2022\\\/06\\\/22\\\/ukraine-percee-russe-sur-la-ligne-de-front\\\/#primaryimage\"},\"image\":{\"@id\":\"https:\\\/\\\/lasentinelle.dz\\\/index.php\\\/2022\\\/06\\\/22\\\/ukraine-percee-russe-sur-la-ligne-de-front\\\/#primaryimage\"},\"thumbnailUrl\":\"https:\\\/\\\/lasentinelle.dz\\\/wp-content\\\/uploads\\\/2022\\\/06\\\/c17233f_1653898226161-345656.jpg\",\"datePublished\":\"2022-06-21T23:01:00+00:00\",\"breadcrumb\":{\"@id\":\"https:\\\/\\\/lasentinelle.dz\\\/index.php\\\/2022\\\/06\\\/22\\\/ukraine-percee-russe-sur-la-ligne-de-front\\\/#breadcrumb\"},\"inLanguage\":\"fr-FR\",\"potentialAction\":[{\"@type\":\"ReadAction\",\"target\":[\"https:\\\/\\\/lasentinelle.dz\\\/index.php\\\/2022\\\/06\\\/22\\\/ukraine-percee-russe-sur-la-ligne-de-front\\\/\"]}]},{\"@type\":\"ImageObject\",\"inLanguage\":\"fr-FR\",\"@id\":\"https:\\\/\\\/lasentinelle.dz\\\/index.php\\\/2022\\\/06\\\/22\\\/ukraine-percee-russe-sur-la-ligne-de-front\\\/#primaryimage\",\"url\":\"https:\\\/\\\/lasentinelle.dz\\\/wp-content\\\/uploads\\\/2022\\\/06\\\/c17233f_1653898226161-345656.jpg\",\"contentUrl\":\"https:\\\/\\\/lasentinelle.dz\\\/wp-content\\\/uploads\\\/2022\\\/06\\\/c17233f_1653898226161-345656.jpg\",\"width\":664,\"height\":443,\"caption\":\"In this handout photo released by the Russian Defense Ministry Press Service released on Saturday, May 28, 2022, A KA-52 helicopter gunship takes off for a mission at an undisclosed location in Ukraine. (Russian Defense Ministry Press Service via AP)\"},{\"@type\":\"BreadcrumbList\",\"@id\":\"https:\\\/\\\/lasentinelle.dz\\\/index.php\\\/2022\\\/06\\\/22\\\/ukraine-percee-russe-sur-la-ligne-de-front\\\/#breadcrumb\",\"itemListElement\":[{\"@type\":\"ListItem\",\"position\":1,\"name\":\"Accueil\",\"item\":\"https:\\\/\\\/lasentinelle.dz\\\/\"},{\"@type\":\"ListItem\",\"position\":2,\"name\":\"Ukraine\u00a0: Perc\u00e9e russe sur la ligne de front\u00a0\"}]},{\"@type\":\"WebSite\",\"@id\":\"https:\\\/\\\/lasentinelle.dz\\\/#website\",\"url\":\"https:\\\/\\\/lasentinelle.dz\\\/\",\"name\":\"La Sentinelle\",\"description\":\"Quotidien national d&#039;information\",\"publisher\":{\"@id\":\"https:\\\/\\\/lasentinelle.dz\\\/#organization\"},\"potentialAction\":[{\"@type\":\"SearchAction\",\"target\":{\"@type\":\"EntryPoint\",\"urlTemplate\":\"https:\\\/\\\/lasentinelle.dz\\\/?s={search_term_string}\"},\"query-input\":{\"@type\":\"PropertyValueSpecification\",\"valueRequired\":true,\"valueName\":\"search_term_string\"}}],\"inLanguage\":\"fr-FR\"},{\"@type\":\"Organization\",\"@id\":\"https:\\\/\\\/lasentinelle.dz\\\/#organization\",\"name\":\"Quotidien La Sentinelle\",\"url\":\"https:\\\/\\\/lasentinelle.dz\\\/\",\"logo\":{\"@type\":\"ImageObject\",\"inLanguage\":\"fr-FR\",\"@id\":\"https:\\\/\\\/lasentinelle.dz\\\/#\\\/schema\\\/logo\\\/image\\\/\",\"url\":\"https:\\\/\\\/lasentinelle.dz\\\/wp-content\\\/uploads\\\/2021\\\/09\\\/logo-sentinelleSLOGAN-1.png\",\"contentUrl\":\"https:\\\/\\\/lasentinelle.dz\\\/wp-content\\\/uploads\\\/2021\\\/09\\\/logo-sentinelleSLOGAN-1.png\",\"width\":615,\"height\":142,\"caption\":\"Quotidien La Sentinelle\"},\"image\":{\"@id\":\"https:\\\/\\\/lasentinelle.dz\\\/#\\\/schema\\\/logo\\\/image\\\/\"},\"sameAs\":[\"https:\\\/\\\/www.facebook.com\\\/La-Sentinelle-104059864394773\"]},{\"@type\":\"Person\",\"@id\":\"https:\\\/\\\/lasentinelle.dz\\\/#\\\/schema\\\/person\\\/d865044e22e70a75174ce8bcad3acfb3\",\"name\":\"La Sentinelle\",\"image\":{\"@type\":\"ImageObject\",\"inLanguage\":\"fr-FR\",\"@id\":\"https:\\\/\\\/secure.gravatar.com\\\/avatar\\\/57de8e5d4b15d43fb361a71fbb36338450fe67865b528a43dd10ef7c51a20392?s=96&d=mm&r=g\",\"url\":\"https:\\\/\\\/secure.gravatar.com\\\/avatar\\\/57de8e5d4b15d43fb361a71fbb36338450fe67865b528a43dd10ef7c51a20392?s=96&d=mm&r=g\",\"contentUrl\":\"https:\\\/\\\/secure.gravatar.com\\\/avatar\\\/57de8e5d4b15d43fb361a71fbb36338450fe67865b528a43dd10ef7c51a20392?s=96&d=mm&r=g\",\"caption\":\"La Sentinelle\"},\"sameAs\":[\"http:\\\/\\\/www.lasentinelle.dz\"],\"url\":\"https:\\\/\\\/lasentinelle.dz\\\/author\\\/redaction\\\/\"}]}<\/script>\n<!-- \/ Yoast SEO plugin. -->","yoast_head_json":{"title":"Ukraine\u00a0: Perc\u00e9e russe sur la ligne de front\u00a0 - La Sentinelle","robots":{"index":"index","follow":"follow","max-snippet":"max-snippet:-1","max-image-preview":"max-image-preview:large","max-video-preview":"max-video-preview:-1"},"canonical":"https:\/\/lasentinelle.dz\/index.php\/2022\/06\/22\/ukraine-percee-russe-sur-la-ligne-de-front\/","og_locale":"fr_FR","og_type":"article","og_title":"Ukraine\u00a0: Perc\u00e9e russe sur la ligne de front\u00a0 - La Sentinelle","og_description":"Les Russes \u00ab\u00a0contr\u00f4lent enti\u00e8rement\u00a0\u00bb le village de Tochkivka sur la ligne de front dans le Donbass (est), \u00e0 quelques kilom\u00e8tres","og_url":"https:\/\/lasentinelle.dz\/index.php\/2022\/06\/22\/ukraine-percee-russe-sur-la-ligne-de-front\/","og_site_name":"La Sentinelle","article_publisher":"https:\/\/www.facebook.com\/La-Sentinelle-104059864394773","article_published_time":"2022-06-21T23:01:00+00:00","og_image":[{"width":664,"height":443,"url":"https:\/\/lasentinelle.dz\/wp-content\/uploads\/2022\/06\/c17233f_1653898226161-345656.jpg","type":"image\/jpeg"}],"author":"La Sentinelle","twitter_card":"summary_large_image","twitter_misc":{"\u00c9crit par":"La Sentinelle","Dur\u00e9e de lecture estim\u00e9e":"3 minutes"},"schema":{"@context":"https:\/\/schema.org","@graph":[{"@type":"Article","@id":"https:\/\/lasentinelle.dz\/index.php\/2022\/06\/22\/ukraine-percee-russe-sur-la-ligne-de-front\/#article","isPartOf":{"@id":"https:\/\/lasentinelle.dz\/index.php\/2022\/06\/22\/ukraine-percee-russe-sur-la-ligne-de-front\/"},"author":{"name":"La Sentinelle","@id":"https:\/\/lasentinelle.dz\/#\/schema\/person\/d865044e22e70a75174ce8bcad3acfb3"},"headline":"Ukraine\u00a0: Perc\u00e9e russe sur la ligne de front\u00a0","datePublished":"2022-06-21T23:01:00+00:00","mainEntityOfPage":{"@id":"https:\/\/lasentinelle.dz\/index.php\/2022\/06\/22\/ukraine-percee-russe-sur-la-ligne-de-front\/"},"wordCount":590,"commentCount":0,"publisher":{"@id":"https:\/\/lasentinelle.dz\/#organization"},"image":{"@id":"https:\/\/lasentinelle.dz\/index.php\/2022\/06\/22\/ukraine-percee-russe-sur-la-ligne-de-front\/#primaryimage"},"thumbnailUrl":"https:\/\/lasentinelle.dz\/wp-content\/uploads\/2022\/06\/c17233f_1653898226161-345656.jpg","articleSection":["Monde"],"inLanguage":"fr-FR","potentialAction":[{"@type":"CommentAction","name":"Comment","target":["https:\/\/lasentinelle.dz\/index.php\/2022\/06\/22\/ukraine-percee-russe-sur-la-ligne-de-front\/#respond"]}]},{"@type":"WebPage","@id":"https:\/\/lasentinelle.dz\/index.php\/2022\/06\/22\/ukraine-percee-russe-sur-la-ligne-de-front\/","url":"https:\/\/lasentinelle.dz\/index.php\/2022\/06\/22\/ukraine-percee-russe-sur-la-ligne-de-front\/","name":"Ukraine\u00a0: Perc\u00e9e russe sur la ligne de front\u00a0 - La Sentinelle","isPartOf":{"@id":"https:\/\/lasentinelle.dz\/#website"},"primaryImageOfPage":{"@id":"https:\/\/lasentinelle.dz\/index.php\/2022\/06\/22\/ukraine-percee-russe-sur-la-ligne-de-front\/#primaryimage"},"image":{"@id":"https:\/\/lasentinelle.dz\/index.php\/2022\/06\/22\/ukraine-percee-russe-sur-la-ligne-de-front\/#primaryimage"},"thumbnailUrl":"https:\/\/lasentinelle.dz\/wp-content\/uploads\/2022\/06\/c17233f_1653898226161-345656.jpg","datePublished":"2022-06-21T23:01:00+00:00","breadcrumb":{"@id":"https:\/\/lasentinelle.dz\/index.php\/2022\/06\/22\/ukraine-percee-russe-sur-la-ligne-de-front\/#breadcrumb"},"inLanguage":"fr-FR","potentialAction":[{"@type":"ReadAction","target":["https:\/\/lasentinelle.dz\/index.php\/2022\/06\/22\/ukraine-percee-russe-sur-la-ligne-de-front\/"]}]},{"@type":"ImageObject","inLanguage":"fr-FR","@id":"https:\/\/lasentinelle.dz\/index.php\/2022\/06\/22\/ukraine-percee-russe-sur-la-ligne-de-front\/#primaryimage","url":"https:\/\/lasentinelle.dz\/wp-content\/uploads\/2022\/06\/c17233f_1653898226161-345656.jpg","contentUrl":"https:\/\/lasentinelle.dz\/wp-content\/uploads\/2022\/06\/c17233f_1653898226161-345656.jpg","width":664,"height":443,"caption":"In this handout photo released by the Russian Defense Ministry Press Service released on Saturday, May 28, 2022, A KA-52 helicopter gunship takes off for a mission at an undisclosed location in Ukraine. (Russian Defense Ministry Press Service via AP)"},{"@type":"BreadcrumbList","@id":"https:\/\/lasentinelle.dz\/index.php\/2022\/06\/22\/ukraine-percee-russe-sur-la-ligne-de-front\/#breadcrumb","itemListElement":[{"@type":"ListItem","position":1,"name":"Accueil","item":"https:\/\/lasentinelle.dz\/"},{"@type":"ListItem","position":2,"name":"Ukraine\u00a0: Perc\u00e9e russe sur la ligne de front\u00a0"}]},{"@type":"WebSite","@id":"https:\/\/lasentinelle.dz\/#website","url":"https:\/\/lasentinelle.dz\/","name":"La Sentinelle","description":"Quotidien national d&#039;information","publisher":{"@id":"https:\/\/lasentinelle.dz\/#organization"},"potentialAction":[{"@type":"SearchAction","target":{"@type":"EntryPoint","urlTemplate":"https:\/\/lasentinelle.dz\/?s={search_term_string}"},"query-input":{"@type":"PropertyValueSpecification","valueRequired":true,"valueName":"search_term_string"}}],"inLanguage":"fr-FR"},{"@type":"Organization","@id":"https:\/\/lasentinelle.dz\/#organization","name":"Quotidien La Sentinelle","url":"https:\/\/lasentinelle.dz\/","logo":{"@type":"ImageObject","inLanguage":"fr-FR","@id":"https:\/\/lasentinelle.dz\/#\/schema\/logo\/image\/","url":"https:\/\/lasentinelle.dz\/wp-content\/uploads\/2021\/09\/logo-sentinelleSLOGAN-1.png","contentUrl":"https:\/\/lasentinelle.dz\/wp-content\/uploads\/2021\/09\/logo-sentinelleSLOGAN-1.png","width":615,"height":142,"caption":"Quotidien La Sentinelle"},"image":{"@id":"https:\/\/lasentinelle.dz\/#\/schema\/logo\/image\/"},"sameAs":["https:\/\/www.facebook.com\/La-Sentinelle-104059864394773"]},{"@type":"Person","@id":"https:\/\/lasentinelle.dz\/#\/schema\/person\/d865044e22e70a75174ce8bcad3acfb3","name":"La Sentinelle","image":{"@type":"ImageObject","inLanguage":"fr-FR","@id":"https:\/\/secure.gravatar.com\/avatar\/57de8e5d4b15d43fb361a71fbb36338450fe67865b528a43dd10ef7c51a20392?s=96&d=mm&r=g","url":"https:\/\/secure.gravatar.com\/avatar\/57de8e5d4b15d43fb361a71fbb36338450fe67865b528a43dd10ef7c51a20392?s=96&d=mm&r=g","contentUrl":"https:\/\/secure.gravatar.com\/avatar\/57de8e5d4b15d43fb361a71fbb36338450fe67865b528a43dd10ef7c51a20392?s=96&d=mm&r=g","caption":"La Sentinelle"},"sameAs":["http:\/\/www.lasentinelle.dz"],"url":"https:\/\/lasentinelle.dz\/author\/redaction\/"}]}},"_links":{"self":[{"href":"https:\/\/lasentinelle.dz\/index.php\/wp-json\/wp\/v2\/posts\/22890","targetHints":{"allow":["GET"]}}],"collection":[{"href":"https:\/\/lasentinelle.dz\/index.php\/wp-json\/wp\/v2\/posts"}],"about":[{"href":"https:\/\/lasentinelle.dz\/index.php\/wp-json\/wp\/v2\/types\/post"}],"author":[{"embeddable":true,"href":"https:\/\/lasentinelle.dz\/index.php\/wp-json\/wp\/v2\/users\/3"}],"replies":[{"embeddable":true,"href":"https:\/\/lasentinelle.dz\/index.php\/wp-json\/wp\/v2\/comments?post=22890"}],"version-history":[{"count":1,"href":"https:\/\/lasentinelle.dz\/index.php\/wp-json\/wp\/v2\/posts\/22890\/revisions"}],"predecessor-version":[{"id":22901,"href":"https:\/\/lasentinelle.dz\/index.php\/wp-json\/wp\/v2\/posts\/22890\/revisions\/22901"}],"wp:featuredmedia":[{"embeddable":true,"href":"https:\/\/lasentinelle.dz\/index.php\/wp-json\/wp\/v2\/media\/22898"}],"wp:attachment":[{"href":"https:\/\/lasentinelle.dz\/index.php\/wp-json\/wp\/v2\/media?parent=22890"}],"wp:term":[{"taxonomy":"category","embeddable":true,"href":"https:\/\/lasentinelle.dz\/index.php\/wp-json\/wp\/v2\/categories?post=22890"},{"taxonomy":"post_tag","embeddable":true,"href":"https:\/\/lasentinelle.dz\/index.php\/wp-json\/wp\/v2\/tags?post=22890"}],"curies":[{"name":"wp","href":"https:\/\/api.w.org\/{rel}","templated":true}]}}