{"id":22899,"date":"2022-06-22T00:05:00","date_gmt":"2022-06-21T23:05:00","guid":{"rendered":"https:\/\/lasentinelle.dz\/?p=22899"},"modified":"2022-06-21T19:43:00","modified_gmt":"2022-06-21T18:43:00","slug":"270-hectares-de-forets-detruits-depuis-le-debut-du-mois-incendies-eviter-un-nouveau-drame","status":"publish","type":"post","link":"https:\/\/lasentinelle.dz\/index.php\/2022\/06\/22\/270-hectares-de-forets-detruits-depuis-le-debut-du-mois-incendies-eviter-un-nouveau-drame\/","title":{"rendered":"270 hectares de for\u00eats d\u00e9truits depuis le d\u00e9but du mois\u00a0: Incendies\u00a0: \u00e9viter un nouveau drame"},"content":{"rendered":"\n<p>L\u2019\u00e9t\u00e9 s\u2019annonce particuli\u00e8rement chaud, cette ann\u00e9e. Les temp\u00e9ratures sont particuli\u00e8rement \u00e9lev\u00e9es et deux alertes canicules ont \u00e9t\u00e9 lanc\u00e9es par les services de M\u00e9t\u00e9o Alg\u00e9rie depuis le d\u00e9but du mois de juin. Les conditions m\u00e9t\u00e9orologiques sont favorables au d\u00e9clenchement d\u2019incendies qui se sont multipli\u00e9s au cours des derniers jours. Des incendies qui ont d\u00e9truit pas moins de 270 hectares de couvert v\u00e9g\u00e9tal depuis le d\u00e9but du mois.&nbsp;<\/p>\n\n\n\n<p>Le Directeur g\u00e9n\u00e9ral des for\u00eats, Djamel Touahria a indiqu\u00e9 hier que pas moins de 57 incendies ont \u00e9t\u00e9 enregistr\u00e9s \u00e0 travers plusieurs wilayas du pays, en ce mois de juin, lesquels ont ravag\u00e9 270 hectares de couvert v\u00e9g\u00e9tal. Les incendies les plus importants ont \u00e9t\u00e9 enregistr\u00e9s dans la wilaya de Skikda, pr\u00e9cise-t-il.&nbsp;<\/p>\n\n\n\n<p>Invit\u00e9 \u00e0 s\u2019exprimer sur les ondes de la Radio alg\u00e9rienne, le DGF a \u00e9voqu\u00e9 les incendies de l\u2019ann\u00e9e 2021, lesquels ont \u00e9t\u00e9 particuli\u00e8rement meurtriers. Il a ainsi pr\u00e9cis\u00e9 que ces incendies ont d\u00e9truit pas mois de 100.101 hectares de couvert v\u00e9g\u00e9tal, dont 72.000 hectares d\u00e9vor\u00e9s par les flammes durant la semaine du mois d\u2019ao\u00fbt 2021, o\u00f9 l\u2019on a enregistr\u00e9 le plus grand nombre de d\u00e9c\u00e8s. Il assure dans ce sens que des dispositions ont \u00e9t\u00e9 prises pour \u00e9viter la r\u00e9\u00e9dition des \u00e9v\u00e8nements dramatiques de l\u2019ann\u00e9e derni\u00e8re. \u00ab&nbsp;Nos&nbsp;services&nbsp;ont commenc\u00e9 \u00e0 former et \u00e0 sensibiliser la population sur la fa\u00e7on d&rsquo;agir lors du d\u00e9clenchement d&rsquo;incendies en fournissant des instructions et des conseils, en se r\u00e9f\u00e9rant au plan approuv\u00e9 pour assurer un \u00e9t\u00e9 en toute s\u00e9curit\u00e9 bas\u00e9 principalement sur le nettoyage des routes et des sentiers et intensifier les patrouilles dans les for\u00eats, en plus de mettre en place des centres de lutte contre les incendies dans les diff\u00e9rents espaces forestiers qui enverront une alerte pr\u00e9coce en vue d&rsquo;une premi\u00e8re intervention&nbsp;des&nbsp;agents de la&nbsp;Protection civile&nbsp;\u00bb, a expliqu\u00e9 le premier responsable de la Conservation des for\u00eats.<\/p>\n\n\n\n<p>En ce qui concerne&nbsp;les moyens d&rsquo;intervention rapide&nbsp;mobilis\u00e9s, M. Touahria a indiqu\u00e9&nbsp;que plus de 4.000&nbsp;suppl\u00e9ants&nbsp;et 3.000 saisonniers ont \u00e9t\u00e9 recrut\u00e9s,&nbsp;en sus de&nbsp;l&rsquo;acquisition de 240 v\u00e9hicules d&rsquo;intervention rapide et de 15 camions citernes.<\/p>\n\n\n\n<p>L\u2019intervenant a, dans ce sens,&nbsp;salu\u00e9 le travail des \u00e9quipes de&nbsp;la Protection&nbsp;civile&nbsp;et des agents sp\u00e9cialis\u00e9s dans l&rsquo;extinction des incendies,&nbsp;assurant que des dispositions ont \u00e9t\u00e9 prises pour l\u2019affr\u00e8tement&nbsp;d\u2019un&nbsp;avion bombardier d&rsquo;eau.<\/p>\n\n\n\n<p>Le m\u00eame responsable a \u00e9galement&nbsp;\u00e9voqu\u00e9 le r\u00f4le des m\u00e9dias dans le processus de sensibilisation des citoyens \u00e0 l&rsquo;importance de pr\u00e9server les richesses foresti\u00e8res.<\/p>\n\n\n\n<p>Le DGF est \u00e9galement revenu sur la r\u00e9cente mesure prise par le minist\u00e8re de l\u2019Agriculture et du D\u00e9veloppement rural concernant la suspension de&nbsp;la production de charbon de bois pendant l&rsquo;\u00e9t\u00e9. Il a ainsi rappel\u00e9&nbsp;les mesures pr\u00e9ventives qui doivent \u00eatre prises par les citoyens, surtout pendant l&rsquo;\u00e9t\u00e9,&nbsp;notamment le fait d\u2019\u00e9viter d\u2019organiser des&nbsp;barbecuesdans les&nbsp;espaces forestiers.&nbsp;Dans un autre contexte, le m\u00eame intervenant a \u00e9voqu\u00e9 l&rsquo;incompatibilit\u00e9 des l\u00e9gislations et cadres juridiques en vigueur pour la protection des richesses foresti\u00e8res datant de 1984 avec les \u00e9volutions actuelles, notamment en ce qui concerne l&rsquo;aspect dissuasif de la protection du couvert v\u00e9g\u00e9tal.&nbsp;Il&nbsp;a&nbsp;ainsi&nbsp;expliqu\u00e9 que le nouveau projet de loi r\u00e9glementant le secteur&nbsp;des for\u00eats&nbsp;est actuellement au niveau du Secr\u00e9tariat&nbsp;g\u00e9n\u00e9ral du Gouvernement. Et d\u2019ajouter que le texte&nbsp;comprend de nouvelles dispositions tr\u00e8s strictes des mesures dissuasives pour lutter contre toutes les formes d&rsquo;atteintes aux for\u00eats, notant qu&rsquo;il comprenait \u00e9galement des facilit\u00e9s pour les investisseurs, notamment dans le domaine de l&rsquo;apiculture, des loisirs et de la plantation de plantes aromatiques, en plus de la production de mat\u00e9riaux ligneux et non ligneux.<\/p>\n\n\n\n<p><strong>Chokri Hafed<\/strong><\/p>\n","protected":false},"excerpt":{"rendered":"<p>L\u2019\u00e9t\u00e9 s\u2019annonce particuli\u00e8rement chaud, cette ann\u00e9e. Les temp\u00e9ratures sont particuli\u00e8rement \u00e9lev\u00e9es et deux alertes canicules ont \u00e9t\u00e9 lanc\u00e9es par les<\/p>\n","protected":false},"author":3,"featured_media":1340,"comment_status":"open","ping_status":"closed","sticky":false,"template":"","format":"standard","meta":{"colormag_page_container_layout":"default_layout","colormag_page_sidebar_layout":"default_layout","om_disable_all_campaigns":false,"_monsterinsights_skip_tracking":false,"_monsterinsights_sitenote_active":false,"_monsterinsights_sitenote_note":"","_monsterinsights_sitenote_category":0,"footnotes":"","_wpscppro_dont_share_socialmedia":false,"_wpscppro_custom_social_share_image":0,"_facebook_share_type":"","_twitter_share_type":"","_linkedin_share_type":"","_pinterest_share_type":"","_linkedin_share_type_page":"","_instagram_share_type":"","_medium_share_type":"","_threads_share_type":"","_google_business_share_type":"","_selected_social_profile":[],"_wpsp_enable_custom_social_template":false,"_wpsp_social_scheduling":{"enabled":false,"datetime":null,"platforms":[],"status":"template_only","dateOption":"today","timeOption":"now","customDays":"","customHours":"","customDate":"","customTime":"","schedulingType":"absolute"},"_wpsp_active_default_template":true},"categories":[52,27],"tags":[],"class_list":["post-22899","post","type-post","status-publish","format-standard","has-post-thumbnail","hentry","category-a-la-une","category-actualite"],"aioseo_notices":[],"yoast_head":"<!-- This site is optimized with the Yoast SEO plugin v27.5 - https:\/\/yoast.com\/product\/yoast-seo-wordpress\/ -->\n<title>270 hectares de for\u00eats d\u00e9truits depuis le d\u00e9but du mois\u00a0: Incendies\u00a0: \u00e9viter un nouveau drame - La Sentinelle<\/title>\n<meta name=\"robots\" content=\"index, follow, max-snippet:-1, max-image-preview:large, max-video-preview:-1\" \/>\n<link rel=\"canonical\" href=\"https:\/\/lasentinelle.dz\/index.php\/2022\/06\/22\/270-hectares-de-forets-detruits-depuis-le-debut-du-mois-incendies-eviter-un-nouveau-drame\/\" \/>\n<meta property=\"og:locale\" content=\"fr_FR\" \/>\n<meta property=\"og:type\" content=\"article\" \/>\n<meta property=\"og:title\" content=\"270 hectares de for\u00eats d\u00e9truits depuis le d\u00e9but du mois\u00a0: Incendies\u00a0: \u00e9viter un nouveau drame - La Sentinelle\" \/>\n<meta property=\"og:description\" content=\"L\u2019\u00e9t\u00e9 s\u2019annonce particuli\u00e8rement chaud, cette ann\u00e9e. Les temp\u00e9ratures sont particuli\u00e8rement \u00e9lev\u00e9es et deux alertes canicules ont \u00e9t\u00e9 lanc\u00e9es par les\" \/>\n<meta property=\"og:url\" content=\"https:\/\/lasentinelle.dz\/index.php\/2022\/06\/22\/270-hectares-de-forets-detruits-depuis-le-debut-du-mois-incendies-eviter-un-nouveau-drame\/\" \/>\n<meta property=\"og:site_name\" content=\"La Sentinelle\" \/>\n<meta property=\"article:publisher\" content=\"https:\/\/www.facebook.com\/La-Sentinelle-104059864394773\" \/>\n<meta property=\"article:published_time\" content=\"2022-06-21T23:05:00+00:00\" \/>\n<meta property=\"og:image\" content=\"https:\/\/lasentinelle.dz\/wp-content\/uploads\/2021\/07\/feuc-dd.png\" \/>\n\t<meta property=\"og:image:width\" content=\"1378\" \/>\n\t<meta property=\"og:image:height\" content=\"900\" \/>\n\t<meta property=\"og:image:type\" content=\"image\/png\" \/>\n<meta name=\"author\" content=\"La Sentinelle\" \/>\n<meta name=\"twitter:card\" content=\"summary_large_image\" \/>\n<meta name=\"twitter:label1\" content=\"\u00c9crit par\" \/>\n\t<meta name=\"twitter:data1\" content=\"La Sentinelle\" \/>\n\t<meta name=\"twitter:label2\" content=\"Dur\u00e9e de lecture estim\u00e9e\" \/>\n\t<meta name=\"twitter:data2\" content=\"4 minutes\" \/>\n<script type=\"application\/ld+json\" class=\"yoast-schema-graph\">{\"@context\":\"https:\\\/\\\/schema.org\",\"@graph\":[{\"@type\":\"Article\",\"@id\":\"https:\\\/\\\/lasentinelle.dz\\\/index.php\\\/2022\\\/06\\\/22\\\/270-hectares-de-forets-detruits-depuis-le-debut-du-mois-incendies-eviter-un-nouveau-drame\\\/#article\",\"isPartOf\":{\"@id\":\"https:\\\/\\\/lasentinelle.dz\\\/index.php\\\/2022\\\/06\\\/22\\\/270-hectares-de-forets-detruits-depuis-le-debut-du-mois-incendies-eviter-un-nouveau-drame\\\/\"},\"author\":{\"name\":\"La Sentinelle\",\"@id\":\"https:\\\/\\\/lasentinelle.dz\\\/#\\\/schema\\\/person\\\/d865044e22e70a75174ce8bcad3acfb3\"},\"headline\":\"270 hectares de for\u00eats d\u00e9truits depuis le d\u00e9but du mois\u00a0: Incendies\u00a0: \u00e9viter un nouveau drame\",\"datePublished\":\"2022-06-21T23:05:00+00:00\",\"mainEntityOfPage\":{\"@id\":\"https:\\\/\\\/lasentinelle.dz\\\/index.php\\\/2022\\\/06\\\/22\\\/270-hectares-de-forets-detruits-depuis-le-debut-du-mois-incendies-eviter-un-nouveau-drame\\\/\"},\"wordCount\":737,\"commentCount\":0,\"publisher\":{\"@id\":\"https:\\\/\\\/lasentinelle.dz\\\/#organization\"},\"image\":{\"@id\":\"https:\\\/\\\/lasentinelle.dz\\\/index.php\\\/2022\\\/06\\\/22\\\/270-hectares-de-forets-detruits-depuis-le-debut-du-mois-incendies-eviter-un-nouveau-drame\\\/#primaryimage\"},\"thumbnailUrl\":\"https:\\\/\\\/lasentinelle.dz\\\/wp-content\\\/uploads\\\/2021\\\/07\\\/feuc-dd.png\",\"articleSection\":[\"\u00c0 la Une\",\"Actualit\u00e9\"],\"inLanguage\":\"fr-FR\",\"potentialAction\":[{\"@type\":\"CommentAction\",\"name\":\"Comment\",\"target\":[\"https:\\\/\\\/lasentinelle.dz\\\/index.php\\\/2022\\\/06\\\/22\\\/270-hectares-de-forets-detruits-depuis-le-debut-du-mois-incendies-eviter-un-nouveau-drame\\\/#respond\"]}]},{\"@type\":\"WebPage\",\"@id\":\"https:\\\/\\\/lasentinelle.dz\\\/index.php\\\/2022\\\/06\\\/22\\\/270-hectares-de-forets-detruits-depuis-le-debut-du-mois-incendies-eviter-un-nouveau-drame\\\/\",\"url\":\"https:\\\/\\\/lasentinelle.dz\\\/index.php\\\/2022\\\/06\\\/22\\\/270-hectares-de-forets-detruits-depuis-le-debut-du-mois-incendies-eviter-un-nouveau-drame\\\/\",\"name\":\"270 hectares de for\u00eats d\u00e9truits depuis le d\u00e9but du mois\u00a0: Incendies\u00a0: \u00e9viter un nouveau drame - La Sentinelle\",\"isPartOf\":{\"@id\":\"https:\\\/\\\/lasentinelle.dz\\\/#website\"},\"primaryImageOfPage\":{\"@id\":\"https:\\\/\\\/lasentinelle.dz\\\/index.php\\\/2022\\\/06\\\/22\\\/270-hectares-de-forets-detruits-depuis-le-debut-du-mois-incendies-eviter-un-nouveau-drame\\\/#primaryimage\"},\"image\":{\"@id\":\"https:\\\/\\\/lasentinelle.dz\\\/index.php\\\/2022\\\/06\\\/22\\\/270-hectares-de-forets-detruits-depuis-le-debut-du-mois-incendies-eviter-un-nouveau-drame\\\/#primaryimage\"},\"thumbnailUrl\":\"https:\\\/\\\/lasentinelle.dz\\\/wp-content\\\/uploads\\\/2021\\\/07\\\/feuc-dd.png\",\"datePublished\":\"2022-06-21T23:05:00+00:00\",\"breadcrumb\":{\"@id\":\"https:\\\/\\\/lasentinelle.dz\\\/index.php\\\/2022\\\/06\\\/22\\\/270-hectares-de-forets-detruits-depuis-le-debut-du-mois-incendies-eviter-un-nouveau-drame\\\/#breadcrumb\"},\"inLanguage\":\"fr-FR\",\"potentialAction\":[{\"@type\":\"ReadAction\",\"target\":[\"https:\\\/\\\/lasentinelle.dz\\\/index.php\\\/2022\\\/06\\\/22\\\/270-hectares-de-forets-detruits-depuis-le-debut-du-mois-incendies-eviter-un-nouveau-drame\\\/\"]}]},{\"@type\":\"ImageObject\",\"inLanguage\":\"fr-FR\",\"@id\":\"https:\\\/\\\/lasentinelle.dz\\\/index.php\\\/2022\\\/06\\\/22\\\/270-hectares-de-forets-detruits-depuis-le-debut-du-mois-incendies-eviter-un-nouveau-drame\\\/#primaryimage\",\"url\":\"https:\\\/\\\/lasentinelle.dz\\\/wp-content\\\/uploads\\\/2021\\\/07\\\/feuc-dd.png\",\"contentUrl\":\"https:\\\/\\\/lasentinelle.dz\\\/wp-content\\\/uploads\\\/2021\\\/07\\\/feuc-dd.png\",\"width\":1378,\"height\":900,\"caption\":\"Les incendies ravagent des hectares de couvert forestier. (Photo Archives)\"},{\"@type\":\"BreadcrumbList\",\"@id\":\"https:\\\/\\\/lasentinelle.dz\\\/index.php\\\/2022\\\/06\\\/22\\\/270-hectares-de-forets-detruits-depuis-le-debut-du-mois-incendies-eviter-un-nouveau-drame\\\/#breadcrumb\",\"itemListElement\":[{\"@type\":\"ListItem\",\"position\":1,\"name\":\"Accueil\",\"item\":\"https:\\\/\\\/lasentinelle.dz\\\/\"},{\"@type\":\"ListItem\",\"position\":2,\"name\":\"270 hectares de for\u00eats d\u00e9truits depuis le d\u00e9but du mois\u00a0: Incendies\u00a0: \u00e9viter un nouveau drame\"}]},{\"@type\":\"WebSite\",\"@id\":\"https:\\\/\\\/lasentinelle.dz\\\/#website\",\"url\":\"https:\\\/\\\/lasentinelle.dz\\\/\",\"name\":\"La Sentinelle\",\"description\":\"Quotidien national d&#039;information\",\"publisher\":{\"@id\":\"https:\\\/\\\/lasentinelle.dz\\\/#organization\"},\"potentialAction\":[{\"@type\":\"SearchAction\",\"target\":{\"@type\":\"EntryPoint\",\"urlTemplate\":\"https:\\\/\\\/lasentinelle.dz\\\/?s={search_term_string}\"},\"query-input\":{\"@type\":\"PropertyValueSpecification\",\"valueRequired\":true,\"valueName\":\"search_term_string\"}}],\"inLanguage\":\"fr-FR\"},{\"@type\":\"Organization\",\"@id\":\"https:\\\/\\\/lasentinelle.dz\\\/#organization\",\"name\":\"Quotidien La Sentinelle\",\"url\":\"https:\\\/\\\/lasentinelle.dz\\\/\",\"logo\":{\"@type\":\"ImageObject\",\"inLanguage\":\"fr-FR\",\"@id\":\"https:\\\/\\\/lasentinelle.dz\\\/#\\\/schema\\\/logo\\\/image\\\/\",\"url\":\"https:\\\/\\\/lasentinelle.dz\\\/wp-content\\\/uploads\\\/2021\\\/09\\\/logo-sentinelleSLOGAN-1.png\",\"contentUrl\":\"https:\\\/\\\/lasentinelle.dz\\\/wp-content\\\/uploads\\\/2021\\\/09\\\/logo-sentinelleSLOGAN-1.png\",\"width\":615,\"height\":142,\"caption\":\"Quotidien La Sentinelle\"},\"image\":{\"@id\":\"https:\\\/\\\/lasentinelle.dz\\\/#\\\/schema\\\/logo\\\/image\\\/\"},\"sameAs\":[\"https:\\\/\\\/www.facebook.com\\\/La-Sentinelle-104059864394773\"]},{\"@type\":\"Person\",\"@id\":\"https:\\\/\\\/lasentinelle.dz\\\/#\\\/schema\\\/person\\\/d865044e22e70a75174ce8bcad3acfb3\",\"name\":\"La Sentinelle\",\"image\":{\"@type\":\"ImageObject\",\"inLanguage\":\"fr-FR\",\"@id\":\"https:\\\/\\\/secure.gravatar.com\\\/avatar\\\/57de8e5d4b15d43fb361a71fbb36338450fe67865b528a43dd10ef7c51a20392?s=96&d=mm&r=g\",\"url\":\"https:\\\/\\\/secure.gravatar.com\\\/avatar\\\/57de8e5d4b15d43fb361a71fbb36338450fe67865b528a43dd10ef7c51a20392?s=96&d=mm&r=g\",\"contentUrl\":\"https:\\\/\\\/secure.gravatar.com\\\/avatar\\\/57de8e5d4b15d43fb361a71fbb36338450fe67865b528a43dd10ef7c51a20392?s=96&d=mm&r=g\",\"caption\":\"La Sentinelle\"},\"sameAs\":[\"http:\\\/\\\/www.lasentinelle.dz\"],\"url\":\"https:\\\/\\\/lasentinelle.dz\\\/author\\\/redaction\\\/\"}]}<\/script>\n<!-- \/ Yoast SEO plugin. -->","yoast_head_json":{"title":"270 hectares de for\u00eats d\u00e9truits depuis le d\u00e9but du mois\u00a0: Incendies\u00a0: \u00e9viter un nouveau drame - La Sentinelle","robots":{"index":"index","follow":"follow","max-snippet":"max-snippet:-1","max-image-preview":"max-image-preview:large","max-video-preview":"max-video-preview:-1"},"canonical":"https:\/\/lasentinelle.dz\/index.php\/2022\/06\/22\/270-hectares-de-forets-detruits-depuis-le-debut-du-mois-incendies-eviter-un-nouveau-drame\/","og_locale":"fr_FR","og_type":"article","og_title":"270 hectares de for\u00eats d\u00e9truits depuis le d\u00e9but du mois\u00a0: Incendies\u00a0: \u00e9viter un nouveau drame - La Sentinelle","og_description":"L\u2019\u00e9t\u00e9 s\u2019annonce particuli\u00e8rement chaud, cette ann\u00e9e. Les temp\u00e9ratures sont particuli\u00e8rement \u00e9lev\u00e9es et deux alertes canicules ont \u00e9t\u00e9 lanc\u00e9es par les","og_url":"https:\/\/lasentinelle.dz\/index.php\/2022\/06\/22\/270-hectares-de-forets-detruits-depuis-le-debut-du-mois-incendies-eviter-un-nouveau-drame\/","og_site_name":"La Sentinelle","article_publisher":"https:\/\/www.facebook.com\/La-Sentinelle-104059864394773","article_published_time":"2022-06-21T23:05:00+00:00","og_image":[{"width":1378,"height":900,"url":"https:\/\/lasentinelle.dz\/wp-content\/uploads\/2021\/07\/feuc-dd.png","type":"image\/png"}],"author":"La Sentinelle","twitter_card":"summary_large_image","twitter_misc":{"\u00c9crit par":"La Sentinelle","Dur\u00e9e de lecture estim\u00e9e":"4 minutes"},"schema":{"@context":"https:\/\/schema.org","@graph":[{"@type":"Article","@id":"https:\/\/lasentinelle.dz\/index.php\/2022\/06\/22\/270-hectares-de-forets-detruits-depuis-le-debut-du-mois-incendies-eviter-un-nouveau-drame\/#article","isPartOf":{"@id":"https:\/\/lasentinelle.dz\/index.php\/2022\/06\/22\/270-hectares-de-forets-detruits-depuis-le-debut-du-mois-incendies-eviter-un-nouveau-drame\/"},"author":{"name":"La Sentinelle","@id":"https:\/\/lasentinelle.dz\/#\/schema\/person\/d865044e22e70a75174ce8bcad3acfb3"},"headline":"270 hectares de for\u00eats d\u00e9truits depuis le d\u00e9but du mois\u00a0: Incendies\u00a0: \u00e9viter un nouveau drame","datePublished":"2022-06-21T23:05:00+00:00","mainEntityOfPage":{"@id":"https:\/\/lasentinelle.dz\/index.php\/2022\/06\/22\/270-hectares-de-forets-detruits-depuis-le-debut-du-mois-incendies-eviter-un-nouveau-drame\/"},"wordCount":737,"commentCount":0,"publisher":{"@id":"https:\/\/lasentinelle.dz\/#organization"},"image":{"@id":"https:\/\/lasentinelle.dz\/index.php\/2022\/06\/22\/270-hectares-de-forets-detruits-depuis-le-debut-du-mois-incendies-eviter-un-nouveau-drame\/#primaryimage"},"thumbnailUrl":"https:\/\/lasentinelle.dz\/wp-content\/uploads\/2021\/07\/feuc-dd.png","articleSection":["\u00c0 la Une","Actualit\u00e9"],"inLanguage":"fr-FR","potentialAction":[{"@type":"CommentAction","name":"Comment","target":["https:\/\/lasentinelle.dz\/index.php\/2022\/06\/22\/270-hectares-de-forets-detruits-depuis-le-debut-du-mois-incendies-eviter-un-nouveau-drame\/#respond"]}]},{"@type":"WebPage","@id":"https:\/\/lasentinelle.dz\/index.php\/2022\/06\/22\/270-hectares-de-forets-detruits-depuis-le-debut-du-mois-incendies-eviter-un-nouveau-drame\/","url":"https:\/\/lasentinelle.dz\/index.php\/2022\/06\/22\/270-hectares-de-forets-detruits-depuis-le-debut-du-mois-incendies-eviter-un-nouveau-drame\/","name":"270 hectares de for\u00eats d\u00e9truits depuis le d\u00e9but du mois\u00a0: Incendies\u00a0: \u00e9viter un nouveau drame - La Sentinelle","isPartOf":{"@id":"https:\/\/lasentinelle.dz\/#website"},"primaryImageOfPage":{"@id":"https:\/\/lasentinelle.dz\/index.php\/2022\/06\/22\/270-hectares-de-forets-detruits-depuis-le-debut-du-mois-incendies-eviter-un-nouveau-drame\/#primaryimage"},"image":{"@id":"https:\/\/lasentinelle.dz\/index.php\/2022\/06\/22\/270-hectares-de-forets-detruits-depuis-le-debut-du-mois-incendies-eviter-un-nouveau-drame\/#primaryimage"},"thumbnailUrl":"https:\/\/lasentinelle.dz\/wp-content\/uploads\/2021\/07\/feuc-dd.png","datePublished":"2022-06-21T23:05:00+00:00","breadcrumb":{"@id":"https:\/\/lasentinelle.dz\/index.php\/2022\/06\/22\/270-hectares-de-forets-detruits-depuis-le-debut-du-mois-incendies-eviter-un-nouveau-drame\/#breadcrumb"},"inLanguage":"fr-FR","potentialAction":[{"@type":"ReadAction","target":["https:\/\/lasentinelle.dz\/index.php\/2022\/06\/22\/270-hectares-de-forets-detruits-depuis-le-debut-du-mois-incendies-eviter-un-nouveau-drame\/"]}]},{"@type":"ImageObject","inLanguage":"fr-FR","@id":"https:\/\/lasentinelle.dz\/index.php\/2022\/06\/22\/270-hectares-de-forets-detruits-depuis-le-debut-du-mois-incendies-eviter-un-nouveau-drame\/#primaryimage","url":"https:\/\/lasentinelle.dz\/wp-content\/uploads\/2021\/07\/feuc-dd.png","contentUrl":"https:\/\/lasentinelle.dz\/wp-content\/uploads\/2021\/07\/feuc-dd.png","width":1378,"height":900,"caption":"Les incendies ravagent des hectares de couvert forestier. (Photo Archives)"},{"@type":"BreadcrumbList","@id":"https:\/\/lasentinelle.dz\/index.php\/2022\/06\/22\/270-hectares-de-forets-detruits-depuis-le-debut-du-mois-incendies-eviter-un-nouveau-drame\/#breadcrumb","itemListElement":[{"@type":"ListItem","position":1,"name":"Accueil","item":"https:\/\/lasentinelle.dz\/"},{"@type":"ListItem","position":2,"name":"270 hectares de for\u00eats d\u00e9truits depuis le d\u00e9but du mois\u00a0: Incendies\u00a0: \u00e9viter un nouveau drame"}]},{"@type":"WebSite","@id":"https:\/\/lasentinelle.dz\/#website","url":"https:\/\/lasentinelle.dz\/","name":"La Sentinelle","description":"Quotidien national d&#039;information","publisher":{"@id":"https:\/\/lasentinelle.dz\/#organization"},"potentialAction":[{"@type":"SearchAction","target":{"@type":"EntryPoint","urlTemplate":"https:\/\/lasentinelle.dz\/?s={search_term_string}"},"query-input":{"@type":"PropertyValueSpecification","valueRequired":true,"valueName":"search_term_string"}}],"inLanguage":"fr-FR"},{"@type":"Organization","@id":"https:\/\/lasentinelle.dz\/#organization","name":"Quotidien La Sentinelle","url":"https:\/\/lasentinelle.dz\/","logo":{"@type":"ImageObject","inLanguage":"fr-FR","@id":"https:\/\/lasentinelle.dz\/#\/schema\/logo\/image\/","url":"https:\/\/lasentinelle.dz\/wp-content\/uploads\/2021\/09\/logo-sentinelleSLOGAN-1.png","contentUrl":"https:\/\/lasentinelle.dz\/wp-content\/uploads\/2021\/09\/logo-sentinelleSLOGAN-1.png","width":615,"height":142,"caption":"Quotidien La Sentinelle"},"image":{"@id":"https:\/\/lasentinelle.dz\/#\/schema\/logo\/image\/"},"sameAs":["https:\/\/www.facebook.com\/La-Sentinelle-104059864394773"]},{"@type":"Person","@id":"https:\/\/lasentinelle.dz\/#\/schema\/person\/d865044e22e70a75174ce8bcad3acfb3","name":"La Sentinelle","image":{"@type":"ImageObject","inLanguage":"fr-FR","@id":"https:\/\/secure.gravatar.com\/avatar\/57de8e5d4b15d43fb361a71fbb36338450fe67865b528a43dd10ef7c51a20392?s=96&d=mm&r=g","url":"https:\/\/secure.gravatar.com\/avatar\/57de8e5d4b15d43fb361a71fbb36338450fe67865b528a43dd10ef7c51a20392?s=96&d=mm&r=g","contentUrl":"https:\/\/secure.gravatar.com\/avatar\/57de8e5d4b15d43fb361a71fbb36338450fe67865b528a43dd10ef7c51a20392?s=96&d=mm&r=g","caption":"La Sentinelle"},"sameAs":["http:\/\/www.lasentinelle.dz"],"url":"https:\/\/lasentinelle.dz\/author\/redaction\/"}]}},"_links":{"self":[{"href":"https:\/\/lasentinelle.dz\/index.php\/wp-json\/wp\/v2\/posts\/22899","targetHints":{"allow":["GET"]}}],"collection":[{"href":"https:\/\/lasentinelle.dz\/index.php\/wp-json\/wp\/v2\/posts"}],"about":[{"href":"https:\/\/lasentinelle.dz\/index.php\/wp-json\/wp\/v2\/types\/post"}],"author":[{"embeddable":true,"href":"https:\/\/lasentinelle.dz\/index.php\/wp-json\/wp\/v2\/users\/3"}],"replies":[{"embeddable":true,"href":"https:\/\/lasentinelle.dz\/index.php\/wp-json\/wp\/v2\/comments?post=22899"}],"version-history":[{"count":1,"href":"https:\/\/lasentinelle.dz\/index.php\/wp-json\/wp\/v2\/posts\/22899\/revisions"}],"predecessor-version":[{"id":22905,"href":"https:\/\/lasentinelle.dz\/index.php\/wp-json\/wp\/v2\/posts\/22899\/revisions\/22905"}],"wp:featuredmedia":[{"embeddable":true,"href":"https:\/\/lasentinelle.dz\/index.php\/wp-json\/wp\/v2\/media\/1340"}],"wp:attachment":[{"href":"https:\/\/lasentinelle.dz\/index.php\/wp-json\/wp\/v2\/media?parent=22899"}],"wp:term":[{"taxonomy":"category","embeddable":true,"href":"https:\/\/lasentinelle.dz\/index.php\/wp-json\/wp\/v2\/categories?post=22899"},{"taxonomy":"post_tag","embeddable":true,"href":"https:\/\/lasentinelle.dz\/index.php\/wp-json\/wp\/v2\/tags?post=22899"}],"curies":[{"name":"wp","href":"https:\/\/api.w.org\/{rel}","templated":true}]}}