{"id":22923,"date":"2022-06-22T00:01:00","date_gmt":"2022-06-21T23:01:00","guid":{"rendered":"https:\/\/lasentinelle.dz\/?p=22923"},"modified":"2022-06-21T19:37:00","modified_gmt":"2022-06-21T18:37:00","slug":"couverture-mediatique-de-levenement-la-cheville-ouvriere","status":"publish","type":"post","link":"https:\/\/lasentinelle.dz\/index.php\/2022\/06\/22\/couverture-mediatique-de-levenement-la-cheville-ouvriere\/","title":{"rendered":"Couverture m\u00e9diatique de l\u2019\u00e9v\u00e8nement\u00a0:\u00a0La cheville ouvri\u00e8re\u00a0"},"content":{"rendered":"\n<p>La commission \u00ab\u00a0M\u00e9dias et presse\u00a0\u00bb du Comit\u00e9 d&rsquo;Organisation des JM-2022 a jou\u00e9 un r\u00f4le majeur dans la promotion de cet \u00e9v\u00e9nement sportif en cr\u00e9ant un site internet susceptible de renseigner sur les pr\u00e9paratifs de l&rsquo;\u00e9v\u00e9nement et fournir aux m\u00e9dias locaux et nationaux diverses informations relatives aux Jeux. Sur le plan logistique, la commission a mis en place tous les moyens au profit des journalistes nationaux et \u00e9trangers charg\u00e9s de couvrir l&rsquo;\u00e9v\u00e9nement. Elle a \u00e9galement enregistr\u00e9 quelque 2.068 demandes d&rsquo;accr\u00e9ditation de journalistes, soit 1596 demandes \u00e9manant de la presse nationale, \u00e9crite et audiovisuelle, et 472 autres de la presse \u00e9trang\u00e8re, a indiqu\u00e9 Mehdi Boukouama, membre de la commission. Concernant l&rsquo;h\u00e9bergement des correspondants de presse, Boukouama a indiqu\u00e9 que 32 h\u00f4tels leur ont \u00e9t\u00e9 retenus. Les journalistes auront la possibilit\u00e9 de choisir n&rsquo;importe quel h\u00f4tel dans lequel ils souhaitent s&rsquo;inscrire. La commission a \u00e9galement fourni tous les moyens et \u00e9quipements pour les professionnels des m\u00e9dias au niveau d\u2019un Centre International de la Presse qui sera ouvert \u00e0 l&rsquo;h\u00f4tel \u00ab\u00a0Le M\u00e9ridien\u00a0\u00bb. Ce centre est dot\u00e9 d\u2019un parc d\u2019environ 120 PC multim\u00e9dias avec tous leurs accessoires, d\u2019une connexion Internet de 200 m\u00e9gaoctets et d\u2019un \u00e9cran g\u00e9ant permettant de suivre sur place le d\u00e9roulement des comp\u00e9titions sans se d\u00e9placer sur les sites concern\u00e9s. Des bus seront affect\u00e9s au transport des professionnels des m\u00e9dias vers les installations sportives pour couvrir les diff\u00e9rentes comp\u00e9titions. Cinq plateaux \u00e9quip\u00e9s de cam\u00e9ras et de moyens d\u2019\u00e9clairage seront mis \u00e0 la disposition des \u00e9quipes des m\u00e9dias audiovisuels publics, priv\u00e9s et \u00e9trangers. Des techniciens seront charg\u00e9s d\u2019enregistrer et de diffuser divers envois t\u00e9l\u00e9vis\u00e9s. Six salles d\u00e9di\u00e9es aux commentaires radio, ainsi que des zones mixtes pour les d\u00e9clarations des athl\u00e8tes niveau des sites sportifs et des salles sont \u00e9galement pr\u00e9vues en plus d\u2019une salle de conf\u00e9rence et une autre pour les conf\u00e9rences de presse dans le nouveau complexe olympique de Belga\u00efd, \u00e0 Bir El-Djir, ainsi que le Centre International de Presse (CIP). Au lancement des JM, un guide des JM sera remis aux d\u00e9l\u00e9gations sportives et aux organismes m\u00e9diatiques. Il a \u00e9t\u00e9 con\u00e7u avec la collaboration de l\u2019ANEP. Il est pr\u00e9vu la publication d\u2019un magazine et une gazette durant toute la dur\u00e9e des JM. Ces publications seront diffus\u00e9es au niveau de tous les centres, stades et structures sportives, ainsi qu&rsquo;au niveau du CIP et du Village M\u00e9diterran\u00e9en, entre autres.&nbsp;<\/p>\n\n\n\n<p><strong>A.Mahious<\/strong><\/p>\n","protected":false},"excerpt":{"rendered":"<p>La commission \u00ab\u00a0M\u00e9dias et presse\u00a0\u00bb du Comit\u00e9 d&rsquo;Organisation des JM-2022 a jou\u00e9 un r\u00f4le majeur dans la promotion de cet<\/p>\n","protected":false},"author":3,"featured_media":22928,"comment_status":"open","ping_status":"closed","sticky":false,"template":"","format":"standard","meta":{"colormag_page_container_layout":"default_layout","colormag_page_sidebar_layout":"default_layout","om_disable_all_campaigns":false,"_monsterinsights_skip_tracking":false,"_monsterinsights_sitenote_active":false,"_monsterinsights_sitenote_note":"","_monsterinsights_sitenote_category":0,"footnotes":"","_wpscppro_dont_share_socialmedia":false,"_wpscppro_custom_social_share_image":0,"_facebook_share_type":"","_twitter_share_type":"","_linkedin_share_type":"","_pinterest_share_type":"","_linkedin_share_type_page":"","_instagram_share_type":"","_medium_share_type":"","_threads_share_type":"","_google_business_share_type":"","_selected_social_profile":[],"_wpsp_enable_custom_social_template":false,"_wpsp_social_scheduling":{"enabled":false,"datetime":null,"platforms":[],"status":"template_only","dateOption":"today","timeOption":"now","customDays":"","customHours":"","customDate":"","customTime":"","schedulingType":"absolute"},"_wpsp_active_default_template":true},"categories":[27],"tags":[],"class_list":["post-22923","post","type-post","status-publish","format-standard","has-post-thumbnail","hentry","category-actualite"],"aioseo_notices":[],"yoast_head":"<!-- This site is optimized with the Yoast SEO plugin v27.5 - https:\/\/yoast.com\/product\/yoast-seo-wordpress\/ -->\n<title>Couverture m\u00e9diatique de l\u2019\u00e9v\u00e8nement\u00a0:\u00a0La cheville ouvri\u00e8re\u00a0 - La Sentinelle<\/title>\n<meta name=\"robots\" content=\"index, follow, max-snippet:-1, max-image-preview:large, max-video-preview:-1\" \/>\n<link rel=\"canonical\" href=\"https:\/\/lasentinelle.dz\/index.php\/2022\/06\/22\/couverture-mediatique-de-levenement-la-cheville-ouvriere\/\" \/>\n<meta property=\"og:locale\" content=\"fr_FR\" \/>\n<meta property=\"og:type\" content=\"article\" \/>\n<meta property=\"og:title\" content=\"Couverture m\u00e9diatique de l\u2019\u00e9v\u00e8nement\u00a0:\u00a0La cheville ouvri\u00e8re\u00a0 - La Sentinelle\" \/>\n<meta property=\"og:description\" content=\"La commission \u00ab\u00a0M\u00e9dias et presse\u00a0\u00bb du Comit\u00e9 d&rsquo;Organisation des JM-2022 a jou\u00e9 un r\u00f4le majeur dans la promotion de cet\" \/>\n<meta property=\"og:url\" content=\"https:\/\/lasentinelle.dz\/index.php\/2022\/06\/22\/couverture-mediatique-de-levenement-la-cheville-ouvriere\/\" \/>\n<meta property=\"og:site_name\" content=\"La Sentinelle\" \/>\n<meta property=\"article:publisher\" content=\"https:\/\/www.facebook.com\/La-Sentinelle-104059864394773\" \/>\n<meta property=\"article:published_time\" content=\"2022-06-21T23:01:00+00:00\" \/>\n<meta property=\"og:image\" content=\"https:\/\/lasentinelle.dz\/wp-content\/uploads\/2022\/06\/medias_11.jpg\" \/>\n\t<meta property=\"og:image:width\" content=\"400\" \/>\n\t<meta property=\"og:image:height\" content=\"237\" \/>\n\t<meta property=\"og:image:type\" content=\"image\/jpeg\" \/>\n<meta name=\"author\" content=\"La Sentinelle\" \/>\n<meta name=\"twitter:card\" content=\"summary_large_image\" \/>\n<meta name=\"twitter:label1\" content=\"\u00c9crit par\" \/>\n\t<meta name=\"twitter:data1\" content=\"La Sentinelle\" \/>\n\t<meta name=\"twitter:label2\" content=\"Dur\u00e9e de lecture estim\u00e9e\" \/>\n\t<meta name=\"twitter:data2\" content=\"2 minutes\" \/>\n<script type=\"application\/ld+json\" class=\"yoast-schema-graph\">{\"@context\":\"https:\\\/\\\/schema.org\",\"@graph\":[{\"@type\":\"Article\",\"@id\":\"https:\\\/\\\/lasentinelle.dz\\\/index.php\\\/2022\\\/06\\\/22\\\/couverture-mediatique-de-levenement-la-cheville-ouvriere\\\/#article\",\"isPartOf\":{\"@id\":\"https:\\\/\\\/lasentinelle.dz\\\/index.php\\\/2022\\\/06\\\/22\\\/couverture-mediatique-de-levenement-la-cheville-ouvriere\\\/\"},\"author\":{\"name\":\"La Sentinelle\",\"@id\":\"https:\\\/\\\/lasentinelle.dz\\\/#\\\/schema\\\/person\\\/d865044e22e70a75174ce8bcad3acfb3\"},\"headline\":\"Couverture m\u00e9diatique de l\u2019\u00e9v\u00e8nement\u00a0:\u00a0La cheville ouvri\u00e8re\u00a0\",\"datePublished\":\"2022-06-21T23:01:00+00:00\",\"mainEntityOfPage\":{\"@id\":\"https:\\\/\\\/lasentinelle.dz\\\/index.php\\\/2022\\\/06\\\/22\\\/couverture-mediatique-de-levenement-la-cheville-ouvriere\\\/\"},\"wordCount\":463,\"commentCount\":0,\"publisher\":{\"@id\":\"https:\\\/\\\/lasentinelle.dz\\\/#organization\"},\"image\":{\"@id\":\"https:\\\/\\\/lasentinelle.dz\\\/index.php\\\/2022\\\/06\\\/22\\\/couverture-mediatique-de-levenement-la-cheville-ouvriere\\\/#primaryimage\"},\"thumbnailUrl\":\"https:\\\/\\\/lasentinelle.dz\\\/wp-content\\\/uploads\\\/2022\\\/06\\\/medias_11.jpg\",\"articleSection\":[\"Actualit\u00e9\"],\"inLanguage\":\"fr-FR\",\"potentialAction\":[{\"@type\":\"CommentAction\",\"name\":\"Comment\",\"target\":[\"https:\\\/\\\/lasentinelle.dz\\\/index.php\\\/2022\\\/06\\\/22\\\/couverture-mediatique-de-levenement-la-cheville-ouvriere\\\/#respond\"]}]},{\"@type\":\"WebPage\",\"@id\":\"https:\\\/\\\/lasentinelle.dz\\\/index.php\\\/2022\\\/06\\\/22\\\/couverture-mediatique-de-levenement-la-cheville-ouvriere\\\/\",\"url\":\"https:\\\/\\\/lasentinelle.dz\\\/index.php\\\/2022\\\/06\\\/22\\\/couverture-mediatique-de-levenement-la-cheville-ouvriere\\\/\",\"name\":\"Couverture m\u00e9diatique de l\u2019\u00e9v\u00e8nement\u00a0:\u00a0La cheville ouvri\u00e8re\u00a0 - La Sentinelle\",\"isPartOf\":{\"@id\":\"https:\\\/\\\/lasentinelle.dz\\\/#website\"},\"primaryImageOfPage\":{\"@id\":\"https:\\\/\\\/lasentinelle.dz\\\/index.php\\\/2022\\\/06\\\/22\\\/couverture-mediatique-de-levenement-la-cheville-ouvriere\\\/#primaryimage\"},\"image\":{\"@id\":\"https:\\\/\\\/lasentinelle.dz\\\/index.php\\\/2022\\\/06\\\/22\\\/couverture-mediatique-de-levenement-la-cheville-ouvriere\\\/#primaryimage\"},\"thumbnailUrl\":\"https:\\\/\\\/lasentinelle.dz\\\/wp-content\\\/uploads\\\/2022\\\/06\\\/medias_11.jpg\",\"datePublished\":\"2022-06-21T23:01:00+00:00\",\"breadcrumb\":{\"@id\":\"https:\\\/\\\/lasentinelle.dz\\\/index.php\\\/2022\\\/06\\\/22\\\/couverture-mediatique-de-levenement-la-cheville-ouvriere\\\/#breadcrumb\"},\"inLanguage\":\"fr-FR\",\"potentialAction\":[{\"@type\":\"ReadAction\",\"target\":[\"https:\\\/\\\/lasentinelle.dz\\\/index.php\\\/2022\\\/06\\\/22\\\/couverture-mediatique-de-levenement-la-cheville-ouvriere\\\/\"]}]},{\"@type\":\"ImageObject\",\"inLanguage\":\"fr-FR\",\"@id\":\"https:\\\/\\\/lasentinelle.dz\\\/index.php\\\/2022\\\/06\\\/22\\\/couverture-mediatique-de-levenement-la-cheville-ouvriere\\\/#primaryimage\",\"url\":\"https:\\\/\\\/lasentinelle.dz\\\/wp-content\\\/uploads\\\/2022\\\/06\\\/medias_11.jpg\",\"contentUrl\":\"https:\\\/\\\/lasentinelle.dz\\\/wp-content\\\/uploads\\\/2022\\\/06\\\/medias_11.jpg\",\"width\":400,\"height\":237},{\"@type\":\"BreadcrumbList\",\"@id\":\"https:\\\/\\\/lasentinelle.dz\\\/index.php\\\/2022\\\/06\\\/22\\\/couverture-mediatique-de-levenement-la-cheville-ouvriere\\\/#breadcrumb\",\"itemListElement\":[{\"@type\":\"ListItem\",\"position\":1,\"name\":\"Accueil\",\"item\":\"https:\\\/\\\/lasentinelle.dz\\\/\"},{\"@type\":\"ListItem\",\"position\":2,\"name\":\"Couverture m\u00e9diatique de l\u2019\u00e9v\u00e8nement\u00a0:\u00a0La cheville ouvri\u00e8re\u00a0\"}]},{\"@type\":\"WebSite\",\"@id\":\"https:\\\/\\\/lasentinelle.dz\\\/#website\",\"url\":\"https:\\\/\\\/lasentinelle.dz\\\/\",\"name\":\"La Sentinelle\",\"description\":\"Quotidien national d&#039;information\",\"publisher\":{\"@id\":\"https:\\\/\\\/lasentinelle.dz\\\/#organization\"},\"potentialAction\":[{\"@type\":\"SearchAction\",\"target\":{\"@type\":\"EntryPoint\",\"urlTemplate\":\"https:\\\/\\\/lasentinelle.dz\\\/?s={search_term_string}\"},\"query-input\":{\"@type\":\"PropertyValueSpecification\",\"valueRequired\":true,\"valueName\":\"search_term_string\"}}],\"inLanguage\":\"fr-FR\"},{\"@type\":\"Organization\",\"@id\":\"https:\\\/\\\/lasentinelle.dz\\\/#organization\",\"name\":\"Quotidien La Sentinelle\",\"url\":\"https:\\\/\\\/lasentinelle.dz\\\/\",\"logo\":{\"@type\":\"ImageObject\",\"inLanguage\":\"fr-FR\",\"@id\":\"https:\\\/\\\/lasentinelle.dz\\\/#\\\/schema\\\/logo\\\/image\\\/\",\"url\":\"https:\\\/\\\/lasentinelle.dz\\\/wp-content\\\/uploads\\\/2021\\\/09\\\/logo-sentinelleSLOGAN-1.png\",\"contentUrl\":\"https:\\\/\\\/lasentinelle.dz\\\/wp-content\\\/uploads\\\/2021\\\/09\\\/logo-sentinelleSLOGAN-1.png\",\"width\":615,\"height\":142,\"caption\":\"Quotidien La Sentinelle\"},\"image\":{\"@id\":\"https:\\\/\\\/lasentinelle.dz\\\/#\\\/schema\\\/logo\\\/image\\\/\"},\"sameAs\":[\"https:\\\/\\\/www.facebook.com\\\/La-Sentinelle-104059864394773\"]},{\"@type\":\"Person\",\"@id\":\"https:\\\/\\\/lasentinelle.dz\\\/#\\\/schema\\\/person\\\/d865044e22e70a75174ce8bcad3acfb3\",\"name\":\"La Sentinelle\",\"image\":{\"@type\":\"ImageObject\",\"inLanguage\":\"fr-FR\",\"@id\":\"https:\\\/\\\/secure.gravatar.com\\\/avatar\\\/57de8e5d4b15d43fb361a71fbb36338450fe67865b528a43dd10ef7c51a20392?s=96&d=mm&r=g\",\"url\":\"https:\\\/\\\/secure.gravatar.com\\\/avatar\\\/57de8e5d4b15d43fb361a71fbb36338450fe67865b528a43dd10ef7c51a20392?s=96&d=mm&r=g\",\"contentUrl\":\"https:\\\/\\\/secure.gravatar.com\\\/avatar\\\/57de8e5d4b15d43fb361a71fbb36338450fe67865b528a43dd10ef7c51a20392?s=96&d=mm&r=g\",\"caption\":\"La Sentinelle\"},\"sameAs\":[\"http:\\\/\\\/www.lasentinelle.dz\"],\"url\":\"https:\\\/\\\/lasentinelle.dz\\\/author\\\/redaction\\\/\"}]}<\/script>\n<!-- \/ Yoast SEO plugin. -->","yoast_head_json":{"title":"Couverture m\u00e9diatique de l\u2019\u00e9v\u00e8nement\u00a0:\u00a0La cheville ouvri\u00e8re\u00a0 - La Sentinelle","robots":{"index":"index","follow":"follow","max-snippet":"max-snippet:-1","max-image-preview":"max-image-preview:large","max-video-preview":"max-video-preview:-1"},"canonical":"https:\/\/lasentinelle.dz\/index.php\/2022\/06\/22\/couverture-mediatique-de-levenement-la-cheville-ouvriere\/","og_locale":"fr_FR","og_type":"article","og_title":"Couverture m\u00e9diatique de l\u2019\u00e9v\u00e8nement\u00a0:\u00a0La cheville ouvri\u00e8re\u00a0 - La Sentinelle","og_description":"La commission \u00ab\u00a0M\u00e9dias et presse\u00a0\u00bb du Comit\u00e9 d&rsquo;Organisation des JM-2022 a jou\u00e9 un r\u00f4le majeur dans la promotion de cet","og_url":"https:\/\/lasentinelle.dz\/index.php\/2022\/06\/22\/couverture-mediatique-de-levenement-la-cheville-ouvriere\/","og_site_name":"La Sentinelle","article_publisher":"https:\/\/www.facebook.com\/La-Sentinelle-104059864394773","article_published_time":"2022-06-21T23:01:00+00:00","og_image":[{"width":400,"height":237,"url":"https:\/\/lasentinelle.dz\/wp-content\/uploads\/2022\/06\/medias_11.jpg","type":"image\/jpeg"}],"author":"La Sentinelle","twitter_card":"summary_large_image","twitter_misc":{"\u00c9crit par":"La Sentinelle","Dur\u00e9e de lecture estim\u00e9e":"2 minutes"},"schema":{"@context":"https:\/\/schema.org","@graph":[{"@type":"Article","@id":"https:\/\/lasentinelle.dz\/index.php\/2022\/06\/22\/couverture-mediatique-de-levenement-la-cheville-ouvriere\/#article","isPartOf":{"@id":"https:\/\/lasentinelle.dz\/index.php\/2022\/06\/22\/couverture-mediatique-de-levenement-la-cheville-ouvriere\/"},"author":{"name":"La Sentinelle","@id":"https:\/\/lasentinelle.dz\/#\/schema\/person\/d865044e22e70a75174ce8bcad3acfb3"},"headline":"Couverture m\u00e9diatique de l\u2019\u00e9v\u00e8nement\u00a0:\u00a0La cheville ouvri\u00e8re\u00a0","datePublished":"2022-06-21T23:01:00+00:00","mainEntityOfPage":{"@id":"https:\/\/lasentinelle.dz\/index.php\/2022\/06\/22\/couverture-mediatique-de-levenement-la-cheville-ouvriere\/"},"wordCount":463,"commentCount":0,"publisher":{"@id":"https:\/\/lasentinelle.dz\/#organization"},"image":{"@id":"https:\/\/lasentinelle.dz\/index.php\/2022\/06\/22\/couverture-mediatique-de-levenement-la-cheville-ouvriere\/#primaryimage"},"thumbnailUrl":"https:\/\/lasentinelle.dz\/wp-content\/uploads\/2022\/06\/medias_11.jpg","articleSection":["Actualit\u00e9"],"inLanguage":"fr-FR","potentialAction":[{"@type":"CommentAction","name":"Comment","target":["https:\/\/lasentinelle.dz\/index.php\/2022\/06\/22\/couverture-mediatique-de-levenement-la-cheville-ouvriere\/#respond"]}]},{"@type":"WebPage","@id":"https:\/\/lasentinelle.dz\/index.php\/2022\/06\/22\/couverture-mediatique-de-levenement-la-cheville-ouvriere\/","url":"https:\/\/lasentinelle.dz\/index.php\/2022\/06\/22\/couverture-mediatique-de-levenement-la-cheville-ouvriere\/","name":"Couverture m\u00e9diatique de l\u2019\u00e9v\u00e8nement\u00a0:\u00a0La cheville ouvri\u00e8re\u00a0 - La Sentinelle","isPartOf":{"@id":"https:\/\/lasentinelle.dz\/#website"},"primaryImageOfPage":{"@id":"https:\/\/lasentinelle.dz\/index.php\/2022\/06\/22\/couverture-mediatique-de-levenement-la-cheville-ouvriere\/#primaryimage"},"image":{"@id":"https:\/\/lasentinelle.dz\/index.php\/2022\/06\/22\/couverture-mediatique-de-levenement-la-cheville-ouvriere\/#primaryimage"},"thumbnailUrl":"https:\/\/lasentinelle.dz\/wp-content\/uploads\/2022\/06\/medias_11.jpg","datePublished":"2022-06-21T23:01:00+00:00","breadcrumb":{"@id":"https:\/\/lasentinelle.dz\/index.php\/2022\/06\/22\/couverture-mediatique-de-levenement-la-cheville-ouvriere\/#breadcrumb"},"inLanguage":"fr-FR","potentialAction":[{"@type":"ReadAction","target":["https:\/\/lasentinelle.dz\/index.php\/2022\/06\/22\/couverture-mediatique-de-levenement-la-cheville-ouvriere\/"]}]},{"@type":"ImageObject","inLanguage":"fr-FR","@id":"https:\/\/lasentinelle.dz\/index.php\/2022\/06\/22\/couverture-mediatique-de-levenement-la-cheville-ouvriere\/#primaryimage","url":"https:\/\/lasentinelle.dz\/wp-content\/uploads\/2022\/06\/medias_11.jpg","contentUrl":"https:\/\/lasentinelle.dz\/wp-content\/uploads\/2022\/06\/medias_11.jpg","width":400,"height":237},{"@type":"BreadcrumbList","@id":"https:\/\/lasentinelle.dz\/index.php\/2022\/06\/22\/couverture-mediatique-de-levenement-la-cheville-ouvriere\/#breadcrumb","itemListElement":[{"@type":"ListItem","position":1,"name":"Accueil","item":"https:\/\/lasentinelle.dz\/"},{"@type":"ListItem","position":2,"name":"Couverture m\u00e9diatique de l\u2019\u00e9v\u00e8nement\u00a0:\u00a0La cheville ouvri\u00e8re\u00a0"}]},{"@type":"WebSite","@id":"https:\/\/lasentinelle.dz\/#website","url":"https:\/\/lasentinelle.dz\/","name":"La Sentinelle","description":"Quotidien national d&#039;information","publisher":{"@id":"https:\/\/lasentinelle.dz\/#organization"},"potentialAction":[{"@type":"SearchAction","target":{"@type":"EntryPoint","urlTemplate":"https:\/\/lasentinelle.dz\/?s={search_term_string}"},"query-input":{"@type":"PropertyValueSpecification","valueRequired":true,"valueName":"search_term_string"}}],"inLanguage":"fr-FR"},{"@type":"Organization","@id":"https:\/\/lasentinelle.dz\/#organization","name":"Quotidien La Sentinelle","url":"https:\/\/lasentinelle.dz\/","logo":{"@type":"ImageObject","inLanguage":"fr-FR","@id":"https:\/\/lasentinelle.dz\/#\/schema\/logo\/image\/","url":"https:\/\/lasentinelle.dz\/wp-content\/uploads\/2021\/09\/logo-sentinelleSLOGAN-1.png","contentUrl":"https:\/\/lasentinelle.dz\/wp-content\/uploads\/2021\/09\/logo-sentinelleSLOGAN-1.png","width":615,"height":142,"caption":"Quotidien La Sentinelle"},"image":{"@id":"https:\/\/lasentinelle.dz\/#\/schema\/logo\/image\/"},"sameAs":["https:\/\/www.facebook.com\/La-Sentinelle-104059864394773"]},{"@type":"Person","@id":"https:\/\/lasentinelle.dz\/#\/schema\/person\/d865044e22e70a75174ce8bcad3acfb3","name":"La Sentinelle","image":{"@type":"ImageObject","inLanguage":"fr-FR","@id":"https:\/\/secure.gravatar.com\/avatar\/57de8e5d4b15d43fb361a71fbb36338450fe67865b528a43dd10ef7c51a20392?s=96&d=mm&r=g","url":"https:\/\/secure.gravatar.com\/avatar\/57de8e5d4b15d43fb361a71fbb36338450fe67865b528a43dd10ef7c51a20392?s=96&d=mm&r=g","contentUrl":"https:\/\/secure.gravatar.com\/avatar\/57de8e5d4b15d43fb361a71fbb36338450fe67865b528a43dd10ef7c51a20392?s=96&d=mm&r=g","caption":"La Sentinelle"},"sameAs":["http:\/\/www.lasentinelle.dz"],"url":"https:\/\/lasentinelle.dz\/author\/redaction\/"}]}},"_links":{"self":[{"href":"https:\/\/lasentinelle.dz\/index.php\/wp-json\/wp\/v2\/posts\/22923","targetHints":{"allow":["GET"]}}],"collection":[{"href":"https:\/\/lasentinelle.dz\/index.php\/wp-json\/wp\/v2\/posts"}],"about":[{"href":"https:\/\/lasentinelle.dz\/index.php\/wp-json\/wp\/v2\/types\/post"}],"author":[{"embeddable":true,"href":"https:\/\/lasentinelle.dz\/index.php\/wp-json\/wp\/v2\/users\/3"}],"replies":[{"embeddable":true,"href":"https:\/\/lasentinelle.dz\/index.php\/wp-json\/wp\/v2\/comments?post=22923"}],"version-history":[{"count":1,"href":"https:\/\/lasentinelle.dz\/index.php\/wp-json\/wp\/v2\/posts\/22923\/revisions"}],"predecessor-version":[{"id":22929,"href":"https:\/\/lasentinelle.dz\/index.php\/wp-json\/wp\/v2\/posts\/22923\/revisions\/22929"}],"wp:featuredmedia":[{"embeddable":true,"href":"https:\/\/lasentinelle.dz\/index.php\/wp-json\/wp\/v2\/media\/22928"}],"wp:attachment":[{"href":"https:\/\/lasentinelle.dz\/index.php\/wp-json\/wp\/v2\/media?parent=22923"}],"wp:term":[{"taxonomy":"category","embeddable":true,"href":"https:\/\/lasentinelle.dz\/index.php\/wp-json\/wp\/v2\/categories?post=22923"},{"taxonomy":"post_tag","embeddable":true,"href":"https:\/\/lasentinelle.dz\/index.php\/wp-json\/wp\/v2\/tags?post=22923"}],"curies":[{"name":"wp","href":"https:\/\/api.w.org\/{rel}","templated":true}]}}