{"id":22927,"date":"2022-06-22T00:01:00","date_gmt":"2022-06-21T23:01:00","guid":{"rendered":"https:\/\/lasentinelle.dz\/?p=22927"},"modified":"2022-06-21T19:39:16","modified_gmt":"2022-06-21T18:39:16","slug":"pour-garantir-la-prise-en-charge-des-athletes-des-structures-sanitaires-mobilisees","status":"publish","type":"post","link":"https:\/\/lasentinelle.dz\/index.php\/2022\/06\/22\/pour-garantir-la-prise-en-charge-des-athletes-des-structures-sanitaires-mobilisees\/","title":{"rendered":"Pour garantir la prise en charge des athl\u00e8tes\u00a0: Des structures sanitaires mobilis\u00e9es\u00a0"},"content":{"rendered":"\n<p>\u00abLe protocole sanitaire est toujours de vigueur. Il sera rigoureusement respect\u00e9\u00bb, a indiqu\u00e9 le Directeur de la Pr\u00e9vention et \u00e9galement Directeur de la communication&nbsp;aupr\u00e8s de&nbsp;la&nbsp;Direction de la sant\u00e9 de la wilaya d\u2019Oran, le Dr Boukhari Youcef. Dans des d\u00e9clarations qu\u2019il&nbsp;exclusives&nbsp;\u00e0&nbsp;\u00ab&nbsp;La Sentinelle&nbsp;\u00bb, le Dr Boukhari a expliqu\u00e9 que \u00abla&nbsp;Direction de la sant\u00e9 a, dans le cadre de la couverture sanitaire des Jeux M\u00e9diterran\u00e9ens, mobilis\u00e9 150 m\u00e9decins g\u00e9n\u00e9ralistes et 40 autres m\u00e9decins sp\u00e9cialistes\u00bb, en plus, a-t-il ajout\u00e9, \u00abde la r\u00e9quisition de 05 h\u00f4pitaux, \u00e0 savoir l\u2019EHU&nbsp;1<sup>er<\/sup>&nbsp;-Novembre 1954, le CHU Dr Benzerdjeb, l\u2019h\u00f4pital Mohamed Seghir Nekkache d\u2019El Mohgeun, l\u2019ex-H\u00f4pital militaire Medjbeur Thami d\u2019Ain El T\u00fcrck et l\u2019h\u00f4pital de la Police de l\u2019Usto\u00bb.&nbsp;&nbsp;Les participants sont, selon le Dr Boukhari, \u00absoumis aux tests antig\u00e9niques\u00bb. \u00abIl s\u2019agit des athl\u00e8tes&nbsp;&nbsp;ne pr\u00e9sentant pas des pass sanitaires \u00bb, a-t-il expliqu\u00e9.&nbsp;&nbsp;Sur un autre registre, la situation sanitaire li\u00e9e \u00e0 la crise sanitaire induite par le Covid-19 est en constante am\u00e9lioration. Rien n\u2019indique le contraire tant que le personnel soignant&nbsp;est soulag\u00e9&nbsp;ces derniers mois du lourd fardeau qu\u2019il a support\u00e9 et lourdement pay\u00e9&nbsp;durant&nbsp;pratiquement deux ann\u00e9es de lutte contre la propagation du covid 19. \u00ab Au jour d\u2019aujourd\u2019hui, la situation est maitris\u00e9e\u00bb, a indiqu\u00e9&nbsp;Directeur de la&nbsp;pr\u00e9vention, le Dr Boukhari Youcef,&nbsp;&nbsp;expliquant que \u00abla situation sanitaire est tr\u00e8s stable\u00bb. \u00abAucun cas n\u2019a \u00e9t\u00e9 enregistr\u00e9 depuis trois mois, selon la derni\u00e8re \u00e9valuation de la situation sanitaire effectu\u00e9e par la Direction&nbsp;de la sant\u00e9\u00bb, at-il ajout\u00e9.&nbsp;&nbsp;\u00abN\u00e9anmoins, la vigilance et la prudence sont de mise \u00bb, a soulign\u00e9 le Dr Boukhari, ajoutant que \u00abl\u2019accueil des d\u00e9l\u00e9gations \u00e9trang\u00e8res exige la prudence \u00bb. Et d\u2019ajouter&nbsp;que \u00ables divers rassemblements et \u00e9v\u00e9nements \u00e0 tenir restent soumis&nbsp;aux&nbsp;mesures sanitaires&nbsp;du&nbsp;protocole sanitaire visant le maintien de la stabilit\u00e9 de situation sanitaire\u00bb. Mobilisant ses moyens, humains et mat\u00e9riels, l\u2019Etablissement Hospitalier&nbsp;1<sup>e<\/sup><sup>r<\/sup>Novembre 1954 a am\u00e9nag\u00e9 un couloir permettant la couverture des participants pouvant faire l\u2019objet d\u2019\u00e9ventuelles blessures lors des diff\u00e9rentes \u00e9preuves sportives. Le service d\u2019urgence a \u00e9t\u00e9 renforc\u00e9 par des chambres et des lits suppl\u00e9mentaires \u00e9quip\u00e9s de tous les moyens, capacit\u00e9s et salle pour les op\u00e9rations chirurgicales urgentes, en plus du recrutement du personnel m\u00e9dical et&nbsp;param\u00e9dical pour la couverture sanitaire de cet \u00e9v\u00e9nement sportif, ainsi que le renforcement du syst\u00e8me de rotation. Le m\u00eame h\u00f4pital a \u00e9galement mobilis\u00e9 deux services dont entre autre le service de gastro-ent\u00e9rologie et la salle de r\u00e9veil du service de la chirurgie. En moyens humains, l\u2019EHU&nbsp;de l\u2019Usto a r\u00e9quisitionn\u00e9&nbsp;&nbsp;08 m\u00e9decins g\u00e9n\u00e9ralistes, 03 kin\u00e9sith\u00e9rapeutes, 06 biologistes et 08 laborantins sp\u00e9cialis\u00e9s.&nbsp;Notons par ailleurs que le porte-parole du Comit\u00e9 scientifique de suivi de la pand\u00e9mie, Djamel Fourar a \u00e9cart\u00e9 hier que des mesures sp\u00e9cifiques soient prises \u00e0 l\u2019entr\u00e9e des stades au regard de l\u2019am\u00e9lioration de la situation sanitaire, annon\u00e7ant la possibilit\u00e9 d\u2019une r\u00e9vision des dispositions relatives au pass sanitaire pour ces jeux.&nbsp;<\/p>\n\n\n\n<p><strong>Un d\u00e9bit de 200 Mega<\/strong><\/p>\n\n\n\n<p>Par ailleurs, le&nbsp;Centre international de presse a \u00e9t\u00e9 inaugur\u00e9 hier.&nbsp;Pouvant accueillir&nbsp;120 journalistes, ce centre est, selon le&nbsp;responsable&nbsp;la presse et communication&nbsp;des JM, Mehdi Boukarma, \u00e9quip\u00e9 des moyens hautement technologiques connect\u00e9s au r\u00e9seau internet d\u2019un&nbsp;d\u00e9bit de 200 m\u00e9ga.&nbsp;&nbsp;<\/p>\n\n\n\n<p><strong>Amar Malki<\/strong><\/p>\n","protected":false},"excerpt":{"rendered":"<p>\u00abLe protocole sanitaire est toujours de vigueur. Il sera rigoureusement respect\u00e9\u00bb, a indiqu\u00e9 le Directeur de la Pr\u00e9vention et \u00e9galement<\/p>\n","protected":false},"author":3,"featured_media":22932,"comment_status":"open","ping_status":"closed","sticky":false,"template":"","format":"standard","meta":{"colormag_page_container_layout":"default_layout","colormag_page_sidebar_layout":"default_layout","om_disable_all_campaigns":false,"_monsterinsights_skip_tracking":false,"_monsterinsights_sitenote_active":false,"_monsterinsights_sitenote_note":"","_monsterinsights_sitenote_category":0,"footnotes":"","_wpscppro_dont_share_socialmedia":false,"_wpscppro_custom_social_share_image":0,"_facebook_share_type":"","_twitter_share_type":"","_linkedin_share_type":"","_pinterest_share_type":"","_linkedin_share_type_page":"","_instagram_share_type":"","_medium_share_type":"","_threads_share_type":"","_google_business_share_type":"","_selected_social_profile":[],"_wpsp_enable_custom_social_template":false,"_wpsp_social_scheduling":{"enabled":false,"datetime":null,"platforms":[],"status":"template_only","dateOption":"today","timeOption":"now","customDays":"","customHours":"","customDate":"","customTime":"","schedulingType":"absolute"},"_wpsp_active_default_template":true},"categories":[27],"tags":[],"class_list":["post-22927","post","type-post","status-publish","format-standard","has-post-thumbnail","hentry","category-actualite"],"aioseo_notices":[],"yoast_head":"<!-- This site is optimized with the Yoast SEO plugin v27.5 - https:\/\/yoast.com\/product\/yoast-seo-wordpress\/ -->\n<title>Pour garantir la prise en charge des athl\u00e8tes\u00a0: Des structures sanitaires mobilis\u00e9es\u00a0 - La Sentinelle<\/title>\n<meta name=\"robots\" content=\"index, follow, max-snippet:-1, max-image-preview:large, max-video-preview:-1\" \/>\n<link rel=\"canonical\" href=\"https:\/\/lasentinelle.dz\/index.php\/2022\/06\/22\/pour-garantir-la-prise-en-charge-des-athletes-des-structures-sanitaires-mobilisees\/\" \/>\n<meta property=\"og:locale\" content=\"fr_FR\" \/>\n<meta property=\"og:type\" content=\"article\" \/>\n<meta property=\"og:title\" content=\"Pour garantir la prise en charge des athl\u00e8tes\u00a0: Des structures sanitaires mobilis\u00e9es\u00a0 - La Sentinelle\" \/>\n<meta property=\"og:description\" content=\"\u00abLe protocole sanitaire est toujours de vigueur. Il sera rigoureusement respect\u00e9\u00bb, a indiqu\u00e9 le Directeur de la Pr\u00e9vention et \u00e9galement\" \/>\n<meta property=\"og:url\" content=\"https:\/\/lasentinelle.dz\/index.php\/2022\/06\/22\/pour-garantir-la-prise-en-charge-des-athletes-des-structures-sanitaires-mobilisees\/\" \/>\n<meta property=\"og:site_name\" content=\"La Sentinelle\" \/>\n<meta property=\"article:publisher\" content=\"https:\/\/www.facebook.com\/La-Sentinelle-104059864394773\" \/>\n<meta property=\"article:published_time\" content=\"2022-06-21T23:01:00+00:00\" \/>\n<meta property=\"og:image\" content=\"https:\/\/lasentinelle.dz\/wp-content\/uploads\/2022\/06\/6675dc13193ed599bdd2f409a6a3a871_M.jpg\" \/>\n\t<meta property=\"og:image:width\" content=\"580\" \/>\n\t<meta property=\"og:image:height\" content=\"350\" \/>\n\t<meta property=\"og:image:type\" content=\"image\/jpeg\" \/>\n<meta name=\"author\" content=\"La Sentinelle\" \/>\n<meta name=\"twitter:card\" content=\"summary_large_image\" \/>\n<meta name=\"twitter:label1\" content=\"\u00c9crit par\" \/>\n\t<meta name=\"twitter:data1\" content=\"La Sentinelle\" \/>\n\t<meta name=\"twitter:label2\" content=\"Dur\u00e9e de lecture estim\u00e9e\" \/>\n\t<meta name=\"twitter:data2\" content=\"3 minutes\" \/>\n<script type=\"application\/ld+json\" class=\"yoast-schema-graph\">{\"@context\":\"https:\\\/\\\/schema.org\",\"@graph\":[{\"@type\":\"Article\",\"@id\":\"https:\\\/\\\/lasentinelle.dz\\\/index.php\\\/2022\\\/06\\\/22\\\/pour-garantir-la-prise-en-charge-des-athletes-des-structures-sanitaires-mobilisees\\\/#article\",\"isPartOf\":{\"@id\":\"https:\\\/\\\/lasentinelle.dz\\\/index.php\\\/2022\\\/06\\\/22\\\/pour-garantir-la-prise-en-charge-des-athletes-des-structures-sanitaires-mobilisees\\\/\"},\"author\":{\"name\":\"La Sentinelle\",\"@id\":\"https:\\\/\\\/lasentinelle.dz\\\/#\\\/schema\\\/person\\\/d865044e22e70a75174ce8bcad3acfb3\"},\"headline\":\"Pour garantir la prise en charge des athl\u00e8tes\u00a0: Des structures sanitaires mobilis\u00e9es\u00a0\",\"datePublished\":\"2022-06-21T23:01:00+00:00\",\"mainEntityOfPage\":{\"@id\":\"https:\\\/\\\/lasentinelle.dz\\\/index.php\\\/2022\\\/06\\\/22\\\/pour-garantir-la-prise-en-charge-des-athletes-des-structures-sanitaires-mobilisees\\\/\"},\"wordCount\":660,\"commentCount\":0,\"publisher\":{\"@id\":\"https:\\\/\\\/lasentinelle.dz\\\/#organization\"},\"image\":{\"@id\":\"https:\\\/\\\/lasentinelle.dz\\\/index.php\\\/2022\\\/06\\\/22\\\/pour-garantir-la-prise-en-charge-des-athletes-des-structures-sanitaires-mobilisees\\\/#primaryimage\"},\"thumbnailUrl\":\"https:\\\/\\\/lasentinelle.dz\\\/wp-content\\\/uploads\\\/2022\\\/06\\\/6675dc13193ed599bdd2f409a6a3a871_M.jpg\",\"articleSection\":[\"Actualit\u00e9\"],\"inLanguage\":\"fr-FR\",\"potentialAction\":[{\"@type\":\"CommentAction\",\"name\":\"Comment\",\"target\":[\"https:\\\/\\\/lasentinelle.dz\\\/index.php\\\/2022\\\/06\\\/22\\\/pour-garantir-la-prise-en-charge-des-athletes-des-structures-sanitaires-mobilisees\\\/#respond\"]}]},{\"@type\":\"WebPage\",\"@id\":\"https:\\\/\\\/lasentinelle.dz\\\/index.php\\\/2022\\\/06\\\/22\\\/pour-garantir-la-prise-en-charge-des-athletes-des-structures-sanitaires-mobilisees\\\/\",\"url\":\"https:\\\/\\\/lasentinelle.dz\\\/index.php\\\/2022\\\/06\\\/22\\\/pour-garantir-la-prise-en-charge-des-athletes-des-structures-sanitaires-mobilisees\\\/\",\"name\":\"Pour garantir la prise en charge des athl\u00e8tes\u00a0: Des structures sanitaires mobilis\u00e9es\u00a0 - La Sentinelle\",\"isPartOf\":{\"@id\":\"https:\\\/\\\/lasentinelle.dz\\\/#website\"},\"primaryImageOfPage\":{\"@id\":\"https:\\\/\\\/lasentinelle.dz\\\/index.php\\\/2022\\\/06\\\/22\\\/pour-garantir-la-prise-en-charge-des-athletes-des-structures-sanitaires-mobilisees\\\/#primaryimage\"},\"image\":{\"@id\":\"https:\\\/\\\/lasentinelle.dz\\\/index.php\\\/2022\\\/06\\\/22\\\/pour-garantir-la-prise-en-charge-des-athletes-des-structures-sanitaires-mobilisees\\\/#primaryimage\"},\"thumbnailUrl\":\"https:\\\/\\\/lasentinelle.dz\\\/wp-content\\\/uploads\\\/2022\\\/06\\\/6675dc13193ed599bdd2f409a6a3a871_M.jpg\",\"datePublished\":\"2022-06-21T23:01:00+00:00\",\"breadcrumb\":{\"@id\":\"https:\\\/\\\/lasentinelle.dz\\\/index.php\\\/2022\\\/06\\\/22\\\/pour-garantir-la-prise-en-charge-des-athletes-des-structures-sanitaires-mobilisees\\\/#breadcrumb\"},\"inLanguage\":\"fr-FR\",\"potentialAction\":[{\"@type\":\"ReadAction\",\"target\":[\"https:\\\/\\\/lasentinelle.dz\\\/index.php\\\/2022\\\/06\\\/22\\\/pour-garantir-la-prise-en-charge-des-athletes-des-structures-sanitaires-mobilisees\\\/\"]}]},{\"@type\":\"ImageObject\",\"inLanguage\":\"fr-FR\",\"@id\":\"https:\\\/\\\/lasentinelle.dz\\\/index.php\\\/2022\\\/06\\\/22\\\/pour-garantir-la-prise-en-charge-des-athletes-des-structures-sanitaires-mobilisees\\\/#primaryimage\",\"url\":\"https:\\\/\\\/lasentinelle.dz\\\/wp-content\\\/uploads\\\/2022\\\/06\\\/6675dc13193ed599bdd2f409a6a3a871_M.jpg\",\"contentUrl\":\"https:\\\/\\\/lasentinelle.dz\\\/wp-content\\\/uploads\\\/2022\\\/06\\\/6675dc13193ed599bdd2f409a6a3a871_M.jpg\",\"width\":580,\"height\":350},{\"@type\":\"BreadcrumbList\",\"@id\":\"https:\\\/\\\/lasentinelle.dz\\\/index.php\\\/2022\\\/06\\\/22\\\/pour-garantir-la-prise-en-charge-des-athletes-des-structures-sanitaires-mobilisees\\\/#breadcrumb\",\"itemListElement\":[{\"@type\":\"ListItem\",\"position\":1,\"name\":\"Accueil\",\"item\":\"https:\\\/\\\/lasentinelle.dz\\\/\"},{\"@type\":\"ListItem\",\"position\":2,\"name\":\"Pour garantir la prise en charge des athl\u00e8tes\u00a0: Des structures sanitaires mobilis\u00e9es\u00a0\"}]},{\"@type\":\"WebSite\",\"@id\":\"https:\\\/\\\/lasentinelle.dz\\\/#website\",\"url\":\"https:\\\/\\\/lasentinelle.dz\\\/\",\"name\":\"La Sentinelle\",\"description\":\"Quotidien national d&#039;information\",\"publisher\":{\"@id\":\"https:\\\/\\\/lasentinelle.dz\\\/#organization\"},\"potentialAction\":[{\"@type\":\"SearchAction\",\"target\":{\"@type\":\"EntryPoint\",\"urlTemplate\":\"https:\\\/\\\/lasentinelle.dz\\\/?s={search_term_string}\"},\"query-input\":{\"@type\":\"PropertyValueSpecification\",\"valueRequired\":true,\"valueName\":\"search_term_string\"}}],\"inLanguage\":\"fr-FR\"},{\"@type\":\"Organization\",\"@id\":\"https:\\\/\\\/lasentinelle.dz\\\/#organization\",\"name\":\"Quotidien La Sentinelle\",\"url\":\"https:\\\/\\\/lasentinelle.dz\\\/\",\"logo\":{\"@type\":\"ImageObject\",\"inLanguage\":\"fr-FR\",\"@id\":\"https:\\\/\\\/lasentinelle.dz\\\/#\\\/schema\\\/logo\\\/image\\\/\",\"url\":\"https:\\\/\\\/lasentinelle.dz\\\/wp-content\\\/uploads\\\/2021\\\/09\\\/logo-sentinelleSLOGAN-1.png\",\"contentUrl\":\"https:\\\/\\\/lasentinelle.dz\\\/wp-content\\\/uploads\\\/2021\\\/09\\\/logo-sentinelleSLOGAN-1.png\",\"width\":615,\"height\":142,\"caption\":\"Quotidien La Sentinelle\"},\"image\":{\"@id\":\"https:\\\/\\\/lasentinelle.dz\\\/#\\\/schema\\\/logo\\\/image\\\/\"},\"sameAs\":[\"https:\\\/\\\/www.facebook.com\\\/La-Sentinelle-104059864394773\"]},{\"@type\":\"Person\",\"@id\":\"https:\\\/\\\/lasentinelle.dz\\\/#\\\/schema\\\/person\\\/d865044e22e70a75174ce8bcad3acfb3\",\"name\":\"La Sentinelle\",\"image\":{\"@type\":\"ImageObject\",\"inLanguage\":\"fr-FR\",\"@id\":\"https:\\\/\\\/secure.gravatar.com\\\/avatar\\\/57de8e5d4b15d43fb361a71fbb36338450fe67865b528a43dd10ef7c51a20392?s=96&d=mm&r=g\",\"url\":\"https:\\\/\\\/secure.gravatar.com\\\/avatar\\\/57de8e5d4b15d43fb361a71fbb36338450fe67865b528a43dd10ef7c51a20392?s=96&d=mm&r=g\",\"contentUrl\":\"https:\\\/\\\/secure.gravatar.com\\\/avatar\\\/57de8e5d4b15d43fb361a71fbb36338450fe67865b528a43dd10ef7c51a20392?s=96&d=mm&r=g\",\"caption\":\"La Sentinelle\"},\"sameAs\":[\"http:\\\/\\\/www.lasentinelle.dz\"],\"url\":\"https:\\\/\\\/lasentinelle.dz\\\/author\\\/redaction\\\/\"}]}<\/script>\n<!-- \/ Yoast SEO plugin. -->","yoast_head_json":{"title":"Pour garantir la prise en charge des athl\u00e8tes\u00a0: Des structures sanitaires mobilis\u00e9es\u00a0 - La Sentinelle","robots":{"index":"index","follow":"follow","max-snippet":"max-snippet:-1","max-image-preview":"max-image-preview:large","max-video-preview":"max-video-preview:-1"},"canonical":"https:\/\/lasentinelle.dz\/index.php\/2022\/06\/22\/pour-garantir-la-prise-en-charge-des-athletes-des-structures-sanitaires-mobilisees\/","og_locale":"fr_FR","og_type":"article","og_title":"Pour garantir la prise en charge des athl\u00e8tes\u00a0: Des structures sanitaires mobilis\u00e9es\u00a0 - La Sentinelle","og_description":"\u00abLe protocole sanitaire est toujours de vigueur. Il sera rigoureusement respect\u00e9\u00bb, a indiqu\u00e9 le Directeur de la Pr\u00e9vention et \u00e9galement","og_url":"https:\/\/lasentinelle.dz\/index.php\/2022\/06\/22\/pour-garantir-la-prise-en-charge-des-athletes-des-structures-sanitaires-mobilisees\/","og_site_name":"La Sentinelle","article_publisher":"https:\/\/www.facebook.com\/La-Sentinelle-104059864394773","article_published_time":"2022-06-21T23:01:00+00:00","og_image":[{"width":580,"height":350,"url":"https:\/\/lasentinelle.dz\/wp-content\/uploads\/2022\/06\/6675dc13193ed599bdd2f409a6a3a871_M.jpg","type":"image\/jpeg"}],"author":"La Sentinelle","twitter_card":"summary_large_image","twitter_misc":{"\u00c9crit par":"La Sentinelle","Dur\u00e9e de lecture estim\u00e9e":"3 minutes"},"schema":{"@context":"https:\/\/schema.org","@graph":[{"@type":"Article","@id":"https:\/\/lasentinelle.dz\/index.php\/2022\/06\/22\/pour-garantir-la-prise-en-charge-des-athletes-des-structures-sanitaires-mobilisees\/#article","isPartOf":{"@id":"https:\/\/lasentinelle.dz\/index.php\/2022\/06\/22\/pour-garantir-la-prise-en-charge-des-athletes-des-structures-sanitaires-mobilisees\/"},"author":{"name":"La Sentinelle","@id":"https:\/\/lasentinelle.dz\/#\/schema\/person\/d865044e22e70a75174ce8bcad3acfb3"},"headline":"Pour garantir la prise en charge des athl\u00e8tes\u00a0: Des structures sanitaires mobilis\u00e9es\u00a0","datePublished":"2022-06-21T23:01:00+00:00","mainEntityOfPage":{"@id":"https:\/\/lasentinelle.dz\/index.php\/2022\/06\/22\/pour-garantir-la-prise-en-charge-des-athletes-des-structures-sanitaires-mobilisees\/"},"wordCount":660,"commentCount":0,"publisher":{"@id":"https:\/\/lasentinelle.dz\/#organization"},"image":{"@id":"https:\/\/lasentinelle.dz\/index.php\/2022\/06\/22\/pour-garantir-la-prise-en-charge-des-athletes-des-structures-sanitaires-mobilisees\/#primaryimage"},"thumbnailUrl":"https:\/\/lasentinelle.dz\/wp-content\/uploads\/2022\/06\/6675dc13193ed599bdd2f409a6a3a871_M.jpg","articleSection":["Actualit\u00e9"],"inLanguage":"fr-FR","potentialAction":[{"@type":"CommentAction","name":"Comment","target":["https:\/\/lasentinelle.dz\/index.php\/2022\/06\/22\/pour-garantir-la-prise-en-charge-des-athletes-des-structures-sanitaires-mobilisees\/#respond"]}]},{"@type":"WebPage","@id":"https:\/\/lasentinelle.dz\/index.php\/2022\/06\/22\/pour-garantir-la-prise-en-charge-des-athletes-des-structures-sanitaires-mobilisees\/","url":"https:\/\/lasentinelle.dz\/index.php\/2022\/06\/22\/pour-garantir-la-prise-en-charge-des-athletes-des-structures-sanitaires-mobilisees\/","name":"Pour garantir la prise en charge des athl\u00e8tes\u00a0: Des structures sanitaires mobilis\u00e9es\u00a0 - La Sentinelle","isPartOf":{"@id":"https:\/\/lasentinelle.dz\/#website"},"primaryImageOfPage":{"@id":"https:\/\/lasentinelle.dz\/index.php\/2022\/06\/22\/pour-garantir-la-prise-en-charge-des-athletes-des-structures-sanitaires-mobilisees\/#primaryimage"},"image":{"@id":"https:\/\/lasentinelle.dz\/index.php\/2022\/06\/22\/pour-garantir-la-prise-en-charge-des-athletes-des-structures-sanitaires-mobilisees\/#primaryimage"},"thumbnailUrl":"https:\/\/lasentinelle.dz\/wp-content\/uploads\/2022\/06\/6675dc13193ed599bdd2f409a6a3a871_M.jpg","datePublished":"2022-06-21T23:01:00+00:00","breadcrumb":{"@id":"https:\/\/lasentinelle.dz\/index.php\/2022\/06\/22\/pour-garantir-la-prise-en-charge-des-athletes-des-structures-sanitaires-mobilisees\/#breadcrumb"},"inLanguage":"fr-FR","potentialAction":[{"@type":"ReadAction","target":["https:\/\/lasentinelle.dz\/index.php\/2022\/06\/22\/pour-garantir-la-prise-en-charge-des-athletes-des-structures-sanitaires-mobilisees\/"]}]},{"@type":"ImageObject","inLanguage":"fr-FR","@id":"https:\/\/lasentinelle.dz\/index.php\/2022\/06\/22\/pour-garantir-la-prise-en-charge-des-athletes-des-structures-sanitaires-mobilisees\/#primaryimage","url":"https:\/\/lasentinelle.dz\/wp-content\/uploads\/2022\/06\/6675dc13193ed599bdd2f409a6a3a871_M.jpg","contentUrl":"https:\/\/lasentinelle.dz\/wp-content\/uploads\/2022\/06\/6675dc13193ed599bdd2f409a6a3a871_M.jpg","width":580,"height":350},{"@type":"BreadcrumbList","@id":"https:\/\/lasentinelle.dz\/index.php\/2022\/06\/22\/pour-garantir-la-prise-en-charge-des-athletes-des-structures-sanitaires-mobilisees\/#breadcrumb","itemListElement":[{"@type":"ListItem","position":1,"name":"Accueil","item":"https:\/\/lasentinelle.dz\/"},{"@type":"ListItem","position":2,"name":"Pour garantir la prise en charge des athl\u00e8tes\u00a0: Des structures sanitaires mobilis\u00e9es\u00a0"}]},{"@type":"WebSite","@id":"https:\/\/lasentinelle.dz\/#website","url":"https:\/\/lasentinelle.dz\/","name":"La Sentinelle","description":"Quotidien national d&#039;information","publisher":{"@id":"https:\/\/lasentinelle.dz\/#organization"},"potentialAction":[{"@type":"SearchAction","target":{"@type":"EntryPoint","urlTemplate":"https:\/\/lasentinelle.dz\/?s={search_term_string}"},"query-input":{"@type":"PropertyValueSpecification","valueRequired":true,"valueName":"search_term_string"}}],"inLanguage":"fr-FR"},{"@type":"Organization","@id":"https:\/\/lasentinelle.dz\/#organization","name":"Quotidien La Sentinelle","url":"https:\/\/lasentinelle.dz\/","logo":{"@type":"ImageObject","inLanguage":"fr-FR","@id":"https:\/\/lasentinelle.dz\/#\/schema\/logo\/image\/","url":"https:\/\/lasentinelle.dz\/wp-content\/uploads\/2021\/09\/logo-sentinelleSLOGAN-1.png","contentUrl":"https:\/\/lasentinelle.dz\/wp-content\/uploads\/2021\/09\/logo-sentinelleSLOGAN-1.png","width":615,"height":142,"caption":"Quotidien La Sentinelle"},"image":{"@id":"https:\/\/lasentinelle.dz\/#\/schema\/logo\/image\/"},"sameAs":["https:\/\/www.facebook.com\/La-Sentinelle-104059864394773"]},{"@type":"Person","@id":"https:\/\/lasentinelle.dz\/#\/schema\/person\/d865044e22e70a75174ce8bcad3acfb3","name":"La Sentinelle","image":{"@type":"ImageObject","inLanguage":"fr-FR","@id":"https:\/\/secure.gravatar.com\/avatar\/57de8e5d4b15d43fb361a71fbb36338450fe67865b528a43dd10ef7c51a20392?s=96&d=mm&r=g","url":"https:\/\/secure.gravatar.com\/avatar\/57de8e5d4b15d43fb361a71fbb36338450fe67865b528a43dd10ef7c51a20392?s=96&d=mm&r=g","contentUrl":"https:\/\/secure.gravatar.com\/avatar\/57de8e5d4b15d43fb361a71fbb36338450fe67865b528a43dd10ef7c51a20392?s=96&d=mm&r=g","caption":"La Sentinelle"},"sameAs":["http:\/\/www.lasentinelle.dz"],"url":"https:\/\/lasentinelle.dz\/author\/redaction\/"}]}},"_links":{"self":[{"href":"https:\/\/lasentinelle.dz\/index.php\/wp-json\/wp\/v2\/posts\/22927","targetHints":{"allow":["GET"]}}],"collection":[{"href":"https:\/\/lasentinelle.dz\/index.php\/wp-json\/wp\/v2\/posts"}],"about":[{"href":"https:\/\/lasentinelle.dz\/index.php\/wp-json\/wp\/v2\/types\/post"}],"author":[{"embeddable":true,"href":"https:\/\/lasentinelle.dz\/index.php\/wp-json\/wp\/v2\/users\/3"}],"replies":[{"embeddable":true,"href":"https:\/\/lasentinelle.dz\/index.php\/wp-json\/wp\/v2\/comments?post=22927"}],"version-history":[{"count":1,"href":"https:\/\/lasentinelle.dz\/index.php\/wp-json\/wp\/v2\/posts\/22927\/revisions"}],"predecessor-version":[{"id":22933,"href":"https:\/\/lasentinelle.dz\/index.php\/wp-json\/wp\/v2\/posts\/22927\/revisions\/22933"}],"wp:featuredmedia":[{"embeddable":true,"href":"https:\/\/lasentinelle.dz\/index.php\/wp-json\/wp\/v2\/media\/22932"}],"wp:attachment":[{"href":"https:\/\/lasentinelle.dz\/index.php\/wp-json\/wp\/v2\/media?parent=22927"}],"wp:term":[{"taxonomy":"category","embeddable":true,"href":"https:\/\/lasentinelle.dz\/index.php\/wp-json\/wp\/v2\/categories?post=22927"},{"taxonomy":"post_tag","embeddable":true,"href":"https:\/\/lasentinelle.dz\/index.php\/wp-json\/wp\/v2\/tags?post=22927"}],"curies":[{"name":"wp","href":"https:\/\/api.w.org\/{rel}","templated":true}]}}