{"id":22951,"date":"2022-06-23T00:01:00","date_gmt":"2022-06-22T23:01:00","guid":{"rendered":"https:\/\/lasentinelle.dz\/?p=22951"},"modified":"2022-06-22T16:26:09","modified_gmt":"2022-06-22T15:26:09","slug":"equipe-nationale-u18-les-dernieres-retouches","status":"publish","type":"post","link":"https:\/\/lasentinelle.dz\/index.php\/2022\/06\/23\/equipe-nationale-u18-les-dernieres-retouches\/","title":{"rendered":"\u00c9quipe nationale U18\u00a0:\u00a0Les derni\u00e8res retouches\u00a0"},"content":{"rendered":"\n<p>Le s\u00e9lectionneur national, Mourad Slatni, avait indiqu\u00e9 que l\u2019objectif est de passer le 1er tour, d\u2019abord, et voir plus plsu clair par la suite.&nbsp;&nbsp;<\/p>\n\n\n\n<p>La s\u00e9lection nationale U18 a termin\u00e9 sa pr\u00e9paration pour les 19es Jeux M\u00e9diterran\u00e9ens d\u2019Oran, au Centre technique national (CTN) de Sidi Moussa. Hier, l\u2019\u00e9quipe s\u2019est envol\u00e9e en direction d\u2019Oran. La bande \u00e0 Mourad Slatni s\u2019est entra\u00een\u00e9e quotidiennement \u00e0 17h, soit \u00e0 l\u2019heure de son premier match du tournoi contre l\u2019Espagne, le 26 juin au nouveau stade de Sig. Les derni\u00e8res s\u00e9ances du stage de idi Moussa ont \u00e9t\u00e9 particuli\u00e8rement charg\u00e9es. \u00ab La s\u00e9lection nationale U18 a des arguments \u00e0 faire valoir et tentera de r\u00e9aliser le meilleur parcours possible \u00bb, affirme le coach national. Pour cela, toute l\u2019\u00e9quipe mise sur l\u2019apport du public, comme le souhaite le coach : \u00ab Cet apport va nous stimuler en d\u00e9pit de la pr\u00e9sence de tr\u00e8s fortes s\u00e9lections, notamment celles qu\u2019on doit affronter dans notre groupe \u00bb. L\u2019ex d\u00e9fenseur international des Verts fixe d\u2019ailleurs l\u2019objectif pour son \u00e9quipe : \u00ab L\u2019objectif premier est de passer le 1er tour, d\u2019abord\u2019, et essayer par la suite de r\u00e9\u00e9diter l\u2019exploit des s\u00e9lections nationales qui ont remport\u00e9 la m\u00e9daille d\u2019Or aux Jeux m\u00e9diterran\u00e9ennes d\u2019Alger en 1975 et la m\u00e9daille d\u2019Argent comme aux Jeux du Languedoc-Roussillon en 1993 en France \u00bb. C\u00f4t\u00e9 effectif, le s\u00e9lectionneur national d\u00e9plore l\u2019absence en d\u00e9but de stage de six \u00e9l\u00e9ments, occup\u00e9s par leurs examens de fin d\u2019ann\u00e9e et qui n\u2019ont rejoint le groupe que r\u00e9cemment. Aussi, l\u2019occasion a \u00e9t\u00e9 offerte au s\u00e9lectionneur national des U18 d\u2019apporter une pr\u00e9cision \u00e0 propos d\u2019un faux r\u00e9sultat balanc\u00e9 sur les r\u00e9seaux sociaux et qui donnait son \u00e9quipe largement battue par les U19 du CR Belouizdad (1 \u00e0 4). : \u00ab Ce n\u2019est pas vrai, on a fait match nul (1 \u00e0 1). De plus, et je le r\u00e9p\u00e8te encore, lors de ce match, on n\u2019a pas cherch\u00e9 le r\u00e9sultat. On a not\u00e9 beaucoup de satisfaction dans le rendement de l\u2019\u00e9quipe, malgr\u00e9 le fait que certains joueurs ont jou\u00e9 ensemble pour la premi\u00e8re fois.\u00bb. Les jeunes internationaux, eux, ont affich\u00e9 les m\u00eames ambitions que leur s\u00e9lectionneur et parlent d\u2019une belle carte \u00e0 jouer aux JM comme l\u2019esp\u00e8rent Omar et Zuliani : \u00ab On rentrera sur le terrain pour vaincre. On n\u2019a peur de personne. \u00bb Le d\u00e9cor est ainsi plant\u00e9. Pour rappel, nos U18 d\u00e9fieront au 1er tour du groupe A, tour \u00e0 tour l\u2019Espagne, la France, et le Maroc. Pour sa part, le second groupe comprend, la Turquie, la Gr\u00e8ce, le Portugal et l\u2019Italie.&nbsp;<\/p>\n\n\n\n<p>R. S.<\/p>\n","protected":false},"excerpt":{"rendered":"<p>Le s\u00e9lectionneur national, Mourad Slatni, avait indiqu\u00e9 que l\u2019objectif est de passer le 1er tour, d\u2019abord, et voir plus plsu<\/p>\n","protected":false},"author":3,"featured_media":22968,"comment_status":"open","ping_status":"closed","sticky":false,"template":"","format":"standard","meta":{"colormag_page_container_layout":"default_layout","colormag_page_sidebar_layout":"default_layout","om_disable_all_campaigns":false,"_monsterinsights_skip_tracking":false,"_monsterinsights_sitenote_active":false,"_monsterinsights_sitenote_note":"","_monsterinsights_sitenote_category":0,"footnotes":"","_wpscppro_dont_share_socialmedia":false,"_wpscppro_custom_social_share_image":0,"_facebook_share_type":"","_twitter_share_type":"","_linkedin_share_type":"","_pinterest_share_type":"","_linkedin_share_type_page":"","_instagram_share_type":"","_medium_share_type":"","_threads_share_type":"","_google_business_share_type":"","_selected_social_profile":[],"_wpsp_enable_custom_social_template":false,"_wpsp_social_scheduling":{"enabled":false,"datetime":null,"platforms":[],"status":"template_only","dateOption":"today","timeOption":"now","customDays":"","customHours":"","customDate":"","customTime":"","schedulingType":"absolute"},"_wpsp_active_default_template":true},"categories":[33],"tags":[],"class_list":["post-22951","post","type-post","status-publish","format-standard","has-post-thumbnail","hentry","category-sports"],"aioseo_notices":[],"yoast_head":"<!-- This site is optimized with the Yoast SEO plugin v27.5 - https:\/\/yoast.com\/product\/yoast-seo-wordpress\/ -->\n<title>\u00c9quipe nationale U18\u00a0:\u00a0Les derni\u00e8res retouches\u00a0 - La Sentinelle<\/title>\n<meta name=\"robots\" content=\"index, follow, max-snippet:-1, max-image-preview:large, max-video-preview:-1\" \/>\n<link rel=\"canonical\" href=\"https:\/\/lasentinelle.dz\/index.php\/2022\/06\/23\/equipe-nationale-u18-les-dernieres-retouches\/\" \/>\n<meta property=\"og:locale\" content=\"fr_FR\" \/>\n<meta property=\"og:type\" content=\"article\" \/>\n<meta property=\"og:title\" content=\"\u00c9quipe nationale U18\u00a0:\u00a0Les derni\u00e8res retouches\u00a0 - La Sentinelle\" \/>\n<meta property=\"og:description\" content=\"Le s\u00e9lectionneur national, Mourad Slatni, avait indiqu\u00e9 que l\u2019objectif est de passer le 1er tour, d\u2019abord, et voir plus plsu\" \/>\n<meta property=\"og:url\" content=\"https:\/\/lasentinelle.dz\/index.php\/2022\/06\/23\/equipe-nationale-u18-les-dernieres-retouches\/\" \/>\n<meta property=\"og:site_name\" content=\"La Sentinelle\" \/>\n<meta property=\"article:publisher\" content=\"https:\/\/www.facebook.com\/La-Sentinelle-104059864394773\" \/>\n<meta property=\"article:published_time\" content=\"2022-06-22T23:01:00+00:00\" \/>\n<meta property=\"og:image\" content=\"https:\/\/lasentinelle.dz\/wp-content\/uploads\/2022\/06\/EN.jpg\" \/>\n\t<meta property=\"og:image:width\" content=\"2000\" \/>\n\t<meta property=\"og:image:height\" content=\"1333\" \/>\n\t<meta property=\"og:image:type\" content=\"image\/jpeg\" \/>\n<meta name=\"author\" content=\"La Sentinelle\" \/>\n<meta name=\"twitter:card\" content=\"summary_large_image\" \/>\n<meta name=\"twitter:label1\" content=\"\u00c9crit par\" \/>\n\t<meta name=\"twitter:data1\" content=\"La Sentinelle\" \/>\n\t<meta name=\"twitter:label2\" content=\"Dur\u00e9e de lecture estim\u00e9e\" \/>\n\t<meta name=\"twitter:data2\" content=\"3 minutes\" \/>\n<script type=\"application\/ld+json\" class=\"yoast-schema-graph\">{\"@context\":\"https:\\\/\\\/schema.org\",\"@graph\":[{\"@type\":\"Article\",\"@id\":\"https:\\\/\\\/lasentinelle.dz\\\/index.php\\\/2022\\\/06\\\/23\\\/equipe-nationale-u18-les-dernieres-retouches\\\/#article\",\"isPartOf\":{\"@id\":\"https:\\\/\\\/lasentinelle.dz\\\/index.php\\\/2022\\\/06\\\/23\\\/equipe-nationale-u18-les-dernieres-retouches\\\/\"},\"author\":{\"name\":\"La Sentinelle\",\"@id\":\"https:\\\/\\\/lasentinelle.dz\\\/#\\\/schema\\\/person\\\/d865044e22e70a75174ce8bcad3acfb3\"},\"headline\":\"\u00c9quipe nationale U18\u00a0:\u00a0Les derni\u00e8res retouches\u00a0\",\"datePublished\":\"2022-06-22T23:01:00+00:00\",\"mainEntityOfPage\":{\"@id\":\"https:\\\/\\\/lasentinelle.dz\\\/index.php\\\/2022\\\/06\\\/23\\\/equipe-nationale-u18-les-dernieres-retouches\\\/\"},\"wordCount\":485,\"commentCount\":0,\"publisher\":{\"@id\":\"https:\\\/\\\/lasentinelle.dz\\\/#organization\"},\"image\":{\"@id\":\"https:\\\/\\\/lasentinelle.dz\\\/index.php\\\/2022\\\/06\\\/23\\\/equipe-nationale-u18-les-dernieres-retouches\\\/#primaryimage\"},\"thumbnailUrl\":\"https:\\\/\\\/lasentinelle.dz\\\/wp-content\\\/uploads\\\/2022\\\/06\\\/EN.jpg\",\"articleSection\":[\"Sports\"],\"inLanguage\":\"fr-FR\",\"potentialAction\":[{\"@type\":\"CommentAction\",\"name\":\"Comment\",\"target\":[\"https:\\\/\\\/lasentinelle.dz\\\/index.php\\\/2022\\\/06\\\/23\\\/equipe-nationale-u18-les-dernieres-retouches\\\/#respond\"]}]},{\"@type\":\"WebPage\",\"@id\":\"https:\\\/\\\/lasentinelle.dz\\\/index.php\\\/2022\\\/06\\\/23\\\/equipe-nationale-u18-les-dernieres-retouches\\\/\",\"url\":\"https:\\\/\\\/lasentinelle.dz\\\/index.php\\\/2022\\\/06\\\/23\\\/equipe-nationale-u18-les-dernieres-retouches\\\/\",\"name\":\"\u00c9quipe nationale U18\u00a0:\u00a0Les derni\u00e8res retouches\u00a0 - La Sentinelle\",\"isPartOf\":{\"@id\":\"https:\\\/\\\/lasentinelle.dz\\\/#website\"},\"primaryImageOfPage\":{\"@id\":\"https:\\\/\\\/lasentinelle.dz\\\/index.php\\\/2022\\\/06\\\/23\\\/equipe-nationale-u18-les-dernieres-retouches\\\/#primaryimage\"},\"image\":{\"@id\":\"https:\\\/\\\/lasentinelle.dz\\\/index.php\\\/2022\\\/06\\\/23\\\/equipe-nationale-u18-les-dernieres-retouches\\\/#primaryimage\"},\"thumbnailUrl\":\"https:\\\/\\\/lasentinelle.dz\\\/wp-content\\\/uploads\\\/2022\\\/06\\\/EN.jpg\",\"datePublished\":\"2022-06-22T23:01:00+00:00\",\"breadcrumb\":{\"@id\":\"https:\\\/\\\/lasentinelle.dz\\\/index.php\\\/2022\\\/06\\\/23\\\/equipe-nationale-u18-les-dernieres-retouches\\\/#breadcrumb\"},\"inLanguage\":\"fr-FR\",\"potentialAction\":[{\"@type\":\"ReadAction\",\"target\":[\"https:\\\/\\\/lasentinelle.dz\\\/index.php\\\/2022\\\/06\\\/23\\\/equipe-nationale-u18-les-dernieres-retouches\\\/\"]}]},{\"@type\":\"ImageObject\",\"inLanguage\":\"fr-FR\",\"@id\":\"https:\\\/\\\/lasentinelle.dz\\\/index.php\\\/2022\\\/06\\\/23\\\/equipe-nationale-u18-les-dernieres-retouches\\\/#primaryimage\",\"url\":\"https:\\\/\\\/lasentinelle.dz\\\/wp-content\\\/uploads\\\/2022\\\/06\\\/EN.jpg\",\"contentUrl\":\"https:\\\/\\\/lasentinelle.dz\\\/wp-content\\\/uploads\\\/2022\\\/06\\\/EN.jpg\",\"width\":2000,\"height\":1333},{\"@type\":\"BreadcrumbList\",\"@id\":\"https:\\\/\\\/lasentinelle.dz\\\/index.php\\\/2022\\\/06\\\/23\\\/equipe-nationale-u18-les-dernieres-retouches\\\/#breadcrumb\",\"itemListElement\":[{\"@type\":\"ListItem\",\"position\":1,\"name\":\"Accueil\",\"item\":\"https:\\\/\\\/lasentinelle.dz\\\/\"},{\"@type\":\"ListItem\",\"position\":2,\"name\":\"\u00c9quipe nationale U18\u00a0:\u00a0Les derni\u00e8res retouches\u00a0\"}]},{\"@type\":\"WebSite\",\"@id\":\"https:\\\/\\\/lasentinelle.dz\\\/#website\",\"url\":\"https:\\\/\\\/lasentinelle.dz\\\/\",\"name\":\"La Sentinelle\",\"description\":\"Quotidien national d&#039;information\",\"publisher\":{\"@id\":\"https:\\\/\\\/lasentinelle.dz\\\/#organization\"},\"potentialAction\":[{\"@type\":\"SearchAction\",\"target\":{\"@type\":\"EntryPoint\",\"urlTemplate\":\"https:\\\/\\\/lasentinelle.dz\\\/?s={search_term_string}\"},\"query-input\":{\"@type\":\"PropertyValueSpecification\",\"valueRequired\":true,\"valueName\":\"search_term_string\"}}],\"inLanguage\":\"fr-FR\"},{\"@type\":\"Organization\",\"@id\":\"https:\\\/\\\/lasentinelle.dz\\\/#organization\",\"name\":\"Quotidien La Sentinelle\",\"url\":\"https:\\\/\\\/lasentinelle.dz\\\/\",\"logo\":{\"@type\":\"ImageObject\",\"inLanguage\":\"fr-FR\",\"@id\":\"https:\\\/\\\/lasentinelle.dz\\\/#\\\/schema\\\/logo\\\/image\\\/\",\"url\":\"https:\\\/\\\/lasentinelle.dz\\\/wp-content\\\/uploads\\\/2021\\\/09\\\/logo-sentinelleSLOGAN-1.png\",\"contentUrl\":\"https:\\\/\\\/lasentinelle.dz\\\/wp-content\\\/uploads\\\/2021\\\/09\\\/logo-sentinelleSLOGAN-1.png\",\"width\":615,\"height\":142,\"caption\":\"Quotidien La Sentinelle\"},\"image\":{\"@id\":\"https:\\\/\\\/lasentinelle.dz\\\/#\\\/schema\\\/logo\\\/image\\\/\"},\"sameAs\":[\"https:\\\/\\\/www.facebook.com\\\/La-Sentinelle-104059864394773\"]},{\"@type\":\"Person\",\"@id\":\"https:\\\/\\\/lasentinelle.dz\\\/#\\\/schema\\\/person\\\/d865044e22e70a75174ce8bcad3acfb3\",\"name\":\"La Sentinelle\",\"image\":{\"@type\":\"ImageObject\",\"inLanguage\":\"fr-FR\",\"@id\":\"https:\\\/\\\/secure.gravatar.com\\\/avatar\\\/57de8e5d4b15d43fb361a71fbb36338450fe67865b528a43dd10ef7c51a20392?s=96&d=mm&r=g\",\"url\":\"https:\\\/\\\/secure.gravatar.com\\\/avatar\\\/57de8e5d4b15d43fb361a71fbb36338450fe67865b528a43dd10ef7c51a20392?s=96&d=mm&r=g\",\"contentUrl\":\"https:\\\/\\\/secure.gravatar.com\\\/avatar\\\/57de8e5d4b15d43fb361a71fbb36338450fe67865b528a43dd10ef7c51a20392?s=96&d=mm&r=g\",\"caption\":\"La Sentinelle\"},\"sameAs\":[\"http:\\\/\\\/www.lasentinelle.dz\"],\"url\":\"https:\\\/\\\/lasentinelle.dz\\\/author\\\/redaction\\\/\"}]}<\/script>\n<!-- \/ Yoast SEO plugin. -->","yoast_head_json":{"title":"\u00c9quipe nationale U18\u00a0:\u00a0Les derni\u00e8res retouches\u00a0 - La Sentinelle","robots":{"index":"index","follow":"follow","max-snippet":"max-snippet:-1","max-image-preview":"max-image-preview:large","max-video-preview":"max-video-preview:-1"},"canonical":"https:\/\/lasentinelle.dz\/index.php\/2022\/06\/23\/equipe-nationale-u18-les-dernieres-retouches\/","og_locale":"fr_FR","og_type":"article","og_title":"\u00c9quipe nationale U18\u00a0:\u00a0Les derni\u00e8res retouches\u00a0 - La Sentinelle","og_description":"Le s\u00e9lectionneur national, Mourad Slatni, avait indiqu\u00e9 que l\u2019objectif est de passer le 1er tour, d\u2019abord, et voir plus plsu","og_url":"https:\/\/lasentinelle.dz\/index.php\/2022\/06\/23\/equipe-nationale-u18-les-dernieres-retouches\/","og_site_name":"La Sentinelle","article_publisher":"https:\/\/www.facebook.com\/La-Sentinelle-104059864394773","article_published_time":"2022-06-22T23:01:00+00:00","og_image":[{"width":2000,"height":1333,"url":"https:\/\/lasentinelle.dz\/wp-content\/uploads\/2022\/06\/EN.jpg","type":"image\/jpeg"}],"author":"La Sentinelle","twitter_card":"summary_large_image","twitter_misc":{"\u00c9crit par":"La Sentinelle","Dur\u00e9e de lecture estim\u00e9e":"3 minutes"},"schema":{"@context":"https:\/\/schema.org","@graph":[{"@type":"Article","@id":"https:\/\/lasentinelle.dz\/index.php\/2022\/06\/23\/equipe-nationale-u18-les-dernieres-retouches\/#article","isPartOf":{"@id":"https:\/\/lasentinelle.dz\/index.php\/2022\/06\/23\/equipe-nationale-u18-les-dernieres-retouches\/"},"author":{"name":"La Sentinelle","@id":"https:\/\/lasentinelle.dz\/#\/schema\/person\/d865044e22e70a75174ce8bcad3acfb3"},"headline":"\u00c9quipe nationale U18\u00a0:\u00a0Les derni\u00e8res retouches\u00a0","datePublished":"2022-06-22T23:01:00+00:00","mainEntityOfPage":{"@id":"https:\/\/lasentinelle.dz\/index.php\/2022\/06\/23\/equipe-nationale-u18-les-dernieres-retouches\/"},"wordCount":485,"commentCount":0,"publisher":{"@id":"https:\/\/lasentinelle.dz\/#organization"},"image":{"@id":"https:\/\/lasentinelle.dz\/index.php\/2022\/06\/23\/equipe-nationale-u18-les-dernieres-retouches\/#primaryimage"},"thumbnailUrl":"https:\/\/lasentinelle.dz\/wp-content\/uploads\/2022\/06\/EN.jpg","articleSection":["Sports"],"inLanguage":"fr-FR","potentialAction":[{"@type":"CommentAction","name":"Comment","target":["https:\/\/lasentinelle.dz\/index.php\/2022\/06\/23\/equipe-nationale-u18-les-dernieres-retouches\/#respond"]}]},{"@type":"WebPage","@id":"https:\/\/lasentinelle.dz\/index.php\/2022\/06\/23\/equipe-nationale-u18-les-dernieres-retouches\/","url":"https:\/\/lasentinelle.dz\/index.php\/2022\/06\/23\/equipe-nationale-u18-les-dernieres-retouches\/","name":"\u00c9quipe nationale U18\u00a0:\u00a0Les derni\u00e8res retouches\u00a0 - La Sentinelle","isPartOf":{"@id":"https:\/\/lasentinelle.dz\/#website"},"primaryImageOfPage":{"@id":"https:\/\/lasentinelle.dz\/index.php\/2022\/06\/23\/equipe-nationale-u18-les-dernieres-retouches\/#primaryimage"},"image":{"@id":"https:\/\/lasentinelle.dz\/index.php\/2022\/06\/23\/equipe-nationale-u18-les-dernieres-retouches\/#primaryimage"},"thumbnailUrl":"https:\/\/lasentinelle.dz\/wp-content\/uploads\/2022\/06\/EN.jpg","datePublished":"2022-06-22T23:01:00+00:00","breadcrumb":{"@id":"https:\/\/lasentinelle.dz\/index.php\/2022\/06\/23\/equipe-nationale-u18-les-dernieres-retouches\/#breadcrumb"},"inLanguage":"fr-FR","potentialAction":[{"@type":"ReadAction","target":["https:\/\/lasentinelle.dz\/index.php\/2022\/06\/23\/equipe-nationale-u18-les-dernieres-retouches\/"]}]},{"@type":"ImageObject","inLanguage":"fr-FR","@id":"https:\/\/lasentinelle.dz\/index.php\/2022\/06\/23\/equipe-nationale-u18-les-dernieres-retouches\/#primaryimage","url":"https:\/\/lasentinelle.dz\/wp-content\/uploads\/2022\/06\/EN.jpg","contentUrl":"https:\/\/lasentinelle.dz\/wp-content\/uploads\/2022\/06\/EN.jpg","width":2000,"height":1333},{"@type":"BreadcrumbList","@id":"https:\/\/lasentinelle.dz\/index.php\/2022\/06\/23\/equipe-nationale-u18-les-dernieres-retouches\/#breadcrumb","itemListElement":[{"@type":"ListItem","position":1,"name":"Accueil","item":"https:\/\/lasentinelle.dz\/"},{"@type":"ListItem","position":2,"name":"\u00c9quipe nationale U18\u00a0:\u00a0Les derni\u00e8res retouches\u00a0"}]},{"@type":"WebSite","@id":"https:\/\/lasentinelle.dz\/#website","url":"https:\/\/lasentinelle.dz\/","name":"La Sentinelle","description":"Quotidien national d&#039;information","publisher":{"@id":"https:\/\/lasentinelle.dz\/#organization"},"potentialAction":[{"@type":"SearchAction","target":{"@type":"EntryPoint","urlTemplate":"https:\/\/lasentinelle.dz\/?s={search_term_string}"},"query-input":{"@type":"PropertyValueSpecification","valueRequired":true,"valueName":"search_term_string"}}],"inLanguage":"fr-FR"},{"@type":"Organization","@id":"https:\/\/lasentinelle.dz\/#organization","name":"Quotidien La Sentinelle","url":"https:\/\/lasentinelle.dz\/","logo":{"@type":"ImageObject","inLanguage":"fr-FR","@id":"https:\/\/lasentinelle.dz\/#\/schema\/logo\/image\/","url":"https:\/\/lasentinelle.dz\/wp-content\/uploads\/2021\/09\/logo-sentinelleSLOGAN-1.png","contentUrl":"https:\/\/lasentinelle.dz\/wp-content\/uploads\/2021\/09\/logo-sentinelleSLOGAN-1.png","width":615,"height":142,"caption":"Quotidien La Sentinelle"},"image":{"@id":"https:\/\/lasentinelle.dz\/#\/schema\/logo\/image\/"},"sameAs":["https:\/\/www.facebook.com\/La-Sentinelle-104059864394773"]},{"@type":"Person","@id":"https:\/\/lasentinelle.dz\/#\/schema\/person\/d865044e22e70a75174ce8bcad3acfb3","name":"La Sentinelle","image":{"@type":"ImageObject","inLanguage":"fr-FR","@id":"https:\/\/secure.gravatar.com\/avatar\/57de8e5d4b15d43fb361a71fbb36338450fe67865b528a43dd10ef7c51a20392?s=96&d=mm&r=g","url":"https:\/\/secure.gravatar.com\/avatar\/57de8e5d4b15d43fb361a71fbb36338450fe67865b528a43dd10ef7c51a20392?s=96&d=mm&r=g","contentUrl":"https:\/\/secure.gravatar.com\/avatar\/57de8e5d4b15d43fb361a71fbb36338450fe67865b528a43dd10ef7c51a20392?s=96&d=mm&r=g","caption":"La Sentinelle"},"sameAs":["http:\/\/www.lasentinelle.dz"],"url":"https:\/\/lasentinelle.dz\/author\/redaction\/"}]}},"_links":{"self":[{"href":"https:\/\/lasentinelle.dz\/index.php\/wp-json\/wp\/v2\/posts\/22951","targetHints":{"allow":["GET"]}}],"collection":[{"href":"https:\/\/lasentinelle.dz\/index.php\/wp-json\/wp\/v2\/posts"}],"about":[{"href":"https:\/\/lasentinelle.dz\/index.php\/wp-json\/wp\/v2\/types\/post"}],"author":[{"embeddable":true,"href":"https:\/\/lasentinelle.dz\/index.php\/wp-json\/wp\/v2\/users\/3"}],"replies":[{"embeddable":true,"href":"https:\/\/lasentinelle.dz\/index.php\/wp-json\/wp\/v2\/comments?post=22951"}],"version-history":[{"count":1,"href":"https:\/\/lasentinelle.dz\/index.php\/wp-json\/wp\/v2\/posts\/22951\/revisions"}],"predecessor-version":[{"id":22971,"href":"https:\/\/lasentinelle.dz\/index.php\/wp-json\/wp\/v2\/posts\/22951\/revisions\/22971"}],"wp:featuredmedia":[{"embeddable":true,"href":"https:\/\/lasentinelle.dz\/index.php\/wp-json\/wp\/v2\/media\/22968"}],"wp:attachment":[{"href":"https:\/\/lasentinelle.dz\/index.php\/wp-json\/wp\/v2\/media?parent=22951"}],"wp:term":[{"taxonomy":"category","embeddable":true,"href":"https:\/\/lasentinelle.dz\/index.php\/wp-json\/wp\/v2\/categories?post=22951"},{"taxonomy":"post_tag","embeddable":true,"href":"https:\/\/lasentinelle.dz\/index.php\/wp-json\/wp\/v2\/tags?post=22951"}],"curies":[{"name":"wp","href":"https:\/\/api.w.org\/{rel}","templated":true}]}}