{"id":22977,"date":"2022-06-23T00:01:00","date_gmt":"2022-06-22T23:01:00","guid":{"rendered":"https:\/\/lasentinelle.dz\/?p=22977"},"modified":"2022-06-22T16:37:19","modified_gmt":"2022-06-22T15:37:19","slug":"annaba-les-taximen-agitent-la-menace-de-greve","status":"publish","type":"post","link":"https:\/\/lasentinelle.dz\/index.php\/2022\/06\/23\/annaba-les-taximen-agitent-la-menace-de-greve\/","title":{"rendered":"Annaba\u00a0:\u00a0Les taximen agitent la menace de gr\u00e8ve"},"content":{"rendered":"\n<p class=\"wp-block-paragraph\">Le&nbsp;Directeur&nbsp;des transports&nbsp;de la wilaya d\u2019Annaba a invit\u00e9 le&nbsp;P\/APC d\u2019Annaba&nbsp;\u00e0&nbsp;trouver un consensus&nbsp;avec les chauffeurs de taxis, afin d&rsquo;\u00e9viter une gr\u00e8ve en pleine saison estivale.<\/p>\n\n\n\n<p class=\"wp-block-paragraph\">La demande est intervenue apr\u00e8s la rencontre des repr\u00e9sentants des transporteurs de taxi avec le&nbsp;Directeur destransports, \u00e0 qui ils ont soulev\u00e9 une batterie de contraintes \u00e0 l\u2019origine des difficult\u00e9s&nbsp;qu\u2019ils rencontrent. Pour \u00e9viter&nbsp;une voie sans issue,&nbsp;le premier responsable du transport \u00e0 Annaba a invit\u00e9 le P\/APC&nbsp;\u00e0&nbsp;op\u00e9rer une sortie sur terrain, accompagn\u00e9 des services de s\u00e9curit\u00e9 et de l\u2019environnement ainsi que des repr\u00e9sentants des taxieurs, pour constater de visu, les conditions d\u2019exercice d\u00e9plorables, selon les taxieurs, pour tenter de trouver les solutions ad\u00e9quates.&nbsp;&nbsp;Il s\u2019agit&nbsp;notamment&nbsp;de&nbsp;r\u00e9soudre le probl\u00e8me de certains axes routiers de la corniche ferm\u00e9s et d\u2019autres transform\u00e9 en sens unique,&nbsp;&nbsp;comme \u00e0 Saint Cloud. D\u2019ailleurs, il faut souligner que ces d\u00e9cisions prises par l\u2019APC d\u2019Annaba ont \u00e9t\u00e9 la goutte qui a fait d\u00e9border le vase. Ainsi que d\u2019autres d\u00e9sagr\u00e9ments soulev\u00e9s par les taxieurs, dont \u00e9galement, les feux tricolores, les sens interdits&nbsp;et&nbsp;la r\u00e9vision du prix de la course, qui font depuis plusieurs ann\u00e9es, partie des revendications.&nbsp;<\/p>\n\n\n\n<p class=\"wp-block-paragraph\"><strong>S.C.<\/strong><\/p>\n","protected":false},"excerpt":{"rendered":"<p>Le&nbsp;Directeur&nbsp;des transports&nbsp;de la wilaya d\u2019Annaba a invit\u00e9 le&nbsp;P\/APC d\u2019Annaba&nbsp;\u00e0&nbsp;trouver un consensus&nbsp;avec les chauffeurs de taxis, afin d&rsquo;\u00e9viter une gr\u00e8ve en<\/p>\n","protected":false},"author":3,"featured_media":22982,"comment_status":"open","ping_status":"closed","sticky":false,"template":"","format":"standard","meta":{"colormag_page_container_layout":"default_layout","colormag_page_sidebar_layout":"default_layout","om_disable_all_campaigns":false,"_monsterinsights_skip_tracking":false,"footnotes":"","_wpscppro_dont_share_socialmedia":false,"_wpscppro_custom_social_share_image":0,"_facebook_share_type":"","_twitter_share_type":"","_linkedin_share_type":"","_pinterest_share_type":"","_linkedin_share_type_page":"","_instagram_share_type":"","_medium_share_type":"","_threads_share_type":"","_google_business_share_type":"","_bluesky_share_type":"","_mastodon_share_type":"","_selected_social_profile":[],"_wpsp_enable_custom_social_template":false,"_wpsp_social_scheduling":{"enabled":false,"datetime":null,"platforms":[],"status":"template_only","dateOption":"today","timeOption":"now","customDays":"","customHours":"","customDate":"","customTime":"","schedulingType":"absolute"},"_wpsp_active_default_template":true},"categories":[31],"tags":[],"class_list":["post-22977","post","type-post","status-publish","format-standard","has-post-thumbnail","hentry","category-regions"],"aioseo_notices":[],"aioseo_head":"\n\t\t<!-- All in One SEO 5.0.0.1 - aioseo.com -->\n\t<meta name=\"description\" content=\"Le Directeur des transports de la wilaya d\u2019Annaba a invit\u00e9 le P\/APC d\u2019Annaba \u00e0 trouver un consensus avec les chauffeurs de taxis, afin d&#039;\u00e9viter une gr\u00e8ve en pleine saison estivale. La demande est intervenue apr\u00e8s la rencontre des repr\u00e9sentants des transporteurs de taxi avec le Directeur destransports, \u00e0 qui ils ont soulev\u00e9 une batterie de contraintes \u00e0 l\u2019origine des difficult\u00e9s qu\u2019ils rencontrent. Pour \u00e9viter une\" \/>\n\t<meta name=\"robots\" content=\"max-image-preview:large\" \/>\n\t<meta name=\"author\" content=\"La Sentinelle\"\/>\n\t<link rel=\"canonical\" href=\"https:\/\/lasentinelle.dz\/index.php\/2022\/06\/23\/annaba-les-taximen-agitent-la-menace-de-greve\/\" \/>\n\t<meta name=\"generator\" content=\"All in One SEO (AIOSEO) 5.0.0.1\" \/>\n\t\t<meta property=\"og:locale\" content=\"fr_FR\" \/>\n\t\t<meta property=\"og:site_name\" content=\"La Sentinelle - Quotidien national d&#039;information\" \/>\n\t\t<meta property=\"og:type\" content=\"article\" \/>\n\t\t<meta property=\"og:title\" content=\"Annaba : Les taximen agitent la menace de gr\u00e8ve - La Sentinelle\" \/>\n\t\t<meta property=\"og:description\" content=\"Le Directeur des transports de la wilaya d\u2019Annaba a invit\u00e9 le P\/APC d\u2019Annaba \u00e0 trouver un consensus avec les chauffeurs de taxis, afin d&#039;\u00e9viter une gr\u00e8ve en pleine saison estivale. La demande est intervenue apr\u00e8s la rencontre des repr\u00e9sentants des transporteurs de taxi avec le Directeur destransports, \u00e0 qui ils ont soulev\u00e9 une batterie de contraintes \u00e0 l\u2019origine des difficult\u00e9s qu\u2019ils rencontrent. Pour \u00e9viter une\" \/>\n\t\t<meta property=\"og:url\" content=\"https:\/\/lasentinelle.dz\/index.php\/2022\/06\/23\/annaba-les-taximen-agitent-la-menace-de-greve\/\" \/>\n\t\t<meta property=\"og:image\" content=\"https:\/\/lasentinelle.dz\/wp-content\/uploads\/2021\/09\/cropped-la-sentinelle-earth-golden-anima-5.gif\" \/>\n\t\t<meta property=\"og:image:secure_url\" content=\"https:\/\/lasentinelle.dz\/wp-content\/uploads\/2021\/09\/cropped-la-sentinelle-earth-golden-anima-5.gif\" \/>\n\t\t<meta property=\"og:image:width\" content=\"450\" \/>\n\t\t<meta property=\"og:image:height\" content=\"213\" \/>\n\t\t<meta property=\"article:published_time\" content=\"2022-06-22T23:01:00+00:00\" \/>\n\t\t<meta property=\"article:modified_time\" content=\"2022-06-22T15:37:19+00:00\" \/>\n\t\t<meta property=\"article:publisher\" content=\"https:\/\/www.facebook.com\/azzedine.lasentinelle.1\" \/>\n\t\t<meta name=\"twitter:card\" content=\"summary_large_image\" \/>\n\t\t<meta name=\"twitter:title\" content=\"Annaba : Les taximen agitent la menace de gr\u00e8ve - La Sentinelle\" \/>\n\t\t<meta name=\"twitter:description\" content=\"Le Directeur des transports de la wilaya d\u2019Annaba a invit\u00e9 le P\/APC d\u2019Annaba \u00e0 trouver un consensus avec les chauffeurs de taxis, afin d&#039;\u00e9viter une gr\u00e8ve en pleine saison estivale. La demande est intervenue apr\u00e8s la rencontre des repr\u00e9sentants des transporteurs de taxi avec le Directeur destransports, \u00e0 qui ils ont soulev\u00e9 une batterie de contraintes \u00e0 l\u2019origine des difficult\u00e9s qu\u2019ils rencontrent. Pour \u00e9viter une\" \/>\n\t\t<meta name=\"twitter:image\" content=\"https:\/\/lasentinelle.dz\/wp-content\/uploads\/2021\/09\/cropped-la-sentinelle-earth-golden-anima-5.gif\" \/>\n\t\t<script type=\"application\/ld+json\" class=\"aioseo-schema\">\n\t\t\t{\"@context\":\"https:\\\/\\\/schema.org\",\"@graph\":[{\"@type\":\"BlogPosting\",\"@id\":\"https:\\\/\\\/lasentinelle.dz\\\/index.php\\\/2022\\\/06\\\/23\\\/annaba-les-taximen-agitent-la-menace-de-greve\\\/#blogposting\",\"name\":\"Annaba : Les taximen agitent la menace de gr\\u00e8ve - La Sentinelle\",\"headline\":\"Annaba\\u00a0:\\u00a0Les taximen agitent la menace de gr\\u00e8ve\",\"author\":{\"@id\":\"https:\\\/\\\/lasentinelle.dz\\\/author\\\/redaction\\\/#author\"},\"publisher\":{\"@id\":\"https:\\\/\\\/lasentinelle.dz\\\/#organization\"},\"image\":{\"@type\":\"ImageObject\",\"url\":\"https:\\\/\\\/lasentinelle.dz\\\/wp-content\\\/uploads\\\/2022\\\/06\\\/7-3.docx-image1-6.jpeg\",\"width\":465,\"height\":348},\"datePublished\":\"2022-06-23T00:01:00+01:00\",\"dateModified\":\"2022-06-22T16:37:19+01:00\",\"inLanguage\":\"fr-FR\",\"mainEntityOfPage\":{\"@id\":\"https:\\\/\\\/lasentinelle.dz\\\/index.php\\\/2022\\\/06\\\/23\\\/annaba-les-taximen-agitent-la-menace-de-greve\\\/#webpage\"},\"isPartOf\":{\"@id\":\"https:\\\/\\\/lasentinelle.dz\\\/index.php\\\/2022\\\/06\\\/23\\\/annaba-les-taximen-agitent-la-menace-de-greve\\\/#webpage\"},\"articleSection\":\"R\\u00e9gions\"},{\"@type\":\"BreadcrumbList\",\"@id\":\"https:\\\/\\\/lasentinelle.dz\\\/index.php\\\/2022\\\/06\\\/23\\\/annaba-les-taximen-agitent-la-menace-de-greve\\\/#breadcrumblist\",\"itemListElement\":[{\"@type\":\"ListItem\",\"@id\":\"https:\\\/\\\/lasentinelle.dz#listItem\",\"position\":1,\"name\":\"Home\",\"item\":\"https:\\\/\\\/lasentinelle.dz\",\"nextItem\":{\"@type\":\"ListItem\",\"@id\":\"https:\\\/\\\/lasentinelle.dz\\\/index.php\\\/category\\\/regions\\\/#listItem\",\"name\":\"R\\u00e9gions\"}},{\"@type\":\"ListItem\",\"@id\":\"https:\\\/\\\/lasentinelle.dz\\\/index.php\\\/category\\\/regions\\\/#listItem\",\"position\":2,\"name\":\"R\\u00e9gions\",\"item\":\"https:\\\/\\\/lasentinelle.dz\\\/index.php\\\/category\\\/regions\\\/\",\"nextItem\":{\"@type\":\"ListItem\",\"@id\":\"https:\\\/\\\/lasentinelle.dz\\\/index.php\\\/2022\\\/06\\\/23\\\/annaba-les-taximen-agitent-la-menace-de-greve\\\/#listItem\",\"name\":\"Annaba\\u00a0:\\u00a0Les taximen agitent la menace de gr\\u00e8ve\"},\"previousItem\":{\"@type\":\"ListItem\",\"@id\":\"https:\\\/\\\/lasentinelle.dz#listItem\",\"name\":\"Home\"}},{\"@type\":\"ListItem\",\"@id\":\"https:\\\/\\\/lasentinelle.dz\\\/index.php\\\/2022\\\/06\\\/23\\\/annaba-les-taximen-agitent-la-menace-de-greve\\\/#listItem\",\"position\":3,\"name\":\"Annaba\\u00a0:\\u00a0Les taximen agitent la menace de gr\\u00e8ve\",\"previousItem\":{\"@type\":\"ListItem\",\"@id\":\"https:\\\/\\\/lasentinelle.dz\\\/index.php\\\/category\\\/regions\\\/#listItem\",\"name\":\"R\\u00e9gions\"}}]},{\"@type\":\"Organization\",\"@id\":\"https:\\\/\\\/lasentinelle.dz\\\/#organization\",\"name\":\"La Sentinelle La Sentinelle\",\"description\":\"Quotidien national d'information\",\"url\":\"https:\\\/\\\/lasentinelle.dz\\\/\",\"logo\":{\"@type\":\"ImageObject\",\"url\":\"https:\\\/\\\/lasentinelle.dz\\\/wp-content\\\/uploads\\\/2021\\\/09\\\/cropped-la-sentinelle-earth-golden-anima-5.gif\",\"@id\":\"https:\\\/\\\/lasentinelle.dz\\\/index.php\\\/2022\\\/06\\\/23\\\/annaba-les-taximen-agitent-la-menace-de-greve\\\/#organizationLogo\",\"width\":450,\"height\":213},\"image\":{\"@id\":\"https:\\\/\\\/lasentinelle.dz\\\/index.php\\\/2022\\\/06\\\/23\\\/annaba-les-taximen-agitent-la-menace-de-greve\\\/#organizationLogo\"},\"sameAs\":[\"https:\\\/\\\/www.facebook.com\\\/azzedine.lasentinelle.1\"]},{\"@type\":\"Person\",\"@id\":\"https:\\\/\\\/lasentinelle.dz\\\/author\\\/redaction\\\/#author\",\"url\":\"https:\\\/\\\/lasentinelle.dz\\\/author\\\/redaction\\\/\",\"name\":\"La Sentinelle\",\"image\":{\"@type\":\"ImageObject\",\"@id\":\"https:\\\/\\\/lasentinelle.dz\\\/index.php\\\/2022\\\/06\\\/23\\\/annaba-les-taximen-agitent-la-menace-de-greve\\\/#authorImage\",\"url\":\"https:\\\/\\\/secure.gravatar.com\\\/avatar\\\/57de8e5d4b15d43fb361a71fbb36338450fe67865b528a43dd10ef7c51a20392?s=96&d=mm&r=g\",\"width\":96,\"height\":96,\"caption\":\"La Sentinelle\"}},{\"@type\":\"WebPage\",\"@id\":\"https:\\\/\\\/lasentinelle.dz\\\/index.php\\\/2022\\\/06\\\/23\\\/annaba-les-taximen-agitent-la-menace-de-greve\\\/#webpage\",\"url\":\"https:\\\/\\\/lasentinelle.dz\\\/index.php\\\/2022\\\/06\\\/23\\\/annaba-les-taximen-agitent-la-menace-de-greve\\\/\",\"name\":\"Annaba : Les taximen agitent la menace de gr\\u00e8ve - La Sentinelle\",\"description\":\"Le Directeur des transports de la wilaya d\\u2019Annaba a invit\\u00e9 le P\\\/APC d\\u2019Annaba \\u00e0 trouver un consensus avec les chauffeurs de taxis, afin d'\\u00e9viter une gr\\u00e8ve en pleine saison estivale. La demande est intervenue apr\\u00e8s la rencontre des repr\\u00e9sentants des transporteurs de taxi avec le Directeur destransports, \\u00e0 qui ils ont soulev\\u00e9 une batterie de contraintes \\u00e0 l\\u2019origine des difficult\\u00e9s qu\\u2019ils rencontrent. Pour \\u00e9viter une\",\"inLanguage\":\"fr-FR\",\"isPartOf\":{\"@id\":\"https:\\\/\\\/lasentinelle.dz\\\/#website\"},\"breadcrumb\":{\"@id\":\"https:\\\/\\\/lasentinelle.dz\\\/index.php\\\/2022\\\/06\\\/23\\\/annaba-les-taximen-agitent-la-menace-de-greve\\\/#breadcrumblist\"},\"author\":{\"@id\":\"https:\\\/\\\/lasentinelle.dz\\\/author\\\/redaction\\\/#author\"},\"creator\":{\"@id\":\"https:\\\/\\\/lasentinelle.dz\\\/author\\\/redaction\\\/#author\"},\"image\":{\"@type\":\"ImageObject\",\"url\":\"https:\\\/\\\/lasentinelle.dz\\\/wp-content\\\/uploads\\\/2022\\\/06\\\/7-3.docx-image1-6.jpeg\",\"@id\":\"https:\\\/\\\/lasentinelle.dz\\\/index.php\\\/2022\\\/06\\\/23\\\/annaba-les-taximen-agitent-la-menace-de-greve\\\/#mainImage\",\"width\":465,\"height\":348},\"primaryImageOfPage\":{\"@id\":\"https:\\\/\\\/lasentinelle.dz\\\/index.php\\\/2022\\\/06\\\/23\\\/annaba-les-taximen-agitent-la-menace-de-greve\\\/#mainImage\"},\"datePublished\":\"2022-06-23T00:01:00+01:00\",\"dateModified\":\"2022-06-22T16:37:19+01:00\"},{\"@type\":\"WebSite\",\"@id\":\"https:\\\/\\\/lasentinelle.dz\\\/#website\",\"url\":\"https:\\\/\\\/lasentinelle.dz\\\/\",\"name\":\"La Sentinelle\",\"description\":\"Quotidien national d'information\",\"inLanguage\":\"fr-FR\",\"publisher\":{\"@id\":\"https:\\\/\\\/lasentinelle.dz\\\/#organization\"}}]}\n\t\t<\/script>\n\t\t<!-- All in One SEO -->\n\n","aioseo_head_json":{"title":"Annaba : Les taximen agitent la menace de gr\u00e8ve - La Sentinelle","description":"Le Directeur des transports de la wilaya d\u2019Annaba a invit\u00e9 le P\/APC d\u2019Annaba \u00e0 trouver un consensus avec les chauffeurs de taxis, afin d'\u00e9viter une gr\u00e8ve en pleine saison estivale. La demande est intervenue apr\u00e8s la rencontre des repr\u00e9sentants des transporteurs de taxi avec le Directeur destransports, \u00e0 qui ils ont soulev\u00e9 une batterie de contraintes \u00e0 l\u2019origine des difficult\u00e9s qu\u2019ils rencontrent. Pour \u00e9viter une","canonical_url":"https:\/\/lasentinelle.dz\/index.php\/2022\/06\/23\/annaba-les-taximen-agitent-la-menace-de-greve\/","robots":"max-image-preview:large","keywords":"","webmasterTools":{"miscellaneous":""},"schema":{"@context":"https:\/\/schema.org","@graph":[{"@type":"BlogPosting","@id":"https:\/\/lasentinelle.dz\/index.php\/2022\/06\/23\/annaba-les-taximen-agitent-la-menace-de-greve\/#blogposting","name":"Annaba : Les taximen agitent la menace de gr\u00e8ve - La Sentinelle","headline":"Annaba\u00a0:\u00a0Les taximen agitent la menace de gr\u00e8ve","author":{"@id":"https:\/\/lasentinelle.dz\/author\/redaction\/#author"},"publisher":{"@id":"https:\/\/lasentinelle.dz\/#organization"},"image":{"@type":"ImageObject","url":"https:\/\/lasentinelle.dz\/wp-content\/uploads\/2022\/06\/7-3.docx-image1-6.jpeg","width":465,"height":348},"datePublished":"2022-06-23T00:01:00+01:00","dateModified":"2022-06-22T16:37:19+01:00","inLanguage":"fr-FR","mainEntityOfPage":{"@id":"https:\/\/lasentinelle.dz\/index.php\/2022\/06\/23\/annaba-les-taximen-agitent-la-menace-de-greve\/#webpage"},"isPartOf":{"@id":"https:\/\/lasentinelle.dz\/index.php\/2022\/06\/23\/annaba-les-taximen-agitent-la-menace-de-greve\/#webpage"},"articleSection":"R\u00e9gions"},{"@type":"BreadcrumbList","@id":"https:\/\/lasentinelle.dz\/index.php\/2022\/06\/23\/annaba-les-taximen-agitent-la-menace-de-greve\/#breadcrumblist","itemListElement":[{"@type":"ListItem","@id":"https:\/\/lasentinelle.dz#listItem","position":1,"name":"Home","item":"https:\/\/lasentinelle.dz","nextItem":{"@type":"ListItem","@id":"https:\/\/lasentinelle.dz\/index.php\/category\/regions\/#listItem","name":"R\u00e9gions"}},{"@type":"ListItem","@id":"https:\/\/lasentinelle.dz\/index.php\/category\/regions\/#listItem","position":2,"name":"R\u00e9gions","item":"https:\/\/lasentinelle.dz\/index.php\/category\/regions\/","nextItem":{"@type":"ListItem","@id":"https:\/\/lasentinelle.dz\/index.php\/2022\/06\/23\/annaba-les-taximen-agitent-la-menace-de-greve\/#listItem","name":"Annaba\u00a0:\u00a0Les taximen agitent la menace de gr\u00e8ve"},"previousItem":{"@type":"ListItem","@id":"https:\/\/lasentinelle.dz#listItem","name":"Home"}},{"@type":"ListItem","@id":"https:\/\/lasentinelle.dz\/index.php\/2022\/06\/23\/annaba-les-taximen-agitent-la-menace-de-greve\/#listItem","position":3,"name":"Annaba\u00a0:\u00a0Les taximen agitent la menace de gr\u00e8ve","previousItem":{"@type":"ListItem","@id":"https:\/\/lasentinelle.dz\/index.php\/category\/regions\/#listItem","name":"R\u00e9gions"}}]},{"@type":"Organization","@id":"https:\/\/lasentinelle.dz\/#organization","name":"La Sentinelle La Sentinelle","description":"Quotidien national d'information","url":"https:\/\/lasentinelle.dz\/","logo":{"@type":"ImageObject","url":"https:\/\/lasentinelle.dz\/wp-content\/uploads\/2021\/09\/cropped-la-sentinelle-earth-golden-anima-5.gif","@id":"https:\/\/lasentinelle.dz\/index.php\/2022\/06\/23\/annaba-les-taximen-agitent-la-menace-de-greve\/#organizationLogo","width":450,"height":213},"image":{"@id":"https:\/\/lasentinelle.dz\/index.php\/2022\/06\/23\/annaba-les-taximen-agitent-la-menace-de-greve\/#organizationLogo"},"sameAs":["https:\/\/www.facebook.com\/azzedine.lasentinelle.1"]},{"@type":"Person","@id":"https:\/\/lasentinelle.dz\/author\/redaction\/#author","url":"https:\/\/lasentinelle.dz\/author\/redaction\/","name":"La Sentinelle","image":{"@type":"ImageObject","@id":"https:\/\/lasentinelle.dz\/index.php\/2022\/06\/23\/annaba-les-taximen-agitent-la-menace-de-greve\/#authorImage","url":"https:\/\/secure.gravatar.com\/avatar\/57de8e5d4b15d43fb361a71fbb36338450fe67865b528a43dd10ef7c51a20392?s=96&d=mm&r=g","width":96,"height":96,"caption":"La Sentinelle"}},{"@type":"WebPage","@id":"https:\/\/lasentinelle.dz\/index.php\/2022\/06\/23\/annaba-les-taximen-agitent-la-menace-de-greve\/#webpage","url":"https:\/\/lasentinelle.dz\/index.php\/2022\/06\/23\/annaba-les-taximen-agitent-la-menace-de-greve\/","name":"Annaba : Les taximen agitent la menace de gr\u00e8ve - La Sentinelle","description":"Le Directeur des transports de la wilaya d\u2019Annaba a invit\u00e9 le P\/APC d\u2019Annaba \u00e0 trouver un consensus avec les chauffeurs de taxis, afin d'\u00e9viter une gr\u00e8ve en pleine saison estivale. La demande est intervenue apr\u00e8s la rencontre des repr\u00e9sentants des transporteurs de taxi avec le Directeur destransports, \u00e0 qui ils ont soulev\u00e9 une batterie de contraintes \u00e0 l\u2019origine des difficult\u00e9s qu\u2019ils rencontrent. Pour \u00e9viter une","inLanguage":"fr-FR","isPartOf":{"@id":"https:\/\/lasentinelle.dz\/#website"},"breadcrumb":{"@id":"https:\/\/lasentinelle.dz\/index.php\/2022\/06\/23\/annaba-les-taximen-agitent-la-menace-de-greve\/#breadcrumblist"},"author":{"@id":"https:\/\/lasentinelle.dz\/author\/redaction\/#author"},"creator":{"@id":"https:\/\/lasentinelle.dz\/author\/redaction\/#author"},"image":{"@type":"ImageObject","url":"https:\/\/lasentinelle.dz\/wp-content\/uploads\/2022\/06\/7-3.docx-image1-6.jpeg","@id":"https:\/\/lasentinelle.dz\/index.php\/2022\/06\/23\/annaba-les-taximen-agitent-la-menace-de-greve\/#mainImage","width":465,"height":348},"primaryImageOfPage":{"@id":"https:\/\/lasentinelle.dz\/index.php\/2022\/06\/23\/annaba-les-taximen-agitent-la-menace-de-greve\/#mainImage"},"datePublished":"2022-06-23T00:01:00+01:00","dateModified":"2022-06-22T16:37:19+01:00"},{"@type":"WebSite","@id":"https:\/\/lasentinelle.dz\/#website","url":"https:\/\/lasentinelle.dz\/","name":"La Sentinelle","description":"Quotidien national d'information","inLanguage":"fr-FR","publisher":{"@id":"https:\/\/lasentinelle.dz\/#organization"}}]},"og:locale":"fr_FR","og:site_name":"La Sentinelle - Quotidien national d'information","og:type":"article","og:title":"Annaba : Les taximen agitent la menace de gr\u00e8ve - La Sentinelle","og:description":"Le Directeur des transports de la wilaya d\u2019Annaba a invit\u00e9 le P\/APC d\u2019Annaba \u00e0 trouver un consensus avec les chauffeurs de taxis, afin d'\u00e9viter une gr\u00e8ve en pleine saison estivale. La demande est intervenue apr\u00e8s la rencontre des repr\u00e9sentants des transporteurs de taxi avec le Directeur destransports, \u00e0 qui ils ont soulev\u00e9 une batterie de contraintes \u00e0 l\u2019origine des difficult\u00e9s qu\u2019ils rencontrent. Pour \u00e9viter une","og:url":"https:\/\/lasentinelle.dz\/index.php\/2022\/06\/23\/annaba-les-taximen-agitent-la-menace-de-greve\/","og:image":"https:\/\/lasentinelle.dz\/wp-content\/uploads\/2021\/09\/cropped-la-sentinelle-earth-golden-anima-5.gif","og:image:secure_url":"https:\/\/lasentinelle.dz\/wp-content\/uploads\/2021\/09\/cropped-la-sentinelle-earth-golden-anima-5.gif","og:image:width":450,"og:image:height":213,"article:published_time":"2022-06-22T23:01:00+00:00","article:modified_time":"2022-06-22T15:37:19+00:00","article:publisher":"https:\/\/www.facebook.com\/azzedine.lasentinelle.1","twitter:card":"summary_large_image","twitter:title":"Annaba : Les taximen agitent la menace de gr\u00e8ve - La Sentinelle","twitter:description":"Le Directeur des transports de la wilaya d\u2019Annaba a invit\u00e9 le P\/APC d\u2019Annaba \u00e0 trouver un consensus avec les chauffeurs de taxis, afin d'\u00e9viter une gr\u00e8ve en pleine saison estivale. La demande est intervenue apr\u00e8s la rencontre des repr\u00e9sentants des transporteurs de taxi avec le Directeur destransports, \u00e0 qui ils ont soulev\u00e9 une batterie de contraintes \u00e0 l\u2019origine des difficult\u00e9s qu\u2019ils rencontrent. Pour \u00e9viter une","twitter:image":"https:\/\/lasentinelle.dz\/wp-content\/uploads\/2021\/09\/cropped-la-sentinelle-earth-golden-anima-5.gif"},"aioseo_meta_data":{"post_id":"22977","title":null,"description":null,"keywords":null,"keyphrases":null,"primary_term":null,"canonical_url":null,"og_title":null,"og_description":null,"og_object_type":"default","og_image_type":"default","og_image_url":null,"og_image_width":null,"og_image_height":null,"og_image_custom_url":null,"og_image_custom_fields":null,"og_video":null,"og_custom_url":null,"og_article_section":null,"og_article_tags":null,"twitter_use_og":false,"twitter_card":"default","twitter_image_type":"default","twitter_image_url":null,"twitter_image_custom_url":null,"twitter_image_custom_fields":null,"twitter_title":null,"twitter_description":null,"schema":{"blockGraphs":[],"customGraphs":[],"default":{"data":{"Article":[],"Course":[],"Dataset":[],"FAQPage":[],"Movie":[],"Person":[],"Product":[],"ProductReview":[],"Car":[],"Recipe":[],"Service":[],"SoftwareApplication":[],"WebPage":[]},"graphName":"","isEnabled":true},"graphs":[]},"schema_type":"default","schema_type_options":null,"pillar_content":false,"robots_default":true,"robots_noindex":false,"robots_noarchive":false,"robots_nosnippet":false,"robots_nofollow":false,"robots_noimageindex":false,"robots_noodp":false,"robots_notranslate":false,"robots_max_snippet":null,"robots_max_videopreview":null,"robots_max_imagepreview":"large","priority":null,"frequency":null,"local_seo":null,"breadcrumb_settings":null,"limit_modified_date":false,"ai":null,"created":"2026-04-27 01:52:13","updated":"2026-04-27 01:52:13","focus_keyword":null,"additional_keywords":null,"truseo_locale":null,"seo_analyzer_scan_date":null},"aioseo_breadcrumb":"<div class=\"aioseo-breadcrumbs\"><span class=\"aioseo-breadcrumb\">\n\t\t\t<a href=\"https:\/\/lasentinelle.dz\" title=\"Home\">Home<\/a>\n\t\t<\/span><span class=\"aioseo-breadcrumb-separator\">&raquo;<\/span><span class=\"aioseo-breadcrumb\">\n\t\t\t<a href=\"https:\/\/lasentinelle.dz\/index.php\/category\/regions\/\" title=\"R\u00e9gions\">R\u00e9gions<\/a>\n\t\t<\/span><span class=\"aioseo-breadcrumb-separator\">&raquo;<\/span><span class=\"aioseo-breadcrumb\">\n\t\t\tAnnaba : Les taximen agitent la menace de gr\u00e8ve\n\t\t<\/span><\/div>","aioseo_breadcrumb_json":[{"label":"Home","link":"https:\/\/lasentinelle.dz"},{"label":"R\u00e9gions","link":"https:\/\/lasentinelle.dz\/index.php\/category\/regions\/"},{"label":"Annaba\u00a0:\u00a0Les taximen agitent la menace de gr\u00e8ve","link":"https:\/\/lasentinelle.dz\/index.php\/2022\/06\/23\/annaba-les-taximen-agitent-la-menace-de-greve\/"}],"yoast_head":"<!-- This site is optimized with the Yoast SEO plugin v28.3 - https:\/\/yoast.com\/product\/yoast-seo-wordpress\/ -->\n<title>Annaba\u00a0:\u00a0Les taximen agitent la menace de gr\u00e8ve - La Sentinelle<\/title>\n<meta name=\"robots\" content=\"index, follow, max-snippet:-1, max-image-preview:large, max-video-preview:-1\" \/>\n<link rel=\"canonical\" href=\"https:\/\/lasentinelle.dz\/index.php\/2022\/06\/23\/annaba-les-taximen-agitent-la-menace-de-greve\/\" \/>\n<meta property=\"og:locale\" content=\"fr_FR\" \/>\n<meta property=\"og:type\" content=\"article\" \/>\n<meta property=\"og:title\" content=\"Annaba\u00a0:\u00a0Les taximen agitent la menace de gr\u00e8ve - La Sentinelle\" \/>\n<meta property=\"og:description\" content=\"Le&nbsp;Directeur&nbsp;des transports&nbsp;de la wilaya d\u2019Annaba a invit\u00e9 le&nbsp;P\/APC d\u2019Annaba&nbsp;\u00e0&nbsp;trouver un consensus&nbsp;avec les chauffeurs de taxis, afin d&rsquo;\u00e9viter une gr\u00e8ve en\" \/>\n<meta property=\"og:url\" content=\"https:\/\/lasentinelle.dz\/index.php\/2022\/06\/23\/annaba-les-taximen-agitent-la-menace-de-greve\/\" \/>\n<meta property=\"og:site_name\" content=\"La Sentinelle\" \/>\n<meta property=\"article:publisher\" content=\"https:\/\/www.facebook.com\/La-Sentinelle-104059864394773\" \/>\n<meta property=\"article:published_time\" content=\"2022-06-22T23:01:00+00:00\" \/>\n<meta property=\"og:image\" content=\"https:\/\/lasentinelle.dz\/wp-content\/uploads\/2022\/06\/7-3.docx-image1-6.jpeg\" \/>\n\t<meta property=\"og:image:width\" content=\"465\" \/>\n\t<meta property=\"og:image:height\" content=\"348\" \/>\n\t<meta property=\"og:image:type\" content=\"image\/jpeg\" \/>\n<meta name=\"author\" content=\"La Sentinelle\" \/>\n<meta name=\"twitter:card\" content=\"summary_large_image\" \/>\n<meta name=\"twitter:label1\" content=\"\u00c9crit par\" \/>\n\t<meta name=\"twitter:data1\" content=\"La Sentinelle\" \/>\n\t<meta name=\"twitter:label2\" content=\"Dur\u00e9e de lecture estim\u00e9e\" \/>\n\t<meta name=\"twitter:data2\" content=\"2 minutes\" \/>\n<script type=\"application\/ld+json\" class=\"yoast-schema-graph\">{\"@context\":\"https:\\\/\\\/schema.org\",\"@graph\":[{\"@type\":\"Article\",\"@id\":\"https:\\\/\\\/lasentinelle.dz\\\/index.php\\\/2022\\\/06\\\/23\\\/annaba-les-taximen-agitent-la-menace-de-greve\\\/#article\",\"isPartOf\":{\"@id\":\"https:\\\/\\\/lasentinelle.dz\\\/index.php\\\/2022\\\/06\\\/23\\\/annaba-les-taximen-agitent-la-menace-de-greve\\\/\"},\"author\":{\"name\":\"La Sentinelle\",\"@id\":\"https:\\\/\\\/lasentinelle.dz\\\/#\\\/schema\\\/person\\\/d865044e22e70a75174ce8bcad3acfb3\"},\"headline\":\"Annaba\u00a0:\u00a0Les taximen agitent la menace de gr\u00e8ve\",\"datePublished\":\"2022-06-22T23:01:00+00:00\",\"mainEntityOfPage\":{\"@id\":\"https:\\\/\\\/lasentinelle.dz\\\/index.php\\\/2022\\\/06\\\/23\\\/annaba-les-taximen-agitent-la-menace-de-greve\\\/\"},\"wordCount\":257,\"commentCount\":0,\"publisher\":{\"@id\":\"https:\\\/\\\/lasentinelle.dz\\\/#organization\"},\"image\":{\"@id\":\"https:\\\/\\\/lasentinelle.dz\\\/index.php\\\/2022\\\/06\\\/23\\\/annaba-les-taximen-agitent-la-menace-de-greve\\\/#primaryimage\"},\"thumbnailUrl\":\"https:\\\/\\\/lasentinelle.dz\\\/wp-content\\\/uploads\\\/2022\\\/06\\\/7-3.docx-image1-6.jpeg\",\"articleSection\":[\"R\u00e9gions\"],\"inLanguage\":\"fr-FR\",\"potentialAction\":[{\"@type\":\"CommentAction\",\"name\":\"Comment\",\"target\":[\"https:\\\/\\\/lasentinelle.dz\\\/index.php\\\/2022\\\/06\\\/23\\\/annaba-les-taximen-agitent-la-menace-de-greve\\\/#respond\"]}]},{\"@type\":\"WebPage\",\"@id\":\"https:\\\/\\\/lasentinelle.dz\\\/index.php\\\/2022\\\/06\\\/23\\\/annaba-les-taximen-agitent-la-menace-de-greve\\\/\",\"url\":\"https:\\\/\\\/lasentinelle.dz\\\/index.php\\\/2022\\\/06\\\/23\\\/annaba-les-taximen-agitent-la-menace-de-greve\\\/\",\"name\":\"Annaba\u00a0:\u00a0Les taximen agitent la menace de gr\u00e8ve - La Sentinelle\",\"isPartOf\":{\"@id\":\"https:\\\/\\\/lasentinelle.dz\\\/#website\"},\"primaryImageOfPage\":{\"@id\":\"https:\\\/\\\/lasentinelle.dz\\\/index.php\\\/2022\\\/06\\\/23\\\/annaba-les-taximen-agitent-la-menace-de-greve\\\/#primaryimage\"},\"image\":{\"@id\":\"https:\\\/\\\/lasentinelle.dz\\\/index.php\\\/2022\\\/06\\\/23\\\/annaba-les-taximen-agitent-la-menace-de-greve\\\/#primaryimage\"},\"thumbnailUrl\":\"https:\\\/\\\/lasentinelle.dz\\\/wp-content\\\/uploads\\\/2022\\\/06\\\/7-3.docx-image1-6.jpeg\",\"datePublished\":\"2022-06-22T23:01:00+00:00\",\"breadcrumb\":{\"@id\":\"https:\\\/\\\/lasentinelle.dz\\\/index.php\\\/2022\\\/06\\\/23\\\/annaba-les-taximen-agitent-la-menace-de-greve\\\/#breadcrumb\"},\"inLanguage\":\"fr-FR\",\"potentialAction\":[{\"@type\":\"ReadAction\",\"target\":[\"https:\\\/\\\/lasentinelle.dz\\\/index.php\\\/2022\\\/06\\\/23\\\/annaba-les-taximen-agitent-la-menace-de-greve\\\/\"]}]},{\"@type\":\"ImageObject\",\"inLanguage\":\"fr-FR\",\"@id\":\"https:\\\/\\\/lasentinelle.dz\\\/index.php\\\/2022\\\/06\\\/23\\\/annaba-les-taximen-agitent-la-menace-de-greve\\\/#primaryimage\",\"url\":\"https:\\\/\\\/lasentinelle.dz\\\/wp-content\\\/uploads\\\/2022\\\/06\\\/7-3.docx-image1-6.jpeg\",\"contentUrl\":\"https:\\\/\\\/lasentinelle.dz\\\/wp-content\\\/uploads\\\/2022\\\/06\\\/7-3.docx-image1-6.jpeg\",\"width\":465,\"height\":348},{\"@type\":\"BreadcrumbList\",\"@id\":\"https:\\\/\\\/lasentinelle.dz\\\/index.php\\\/2022\\\/06\\\/23\\\/annaba-les-taximen-agitent-la-menace-de-greve\\\/#breadcrumb\",\"itemListElement\":[{\"@type\":\"ListItem\",\"position\":1,\"name\":\"Accueil\",\"item\":\"https:\\\/\\\/lasentinelle.dz\\\/\"},{\"@type\":\"ListItem\",\"position\":2,\"name\":\"Annaba\u00a0:\u00a0Les taximen agitent la menace de gr\u00e8ve\"}]},{\"@type\":\"WebSite\",\"@id\":\"https:\\\/\\\/lasentinelle.dz\\\/#website\",\"url\":\"https:\\\/\\\/lasentinelle.dz\\\/\",\"name\":\"La Sentinelle\",\"description\":\"Quotidien national d&#039;information\",\"publisher\":{\"@id\":\"https:\\\/\\\/lasentinelle.dz\\\/#organization\"},\"potentialAction\":[{\"@type\":\"SearchAction\",\"target\":{\"@type\":\"EntryPoint\",\"urlTemplate\":\"https:\\\/\\\/lasentinelle.dz\\\/?s={search_term_string}\"},\"query-input\":{\"@type\":\"PropertyValueSpecification\",\"valueRequired\":true,\"valueName\":\"search_term_string\"}}],\"inLanguage\":\"fr-FR\"},{\"@type\":\"Organization\",\"@id\":\"https:\\\/\\\/lasentinelle.dz\\\/#organization\",\"name\":\"Quotidien La Sentinelle\",\"url\":\"https:\\\/\\\/lasentinelle.dz\\\/\",\"logo\":{\"@type\":\"ImageObject\",\"inLanguage\":\"fr-FR\",\"@id\":\"https:\\\/\\\/lasentinelle.dz\\\/#\\\/schema\\\/logo\\\/image\\\/\",\"url\":\"https:\\\/\\\/lasentinelle.dz\\\/wp-content\\\/uploads\\\/2021\\\/09\\\/logo-sentinelleSLOGAN-1.png\",\"contentUrl\":\"https:\\\/\\\/lasentinelle.dz\\\/wp-content\\\/uploads\\\/2021\\\/09\\\/logo-sentinelleSLOGAN-1.png\",\"width\":615,\"height\":142,\"caption\":\"Quotidien La Sentinelle\"},\"image\":{\"@id\":\"https:\\\/\\\/lasentinelle.dz\\\/#\\\/schema\\\/logo\\\/image\\\/\"},\"sameAs\":[\"https:\\\/\\\/www.facebook.com\\\/La-Sentinelle-104059864394773\"]},{\"@type\":\"Person\",\"@id\":\"https:\\\/\\\/lasentinelle.dz\\\/#\\\/schema\\\/person\\\/d865044e22e70a75174ce8bcad3acfb3\",\"name\":\"La Sentinelle\",\"image\":{\"@type\":\"ImageObject\",\"inLanguage\":\"fr-FR\",\"@id\":\"https:\\\/\\\/secure.gravatar.com\\\/avatar\\\/57de8e5d4b15d43fb361a71fbb36338450fe67865b528a43dd10ef7c51a20392?s=96&d=mm&r=g\",\"url\":\"https:\\\/\\\/secure.gravatar.com\\\/avatar\\\/57de8e5d4b15d43fb361a71fbb36338450fe67865b528a43dd10ef7c51a20392?s=96&d=mm&r=g\",\"contentUrl\":\"https:\\\/\\\/secure.gravatar.com\\\/avatar\\\/57de8e5d4b15d43fb361a71fbb36338450fe67865b528a43dd10ef7c51a20392?s=96&d=mm&r=g\",\"caption\":\"La Sentinelle\"},\"sameAs\":[\"http:\\\/\\\/www.lasentinelle.dz\"],\"url\":\"https:\\\/\\\/lasentinelle.dz\\\/author\\\/redaction\\\/\"}]}<\/script>\n<!-- \/ Yoast SEO plugin. -->","yoast_head_json":{"title":"Annaba\u00a0:\u00a0Les taximen agitent la menace de gr\u00e8ve - La Sentinelle","robots":{"index":"index","follow":"follow","max-snippet":"max-snippet:-1","max-image-preview":"max-image-preview:large","max-video-preview":"max-video-preview:-1"},"canonical":"https:\/\/lasentinelle.dz\/index.php\/2022\/06\/23\/annaba-les-taximen-agitent-la-menace-de-greve\/","og_locale":"fr_FR","og_type":"article","og_title":"Annaba\u00a0:\u00a0Les taximen agitent la menace de gr\u00e8ve - La Sentinelle","og_description":"Le&nbsp;Directeur&nbsp;des transports&nbsp;de la wilaya d\u2019Annaba a invit\u00e9 le&nbsp;P\/APC d\u2019Annaba&nbsp;\u00e0&nbsp;trouver un consensus&nbsp;avec les chauffeurs de taxis, afin d&rsquo;\u00e9viter une gr\u00e8ve en","og_url":"https:\/\/lasentinelle.dz\/index.php\/2022\/06\/23\/annaba-les-taximen-agitent-la-menace-de-greve\/","og_site_name":"La Sentinelle","article_publisher":"https:\/\/www.facebook.com\/La-Sentinelle-104059864394773","article_published_time":"2022-06-22T23:01:00+00:00","og_image":[{"width":465,"height":348,"url":"https:\/\/lasentinelle.dz\/wp-content\/uploads\/2022\/06\/7-3.docx-image1-6.jpeg","type":"image\/jpeg"}],"author":"La Sentinelle","twitter_card":"summary_large_image","twitter_misc":{"\u00c9crit par":"La Sentinelle","Dur\u00e9e de lecture estim\u00e9e":"2 minutes"},"schema":{"@context":"https:\/\/schema.org","@graph":[{"@type":"Article","@id":"https:\/\/lasentinelle.dz\/index.php\/2022\/06\/23\/annaba-les-taximen-agitent-la-menace-de-greve\/#article","isPartOf":{"@id":"https:\/\/lasentinelle.dz\/index.php\/2022\/06\/23\/annaba-les-taximen-agitent-la-menace-de-greve\/"},"author":{"name":"La Sentinelle","@id":"https:\/\/lasentinelle.dz\/#\/schema\/person\/d865044e22e70a75174ce8bcad3acfb3"},"headline":"Annaba\u00a0:\u00a0Les taximen agitent la menace de gr\u00e8ve","datePublished":"2022-06-22T23:01:00+00:00","mainEntityOfPage":{"@id":"https:\/\/lasentinelle.dz\/index.php\/2022\/06\/23\/annaba-les-taximen-agitent-la-menace-de-greve\/"},"wordCount":257,"commentCount":0,"publisher":{"@id":"https:\/\/lasentinelle.dz\/#organization"},"image":{"@id":"https:\/\/lasentinelle.dz\/index.php\/2022\/06\/23\/annaba-les-taximen-agitent-la-menace-de-greve\/#primaryimage"},"thumbnailUrl":"https:\/\/lasentinelle.dz\/wp-content\/uploads\/2022\/06\/7-3.docx-image1-6.jpeg","articleSection":["R\u00e9gions"],"inLanguage":"fr-FR","potentialAction":[{"@type":"CommentAction","name":"Comment","target":["https:\/\/lasentinelle.dz\/index.php\/2022\/06\/23\/annaba-les-taximen-agitent-la-menace-de-greve\/#respond"]}]},{"@type":"WebPage","@id":"https:\/\/lasentinelle.dz\/index.php\/2022\/06\/23\/annaba-les-taximen-agitent-la-menace-de-greve\/","url":"https:\/\/lasentinelle.dz\/index.php\/2022\/06\/23\/annaba-les-taximen-agitent-la-menace-de-greve\/","name":"Annaba\u00a0:\u00a0Les taximen agitent la menace de gr\u00e8ve - La Sentinelle","isPartOf":{"@id":"https:\/\/lasentinelle.dz\/#website"},"primaryImageOfPage":{"@id":"https:\/\/lasentinelle.dz\/index.php\/2022\/06\/23\/annaba-les-taximen-agitent-la-menace-de-greve\/#primaryimage"},"image":{"@id":"https:\/\/lasentinelle.dz\/index.php\/2022\/06\/23\/annaba-les-taximen-agitent-la-menace-de-greve\/#primaryimage"},"thumbnailUrl":"https:\/\/lasentinelle.dz\/wp-content\/uploads\/2022\/06\/7-3.docx-image1-6.jpeg","datePublished":"2022-06-22T23:01:00+00:00","breadcrumb":{"@id":"https:\/\/lasentinelle.dz\/index.php\/2022\/06\/23\/annaba-les-taximen-agitent-la-menace-de-greve\/#breadcrumb"},"inLanguage":"fr-FR","potentialAction":[{"@type":"ReadAction","target":["https:\/\/lasentinelle.dz\/index.php\/2022\/06\/23\/annaba-les-taximen-agitent-la-menace-de-greve\/"]}]},{"@type":"ImageObject","inLanguage":"fr-FR","@id":"https:\/\/lasentinelle.dz\/index.php\/2022\/06\/23\/annaba-les-taximen-agitent-la-menace-de-greve\/#primaryimage","url":"https:\/\/lasentinelle.dz\/wp-content\/uploads\/2022\/06\/7-3.docx-image1-6.jpeg","contentUrl":"https:\/\/lasentinelle.dz\/wp-content\/uploads\/2022\/06\/7-3.docx-image1-6.jpeg","width":465,"height":348},{"@type":"BreadcrumbList","@id":"https:\/\/lasentinelle.dz\/index.php\/2022\/06\/23\/annaba-les-taximen-agitent-la-menace-de-greve\/#breadcrumb","itemListElement":[{"@type":"ListItem","position":1,"name":"Accueil","item":"https:\/\/lasentinelle.dz\/"},{"@type":"ListItem","position":2,"name":"Annaba\u00a0:\u00a0Les taximen agitent la menace de gr\u00e8ve"}]},{"@type":"WebSite","@id":"https:\/\/lasentinelle.dz\/#website","url":"https:\/\/lasentinelle.dz\/","name":"La Sentinelle","description":"Quotidien national d&#039;information","publisher":{"@id":"https:\/\/lasentinelle.dz\/#organization"},"potentialAction":[{"@type":"SearchAction","target":{"@type":"EntryPoint","urlTemplate":"https:\/\/lasentinelle.dz\/?s={search_term_string}"},"query-input":{"@type":"PropertyValueSpecification","valueRequired":true,"valueName":"search_term_string"}}],"inLanguage":"fr-FR"},{"@type":"Organization","@id":"https:\/\/lasentinelle.dz\/#organization","name":"Quotidien La Sentinelle","url":"https:\/\/lasentinelle.dz\/","logo":{"@type":"ImageObject","inLanguage":"fr-FR","@id":"https:\/\/lasentinelle.dz\/#\/schema\/logo\/image\/","url":"https:\/\/lasentinelle.dz\/wp-content\/uploads\/2021\/09\/logo-sentinelleSLOGAN-1.png","contentUrl":"https:\/\/lasentinelle.dz\/wp-content\/uploads\/2021\/09\/logo-sentinelleSLOGAN-1.png","width":615,"height":142,"caption":"Quotidien La Sentinelle"},"image":{"@id":"https:\/\/lasentinelle.dz\/#\/schema\/logo\/image\/"},"sameAs":["https:\/\/www.facebook.com\/La-Sentinelle-104059864394773"]},{"@type":"Person","@id":"https:\/\/lasentinelle.dz\/#\/schema\/person\/d865044e22e70a75174ce8bcad3acfb3","name":"La Sentinelle","image":{"@type":"ImageObject","inLanguage":"fr-FR","@id":"https:\/\/secure.gravatar.com\/avatar\/57de8e5d4b15d43fb361a71fbb36338450fe67865b528a43dd10ef7c51a20392?s=96&d=mm&r=g","url":"https:\/\/secure.gravatar.com\/avatar\/57de8e5d4b15d43fb361a71fbb36338450fe67865b528a43dd10ef7c51a20392?s=96&d=mm&r=g","contentUrl":"https:\/\/secure.gravatar.com\/avatar\/57de8e5d4b15d43fb361a71fbb36338450fe67865b528a43dd10ef7c51a20392?s=96&d=mm&r=g","caption":"La Sentinelle"},"sameAs":["http:\/\/www.lasentinelle.dz"],"url":"https:\/\/lasentinelle.dz\/author\/redaction\/"}]}},"_links":{"self":[{"href":"https:\/\/lasentinelle.dz\/index.php\/wp-json\/wp\/v2\/posts\/22977","targetHints":{"allow":["GET"]}}],"collection":[{"href":"https:\/\/lasentinelle.dz\/index.php\/wp-json\/wp\/v2\/posts"}],"about":[{"href":"https:\/\/lasentinelle.dz\/index.php\/wp-json\/wp\/v2\/types\/post"}],"author":[{"embeddable":true,"href":"https:\/\/lasentinelle.dz\/index.php\/wp-json\/wp\/v2\/users\/3"}],"replies":[{"embeddable":true,"href":"https:\/\/lasentinelle.dz\/index.php\/wp-json\/wp\/v2\/comments?post=22977"}],"version-history":[{"count":1,"href":"https:\/\/lasentinelle.dz\/index.php\/wp-json\/wp\/v2\/posts\/22977\/revisions"}],"predecessor-version":[{"id":22983,"href":"https:\/\/lasentinelle.dz\/index.php\/wp-json\/wp\/v2\/posts\/22977\/revisions\/22983"}],"wp:featuredmedia":[{"embeddable":true,"href":"https:\/\/lasentinelle.dz\/index.php\/wp-json\/wp\/v2\/media\/22982"}],"wp:attachment":[{"href":"https:\/\/lasentinelle.dz\/index.php\/wp-json\/wp\/v2\/media?parent=22977"}],"wp:term":[{"taxonomy":"category","embeddable":true,"href":"https:\/\/lasentinelle.dz\/index.php\/wp-json\/wp\/v2\/categories?post=22977"},{"taxonomy":"post_tag","embeddable":true,"href":"https:\/\/lasentinelle.dz\/index.php\/wp-json\/wp\/v2\/tags?post=22977"}],"curies":[{"name":"wp","href":"https:\/\/api.w.org\/{rel}","templated":true}]}}