{"id":22992,"date":"2022-06-23T00:05:00","date_gmt":"2022-06-22T23:05:00","guid":{"rendered":"https:\/\/lasentinelle.dz\/?p=22992"},"modified":"2022-06-22T20:36:59","modified_gmt":"2022-06-22T19:36:59","slug":"aimene-benbderrahmane-aux-athletes-algeriens-hissez-haut-les-couleurs-nationales","status":"publish","type":"post","link":"https:\/\/lasentinelle.dz\/index.php\/2022\/06\/23\/aimene-benbderrahmane-aux-athletes-algeriens-hissez-haut-les-couleurs-nationales\/","title":{"rendered":"A\u00efmene\u00a0Benbderrahmane aux athl\u00e8tes alg\u00e9riens\u00a0: \u00ab\u00a0Hissez haut les couleurs nationales\u00a0!\u00a0\u00bb"},"content":{"rendered":"\n<p>Un accueil chaleureux a \u00e9t\u00e9 r\u00e9serv\u00e9 hier au premier groupe d\u2019athl\u00e8tes alg\u00e9riens devant prendre part aux Jeux M\u00e9diterran\u00e9ens d\u2019Oran. Ils ont \u00e9t\u00e9 accueillis \u00e0 la Gare de Adda Benaouda (ex-Plateau Michel) par le Conseiller du Pr\u00e9sident de la R\u00e9publique, Abdelhafid Allahoum, en pr\u00e9sence des autorit\u00e9s locale et de plusieurs centaines d\u2019Oranaises&nbsp;et Oranais, portant chacun le drapeau national, saluant \u00e9galement les repr\u00e9sentants alg\u00e9riens \u00e0 cette rencontre sportive. Les formalit\u00e9s protocolaires \u00e9tant accomplies, les athl\u00e8tes alg\u00e9riens ont pris la destination du lieu de leur h\u00e9bergement, escort\u00e9s par un dispositif s\u00e9curitaire important, et salu\u00e9s au passage par des centaines d\u2019Oranais, hommes, femmes, jeunes et moins jeunes, les attendant,&nbsp;dans la joie et la gaiet\u00e9, sur tout le long de leur trajectoire.&nbsp;<\/p>\n\n\n\n<p>Avant leur d\u00e9part vers Oran, les athl\u00e8tes ont \u00e9t\u00e9 salu\u00e9s \u00e0&nbsp;Alger,&nbsp;par&nbsp;le Premier&nbsp;ministre, A\u00efmene&nbsp;Benbderrahmane. Il a exhort\u00e9 les athl\u00e8tes alg\u00e9riens \u00abhisser haut&nbsp;les couleurs nationales et prendre comme exemple&nbsp;leurs a\u00een\u00e9s\u00bb.&nbsp;&nbsp;Accompagn\u00e9 du ministre de la&nbsp;Jeunesse et des&nbsp;Sports,&nbsp;Abderrezak Sebgag&nbsp;et en pr\u00e9sence du pr\u00e9sident du&nbsp;Comit\u00e9 Olympique&nbsp;alg\u00e9rien, Abderrahmane Hamad,&nbsp;ainsi que des pr\u00e9sidents des f\u00e9d\u00e9rations de diff\u00e9rentes discipline,&nbsp;le&nbsp;Premier&nbsp;ministre&nbsp;a exhort\u00e9 les participants alg\u00e9riens \u00e0 honorer la patrie et hisser haut le drapeau national, rappelant que \u00abl\u2019Alg\u00e9rie n\u2019a l\u00e9sin\u00e9&nbsp;sur&nbsp;aucun effort pour mettre tous les moyens n\u00e9cessaires au profit des athl\u00e8tes dans le cadre de leurs pr\u00e9parations\u00bb. Il a indiqu\u00e9 que \u00ab&nbsp;47 ans apr\u00e8s l\u2019organisation, par l\u2019Alg\u00e9rie, des Jeux M\u00e9diterran\u00e9ens en 1975,&nbsp;nous esp\u00e9rons le renouvellement de glorieuses joies\u00bb, appelant \u00e0 prendre comme mod\u00e8le les anciens athl\u00e8tes comme Salim Iles, Abdelmoumen Yahiaoui, Hassiba Boulmerka, Noureddine Morsli et tant d\u2019autres&nbsp;sportifs&nbsp;qui port\u00e9 hautes les couleurs nationales\u00bb. Le Premier&nbsp;ministre a not\u00e9 le Pr\u00e9sident de la R\u00e9publique, Abdelmadjid Tebboune a proc\u00e9d\u00e9 \u00e0 \u00abl\u2019installation du Conseil Sup\u00e9rieur de la Jeunesse\u00bb, annon\u00e7ant \u00abpasser le flambeau aux jeunes pour \u00eatre la locomotive de cette nation\u00bb. \u00abIl leur est temps pour eux de r\u00e9v\u00e9ler le d\u00e9fi en explosant leurs comp\u00e9tences qu\u2019ils mettront au profit de la nation\u00bb, a t-il indiqu\u00e9. Il a ajout\u00e9 que \u00ables Jeux M\u00e9diterran\u00e9ens co\u00efncident avec le 60\u00e8me anniversaire du r\u00e9tablissement de la souverainet\u00e9 nationale&nbsp;et&nbsp;\u00abt\u00e9moignent&nbsp;de l\u2019aptitude&nbsp;&nbsp;\u00e0 apporter la joie au&nbsp;Peuple et \u00e0 la&nbsp;Patrie\u00bb.&nbsp;&nbsp;Lors de la collation organis\u00e9e&nbsp;en&nbsp;l\u2019honneur des athl\u00e8tes alg\u00e9riens, le ministre de la&nbsp;Jeunesse et des&nbsp;Sport&nbsp;a, lui aussi, exhort\u00e9 les sportifs alg\u00e9riens \u00e0 plus d\u2019abn\u00e9gation, de pers\u00e9v\u00e9rance dans les comp\u00e9titions et bannir \u00abl\u2019esprit d\u00e9faitiste\u00bb.&nbsp;&nbsp;La porteuse du drapeau national lors de la c\u00e9r\u00e9monie d\u2019ouverture des Jeux M\u00e9diterran\u00e9ens \u00e0 Oran (du 25 juin au 6 juillet), la vice-championne du monde de boxe, en l\u2019occurrence Imane&nbsp;Khelif a affirm\u00e9&nbsp;:&nbsp;\u00abnous sommes d\u00e9termin\u00e9s en tant qu\u2019athl\u00e8tes \u00e0 honorer l\u2019Alg\u00e9rie en haussant les couleurs nationales&nbsp;\u00bb.&nbsp;&nbsp;Le premier groupe de la d\u00e9l\u00e9gation ayant pris le d\u00e9part vers la wilaya d\u2019Oran est compos\u00e9 de 200 d\u2019athl\u00e8tes,&nbsp;&nbsp;hommes et femmes. Il est guid\u00e9 par le chef de la d\u00e9l\u00e9gation, Hamza Deghdagh. Il s\u2019agit des \u00e9l\u00e9ments de l\u2019\u00e9quipe nationale de football (moins de 18 ans) et des Karat\u00e9kas, des judokas, et plusieurs autres disciplines.&nbsp;&nbsp;Sept autres \u00e9quipes d\u2019athl\u00e8tes sont attendues du 23 au 29 juin \u00e0 Oran pour les Jeux M\u00e9diterran\u00e9ens-2022.<\/p>\n\n\n\n<p>Salim Abdenour<\/p>\n","protected":false},"excerpt":{"rendered":"<p>Un accueil chaleureux a \u00e9t\u00e9 r\u00e9serv\u00e9 hier au premier groupe d\u2019athl\u00e8tes alg\u00e9riens devant prendre part aux Jeux M\u00e9diterran\u00e9ens d\u2019Oran. Ils<\/p>\n","protected":false},"author":3,"featured_media":23004,"comment_status":"open","ping_status":"closed","sticky":false,"template":"","format":"standard","meta":{"colormag_page_container_layout":"default_layout","colormag_page_sidebar_layout":"default_layout","om_disable_all_campaigns":false,"_monsterinsights_skip_tracking":false,"_monsterinsights_sitenote_active":false,"_monsterinsights_sitenote_note":"","_monsterinsights_sitenote_category":0,"footnotes":"","_wpscppro_dont_share_socialmedia":false,"_wpscppro_custom_social_share_image":0,"_facebook_share_type":"","_twitter_share_type":"","_linkedin_share_type":"","_pinterest_share_type":"","_linkedin_share_type_page":"","_instagram_share_type":"","_medium_share_type":"","_threads_share_type":"","_google_business_share_type":"","_selected_social_profile":[],"_wpsp_enable_custom_social_template":false,"_wpsp_social_scheduling":{"enabled":false,"datetime":null,"platforms":[],"status":"template_only","dateOption":"today","timeOption":"now","customDays":"","customHours":"","customDate":"","customTime":"","schedulingType":"absolute"},"_wpsp_active_default_template":true},"categories":[52,27],"tags":[],"class_list":["post-22992","post","type-post","status-publish","format-standard","has-post-thumbnail","hentry","category-a-la-une","category-actualite"],"aioseo_notices":[],"yoast_head":"<!-- This site is optimized with the Yoast SEO plugin v27.5 - https:\/\/yoast.com\/product\/yoast-seo-wordpress\/ -->\n<title>A\u00efmene\u00a0Benbderrahmane aux athl\u00e8tes alg\u00e9riens\u00a0: \u00ab\u00a0Hissez haut les couleurs nationales\u00a0!\u00a0\u00bb - La Sentinelle<\/title>\n<meta name=\"robots\" content=\"index, follow, max-snippet:-1, max-image-preview:large, max-video-preview:-1\" \/>\n<link rel=\"canonical\" href=\"https:\/\/lasentinelle.dz\/index.php\/2022\/06\/23\/aimene-benbderrahmane-aux-athletes-algeriens-hissez-haut-les-couleurs-nationales\/\" \/>\n<meta property=\"og:locale\" content=\"fr_FR\" \/>\n<meta property=\"og:type\" content=\"article\" \/>\n<meta property=\"og:title\" content=\"A\u00efmene\u00a0Benbderrahmane aux athl\u00e8tes alg\u00e9riens\u00a0: \u00ab\u00a0Hissez haut les couleurs nationales\u00a0!\u00a0\u00bb - La Sentinelle\" \/>\n<meta property=\"og:description\" content=\"Un accueil chaleureux a \u00e9t\u00e9 r\u00e9serv\u00e9 hier au premier groupe d\u2019athl\u00e8tes alg\u00e9riens devant prendre part aux Jeux M\u00e9diterran\u00e9ens d\u2019Oran. Ils\" \/>\n<meta property=\"og:url\" content=\"https:\/\/lasentinelle.dz\/index.php\/2022\/06\/23\/aimene-benbderrahmane-aux-athletes-algeriens-hissez-haut-les-couleurs-nationales\/\" \/>\n<meta property=\"og:site_name\" content=\"La Sentinelle\" \/>\n<meta property=\"article:publisher\" content=\"https:\/\/www.facebook.com\/La-Sentinelle-104059864394773\" \/>\n<meta property=\"article:published_time\" content=\"2022-06-22T23:05:00+00:00\" \/>\n<meta property=\"og:image\" content=\"https:\/\/lasentinelle.dz\/wp-content\/uploads\/2022\/06\/benabderrahman.png\" \/>\n\t<meta property=\"og:image:width\" content=\"1500\" \/>\n\t<meta property=\"og:image:height\" content=\"900\" \/>\n\t<meta property=\"og:image:type\" content=\"image\/png\" \/>\n<meta name=\"author\" content=\"La Sentinelle\" \/>\n<meta name=\"twitter:card\" content=\"summary_large_image\" \/>\n<meta name=\"twitter:label1\" content=\"\u00c9crit par\" \/>\n\t<meta name=\"twitter:data1\" content=\"La Sentinelle\" \/>\n\t<meta name=\"twitter:label2\" content=\"Dur\u00e9e de lecture estim\u00e9e\" \/>\n\t<meta name=\"twitter:data2\" content=\"3 minutes\" \/>\n<script type=\"application\/ld+json\" class=\"yoast-schema-graph\">{\"@context\":\"https:\\\/\\\/schema.org\",\"@graph\":[{\"@type\":\"Article\",\"@id\":\"https:\\\/\\\/lasentinelle.dz\\\/index.php\\\/2022\\\/06\\\/23\\\/aimene-benbderrahmane-aux-athletes-algeriens-hissez-haut-les-couleurs-nationales\\\/#article\",\"isPartOf\":{\"@id\":\"https:\\\/\\\/lasentinelle.dz\\\/index.php\\\/2022\\\/06\\\/23\\\/aimene-benbderrahmane-aux-athletes-algeriens-hissez-haut-les-couleurs-nationales\\\/\"},\"author\":{\"name\":\"La Sentinelle\",\"@id\":\"https:\\\/\\\/lasentinelle.dz\\\/#\\\/schema\\\/person\\\/d865044e22e70a75174ce8bcad3acfb3\"},\"headline\":\"A\u00efmene\u00a0Benbderrahmane aux athl\u00e8tes alg\u00e9riens\u00a0: \u00ab\u00a0Hissez haut les couleurs nationales\u00a0!\u00a0\u00bb\",\"datePublished\":\"2022-06-22T23:05:00+00:00\",\"mainEntityOfPage\":{\"@id\":\"https:\\\/\\\/lasentinelle.dz\\\/index.php\\\/2022\\\/06\\\/23\\\/aimene-benbderrahmane-aux-athletes-algeriens-hissez-haut-les-couleurs-nationales\\\/\"},\"wordCount\":686,\"commentCount\":0,\"publisher\":{\"@id\":\"https:\\\/\\\/lasentinelle.dz\\\/#organization\"},\"image\":{\"@id\":\"https:\\\/\\\/lasentinelle.dz\\\/index.php\\\/2022\\\/06\\\/23\\\/aimene-benbderrahmane-aux-athletes-algeriens-hissez-haut-les-couleurs-nationales\\\/#primaryimage\"},\"thumbnailUrl\":\"https:\\\/\\\/lasentinelle.dz\\\/wp-content\\\/uploads\\\/2022\\\/06\\\/benabderrahman.png\",\"articleSection\":[\"\u00c0 la Une\",\"Actualit\u00e9\"],\"inLanguage\":\"fr-FR\",\"potentialAction\":[{\"@type\":\"CommentAction\",\"name\":\"Comment\",\"target\":[\"https:\\\/\\\/lasentinelle.dz\\\/index.php\\\/2022\\\/06\\\/23\\\/aimene-benbderrahmane-aux-athletes-algeriens-hissez-haut-les-couleurs-nationales\\\/#respond\"]}]},{\"@type\":\"WebPage\",\"@id\":\"https:\\\/\\\/lasentinelle.dz\\\/index.php\\\/2022\\\/06\\\/23\\\/aimene-benbderrahmane-aux-athletes-algeriens-hissez-haut-les-couleurs-nationales\\\/\",\"url\":\"https:\\\/\\\/lasentinelle.dz\\\/index.php\\\/2022\\\/06\\\/23\\\/aimene-benbderrahmane-aux-athletes-algeriens-hissez-haut-les-couleurs-nationales\\\/\",\"name\":\"A\u00efmene\u00a0Benbderrahmane aux athl\u00e8tes alg\u00e9riens\u00a0: \u00ab\u00a0Hissez haut les couleurs nationales\u00a0!\u00a0\u00bb - La Sentinelle\",\"isPartOf\":{\"@id\":\"https:\\\/\\\/lasentinelle.dz\\\/#website\"},\"primaryImageOfPage\":{\"@id\":\"https:\\\/\\\/lasentinelle.dz\\\/index.php\\\/2022\\\/06\\\/23\\\/aimene-benbderrahmane-aux-athletes-algeriens-hissez-haut-les-couleurs-nationales\\\/#primaryimage\"},\"image\":{\"@id\":\"https:\\\/\\\/lasentinelle.dz\\\/index.php\\\/2022\\\/06\\\/23\\\/aimene-benbderrahmane-aux-athletes-algeriens-hissez-haut-les-couleurs-nationales\\\/#primaryimage\"},\"thumbnailUrl\":\"https:\\\/\\\/lasentinelle.dz\\\/wp-content\\\/uploads\\\/2022\\\/06\\\/benabderrahman.png\",\"datePublished\":\"2022-06-22T23:05:00+00:00\",\"breadcrumb\":{\"@id\":\"https:\\\/\\\/lasentinelle.dz\\\/index.php\\\/2022\\\/06\\\/23\\\/aimene-benbderrahmane-aux-athletes-algeriens-hissez-haut-les-couleurs-nationales\\\/#breadcrumb\"},\"inLanguage\":\"fr-FR\",\"potentialAction\":[{\"@type\":\"ReadAction\",\"target\":[\"https:\\\/\\\/lasentinelle.dz\\\/index.php\\\/2022\\\/06\\\/23\\\/aimene-benbderrahmane-aux-athletes-algeriens-hissez-haut-les-couleurs-nationales\\\/\"]}]},{\"@type\":\"ImageObject\",\"inLanguage\":\"fr-FR\",\"@id\":\"https:\\\/\\\/lasentinelle.dz\\\/index.php\\\/2022\\\/06\\\/23\\\/aimene-benbderrahmane-aux-athletes-algeriens-hissez-haut-les-couleurs-nationales\\\/#primaryimage\",\"url\":\"https:\\\/\\\/lasentinelle.dz\\\/wp-content\\\/uploads\\\/2022\\\/06\\\/benabderrahman.png\",\"contentUrl\":\"https:\\\/\\\/lasentinelle.dz\\\/wp-content\\\/uploads\\\/2022\\\/06\\\/benabderrahman.png\",\"width\":1500,\"height\":900},{\"@type\":\"BreadcrumbList\",\"@id\":\"https:\\\/\\\/lasentinelle.dz\\\/index.php\\\/2022\\\/06\\\/23\\\/aimene-benbderrahmane-aux-athletes-algeriens-hissez-haut-les-couleurs-nationales\\\/#breadcrumb\",\"itemListElement\":[{\"@type\":\"ListItem\",\"position\":1,\"name\":\"Accueil\",\"item\":\"https:\\\/\\\/lasentinelle.dz\\\/\"},{\"@type\":\"ListItem\",\"position\":2,\"name\":\"A\u00efmene\u00a0Benbderrahmane aux athl\u00e8tes alg\u00e9riens\u00a0: \u00ab\u00a0Hissez haut les couleurs nationales\u00a0!\u00a0\u00bb\"}]},{\"@type\":\"WebSite\",\"@id\":\"https:\\\/\\\/lasentinelle.dz\\\/#website\",\"url\":\"https:\\\/\\\/lasentinelle.dz\\\/\",\"name\":\"La Sentinelle\",\"description\":\"Quotidien national d&#039;information\",\"publisher\":{\"@id\":\"https:\\\/\\\/lasentinelle.dz\\\/#organization\"},\"potentialAction\":[{\"@type\":\"SearchAction\",\"target\":{\"@type\":\"EntryPoint\",\"urlTemplate\":\"https:\\\/\\\/lasentinelle.dz\\\/?s={search_term_string}\"},\"query-input\":{\"@type\":\"PropertyValueSpecification\",\"valueRequired\":true,\"valueName\":\"search_term_string\"}}],\"inLanguage\":\"fr-FR\"},{\"@type\":\"Organization\",\"@id\":\"https:\\\/\\\/lasentinelle.dz\\\/#organization\",\"name\":\"Quotidien La Sentinelle\",\"url\":\"https:\\\/\\\/lasentinelle.dz\\\/\",\"logo\":{\"@type\":\"ImageObject\",\"inLanguage\":\"fr-FR\",\"@id\":\"https:\\\/\\\/lasentinelle.dz\\\/#\\\/schema\\\/logo\\\/image\\\/\",\"url\":\"https:\\\/\\\/lasentinelle.dz\\\/wp-content\\\/uploads\\\/2021\\\/09\\\/logo-sentinelleSLOGAN-1.png\",\"contentUrl\":\"https:\\\/\\\/lasentinelle.dz\\\/wp-content\\\/uploads\\\/2021\\\/09\\\/logo-sentinelleSLOGAN-1.png\",\"width\":615,\"height\":142,\"caption\":\"Quotidien La Sentinelle\"},\"image\":{\"@id\":\"https:\\\/\\\/lasentinelle.dz\\\/#\\\/schema\\\/logo\\\/image\\\/\"},\"sameAs\":[\"https:\\\/\\\/www.facebook.com\\\/La-Sentinelle-104059864394773\"]},{\"@type\":\"Person\",\"@id\":\"https:\\\/\\\/lasentinelle.dz\\\/#\\\/schema\\\/person\\\/d865044e22e70a75174ce8bcad3acfb3\",\"name\":\"La Sentinelle\",\"image\":{\"@type\":\"ImageObject\",\"inLanguage\":\"fr-FR\",\"@id\":\"https:\\\/\\\/secure.gravatar.com\\\/avatar\\\/57de8e5d4b15d43fb361a71fbb36338450fe67865b528a43dd10ef7c51a20392?s=96&d=mm&r=g\",\"url\":\"https:\\\/\\\/secure.gravatar.com\\\/avatar\\\/57de8e5d4b15d43fb361a71fbb36338450fe67865b528a43dd10ef7c51a20392?s=96&d=mm&r=g\",\"contentUrl\":\"https:\\\/\\\/secure.gravatar.com\\\/avatar\\\/57de8e5d4b15d43fb361a71fbb36338450fe67865b528a43dd10ef7c51a20392?s=96&d=mm&r=g\",\"caption\":\"La Sentinelle\"},\"sameAs\":[\"http:\\\/\\\/www.lasentinelle.dz\"],\"url\":\"https:\\\/\\\/lasentinelle.dz\\\/author\\\/redaction\\\/\"}]}<\/script>\n<!-- \/ Yoast SEO plugin. -->","yoast_head_json":{"title":"A\u00efmene\u00a0Benbderrahmane aux athl\u00e8tes alg\u00e9riens\u00a0: \u00ab\u00a0Hissez haut les couleurs nationales\u00a0!\u00a0\u00bb - La Sentinelle","robots":{"index":"index","follow":"follow","max-snippet":"max-snippet:-1","max-image-preview":"max-image-preview:large","max-video-preview":"max-video-preview:-1"},"canonical":"https:\/\/lasentinelle.dz\/index.php\/2022\/06\/23\/aimene-benbderrahmane-aux-athletes-algeriens-hissez-haut-les-couleurs-nationales\/","og_locale":"fr_FR","og_type":"article","og_title":"A\u00efmene\u00a0Benbderrahmane aux athl\u00e8tes alg\u00e9riens\u00a0: \u00ab\u00a0Hissez haut les couleurs nationales\u00a0!\u00a0\u00bb - La Sentinelle","og_description":"Un accueil chaleureux a \u00e9t\u00e9 r\u00e9serv\u00e9 hier au premier groupe d\u2019athl\u00e8tes alg\u00e9riens devant prendre part aux Jeux M\u00e9diterran\u00e9ens d\u2019Oran. Ils","og_url":"https:\/\/lasentinelle.dz\/index.php\/2022\/06\/23\/aimene-benbderrahmane-aux-athletes-algeriens-hissez-haut-les-couleurs-nationales\/","og_site_name":"La Sentinelle","article_publisher":"https:\/\/www.facebook.com\/La-Sentinelle-104059864394773","article_published_time":"2022-06-22T23:05:00+00:00","og_image":[{"width":1500,"height":900,"url":"https:\/\/lasentinelle.dz\/wp-content\/uploads\/2022\/06\/benabderrahman.png","type":"image\/png"}],"author":"La Sentinelle","twitter_card":"summary_large_image","twitter_misc":{"\u00c9crit par":"La Sentinelle","Dur\u00e9e de lecture estim\u00e9e":"3 minutes"},"schema":{"@context":"https:\/\/schema.org","@graph":[{"@type":"Article","@id":"https:\/\/lasentinelle.dz\/index.php\/2022\/06\/23\/aimene-benbderrahmane-aux-athletes-algeriens-hissez-haut-les-couleurs-nationales\/#article","isPartOf":{"@id":"https:\/\/lasentinelle.dz\/index.php\/2022\/06\/23\/aimene-benbderrahmane-aux-athletes-algeriens-hissez-haut-les-couleurs-nationales\/"},"author":{"name":"La Sentinelle","@id":"https:\/\/lasentinelle.dz\/#\/schema\/person\/d865044e22e70a75174ce8bcad3acfb3"},"headline":"A\u00efmene\u00a0Benbderrahmane aux athl\u00e8tes alg\u00e9riens\u00a0: \u00ab\u00a0Hissez haut les couleurs nationales\u00a0!\u00a0\u00bb","datePublished":"2022-06-22T23:05:00+00:00","mainEntityOfPage":{"@id":"https:\/\/lasentinelle.dz\/index.php\/2022\/06\/23\/aimene-benbderrahmane-aux-athletes-algeriens-hissez-haut-les-couleurs-nationales\/"},"wordCount":686,"commentCount":0,"publisher":{"@id":"https:\/\/lasentinelle.dz\/#organization"},"image":{"@id":"https:\/\/lasentinelle.dz\/index.php\/2022\/06\/23\/aimene-benbderrahmane-aux-athletes-algeriens-hissez-haut-les-couleurs-nationales\/#primaryimage"},"thumbnailUrl":"https:\/\/lasentinelle.dz\/wp-content\/uploads\/2022\/06\/benabderrahman.png","articleSection":["\u00c0 la Une","Actualit\u00e9"],"inLanguage":"fr-FR","potentialAction":[{"@type":"CommentAction","name":"Comment","target":["https:\/\/lasentinelle.dz\/index.php\/2022\/06\/23\/aimene-benbderrahmane-aux-athletes-algeriens-hissez-haut-les-couleurs-nationales\/#respond"]}]},{"@type":"WebPage","@id":"https:\/\/lasentinelle.dz\/index.php\/2022\/06\/23\/aimene-benbderrahmane-aux-athletes-algeriens-hissez-haut-les-couleurs-nationales\/","url":"https:\/\/lasentinelle.dz\/index.php\/2022\/06\/23\/aimene-benbderrahmane-aux-athletes-algeriens-hissez-haut-les-couleurs-nationales\/","name":"A\u00efmene\u00a0Benbderrahmane aux athl\u00e8tes alg\u00e9riens\u00a0: \u00ab\u00a0Hissez haut les couleurs nationales\u00a0!\u00a0\u00bb - La Sentinelle","isPartOf":{"@id":"https:\/\/lasentinelle.dz\/#website"},"primaryImageOfPage":{"@id":"https:\/\/lasentinelle.dz\/index.php\/2022\/06\/23\/aimene-benbderrahmane-aux-athletes-algeriens-hissez-haut-les-couleurs-nationales\/#primaryimage"},"image":{"@id":"https:\/\/lasentinelle.dz\/index.php\/2022\/06\/23\/aimene-benbderrahmane-aux-athletes-algeriens-hissez-haut-les-couleurs-nationales\/#primaryimage"},"thumbnailUrl":"https:\/\/lasentinelle.dz\/wp-content\/uploads\/2022\/06\/benabderrahman.png","datePublished":"2022-06-22T23:05:00+00:00","breadcrumb":{"@id":"https:\/\/lasentinelle.dz\/index.php\/2022\/06\/23\/aimene-benbderrahmane-aux-athletes-algeriens-hissez-haut-les-couleurs-nationales\/#breadcrumb"},"inLanguage":"fr-FR","potentialAction":[{"@type":"ReadAction","target":["https:\/\/lasentinelle.dz\/index.php\/2022\/06\/23\/aimene-benbderrahmane-aux-athletes-algeriens-hissez-haut-les-couleurs-nationales\/"]}]},{"@type":"ImageObject","inLanguage":"fr-FR","@id":"https:\/\/lasentinelle.dz\/index.php\/2022\/06\/23\/aimene-benbderrahmane-aux-athletes-algeriens-hissez-haut-les-couleurs-nationales\/#primaryimage","url":"https:\/\/lasentinelle.dz\/wp-content\/uploads\/2022\/06\/benabderrahman.png","contentUrl":"https:\/\/lasentinelle.dz\/wp-content\/uploads\/2022\/06\/benabderrahman.png","width":1500,"height":900},{"@type":"BreadcrumbList","@id":"https:\/\/lasentinelle.dz\/index.php\/2022\/06\/23\/aimene-benbderrahmane-aux-athletes-algeriens-hissez-haut-les-couleurs-nationales\/#breadcrumb","itemListElement":[{"@type":"ListItem","position":1,"name":"Accueil","item":"https:\/\/lasentinelle.dz\/"},{"@type":"ListItem","position":2,"name":"A\u00efmene\u00a0Benbderrahmane aux athl\u00e8tes alg\u00e9riens\u00a0: \u00ab\u00a0Hissez haut les couleurs nationales\u00a0!\u00a0\u00bb"}]},{"@type":"WebSite","@id":"https:\/\/lasentinelle.dz\/#website","url":"https:\/\/lasentinelle.dz\/","name":"La Sentinelle","description":"Quotidien national d&#039;information","publisher":{"@id":"https:\/\/lasentinelle.dz\/#organization"},"potentialAction":[{"@type":"SearchAction","target":{"@type":"EntryPoint","urlTemplate":"https:\/\/lasentinelle.dz\/?s={search_term_string}"},"query-input":{"@type":"PropertyValueSpecification","valueRequired":true,"valueName":"search_term_string"}}],"inLanguage":"fr-FR"},{"@type":"Organization","@id":"https:\/\/lasentinelle.dz\/#organization","name":"Quotidien La Sentinelle","url":"https:\/\/lasentinelle.dz\/","logo":{"@type":"ImageObject","inLanguage":"fr-FR","@id":"https:\/\/lasentinelle.dz\/#\/schema\/logo\/image\/","url":"https:\/\/lasentinelle.dz\/wp-content\/uploads\/2021\/09\/logo-sentinelleSLOGAN-1.png","contentUrl":"https:\/\/lasentinelle.dz\/wp-content\/uploads\/2021\/09\/logo-sentinelleSLOGAN-1.png","width":615,"height":142,"caption":"Quotidien La Sentinelle"},"image":{"@id":"https:\/\/lasentinelle.dz\/#\/schema\/logo\/image\/"},"sameAs":["https:\/\/www.facebook.com\/La-Sentinelle-104059864394773"]},{"@type":"Person","@id":"https:\/\/lasentinelle.dz\/#\/schema\/person\/d865044e22e70a75174ce8bcad3acfb3","name":"La Sentinelle","image":{"@type":"ImageObject","inLanguage":"fr-FR","@id":"https:\/\/secure.gravatar.com\/avatar\/57de8e5d4b15d43fb361a71fbb36338450fe67865b528a43dd10ef7c51a20392?s=96&d=mm&r=g","url":"https:\/\/secure.gravatar.com\/avatar\/57de8e5d4b15d43fb361a71fbb36338450fe67865b528a43dd10ef7c51a20392?s=96&d=mm&r=g","contentUrl":"https:\/\/secure.gravatar.com\/avatar\/57de8e5d4b15d43fb361a71fbb36338450fe67865b528a43dd10ef7c51a20392?s=96&d=mm&r=g","caption":"La Sentinelle"},"sameAs":["http:\/\/www.lasentinelle.dz"],"url":"https:\/\/lasentinelle.dz\/author\/redaction\/"}]}},"_links":{"self":[{"href":"https:\/\/lasentinelle.dz\/index.php\/wp-json\/wp\/v2\/posts\/22992","targetHints":{"allow":["GET"]}}],"collection":[{"href":"https:\/\/lasentinelle.dz\/index.php\/wp-json\/wp\/v2\/posts"}],"about":[{"href":"https:\/\/lasentinelle.dz\/index.php\/wp-json\/wp\/v2\/types\/post"}],"author":[{"embeddable":true,"href":"https:\/\/lasentinelle.dz\/index.php\/wp-json\/wp\/v2\/users\/3"}],"replies":[{"embeddable":true,"href":"https:\/\/lasentinelle.dz\/index.php\/wp-json\/wp\/v2\/comments?post=22992"}],"version-history":[{"count":1,"href":"https:\/\/lasentinelle.dz\/index.php\/wp-json\/wp\/v2\/posts\/22992\/revisions"}],"predecessor-version":[{"id":23005,"href":"https:\/\/lasentinelle.dz\/index.php\/wp-json\/wp\/v2\/posts\/22992\/revisions\/23005"}],"wp:featuredmedia":[{"embeddable":true,"href":"https:\/\/lasentinelle.dz\/index.php\/wp-json\/wp\/v2\/media\/23004"}],"wp:attachment":[{"href":"https:\/\/lasentinelle.dz\/index.php\/wp-json\/wp\/v2\/media?parent=22992"}],"wp:term":[{"taxonomy":"category","embeddable":true,"href":"https:\/\/lasentinelle.dz\/index.php\/wp-json\/wp\/v2\/categories?post=22992"},{"taxonomy":"post_tag","embeddable":true,"href":"https:\/\/lasentinelle.dz\/index.php\/wp-json\/wp\/v2\/tags?post=22992"}],"curies":[{"name":"wp","href":"https:\/\/api.w.org\/{rel}","templated":true}]}}