{"id":23014,"date":"2022-06-23T00:01:00","date_gmt":"2022-06-22T23:01:00","guid":{"rendered":"https:\/\/lasentinelle.dz\/?p=23014"},"modified":"2022-06-22T19:36:57","modified_gmt":"2022-06-22T18:36:57","slug":"un-redeploiement-qui-se-fait-sentir-avec-force-au-plan-diplomatique-lalgerie-retrouve-sa-place-detat-pivot","status":"publish","type":"post","link":"https:\/\/lasentinelle.dz\/index.php\/2022\/06\/23\/un-redeploiement-qui-se-fait-sentir-avec-force-au-plan-diplomatique-lalgerie-retrouve-sa-place-detat-pivot\/","title":{"rendered":"Un red\u00e9ploiement qui se fait sentir avec force au plan diplomatique\u00a0:\u00a0\u00a0L\u2019Alg\u00e9rie retrouve sa place d\u2019Etat pivot"},"content":{"rendered":"\n<p>&nbsp;Ce pragmatisme se fait exprimer d\u2019une mani\u00e8re plus \u00e9tay\u00e9e \u00e0 travers le dernier accord relatif au projet du Gazoduc transsaharien, une infrastructure internationale d\u2019une importance strat\u00e9gique capitale pour l\u2019Alg\u00e9rie qui diversifie aujourd\u2019hui sa diplomatie en recourant aux cartes ma\u00eetresses qui lui permettent de renforcer et de consolider sa place au niveau r\u00e9gional et international.<\/p>\n\n\n\n<p>&nbsp;La diplomatie alg\u00e9rienne retrouve son aura d\u2019antan. Elle reprend ses droits d\u2019un Etat pivot et d\u2019une force de paix au niveau r\u00e9gional et international.<\/p>\n\n\n\n<p>Le retour remarquable de l\u2019Alg\u00e9rie sur la sc\u00e8ne diplomatique internationale se fait sentir avec acuit\u00e9 par rapport aux questions cl\u00e9s et aux enjeux qui s\u2019expriment au niveau de son espace vital, \u00e0 savoir l\u2019Afrique et ses r\u00e9percussions sur les relations internationales.<\/p>\n\n\n\n<p>La voix de l\u2019Alg\u00e9rie s\u2019impose avec pragmatisme et ma\u00eetrise des enjeux g\u00e9ostrat\u00e9giques dont le monde d\u2019aujourd\u2019hui assiste avec prudence et vigilance \u00e0 l\u2019aune d\u2019un nouvel ordre qui s\u2019esquisse sur fond du conflit qui se d\u00e9roule en Ukraine et qui n\u2019a pas encore livr\u00e9 tous ses secrets.<\/p>\n\n\n\n<p>Pendant ce temps, l\u2019Alg\u00e9rie est en train de mettre ses balises pour s\u2019arrimer sur le nouvel \u00e9chiquier mondial qui est en train de se peaufiner mordicus.<\/p>\n\n\n\n<p>Quand c\u2019est le Secr\u00e9taire g\u00e9n\u00e9ral de la Ligue arabe, Ahmed Abou El Ghe\u00eft d\u00e9clare que \u00ab le Sommet arabe pr\u00e9vu \u00e0 Alger les 1 et 2 novembre 2022 sera un succ\u00e8s \u00bb, et qu\u2019il \u00ab existe une grande convergence sur la plupart des questions pos\u00e9es sur la sc\u00e8ne arabe \u00bb, cela renseigne sur le ton diplomatique qui a chang\u00e9 de fond en comble. Alors que durant la p\u00e9riode appel\u00e9e abusivement \u00ab printemps arabe \u00bb, cette \u00ab diplomatie \u00bb \u00e9tait en train d\u2019appliquer les diktats des officines \u00e9trang\u00e8res quant \u00e0 la mise en \u0153uvre d\u2019un agenda inf\u00e9od\u00e9 aux puissances internationales aux objectifs de mainmise et de n\u00e9ocolonialisme se dissimulant derri\u00e8re une s\u00e9mantique fumeuse de \u00ab droit-de-l\u2019hommisme \u00bb pompeux. L\u2019Alg\u00e9rie n\u2019a pas abdiqu\u00e9 aux chantages, elle a maintenu sa doctrine diplomatique qui consiste \u00e0 ne pas s\u2019ing\u00e9rer dans les affaires internes des pays souverains.<\/p>\n\n\n\n<p>Cette d\u00e9marche \u00e0 donn\u00e9 raison \u00e0 la diplomatie alg\u00e9rienne dont un nombre important de pays arabes et \u00e0 leur t\u00eate les pays du Golfe qui reconnaissent ouvertement la justesse de la position de la diplomatie alg\u00e9rienne par rapport aux ing\u00e9rences et les interf\u00e9rences qui se tramaient et qui se trament toujours dans le Monde arabe de par ce qu\u2019il constitue comme enjeu g\u00e9opolitique de premier ordre.<\/p>\n\n\n\n<p>La constance de l\u2019approche diplomatique alg\u00e9rienne n\u2019est pas con\u00e7ue comme une esp\u00e8ce de formule dogmatique, mais bien au contraire, c\u2019est une attitude de principe en osmose avec la charte fondatrice des Nations unies et la l\u00e9galit\u00e9 internationale.<\/p>\n\n\n\n<p>Ce pragmatisme se fait exprimer d\u2019une mani\u00e8re plus \u00e9tay\u00e9e \u00e0 travers le dernier accord relatif au projet du Gazoduc transsaharien, une infrastructure internationale d\u2019une importance strat\u00e9gique et capitale pour l\u2019Alg\u00e9rie qui diversifie aujourd\u2019hui sa diplomatie en recourant aux cartes ma\u00eetresses qui lui permettent de renforcer et de consolider sa place au niveau r\u00e9gional et international.<\/p>\n\n\n\n<p>La diplomatie \u00ab gazi\u00e8re \u00bb est devenue le ma\u00eetre-mot de la politique ext\u00e9rieure de l\u2019Etat alg\u00e9rien. C\u2019est l\u00e0 que r\u00e9side le pragmatisme et l\u2019offensive de la diplomatie alg\u00e9rienne qui se place en leader dans la r\u00e9gion pour reconfigurer la donne g\u00e9ostrat\u00e9gique qui a \u00e9t\u00e9 laiss\u00e9e pendant plus de deux d\u00e9cades aux forces internationales dont le bellicisme est la caract\u00e9ristique saillante.<\/p>\n\n\n\n<p>Ce projet prometteur va permettre \u00e0 l\u2019Alg\u00e9rie d\u2019avoir une panoplie de choix pour n\u00e9gocier ses int\u00e9r\u00eats sans que cela puisse se transformer en desiderata comme \u00e0 l\u2019accoutum\u00e9e par des puissances \u00e9trang\u00e8res.<\/p>\n\n\n\n<p>L\u2019Alg\u00e9rie saisit les opportunit\u00e9s de la g\u00e9opolitique qui se pr\u00e9sentent \u00e0 elle pour en faire un moyen souple de son implication dans le giron des pays avec qui il faut compter. Le Gazoduc transsaharien sera un levier efficace et pr\u00e9pond\u00e9rant qui va permettre \u00e0 notre pays de jouer sur plusieurs fronts en termes d\u2019enjeux et de strat\u00e9gies \u00e0 l\u2019aune des nouvelles reconfigurations et repositionnements g\u00e9ostrat\u00e9giques du monde en pleine \u00e9bullition et \u00e9volution.<\/p>\n\n\n\n<p>L\u2019Alg\u00e9rie qui arrive \u00e0 faire entendre sa voix est en phase de mener des alliances et des coalitions d\u2019int\u00e9r\u00eats strat\u00e9giques communs. Son statut de puissance r\u00e9gionale l\u2019incite \u00e0 faire preuve de plus de r\u00e9alisme et de pragmatisme.<\/p>\n\n\n\n<p>Ce retour en douceur de la diplomatie alg\u00e9rienne saura dissiper les clivages qui se font exprimer dans la r\u00e9gion. Les atouts sont multiples, mais le Gaz et les \u00e9nergies fossiles sont un atout majeur dont l&rsquo;Alg\u00e9rie fait recours pour parer \u00e0 tous les risques et dangers qui se tissent au niveau de ses fronti\u00e8res et dans la r\u00e9gion en g\u00e9n\u00e9ral.<\/p>\n\n\n\n<p><strong>Rachid Nassouti<\/strong><\/p>\n","protected":false},"excerpt":{"rendered":"<p>&nbsp;Ce pragmatisme se fait exprimer d\u2019une mani\u00e8re plus \u00e9tay\u00e9e \u00e0 travers le dernier accord relatif au projet du Gazoduc transsaharien,<\/p>\n","protected":false},"author":3,"featured_media":3295,"comment_status":"open","ping_status":"closed","sticky":false,"template":"","format":"standard","meta":{"colormag_page_container_layout":"default_layout","colormag_page_sidebar_layout":"default_layout","om_disable_all_campaigns":false,"_monsterinsights_skip_tracking":false,"_monsterinsights_sitenote_active":false,"_monsterinsights_sitenote_note":"","_monsterinsights_sitenote_category":0,"footnotes":"","_wpscppro_dont_share_socialmedia":false,"_wpscppro_custom_social_share_image":0,"_facebook_share_type":"","_twitter_share_type":"","_linkedin_share_type":"","_pinterest_share_type":"","_linkedin_share_type_page":"","_instagram_share_type":"","_medium_share_type":"","_threads_share_type":"","_google_business_share_type":"","_selected_social_profile":[],"_wpsp_enable_custom_social_template":false,"_wpsp_social_scheduling":{"enabled":false,"datetime":null,"platforms":[],"status":"template_only","dateOption":"today","timeOption":"now","customDays":"","customHours":"","customDate":"","customTime":"","schedulingType":"absolute"},"_wpsp_active_default_template":true},"categories":[27],"tags":[],"class_list":["post-23014","post","type-post","status-publish","format-standard","has-post-thumbnail","hentry","category-actualite"],"aioseo_notices":[],"yoast_head":"<!-- This site is optimized with the Yoast SEO plugin v27.5 - https:\/\/yoast.com\/product\/yoast-seo-wordpress\/ -->\n<title>Un red\u00e9ploiement qui se fait sentir avec force au plan diplomatique\u00a0:\u00a0\u00a0L\u2019Alg\u00e9rie retrouve sa place d\u2019Etat pivot - La Sentinelle<\/title>\n<meta name=\"robots\" content=\"index, follow, max-snippet:-1, max-image-preview:large, max-video-preview:-1\" \/>\n<link rel=\"canonical\" href=\"https:\/\/lasentinelle.dz\/index.php\/2022\/06\/23\/un-redeploiement-qui-se-fait-sentir-avec-force-au-plan-diplomatique-lalgerie-retrouve-sa-place-detat-pivot\/\" \/>\n<meta property=\"og:locale\" content=\"fr_FR\" \/>\n<meta property=\"og:type\" content=\"article\" \/>\n<meta property=\"og:title\" content=\"Un red\u00e9ploiement qui se fait sentir avec force au plan diplomatique\u00a0:\u00a0\u00a0L\u2019Alg\u00e9rie retrouve sa place d\u2019Etat pivot - La Sentinelle\" \/>\n<meta property=\"og:description\" content=\"&nbsp;Ce pragmatisme se fait exprimer d\u2019une mani\u00e8re plus \u00e9tay\u00e9e \u00e0 travers le dernier accord relatif au projet du Gazoduc transsaharien,\" \/>\n<meta property=\"og:url\" content=\"https:\/\/lasentinelle.dz\/index.php\/2022\/06\/23\/un-redeploiement-qui-se-fait-sentir-avec-force-au-plan-diplomatique-lalgerie-retrouve-sa-place-detat-pivot\/\" \/>\n<meta property=\"og:site_name\" content=\"La Sentinelle\" \/>\n<meta property=\"article:publisher\" content=\"https:\/\/www.facebook.com\/La-Sentinelle-104059864394773\" \/>\n<meta property=\"article:published_time\" content=\"2022-06-22T23:01:00+00:00\" \/>\n<meta property=\"og:image\" content=\"https:\/\/lasentinelle.dz\/wp-content\/uploads\/2021\/08\/lammamra.png\" \/>\n\t<meta property=\"og:image:width\" content=\"1543\" \/>\n\t<meta property=\"og:image:height\" content=\"900\" \/>\n\t<meta property=\"og:image:type\" content=\"image\/png\" \/>\n<meta name=\"author\" content=\"La Sentinelle\" \/>\n<meta name=\"twitter:card\" content=\"summary_large_image\" \/>\n<meta name=\"twitter:label1\" content=\"\u00c9crit par\" \/>\n\t<meta name=\"twitter:data1\" content=\"La Sentinelle\" \/>\n\t<meta name=\"twitter:label2\" content=\"Dur\u00e9e de lecture estim\u00e9e\" \/>\n\t<meta name=\"twitter:data2\" content=\"4 minutes\" \/>\n<script type=\"application\/ld+json\" class=\"yoast-schema-graph\">{\"@context\":\"https:\\\/\\\/schema.org\",\"@graph\":[{\"@type\":\"Article\",\"@id\":\"https:\\\/\\\/lasentinelle.dz\\\/index.php\\\/2022\\\/06\\\/23\\\/un-redeploiement-qui-se-fait-sentir-avec-force-au-plan-diplomatique-lalgerie-retrouve-sa-place-detat-pivot\\\/#article\",\"isPartOf\":{\"@id\":\"https:\\\/\\\/lasentinelle.dz\\\/index.php\\\/2022\\\/06\\\/23\\\/un-redeploiement-qui-se-fait-sentir-avec-force-au-plan-diplomatique-lalgerie-retrouve-sa-place-detat-pivot\\\/\"},\"author\":{\"name\":\"La Sentinelle\",\"@id\":\"https:\\\/\\\/lasentinelle.dz\\\/#\\\/schema\\\/person\\\/d865044e22e70a75174ce8bcad3acfb3\"},\"headline\":\"Un red\u00e9ploiement qui se fait sentir avec force au plan diplomatique\u00a0:\u00a0\u00a0L\u2019Alg\u00e9rie retrouve sa place d\u2019Etat pivot\",\"datePublished\":\"2022-06-22T23:01:00+00:00\",\"mainEntityOfPage\":{\"@id\":\"https:\\\/\\\/lasentinelle.dz\\\/index.php\\\/2022\\\/06\\\/23\\\/un-redeploiement-qui-se-fait-sentir-avec-force-au-plan-diplomatique-lalgerie-retrouve-sa-place-detat-pivot\\\/\"},\"wordCount\":885,\"commentCount\":0,\"publisher\":{\"@id\":\"https:\\\/\\\/lasentinelle.dz\\\/#organization\"},\"image\":{\"@id\":\"https:\\\/\\\/lasentinelle.dz\\\/index.php\\\/2022\\\/06\\\/23\\\/un-redeploiement-qui-se-fait-sentir-avec-force-au-plan-diplomatique-lalgerie-retrouve-sa-place-detat-pivot\\\/#primaryimage\"},\"thumbnailUrl\":\"https:\\\/\\\/lasentinelle.dz\\\/wp-content\\\/uploads\\\/2021\\\/08\\\/lammamra.png\",\"articleSection\":[\"Actualit\u00e9\"],\"inLanguage\":\"fr-FR\",\"potentialAction\":[{\"@type\":\"CommentAction\",\"name\":\"Comment\",\"target\":[\"https:\\\/\\\/lasentinelle.dz\\\/index.php\\\/2022\\\/06\\\/23\\\/un-redeploiement-qui-se-fait-sentir-avec-force-au-plan-diplomatique-lalgerie-retrouve-sa-place-detat-pivot\\\/#respond\"]}]},{\"@type\":\"WebPage\",\"@id\":\"https:\\\/\\\/lasentinelle.dz\\\/index.php\\\/2022\\\/06\\\/23\\\/un-redeploiement-qui-se-fait-sentir-avec-force-au-plan-diplomatique-lalgerie-retrouve-sa-place-detat-pivot\\\/\",\"url\":\"https:\\\/\\\/lasentinelle.dz\\\/index.php\\\/2022\\\/06\\\/23\\\/un-redeploiement-qui-se-fait-sentir-avec-force-au-plan-diplomatique-lalgerie-retrouve-sa-place-detat-pivot\\\/\",\"name\":\"Un red\u00e9ploiement qui se fait sentir avec force au plan diplomatique\u00a0:\u00a0\u00a0L\u2019Alg\u00e9rie retrouve sa place d\u2019Etat pivot - La Sentinelle\",\"isPartOf\":{\"@id\":\"https:\\\/\\\/lasentinelle.dz\\\/#website\"},\"primaryImageOfPage\":{\"@id\":\"https:\\\/\\\/lasentinelle.dz\\\/index.php\\\/2022\\\/06\\\/23\\\/un-redeploiement-qui-se-fait-sentir-avec-force-au-plan-diplomatique-lalgerie-retrouve-sa-place-detat-pivot\\\/#primaryimage\"},\"image\":{\"@id\":\"https:\\\/\\\/lasentinelle.dz\\\/index.php\\\/2022\\\/06\\\/23\\\/un-redeploiement-qui-se-fait-sentir-avec-force-au-plan-diplomatique-lalgerie-retrouve-sa-place-detat-pivot\\\/#primaryimage\"},\"thumbnailUrl\":\"https:\\\/\\\/lasentinelle.dz\\\/wp-content\\\/uploads\\\/2021\\\/08\\\/lammamra.png\",\"datePublished\":\"2022-06-22T23:01:00+00:00\",\"breadcrumb\":{\"@id\":\"https:\\\/\\\/lasentinelle.dz\\\/index.php\\\/2022\\\/06\\\/23\\\/un-redeploiement-qui-se-fait-sentir-avec-force-au-plan-diplomatique-lalgerie-retrouve-sa-place-detat-pivot\\\/#breadcrumb\"},\"inLanguage\":\"fr-FR\",\"potentialAction\":[{\"@type\":\"ReadAction\",\"target\":[\"https:\\\/\\\/lasentinelle.dz\\\/index.php\\\/2022\\\/06\\\/23\\\/un-redeploiement-qui-se-fait-sentir-avec-force-au-plan-diplomatique-lalgerie-retrouve-sa-place-detat-pivot\\\/\"]}]},{\"@type\":\"ImageObject\",\"inLanguage\":\"fr-FR\",\"@id\":\"https:\\\/\\\/lasentinelle.dz\\\/index.php\\\/2022\\\/06\\\/23\\\/un-redeploiement-qui-se-fait-sentir-avec-force-au-plan-diplomatique-lalgerie-retrouve-sa-place-detat-pivot\\\/#primaryimage\",\"url\":\"https:\\\/\\\/lasentinelle.dz\\\/wp-content\\\/uploads\\\/2021\\\/08\\\/lammamra.png\",\"contentUrl\":\"https:\\\/\\\/lasentinelle.dz\\\/wp-content\\\/uploads\\\/2021\\\/08\\\/lammamra.png\",\"width\":1543,\"height\":900},{\"@type\":\"BreadcrumbList\",\"@id\":\"https:\\\/\\\/lasentinelle.dz\\\/index.php\\\/2022\\\/06\\\/23\\\/un-redeploiement-qui-se-fait-sentir-avec-force-au-plan-diplomatique-lalgerie-retrouve-sa-place-detat-pivot\\\/#breadcrumb\",\"itemListElement\":[{\"@type\":\"ListItem\",\"position\":1,\"name\":\"Accueil\",\"item\":\"https:\\\/\\\/lasentinelle.dz\\\/\"},{\"@type\":\"ListItem\",\"position\":2,\"name\":\"Un red\u00e9ploiement qui se fait sentir avec force au plan diplomatique\u00a0:\u00a0\u00a0L\u2019Alg\u00e9rie retrouve sa place d\u2019Etat pivot\"}]},{\"@type\":\"WebSite\",\"@id\":\"https:\\\/\\\/lasentinelle.dz\\\/#website\",\"url\":\"https:\\\/\\\/lasentinelle.dz\\\/\",\"name\":\"La Sentinelle\",\"description\":\"Quotidien national d&#039;information\",\"publisher\":{\"@id\":\"https:\\\/\\\/lasentinelle.dz\\\/#organization\"},\"potentialAction\":[{\"@type\":\"SearchAction\",\"target\":{\"@type\":\"EntryPoint\",\"urlTemplate\":\"https:\\\/\\\/lasentinelle.dz\\\/?s={search_term_string}\"},\"query-input\":{\"@type\":\"PropertyValueSpecification\",\"valueRequired\":true,\"valueName\":\"search_term_string\"}}],\"inLanguage\":\"fr-FR\"},{\"@type\":\"Organization\",\"@id\":\"https:\\\/\\\/lasentinelle.dz\\\/#organization\",\"name\":\"Quotidien La Sentinelle\",\"url\":\"https:\\\/\\\/lasentinelle.dz\\\/\",\"logo\":{\"@type\":\"ImageObject\",\"inLanguage\":\"fr-FR\",\"@id\":\"https:\\\/\\\/lasentinelle.dz\\\/#\\\/schema\\\/logo\\\/image\\\/\",\"url\":\"https:\\\/\\\/lasentinelle.dz\\\/wp-content\\\/uploads\\\/2021\\\/09\\\/logo-sentinelleSLOGAN-1.png\",\"contentUrl\":\"https:\\\/\\\/lasentinelle.dz\\\/wp-content\\\/uploads\\\/2021\\\/09\\\/logo-sentinelleSLOGAN-1.png\",\"width\":615,\"height\":142,\"caption\":\"Quotidien La Sentinelle\"},\"image\":{\"@id\":\"https:\\\/\\\/lasentinelle.dz\\\/#\\\/schema\\\/logo\\\/image\\\/\"},\"sameAs\":[\"https:\\\/\\\/www.facebook.com\\\/La-Sentinelle-104059864394773\"]},{\"@type\":\"Person\",\"@id\":\"https:\\\/\\\/lasentinelle.dz\\\/#\\\/schema\\\/person\\\/d865044e22e70a75174ce8bcad3acfb3\",\"name\":\"La Sentinelle\",\"image\":{\"@type\":\"ImageObject\",\"inLanguage\":\"fr-FR\",\"@id\":\"https:\\\/\\\/secure.gravatar.com\\\/avatar\\\/57de8e5d4b15d43fb361a71fbb36338450fe67865b528a43dd10ef7c51a20392?s=96&d=mm&r=g\",\"url\":\"https:\\\/\\\/secure.gravatar.com\\\/avatar\\\/57de8e5d4b15d43fb361a71fbb36338450fe67865b528a43dd10ef7c51a20392?s=96&d=mm&r=g\",\"contentUrl\":\"https:\\\/\\\/secure.gravatar.com\\\/avatar\\\/57de8e5d4b15d43fb361a71fbb36338450fe67865b528a43dd10ef7c51a20392?s=96&d=mm&r=g\",\"caption\":\"La Sentinelle\"},\"sameAs\":[\"http:\\\/\\\/www.lasentinelle.dz\"],\"url\":\"https:\\\/\\\/lasentinelle.dz\\\/author\\\/redaction\\\/\"}]}<\/script>\n<!-- \/ Yoast SEO plugin. -->","yoast_head_json":{"title":"Un red\u00e9ploiement qui se fait sentir avec force au plan diplomatique\u00a0:\u00a0\u00a0L\u2019Alg\u00e9rie retrouve sa place d\u2019Etat pivot - La Sentinelle","robots":{"index":"index","follow":"follow","max-snippet":"max-snippet:-1","max-image-preview":"max-image-preview:large","max-video-preview":"max-video-preview:-1"},"canonical":"https:\/\/lasentinelle.dz\/index.php\/2022\/06\/23\/un-redeploiement-qui-se-fait-sentir-avec-force-au-plan-diplomatique-lalgerie-retrouve-sa-place-detat-pivot\/","og_locale":"fr_FR","og_type":"article","og_title":"Un red\u00e9ploiement qui se fait sentir avec force au plan diplomatique\u00a0:\u00a0\u00a0L\u2019Alg\u00e9rie retrouve sa place d\u2019Etat pivot - La Sentinelle","og_description":"&nbsp;Ce pragmatisme se fait exprimer d\u2019une mani\u00e8re plus \u00e9tay\u00e9e \u00e0 travers le dernier accord relatif au projet du Gazoduc transsaharien,","og_url":"https:\/\/lasentinelle.dz\/index.php\/2022\/06\/23\/un-redeploiement-qui-se-fait-sentir-avec-force-au-plan-diplomatique-lalgerie-retrouve-sa-place-detat-pivot\/","og_site_name":"La Sentinelle","article_publisher":"https:\/\/www.facebook.com\/La-Sentinelle-104059864394773","article_published_time":"2022-06-22T23:01:00+00:00","og_image":[{"width":1543,"height":900,"url":"https:\/\/lasentinelle.dz\/wp-content\/uploads\/2021\/08\/lammamra.png","type":"image\/png"}],"author":"La Sentinelle","twitter_card":"summary_large_image","twitter_misc":{"\u00c9crit par":"La Sentinelle","Dur\u00e9e de lecture estim\u00e9e":"4 minutes"},"schema":{"@context":"https:\/\/schema.org","@graph":[{"@type":"Article","@id":"https:\/\/lasentinelle.dz\/index.php\/2022\/06\/23\/un-redeploiement-qui-se-fait-sentir-avec-force-au-plan-diplomatique-lalgerie-retrouve-sa-place-detat-pivot\/#article","isPartOf":{"@id":"https:\/\/lasentinelle.dz\/index.php\/2022\/06\/23\/un-redeploiement-qui-se-fait-sentir-avec-force-au-plan-diplomatique-lalgerie-retrouve-sa-place-detat-pivot\/"},"author":{"name":"La Sentinelle","@id":"https:\/\/lasentinelle.dz\/#\/schema\/person\/d865044e22e70a75174ce8bcad3acfb3"},"headline":"Un red\u00e9ploiement qui se fait sentir avec force au plan diplomatique\u00a0:\u00a0\u00a0L\u2019Alg\u00e9rie retrouve sa place d\u2019Etat pivot","datePublished":"2022-06-22T23:01:00+00:00","mainEntityOfPage":{"@id":"https:\/\/lasentinelle.dz\/index.php\/2022\/06\/23\/un-redeploiement-qui-se-fait-sentir-avec-force-au-plan-diplomatique-lalgerie-retrouve-sa-place-detat-pivot\/"},"wordCount":885,"commentCount":0,"publisher":{"@id":"https:\/\/lasentinelle.dz\/#organization"},"image":{"@id":"https:\/\/lasentinelle.dz\/index.php\/2022\/06\/23\/un-redeploiement-qui-se-fait-sentir-avec-force-au-plan-diplomatique-lalgerie-retrouve-sa-place-detat-pivot\/#primaryimage"},"thumbnailUrl":"https:\/\/lasentinelle.dz\/wp-content\/uploads\/2021\/08\/lammamra.png","articleSection":["Actualit\u00e9"],"inLanguage":"fr-FR","potentialAction":[{"@type":"CommentAction","name":"Comment","target":["https:\/\/lasentinelle.dz\/index.php\/2022\/06\/23\/un-redeploiement-qui-se-fait-sentir-avec-force-au-plan-diplomatique-lalgerie-retrouve-sa-place-detat-pivot\/#respond"]}]},{"@type":"WebPage","@id":"https:\/\/lasentinelle.dz\/index.php\/2022\/06\/23\/un-redeploiement-qui-se-fait-sentir-avec-force-au-plan-diplomatique-lalgerie-retrouve-sa-place-detat-pivot\/","url":"https:\/\/lasentinelle.dz\/index.php\/2022\/06\/23\/un-redeploiement-qui-se-fait-sentir-avec-force-au-plan-diplomatique-lalgerie-retrouve-sa-place-detat-pivot\/","name":"Un red\u00e9ploiement qui se fait sentir avec force au plan diplomatique\u00a0:\u00a0\u00a0L\u2019Alg\u00e9rie retrouve sa place d\u2019Etat pivot - La Sentinelle","isPartOf":{"@id":"https:\/\/lasentinelle.dz\/#website"},"primaryImageOfPage":{"@id":"https:\/\/lasentinelle.dz\/index.php\/2022\/06\/23\/un-redeploiement-qui-se-fait-sentir-avec-force-au-plan-diplomatique-lalgerie-retrouve-sa-place-detat-pivot\/#primaryimage"},"image":{"@id":"https:\/\/lasentinelle.dz\/index.php\/2022\/06\/23\/un-redeploiement-qui-se-fait-sentir-avec-force-au-plan-diplomatique-lalgerie-retrouve-sa-place-detat-pivot\/#primaryimage"},"thumbnailUrl":"https:\/\/lasentinelle.dz\/wp-content\/uploads\/2021\/08\/lammamra.png","datePublished":"2022-06-22T23:01:00+00:00","breadcrumb":{"@id":"https:\/\/lasentinelle.dz\/index.php\/2022\/06\/23\/un-redeploiement-qui-se-fait-sentir-avec-force-au-plan-diplomatique-lalgerie-retrouve-sa-place-detat-pivot\/#breadcrumb"},"inLanguage":"fr-FR","potentialAction":[{"@type":"ReadAction","target":["https:\/\/lasentinelle.dz\/index.php\/2022\/06\/23\/un-redeploiement-qui-se-fait-sentir-avec-force-au-plan-diplomatique-lalgerie-retrouve-sa-place-detat-pivot\/"]}]},{"@type":"ImageObject","inLanguage":"fr-FR","@id":"https:\/\/lasentinelle.dz\/index.php\/2022\/06\/23\/un-redeploiement-qui-se-fait-sentir-avec-force-au-plan-diplomatique-lalgerie-retrouve-sa-place-detat-pivot\/#primaryimage","url":"https:\/\/lasentinelle.dz\/wp-content\/uploads\/2021\/08\/lammamra.png","contentUrl":"https:\/\/lasentinelle.dz\/wp-content\/uploads\/2021\/08\/lammamra.png","width":1543,"height":900},{"@type":"BreadcrumbList","@id":"https:\/\/lasentinelle.dz\/index.php\/2022\/06\/23\/un-redeploiement-qui-se-fait-sentir-avec-force-au-plan-diplomatique-lalgerie-retrouve-sa-place-detat-pivot\/#breadcrumb","itemListElement":[{"@type":"ListItem","position":1,"name":"Accueil","item":"https:\/\/lasentinelle.dz\/"},{"@type":"ListItem","position":2,"name":"Un red\u00e9ploiement qui se fait sentir avec force au plan diplomatique\u00a0:\u00a0\u00a0L\u2019Alg\u00e9rie retrouve sa place d\u2019Etat pivot"}]},{"@type":"WebSite","@id":"https:\/\/lasentinelle.dz\/#website","url":"https:\/\/lasentinelle.dz\/","name":"La Sentinelle","description":"Quotidien national d&#039;information","publisher":{"@id":"https:\/\/lasentinelle.dz\/#organization"},"potentialAction":[{"@type":"SearchAction","target":{"@type":"EntryPoint","urlTemplate":"https:\/\/lasentinelle.dz\/?s={search_term_string}"},"query-input":{"@type":"PropertyValueSpecification","valueRequired":true,"valueName":"search_term_string"}}],"inLanguage":"fr-FR"},{"@type":"Organization","@id":"https:\/\/lasentinelle.dz\/#organization","name":"Quotidien La Sentinelle","url":"https:\/\/lasentinelle.dz\/","logo":{"@type":"ImageObject","inLanguage":"fr-FR","@id":"https:\/\/lasentinelle.dz\/#\/schema\/logo\/image\/","url":"https:\/\/lasentinelle.dz\/wp-content\/uploads\/2021\/09\/logo-sentinelleSLOGAN-1.png","contentUrl":"https:\/\/lasentinelle.dz\/wp-content\/uploads\/2021\/09\/logo-sentinelleSLOGAN-1.png","width":615,"height":142,"caption":"Quotidien La Sentinelle"},"image":{"@id":"https:\/\/lasentinelle.dz\/#\/schema\/logo\/image\/"},"sameAs":["https:\/\/www.facebook.com\/La-Sentinelle-104059864394773"]},{"@type":"Person","@id":"https:\/\/lasentinelle.dz\/#\/schema\/person\/d865044e22e70a75174ce8bcad3acfb3","name":"La Sentinelle","image":{"@type":"ImageObject","inLanguage":"fr-FR","@id":"https:\/\/secure.gravatar.com\/avatar\/57de8e5d4b15d43fb361a71fbb36338450fe67865b528a43dd10ef7c51a20392?s=96&d=mm&r=g","url":"https:\/\/secure.gravatar.com\/avatar\/57de8e5d4b15d43fb361a71fbb36338450fe67865b528a43dd10ef7c51a20392?s=96&d=mm&r=g","contentUrl":"https:\/\/secure.gravatar.com\/avatar\/57de8e5d4b15d43fb361a71fbb36338450fe67865b528a43dd10ef7c51a20392?s=96&d=mm&r=g","caption":"La Sentinelle"},"sameAs":["http:\/\/www.lasentinelle.dz"],"url":"https:\/\/lasentinelle.dz\/author\/redaction\/"}]}},"_links":{"self":[{"href":"https:\/\/lasentinelle.dz\/index.php\/wp-json\/wp\/v2\/posts\/23014","targetHints":{"allow":["GET"]}}],"collection":[{"href":"https:\/\/lasentinelle.dz\/index.php\/wp-json\/wp\/v2\/posts"}],"about":[{"href":"https:\/\/lasentinelle.dz\/index.php\/wp-json\/wp\/v2\/types\/post"}],"author":[{"embeddable":true,"href":"https:\/\/lasentinelle.dz\/index.php\/wp-json\/wp\/v2\/users\/3"}],"replies":[{"embeddable":true,"href":"https:\/\/lasentinelle.dz\/index.php\/wp-json\/wp\/v2\/comments?post=23014"}],"version-history":[{"count":1,"href":"https:\/\/lasentinelle.dz\/index.php\/wp-json\/wp\/v2\/posts\/23014\/revisions"}],"predecessor-version":[{"id":23029,"href":"https:\/\/lasentinelle.dz\/index.php\/wp-json\/wp\/v2\/posts\/23014\/revisions\/23029"}],"wp:featuredmedia":[{"embeddable":true,"href":"https:\/\/lasentinelle.dz\/index.php\/wp-json\/wp\/v2\/media\/3295"}],"wp:attachment":[{"href":"https:\/\/lasentinelle.dz\/index.php\/wp-json\/wp\/v2\/media?parent=23014"}],"wp:term":[{"taxonomy":"category","embeddable":true,"href":"https:\/\/lasentinelle.dz\/index.php\/wp-json\/wp\/v2\/categories?post=23014"},{"taxonomy":"post_tag","embeddable":true,"href":"https:\/\/lasentinelle.dz\/index.php\/wp-json\/wp\/v2\/tags?post=23014"}],"curies":[{"name":"wp","href":"https:\/\/api.w.org\/{rel}","templated":true}]}}