{"id":23028,"date":"2022-06-23T00:01:00","date_gmt":"2022-06-22T23:01:00","guid":{"rendered":"https:\/\/lasentinelle.dz\/?p=23028"},"modified":"2022-06-22T20:14:50","modified_gmt":"2022-06-22T19:14:50","slug":"reunion-du-gouvernement-un-conge-entrepreneuriat-pour-les-fonctionnaires","status":"publish","type":"post","link":"https:\/\/lasentinelle.dz\/index.php\/2022\/06\/23\/reunion-du-gouvernement-un-conge-entrepreneuriat-pour-les-fonctionnaires\/","title":{"rendered":"R\u00e9union du Gouvernement\u00a0: Un cong\u00e9 \u00ab\u00a0entrepreneuriat\u00a0\u00bb pour les fonctionnaires"},"content":{"rendered":"\n<p>Le Premier ministre, M. A\u00efmene Benabderrahmane, a pr\u00e9sid\u00e9 mercredi une r\u00e9union du Gouvernement consacr\u00e9e aux secteurs de la fonction publique, du travail, de l&#8217;emploi et de la s\u00e9curit\u00e9 sociale, indique un communiqu\u00e9 des services du Premier ministre, dont voici le texte int\u00e9gral:&nbsp;\u00ab\u00a0Le Premier Ministre, Monsieur A\u00efmene Benabderrahmane, a pr\u00e9sid\u00e9, ce mercredi 22 juin 2022, une r\u00e9union du Gouvernement tenue au Palais du Gouvernement.<\/p>\n\n\n\n<p>Lors de sa r\u00e9union hebdomadaire, le Gouvernement a eu \u00e0 examiner les points suivants:<\/p>\n\n\n\n<p>Dans le domaine de la fonction publique:&nbsp;Il a \u00e9t\u00e9 pr\u00e9sent\u00e9 un Avant-projet de Loi compl\u00e9tant l&rsquo;Ordonnance n 06-03 du 15\/07\/2006 portant statut g\u00e9n\u00e9ral de la fonction publique dont la teneur porte sur l&rsquo;institution au profit du fonctionnaire, d&rsquo;un droit \u00e0 un cong\u00e9 non r\u00e9mun\u00e9r\u00e9, pour cr\u00e9ation d&rsquo;entreprise.&nbsp;Il convient de pr\u00e9ciser que ce texte l\u00e9gislatif vise la cons\u00e9cration de l&rsquo;engagement n 44 de Monsieur le Pr\u00e9sident de la R\u00e9publique et vient en parall\u00e8le au projet de la Loi modifiant la Loi n 90-11 du 21\/04\/1990, relative aux relations de travail, initi\u00e9 en vue d&rsquo;accorder le droit susmentionn\u00e9 aux travailleurs.&nbsp;Aussi, la mise en cong\u00e9 pour cr\u00e9ation d&rsquo;entreprise, d&rsquo;une dur\u00e9e d&rsquo;une (01) ann\u00e9e avec possibilit\u00e9 de prorogation de six (06) mois suppl\u00e9mentaires, entraine, pour le fonctionnaire, la suspension temporaire de la relation de travail et la cessation de sa r\u00e9mun\u00e9ration ainsi que ses droits \u00e0 l&rsquo;anciennet\u00e9, \u00e0 l&rsquo;avancement d&rsquo;\u00e9chelon, \u00e0 la promotion et \u00e0 la retraite. Il est pr\u00e9serv\u00e9 toutefois, le droit \u00e0 la couverture de s\u00e9curit\u00e9 sociale, conform\u00e9ment \u00e0 la l\u00e9gislation et la r\u00e9glementation en vigueur.<\/p>\n\n\n\n<p>Enfin, la relation de travail du fonctionnaire avec son administration, prend syst\u00e9matiquement fin, \u00e0 l&rsquo;issue du cong\u00e9, lorsque celui-ci r\u00e9alise son projet de cr\u00e9ation d&rsquo;entreprise. Dans le cas contraire, il peut demander sa r\u00e9int\u00e9gration, dans un d\u00e9lai d&rsquo;un (01) mois avant l&rsquo;expiration de son cong\u00e9 pour cr\u00e9ation d&rsquo;entreprise.<\/p>\n\n\n\n<p>Dans le domaine du travail, de l&#8217;emploi et de la s\u00e9curit\u00e9 sociale:&nbsp;Le Gouvernement a examin\u00e9 un Avant-projet de Loi qui a pour objet de d\u00e9terminer les principes et r\u00e8gles inh\u00e9rents \u00e0 la libert\u00e9 syndicale et \u00e0 la protection de l&rsquo;exercice du droit syndical et vise \u00e0 adapter le contenu du dispositif actuel avec les dispositions de la Constitution.<\/p>\n\n\n\n<p>Ce texte s&rsquo;inscrit dans le cadre de la mise en \u0153uvre des instructions de Monsieur le Pr\u00e9sident de la R\u00e9publique, visant \u00e0 assurer la promotion du volet socio-professionnel des travailleurs.&nbsp;Enfin et conform\u00e9ment aux proc\u00e9dures \u00e9tablies, ce projet de texte fera l&rsquo;objet d&rsquo;un examen lors d&rsquo;un prochain Conseil des ministres\u00a0\u00bb.<\/p>\n\n\n\n<p>APS<\/p>\n","protected":false},"excerpt":{"rendered":"<p>Le Premier ministre, M. A\u00efmene Benabderrahmane, a pr\u00e9sid\u00e9 mercredi une r\u00e9union du Gouvernement consacr\u00e9e aux secteurs de la fonction publique,<\/p>\n","protected":false},"author":3,"featured_media":20677,"comment_status":"open","ping_status":"closed","sticky":false,"template":"","format":"standard","meta":{"colormag_page_container_layout":"default_layout","colormag_page_sidebar_layout":"default_layout","om_disable_all_campaigns":false,"_monsterinsights_skip_tracking":false,"_monsterinsights_sitenote_active":false,"_monsterinsights_sitenote_note":"","_monsterinsights_sitenote_category":0,"footnotes":"","_wpscppro_dont_share_socialmedia":false,"_wpscppro_custom_social_share_image":0,"_facebook_share_type":"","_twitter_share_type":"","_linkedin_share_type":"","_pinterest_share_type":"","_linkedin_share_type_page":"","_instagram_share_type":"","_medium_share_type":"","_threads_share_type":"","_google_business_share_type":"","_selected_social_profile":[],"_wpsp_enable_custom_social_template":false,"_wpsp_social_scheduling":{"enabled":false,"datetime":null,"platforms":[],"status":"template_only","dateOption":"today","timeOption":"now","customDays":"","customHours":"","customDate":"","customTime":"","schedulingType":"absolute"},"_wpsp_active_default_template":true},"categories":[27],"tags":[],"class_list":["post-23028","post","type-post","status-publish","format-standard","has-post-thumbnail","hentry","category-actualite"],"aioseo_notices":[],"yoast_head":"<!-- This site is optimized with the Yoast SEO plugin v27.5 - https:\/\/yoast.com\/product\/yoast-seo-wordpress\/ -->\n<title>R\u00e9union du Gouvernement\u00a0: Un cong\u00e9 \u00ab\u00a0entrepreneuriat\u00a0\u00bb pour les fonctionnaires - La Sentinelle<\/title>\n<meta name=\"robots\" content=\"index, follow, max-snippet:-1, max-image-preview:large, max-video-preview:-1\" \/>\n<link rel=\"canonical\" href=\"https:\/\/lasentinelle.dz\/index.php\/2022\/06\/23\/reunion-du-gouvernement-un-conge-entrepreneuriat-pour-les-fonctionnaires\/\" \/>\n<meta property=\"og:locale\" content=\"fr_FR\" \/>\n<meta property=\"og:type\" content=\"article\" \/>\n<meta property=\"og:title\" content=\"R\u00e9union du Gouvernement\u00a0: Un cong\u00e9 \u00ab\u00a0entrepreneuriat\u00a0\u00bb pour les fonctionnaires - La Sentinelle\" \/>\n<meta property=\"og:description\" content=\"Le Premier ministre, M. A\u00efmene Benabderrahmane, a pr\u00e9sid\u00e9 mercredi une r\u00e9union du Gouvernement consacr\u00e9e aux secteurs de la fonction publique,\" \/>\n<meta property=\"og:url\" content=\"https:\/\/lasentinelle.dz\/index.php\/2022\/06\/23\/reunion-du-gouvernement-un-conge-entrepreneuriat-pour-les-fonctionnaires\/\" \/>\n<meta property=\"og:site_name\" content=\"La Sentinelle\" \/>\n<meta property=\"article:publisher\" content=\"https:\/\/www.facebook.com\/La-Sentinelle-104059864394773\" \/>\n<meta property=\"article:published_time\" content=\"2022-06-22T23:01:00+00:00\" \/>\n<meta property=\"og:image\" content=\"https:\/\/lasentinelle.dz\/wp-content\/uploads\/2022\/05\/kasr-el-houkouma.png\" \/>\n\t<meta property=\"og:image:width\" content=\"1596\" \/>\n\t<meta property=\"og:image:height\" content=\"900\" \/>\n\t<meta property=\"og:image:type\" content=\"image\/png\" \/>\n<meta name=\"author\" content=\"La Sentinelle\" \/>\n<meta name=\"twitter:card\" content=\"summary_large_image\" \/>\n<meta name=\"twitter:label1\" content=\"\u00c9crit par\" \/>\n\t<meta name=\"twitter:data1\" content=\"La Sentinelle\" \/>\n\t<meta name=\"twitter:label2\" content=\"Dur\u00e9e de lecture estim\u00e9e\" \/>\n\t<meta name=\"twitter:data2\" content=\"3 minutes\" \/>\n<script type=\"application\/ld+json\" class=\"yoast-schema-graph\">{\"@context\":\"https:\\\/\\\/schema.org\",\"@graph\":[{\"@type\":\"Article\",\"@id\":\"https:\\\/\\\/lasentinelle.dz\\\/index.php\\\/2022\\\/06\\\/23\\\/reunion-du-gouvernement-un-conge-entrepreneuriat-pour-les-fonctionnaires\\\/#article\",\"isPartOf\":{\"@id\":\"https:\\\/\\\/lasentinelle.dz\\\/index.php\\\/2022\\\/06\\\/23\\\/reunion-du-gouvernement-un-conge-entrepreneuriat-pour-les-fonctionnaires\\\/\"},\"author\":{\"name\":\"La Sentinelle\",\"@id\":\"https:\\\/\\\/lasentinelle.dz\\\/#\\\/schema\\\/person\\\/d865044e22e70a75174ce8bcad3acfb3\"},\"headline\":\"R\u00e9union du Gouvernement\u00a0: Un cong\u00e9 \u00ab\u00a0entrepreneuriat\u00a0\u00bb pour les fonctionnaires\",\"datePublished\":\"2022-06-22T23:01:00+00:00\",\"mainEntityOfPage\":{\"@id\":\"https:\\\/\\\/lasentinelle.dz\\\/index.php\\\/2022\\\/06\\\/23\\\/reunion-du-gouvernement-un-conge-entrepreneuriat-pour-les-fonctionnaires\\\/\"},\"wordCount\":481,\"commentCount\":0,\"publisher\":{\"@id\":\"https:\\\/\\\/lasentinelle.dz\\\/#organization\"},\"image\":{\"@id\":\"https:\\\/\\\/lasentinelle.dz\\\/index.php\\\/2022\\\/06\\\/23\\\/reunion-du-gouvernement-un-conge-entrepreneuriat-pour-les-fonctionnaires\\\/#primaryimage\"},\"thumbnailUrl\":\"https:\\\/\\\/lasentinelle.dz\\\/wp-content\\\/uploads\\\/2022\\\/05\\\/kasr-el-houkouma.png\",\"articleSection\":[\"Actualit\u00e9\"],\"inLanguage\":\"fr-FR\",\"potentialAction\":[{\"@type\":\"CommentAction\",\"name\":\"Comment\",\"target\":[\"https:\\\/\\\/lasentinelle.dz\\\/index.php\\\/2022\\\/06\\\/23\\\/reunion-du-gouvernement-un-conge-entrepreneuriat-pour-les-fonctionnaires\\\/#respond\"]}]},{\"@type\":\"WebPage\",\"@id\":\"https:\\\/\\\/lasentinelle.dz\\\/index.php\\\/2022\\\/06\\\/23\\\/reunion-du-gouvernement-un-conge-entrepreneuriat-pour-les-fonctionnaires\\\/\",\"url\":\"https:\\\/\\\/lasentinelle.dz\\\/index.php\\\/2022\\\/06\\\/23\\\/reunion-du-gouvernement-un-conge-entrepreneuriat-pour-les-fonctionnaires\\\/\",\"name\":\"R\u00e9union du Gouvernement\u00a0: Un cong\u00e9 \u00ab\u00a0entrepreneuriat\u00a0\u00bb pour les fonctionnaires - La Sentinelle\",\"isPartOf\":{\"@id\":\"https:\\\/\\\/lasentinelle.dz\\\/#website\"},\"primaryImageOfPage\":{\"@id\":\"https:\\\/\\\/lasentinelle.dz\\\/index.php\\\/2022\\\/06\\\/23\\\/reunion-du-gouvernement-un-conge-entrepreneuriat-pour-les-fonctionnaires\\\/#primaryimage\"},\"image\":{\"@id\":\"https:\\\/\\\/lasentinelle.dz\\\/index.php\\\/2022\\\/06\\\/23\\\/reunion-du-gouvernement-un-conge-entrepreneuriat-pour-les-fonctionnaires\\\/#primaryimage\"},\"thumbnailUrl\":\"https:\\\/\\\/lasentinelle.dz\\\/wp-content\\\/uploads\\\/2022\\\/05\\\/kasr-el-houkouma.png\",\"datePublished\":\"2022-06-22T23:01:00+00:00\",\"breadcrumb\":{\"@id\":\"https:\\\/\\\/lasentinelle.dz\\\/index.php\\\/2022\\\/06\\\/23\\\/reunion-du-gouvernement-un-conge-entrepreneuriat-pour-les-fonctionnaires\\\/#breadcrumb\"},\"inLanguage\":\"fr-FR\",\"potentialAction\":[{\"@type\":\"ReadAction\",\"target\":[\"https:\\\/\\\/lasentinelle.dz\\\/index.php\\\/2022\\\/06\\\/23\\\/reunion-du-gouvernement-un-conge-entrepreneuriat-pour-les-fonctionnaires\\\/\"]}]},{\"@type\":\"ImageObject\",\"inLanguage\":\"fr-FR\",\"@id\":\"https:\\\/\\\/lasentinelle.dz\\\/index.php\\\/2022\\\/06\\\/23\\\/reunion-du-gouvernement-un-conge-entrepreneuriat-pour-les-fonctionnaires\\\/#primaryimage\",\"url\":\"https:\\\/\\\/lasentinelle.dz\\\/wp-content\\\/uploads\\\/2022\\\/05\\\/kasr-el-houkouma.png\",\"contentUrl\":\"https:\\\/\\\/lasentinelle.dz\\\/wp-content\\\/uploads\\\/2022\\\/05\\\/kasr-el-houkouma.png\",\"width\":1596,\"height\":900},{\"@type\":\"BreadcrumbList\",\"@id\":\"https:\\\/\\\/lasentinelle.dz\\\/index.php\\\/2022\\\/06\\\/23\\\/reunion-du-gouvernement-un-conge-entrepreneuriat-pour-les-fonctionnaires\\\/#breadcrumb\",\"itemListElement\":[{\"@type\":\"ListItem\",\"position\":1,\"name\":\"Accueil\",\"item\":\"https:\\\/\\\/lasentinelle.dz\\\/\"},{\"@type\":\"ListItem\",\"position\":2,\"name\":\"R\u00e9union du Gouvernement\u00a0: Un cong\u00e9 \u00ab\u00a0entrepreneuriat\u00a0\u00bb pour les fonctionnaires\"}]},{\"@type\":\"WebSite\",\"@id\":\"https:\\\/\\\/lasentinelle.dz\\\/#website\",\"url\":\"https:\\\/\\\/lasentinelle.dz\\\/\",\"name\":\"La Sentinelle\",\"description\":\"Quotidien national d&#039;information\",\"publisher\":{\"@id\":\"https:\\\/\\\/lasentinelle.dz\\\/#organization\"},\"potentialAction\":[{\"@type\":\"SearchAction\",\"target\":{\"@type\":\"EntryPoint\",\"urlTemplate\":\"https:\\\/\\\/lasentinelle.dz\\\/?s={search_term_string}\"},\"query-input\":{\"@type\":\"PropertyValueSpecification\",\"valueRequired\":true,\"valueName\":\"search_term_string\"}}],\"inLanguage\":\"fr-FR\"},{\"@type\":\"Organization\",\"@id\":\"https:\\\/\\\/lasentinelle.dz\\\/#organization\",\"name\":\"Quotidien La Sentinelle\",\"url\":\"https:\\\/\\\/lasentinelle.dz\\\/\",\"logo\":{\"@type\":\"ImageObject\",\"inLanguage\":\"fr-FR\",\"@id\":\"https:\\\/\\\/lasentinelle.dz\\\/#\\\/schema\\\/logo\\\/image\\\/\",\"url\":\"https:\\\/\\\/lasentinelle.dz\\\/wp-content\\\/uploads\\\/2021\\\/09\\\/logo-sentinelleSLOGAN-1.png\",\"contentUrl\":\"https:\\\/\\\/lasentinelle.dz\\\/wp-content\\\/uploads\\\/2021\\\/09\\\/logo-sentinelleSLOGAN-1.png\",\"width\":615,\"height\":142,\"caption\":\"Quotidien La Sentinelle\"},\"image\":{\"@id\":\"https:\\\/\\\/lasentinelle.dz\\\/#\\\/schema\\\/logo\\\/image\\\/\"},\"sameAs\":[\"https:\\\/\\\/www.facebook.com\\\/La-Sentinelle-104059864394773\"]},{\"@type\":\"Person\",\"@id\":\"https:\\\/\\\/lasentinelle.dz\\\/#\\\/schema\\\/person\\\/d865044e22e70a75174ce8bcad3acfb3\",\"name\":\"La Sentinelle\",\"image\":{\"@type\":\"ImageObject\",\"inLanguage\":\"fr-FR\",\"@id\":\"https:\\\/\\\/secure.gravatar.com\\\/avatar\\\/57de8e5d4b15d43fb361a71fbb36338450fe67865b528a43dd10ef7c51a20392?s=96&d=mm&r=g\",\"url\":\"https:\\\/\\\/secure.gravatar.com\\\/avatar\\\/57de8e5d4b15d43fb361a71fbb36338450fe67865b528a43dd10ef7c51a20392?s=96&d=mm&r=g\",\"contentUrl\":\"https:\\\/\\\/secure.gravatar.com\\\/avatar\\\/57de8e5d4b15d43fb361a71fbb36338450fe67865b528a43dd10ef7c51a20392?s=96&d=mm&r=g\",\"caption\":\"La Sentinelle\"},\"sameAs\":[\"http:\\\/\\\/www.lasentinelle.dz\"],\"url\":\"https:\\\/\\\/lasentinelle.dz\\\/author\\\/redaction\\\/\"}]}<\/script>\n<!-- \/ Yoast SEO plugin. -->","yoast_head_json":{"title":"R\u00e9union du Gouvernement\u00a0: Un cong\u00e9 \u00ab\u00a0entrepreneuriat\u00a0\u00bb pour les fonctionnaires - La Sentinelle","robots":{"index":"index","follow":"follow","max-snippet":"max-snippet:-1","max-image-preview":"max-image-preview:large","max-video-preview":"max-video-preview:-1"},"canonical":"https:\/\/lasentinelle.dz\/index.php\/2022\/06\/23\/reunion-du-gouvernement-un-conge-entrepreneuriat-pour-les-fonctionnaires\/","og_locale":"fr_FR","og_type":"article","og_title":"R\u00e9union du Gouvernement\u00a0: Un cong\u00e9 \u00ab\u00a0entrepreneuriat\u00a0\u00bb pour les fonctionnaires - La Sentinelle","og_description":"Le Premier ministre, M. A\u00efmene Benabderrahmane, a pr\u00e9sid\u00e9 mercredi une r\u00e9union du Gouvernement consacr\u00e9e aux secteurs de la fonction publique,","og_url":"https:\/\/lasentinelle.dz\/index.php\/2022\/06\/23\/reunion-du-gouvernement-un-conge-entrepreneuriat-pour-les-fonctionnaires\/","og_site_name":"La Sentinelle","article_publisher":"https:\/\/www.facebook.com\/La-Sentinelle-104059864394773","article_published_time":"2022-06-22T23:01:00+00:00","og_image":[{"width":1596,"height":900,"url":"https:\/\/lasentinelle.dz\/wp-content\/uploads\/2022\/05\/kasr-el-houkouma.png","type":"image\/png"}],"author":"La Sentinelle","twitter_card":"summary_large_image","twitter_misc":{"\u00c9crit par":"La Sentinelle","Dur\u00e9e de lecture estim\u00e9e":"3 minutes"},"schema":{"@context":"https:\/\/schema.org","@graph":[{"@type":"Article","@id":"https:\/\/lasentinelle.dz\/index.php\/2022\/06\/23\/reunion-du-gouvernement-un-conge-entrepreneuriat-pour-les-fonctionnaires\/#article","isPartOf":{"@id":"https:\/\/lasentinelle.dz\/index.php\/2022\/06\/23\/reunion-du-gouvernement-un-conge-entrepreneuriat-pour-les-fonctionnaires\/"},"author":{"name":"La Sentinelle","@id":"https:\/\/lasentinelle.dz\/#\/schema\/person\/d865044e22e70a75174ce8bcad3acfb3"},"headline":"R\u00e9union du Gouvernement\u00a0: Un cong\u00e9 \u00ab\u00a0entrepreneuriat\u00a0\u00bb pour les fonctionnaires","datePublished":"2022-06-22T23:01:00+00:00","mainEntityOfPage":{"@id":"https:\/\/lasentinelle.dz\/index.php\/2022\/06\/23\/reunion-du-gouvernement-un-conge-entrepreneuriat-pour-les-fonctionnaires\/"},"wordCount":481,"commentCount":0,"publisher":{"@id":"https:\/\/lasentinelle.dz\/#organization"},"image":{"@id":"https:\/\/lasentinelle.dz\/index.php\/2022\/06\/23\/reunion-du-gouvernement-un-conge-entrepreneuriat-pour-les-fonctionnaires\/#primaryimage"},"thumbnailUrl":"https:\/\/lasentinelle.dz\/wp-content\/uploads\/2022\/05\/kasr-el-houkouma.png","articleSection":["Actualit\u00e9"],"inLanguage":"fr-FR","potentialAction":[{"@type":"CommentAction","name":"Comment","target":["https:\/\/lasentinelle.dz\/index.php\/2022\/06\/23\/reunion-du-gouvernement-un-conge-entrepreneuriat-pour-les-fonctionnaires\/#respond"]}]},{"@type":"WebPage","@id":"https:\/\/lasentinelle.dz\/index.php\/2022\/06\/23\/reunion-du-gouvernement-un-conge-entrepreneuriat-pour-les-fonctionnaires\/","url":"https:\/\/lasentinelle.dz\/index.php\/2022\/06\/23\/reunion-du-gouvernement-un-conge-entrepreneuriat-pour-les-fonctionnaires\/","name":"R\u00e9union du Gouvernement\u00a0: Un cong\u00e9 \u00ab\u00a0entrepreneuriat\u00a0\u00bb pour les fonctionnaires - La Sentinelle","isPartOf":{"@id":"https:\/\/lasentinelle.dz\/#website"},"primaryImageOfPage":{"@id":"https:\/\/lasentinelle.dz\/index.php\/2022\/06\/23\/reunion-du-gouvernement-un-conge-entrepreneuriat-pour-les-fonctionnaires\/#primaryimage"},"image":{"@id":"https:\/\/lasentinelle.dz\/index.php\/2022\/06\/23\/reunion-du-gouvernement-un-conge-entrepreneuriat-pour-les-fonctionnaires\/#primaryimage"},"thumbnailUrl":"https:\/\/lasentinelle.dz\/wp-content\/uploads\/2022\/05\/kasr-el-houkouma.png","datePublished":"2022-06-22T23:01:00+00:00","breadcrumb":{"@id":"https:\/\/lasentinelle.dz\/index.php\/2022\/06\/23\/reunion-du-gouvernement-un-conge-entrepreneuriat-pour-les-fonctionnaires\/#breadcrumb"},"inLanguage":"fr-FR","potentialAction":[{"@type":"ReadAction","target":["https:\/\/lasentinelle.dz\/index.php\/2022\/06\/23\/reunion-du-gouvernement-un-conge-entrepreneuriat-pour-les-fonctionnaires\/"]}]},{"@type":"ImageObject","inLanguage":"fr-FR","@id":"https:\/\/lasentinelle.dz\/index.php\/2022\/06\/23\/reunion-du-gouvernement-un-conge-entrepreneuriat-pour-les-fonctionnaires\/#primaryimage","url":"https:\/\/lasentinelle.dz\/wp-content\/uploads\/2022\/05\/kasr-el-houkouma.png","contentUrl":"https:\/\/lasentinelle.dz\/wp-content\/uploads\/2022\/05\/kasr-el-houkouma.png","width":1596,"height":900},{"@type":"BreadcrumbList","@id":"https:\/\/lasentinelle.dz\/index.php\/2022\/06\/23\/reunion-du-gouvernement-un-conge-entrepreneuriat-pour-les-fonctionnaires\/#breadcrumb","itemListElement":[{"@type":"ListItem","position":1,"name":"Accueil","item":"https:\/\/lasentinelle.dz\/"},{"@type":"ListItem","position":2,"name":"R\u00e9union du Gouvernement\u00a0: Un cong\u00e9 \u00ab\u00a0entrepreneuriat\u00a0\u00bb pour les fonctionnaires"}]},{"@type":"WebSite","@id":"https:\/\/lasentinelle.dz\/#website","url":"https:\/\/lasentinelle.dz\/","name":"La Sentinelle","description":"Quotidien national d&#039;information","publisher":{"@id":"https:\/\/lasentinelle.dz\/#organization"},"potentialAction":[{"@type":"SearchAction","target":{"@type":"EntryPoint","urlTemplate":"https:\/\/lasentinelle.dz\/?s={search_term_string}"},"query-input":{"@type":"PropertyValueSpecification","valueRequired":true,"valueName":"search_term_string"}}],"inLanguage":"fr-FR"},{"@type":"Organization","@id":"https:\/\/lasentinelle.dz\/#organization","name":"Quotidien La Sentinelle","url":"https:\/\/lasentinelle.dz\/","logo":{"@type":"ImageObject","inLanguage":"fr-FR","@id":"https:\/\/lasentinelle.dz\/#\/schema\/logo\/image\/","url":"https:\/\/lasentinelle.dz\/wp-content\/uploads\/2021\/09\/logo-sentinelleSLOGAN-1.png","contentUrl":"https:\/\/lasentinelle.dz\/wp-content\/uploads\/2021\/09\/logo-sentinelleSLOGAN-1.png","width":615,"height":142,"caption":"Quotidien La Sentinelle"},"image":{"@id":"https:\/\/lasentinelle.dz\/#\/schema\/logo\/image\/"},"sameAs":["https:\/\/www.facebook.com\/La-Sentinelle-104059864394773"]},{"@type":"Person","@id":"https:\/\/lasentinelle.dz\/#\/schema\/person\/d865044e22e70a75174ce8bcad3acfb3","name":"La Sentinelle","image":{"@type":"ImageObject","inLanguage":"fr-FR","@id":"https:\/\/secure.gravatar.com\/avatar\/57de8e5d4b15d43fb361a71fbb36338450fe67865b528a43dd10ef7c51a20392?s=96&d=mm&r=g","url":"https:\/\/secure.gravatar.com\/avatar\/57de8e5d4b15d43fb361a71fbb36338450fe67865b528a43dd10ef7c51a20392?s=96&d=mm&r=g","contentUrl":"https:\/\/secure.gravatar.com\/avatar\/57de8e5d4b15d43fb361a71fbb36338450fe67865b528a43dd10ef7c51a20392?s=96&d=mm&r=g","caption":"La Sentinelle"},"sameAs":["http:\/\/www.lasentinelle.dz"],"url":"https:\/\/lasentinelle.dz\/author\/redaction\/"}]}},"_links":{"self":[{"href":"https:\/\/lasentinelle.dz\/index.php\/wp-json\/wp\/v2\/posts\/23028","targetHints":{"allow":["GET"]}}],"collection":[{"href":"https:\/\/lasentinelle.dz\/index.php\/wp-json\/wp\/v2\/posts"}],"about":[{"href":"https:\/\/lasentinelle.dz\/index.php\/wp-json\/wp\/v2\/types\/post"}],"author":[{"embeddable":true,"href":"https:\/\/lasentinelle.dz\/index.php\/wp-json\/wp\/v2\/users\/3"}],"replies":[{"embeddable":true,"href":"https:\/\/lasentinelle.dz\/index.php\/wp-json\/wp\/v2\/comments?post=23028"}],"version-history":[{"count":1,"href":"https:\/\/lasentinelle.dz\/index.php\/wp-json\/wp\/v2\/posts\/23028\/revisions"}],"predecessor-version":[{"id":23036,"href":"https:\/\/lasentinelle.dz\/index.php\/wp-json\/wp\/v2\/posts\/23028\/revisions\/23036"}],"wp:featuredmedia":[{"embeddable":true,"href":"https:\/\/lasentinelle.dz\/index.php\/wp-json\/wp\/v2\/media\/20677"}],"wp:attachment":[{"href":"https:\/\/lasentinelle.dz\/index.php\/wp-json\/wp\/v2\/media?parent=23028"}],"wp:term":[{"taxonomy":"category","embeddable":true,"href":"https:\/\/lasentinelle.dz\/index.php\/wp-json\/wp\/v2\/categories?post=23028"},{"taxonomy":"post_tag","embeddable":true,"href":"https:\/\/lasentinelle.dz\/index.php\/wp-json\/wp\/v2\/tags?post=23028"}],"curies":[{"name":"wp","href":"https:\/\/api.w.org\/{rel}","templated":true}]}}