{"id":23031,"date":"2022-06-23T00:05:00","date_gmt":"2022-06-22T23:05:00","guid":{"rendered":"https:\/\/lasentinelle.dz\/?p=23031"},"modified":"2022-06-22T20:15:15","modified_gmt":"2022-06-22T19:15:15","slug":"organisation-des-filieres-industrielles-des-comites-de-pilotage-mis-en-place","status":"publish","type":"post","link":"https:\/\/lasentinelle.dz\/index.php\/2022\/06\/23\/organisation-des-filieres-industrielles-des-comites-de-pilotage-mis-en-place\/","title":{"rendered":"Organisation des fili\u00e8res industrielles\u00a0:\u00a0Des comit\u00e9s de pilotage mis en place"},"content":{"rendered":"\n<p>\u00abLe minist\u00e8re de l\u2019Industrie mettra, d\u00e8s aujourd\u2019hui, en place des comit\u00e9s de pilotage strat\u00e9gique des fili\u00e8res industrielles, et ce lors d\u2019une conf\u00e9rence nationale ax\u00e9e sur la cr\u00e9ation d&rsquo;un syst\u00e8me de gouvernance et de dialogue entre les pouvoirs publics et les op\u00e9rateurs \u00e9conomiques\u00bb, indique&nbsp;un&nbsp;communiqu\u00e9 du&nbsp;d\u00e9partement d\u2019Ahmed Zeghdar.Le m\u00eame document souligne que \u00abcette rencontre sera organis\u00e9e aujourd\u2019hui par le&nbsp;&nbsp;minist\u00e8re de l&rsquo;Industrie, et vise l\u2019organisation p\u00e9renne&nbsp;de ces fili\u00e8res\u00bb.&nbsp;&nbsp;Le minist\u00e8re de l\u2019Industrie met&nbsp;ainsi&nbsp;en place une m\u00e9thodologie op\u00e9rationnelle \u00e0 travers les comit\u00e9s de pilotage strat\u00e9gique des fili\u00e8res industrielles. \u00abDes acteurs des secteurs de l&rsquo;industrie et de la recherche ainsi que des organisations et des organismes publics et priv\u00e9s prendront part \u00e0 cette conf\u00e9rence nationale\u00bb, ajoute-t-on de m\u00eame source, expliquant que \u00abdans une premi\u00e8re \u00e9tape, il sera proc\u00e9d\u00e9 \u00e0 la formation de 04 comit\u00e9s sectoriels relatifs aux industries agro-alimentaires \u00bb. Il s\u2019agit, selon la m\u00eame source, \u00abde la fili\u00e8re de la m\u00e9canique, l&rsquo;\u00e9lectricit\u00e9,&nbsp;&nbsp;l&rsquo;\u00e9lectronique et les industries des textiles et des cuirs\u00bb. Dans le cadre de la cr\u00e9ation de ces comit\u00e9s, le minist\u00e8re adoptera \u00abune m\u00e9thode participative, celle ci est bas\u00e9e sur la concertation et le dialogue pour concr\u00e9tiser des objectifs mesurables et r\u00e9alisables et formuler une vision globale pour le d\u00e9veloppement de chaque fili\u00e8re, tout en assurant la coordination entre tous les acteurs\u00bb, ajoute le communiqu\u00e9, soulignant que \u00abla mise en place de ces comit\u00e9s vise \u00e0 cr\u00e9er un espace de concertation et de dialogue public-priv\u00e9 entre les acteurs \u00e9conomiques et les institutions de l&rsquo;Etat pour d\u00e9velopper ces fili\u00e8res et lever les obstacles qui les entravent\u00bb. Ces quatre fili\u00e8res ont, selon la m\u00eame source, \u00e9t\u00e9 choisies compte tenu de \u00ableur importance et leur poids dans l&rsquo;industrie nationale. \u00abCela permettra l\u2019augmentation du produit int\u00e9rieur brut industriel, n\u00e9cessaire pour la transformation de la structure de l&rsquo;\u00e9conomie nationale\u00bb, a-t-on mis en avant.<\/p>\n\n\n\n<p><strong>Salim Abdenour<\/strong><\/p>\n","protected":false},"excerpt":{"rendered":"<p>\u00abLe minist\u00e8re de l\u2019Industrie mettra, d\u00e8s aujourd\u2019hui, en place des comit\u00e9s de pilotage strat\u00e9gique des fili\u00e8res industrielles, et ce lors<\/p>\n","protected":false},"author":3,"featured_media":23035,"comment_status":"open","ping_status":"closed","sticky":false,"template":"","format":"standard","meta":{"colormag_page_container_layout":"default_layout","colormag_page_sidebar_layout":"default_layout","om_disable_all_campaigns":false,"_monsterinsights_skip_tracking":false,"_monsterinsights_sitenote_active":false,"_monsterinsights_sitenote_note":"","_monsterinsights_sitenote_category":0,"footnotes":"","_wpscppro_dont_share_socialmedia":false,"_wpscppro_custom_social_share_image":0,"_facebook_share_type":"","_twitter_share_type":"","_linkedin_share_type":"","_pinterest_share_type":"","_linkedin_share_type_page":"","_instagram_share_type":"","_medium_share_type":"","_threads_share_type":"","_google_business_share_type":"","_selected_social_profile":[],"_wpsp_enable_custom_social_template":false,"_wpsp_social_scheduling":{"enabled":false,"datetime":null,"platforms":[],"status":"template_only","dateOption":"today","timeOption":"now","customDays":"","customHours":"","customDate":"","customTime":"","schedulingType":"absolute"},"_wpsp_active_default_template":true},"categories":[52,27],"tags":[],"class_list":["post-23031","post","type-post","status-publish","format-standard","has-post-thumbnail","hentry","category-a-la-une","category-actualite"],"aioseo_notices":[],"yoast_head":"<!-- This site is optimized with the Yoast SEO plugin v27.5 - https:\/\/yoast.com\/product\/yoast-seo-wordpress\/ -->\n<title>Organisation des fili\u00e8res industrielles\u00a0:\u00a0Des comit\u00e9s de pilotage mis en place - La Sentinelle<\/title>\n<meta name=\"robots\" content=\"index, follow, max-snippet:-1, max-image-preview:large, max-video-preview:-1\" \/>\n<link rel=\"canonical\" href=\"https:\/\/lasentinelle.dz\/index.php\/2022\/06\/23\/organisation-des-filieres-industrielles-des-comites-de-pilotage-mis-en-place\/\" \/>\n<meta property=\"og:locale\" content=\"fr_FR\" \/>\n<meta property=\"og:type\" content=\"article\" \/>\n<meta property=\"og:title\" content=\"Organisation des fili\u00e8res industrielles\u00a0:\u00a0Des comit\u00e9s de pilotage mis en place - La Sentinelle\" \/>\n<meta property=\"og:description\" content=\"\u00abLe minist\u00e8re de l\u2019Industrie mettra, d\u00e8s aujourd\u2019hui, en place des comit\u00e9s de pilotage strat\u00e9gique des fili\u00e8res industrielles, et ce lors\" \/>\n<meta property=\"og:url\" content=\"https:\/\/lasentinelle.dz\/index.php\/2022\/06\/23\/organisation-des-filieres-industrielles-des-comites-de-pilotage-mis-en-place\/\" \/>\n<meta property=\"og:site_name\" content=\"La Sentinelle\" \/>\n<meta property=\"article:publisher\" content=\"https:\/\/www.facebook.com\/La-Sentinelle-104059864394773\" \/>\n<meta property=\"article:published_time\" content=\"2022-06-22T23:05:00+00:00\" \/>\n<meta property=\"og:image\" content=\"https:\/\/lasentinelle.dz\/wp-content\/uploads\/2022\/06\/industrie.png\" \/>\n\t<meta property=\"og:image:width\" content=\"1199\" \/>\n\t<meta property=\"og:image:height\" content=\"900\" \/>\n\t<meta property=\"og:image:type\" content=\"image\/png\" \/>\n<meta name=\"author\" content=\"La Sentinelle\" \/>\n<meta name=\"twitter:card\" content=\"summary_large_image\" \/>\n<meta name=\"twitter:label1\" content=\"\u00c9crit par\" \/>\n\t<meta name=\"twitter:data1\" content=\"La Sentinelle\" \/>\n\t<meta name=\"twitter:label2\" content=\"Dur\u00e9e de lecture estim\u00e9e\" \/>\n\t<meta name=\"twitter:data2\" content=\"2 minutes\" \/>\n<script type=\"application\/ld+json\" class=\"yoast-schema-graph\">{\"@context\":\"https:\\\/\\\/schema.org\",\"@graph\":[{\"@type\":\"Article\",\"@id\":\"https:\\\/\\\/lasentinelle.dz\\\/index.php\\\/2022\\\/06\\\/23\\\/organisation-des-filieres-industrielles-des-comites-de-pilotage-mis-en-place\\\/#article\",\"isPartOf\":{\"@id\":\"https:\\\/\\\/lasentinelle.dz\\\/index.php\\\/2022\\\/06\\\/23\\\/organisation-des-filieres-industrielles-des-comites-de-pilotage-mis-en-place\\\/\"},\"author\":{\"name\":\"La Sentinelle\",\"@id\":\"https:\\\/\\\/lasentinelle.dz\\\/#\\\/schema\\\/person\\\/d865044e22e70a75174ce8bcad3acfb3\"},\"headline\":\"Organisation des fili\u00e8res industrielles\u00a0:\u00a0Des comit\u00e9s de pilotage mis en place\",\"datePublished\":\"2022-06-22T23:05:00+00:00\",\"mainEntityOfPage\":{\"@id\":\"https:\\\/\\\/lasentinelle.dz\\\/index.php\\\/2022\\\/06\\\/23\\\/organisation-des-filieres-industrielles-des-comites-de-pilotage-mis-en-place\\\/\"},\"wordCount\":389,\"commentCount\":0,\"publisher\":{\"@id\":\"https:\\\/\\\/lasentinelle.dz\\\/#organization\"},\"image\":{\"@id\":\"https:\\\/\\\/lasentinelle.dz\\\/index.php\\\/2022\\\/06\\\/23\\\/organisation-des-filieres-industrielles-des-comites-de-pilotage-mis-en-place\\\/#primaryimage\"},\"thumbnailUrl\":\"https:\\\/\\\/lasentinelle.dz\\\/wp-content\\\/uploads\\\/2022\\\/06\\\/industrie.png\",\"articleSection\":[\"\u00c0 la Une\",\"Actualit\u00e9\"],\"inLanguage\":\"fr-FR\",\"potentialAction\":[{\"@type\":\"CommentAction\",\"name\":\"Comment\",\"target\":[\"https:\\\/\\\/lasentinelle.dz\\\/index.php\\\/2022\\\/06\\\/23\\\/organisation-des-filieres-industrielles-des-comites-de-pilotage-mis-en-place\\\/#respond\"]}]},{\"@type\":\"WebPage\",\"@id\":\"https:\\\/\\\/lasentinelle.dz\\\/index.php\\\/2022\\\/06\\\/23\\\/organisation-des-filieres-industrielles-des-comites-de-pilotage-mis-en-place\\\/\",\"url\":\"https:\\\/\\\/lasentinelle.dz\\\/index.php\\\/2022\\\/06\\\/23\\\/organisation-des-filieres-industrielles-des-comites-de-pilotage-mis-en-place\\\/\",\"name\":\"Organisation des fili\u00e8res industrielles\u00a0:\u00a0Des comit\u00e9s de pilotage mis en place - La Sentinelle\",\"isPartOf\":{\"@id\":\"https:\\\/\\\/lasentinelle.dz\\\/#website\"},\"primaryImageOfPage\":{\"@id\":\"https:\\\/\\\/lasentinelle.dz\\\/index.php\\\/2022\\\/06\\\/23\\\/organisation-des-filieres-industrielles-des-comites-de-pilotage-mis-en-place\\\/#primaryimage\"},\"image\":{\"@id\":\"https:\\\/\\\/lasentinelle.dz\\\/index.php\\\/2022\\\/06\\\/23\\\/organisation-des-filieres-industrielles-des-comites-de-pilotage-mis-en-place\\\/#primaryimage\"},\"thumbnailUrl\":\"https:\\\/\\\/lasentinelle.dz\\\/wp-content\\\/uploads\\\/2022\\\/06\\\/industrie.png\",\"datePublished\":\"2022-06-22T23:05:00+00:00\",\"breadcrumb\":{\"@id\":\"https:\\\/\\\/lasentinelle.dz\\\/index.php\\\/2022\\\/06\\\/23\\\/organisation-des-filieres-industrielles-des-comites-de-pilotage-mis-en-place\\\/#breadcrumb\"},\"inLanguage\":\"fr-FR\",\"potentialAction\":[{\"@type\":\"ReadAction\",\"target\":[\"https:\\\/\\\/lasentinelle.dz\\\/index.php\\\/2022\\\/06\\\/23\\\/organisation-des-filieres-industrielles-des-comites-de-pilotage-mis-en-place\\\/\"]}]},{\"@type\":\"ImageObject\",\"inLanguage\":\"fr-FR\",\"@id\":\"https:\\\/\\\/lasentinelle.dz\\\/index.php\\\/2022\\\/06\\\/23\\\/organisation-des-filieres-industrielles-des-comites-de-pilotage-mis-en-place\\\/#primaryimage\",\"url\":\"https:\\\/\\\/lasentinelle.dz\\\/wp-content\\\/uploads\\\/2022\\\/06\\\/industrie.png\",\"contentUrl\":\"https:\\\/\\\/lasentinelle.dz\\\/wp-content\\\/uploads\\\/2022\\\/06\\\/industrie.png\",\"width\":1199,\"height\":900},{\"@type\":\"BreadcrumbList\",\"@id\":\"https:\\\/\\\/lasentinelle.dz\\\/index.php\\\/2022\\\/06\\\/23\\\/organisation-des-filieres-industrielles-des-comites-de-pilotage-mis-en-place\\\/#breadcrumb\",\"itemListElement\":[{\"@type\":\"ListItem\",\"position\":1,\"name\":\"Accueil\",\"item\":\"https:\\\/\\\/lasentinelle.dz\\\/\"},{\"@type\":\"ListItem\",\"position\":2,\"name\":\"Organisation des fili\u00e8res industrielles\u00a0:\u00a0Des comit\u00e9s de pilotage mis en place\"}]},{\"@type\":\"WebSite\",\"@id\":\"https:\\\/\\\/lasentinelle.dz\\\/#website\",\"url\":\"https:\\\/\\\/lasentinelle.dz\\\/\",\"name\":\"La Sentinelle\",\"description\":\"Quotidien national d&#039;information\",\"publisher\":{\"@id\":\"https:\\\/\\\/lasentinelle.dz\\\/#organization\"},\"potentialAction\":[{\"@type\":\"SearchAction\",\"target\":{\"@type\":\"EntryPoint\",\"urlTemplate\":\"https:\\\/\\\/lasentinelle.dz\\\/?s={search_term_string}\"},\"query-input\":{\"@type\":\"PropertyValueSpecification\",\"valueRequired\":true,\"valueName\":\"search_term_string\"}}],\"inLanguage\":\"fr-FR\"},{\"@type\":\"Organization\",\"@id\":\"https:\\\/\\\/lasentinelle.dz\\\/#organization\",\"name\":\"Quotidien La Sentinelle\",\"url\":\"https:\\\/\\\/lasentinelle.dz\\\/\",\"logo\":{\"@type\":\"ImageObject\",\"inLanguage\":\"fr-FR\",\"@id\":\"https:\\\/\\\/lasentinelle.dz\\\/#\\\/schema\\\/logo\\\/image\\\/\",\"url\":\"https:\\\/\\\/lasentinelle.dz\\\/wp-content\\\/uploads\\\/2021\\\/09\\\/logo-sentinelleSLOGAN-1.png\",\"contentUrl\":\"https:\\\/\\\/lasentinelle.dz\\\/wp-content\\\/uploads\\\/2021\\\/09\\\/logo-sentinelleSLOGAN-1.png\",\"width\":615,\"height\":142,\"caption\":\"Quotidien La Sentinelle\"},\"image\":{\"@id\":\"https:\\\/\\\/lasentinelle.dz\\\/#\\\/schema\\\/logo\\\/image\\\/\"},\"sameAs\":[\"https:\\\/\\\/www.facebook.com\\\/La-Sentinelle-104059864394773\"]},{\"@type\":\"Person\",\"@id\":\"https:\\\/\\\/lasentinelle.dz\\\/#\\\/schema\\\/person\\\/d865044e22e70a75174ce8bcad3acfb3\",\"name\":\"La Sentinelle\",\"image\":{\"@type\":\"ImageObject\",\"inLanguage\":\"fr-FR\",\"@id\":\"https:\\\/\\\/secure.gravatar.com\\\/avatar\\\/57de8e5d4b15d43fb361a71fbb36338450fe67865b528a43dd10ef7c51a20392?s=96&d=mm&r=g\",\"url\":\"https:\\\/\\\/secure.gravatar.com\\\/avatar\\\/57de8e5d4b15d43fb361a71fbb36338450fe67865b528a43dd10ef7c51a20392?s=96&d=mm&r=g\",\"contentUrl\":\"https:\\\/\\\/secure.gravatar.com\\\/avatar\\\/57de8e5d4b15d43fb361a71fbb36338450fe67865b528a43dd10ef7c51a20392?s=96&d=mm&r=g\",\"caption\":\"La Sentinelle\"},\"sameAs\":[\"http:\\\/\\\/www.lasentinelle.dz\"],\"url\":\"https:\\\/\\\/lasentinelle.dz\\\/author\\\/redaction\\\/\"}]}<\/script>\n<!-- \/ Yoast SEO plugin. -->","yoast_head_json":{"title":"Organisation des fili\u00e8res industrielles\u00a0:\u00a0Des comit\u00e9s de pilotage mis en place - La Sentinelle","robots":{"index":"index","follow":"follow","max-snippet":"max-snippet:-1","max-image-preview":"max-image-preview:large","max-video-preview":"max-video-preview:-1"},"canonical":"https:\/\/lasentinelle.dz\/index.php\/2022\/06\/23\/organisation-des-filieres-industrielles-des-comites-de-pilotage-mis-en-place\/","og_locale":"fr_FR","og_type":"article","og_title":"Organisation des fili\u00e8res industrielles\u00a0:\u00a0Des comit\u00e9s de pilotage mis en place - La Sentinelle","og_description":"\u00abLe minist\u00e8re de l\u2019Industrie mettra, d\u00e8s aujourd\u2019hui, en place des comit\u00e9s de pilotage strat\u00e9gique des fili\u00e8res industrielles, et ce lors","og_url":"https:\/\/lasentinelle.dz\/index.php\/2022\/06\/23\/organisation-des-filieres-industrielles-des-comites-de-pilotage-mis-en-place\/","og_site_name":"La Sentinelle","article_publisher":"https:\/\/www.facebook.com\/La-Sentinelle-104059864394773","article_published_time":"2022-06-22T23:05:00+00:00","og_image":[{"width":1199,"height":900,"url":"https:\/\/lasentinelle.dz\/wp-content\/uploads\/2022\/06\/industrie.png","type":"image\/png"}],"author":"La Sentinelle","twitter_card":"summary_large_image","twitter_misc":{"\u00c9crit par":"La Sentinelle","Dur\u00e9e de lecture estim\u00e9e":"2 minutes"},"schema":{"@context":"https:\/\/schema.org","@graph":[{"@type":"Article","@id":"https:\/\/lasentinelle.dz\/index.php\/2022\/06\/23\/organisation-des-filieres-industrielles-des-comites-de-pilotage-mis-en-place\/#article","isPartOf":{"@id":"https:\/\/lasentinelle.dz\/index.php\/2022\/06\/23\/organisation-des-filieres-industrielles-des-comites-de-pilotage-mis-en-place\/"},"author":{"name":"La Sentinelle","@id":"https:\/\/lasentinelle.dz\/#\/schema\/person\/d865044e22e70a75174ce8bcad3acfb3"},"headline":"Organisation des fili\u00e8res industrielles\u00a0:\u00a0Des comit\u00e9s de pilotage mis en place","datePublished":"2022-06-22T23:05:00+00:00","mainEntityOfPage":{"@id":"https:\/\/lasentinelle.dz\/index.php\/2022\/06\/23\/organisation-des-filieres-industrielles-des-comites-de-pilotage-mis-en-place\/"},"wordCount":389,"commentCount":0,"publisher":{"@id":"https:\/\/lasentinelle.dz\/#organization"},"image":{"@id":"https:\/\/lasentinelle.dz\/index.php\/2022\/06\/23\/organisation-des-filieres-industrielles-des-comites-de-pilotage-mis-en-place\/#primaryimage"},"thumbnailUrl":"https:\/\/lasentinelle.dz\/wp-content\/uploads\/2022\/06\/industrie.png","articleSection":["\u00c0 la Une","Actualit\u00e9"],"inLanguage":"fr-FR","potentialAction":[{"@type":"CommentAction","name":"Comment","target":["https:\/\/lasentinelle.dz\/index.php\/2022\/06\/23\/organisation-des-filieres-industrielles-des-comites-de-pilotage-mis-en-place\/#respond"]}]},{"@type":"WebPage","@id":"https:\/\/lasentinelle.dz\/index.php\/2022\/06\/23\/organisation-des-filieres-industrielles-des-comites-de-pilotage-mis-en-place\/","url":"https:\/\/lasentinelle.dz\/index.php\/2022\/06\/23\/organisation-des-filieres-industrielles-des-comites-de-pilotage-mis-en-place\/","name":"Organisation des fili\u00e8res industrielles\u00a0:\u00a0Des comit\u00e9s de pilotage mis en place - La Sentinelle","isPartOf":{"@id":"https:\/\/lasentinelle.dz\/#website"},"primaryImageOfPage":{"@id":"https:\/\/lasentinelle.dz\/index.php\/2022\/06\/23\/organisation-des-filieres-industrielles-des-comites-de-pilotage-mis-en-place\/#primaryimage"},"image":{"@id":"https:\/\/lasentinelle.dz\/index.php\/2022\/06\/23\/organisation-des-filieres-industrielles-des-comites-de-pilotage-mis-en-place\/#primaryimage"},"thumbnailUrl":"https:\/\/lasentinelle.dz\/wp-content\/uploads\/2022\/06\/industrie.png","datePublished":"2022-06-22T23:05:00+00:00","breadcrumb":{"@id":"https:\/\/lasentinelle.dz\/index.php\/2022\/06\/23\/organisation-des-filieres-industrielles-des-comites-de-pilotage-mis-en-place\/#breadcrumb"},"inLanguage":"fr-FR","potentialAction":[{"@type":"ReadAction","target":["https:\/\/lasentinelle.dz\/index.php\/2022\/06\/23\/organisation-des-filieres-industrielles-des-comites-de-pilotage-mis-en-place\/"]}]},{"@type":"ImageObject","inLanguage":"fr-FR","@id":"https:\/\/lasentinelle.dz\/index.php\/2022\/06\/23\/organisation-des-filieres-industrielles-des-comites-de-pilotage-mis-en-place\/#primaryimage","url":"https:\/\/lasentinelle.dz\/wp-content\/uploads\/2022\/06\/industrie.png","contentUrl":"https:\/\/lasentinelle.dz\/wp-content\/uploads\/2022\/06\/industrie.png","width":1199,"height":900},{"@type":"BreadcrumbList","@id":"https:\/\/lasentinelle.dz\/index.php\/2022\/06\/23\/organisation-des-filieres-industrielles-des-comites-de-pilotage-mis-en-place\/#breadcrumb","itemListElement":[{"@type":"ListItem","position":1,"name":"Accueil","item":"https:\/\/lasentinelle.dz\/"},{"@type":"ListItem","position":2,"name":"Organisation des fili\u00e8res industrielles\u00a0:\u00a0Des comit\u00e9s de pilotage mis en place"}]},{"@type":"WebSite","@id":"https:\/\/lasentinelle.dz\/#website","url":"https:\/\/lasentinelle.dz\/","name":"La Sentinelle","description":"Quotidien national d&#039;information","publisher":{"@id":"https:\/\/lasentinelle.dz\/#organization"},"potentialAction":[{"@type":"SearchAction","target":{"@type":"EntryPoint","urlTemplate":"https:\/\/lasentinelle.dz\/?s={search_term_string}"},"query-input":{"@type":"PropertyValueSpecification","valueRequired":true,"valueName":"search_term_string"}}],"inLanguage":"fr-FR"},{"@type":"Organization","@id":"https:\/\/lasentinelle.dz\/#organization","name":"Quotidien La Sentinelle","url":"https:\/\/lasentinelle.dz\/","logo":{"@type":"ImageObject","inLanguage":"fr-FR","@id":"https:\/\/lasentinelle.dz\/#\/schema\/logo\/image\/","url":"https:\/\/lasentinelle.dz\/wp-content\/uploads\/2021\/09\/logo-sentinelleSLOGAN-1.png","contentUrl":"https:\/\/lasentinelle.dz\/wp-content\/uploads\/2021\/09\/logo-sentinelleSLOGAN-1.png","width":615,"height":142,"caption":"Quotidien La Sentinelle"},"image":{"@id":"https:\/\/lasentinelle.dz\/#\/schema\/logo\/image\/"},"sameAs":["https:\/\/www.facebook.com\/La-Sentinelle-104059864394773"]},{"@type":"Person","@id":"https:\/\/lasentinelle.dz\/#\/schema\/person\/d865044e22e70a75174ce8bcad3acfb3","name":"La Sentinelle","image":{"@type":"ImageObject","inLanguage":"fr-FR","@id":"https:\/\/secure.gravatar.com\/avatar\/57de8e5d4b15d43fb361a71fbb36338450fe67865b528a43dd10ef7c51a20392?s=96&d=mm&r=g","url":"https:\/\/secure.gravatar.com\/avatar\/57de8e5d4b15d43fb361a71fbb36338450fe67865b528a43dd10ef7c51a20392?s=96&d=mm&r=g","contentUrl":"https:\/\/secure.gravatar.com\/avatar\/57de8e5d4b15d43fb361a71fbb36338450fe67865b528a43dd10ef7c51a20392?s=96&d=mm&r=g","caption":"La Sentinelle"},"sameAs":["http:\/\/www.lasentinelle.dz"],"url":"https:\/\/lasentinelle.dz\/author\/redaction\/"}]}},"_links":{"self":[{"href":"https:\/\/lasentinelle.dz\/index.php\/wp-json\/wp\/v2\/posts\/23031","targetHints":{"allow":["GET"]}}],"collection":[{"href":"https:\/\/lasentinelle.dz\/index.php\/wp-json\/wp\/v2\/posts"}],"about":[{"href":"https:\/\/lasentinelle.dz\/index.php\/wp-json\/wp\/v2\/types\/post"}],"author":[{"embeddable":true,"href":"https:\/\/lasentinelle.dz\/index.php\/wp-json\/wp\/v2\/users\/3"}],"replies":[{"embeddable":true,"href":"https:\/\/lasentinelle.dz\/index.php\/wp-json\/wp\/v2\/comments?post=23031"}],"version-history":[{"count":1,"href":"https:\/\/lasentinelle.dz\/index.php\/wp-json\/wp\/v2\/posts\/23031\/revisions"}],"predecessor-version":[{"id":23038,"href":"https:\/\/lasentinelle.dz\/index.php\/wp-json\/wp\/v2\/posts\/23031\/revisions\/23038"}],"wp:featuredmedia":[{"embeddable":true,"href":"https:\/\/lasentinelle.dz\/index.php\/wp-json\/wp\/v2\/media\/23035"}],"wp:attachment":[{"href":"https:\/\/lasentinelle.dz\/index.php\/wp-json\/wp\/v2\/media?parent=23031"}],"wp:term":[{"taxonomy":"category","embeddable":true,"href":"https:\/\/lasentinelle.dz\/index.php\/wp-json\/wp\/v2\/categories?post=23031"},{"taxonomy":"post_tag","embeddable":true,"href":"https:\/\/lasentinelle.dz\/index.php\/wp-json\/wp\/v2\/tags?post=23031"}],"curies":[{"name":"wp","href":"https:\/\/api.w.org\/{rel}","templated":true}]}}