{"id":23055,"date":"2022-06-26T00:01:00","date_gmt":"2022-06-25T23:01:00","guid":{"rendered":"https:\/\/lasentinelle.dz\/?p=23055"},"modified":"2022-06-25T16:59:20","modified_gmt":"2022-06-25T15:59:20","slug":"nucleaire-liran-et-lue-conviennent-dune-reprise-prochaine-des-discussions","status":"publish","type":"post","link":"https:\/\/lasentinelle.dz\/index.php\/2022\/06\/26\/nucleaire-liran-et-lue-conviennent-dune-reprise-prochaine-des-discussions\/","title":{"rendered":"Nucl\u00e9aire\u00a0:\u00a0L&rsquo;Iran et l&rsquo;UE conviennent d&rsquo;une reprise prochaine des discussions\u00a0"},"content":{"rendered":"\n<p>L&rsquo;Union europ\u00e9enne et l&rsquo;Iran ont annonc\u00e9&nbsp;hier&nbsp;une reprise \u00ab\u00a0dans les prochains jours\u00a0\u00bb des pourparlers sur le dossier nucl\u00e9aire suspendus depuis plus de trois mois, \u00e0 l&rsquo;occasion d&rsquo;une visite surprise \u00e0 T\u00e9h\u00e9ran du dirigeant europ\u00e9en Josep Borrell.<\/p>\n\n\n\n<p>Le&nbsp;chef de la diplomatie de l&rsquo;Union europ\u00e9enne (UE), et le ministre des Affaires \u00e9trang\u00e8res iranien Hossein Amir-Abdollahian ont fait ces annonces lors d&rsquo;une conf\u00e9rence de presse conjointe \u00e0 T\u00e9h\u00e9ran apr\u00e8s un t\u00eate-\u00e0-t\u00eate de deux heures. Les pourparlers lanc\u00e9s \u00e0 Vienne en avril 2021 entre l&rsquo;Iran et les grandes puissances (Russie, Etats-Unis, Chine, France, Royaume-Uni et Allemagne) sont au point mort depuis mars, Am\u00e9ricains et Iraniens s&rsquo;accusant mutuellement de les bloquer. Ils visent \u00e0 r\u00e9int\u00e9grer les Etats-Unis \u00e0 l&rsquo;accord de 2015 pr\u00e9voyant des limitations au programme nucl\u00e9aire iranien, d\u00e9nonc\u00e9 en 2018 par l&rsquo;ex-pr\u00e9sident am\u00e9ricain Donald Trump, et \u00e0 ramener l&rsquo;Iran au respect int\u00e9gral de ses engagements dict\u00e9s par ce pacte, appel\u00e9 JCPOA.&nbsp;Conclu en 2015 par l&rsquo;Iran et les six puissances, le JCPOA vise \u00e0 garantir le caract\u00e8re civil du programme nucl\u00e9aire de l&rsquo;Iran, en \u00e9change d&rsquo;une lev\u00e9e progressive des sanctions&nbsp;\u00e9conomiques. Or l&rsquo;administration Trump avait r\u00e9tabli les sanctions am\u00e9ricaines. \u00ab\u00a0Ma visite a pour principal objectif de briser la dynamique actuelle c&rsquo;est-\u00e0-dire la dynamique de l&rsquo;escalade\u00a0\u00bb et de sortir les pourparlers de l&rsquo;impasse, a d\u00e9clar\u00e9 M. Borrell, accompagn\u00e9 lors de sa visite d&rsquo;un jour \u00e0 T\u00e9h\u00e9ran du coordinateur de l&rsquo;UE charg\u00e9 de superviser le dialogue de Vienne, Enrique Mora. \u00ab\u00a0Nous allons reprendre les discussions sur le JCPOA dans les prochains jours\u00a0\u00bb, a-t-il dit. Et \u00ab\u00a0quand je dis dans les prochains jours cela veut dire rapidement et imm\u00e9diatement\u00a0\u00bb. \u00ab\u00a0Nous avons eu une conversation longue mais positive sur la coop\u00e9ration globale entre l&rsquo;Iran et l&rsquo;UE\u00a0\u00bb, a d\u00e9clar\u00e9 M. Amir-Abdollahian.&nbsp;\u00ab\u00a0Nous avons soulign\u00e9 \u00e0 M. Borrell que nous \u00e9tions pr\u00eats \u00e0 reprendre les pourparlers dans les prochains jours. Ce qui est important pour la R\u00e9publique islamique d&rsquo;Iran, c&rsquo;est le plein avantage \u00e9conomique que l&rsquo;Iran doit tirer de l&rsquo;accord conclu en 2015\u00a0\u00bb, a-t-il ajout\u00e9, en r\u00e9f\u00e9rence surtout \u00e0 la lev\u00e9e des sanctions \u00e9conomiques.&nbsp;&nbsp;&nbsp;\u00ab\u00a0Nous essaierons de r\u00e9soudre les probl\u00e8mes et les divergences \u00e0 travers les pourparlers qui reprendront bient\u00f4t\u00a0\u00bb, a-t-il poursuivi.Ni M. Borrell ni le ministre iranien n&rsquo;ont avanc\u00e9 de date pr\u00e9cise pour la reprise des pourparlers.&nbsp;<\/p>\n\n\n\n<p>R.I. avec AFP<\/p>\n","protected":false},"excerpt":{"rendered":"<p>L&rsquo;Union europ\u00e9enne et l&rsquo;Iran ont annonc\u00e9&nbsp;hier&nbsp;une reprise \u00ab\u00a0dans les prochains jours\u00a0\u00bb des pourparlers sur le dossier nucl\u00e9aire suspendus depuis plus<\/p>\n","protected":false},"author":3,"featured_media":23071,"comment_status":"open","ping_status":"closed","sticky":false,"template":"","format":"standard","meta":{"colormag_page_container_layout":"default_layout","colormag_page_sidebar_layout":"default_layout","om_disable_all_campaigns":false,"_monsterinsights_skip_tracking":false,"_monsterinsights_sitenote_active":false,"_monsterinsights_sitenote_note":"","_monsterinsights_sitenote_category":0,"footnotes":"","_wpscppro_dont_share_socialmedia":false,"_wpscppro_custom_social_share_image":0,"_facebook_share_type":"","_twitter_share_type":"","_linkedin_share_type":"","_pinterest_share_type":"","_linkedin_share_type_page":"","_instagram_share_type":"","_medium_share_type":"","_threads_share_type":"","_google_business_share_type":"","_selected_social_profile":[],"_wpsp_enable_custom_social_template":false,"_wpsp_social_scheduling":{"enabled":false,"datetime":null,"platforms":[],"status":"template_only","dateOption":"today","timeOption":"now","customDays":"","customHours":"","customDate":"","customTime":"","schedulingType":"absolute"},"_wpsp_active_default_template":true},"categories":[37],"tags":[],"class_list":["post-23055","post","type-post","status-publish","format-standard","has-post-thumbnail","hentry","category-monde"],"aioseo_notices":[],"yoast_head":"<!-- This site is optimized with the Yoast SEO plugin v27.5 - https:\/\/yoast.com\/product\/yoast-seo-wordpress\/ -->\n<title>Nucl\u00e9aire\u00a0:\u00a0L&#039;Iran et l&#039;UE conviennent d&#039;une reprise prochaine des discussions\u00a0 - La Sentinelle<\/title>\n<meta name=\"robots\" content=\"index, follow, max-snippet:-1, max-image-preview:large, max-video-preview:-1\" \/>\n<link rel=\"canonical\" href=\"https:\/\/lasentinelle.dz\/index.php\/2022\/06\/26\/nucleaire-liran-et-lue-conviennent-dune-reprise-prochaine-des-discussions\/\" \/>\n<meta property=\"og:locale\" content=\"fr_FR\" \/>\n<meta property=\"og:type\" content=\"article\" \/>\n<meta property=\"og:title\" content=\"Nucl\u00e9aire\u00a0:\u00a0L&#039;Iran et l&#039;UE conviennent d&#039;une reprise prochaine des discussions\u00a0 - La Sentinelle\" \/>\n<meta property=\"og:description\" content=\"L&rsquo;Union europ\u00e9enne et l&rsquo;Iran ont annonc\u00e9&nbsp;hier&nbsp;une reprise \u00ab\u00a0dans les prochains jours\u00a0\u00bb des pourparlers sur le dossier nucl\u00e9aire suspendus depuis plus\" \/>\n<meta property=\"og:url\" content=\"https:\/\/lasentinelle.dz\/index.php\/2022\/06\/26\/nucleaire-liran-et-lue-conviennent-dune-reprise-prochaine-des-discussions\/\" \/>\n<meta property=\"og:site_name\" content=\"La Sentinelle\" \/>\n<meta property=\"article:publisher\" content=\"https:\/\/www.facebook.com\/La-Sentinelle-104059864394773\" \/>\n<meta property=\"article:published_time\" content=\"2022-06-25T23:01:00+00:00\" \/>\n<meta property=\"og:image\" content=\"https:\/\/lasentinelle.dz\/wp-content\/uploads\/2022\/06\/w_57231548-800x594-1.jpg\" \/>\n\t<meta property=\"og:image:width\" content=\"800\" \/>\n\t<meta property=\"og:image:height\" content=\"594\" \/>\n\t<meta property=\"og:image:type\" content=\"image\/jpeg\" \/>\n<meta name=\"author\" content=\"La Sentinelle\" \/>\n<meta name=\"twitter:card\" content=\"summary_large_image\" \/>\n<meta name=\"twitter:label1\" content=\"\u00c9crit par\" \/>\n\t<meta name=\"twitter:data1\" content=\"La Sentinelle\" \/>\n\t<meta name=\"twitter:label2\" content=\"Dur\u00e9e de lecture estim\u00e9e\" \/>\n\t<meta name=\"twitter:data2\" content=\"2 minutes\" \/>\n<script type=\"application\/ld+json\" class=\"yoast-schema-graph\">{\"@context\":\"https:\\\/\\\/schema.org\",\"@graph\":[{\"@type\":\"Article\",\"@id\":\"https:\\\/\\\/lasentinelle.dz\\\/index.php\\\/2022\\\/06\\\/26\\\/nucleaire-liran-et-lue-conviennent-dune-reprise-prochaine-des-discussions\\\/#article\",\"isPartOf\":{\"@id\":\"https:\\\/\\\/lasentinelle.dz\\\/index.php\\\/2022\\\/06\\\/26\\\/nucleaire-liran-et-lue-conviennent-dune-reprise-prochaine-des-discussions\\\/\"},\"author\":{\"name\":\"La Sentinelle\",\"@id\":\"https:\\\/\\\/lasentinelle.dz\\\/#\\\/schema\\\/person\\\/d865044e22e70a75174ce8bcad3acfb3\"},\"headline\":\"Nucl\u00e9aire\u00a0:\u00a0L&rsquo;Iran et l&rsquo;UE conviennent d&rsquo;une reprise prochaine des discussions\u00a0\",\"datePublished\":\"2022-06-25T23:01:00+00:00\",\"mainEntityOfPage\":{\"@id\":\"https:\\\/\\\/lasentinelle.dz\\\/index.php\\\/2022\\\/06\\\/26\\\/nucleaire-liran-et-lue-conviennent-dune-reprise-prochaine-des-discussions\\\/\"},\"wordCount\":454,\"commentCount\":0,\"publisher\":{\"@id\":\"https:\\\/\\\/lasentinelle.dz\\\/#organization\"},\"image\":{\"@id\":\"https:\\\/\\\/lasentinelle.dz\\\/index.php\\\/2022\\\/06\\\/26\\\/nucleaire-liran-et-lue-conviennent-dune-reprise-prochaine-des-discussions\\\/#primaryimage\"},\"thumbnailUrl\":\"https:\\\/\\\/lasentinelle.dz\\\/wp-content\\\/uploads\\\/2022\\\/06\\\/w_57231548-800x594-1.jpg\",\"articleSection\":[\"Monde\"],\"inLanguage\":\"fr-FR\",\"potentialAction\":[{\"@type\":\"CommentAction\",\"name\":\"Comment\",\"target\":[\"https:\\\/\\\/lasentinelle.dz\\\/index.php\\\/2022\\\/06\\\/26\\\/nucleaire-liran-et-lue-conviennent-dune-reprise-prochaine-des-discussions\\\/#respond\"]}]},{\"@type\":\"WebPage\",\"@id\":\"https:\\\/\\\/lasentinelle.dz\\\/index.php\\\/2022\\\/06\\\/26\\\/nucleaire-liran-et-lue-conviennent-dune-reprise-prochaine-des-discussions\\\/\",\"url\":\"https:\\\/\\\/lasentinelle.dz\\\/index.php\\\/2022\\\/06\\\/26\\\/nucleaire-liran-et-lue-conviennent-dune-reprise-prochaine-des-discussions\\\/\",\"name\":\"Nucl\u00e9aire\u00a0:\u00a0L'Iran et l'UE conviennent d'une reprise prochaine des discussions\u00a0 - La Sentinelle\",\"isPartOf\":{\"@id\":\"https:\\\/\\\/lasentinelle.dz\\\/#website\"},\"primaryImageOfPage\":{\"@id\":\"https:\\\/\\\/lasentinelle.dz\\\/index.php\\\/2022\\\/06\\\/26\\\/nucleaire-liran-et-lue-conviennent-dune-reprise-prochaine-des-discussions\\\/#primaryimage\"},\"image\":{\"@id\":\"https:\\\/\\\/lasentinelle.dz\\\/index.php\\\/2022\\\/06\\\/26\\\/nucleaire-liran-et-lue-conviennent-dune-reprise-prochaine-des-discussions\\\/#primaryimage\"},\"thumbnailUrl\":\"https:\\\/\\\/lasentinelle.dz\\\/wp-content\\\/uploads\\\/2022\\\/06\\\/w_57231548-800x594-1.jpg\",\"datePublished\":\"2022-06-25T23:01:00+00:00\",\"breadcrumb\":{\"@id\":\"https:\\\/\\\/lasentinelle.dz\\\/index.php\\\/2022\\\/06\\\/26\\\/nucleaire-liran-et-lue-conviennent-dune-reprise-prochaine-des-discussions\\\/#breadcrumb\"},\"inLanguage\":\"fr-FR\",\"potentialAction\":[{\"@type\":\"ReadAction\",\"target\":[\"https:\\\/\\\/lasentinelle.dz\\\/index.php\\\/2022\\\/06\\\/26\\\/nucleaire-liran-et-lue-conviennent-dune-reprise-prochaine-des-discussions\\\/\"]}]},{\"@type\":\"ImageObject\",\"inLanguage\":\"fr-FR\",\"@id\":\"https:\\\/\\\/lasentinelle.dz\\\/index.php\\\/2022\\\/06\\\/26\\\/nucleaire-liran-et-lue-conviennent-dune-reprise-prochaine-des-discussions\\\/#primaryimage\",\"url\":\"https:\\\/\\\/lasentinelle.dz\\\/wp-content\\\/uploads\\\/2022\\\/06\\\/w_57231548-800x594-1.jpg\",\"contentUrl\":\"https:\\\/\\\/lasentinelle.dz\\\/wp-content\\\/uploads\\\/2022\\\/06\\\/w_57231548-800x594-1.jpg\",\"width\":800,\"height\":594},{\"@type\":\"BreadcrumbList\",\"@id\":\"https:\\\/\\\/lasentinelle.dz\\\/index.php\\\/2022\\\/06\\\/26\\\/nucleaire-liran-et-lue-conviennent-dune-reprise-prochaine-des-discussions\\\/#breadcrumb\",\"itemListElement\":[{\"@type\":\"ListItem\",\"position\":1,\"name\":\"Accueil\",\"item\":\"https:\\\/\\\/lasentinelle.dz\\\/\"},{\"@type\":\"ListItem\",\"position\":2,\"name\":\"Nucl\u00e9aire\u00a0:\u00a0L&rsquo;Iran et l&rsquo;UE conviennent d&rsquo;une reprise prochaine des discussions\u00a0\"}]},{\"@type\":\"WebSite\",\"@id\":\"https:\\\/\\\/lasentinelle.dz\\\/#website\",\"url\":\"https:\\\/\\\/lasentinelle.dz\\\/\",\"name\":\"La Sentinelle\",\"description\":\"Quotidien national d&#039;information\",\"publisher\":{\"@id\":\"https:\\\/\\\/lasentinelle.dz\\\/#organization\"},\"potentialAction\":[{\"@type\":\"SearchAction\",\"target\":{\"@type\":\"EntryPoint\",\"urlTemplate\":\"https:\\\/\\\/lasentinelle.dz\\\/?s={search_term_string}\"},\"query-input\":{\"@type\":\"PropertyValueSpecification\",\"valueRequired\":true,\"valueName\":\"search_term_string\"}}],\"inLanguage\":\"fr-FR\"},{\"@type\":\"Organization\",\"@id\":\"https:\\\/\\\/lasentinelle.dz\\\/#organization\",\"name\":\"Quotidien La Sentinelle\",\"url\":\"https:\\\/\\\/lasentinelle.dz\\\/\",\"logo\":{\"@type\":\"ImageObject\",\"inLanguage\":\"fr-FR\",\"@id\":\"https:\\\/\\\/lasentinelle.dz\\\/#\\\/schema\\\/logo\\\/image\\\/\",\"url\":\"https:\\\/\\\/lasentinelle.dz\\\/wp-content\\\/uploads\\\/2021\\\/09\\\/logo-sentinelleSLOGAN-1.png\",\"contentUrl\":\"https:\\\/\\\/lasentinelle.dz\\\/wp-content\\\/uploads\\\/2021\\\/09\\\/logo-sentinelleSLOGAN-1.png\",\"width\":615,\"height\":142,\"caption\":\"Quotidien La Sentinelle\"},\"image\":{\"@id\":\"https:\\\/\\\/lasentinelle.dz\\\/#\\\/schema\\\/logo\\\/image\\\/\"},\"sameAs\":[\"https:\\\/\\\/www.facebook.com\\\/La-Sentinelle-104059864394773\"]},{\"@type\":\"Person\",\"@id\":\"https:\\\/\\\/lasentinelle.dz\\\/#\\\/schema\\\/person\\\/d865044e22e70a75174ce8bcad3acfb3\",\"name\":\"La Sentinelle\",\"image\":{\"@type\":\"ImageObject\",\"inLanguage\":\"fr-FR\",\"@id\":\"https:\\\/\\\/secure.gravatar.com\\\/avatar\\\/57de8e5d4b15d43fb361a71fbb36338450fe67865b528a43dd10ef7c51a20392?s=96&d=mm&r=g\",\"url\":\"https:\\\/\\\/secure.gravatar.com\\\/avatar\\\/57de8e5d4b15d43fb361a71fbb36338450fe67865b528a43dd10ef7c51a20392?s=96&d=mm&r=g\",\"contentUrl\":\"https:\\\/\\\/secure.gravatar.com\\\/avatar\\\/57de8e5d4b15d43fb361a71fbb36338450fe67865b528a43dd10ef7c51a20392?s=96&d=mm&r=g\",\"caption\":\"La Sentinelle\"},\"sameAs\":[\"http:\\\/\\\/www.lasentinelle.dz\"],\"url\":\"https:\\\/\\\/lasentinelle.dz\\\/author\\\/redaction\\\/\"}]}<\/script>\n<!-- \/ Yoast SEO plugin. -->","yoast_head_json":{"title":"Nucl\u00e9aire\u00a0:\u00a0L'Iran et l'UE conviennent d'une reprise prochaine des discussions\u00a0 - La Sentinelle","robots":{"index":"index","follow":"follow","max-snippet":"max-snippet:-1","max-image-preview":"max-image-preview:large","max-video-preview":"max-video-preview:-1"},"canonical":"https:\/\/lasentinelle.dz\/index.php\/2022\/06\/26\/nucleaire-liran-et-lue-conviennent-dune-reprise-prochaine-des-discussions\/","og_locale":"fr_FR","og_type":"article","og_title":"Nucl\u00e9aire\u00a0:\u00a0L'Iran et l'UE conviennent d'une reprise prochaine des discussions\u00a0 - La Sentinelle","og_description":"L&rsquo;Union europ\u00e9enne et l&rsquo;Iran ont annonc\u00e9&nbsp;hier&nbsp;une reprise \u00ab\u00a0dans les prochains jours\u00a0\u00bb des pourparlers sur le dossier nucl\u00e9aire suspendus depuis plus","og_url":"https:\/\/lasentinelle.dz\/index.php\/2022\/06\/26\/nucleaire-liran-et-lue-conviennent-dune-reprise-prochaine-des-discussions\/","og_site_name":"La Sentinelle","article_publisher":"https:\/\/www.facebook.com\/La-Sentinelle-104059864394773","article_published_time":"2022-06-25T23:01:00+00:00","og_image":[{"width":800,"height":594,"url":"https:\/\/lasentinelle.dz\/wp-content\/uploads\/2022\/06\/w_57231548-800x594-1.jpg","type":"image\/jpeg"}],"author":"La Sentinelle","twitter_card":"summary_large_image","twitter_misc":{"\u00c9crit par":"La Sentinelle","Dur\u00e9e de lecture estim\u00e9e":"2 minutes"},"schema":{"@context":"https:\/\/schema.org","@graph":[{"@type":"Article","@id":"https:\/\/lasentinelle.dz\/index.php\/2022\/06\/26\/nucleaire-liran-et-lue-conviennent-dune-reprise-prochaine-des-discussions\/#article","isPartOf":{"@id":"https:\/\/lasentinelle.dz\/index.php\/2022\/06\/26\/nucleaire-liran-et-lue-conviennent-dune-reprise-prochaine-des-discussions\/"},"author":{"name":"La Sentinelle","@id":"https:\/\/lasentinelle.dz\/#\/schema\/person\/d865044e22e70a75174ce8bcad3acfb3"},"headline":"Nucl\u00e9aire\u00a0:\u00a0L&rsquo;Iran et l&rsquo;UE conviennent d&rsquo;une reprise prochaine des discussions\u00a0","datePublished":"2022-06-25T23:01:00+00:00","mainEntityOfPage":{"@id":"https:\/\/lasentinelle.dz\/index.php\/2022\/06\/26\/nucleaire-liran-et-lue-conviennent-dune-reprise-prochaine-des-discussions\/"},"wordCount":454,"commentCount":0,"publisher":{"@id":"https:\/\/lasentinelle.dz\/#organization"},"image":{"@id":"https:\/\/lasentinelle.dz\/index.php\/2022\/06\/26\/nucleaire-liran-et-lue-conviennent-dune-reprise-prochaine-des-discussions\/#primaryimage"},"thumbnailUrl":"https:\/\/lasentinelle.dz\/wp-content\/uploads\/2022\/06\/w_57231548-800x594-1.jpg","articleSection":["Monde"],"inLanguage":"fr-FR","potentialAction":[{"@type":"CommentAction","name":"Comment","target":["https:\/\/lasentinelle.dz\/index.php\/2022\/06\/26\/nucleaire-liran-et-lue-conviennent-dune-reprise-prochaine-des-discussions\/#respond"]}]},{"@type":"WebPage","@id":"https:\/\/lasentinelle.dz\/index.php\/2022\/06\/26\/nucleaire-liran-et-lue-conviennent-dune-reprise-prochaine-des-discussions\/","url":"https:\/\/lasentinelle.dz\/index.php\/2022\/06\/26\/nucleaire-liran-et-lue-conviennent-dune-reprise-prochaine-des-discussions\/","name":"Nucl\u00e9aire\u00a0:\u00a0L'Iran et l'UE conviennent d'une reprise prochaine des discussions\u00a0 - La Sentinelle","isPartOf":{"@id":"https:\/\/lasentinelle.dz\/#website"},"primaryImageOfPage":{"@id":"https:\/\/lasentinelle.dz\/index.php\/2022\/06\/26\/nucleaire-liran-et-lue-conviennent-dune-reprise-prochaine-des-discussions\/#primaryimage"},"image":{"@id":"https:\/\/lasentinelle.dz\/index.php\/2022\/06\/26\/nucleaire-liran-et-lue-conviennent-dune-reprise-prochaine-des-discussions\/#primaryimage"},"thumbnailUrl":"https:\/\/lasentinelle.dz\/wp-content\/uploads\/2022\/06\/w_57231548-800x594-1.jpg","datePublished":"2022-06-25T23:01:00+00:00","breadcrumb":{"@id":"https:\/\/lasentinelle.dz\/index.php\/2022\/06\/26\/nucleaire-liran-et-lue-conviennent-dune-reprise-prochaine-des-discussions\/#breadcrumb"},"inLanguage":"fr-FR","potentialAction":[{"@type":"ReadAction","target":["https:\/\/lasentinelle.dz\/index.php\/2022\/06\/26\/nucleaire-liran-et-lue-conviennent-dune-reprise-prochaine-des-discussions\/"]}]},{"@type":"ImageObject","inLanguage":"fr-FR","@id":"https:\/\/lasentinelle.dz\/index.php\/2022\/06\/26\/nucleaire-liran-et-lue-conviennent-dune-reprise-prochaine-des-discussions\/#primaryimage","url":"https:\/\/lasentinelle.dz\/wp-content\/uploads\/2022\/06\/w_57231548-800x594-1.jpg","contentUrl":"https:\/\/lasentinelle.dz\/wp-content\/uploads\/2022\/06\/w_57231548-800x594-1.jpg","width":800,"height":594},{"@type":"BreadcrumbList","@id":"https:\/\/lasentinelle.dz\/index.php\/2022\/06\/26\/nucleaire-liran-et-lue-conviennent-dune-reprise-prochaine-des-discussions\/#breadcrumb","itemListElement":[{"@type":"ListItem","position":1,"name":"Accueil","item":"https:\/\/lasentinelle.dz\/"},{"@type":"ListItem","position":2,"name":"Nucl\u00e9aire\u00a0:\u00a0L&rsquo;Iran et l&rsquo;UE conviennent d&rsquo;une reprise prochaine des discussions\u00a0"}]},{"@type":"WebSite","@id":"https:\/\/lasentinelle.dz\/#website","url":"https:\/\/lasentinelle.dz\/","name":"La Sentinelle","description":"Quotidien national d&#039;information","publisher":{"@id":"https:\/\/lasentinelle.dz\/#organization"},"potentialAction":[{"@type":"SearchAction","target":{"@type":"EntryPoint","urlTemplate":"https:\/\/lasentinelle.dz\/?s={search_term_string}"},"query-input":{"@type":"PropertyValueSpecification","valueRequired":true,"valueName":"search_term_string"}}],"inLanguage":"fr-FR"},{"@type":"Organization","@id":"https:\/\/lasentinelle.dz\/#organization","name":"Quotidien La Sentinelle","url":"https:\/\/lasentinelle.dz\/","logo":{"@type":"ImageObject","inLanguage":"fr-FR","@id":"https:\/\/lasentinelle.dz\/#\/schema\/logo\/image\/","url":"https:\/\/lasentinelle.dz\/wp-content\/uploads\/2021\/09\/logo-sentinelleSLOGAN-1.png","contentUrl":"https:\/\/lasentinelle.dz\/wp-content\/uploads\/2021\/09\/logo-sentinelleSLOGAN-1.png","width":615,"height":142,"caption":"Quotidien La Sentinelle"},"image":{"@id":"https:\/\/lasentinelle.dz\/#\/schema\/logo\/image\/"},"sameAs":["https:\/\/www.facebook.com\/La-Sentinelle-104059864394773"]},{"@type":"Person","@id":"https:\/\/lasentinelle.dz\/#\/schema\/person\/d865044e22e70a75174ce8bcad3acfb3","name":"La Sentinelle","image":{"@type":"ImageObject","inLanguage":"fr-FR","@id":"https:\/\/secure.gravatar.com\/avatar\/57de8e5d4b15d43fb361a71fbb36338450fe67865b528a43dd10ef7c51a20392?s=96&d=mm&r=g","url":"https:\/\/secure.gravatar.com\/avatar\/57de8e5d4b15d43fb361a71fbb36338450fe67865b528a43dd10ef7c51a20392?s=96&d=mm&r=g","contentUrl":"https:\/\/secure.gravatar.com\/avatar\/57de8e5d4b15d43fb361a71fbb36338450fe67865b528a43dd10ef7c51a20392?s=96&d=mm&r=g","caption":"La Sentinelle"},"sameAs":["http:\/\/www.lasentinelle.dz"],"url":"https:\/\/lasentinelle.dz\/author\/redaction\/"}]}},"_links":{"self":[{"href":"https:\/\/lasentinelle.dz\/index.php\/wp-json\/wp\/v2\/posts\/23055","targetHints":{"allow":["GET"]}}],"collection":[{"href":"https:\/\/lasentinelle.dz\/index.php\/wp-json\/wp\/v2\/posts"}],"about":[{"href":"https:\/\/lasentinelle.dz\/index.php\/wp-json\/wp\/v2\/types\/post"}],"author":[{"embeddable":true,"href":"https:\/\/lasentinelle.dz\/index.php\/wp-json\/wp\/v2\/users\/3"}],"replies":[{"embeddable":true,"href":"https:\/\/lasentinelle.dz\/index.php\/wp-json\/wp\/v2\/comments?post=23055"}],"version-history":[{"count":1,"href":"https:\/\/lasentinelle.dz\/index.php\/wp-json\/wp\/v2\/posts\/23055\/revisions"}],"predecessor-version":[{"id":23072,"href":"https:\/\/lasentinelle.dz\/index.php\/wp-json\/wp\/v2\/posts\/23055\/revisions\/23072"}],"wp:featuredmedia":[{"embeddable":true,"href":"https:\/\/lasentinelle.dz\/index.php\/wp-json\/wp\/v2\/media\/23071"}],"wp:attachment":[{"href":"https:\/\/lasentinelle.dz\/index.php\/wp-json\/wp\/v2\/media?parent=23055"}],"wp:term":[{"taxonomy":"category","embeddable":true,"href":"https:\/\/lasentinelle.dz\/index.php\/wp-json\/wp\/v2\/categories?post=23055"},{"taxonomy":"post_tag","embeddable":true,"href":"https:\/\/lasentinelle.dz\/index.php\/wp-json\/wp\/v2\/tags?post=23055"}],"curies":[{"name":"wp","href":"https:\/\/api.w.org\/{rel}","templated":true}]}}