{"id":23164,"date":"2022-06-27T00:01:00","date_gmt":"2022-06-26T23:01:00","guid":{"rendered":"https:\/\/lasentinelle.dz\/?p=23164"},"modified":"2022-06-27T18:12:26","modified_gmt":"2022-06-27T17:12:26","slug":"cooperation-la-turquie-plaide-pour-un-accord-de-libre-echange-preferentiel-avec-lalgerie","status":"publish","type":"post","link":"https:\/\/lasentinelle.dz\/index.php\/2022\/06\/27\/cooperation-la-turquie-plaide-pour-un-accord-de-libre-echange-preferentiel-avec-lalgerie\/","title":{"rendered":"Coop\u00e9ration\u00a0: La Turquie plaide pour\u00a0un accord de libre-\u00e9change pr\u00e9f\u00e9rentiel avec l&rsquo;Alg\u00e9rie"},"content":{"rendered":"\n<p>La coop\u00e9ration alg\u00e9ro-turque conna\u00eet une nouvelle dynamique gr\u00e2ce \u00e0 la volont\u00e9 affich\u00e9e par les deux pays de hisser le partenariat \u00e0 un niveau strat\u00e9gique. C\u2019est dans ce contexte que le vice-pr\u00e9sident turc,&nbsp;Fuat Oktay, qui effectue actuellement une visite en Alg\u00e9rie dans le cadre des Jeux m\u00e9diterran\u00e9en d\u2019Oran 2022 a plaid\u00e9 hier pour la signature d\u2019un accord de libre-\u00e9change pr\u00e9f\u00e9rentiel avec l\u2019Alg\u00e9rie. En effet, l\u2019homme d\u2019\u00c9tat turque qui a assist\u00e9 samedi \u00e0 la c\u00e9r\u00e9monie d\u2019ouverture des JM, a effectu\u00e9 hier une visite sur le site de l\u2019unit\u00e9 de production sid\u00e9rurgique alg\u00e9ro-turque Tosyali Alg\u00e9rie, au cours de laquelle il a rappel\u00e9 que&nbsp;les investissements turcs en Alg\u00e9rie s&rsquo;\u00e9l\u00e8vent&nbsp;\u00e0 5 milliards de dollars. Il a ajout\u00e9 que&nbsp;plus de 1.400 entreprises turques sont actives en Alg\u00e9rie,&nbsp;employant&nbsp;plus de 30&nbsp;000&nbsp;personnes.&nbsp;<\/p>\n\n\n\n<p>C\u2019est ainsi qu\u2019il a affich\u00e9 la volont\u00e9 d\u2019Ankara de consolider le partenariat alg\u00e9ro-turque et a plaid\u00e9 dans ce contexte pour la signature d\u2019un accord de libre-\u00e9change pr\u00e9f\u00e9rentiel entre les deux pays.&nbsp;Fuat Oktay a soulign\u00e9 que les relations&nbsp;alg\u00e9ro-turques&nbsp;sont d&rsquo;une grande importance pour la paix et la stabilit\u00e9 de la r\u00e9gion, notant que les relations&nbsp;entre les&nbsp;deux pays&nbsp;connaissent une nouvelle dynamique gr\u00e2ce aux&nbsp;efforts des pr\u00e9sidents Recep Tayyip Erdogan et Abdelmadjid Tebboune.&nbsp;Il a ajout\u00e9 que le volume des investissements des entreprises turques \u00e0 l&rsquo;\u00e9tranger s&rsquo;\u00e9levait \u00e0 46,5 milliards de dollars et que les pays d&rsquo;Afrique du Nord repr\u00e9sentaient 4,1% du total de ces investissements.<\/p>\n\n\n\n<p>Pour rappel, le pr\u00e9sident de la R\u00e9publique, Abdelmadjid Tebboune, a effectu\u00e9 une visite d\u2019Etat en Turquie au mois de mai dernier.&nbsp;&nbsp;Une visite qui a permis la signature de plusieurs accords de coop\u00e9ration dans divers&nbsp;secteurs comme l\u2019\u00e9nergie et les mines, les finances, le commerce, l\u2019industrie, l\u2019information et la communication, les travaux publics, la p\u00eache, les sciences et technologies&nbsp;ainsi que&nbsp;l\u2019innovation, les microentreprises, les \u0153uvres sociales, la formation professionnelle, la culture, l\u2019\u00e9ducation, l\u2019environnement et la lutte contre le crime organis\u00e9 transfrontalier.&nbsp;\u00abLes accords sign\u00e9s aujourd\u2019hui viennent insuffler la dynamique escompt\u00e9e aux relations bilat\u00e9rales historiques ancr\u00e9es dans l\u2019histoire et distingu\u00e9es entre les deux pays fr\u00e8res\u00bb, a&nbsp;alors&nbsp;affirm\u00e9 le pr\u00e9sident de la R\u00e9publique, signalant la volont\u00e9 des deux pays de porter le volume des investissements turcs en Alg\u00e9rie \u00e0 plus de 10 milliards de dollars.&nbsp;\u00ab&nbsp;Nous allons vers des accords strat\u00e9giques et nous entendons aussi, dans le cadre du d\u00e9veloppement de l\u2019industrie et des \u00e9changes industriels entre les deux pays, aller rapidement vers l\u2019industrie navale, civile ou militaire, et d\u2019autres industries d\u2019int\u00e9r\u00eat pour les deux pays et leur souverainet\u00e9\u00bb, avait-t-il \u00e9galement not\u00e9.<\/p>\n\n\n\n<p><strong>Samira Ghrib<\/strong><\/p>\n","protected":false},"excerpt":{"rendered":"<p>La coop\u00e9ration alg\u00e9ro-turque conna\u00eet une nouvelle dynamique gr\u00e2ce \u00e0 la volont\u00e9 affich\u00e9e par les deux pays de hisser le partenariat<\/p>\n","protected":false},"author":3,"featured_media":23170,"comment_status":"open","ping_status":"closed","sticky":false,"template":"","format":"standard","meta":{"colormag_page_container_layout":"default_layout","colormag_page_sidebar_layout":"default_layout","om_disable_all_campaigns":false,"_monsterinsights_skip_tracking":false,"_monsterinsights_sitenote_active":false,"_monsterinsights_sitenote_note":"","_monsterinsights_sitenote_category":0,"footnotes":"","_wpscppro_dont_share_socialmedia":false,"_wpscppro_custom_social_share_image":0,"_facebook_share_type":"","_twitter_share_type":"","_linkedin_share_type":"","_pinterest_share_type":"","_linkedin_share_type_page":"","_instagram_share_type":"","_medium_share_type":"","_threads_share_type":"","_google_business_share_type":"","_selected_social_profile":[],"_wpsp_enable_custom_social_template":false,"_wpsp_social_scheduling":{"enabled":false,"datetime":null,"platforms":[],"status":"template_only","dateOption":"today","timeOption":"now","customDays":"","customHours":"","customDate":"","customTime":"","schedulingType":"absolute"},"_wpsp_active_default_template":true},"categories":[52,29],"tags":[],"class_list":["post-23164","post","type-post","status-publish","format-standard","has-post-thumbnail","hentry","category-a-la-une","category-economie"],"aioseo_notices":[],"yoast_head":"<!-- This site is optimized with the Yoast SEO plugin v27.5 - https:\/\/yoast.com\/product\/yoast-seo-wordpress\/ -->\n<title>Coop\u00e9ration\u00a0: La Turquie plaide pour\u00a0un accord de libre-\u00e9change pr\u00e9f\u00e9rentiel avec l&#039;Alg\u00e9rie - La Sentinelle<\/title>\n<meta name=\"robots\" content=\"index, follow, max-snippet:-1, max-image-preview:large, max-video-preview:-1\" \/>\n<link rel=\"canonical\" href=\"https:\/\/lasentinelle.dz\/index.php\/2022\/06\/27\/cooperation-la-turquie-plaide-pour-un-accord-de-libre-echange-preferentiel-avec-lalgerie\/\" \/>\n<meta property=\"og:locale\" content=\"fr_FR\" \/>\n<meta property=\"og:type\" content=\"article\" \/>\n<meta property=\"og:title\" content=\"Coop\u00e9ration\u00a0: La Turquie plaide pour\u00a0un accord de libre-\u00e9change pr\u00e9f\u00e9rentiel avec l&#039;Alg\u00e9rie - La Sentinelle\" \/>\n<meta property=\"og:description\" content=\"La coop\u00e9ration alg\u00e9ro-turque conna\u00eet une nouvelle dynamique gr\u00e2ce \u00e0 la volont\u00e9 affich\u00e9e par les deux pays de hisser le partenariat\" \/>\n<meta property=\"og:url\" content=\"https:\/\/lasentinelle.dz\/index.php\/2022\/06\/27\/cooperation-la-turquie-plaide-pour-un-accord-de-libre-echange-preferentiel-avec-lalgerie\/\" \/>\n<meta property=\"og:site_name\" content=\"La Sentinelle\" \/>\n<meta property=\"article:publisher\" content=\"https:\/\/www.facebook.com\/La-Sentinelle-104059864394773\" \/>\n<meta property=\"article:published_time\" content=\"2022-06-26T23:01:00+00:00\" \/>\n<meta property=\"article:modified_time\" content=\"2022-06-27T17:12:26+00:00\" \/>\n<meta property=\"og:image\" content=\"https:\/\/lasentinelle.dz\/wp-content\/uploads\/2022\/06\/algerie-turquie-1.png\" \/>\n\t<meta property=\"og:image:width\" content=\"1554\" \/>\n\t<meta property=\"og:image:height\" content=\"900\" \/>\n\t<meta property=\"og:image:type\" content=\"image\/png\" \/>\n<meta name=\"author\" content=\"La Sentinelle\" \/>\n<meta name=\"twitter:card\" content=\"summary_large_image\" \/>\n<meta name=\"twitter:label1\" content=\"\u00c9crit par\" \/>\n\t<meta name=\"twitter:data1\" content=\"La Sentinelle\" \/>\n\t<meta name=\"twitter:label2\" content=\"Dur\u00e9e de lecture estim\u00e9e\" \/>\n\t<meta name=\"twitter:data2\" content=\"3 minutes\" \/>\n<script type=\"application\/ld+json\" class=\"yoast-schema-graph\">{\"@context\":\"https:\\\/\\\/schema.org\",\"@graph\":[{\"@type\":\"Article\",\"@id\":\"https:\\\/\\\/lasentinelle.dz\\\/index.php\\\/2022\\\/06\\\/27\\\/cooperation-la-turquie-plaide-pour-un-accord-de-libre-echange-preferentiel-avec-lalgerie\\\/#article\",\"isPartOf\":{\"@id\":\"https:\\\/\\\/lasentinelle.dz\\\/index.php\\\/2022\\\/06\\\/27\\\/cooperation-la-turquie-plaide-pour-un-accord-de-libre-echange-preferentiel-avec-lalgerie\\\/\"},\"author\":{\"name\":\"La Sentinelle\",\"@id\":\"https:\\\/\\\/lasentinelle.dz\\\/#\\\/schema\\\/person\\\/d865044e22e70a75174ce8bcad3acfb3\"},\"headline\":\"Coop\u00e9ration\u00a0: La Turquie plaide pour\u00a0un accord de libre-\u00e9change pr\u00e9f\u00e9rentiel avec l&rsquo;Alg\u00e9rie\",\"datePublished\":\"2022-06-26T23:01:00+00:00\",\"dateModified\":\"2022-06-27T17:12:26+00:00\",\"mainEntityOfPage\":{\"@id\":\"https:\\\/\\\/lasentinelle.dz\\\/index.php\\\/2022\\\/06\\\/27\\\/cooperation-la-turquie-plaide-pour-un-accord-de-libre-echange-preferentiel-avec-lalgerie\\\/\"},\"wordCount\":531,\"commentCount\":0,\"publisher\":{\"@id\":\"https:\\\/\\\/lasentinelle.dz\\\/#organization\"},\"image\":{\"@id\":\"https:\\\/\\\/lasentinelle.dz\\\/index.php\\\/2022\\\/06\\\/27\\\/cooperation-la-turquie-plaide-pour-un-accord-de-libre-echange-preferentiel-avec-lalgerie\\\/#primaryimage\"},\"thumbnailUrl\":\"https:\\\/\\\/lasentinelle.dz\\\/wp-content\\\/uploads\\\/2022\\\/06\\\/algerie-turquie-1.png\",\"articleSection\":[\"\u00c0 la Une\",\"\u00c9conomie\"],\"inLanguage\":\"fr-FR\",\"potentialAction\":[{\"@type\":\"CommentAction\",\"name\":\"Comment\",\"target\":[\"https:\\\/\\\/lasentinelle.dz\\\/index.php\\\/2022\\\/06\\\/27\\\/cooperation-la-turquie-plaide-pour-un-accord-de-libre-echange-preferentiel-avec-lalgerie\\\/#respond\"]}]},{\"@type\":\"WebPage\",\"@id\":\"https:\\\/\\\/lasentinelle.dz\\\/index.php\\\/2022\\\/06\\\/27\\\/cooperation-la-turquie-plaide-pour-un-accord-de-libre-echange-preferentiel-avec-lalgerie\\\/\",\"url\":\"https:\\\/\\\/lasentinelle.dz\\\/index.php\\\/2022\\\/06\\\/27\\\/cooperation-la-turquie-plaide-pour-un-accord-de-libre-echange-preferentiel-avec-lalgerie\\\/\",\"name\":\"Coop\u00e9ration\u00a0: La Turquie plaide pour\u00a0un accord de libre-\u00e9change pr\u00e9f\u00e9rentiel avec l'Alg\u00e9rie - La Sentinelle\",\"isPartOf\":{\"@id\":\"https:\\\/\\\/lasentinelle.dz\\\/#website\"},\"primaryImageOfPage\":{\"@id\":\"https:\\\/\\\/lasentinelle.dz\\\/index.php\\\/2022\\\/06\\\/27\\\/cooperation-la-turquie-plaide-pour-un-accord-de-libre-echange-preferentiel-avec-lalgerie\\\/#primaryimage\"},\"image\":{\"@id\":\"https:\\\/\\\/lasentinelle.dz\\\/index.php\\\/2022\\\/06\\\/27\\\/cooperation-la-turquie-plaide-pour-un-accord-de-libre-echange-preferentiel-avec-lalgerie\\\/#primaryimage\"},\"thumbnailUrl\":\"https:\\\/\\\/lasentinelle.dz\\\/wp-content\\\/uploads\\\/2022\\\/06\\\/algerie-turquie-1.png\",\"datePublished\":\"2022-06-26T23:01:00+00:00\",\"dateModified\":\"2022-06-27T17:12:26+00:00\",\"breadcrumb\":{\"@id\":\"https:\\\/\\\/lasentinelle.dz\\\/index.php\\\/2022\\\/06\\\/27\\\/cooperation-la-turquie-plaide-pour-un-accord-de-libre-echange-preferentiel-avec-lalgerie\\\/#breadcrumb\"},\"inLanguage\":\"fr-FR\",\"potentialAction\":[{\"@type\":\"ReadAction\",\"target\":[\"https:\\\/\\\/lasentinelle.dz\\\/index.php\\\/2022\\\/06\\\/27\\\/cooperation-la-turquie-plaide-pour-un-accord-de-libre-echange-preferentiel-avec-lalgerie\\\/\"]}]},{\"@type\":\"ImageObject\",\"inLanguage\":\"fr-FR\",\"@id\":\"https:\\\/\\\/lasentinelle.dz\\\/index.php\\\/2022\\\/06\\\/27\\\/cooperation-la-turquie-plaide-pour-un-accord-de-libre-echange-preferentiel-avec-lalgerie\\\/#primaryimage\",\"url\":\"https:\\\/\\\/lasentinelle.dz\\\/wp-content\\\/uploads\\\/2022\\\/06\\\/algerie-turquie-1.png\",\"contentUrl\":\"https:\\\/\\\/lasentinelle.dz\\\/wp-content\\\/uploads\\\/2022\\\/06\\\/algerie-turquie-1.png\",\"width\":1554,\"height\":900},{\"@type\":\"BreadcrumbList\",\"@id\":\"https:\\\/\\\/lasentinelle.dz\\\/index.php\\\/2022\\\/06\\\/27\\\/cooperation-la-turquie-plaide-pour-un-accord-de-libre-echange-preferentiel-avec-lalgerie\\\/#breadcrumb\",\"itemListElement\":[{\"@type\":\"ListItem\",\"position\":1,\"name\":\"Accueil\",\"item\":\"https:\\\/\\\/lasentinelle.dz\\\/\"},{\"@type\":\"ListItem\",\"position\":2,\"name\":\"Coop\u00e9ration\u00a0: La Turquie plaide pour\u00a0un accord de libre-\u00e9change pr\u00e9f\u00e9rentiel avec l&rsquo;Alg\u00e9rie\"}]},{\"@type\":\"WebSite\",\"@id\":\"https:\\\/\\\/lasentinelle.dz\\\/#website\",\"url\":\"https:\\\/\\\/lasentinelle.dz\\\/\",\"name\":\"La Sentinelle\",\"description\":\"Quotidien national d&#039;information\",\"publisher\":{\"@id\":\"https:\\\/\\\/lasentinelle.dz\\\/#organization\"},\"potentialAction\":[{\"@type\":\"SearchAction\",\"target\":{\"@type\":\"EntryPoint\",\"urlTemplate\":\"https:\\\/\\\/lasentinelle.dz\\\/?s={search_term_string}\"},\"query-input\":{\"@type\":\"PropertyValueSpecification\",\"valueRequired\":true,\"valueName\":\"search_term_string\"}}],\"inLanguage\":\"fr-FR\"},{\"@type\":\"Organization\",\"@id\":\"https:\\\/\\\/lasentinelle.dz\\\/#organization\",\"name\":\"Quotidien La Sentinelle\",\"url\":\"https:\\\/\\\/lasentinelle.dz\\\/\",\"logo\":{\"@type\":\"ImageObject\",\"inLanguage\":\"fr-FR\",\"@id\":\"https:\\\/\\\/lasentinelle.dz\\\/#\\\/schema\\\/logo\\\/image\\\/\",\"url\":\"https:\\\/\\\/lasentinelle.dz\\\/wp-content\\\/uploads\\\/2021\\\/09\\\/logo-sentinelleSLOGAN-1.png\",\"contentUrl\":\"https:\\\/\\\/lasentinelle.dz\\\/wp-content\\\/uploads\\\/2021\\\/09\\\/logo-sentinelleSLOGAN-1.png\",\"width\":615,\"height\":142,\"caption\":\"Quotidien La Sentinelle\"},\"image\":{\"@id\":\"https:\\\/\\\/lasentinelle.dz\\\/#\\\/schema\\\/logo\\\/image\\\/\"},\"sameAs\":[\"https:\\\/\\\/www.facebook.com\\\/La-Sentinelle-104059864394773\"]},{\"@type\":\"Person\",\"@id\":\"https:\\\/\\\/lasentinelle.dz\\\/#\\\/schema\\\/person\\\/d865044e22e70a75174ce8bcad3acfb3\",\"name\":\"La Sentinelle\",\"image\":{\"@type\":\"ImageObject\",\"inLanguage\":\"fr-FR\",\"@id\":\"https:\\\/\\\/secure.gravatar.com\\\/avatar\\\/57de8e5d4b15d43fb361a71fbb36338450fe67865b528a43dd10ef7c51a20392?s=96&d=mm&r=g\",\"url\":\"https:\\\/\\\/secure.gravatar.com\\\/avatar\\\/57de8e5d4b15d43fb361a71fbb36338450fe67865b528a43dd10ef7c51a20392?s=96&d=mm&r=g\",\"contentUrl\":\"https:\\\/\\\/secure.gravatar.com\\\/avatar\\\/57de8e5d4b15d43fb361a71fbb36338450fe67865b528a43dd10ef7c51a20392?s=96&d=mm&r=g\",\"caption\":\"La Sentinelle\"},\"sameAs\":[\"http:\\\/\\\/www.lasentinelle.dz\"],\"url\":\"https:\\\/\\\/lasentinelle.dz\\\/author\\\/redaction\\\/\"}]}<\/script>\n<!-- \/ Yoast SEO plugin. -->","yoast_head_json":{"title":"Coop\u00e9ration\u00a0: La Turquie plaide pour\u00a0un accord de libre-\u00e9change pr\u00e9f\u00e9rentiel avec l'Alg\u00e9rie - La Sentinelle","robots":{"index":"index","follow":"follow","max-snippet":"max-snippet:-1","max-image-preview":"max-image-preview:large","max-video-preview":"max-video-preview:-1"},"canonical":"https:\/\/lasentinelle.dz\/index.php\/2022\/06\/27\/cooperation-la-turquie-plaide-pour-un-accord-de-libre-echange-preferentiel-avec-lalgerie\/","og_locale":"fr_FR","og_type":"article","og_title":"Coop\u00e9ration\u00a0: La Turquie plaide pour\u00a0un accord de libre-\u00e9change pr\u00e9f\u00e9rentiel avec l'Alg\u00e9rie - La Sentinelle","og_description":"La coop\u00e9ration alg\u00e9ro-turque conna\u00eet une nouvelle dynamique gr\u00e2ce \u00e0 la volont\u00e9 affich\u00e9e par les deux pays de hisser le partenariat","og_url":"https:\/\/lasentinelle.dz\/index.php\/2022\/06\/27\/cooperation-la-turquie-plaide-pour-un-accord-de-libre-echange-preferentiel-avec-lalgerie\/","og_site_name":"La Sentinelle","article_publisher":"https:\/\/www.facebook.com\/La-Sentinelle-104059864394773","article_published_time":"2022-06-26T23:01:00+00:00","article_modified_time":"2022-06-27T17:12:26+00:00","og_image":[{"width":1554,"height":900,"url":"https:\/\/lasentinelle.dz\/wp-content\/uploads\/2022\/06\/algerie-turquie-1.png","type":"image\/png"}],"author":"La Sentinelle","twitter_card":"summary_large_image","twitter_misc":{"\u00c9crit par":"La Sentinelle","Dur\u00e9e de lecture estim\u00e9e":"3 minutes"},"schema":{"@context":"https:\/\/schema.org","@graph":[{"@type":"Article","@id":"https:\/\/lasentinelle.dz\/index.php\/2022\/06\/27\/cooperation-la-turquie-plaide-pour-un-accord-de-libre-echange-preferentiel-avec-lalgerie\/#article","isPartOf":{"@id":"https:\/\/lasentinelle.dz\/index.php\/2022\/06\/27\/cooperation-la-turquie-plaide-pour-un-accord-de-libre-echange-preferentiel-avec-lalgerie\/"},"author":{"name":"La Sentinelle","@id":"https:\/\/lasentinelle.dz\/#\/schema\/person\/d865044e22e70a75174ce8bcad3acfb3"},"headline":"Coop\u00e9ration\u00a0: La Turquie plaide pour\u00a0un accord de libre-\u00e9change pr\u00e9f\u00e9rentiel avec l&rsquo;Alg\u00e9rie","datePublished":"2022-06-26T23:01:00+00:00","dateModified":"2022-06-27T17:12:26+00:00","mainEntityOfPage":{"@id":"https:\/\/lasentinelle.dz\/index.php\/2022\/06\/27\/cooperation-la-turquie-plaide-pour-un-accord-de-libre-echange-preferentiel-avec-lalgerie\/"},"wordCount":531,"commentCount":0,"publisher":{"@id":"https:\/\/lasentinelle.dz\/#organization"},"image":{"@id":"https:\/\/lasentinelle.dz\/index.php\/2022\/06\/27\/cooperation-la-turquie-plaide-pour-un-accord-de-libre-echange-preferentiel-avec-lalgerie\/#primaryimage"},"thumbnailUrl":"https:\/\/lasentinelle.dz\/wp-content\/uploads\/2022\/06\/algerie-turquie-1.png","articleSection":["\u00c0 la Une","\u00c9conomie"],"inLanguage":"fr-FR","potentialAction":[{"@type":"CommentAction","name":"Comment","target":["https:\/\/lasentinelle.dz\/index.php\/2022\/06\/27\/cooperation-la-turquie-plaide-pour-un-accord-de-libre-echange-preferentiel-avec-lalgerie\/#respond"]}]},{"@type":"WebPage","@id":"https:\/\/lasentinelle.dz\/index.php\/2022\/06\/27\/cooperation-la-turquie-plaide-pour-un-accord-de-libre-echange-preferentiel-avec-lalgerie\/","url":"https:\/\/lasentinelle.dz\/index.php\/2022\/06\/27\/cooperation-la-turquie-plaide-pour-un-accord-de-libre-echange-preferentiel-avec-lalgerie\/","name":"Coop\u00e9ration\u00a0: La Turquie plaide pour\u00a0un accord de libre-\u00e9change pr\u00e9f\u00e9rentiel avec l'Alg\u00e9rie - La Sentinelle","isPartOf":{"@id":"https:\/\/lasentinelle.dz\/#website"},"primaryImageOfPage":{"@id":"https:\/\/lasentinelle.dz\/index.php\/2022\/06\/27\/cooperation-la-turquie-plaide-pour-un-accord-de-libre-echange-preferentiel-avec-lalgerie\/#primaryimage"},"image":{"@id":"https:\/\/lasentinelle.dz\/index.php\/2022\/06\/27\/cooperation-la-turquie-plaide-pour-un-accord-de-libre-echange-preferentiel-avec-lalgerie\/#primaryimage"},"thumbnailUrl":"https:\/\/lasentinelle.dz\/wp-content\/uploads\/2022\/06\/algerie-turquie-1.png","datePublished":"2022-06-26T23:01:00+00:00","dateModified":"2022-06-27T17:12:26+00:00","breadcrumb":{"@id":"https:\/\/lasentinelle.dz\/index.php\/2022\/06\/27\/cooperation-la-turquie-plaide-pour-un-accord-de-libre-echange-preferentiel-avec-lalgerie\/#breadcrumb"},"inLanguage":"fr-FR","potentialAction":[{"@type":"ReadAction","target":["https:\/\/lasentinelle.dz\/index.php\/2022\/06\/27\/cooperation-la-turquie-plaide-pour-un-accord-de-libre-echange-preferentiel-avec-lalgerie\/"]}]},{"@type":"ImageObject","inLanguage":"fr-FR","@id":"https:\/\/lasentinelle.dz\/index.php\/2022\/06\/27\/cooperation-la-turquie-plaide-pour-un-accord-de-libre-echange-preferentiel-avec-lalgerie\/#primaryimage","url":"https:\/\/lasentinelle.dz\/wp-content\/uploads\/2022\/06\/algerie-turquie-1.png","contentUrl":"https:\/\/lasentinelle.dz\/wp-content\/uploads\/2022\/06\/algerie-turquie-1.png","width":1554,"height":900},{"@type":"BreadcrumbList","@id":"https:\/\/lasentinelle.dz\/index.php\/2022\/06\/27\/cooperation-la-turquie-plaide-pour-un-accord-de-libre-echange-preferentiel-avec-lalgerie\/#breadcrumb","itemListElement":[{"@type":"ListItem","position":1,"name":"Accueil","item":"https:\/\/lasentinelle.dz\/"},{"@type":"ListItem","position":2,"name":"Coop\u00e9ration\u00a0: La Turquie plaide pour\u00a0un accord de libre-\u00e9change pr\u00e9f\u00e9rentiel avec l&rsquo;Alg\u00e9rie"}]},{"@type":"WebSite","@id":"https:\/\/lasentinelle.dz\/#website","url":"https:\/\/lasentinelle.dz\/","name":"La Sentinelle","description":"Quotidien national d&#039;information","publisher":{"@id":"https:\/\/lasentinelle.dz\/#organization"},"potentialAction":[{"@type":"SearchAction","target":{"@type":"EntryPoint","urlTemplate":"https:\/\/lasentinelle.dz\/?s={search_term_string}"},"query-input":{"@type":"PropertyValueSpecification","valueRequired":true,"valueName":"search_term_string"}}],"inLanguage":"fr-FR"},{"@type":"Organization","@id":"https:\/\/lasentinelle.dz\/#organization","name":"Quotidien La Sentinelle","url":"https:\/\/lasentinelle.dz\/","logo":{"@type":"ImageObject","inLanguage":"fr-FR","@id":"https:\/\/lasentinelle.dz\/#\/schema\/logo\/image\/","url":"https:\/\/lasentinelle.dz\/wp-content\/uploads\/2021\/09\/logo-sentinelleSLOGAN-1.png","contentUrl":"https:\/\/lasentinelle.dz\/wp-content\/uploads\/2021\/09\/logo-sentinelleSLOGAN-1.png","width":615,"height":142,"caption":"Quotidien La Sentinelle"},"image":{"@id":"https:\/\/lasentinelle.dz\/#\/schema\/logo\/image\/"},"sameAs":["https:\/\/www.facebook.com\/La-Sentinelle-104059864394773"]},{"@type":"Person","@id":"https:\/\/lasentinelle.dz\/#\/schema\/person\/d865044e22e70a75174ce8bcad3acfb3","name":"La Sentinelle","image":{"@type":"ImageObject","inLanguage":"fr-FR","@id":"https:\/\/secure.gravatar.com\/avatar\/57de8e5d4b15d43fb361a71fbb36338450fe67865b528a43dd10ef7c51a20392?s=96&d=mm&r=g","url":"https:\/\/secure.gravatar.com\/avatar\/57de8e5d4b15d43fb361a71fbb36338450fe67865b528a43dd10ef7c51a20392?s=96&d=mm&r=g","contentUrl":"https:\/\/secure.gravatar.com\/avatar\/57de8e5d4b15d43fb361a71fbb36338450fe67865b528a43dd10ef7c51a20392?s=96&d=mm&r=g","caption":"La Sentinelle"},"sameAs":["http:\/\/www.lasentinelle.dz"],"url":"https:\/\/lasentinelle.dz\/author\/redaction\/"}]}},"_links":{"self":[{"href":"https:\/\/lasentinelle.dz\/index.php\/wp-json\/wp\/v2\/posts\/23164","targetHints":{"allow":["GET"]}}],"collection":[{"href":"https:\/\/lasentinelle.dz\/index.php\/wp-json\/wp\/v2\/posts"}],"about":[{"href":"https:\/\/lasentinelle.dz\/index.php\/wp-json\/wp\/v2\/types\/post"}],"author":[{"embeddable":true,"href":"https:\/\/lasentinelle.dz\/index.php\/wp-json\/wp\/v2\/users\/3"}],"replies":[{"embeddable":true,"href":"https:\/\/lasentinelle.dz\/index.php\/wp-json\/wp\/v2\/comments?post=23164"}],"version-history":[{"count":1,"href":"https:\/\/lasentinelle.dz\/index.php\/wp-json\/wp\/v2\/posts\/23164\/revisions"}],"predecessor-version":[{"id":23171,"href":"https:\/\/lasentinelle.dz\/index.php\/wp-json\/wp\/v2\/posts\/23164\/revisions\/23171"}],"wp:featuredmedia":[{"embeddable":true,"href":"https:\/\/lasentinelle.dz\/index.php\/wp-json\/wp\/v2\/media\/23170"}],"wp:attachment":[{"href":"https:\/\/lasentinelle.dz\/index.php\/wp-json\/wp\/v2\/media?parent=23164"}],"wp:term":[{"taxonomy":"category","embeddable":true,"href":"https:\/\/lasentinelle.dz\/index.php\/wp-json\/wp\/v2\/categories?post=23164"},{"taxonomy":"post_tag","embeddable":true,"href":"https:\/\/lasentinelle.dz\/index.php\/wp-json\/wp\/v2\/tags?post=23164"}],"curies":[{"name":"wp","href":"https:\/\/api.w.org\/{rel}","templated":true}]}}