{"id":23174,"date":"2022-06-27T00:01:00","date_gmt":"2022-06-26T23:01:00","guid":{"rendered":"https:\/\/lasentinelle.dz\/?p=23174"},"modified":"2022-06-27T18:12:18","modified_gmt":"2022-06-27T17:12:18","slug":"lalgerie-a-failli-plonger-dans-le-cercle-infernal-de-la-dislocation-la-nebuleuse-terroriste-du-rachad-vouee-aux-gemonies","status":"publish","type":"post","link":"https:\/\/lasentinelle.dz\/index.php\/2022\/06\/27\/lalgerie-a-failli-plonger-dans-le-cercle-infernal-de-la-dislocation-la-nebuleuse-terroriste-du-rachad-vouee-aux-gemonies\/","title":{"rendered":"L\u2019Alg\u00e9rie a failli plonger dans le cercle infernal de la dislocation\u00a0: La n\u00e9buleuse terroriste du Rachad vou\u00e9e aux g\u00e9monies"},"content":{"rendered":"\n<p>Le discours dans lequel se drape cette organisation se voulait une couverture pour ne pas dire une sorte de duplicit\u00e9 lui permettant de r\u00e9ussir son coup de Jarnac en douceur et pr\u00e9parer la situation idoine lui permettant de concr\u00e9tiser ses plans visant la destruction de l\u2019Etat national et son bras s\u00e9culier, l\u2019Arm\u00e9e Nationale Populaire.<\/p>\n\n\n\n<p>Il y a dans l\u2019histoire politique des peuples des situations qui se pr\u00e9sente d\u2019une mani\u00e8re idyllique. Le clair-obscur se m\u00eale dans cette dynamique politique des plus historiques. Le cas du mouvement populaire de 22 f\u00e9vrier 2019 est plus qu\u2019\u00e9difiant en la mati\u00e8re.<\/p>\n\n\n\n<p>Cet \u00e9lan salvateur a permis aux Alg\u00e9riens et Alg\u00e9riennes d\u2019avoir droit \u00e0 un r\u00eave jusqu\u2019\u00e0 l\u2019euphorie.<\/p>\n\n\n\n<p>Cette l\u00e9gitime saveur libertaire n\u2019a pas dur\u00e9 longtemps, c\u2019\u00e9tait juste le temps d\u2019un saut dans l\u2019inconnu avec comme matrice, les risques et les dangers qui guettaient sans ambages la coh\u00e9sion nationale du pays et la souverainet\u00e9 ch\u00e8rement acquise qui ont \u00e9t\u00e9 mises s\u00e9rieusement en ballottage\u2026<\/p>\n\n\n\n<p>Les n\u00e9buleuses sont pass\u00e9es par l\u00e0, on les voyait, mais on faisait semblant de ne rien voir passer. S\u2019opposer \u00e0 une situation qui s&rsquo;esquissait pr\u00e9cocement, cela relevait de l\u2019h\u00e9r\u00e9sie manifeste.<\/p>\n\n\n\n<p>L\u2019exemple de l\u2019organisation terroriste du Rachad est \u00e9difiant en la mati\u00e8re. L\u2019infiltration du mouvement populaire du 22 f\u00e9vrier 2019 par cette n\u00e9buleuse aux relents tentaculaires supranationaux, apportait une preuve saillante quant \u00e0 un plan foment\u00e9 et concoct\u00e9 minutieusement par des sph\u00e8res et des cercles dont l\u2019objectif est de mettre l\u2019Alg\u00e9rie \u00e0 genoux et acc\u00e9l\u00e9rer le processus de sa dislocation programm\u00e9e.<\/p>\n\n\n\n<p>Certains politicards et des apprentis sorciers ont voulu pr\u00e9senter ladite n\u00e9buleuse terroriste comme un mouvement politique dont l\u2019esprit d\u00e9mocratique et patriotique est av\u00e9r\u00e9. Il a fallu que des voix s\u2019\u00e9l\u00e8vent pour signifier que ce mouvement est affili\u00e9 \u00e0 l\u2019organisation internationale des fr\u00e8res musulmans et impliqu\u00e9e d\u2019embl\u00e9e dans des organisations terroristes internationales comme Al Nosra et Daech \u00e0 travers leur mentor, Hakim Al Mutairi, un salafiste radical et un activiste de premier ordre au sein de l\u2019organisation de \u00ab Congr\u00e8s de la Oumma \u00bb.<\/p>\n\n\n\n<p>Les accointances du Rachad ont tr\u00e8s vite suscit\u00e9 la curiosit\u00e9 des alg\u00e9riens qui ignoraient les inf\u00e9odations de cette n\u00e9buleuse et ses objectifs \u00e0 travers son implication au sein du \u00ab Hirak \u00bb pour un semblant changement.<\/p>\n\n\n\n<p>Le discours dans lequel se faisait draper cette organisation se voulait une esp\u00e8ce de couverture pour ne pas dire une sorte de duplicit\u00e9 lui permettant de r\u00e9ussir son coup de Jarnac en douceur et pr\u00e9parer la situation idoine lui permettant de concr\u00e9tiser ses plans visant la destruction de l\u2019Etat national et son bras s\u00e9culier, l\u2019Arm\u00e9e Nationale Populaire. C\u2019est ce qui explique sa haine envers la notion de l\u2019Etat et de l\u2019ANP au point o\u00f9 toutes ses attaques sur la toile dans le cadre de la guerre hybride, connue sous l\u2019appellation de guerres de quatri\u00e8me g\u00e9n\u00e9ration, \u00e9taient focalis\u00e9es sur ses deux fondements et piliers de la R\u00e9publique.<\/p>\n\n\n\n<p>Les Zitout et les autres, Hichem Aboud et Amir Dz sont all\u00e9s tr\u00e8s vite en besogne. Ils ne pouvaient pas dissimuler leur projet obscurantiste au service des forces occultes et des officines \u00e9trang\u00e8res \u00e0 l\u2019image des cercles makhzano-sionistes et des intelligences des puissances \u00e9trang\u00e8res.<\/p>\n\n\n\n<p>Les sbires du Rachad se faisaient recruter de tout bord, c\u2019est dire que cette organisation hybride faisait dans le recrutement r\u00e9pondant \u00e0 un seul objectif, \u00e0 savoir, pr\u00e9cipiter la chute de l\u2019Etat alg\u00e9rien et cr\u00e9er les conditions politiques \u00e0 m\u00eame de leur permettre de s\u2019emparer du pouvoir en n\u00e9gociant avec leurs mentors de l\u2019\u00e9tranger comme c\u2019\u00e9tait le cas dans le cadre du \u00ab printemps arabe \u00bb qui a r\u00e9duit la Syrie, la Libye et le Y\u00e9men \u00e0 des territoires de no man\u2019s land.<\/p>\n\n\n\n<p>Les tenants du n\u00e9ocolonialisme avaient orchestr\u00e9 savamment leur plan ourdi contre l\u2019Alg\u00e9rie en usant d\u2019une m\u00e9thode tr\u00e8s soft. La mise en branle des n\u00e9buleuses multiples pour apporter leur contribution aux actions de l\u2019organisation terroriste du Rachad, se faisait remarquer amplement. La cr\u00e9ation d\u2019organisations usant de l\u2019expression fumeuse et pompeuse d\u2019\u00ab organisations non gouvernementales \u00bb et autres structures financ\u00e9es par le richissime Soros \u00e0 l\u2019image de mouvement Barakat, une branche du mouvement OTPOR, n\u2019ont pas tard\u00e9 \u00e0 r\u00e9v\u00e9ler ce qui se tramait dans les d\u00e9dales des officines \u00e9trang\u00e8res et leurs chancelleries.<\/p>\n\n\n\n<p>L\u2019Alg\u00e9rie a su g\u00e9rer la p\u00e9riode des plus folles de son histoire politique contemporaine. C\u2019est gr\u00e2ce \u00e0 la vigilance des forces vives de la Nation et le haut sens du patriotisme de l\u2019ANP. La n\u00e9buleuse rachadiste est vou\u00e9e aux g\u00e9monies, ses cartes sont grill\u00e9es et ses jours sont compt\u00e9s.&nbsp;<\/p>\n\n\n\n<p><strong>Rachid Nassouti<\/strong><\/p>\n","protected":false},"excerpt":{"rendered":"<p>Le discours dans lequel se drape cette organisation se voulait une couverture pour ne pas dire une sorte de duplicit\u00e9<\/p>\n","protected":false},"author":3,"featured_media":23180,"comment_status":"open","ping_status":"closed","sticky":false,"template":"","format":"standard","meta":{"colormag_page_container_layout":"default_layout","colormag_page_sidebar_layout":"default_layout","om_disable_all_campaigns":false,"_monsterinsights_skip_tracking":false,"_monsterinsights_sitenote_active":false,"_monsterinsights_sitenote_note":"","_monsterinsights_sitenote_category":0,"footnotes":"","_wpscppro_dont_share_socialmedia":false,"_wpscppro_custom_social_share_image":0,"_facebook_share_type":"","_twitter_share_type":"","_linkedin_share_type":"","_pinterest_share_type":"","_linkedin_share_type_page":"","_instagram_share_type":"","_medium_share_type":"","_threads_share_type":"","_google_business_share_type":"","_selected_social_profile":[],"_wpsp_enable_custom_social_template":false,"_wpsp_social_scheduling":{"enabled":false,"datetime":null,"platforms":[],"status":"template_only","dateOption":"today","timeOption":"now","customDays":"","customHours":"","customDate":"","customTime":"","schedulingType":"absolute"},"_wpsp_active_default_template":true},"categories":[52,27],"tags":[],"class_list":["post-23174","post","type-post","status-publish","format-standard","has-post-thumbnail","hentry","category-a-la-une","category-actualite"],"aioseo_notices":[],"yoast_head":"<!-- This site is optimized with the Yoast SEO plugin v27.5 - https:\/\/yoast.com\/product\/yoast-seo-wordpress\/ -->\n<title>L\u2019Alg\u00e9rie a failli plonger dans le cercle infernal de la dislocation\u00a0: La n\u00e9buleuse terroriste du Rachad vou\u00e9e aux g\u00e9monies - La Sentinelle<\/title>\n<meta name=\"robots\" content=\"index, follow, max-snippet:-1, max-image-preview:large, max-video-preview:-1\" \/>\n<link rel=\"canonical\" href=\"https:\/\/lasentinelle.dz\/index.php\/2022\/06\/27\/lalgerie-a-failli-plonger-dans-le-cercle-infernal-de-la-dislocation-la-nebuleuse-terroriste-du-rachad-vouee-aux-gemonies\/\" \/>\n<meta property=\"og:locale\" content=\"fr_FR\" \/>\n<meta property=\"og:type\" content=\"article\" \/>\n<meta property=\"og:title\" content=\"L\u2019Alg\u00e9rie a failli plonger dans le cercle infernal de la dislocation\u00a0: La n\u00e9buleuse terroriste du Rachad vou\u00e9e aux g\u00e9monies - La Sentinelle\" \/>\n<meta property=\"og:description\" content=\"Le discours dans lequel se drape cette organisation se voulait une couverture pour ne pas dire une sorte de duplicit\u00e9\" \/>\n<meta property=\"og:url\" content=\"https:\/\/lasentinelle.dz\/index.php\/2022\/06\/27\/lalgerie-a-failli-plonger-dans-le-cercle-infernal-de-la-dislocation-la-nebuleuse-terroriste-du-rachad-vouee-aux-gemonies\/\" \/>\n<meta property=\"og:site_name\" content=\"La Sentinelle\" \/>\n<meta property=\"article:publisher\" content=\"https:\/\/www.facebook.com\/La-Sentinelle-104059864394773\" \/>\n<meta property=\"article:published_time\" content=\"2022-06-26T23:01:00+00:00\" \/>\n<meta property=\"article:modified_time\" content=\"2022-06-27T17:12:18+00:00\" \/>\n<meta property=\"og:image\" content=\"https:\/\/lasentinelle.dz\/wp-content\/uploads\/2022\/06\/Rachad.png\" \/>\n\t<meta property=\"og:image:width\" content=\"1494\" \/>\n\t<meta property=\"og:image:height\" content=\"900\" \/>\n\t<meta property=\"og:image:type\" content=\"image\/png\" \/>\n<meta name=\"author\" content=\"La Sentinelle\" \/>\n<meta name=\"twitter:card\" content=\"summary_large_image\" \/>\n<meta name=\"twitter:label1\" content=\"\u00c9crit par\" \/>\n\t<meta name=\"twitter:data1\" content=\"La Sentinelle\" \/>\n\t<meta name=\"twitter:label2\" content=\"Dur\u00e9e de lecture estim\u00e9e\" \/>\n\t<meta name=\"twitter:data2\" content=\"4 minutes\" \/>\n<script type=\"application\/ld+json\" class=\"yoast-schema-graph\">{\"@context\":\"https:\\\/\\\/schema.org\",\"@graph\":[{\"@type\":\"Article\",\"@id\":\"https:\\\/\\\/lasentinelle.dz\\\/index.php\\\/2022\\\/06\\\/27\\\/lalgerie-a-failli-plonger-dans-le-cercle-infernal-de-la-dislocation-la-nebuleuse-terroriste-du-rachad-vouee-aux-gemonies\\\/#article\",\"isPartOf\":{\"@id\":\"https:\\\/\\\/lasentinelle.dz\\\/index.php\\\/2022\\\/06\\\/27\\\/lalgerie-a-failli-plonger-dans-le-cercle-infernal-de-la-dislocation-la-nebuleuse-terroriste-du-rachad-vouee-aux-gemonies\\\/\"},\"author\":{\"name\":\"La Sentinelle\",\"@id\":\"https:\\\/\\\/lasentinelle.dz\\\/#\\\/schema\\\/person\\\/d865044e22e70a75174ce8bcad3acfb3\"},\"headline\":\"L\u2019Alg\u00e9rie a failli plonger dans le cercle infernal de la dislocation\u00a0: La n\u00e9buleuse terroriste du Rachad vou\u00e9e aux g\u00e9monies\",\"datePublished\":\"2022-06-26T23:01:00+00:00\",\"dateModified\":\"2022-06-27T17:12:18+00:00\",\"mainEntityOfPage\":{\"@id\":\"https:\\\/\\\/lasentinelle.dz\\\/index.php\\\/2022\\\/06\\\/27\\\/lalgerie-a-failli-plonger-dans-le-cercle-infernal-de-la-dislocation-la-nebuleuse-terroriste-du-rachad-vouee-aux-gemonies\\\/\"},\"wordCount\":872,\"commentCount\":0,\"publisher\":{\"@id\":\"https:\\\/\\\/lasentinelle.dz\\\/#organization\"},\"image\":{\"@id\":\"https:\\\/\\\/lasentinelle.dz\\\/index.php\\\/2022\\\/06\\\/27\\\/lalgerie-a-failli-plonger-dans-le-cercle-infernal-de-la-dislocation-la-nebuleuse-terroriste-du-rachad-vouee-aux-gemonies\\\/#primaryimage\"},\"thumbnailUrl\":\"https:\\\/\\\/lasentinelle.dz\\\/wp-content\\\/uploads\\\/2022\\\/06\\\/Rachad.png\",\"articleSection\":[\"\u00c0 la Une\",\"Actualit\u00e9\"],\"inLanguage\":\"fr-FR\",\"potentialAction\":[{\"@type\":\"CommentAction\",\"name\":\"Comment\",\"target\":[\"https:\\\/\\\/lasentinelle.dz\\\/index.php\\\/2022\\\/06\\\/27\\\/lalgerie-a-failli-plonger-dans-le-cercle-infernal-de-la-dislocation-la-nebuleuse-terroriste-du-rachad-vouee-aux-gemonies\\\/#respond\"]}]},{\"@type\":\"WebPage\",\"@id\":\"https:\\\/\\\/lasentinelle.dz\\\/index.php\\\/2022\\\/06\\\/27\\\/lalgerie-a-failli-plonger-dans-le-cercle-infernal-de-la-dislocation-la-nebuleuse-terroriste-du-rachad-vouee-aux-gemonies\\\/\",\"url\":\"https:\\\/\\\/lasentinelle.dz\\\/index.php\\\/2022\\\/06\\\/27\\\/lalgerie-a-failli-plonger-dans-le-cercle-infernal-de-la-dislocation-la-nebuleuse-terroriste-du-rachad-vouee-aux-gemonies\\\/\",\"name\":\"L\u2019Alg\u00e9rie a failli plonger dans le cercle infernal de la dislocation\u00a0: La n\u00e9buleuse terroriste du Rachad vou\u00e9e aux g\u00e9monies - La Sentinelle\",\"isPartOf\":{\"@id\":\"https:\\\/\\\/lasentinelle.dz\\\/#website\"},\"primaryImageOfPage\":{\"@id\":\"https:\\\/\\\/lasentinelle.dz\\\/index.php\\\/2022\\\/06\\\/27\\\/lalgerie-a-failli-plonger-dans-le-cercle-infernal-de-la-dislocation-la-nebuleuse-terroriste-du-rachad-vouee-aux-gemonies\\\/#primaryimage\"},\"image\":{\"@id\":\"https:\\\/\\\/lasentinelle.dz\\\/index.php\\\/2022\\\/06\\\/27\\\/lalgerie-a-failli-plonger-dans-le-cercle-infernal-de-la-dislocation-la-nebuleuse-terroriste-du-rachad-vouee-aux-gemonies\\\/#primaryimage\"},\"thumbnailUrl\":\"https:\\\/\\\/lasentinelle.dz\\\/wp-content\\\/uploads\\\/2022\\\/06\\\/Rachad.png\",\"datePublished\":\"2022-06-26T23:01:00+00:00\",\"dateModified\":\"2022-06-27T17:12:18+00:00\",\"breadcrumb\":{\"@id\":\"https:\\\/\\\/lasentinelle.dz\\\/index.php\\\/2022\\\/06\\\/27\\\/lalgerie-a-failli-plonger-dans-le-cercle-infernal-de-la-dislocation-la-nebuleuse-terroriste-du-rachad-vouee-aux-gemonies\\\/#breadcrumb\"},\"inLanguage\":\"fr-FR\",\"potentialAction\":[{\"@type\":\"ReadAction\",\"target\":[\"https:\\\/\\\/lasentinelle.dz\\\/index.php\\\/2022\\\/06\\\/27\\\/lalgerie-a-failli-plonger-dans-le-cercle-infernal-de-la-dislocation-la-nebuleuse-terroriste-du-rachad-vouee-aux-gemonies\\\/\"]}]},{\"@type\":\"ImageObject\",\"inLanguage\":\"fr-FR\",\"@id\":\"https:\\\/\\\/lasentinelle.dz\\\/index.php\\\/2022\\\/06\\\/27\\\/lalgerie-a-failli-plonger-dans-le-cercle-infernal-de-la-dislocation-la-nebuleuse-terroriste-du-rachad-vouee-aux-gemonies\\\/#primaryimage\",\"url\":\"https:\\\/\\\/lasentinelle.dz\\\/wp-content\\\/uploads\\\/2022\\\/06\\\/Rachad.png\",\"contentUrl\":\"https:\\\/\\\/lasentinelle.dz\\\/wp-content\\\/uploads\\\/2022\\\/06\\\/Rachad.png\",\"width\":1494,\"height\":900},{\"@type\":\"BreadcrumbList\",\"@id\":\"https:\\\/\\\/lasentinelle.dz\\\/index.php\\\/2022\\\/06\\\/27\\\/lalgerie-a-failli-plonger-dans-le-cercle-infernal-de-la-dislocation-la-nebuleuse-terroriste-du-rachad-vouee-aux-gemonies\\\/#breadcrumb\",\"itemListElement\":[{\"@type\":\"ListItem\",\"position\":1,\"name\":\"Accueil\",\"item\":\"https:\\\/\\\/lasentinelle.dz\\\/\"},{\"@type\":\"ListItem\",\"position\":2,\"name\":\"L\u2019Alg\u00e9rie a failli plonger dans le cercle infernal de la dislocation\u00a0: La n\u00e9buleuse terroriste du Rachad vou\u00e9e aux g\u00e9monies\"}]},{\"@type\":\"WebSite\",\"@id\":\"https:\\\/\\\/lasentinelle.dz\\\/#website\",\"url\":\"https:\\\/\\\/lasentinelle.dz\\\/\",\"name\":\"La Sentinelle\",\"description\":\"Quotidien national d&#039;information\",\"publisher\":{\"@id\":\"https:\\\/\\\/lasentinelle.dz\\\/#organization\"},\"potentialAction\":[{\"@type\":\"SearchAction\",\"target\":{\"@type\":\"EntryPoint\",\"urlTemplate\":\"https:\\\/\\\/lasentinelle.dz\\\/?s={search_term_string}\"},\"query-input\":{\"@type\":\"PropertyValueSpecification\",\"valueRequired\":true,\"valueName\":\"search_term_string\"}}],\"inLanguage\":\"fr-FR\"},{\"@type\":\"Organization\",\"@id\":\"https:\\\/\\\/lasentinelle.dz\\\/#organization\",\"name\":\"Quotidien La Sentinelle\",\"url\":\"https:\\\/\\\/lasentinelle.dz\\\/\",\"logo\":{\"@type\":\"ImageObject\",\"inLanguage\":\"fr-FR\",\"@id\":\"https:\\\/\\\/lasentinelle.dz\\\/#\\\/schema\\\/logo\\\/image\\\/\",\"url\":\"https:\\\/\\\/lasentinelle.dz\\\/wp-content\\\/uploads\\\/2021\\\/09\\\/logo-sentinelleSLOGAN-1.png\",\"contentUrl\":\"https:\\\/\\\/lasentinelle.dz\\\/wp-content\\\/uploads\\\/2021\\\/09\\\/logo-sentinelleSLOGAN-1.png\",\"width\":615,\"height\":142,\"caption\":\"Quotidien La Sentinelle\"},\"image\":{\"@id\":\"https:\\\/\\\/lasentinelle.dz\\\/#\\\/schema\\\/logo\\\/image\\\/\"},\"sameAs\":[\"https:\\\/\\\/www.facebook.com\\\/La-Sentinelle-104059864394773\"]},{\"@type\":\"Person\",\"@id\":\"https:\\\/\\\/lasentinelle.dz\\\/#\\\/schema\\\/person\\\/d865044e22e70a75174ce8bcad3acfb3\",\"name\":\"La Sentinelle\",\"image\":{\"@type\":\"ImageObject\",\"inLanguage\":\"fr-FR\",\"@id\":\"https:\\\/\\\/secure.gravatar.com\\\/avatar\\\/57de8e5d4b15d43fb361a71fbb36338450fe67865b528a43dd10ef7c51a20392?s=96&d=mm&r=g\",\"url\":\"https:\\\/\\\/secure.gravatar.com\\\/avatar\\\/57de8e5d4b15d43fb361a71fbb36338450fe67865b528a43dd10ef7c51a20392?s=96&d=mm&r=g\",\"contentUrl\":\"https:\\\/\\\/secure.gravatar.com\\\/avatar\\\/57de8e5d4b15d43fb361a71fbb36338450fe67865b528a43dd10ef7c51a20392?s=96&d=mm&r=g\",\"caption\":\"La Sentinelle\"},\"sameAs\":[\"http:\\\/\\\/www.lasentinelle.dz\"],\"url\":\"https:\\\/\\\/lasentinelle.dz\\\/author\\\/redaction\\\/\"}]}<\/script>\n<!-- \/ Yoast SEO plugin. -->","yoast_head_json":{"title":"L\u2019Alg\u00e9rie a failli plonger dans le cercle infernal de la dislocation\u00a0: La n\u00e9buleuse terroriste du Rachad vou\u00e9e aux g\u00e9monies - La Sentinelle","robots":{"index":"index","follow":"follow","max-snippet":"max-snippet:-1","max-image-preview":"max-image-preview:large","max-video-preview":"max-video-preview:-1"},"canonical":"https:\/\/lasentinelle.dz\/index.php\/2022\/06\/27\/lalgerie-a-failli-plonger-dans-le-cercle-infernal-de-la-dislocation-la-nebuleuse-terroriste-du-rachad-vouee-aux-gemonies\/","og_locale":"fr_FR","og_type":"article","og_title":"L\u2019Alg\u00e9rie a failli plonger dans le cercle infernal de la dislocation\u00a0: La n\u00e9buleuse terroriste du Rachad vou\u00e9e aux g\u00e9monies - La Sentinelle","og_description":"Le discours dans lequel se drape cette organisation se voulait une couverture pour ne pas dire une sorte de duplicit\u00e9","og_url":"https:\/\/lasentinelle.dz\/index.php\/2022\/06\/27\/lalgerie-a-failli-plonger-dans-le-cercle-infernal-de-la-dislocation-la-nebuleuse-terroriste-du-rachad-vouee-aux-gemonies\/","og_site_name":"La Sentinelle","article_publisher":"https:\/\/www.facebook.com\/La-Sentinelle-104059864394773","article_published_time":"2022-06-26T23:01:00+00:00","article_modified_time":"2022-06-27T17:12:18+00:00","og_image":[{"width":1494,"height":900,"url":"https:\/\/lasentinelle.dz\/wp-content\/uploads\/2022\/06\/Rachad.png","type":"image\/png"}],"author":"La Sentinelle","twitter_card":"summary_large_image","twitter_misc":{"\u00c9crit par":"La Sentinelle","Dur\u00e9e de lecture estim\u00e9e":"4 minutes"},"schema":{"@context":"https:\/\/schema.org","@graph":[{"@type":"Article","@id":"https:\/\/lasentinelle.dz\/index.php\/2022\/06\/27\/lalgerie-a-failli-plonger-dans-le-cercle-infernal-de-la-dislocation-la-nebuleuse-terroriste-du-rachad-vouee-aux-gemonies\/#article","isPartOf":{"@id":"https:\/\/lasentinelle.dz\/index.php\/2022\/06\/27\/lalgerie-a-failli-plonger-dans-le-cercle-infernal-de-la-dislocation-la-nebuleuse-terroriste-du-rachad-vouee-aux-gemonies\/"},"author":{"name":"La Sentinelle","@id":"https:\/\/lasentinelle.dz\/#\/schema\/person\/d865044e22e70a75174ce8bcad3acfb3"},"headline":"L\u2019Alg\u00e9rie a failli plonger dans le cercle infernal de la dislocation\u00a0: La n\u00e9buleuse terroriste du Rachad vou\u00e9e aux g\u00e9monies","datePublished":"2022-06-26T23:01:00+00:00","dateModified":"2022-06-27T17:12:18+00:00","mainEntityOfPage":{"@id":"https:\/\/lasentinelle.dz\/index.php\/2022\/06\/27\/lalgerie-a-failli-plonger-dans-le-cercle-infernal-de-la-dislocation-la-nebuleuse-terroriste-du-rachad-vouee-aux-gemonies\/"},"wordCount":872,"commentCount":0,"publisher":{"@id":"https:\/\/lasentinelle.dz\/#organization"},"image":{"@id":"https:\/\/lasentinelle.dz\/index.php\/2022\/06\/27\/lalgerie-a-failli-plonger-dans-le-cercle-infernal-de-la-dislocation-la-nebuleuse-terroriste-du-rachad-vouee-aux-gemonies\/#primaryimage"},"thumbnailUrl":"https:\/\/lasentinelle.dz\/wp-content\/uploads\/2022\/06\/Rachad.png","articleSection":["\u00c0 la Une","Actualit\u00e9"],"inLanguage":"fr-FR","potentialAction":[{"@type":"CommentAction","name":"Comment","target":["https:\/\/lasentinelle.dz\/index.php\/2022\/06\/27\/lalgerie-a-failli-plonger-dans-le-cercle-infernal-de-la-dislocation-la-nebuleuse-terroriste-du-rachad-vouee-aux-gemonies\/#respond"]}]},{"@type":"WebPage","@id":"https:\/\/lasentinelle.dz\/index.php\/2022\/06\/27\/lalgerie-a-failli-plonger-dans-le-cercle-infernal-de-la-dislocation-la-nebuleuse-terroriste-du-rachad-vouee-aux-gemonies\/","url":"https:\/\/lasentinelle.dz\/index.php\/2022\/06\/27\/lalgerie-a-failli-plonger-dans-le-cercle-infernal-de-la-dislocation-la-nebuleuse-terroriste-du-rachad-vouee-aux-gemonies\/","name":"L\u2019Alg\u00e9rie a failli plonger dans le cercle infernal de la dislocation\u00a0: La n\u00e9buleuse terroriste du Rachad vou\u00e9e aux g\u00e9monies - La Sentinelle","isPartOf":{"@id":"https:\/\/lasentinelle.dz\/#website"},"primaryImageOfPage":{"@id":"https:\/\/lasentinelle.dz\/index.php\/2022\/06\/27\/lalgerie-a-failli-plonger-dans-le-cercle-infernal-de-la-dislocation-la-nebuleuse-terroriste-du-rachad-vouee-aux-gemonies\/#primaryimage"},"image":{"@id":"https:\/\/lasentinelle.dz\/index.php\/2022\/06\/27\/lalgerie-a-failli-plonger-dans-le-cercle-infernal-de-la-dislocation-la-nebuleuse-terroriste-du-rachad-vouee-aux-gemonies\/#primaryimage"},"thumbnailUrl":"https:\/\/lasentinelle.dz\/wp-content\/uploads\/2022\/06\/Rachad.png","datePublished":"2022-06-26T23:01:00+00:00","dateModified":"2022-06-27T17:12:18+00:00","breadcrumb":{"@id":"https:\/\/lasentinelle.dz\/index.php\/2022\/06\/27\/lalgerie-a-failli-plonger-dans-le-cercle-infernal-de-la-dislocation-la-nebuleuse-terroriste-du-rachad-vouee-aux-gemonies\/#breadcrumb"},"inLanguage":"fr-FR","potentialAction":[{"@type":"ReadAction","target":["https:\/\/lasentinelle.dz\/index.php\/2022\/06\/27\/lalgerie-a-failli-plonger-dans-le-cercle-infernal-de-la-dislocation-la-nebuleuse-terroriste-du-rachad-vouee-aux-gemonies\/"]}]},{"@type":"ImageObject","inLanguage":"fr-FR","@id":"https:\/\/lasentinelle.dz\/index.php\/2022\/06\/27\/lalgerie-a-failli-plonger-dans-le-cercle-infernal-de-la-dislocation-la-nebuleuse-terroriste-du-rachad-vouee-aux-gemonies\/#primaryimage","url":"https:\/\/lasentinelle.dz\/wp-content\/uploads\/2022\/06\/Rachad.png","contentUrl":"https:\/\/lasentinelle.dz\/wp-content\/uploads\/2022\/06\/Rachad.png","width":1494,"height":900},{"@type":"BreadcrumbList","@id":"https:\/\/lasentinelle.dz\/index.php\/2022\/06\/27\/lalgerie-a-failli-plonger-dans-le-cercle-infernal-de-la-dislocation-la-nebuleuse-terroriste-du-rachad-vouee-aux-gemonies\/#breadcrumb","itemListElement":[{"@type":"ListItem","position":1,"name":"Accueil","item":"https:\/\/lasentinelle.dz\/"},{"@type":"ListItem","position":2,"name":"L\u2019Alg\u00e9rie a failli plonger dans le cercle infernal de la dislocation\u00a0: La n\u00e9buleuse terroriste du Rachad vou\u00e9e aux g\u00e9monies"}]},{"@type":"WebSite","@id":"https:\/\/lasentinelle.dz\/#website","url":"https:\/\/lasentinelle.dz\/","name":"La Sentinelle","description":"Quotidien national d&#039;information","publisher":{"@id":"https:\/\/lasentinelle.dz\/#organization"},"potentialAction":[{"@type":"SearchAction","target":{"@type":"EntryPoint","urlTemplate":"https:\/\/lasentinelle.dz\/?s={search_term_string}"},"query-input":{"@type":"PropertyValueSpecification","valueRequired":true,"valueName":"search_term_string"}}],"inLanguage":"fr-FR"},{"@type":"Organization","@id":"https:\/\/lasentinelle.dz\/#organization","name":"Quotidien La Sentinelle","url":"https:\/\/lasentinelle.dz\/","logo":{"@type":"ImageObject","inLanguage":"fr-FR","@id":"https:\/\/lasentinelle.dz\/#\/schema\/logo\/image\/","url":"https:\/\/lasentinelle.dz\/wp-content\/uploads\/2021\/09\/logo-sentinelleSLOGAN-1.png","contentUrl":"https:\/\/lasentinelle.dz\/wp-content\/uploads\/2021\/09\/logo-sentinelleSLOGAN-1.png","width":615,"height":142,"caption":"Quotidien La Sentinelle"},"image":{"@id":"https:\/\/lasentinelle.dz\/#\/schema\/logo\/image\/"},"sameAs":["https:\/\/www.facebook.com\/La-Sentinelle-104059864394773"]},{"@type":"Person","@id":"https:\/\/lasentinelle.dz\/#\/schema\/person\/d865044e22e70a75174ce8bcad3acfb3","name":"La Sentinelle","image":{"@type":"ImageObject","inLanguage":"fr-FR","@id":"https:\/\/secure.gravatar.com\/avatar\/57de8e5d4b15d43fb361a71fbb36338450fe67865b528a43dd10ef7c51a20392?s=96&d=mm&r=g","url":"https:\/\/secure.gravatar.com\/avatar\/57de8e5d4b15d43fb361a71fbb36338450fe67865b528a43dd10ef7c51a20392?s=96&d=mm&r=g","contentUrl":"https:\/\/secure.gravatar.com\/avatar\/57de8e5d4b15d43fb361a71fbb36338450fe67865b528a43dd10ef7c51a20392?s=96&d=mm&r=g","caption":"La Sentinelle"},"sameAs":["http:\/\/www.lasentinelle.dz"],"url":"https:\/\/lasentinelle.dz\/author\/redaction\/"}]}},"_links":{"self":[{"href":"https:\/\/lasentinelle.dz\/index.php\/wp-json\/wp\/v2\/posts\/23174","targetHints":{"allow":["GET"]}}],"collection":[{"href":"https:\/\/lasentinelle.dz\/index.php\/wp-json\/wp\/v2\/posts"}],"about":[{"href":"https:\/\/lasentinelle.dz\/index.php\/wp-json\/wp\/v2\/types\/post"}],"author":[{"embeddable":true,"href":"https:\/\/lasentinelle.dz\/index.php\/wp-json\/wp\/v2\/users\/3"}],"replies":[{"embeddable":true,"href":"https:\/\/lasentinelle.dz\/index.php\/wp-json\/wp\/v2\/comments?post=23174"}],"version-history":[{"count":1,"href":"https:\/\/lasentinelle.dz\/index.php\/wp-json\/wp\/v2\/posts\/23174\/revisions"}],"predecessor-version":[{"id":23181,"href":"https:\/\/lasentinelle.dz\/index.php\/wp-json\/wp\/v2\/posts\/23174\/revisions\/23181"}],"wp:featuredmedia":[{"embeddable":true,"href":"https:\/\/lasentinelle.dz\/index.php\/wp-json\/wp\/v2\/media\/23180"}],"wp:attachment":[{"href":"https:\/\/lasentinelle.dz\/index.php\/wp-json\/wp\/v2\/media?parent=23174"}],"wp:term":[{"taxonomy":"category","embeddable":true,"href":"https:\/\/lasentinelle.dz\/index.php\/wp-json\/wp\/v2\/categories?post=23174"},{"taxonomy":"post_tag","embeddable":true,"href":"https:\/\/lasentinelle.dz\/index.php\/wp-json\/wp\/v2\/tags?post=23174"}],"curies":[{"name":"wp","href":"https:\/\/api.w.org\/{rel}","templated":true}]}}