{"id":23221,"date":"2022-06-28T15:17:45","date_gmt":"2022-06-28T14:17:45","guid":{"rendered":"https:\/\/lasentinelle.dz\/?p=23221"},"modified":"2022-06-28T15:17:47","modified_gmt":"2022-06-28T14:17:47","slug":"abderrahmane-benbouzid-ministre-de-la-sante-les-maladies-rares-sont-prises-en-charge","status":"publish","type":"post","link":"https:\/\/lasentinelle.dz\/index.php\/2022\/06\/28\/abderrahmane-benbouzid-ministre-de-la-sante-les-maladies-rares-sont-prises-en-charge\/","title":{"rendered":"Abderrahmane Benbouzid, ministre de la sant\u00e9\u00a0: \u00abLes maladies rares sont prises en charge\u00bb"},"content":{"rendered":"\n<p>Le ministre de la sant\u00e9, Abderrahmane Benbouzid, a indiqu\u00e9 que les maladies rares sont prises en charge\u00a0\u00bb.&nbsp;&nbsp;Intervenant lors de la tenue du 1er Congr\u00e8s international sur les maladies rares, il a affirm\u00e9 que \u00abl&rsquo;Alg\u00e9rie a mis en place des m\u00e9canismes efficaces garantissant une prise en charge sanitaire optimale des patients atteints de maladies rares \u00bb, mettant en avant \u00abl&rsquo;engagement et l&rsquo;appui des plus hautes autorit\u00e9s du pays, en t\u00eate desquelles le Pr\u00e9sident de la R\u00e9publique, Abdelmadjid Tebboune\u00bb. \u00abLe Pr\u00e9sident de la R\u00e9publique suit de pr\u00e8s et r\u00e9guli\u00e8rement tous les projets de transformation dans le syst\u00e8me de sant\u00e9 avec pour objectif l&rsquo;am\u00e9lioration des prestations prodigu\u00e9es au citoyen \u00bb, a expliqu\u00e9 le ministre. Selon Benbouzid, \u00ables pouvoirs publics n&rsquo;\u00e9pargnaient aucun effort (sur les plans financiers, organisationnels ou de coordination) en vue de la mise en place de m\u00e9canismes efficaces garantissant l&rsquo;acc\u00e8s des patients atteints de maladies rares \u00e0 une prise en charge sanitaire optimale\u00bb, estimant que \u00abcette approche appelait \u00e0 une r\u00e9ponse efficace des gestionnaires et professionnels du secteur\u00bb. \u00c0 l\u2019occasion, il a rappel\u00e9 \u00ables grands pas franchis en mati\u00e8re de prise en charge des maladies rares en Alg\u00e9rie \u00bb, citant la promulgation en 2013 d&rsquo;un arr\u00eat\u00e9 qui fix\u00e9 la liste des maladies rares, celles-ci sont au nombre de 28 maladies, la liste des produits pharmaceutiques destin\u00e9s \u00e0 leur traitement, l&rsquo;enregistrement des m\u00e9dicaments destin\u00e9s au traitement de ces pathologies, ainsi que leur commercialisation par la Pharmacie centrale des h\u00f4pitaux au profit des \u00e9tablissements hospitaliers, en plus de la prise en charge de ces patients\u00bb. Le ministre a \u00e9galement \u00e9voqu\u00e9 les autres d\u00e9cisions prises par les pouvoirs publics en la mati\u00e8re. Il s\u2019agit, selon lui, de la distribution de 43 m\u00e9dicaments aux patients souffrant de ces maladies depuis 2004, en plus de l&rsquo;enregistrement syst\u00e9matique de tout nouveau m\u00e9dicament innovant mis sur le march\u00e9 international\u00bb. Et d\u2019ajouter que \u00ables \u00e9tablissements \u00e9taient constamment dot\u00e9s en ces m\u00e9dicaments malgr\u00e9 les restrictions budg\u00e9taires et les cr\u00e9ances des \u00e9tablissements hospitaliers aupr\u00e8s de la PCH \u00bb, rappelant \u00e9galement \u00abl&rsquo;actualisation de la liste des maladies rares dont la derni\u00e8re mise \u00e0 jour remonte \u00e0 2013 durant laquelle 8 nouveaux m\u00e9dicaments ont \u00e9t\u00e9 enregistr\u00e9s et commercialis\u00e9s\u00bb. Se rapportant aux instructions du Pr\u00e9sident de la R\u00e9publique, Benbouzid a fait \u00e9tat de \u00abplusieurs d\u00e9cisions qui ont \u00e9t\u00e9 adopt\u00e9es en vue de l&rsquo;am\u00e9lioration de la prise en charge m\u00e9dicale de cette cat\u00e9gorie de patients, en plus de la d\u00e9finition de ces maladies par d\u00e9cision et la cr\u00e9ation d&rsquo;un fichier national encadrant les traitements et les protocoles y aff\u00e9rents, sont aussi parmi les mesures prises dans ce sens\u00bb. La prise en charge de cette cat\u00e9gorie de patients exige plusieurs d\u00e9fis, dont le diagnostic pr\u00e9matur\u00e9 des nouveau-n\u00e9s, la cr\u00e9ation d&rsquo;une base de donn\u00e9es sanitaire fiable r\u00e9serv\u00e9e aux maladies rares, l&rsquo;accompagnement th\u00e9rapeutique et psychique des patients et le renforcement de la recherche scientifique. Benbouzid a mis en avant \u00able r\u00f4le et la contribution de la t\u00e9l\u00e9m\u00e9decine dans la prise en charge de ces pathologies, le d\u00e9veloppement du traitement g\u00e9n\u00e9tique et la d\u00e9finition des traitements et des protocoles sanitaires ad\u00e9quats\u00bb.&nbsp;<\/p>\n\n\n\n<p>S.A<\/p>\n","protected":false},"excerpt":{"rendered":"<p>Le ministre de la sant\u00e9, Abderrahmane Benbouzid, a indiqu\u00e9 que les maladies rares sont prises en charge\u00a0\u00bb.&nbsp;&nbsp;Intervenant lors de la<\/p>\n","protected":false},"author":3,"featured_media":19465,"comment_status":"open","ping_status":"closed","sticky":false,"template":"","format":"standard","meta":{"colormag_page_container_layout":"default_layout","colormag_page_sidebar_layout":"default_layout","om_disable_all_campaigns":false,"_monsterinsights_skip_tracking":false,"_monsterinsights_sitenote_active":false,"_monsterinsights_sitenote_note":"","_monsterinsights_sitenote_category":0,"footnotes":"","_wpscppro_dont_share_socialmedia":false,"_wpscppro_custom_social_share_image":0,"_facebook_share_type":"","_twitter_share_type":"","_linkedin_share_type":"","_pinterest_share_type":"","_linkedin_share_type_page":"","_instagram_share_type":"","_medium_share_type":"","_threads_share_type":"","_google_business_share_type":"","_selected_social_profile":[],"_wpsp_enable_custom_social_template":false,"_wpsp_social_scheduling":{"enabled":false,"datetime":null,"platforms":[],"status":"template_only","dateOption":"today","timeOption":"now","customDays":"","customHours":"","customDate":"","customTime":"","schedulingType":"absolute"},"_wpsp_active_default_template":true},"categories":[52,27],"tags":[],"class_list":["post-23221","post","type-post","status-publish","format-standard","has-post-thumbnail","hentry","category-a-la-une","category-actualite"],"aioseo_notices":[],"yoast_head":"<!-- This site is optimized with the Yoast SEO plugin v27.5 - https:\/\/yoast.com\/product\/yoast-seo-wordpress\/ -->\n<title>Abderrahmane Benbouzid, ministre de la sant\u00e9\u00a0: \u00abLes maladies rares sont prises en charge\u00bb - La Sentinelle<\/title>\n<meta name=\"robots\" content=\"index, follow, max-snippet:-1, max-image-preview:large, max-video-preview:-1\" \/>\n<link rel=\"canonical\" href=\"https:\/\/lasentinelle.dz\/index.php\/2022\/06\/28\/abderrahmane-benbouzid-ministre-de-la-sante-les-maladies-rares-sont-prises-en-charge\/\" \/>\n<meta property=\"og:locale\" content=\"fr_FR\" \/>\n<meta property=\"og:type\" content=\"article\" \/>\n<meta property=\"og:title\" content=\"Abderrahmane Benbouzid, ministre de la sant\u00e9\u00a0: \u00abLes maladies rares sont prises en charge\u00bb - La Sentinelle\" \/>\n<meta property=\"og:description\" content=\"Le ministre de la sant\u00e9, Abderrahmane Benbouzid, a indiqu\u00e9 que les maladies rares sont prises en charge\u00a0\u00bb.&nbsp;&nbsp;Intervenant lors de la\" \/>\n<meta property=\"og:url\" content=\"https:\/\/lasentinelle.dz\/index.php\/2022\/06\/28\/abderrahmane-benbouzid-ministre-de-la-sante-les-maladies-rares-sont-prises-en-charge\/\" \/>\n<meta property=\"og:site_name\" content=\"La Sentinelle\" \/>\n<meta property=\"article:publisher\" content=\"https:\/\/www.facebook.com\/La-Sentinelle-104059864394773\" \/>\n<meta property=\"article:published_time\" content=\"2022-06-28T14:17:45+00:00\" \/>\n<meta property=\"article:modified_time\" content=\"2022-06-28T14:17:47+00:00\" \/>\n<meta property=\"og:image\" content=\"https:\/\/lasentinelle.dz\/wp-content\/uploads\/2022\/04\/Benbouzid.png\" \/>\n\t<meta property=\"og:image:width\" content=\"1427\" \/>\n\t<meta property=\"og:image:height\" content=\"900\" \/>\n\t<meta property=\"og:image:type\" content=\"image\/png\" \/>\n<meta name=\"author\" content=\"La Sentinelle\" \/>\n<meta name=\"twitter:card\" content=\"summary_large_image\" \/>\n<meta name=\"twitter:label1\" content=\"\u00c9crit par\" \/>\n\t<meta name=\"twitter:data1\" content=\"La Sentinelle\" \/>\n\t<meta name=\"twitter:label2\" content=\"Dur\u00e9e de lecture estim\u00e9e\" \/>\n\t<meta name=\"twitter:data2\" content=\"3 minutes\" \/>\n<script type=\"application\/ld+json\" class=\"yoast-schema-graph\">{\"@context\":\"https:\\\/\\\/schema.org\",\"@graph\":[{\"@type\":\"Article\",\"@id\":\"https:\\\/\\\/lasentinelle.dz\\\/index.php\\\/2022\\\/06\\\/28\\\/abderrahmane-benbouzid-ministre-de-la-sante-les-maladies-rares-sont-prises-en-charge\\\/#article\",\"isPartOf\":{\"@id\":\"https:\\\/\\\/lasentinelle.dz\\\/index.php\\\/2022\\\/06\\\/28\\\/abderrahmane-benbouzid-ministre-de-la-sante-les-maladies-rares-sont-prises-en-charge\\\/\"},\"author\":{\"name\":\"La Sentinelle\",\"@id\":\"https:\\\/\\\/lasentinelle.dz\\\/#\\\/schema\\\/person\\\/d865044e22e70a75174ce8bcad3acfb3\"},\"headline\":\"Abderrahmane Benbouzid, ministre de la sant\u00e9\u00a0: \u00abLes maladies rares sont prises en charge\u00bb\",\"datePublished\":\"2022-06-28T14:17:45+00:00\",\"dateModified\":\"2022-06-28T14:17:47+00:00\",\"mainEntityOfPage\":{\"@id\":\"https:\\\/\\\/lasentinelle.dz\\\/index.php\\\/2022\\\/06\\\/28\\\/abderrahmane-benbouzid-ministre-de-la-sante-les-maladies-rares-sont-prises-en-charge\\\/\"},\"wordCount\":590,\"commentCount\":0,\"publisher\":{\"@id\":\"https:\\\/\\\/lasentinelle.dz\\\/#organization\"},\"image\":{\"@id\":\"https:\\\/\\\/lasentinelle.dz\\\/index.php\\\/2022\\\/06\\\/28\\\/abderrahmane-benbouzid-ministre-de-la-sante-les-maladies-rares-sont-prises-en-charge\\\/#primaryimage\"},\"thumbnailUrl\":\"https:\\\/\\\/lasentinelle.dz\\\/wp-content\\\/uploads\\\/2022\\\/04\\\/Benbouzid.png\",\"articleSection\":[\"\u00c0 la Une\",\"Actualit\u00e9\"],\"inLanguage\":\"fr-FR\",\"potentialAction\":[{\"@type\":\"CommentAction\",\"name\":\"Comment\",\"target\":[\"https:\\\/\\\/lasentinelle.dz\\\/index.php\\\/2022\\\/06\\\/28\\\/abderrahmane-benbouzid-ministre-de-la-sante-les-maladies-rares-sont-prises-en-charge\\\/#respond\"]}]},{\"@type\":\"WebPage\",\"@id\":\"https:\\\/\\\/lasentinelle.dz\\\/index.php\\\/2022\\\/06\\\/28\\\/abderrahmane-benbouzid-ministre-de-la-sante-les-maladies-rares-sont-prises-en-charge\\\/\",\"url\":\"https:\\\/\\\/lasentinelle.dz\\\/index.php\\\/2022\\\/06\\\/28\\\/abderrahmane-benbouzid-ministre-de-la-sante-les-maladies-rares-sont-prises-en-charge\\\/\",\"name\":\"Abderrahmane Benbouzid, ministre de la sant\u00e9\u00a0: \u00abLes maladies rares sont prises en charge\u00bb - La Sentinelle\",\"isPartOf\":{\"@id\":\"https:\\\/\\\/lasentinelle.dz\\\/#website\"},\"primaryImageOfPage\":{\"@id\":\"https:\\\/\\\/lasentinelle.dz\\\/index.php\\\/2022\\\/06\\\/28\\\/abderrahmane-benbouzid-ministre-de-la-sante-les-maladies-rares-sont-prises-en-charge\\\/#primaryimage\"},\"image\":{\"@id\":\"https:\\\/\\\/lasentinelle.dz\\\/index.php\\\/2022\\\/06\\\/28\\\/abderrahmane-benbouzid-ministre-de-la-sante-les-maladies-rares-sont-prises-en-charge\\\/#primaryimage\"},\"thumbnailUrl\":\"https:\\\/\\\/lasentinelle.dz\\\/wp-content\\\/uploads\\\/2022\\\/04\\\/Benbouzid.png\",\"datePublished\":\"2022-06-28T14:17:45+00:00\",\"dateModified\":\"2022-06-28T14:17:47+00:00\",\"breadcrumb\":{\"@id\":\"https:\\\/\\\/lasentinelle.dz\\\/index.php\\\/2022\\\/06\\\/28\\\/abderrahmane-benbouzid-ministre-de-la-sante-les-maladies-rares-sont-prises-en-charge\\\/#breadcrumb\"},\"inLanguage\":\"fr-FR\",\"potentialAction\":[{\"@type\":\"ReadAction\",\"target\":[\"https:\\\/\\\/lasentinelle.dz\\\/index.php\\\/2022\\\/06\\\/28\\\/abderrahmane-benbouzid-ministre-de-la-sante-les-maladies-rares-sont-prises-en-charge\\\/\"]}]},{\"@type\":\"ImageObject\",\"inLanguage\":\"fr-FR\",\"@id\":\"https:\\\/\\\/lasentinelle.dz\\\/index.php\\\/2022\\\/06\\\/28\\\/abderrahmane-benbouzid-ministre-de-la-sante-les-maladies-rares-sont-prises-en-charge\\\/#primaryimage\",\"url\":\"https:\\\/\\\/lasentinelle.dz\\\/wp-content\\\/uploads\\\/2022\\\/04\\\/Benbouzid.png\",\"contentUrl\":\"https:\\\/\\\/lasentinelle.dz\\\/wp-content\\\/uploads\\\/2022\\\/04\\\/Benbouzid.png\",\"width\":1427,\"height\":900},{\"@type\":\"BreadcrumbList\",\"@id\":\"https:\\\/\\\/lasentinelle.dz\\\/index.php\\\/2022\\\/06\\\/28\\\/abderrahmane-benbouzid-ministre-de-la-sante-les-maladies-rares-sont-prises-en-charge\\\/#breadcrumb\",\"itemListElement\":[{\"@type\":\"ListItem\",\"position\":1,\"name\":\"Accueil\",\"item\":\"https:\\\/\\\/lasentinelle.dz\\\/\"},{\"@type\":\"ListItem\",\"position\":2,\"name\":\"Abderrahmane Benbouzid, ministre de la sant\u00e9\u00a0: \u00abLes maladies rares sont prises en charge\u00bb\"}]},{\"@type\":\"WebSite\",\"@id\":\"https:\\\/\\\/lasentinelle.dz\\\/#website\",\"url\":\"https:\\\/\\\/lasentinelle.dz\\\/\",\"name\":\"La Sentinelle\",\"description\":\"Quotidien national d&#039;information\",\"publisher\":{\"@id\":\"https:\\\/\\\/lasentinelle.dz\\\/#organization\"},\"potentialAction\":[{\"@type\":\"SearchAction\",\"target\":{\"@type\":\"EntryPoint\",\"urlTemplate\":\"https:\\\/\\\/lasentinelle.dz\\\/?s={search_term_string}\"},\"query-input\":{\"@type\":\"PropertyValueSpecification\",\"valueRequired\":true,\"valueName\":\"search_term_string\"}}],\"inLanguage\":\"fr-FR\"},{\"@type\":\"Organization\",\"@id\":\"https:\\\/\\\/lasentinelle.dz\\\/#organization\",\"name\":\"Quotidien La Sentinelle\",\"url\":\"https:\\\/\\\/lasentinelle.dz\\\/\",\"logo\":{\"@type\":\"ImageObject\",\"inLanguage\":\"fr-FR\",\"@id\":\"https:\\\/\\\/lasentinelle.dz\\\/#\\\/schema\\\/logo\\\/image\\\/\",\"url\":\"https:\\\/\\\/lasentinelle.dz\\\/wp-content\\\/uploads\\\/2021\\\/09\\\/logo-sentinelleSLOGAN-1.png\",\"contentUrl\":\"https:\\\/\\\/lasentinelle.dz\\\/wp-content\\\/uploads\\\/2021\\\/09\\\/logo-sentinelleSLOGAN-1.png\",\"width\":615,\"height\":142,\"caption\":\"Quotidien La Sentinelle\"},\"image\":{\"@id\":\"https:\\\/\\\/lasentinelle.dz\\\/#\\\/schema\\\/logo\\\/image\\\/\"},\"sameAs\":[\"https:\\\/\\\/www.facebook.com\\\/La-Sentinelle-104059864394773\"]},{\"@type\":\"Person\",\"@id\":\"https:\\\/\\\/lasentinelle.dz\\\/#\\\/schema\\\/person\\\/d865044e22e70a75174ce8bcad3acfb3\",\"name\":\"La Sentinelle\",\"image\":{\"@type\":\"ImageObject\",\"inLanguage\":\"fr-FR\",\"@id\":\"https:\\\/\\\/secure.gravatar.com\\\/avatar\\\/57de8e5d4b15d43fb361a71fbb36338450fe67865b528a43dd10ef7c51a20392?s=96&d=mm&r=g\",\"url\":\"https:\\\/\\\/secure.gravatar.com\\\/avatar\\\/57de8e5d4b15d43fb361a71fbb36338450fe67865b528a43dd10ef7c51a20392?s=96&d=mm&r=g\",\"contentUrl\":\"https:\\\/\\\/secure.gravatar.com\\\/avatar\\\/57de8e5d4b15d43fb361a71fbb36338450fe67865b528a43dd10ef7c51a20392?s=96&d=mm&r=g\",\"caption\":\"La Sentinelle\"},\"sameAs\":[\"http:\\\/\\\/www.lasentinelle.dz\"],\"url\":\"https:\\\/\\\/lasentinelle.dz\\\/author\\\/redaction\\\/\"}]}<\/script>\n<!-- \/ Yoast SEO plugin. -->","yoast_head_json":{"title":"Abderrahmane Benbouzid, ministre de la sant\u00e9\u00a0: \u00abLes maladies rares sont prises en charge\u00bb - La Sentinelle","robots":{"index":"index","follow":"follow","max-snippet":"max-snippet:-1","max-image-preview":"max-image-preview:large","max-video-preview":"max-video-preview:-1"},"canonical":"https:\/\/lasentinelle.dz\/index.php\/2022\/06\/28\/abderrahmane-benbouzid-ministre-de-la-sante-les-maladies-rares-sont-prises-en-charge\/","og_locale":"fr_FR","og_type":"article","og_title":"Abderrahmane Benbouzid, ministre de la sant\u00e9\u00a0: \u00abLes maladies rares sont prises en charge\u00bb - La Sentinelle","og_description":"Le ministre de la sant\u00e9, Abderrahmane Benbouzid, a indiqu\u00e9 que les maladies rares sont prises en charge\u00a0\u00bb.&nbsp;&nbsp;Intervenant lors de la","og_url":"https:\/\/lasentinelle.dz\/index.php\/2022\/06\/28\/abderrahmane-benbouzid-ministre-de-la-sante-les-maladies-rares-sont-prises-en-charge\/","og_site_name":"La Sentinelle","article_publisher":"https:\/\/www.facebook.com\/La-Sentinelle-104059864394773","article_published_time":"2022-06-28T14:17:45+00:00","article_modified_time":"2022-06-28T14:17:47+00:00","og_image":[{"width":1427,"height":900,"url":"https:\/\/lasentinelle.dz\/wp-content\/uploads\/2022\/04\/Benbouzid.png","type":"image\/png"}],"author":"La Sentinelle","twitter_card":"summary_large_image","twitter_misc":{"\u00c9crit par":"La Sentinelle","Dur\u00e9e de lecture estim\u00e9e":"3 minutes"},"schema":{"@context":"https:\/\/schema.org","@graph":[{"@type":"Article","@id":"https:\/\/lasentinelle.dz\/index.php\/2022\/06\/28\/abderrahmane-benbouzid-ministre-de-la-sante-les-maladies-rares-sont-prises-en-charge\/#article","isPartOf":{"@id":"https:\/\/lasentinelle.dz\/index.php\/2022\/06\/28\/abderrahmane-benbouzid-ministre-de-la-sante-les-maladies-rares-sont-prises-en-charge\/"},"author":{"name":"La Sentinelle","@id":"https:\/\/lasentinelle.dz\/#\/schema\/person\/d865044e22e70a75174ce8bcad3acfb3"},"headline":"Abderrahmane Benbouzid, ministre de la sant\u00e9\u00a0: \u00abLes maladies rares sont prises en charge\u00bb","datePublished":"2022-06-28T14:17:45+00:00","dateModified":"2022-06-28T14:17:47+00:00","mainEntityOfPage":{"@id":"https:\/\/lasentinelle.dz\/index.php\/2022\/06\/28\/abderrahmane-benbouzid-ministre-de-la-sante-les-maladies-rares-sont-prises-en-charge\/"},"wordCount":590,"commentCount":0,"publisher":{"@id":"https:\/\/lasentinelle.dz\/#organization"},"image":{"@id":"https:\/\/lasentinelle.dz\/index.php\/2022\/06\/28\/abderrahmane-benbouzid-ministre-de-la-sante-les-maladies-rares-sont-prises-en-charge\/#primaryimage"},"thumbnailUrl":"https:\/\/lasentinelle.dz\/wp-content\/uploads\/2022\/04\/Benbouzid.png","articleSection":["\u00c0 la Une","Actualit\u00e9"],"inLanguage":"fr-FR","potentialAction":[{"@type":"CommentAction","name":"Comment","target":["https:\/\/lasentinelle.dz\/index.php\/2022\/06\/28\/abderrahmane-benbouzid-ministre-de-la-sante-les-maladies-rares-sont-prises-en-charge\/#respond"]}]},{"@type":"WebPage","@id":"https:\/\/lasentinelle.dz\/index.php\/2022\/06\/28\/abderrahmane-benbouzid-ministre-de-la-sante-les-maladies-rares-sont-prises-en-charge\/","url":"https:\/\/lasentinelle.dz\/index.php\/2022\/06\/28\/abderrahmane-benbouzid-ministre-de-la-sante-les-maladies-rares-sont-prises-en-charge\/","name":"Abderrahmane Benbouzid, ministre de la sant\u00e9\u00a0: \u00abLes maladies rares sont prises en charge\u00bb - La Sentinelle","isPartOf":{"@id":"https:\/\/lasentinelle.dz\/#website"},"primaryImageOfPage":{"@id":"https:\/\/lasentinelle.dz\/index.php\/2022\/06\/28\/abderrahmane-benbouzid-ministre-de-la-sante-les-maladies-rares-sont-prises-en-charge\/#primaryimage"},"image":{"@id":"https:\/\/lasentinelle.dz\/index.php\/2022\/06\/28\/abderrahmane-benbouzid-ministre-de-la-sante-les-maladies-rares-sont-prises-en-charge\/#primaryimage"},"thumbnailUrl":"https:\/\/lasentinelle.dz\/wp-content\/uploads\/2022\/04\/Benbouzid.png","datePublished":"2022-06-28T14:17:45+00:00","dateModified":"2022-06-28T14:17:47+00:00","breadcrumb":{"@id":"https:\/\/lasentinelle.dz\/index.php\/2022\/06\/28\/abderrahmane-benbouzid-ministre-de-la-sante-les-maladies-rares-sont-prises-en-charge\/#breadcrumb"},"inLanguage":"fr-FR","potentialAction":[{"@type":"ReadAction","target":["https:\/\/lasentinelle.dz\/index.php\/2022\/06\/28\/abderrahmane-benbouzid-ministre-de-la-sante-les-maladies-rares-sont-prises-en-charge\/"]}]},{"@type":"ImageObject","inLanguage":"fr-FR","@id":"https:\/\/lasentinelle.dz\/index.php\/2022\/06\/28\/abderrahmane-benbouzid-ministre-de-la-sante-les-maladies-rares-sont-prises-en-charge\/#primaryimage","url":"https:\/\/lasentinelle.dz\/wp-content\/uploads\/2022\/04\/Benbouzid.png","contentUrl":"https:\/\/lasentinelle.dz\/wp-content\/uploads\/2022\/04\/Benbouzid.png","width":1427,"height":900},{"@type":"BreadcrumbList","@id":"https:\/\/lasentinelle.dz\/index.php\/2022\/06\/28\/abderrahmane-benbouzid-ministre-de-la-sante-les-maladies-rares-sont-prises-en-charge\/#breadcrumb","itemListElement":[{"@type":"ListItem","position":1,"name":"Accueil","item":"https:\/\/lasentinelle.dz\/"},{"@type":"ListItem","position":2,"name":"Abderrahmane Benbouzid, ministre de la sant\u00e9\u00a0: \u00abLes maladies rares sont prises en charge\u00bb"}]},{"@type":"WebSite","@id":"https:\/\/lasentinelle.dz\/#website","url":"https:\/\/lasentinelle.dz\/","name":"La Sentinelle","description":"Quotidien national d&#039;information","publisher":{"@id":"https:\/\/lasentinelle.dz\/#organization"},"potentialAction":[{"@type":"SearchAction","target":{"@type":"EntryPoint","urlTemplate":"https:\/\/lasentinelle.dz\/?s={search_term_string}"},"query-input":{"@type":"PropertyValueSpecification","valueRequired":true,"valueName":"search_term_string"}}],"inLanguage":"fr-FR"},{"@type":"Organization","@id":"https:\/\/lasentinelle.dz\/#organization","name":"Quotidien La Sentinelle","url":"https:\/\/lasentinelle.dz\/","logo":{"@type":"ImageObject","inLanguage":"fr-FR","@id":"https:\/\/lasentinelle.dz\/#\/schema\/logo\/image\/","url":"https:\/\/lasentinelle.dz\/wp-content\/uploads\/2021\/09\/logo-sentinelleSLOGAN-1.png","contentUrl":"https:\/\/lasentinelle.dz\/wp-content\/uploads\/2021\/09\/logo-sentinelleSLOGAN-1.png","width":615,"height":142,"caption":"Quotidien La Sentinelle"},"image":{"@id":"https:\/\/lasentinelle.dz\/#\/schema\/logo\/image\/"},"sameAs":["https:\/\/www.facebook.com\/La-Sentinelle-104059864394773"]},{"@type":"Person","@id":"https:\/\/lasentinelle.dz\/#\/schema\/person\/d865044e22e70a75174ce8bcad3acfb3","name":"La Sentinelle","image":{"@type":"ImageObject","inLanguage":"fr-FR","@id":"https:\/\/secure.gravatar.com\/avatar\/57de8e5d4b15d43fb361a71fbb36338450fe67865b528a43dd10ef7c51a20392?s=96&d=mm&r=g","url":"https:\/\/secure.gravatar.com\/avatar\/57de8e5d4b15d43fb361a71fbb36338450fe67865b528a43dd10ef7c51a20392?s=96&d=mm&r=g","contentUrl":"https:\/\/secure.gravatar.com\/avatar\/57de8e5d4b15d43fb361a71fbb36338450fe67865b528a43dd10ef7c51a20392?s=96&d=mm&r=g","caption":"La Sentinelle"},"sameAs":["http:\/\/www.lasentinelle.dz"],"url":"https:\/\/lasentinelle.dz\/author\/redaction\/"}]}},"_links":{"self":[{"href":"https:\/\/lasentinelle.dz\/index.php\/wp-json\/wp\/v2\/posts\/23221","targetHints":{"allow":["GET"]}}],"collection":[{"href":"https:\/\/lasentinelle.dz\/index.php\/wp-json\/wp\/v2\/posts"}],"about":[{"href":"https:\/\/lasentinelle.dz\/index.php\/wp-json\/wp\/v2\/types\/post"}],"author":[{"embeddable":true,"href":"https:\/\/lasentinelle.dz\/index.php\/wp-json\/wp\/v2\/users\/3"}],"replies":[{"embeddable":true,"href":"https:\/\/lasentinelle.dz\/index.php\/wp-json\/wp\/v2\/comments?post=23221"}],"version-history":[{"count":1,"href":"https:\/\/lasentinelle.dz\/index.php\/wp-json\/wp\/v2\/posts\/23221\/revisions"}],"predecessor-version":[{"id":23225,"href":"https:\/\/lasentinelle.dz\/index.php\/wp-json\/wp\/v2\/posts\/23221\/revisions\/23225"}],"wp:featuredmedia":[{"embeddable":true,"href":"https:\/\/lasentinelle.dz\/index.php\/wp-json\/wp\/v2\/media\/19465"}],"wp:attachment":[{"href":"https:\/\/lasentinelle.dz\/index.php\/wp-json\/wp\/v2\/media?parent=23221"}],"wp:term":[{"taxonomy":"category","embeddable":true,"href":"https:\/\/lasentinelle.dz\/index.php\/wp-json\/wp\/v2\/categories?post=23221"},{"taxonomy":"post_tag","embeddable":true,"href":"https:\/\/lasentinelle.dz\/index.php\/wp-json\/wp\/v2\/tags?post=23221"}],"curies":[{"name":"wp","href":"https:\/\/api.w.org\/{rel}","templated":true}]}}