{"id":23233,"date":"2022-06-28T15:49:02","date_gmt":"2022-06-28T14:49:02","guid":{"rendered":"https:\/\/lasentinelle.dz\/?p=23233"},"modified":"2022-06-28T15:49:10","modified_gmt":"2022-06-28T14:49:10","slug":"biskra-saisie-de-81-livres-du-saint-coran-portant-les-couleurs-arc-en-ciel","status":"publish","type":"post","link":"https:\/\/lasentinelle.dz\/index.php\/2022\/06\/28\/biskra-saisie-de-81-livres-du-saint-coran-portant-les-couleurs-arc-en-ciel\/","title":{"rendered":"Biskra\u00a0:\u00a0\u00a0Saisie de 81 livres du Saint Coran portant les couleurs arc\u00a0en ciel"},"content":{"rendered":"\n<p>La d\u00e9couverte, une premi\u00e8re du genre, a mis en \u00e9mois les habitants de la wilaya de Biskra.<\/p>\n\n\n\n<p>En effet, 81 livres du Saint Coran, dont les pages portent les couleurs de gais et de pervers ont \u00e9t\u00e9 saisis, par la police, apprend \u2013on de source s\u00e9curitaire. Selon les d\u00e9tails sur cette affaire, ces livres portant les couleurs pastelles de l\u2019arc en ciel,&nbsp;&nbsp;symbole de la communaut\u00e9 des gais \u00e9taient mis en vente en plein centre-ville de Biskra.&nbsp;&nbsp;Aussit\u00f4t inform\u00e9s, les \u00e9l\u00e9ments de la brigade \u00e9conomique et financi\u00e8re, relevant de la s\u00fbret\u00e9 de wilaya de Biskra, accompagn\u00e9s des \u00e9l\u00e9ments de la direction du commerce, ont op\u00e9r\u00e9 des contr\u00f4les dans plusieurs biblioth\u00e8ques o\u00f9, \u00e9taient mises en vente, des dizaines de copies du saint coran soul\u00e9, nous dit-on.&nbsp;&nbsp;Au total, pas moins de 81 livres du sacr\u00e9 Coran ont \u00e9t\u00e9 saisis par les services, a pr\u00e9cis\u00e9 la m\u00eame source.&nbsp;&nbsp;Les copies suspectes ont \u00e9t\u00e9 orient\u00e9es pour v\u00e9rification, \u00e0 la commission scientifique relevant de la direction des affaires religieuses,&nbsp;&nbsp;&nbsp;a conclu que ces livres ont \u00e9t\u00e9 imprim\u00e9s dans des pays arabes et occidentaux, a ajout\u00e9 notre source. Alors qu\u2019une enqu\u00eate a \u00e9t\u00e9 ouverte, pour remonter \u00e0 l\u2019origine de l\u2019entr\u00e9e de ces copies du saint livre du coran \u00e0 la wilaya de Biskra,&nbsp;&nbsp;les saisies ont \u00e9t\u00e9 d\u00e9truites, a conclu la m\u00eame source.&nbsp;&nbsp;Il convient de souligner que, cette affaire risque de ne pas \u00eatre un cas isol\u00e9,&nbsp;&nbsp;il est utile de noter que, la communaut\u00e9 des gais a recours \u00e0 plusieurs tentatives pour r\u00e9pandre ses id\u00e9es venimeuses et ses convictions m\u00e9prisables par plusieurs m\u00e9thodes, par les jouets et appareils pour enfants largement utilis\u00e9s, ainsi que des v\u00eatements&nbsp;&nbsp;et d&rsquo;autres fins, ce qui impose plus de prudence citoyenne et&nbsp;&nbsp;le renforcement du contr\u00f4le des autorit\u00e9s comp\u00e9tentes, la direction du commerce entre autres.<\/p>\n\n\n\n<p>&nbsp;&nbsp;&nbsp;&nbsp;&nbsp;&nbsp;&nbsp;&nbsp;&nbsp;&nbsp;&nbsp;&nbsp;&nbsp;&nbsp;&nbsp;&nbsp;&nbsp;&nbsp;&nbsp;&nbsp;&nbsp;&nbsp;&nbsp;&nbsp;&nbsp;&nbsp;&nbsp;&nbsp;&nbsp;&nbsp;&nbsp;&nbsp;&nbsp;&nbsp;&nbsp;&nbsp;&nbsp;&nbsp;&nbsp;&nbsp;&nbsp;&nbsp;&nbsp;&nbsp;&nbsp;&nbsp;&nbsp;&nbsp;&nbsp;&nbsp;&nbsp;&nbsp;&nbsp;&nbsp;&nbsp;&nbsp;&nbsp;&nbsp;&nbsp;&nbsp;&nbsp;SOFIA CHAHINE<\/p>\n","protected":false},"excerpt":{"rendered":"<p>La d\u00e9couverte, une premi\u00e8re du genre, a mis en \u00e9mois les habitants de la wilaya de Biskra. En effet, 81<\/p>\n","protected":false},"author":3,"featured_media":23237,"comment_status":"open","ping_status":"closed","sticky":false,"template":"","format":"standard","meta":{"colormag_page_container_layout":"default_layout","colormag_page_sidebar_layout":"default_layout","om_disable_all_campaigns":false,"_monsterinsights_skip_tracking":false,"_monsterinsights_sitenote_active":false,"_monsterinsights_sitenote_note":"","_monsterinsights_sitenote_category":0,"footnotes":"","_wpscppro_dont_share_socialmedia":false,"_wpscppro_custom_social_share_image":0,"_facebook_share_type":"","_twitter_share_type":"","_linkedin_share_type":"","_pinterest_share_type":"","_linkedin_share_type_page":"","_instagram_share_type":"","_medium_share_type":"","_threads_share_type":"","_google_business_share_type":"","_selected_social_profile":[],"_wpsp_enable_custom_social_template":false,"_wpsp_social_scheduling":{"enabled":false,"datetime":null,"platforms":[],"status":"template_only","dateOption":"today","timeOption":"now","customDays":"","customHours":"","customDate":"","customTime":"","schedulingType":"absolute"},"_wpsp_active_default_template":true},"categories":[31],"tags":[],"class_list":["post-23233","post","type-post","status-publish","format-standard","has-post-thumbnail","hentry","category-regions"],"aioseo_notices":[],"yoast_head":"<!-- This site is optimized with the Yoast SEO plugin v27.5 - https:\/\/yoast.com\/product\/yoast-seo-wordpress\/ -->\n<title>Biskra\u00a0:\u00a0\u00a0Saisie de 81 livres du Saint Coran portant les couleurs arc\u00a0en ciel - La Sentinelle<\/title>\n<meta name=\"robots\" content=\"index, follow, max-snippet:-1, max-image-preview:large, max-video-preview:-1\" \/>\n<link rel=\"canonical\" href=\"https:\/\/lasentinelle.dz\/index.php\/2022\/06\/28\/biskra-saisie-de-81-livres-du-saint-coran-portant-les-couleurs-arc-en-ciel\/\" \/>\n<meta property=\"og:locale\" content=\"fr_FR\" \/>\n<meta property=\"og:type\" content=\"article\" \/>\n<meta property=\"og:title\" content=\"Biskra\u00a0:\u00a0\u00a0Saisie de 81 livres du Saint Coran portant les couleurs arc\u00a0en ciel - La Sentinelle\" \/>\n<meta property=\"og:description\" content=\"La d\u00e9couverte, une premi\u00e8re du genre, a mis en \u00e9mois les habitants de la wilaya de Biskra. En effet, 81\" \/>\n<meta property=\"og:url\" content=\"https:\/\/lasentinelle.dz\/index.php\/2022\/06\/28\/biskra-saisie-de-81-livres-du-saint-coran-portant-les-couleurs-arc-en-ciel\/\" \/>\n<meta property=\"og:site_name\" content=\"La Sentinelle\" \/>\n<meta property=\"article:publisher\" content=\"https:\/\/www.facebook.com\/La-Sentinelle-104059864394773\" \/>\n<meta property=\"article:published_time\" content=\"2022-06-28T14:49:02+00:00\" \/>\n<meta property=\"article:modified_time\" content=\"2022-06-28T14:49:10+00:00\" \/>\n<meta property=\"og:image\" content=\"https:\/\/lasentinelle.dz\/wp-content\/uploads\/2022\/06\/mushaf-multicolore.jpg\" \/>\n\t<meta property=\"og:image:width\" content=\"640\" \/>\n\t<meta property=\"og:image:height\" content=\"427\" \/>\n\t<meta property=\"og:image:type\" content=\"image\/jpeg\" \/>\n<meta name=\"author\" content=\"La Sentinelle\" \/>\n<meta name=\"twitter:card\" content=\"summary_large_image\" \/>\n<meta name=\"twitter:label1\" content=\"\u00c9crit par\" \/>\n\t<meta name=\"twitter:data1\" content=\"La Sentinelle\" \/>\n\t<meta name=\"twitter:label2\" content=\"Dur\u00e9e de lecture estim\u00e9e\" \/>\n\t<meta name=\"twitter:data2\" content=\"2 minutes\" \/>\n<script type=\"application\/ld+json\" class=\"yoast-schema-graph\">{\"@context\":\"https:\\\/\\\/schema.org\",\"@graph\":[{\"@type\":\"Article\",\"@id\":\"https:\\\/\\\/lasentinelle.dz\\\/index.php\\\/2022\\\/06\\\/28\\\/biskra-saisie-de-81-livres-du-saint-coran-portant-les-couleurs-arc-en-ciel\\\/#article\",\"isPartOf\":{\"@id\":\"https:\\\/\\\/lasentinelle.dz\\\/index.php\\\/2022\\\/06\\\/28\\\/biskra-saisie-de-81-livres-du-saint-coran-portant-les-couleurs-arc-en-ciel\\\/\"},\"author\":{\"name\":\"La Sentinelle\",\"@id\":\"https:\\\/\\\/lasentinelle.dz\\\/#\\\/schema\\\/person\\\/d865044e22e70a75174ce8bcad3acfb3\"},\"headline\":\"Biskra\u00a0:\u00a0\u00a0Saisie de 81 livres du Saint Coran portant les couleurs arc\u00a0en ciel\",\"datePublished\":\"2022-06-28T14:49:02+00:00\",\"dateModified\":\"2022-06-28T14:49:10+00:00\",\"mainEntityOfPage\":{\"@id\":\"https:\\\/\\\/lasentinelle.dz\\\/index.php\\\/2022\\\/06\\\/28\\\/biskra-saisie-de-81-livres-du-saint-coran-portant-les-couleurs-arc-en-ciel\\\/\"},\"wordCount\":425,\"commentCount\":0,\"publisher\":{\"@id\":\"https:\\\/\\\/lasentinelle.dz\\\/#organization\"},\"image\":{\"@id\":\"https:\\\/\\\/lasentinelle.dz\\\/index.php\\\/2022\\\/06\\\/28\\\/biskra-saisie-de-81-livres-du-saint-coran-portant-les-couleurs-arc-en-ciel\\\/#primaryimage\"},\"thumbnailUrl\":\"https:\\\/\\\/lasentinelle.dz\\\/wp-content\\\/uploads\\\/2022\\\/06\\\/mushaf-multicolore.jpg\",\"articleSection\":[\"R\u00e9gions\"],\"inLanguage\":\"fr-FR\",\"potentialAction\":[{\"@type\":\"CommentAction\",\"name\":\"Comment\",\"target\":[\"https:\\\/\\\/lasentinelle.dz\\\/index.php\\\/2022\\\/06\\\/28\\\/biskra-saisie-de-81-livres-du-saint-coran-portant-les-couleurs-arc-en-ciel\\\/#respond\"]}]},{\"@type\":\"WebPage\",\"@id\":\"https:\\\/\\\/lasentinelle.dz\\\/index.php\\\/2022\\\/06\\\/28\\\/biskra-saisie-de-81-livres-du-saint-coran-portant-les-couleurs-arc-en-ciel\\\/\",\"url\":\"https:\\\/\\\/lasentinelle.dz\\\/index.php\\\/2022\\\/06\\\/28\\\/biskra-saisie-de-81-livres-du-saint-coran-portant-les-couleurs-arc-en-ciel\\\/\",\"name\":\"Biskra\u00a0:\u00a0\u00a0Saisie de 81 livres du Saint Coran portant les couleurs arc\u00a0en ciel - La Sentinelle\",\"isPartOf\":{\"@id\":\"https:\\\/\\\/lasentinelle.dz\\\/#website\"},\"primaryImageOfPage\":{\"@id\":\"https:\\\/\\\/lasentinelle.dz\\\/index.php\\\/2022\\\/06\\\/28\\\/biskra-saisie-de-81-livres-du-saint-coran-portant-les-couleurs-arc-en-ciel\\\/#primaryimage\"},\"image\":{\"@id\":\"https:\\\/\\\/lasentinelle.dz\\\/index.php\\\/2022\\\/06\\\/28\\\/biskra-saisie-de-81-livres-du-saint-coran-portant-les-couleurs-arc-en-ciel\\\/#primaryimage\"},\"thumbnailUrl\":\"https:\\\/\\\/lasentinelle.dz\\\/wp-content\\\/uploads\\\/2022\\\/06\\\/mushaf-multicolore.jpg\",\"datePublished\":\"2022-06-28T14:49:02+00:00\",\"dateModified\":\"2022-06-28T14:49:10+00:00\",\"breadcrumb\":{\"@id\":\"https:\\\/\\\/lasentinelle.dz\\\/index.php\\\/2022\\\/06\\\/28\\\/biskra-saisie-de-81-livres-du-saint-coran-portant-les-couleurs-arc-en-ciel\\\/#breadcrumb\"},\"inLanguage\":\"fr-FR\",\"potentialAction\":[{\"@type\":\"ReadAction\",\"target\":[\"https:\\\/\\\/lasentinelle.dz\\\/index.php\\\/2022\\\/06\\\/28\\\/biskra-saisie-de-81-livres-du-saint-coran-portant-les-couleurs-arc-en-ciel\\\/\"]}]},{\"@type\":\"ImageObject\",\"inLanguage\":\"fr-FR\",\"@id\":\"https:\\\/\\\/lasentinelle.dz\\\/index.php\\\/2022\\\/06\\\/28\\\/biskra-saisie-de-81-livres-du-saint-coran-portant-les-couleurs-arc-en-ciel\\\/#primaryimage\",\"url\":\"https:\\\/\\\/lasentinelle.dz\\\/wp-content\\\/uploads\\\/2022\\\/06\\\/mushaf-multicolore.jpg\",\"contentUrl\":\"https:\\\/\\\/lasentinelle.dz\\\/wp-content\\\/uploads\\\/2022\\\/06\\\/mushaf-multicolore.jpg\",\"width\":640,\"height\":427},{\"@type\":\"BreadcrumbList\",\"@id\":\"https:\\\/\\\/lasentinelle.dz\\\/index.php\\\/2022\\\/06\\\/28\\\/biskra-saisie-de-81-livres-du-saint-coran-portant-les-couleurs-arc-en-ciel\\\/#breadcrumb\",\"itemListElement\":[{\"@type\":\"ListItem\",\"position\":1,\"name\":\"Accueil\",\"item\":\"https:\\\/\\\/lasentinelle.dz\\\/\"},{\"@type\":\"ListItem\",\"position\":2,\"name\":\"Biskra\u00a0:\u00a0\u00a0Saisie de 81 livres du Saint Coran portant les couleurs arc\u00a0en ciel\"}]},{\"@type\":\"WebSite\",\"@id\":\"https:\\\/\\\/lasentinelle.dz\\\/#website\",\"url\":\"https:\\\/\\\/lasentinelle.dz\\\/\",\"name\":\"La Sentinelle\",\"description\":\"Quotidien national d&#039;information\",\"publisher\":{\"@id\":\"https:\\\/\\\/lasentinelle.dz\\\/#organization\"},\"potentialAction\":[{\"@type\":\"SearchAction\",\"target\":{\"@type\":\"EntryPoint\",\"urlTemplate\":\"https:\\\/\\\/lasentinelle.dz\\\/?s={search_term_string}\"},\"query-input\":{\"@type\":\"PropertyValueSpecification\",\"valueRequired\":true,\"valueName\":\"search_term_string\"}}],\"inLanguage\":\"fr-FR\"},{\"@type\":\"Organization\",\"@id\":\"https:\\\/\\\/lasentinelle.dz\\\/#organization\",\"name\":\"Quotidien La Sentinelle\",\"url\":\"https:\\\/\\\/lasentinelle.dz\\\/\",\"logo\":{\"@type\":\"ImageObject\",\"inLanguage\":\"fr-FR\",\"@id\":\"https:\\\/\\\/lasentinelle.dz\\\/#\\\/schema\\\/logo\\\/image\\\/\",\"url\":\"https:\\\/\\\/lasentinelle.dz\\\/wp-content\\\/uploads\\\/2021\\\/09\\\/logo-sentinelleSLOGAN-1.png\",\"contentUrl\":\"https:\\\/\\\/lasentinelle.dz\\\/wp-content\\\/uploads\\\/2021\\\/09\\\/logo-sentinelleSLOGAN-1.png\",\"width\":615,\"height\":142,\"caption\":\"Quotidien La Sentinelle\"},\"image\":{\"@id\":\"https:\\\/\\\/lasentinelle.dz\\\/#\\\/schema\\\/logo\\\/image\\\/\"},\"sameAs\":[\"https:\\\/\\\/www.facebook.com\\\/La-Sentinelle-104059864394773\"]},{\"@type\":\"Person\",\"@id\":\"https:\\\/\\\/lasentinelle.dz\\\/#\\\/schema\\\/person\\\/d865044e22e70a75174ce8bcad3acfb3\",\"name\":\"La Sentinelle\",\"image\":{\"@type\":\"ImageObject\",\"inLanguage\":\"fr-FR\",\"@id\":\"https:\\\/\\\/secure.gravatar.com\\\/avatar\\\/57de8e5d4b15d43fb361a71fbb36338450fe67865b528a43dd10ef7c51a20392?s=96&d=mm&r=g\",\"url\":\"https:\\\/\\\/secure.gravatar.com\\\/avatar\\\/57de8e5d4b15d43fb361a71fbb36338450fe67865b528a43dd10ef7c51a20392?s=96&d=mm&r=g\",\"contentUrl\":\"https:\\\/\\\/secure.gravatar.com\\\/avatar\\\/57de8e5d4b15d43fb361a71fbb36338450fe67865b528a43dd10ef7c51a20392?s=96&d=mm&r=g\",\"caption\":\"La Sentinelle\"},\"sameAs\":[\"http:\\\/\\\/www.lasentinelle.dz\"],\"url\":\"https:\\\/\\\/lasentinelle.dz\\\/author\\\/redaction\\\/\"}]}<\/script>\n<!-- \/ Yoast SEO plugin. -->","yoast_head_json":{"title":"Biskra\u00a0:\u00a0\u00a0Saisie de 81 livres du Saint Coran portant les couleurs arc\u00a0en ciel - La Sentinelle","robots":{"index":"index","follow":"follow","max-snippet":"max-snippet:-1","max-image-preview":"max-image-preview:large","max-video-preview":"max-video-preview:-1"},"canonical":"https:\/\/lasentinelle.dz\/index.php\/2022\/06\/28\/biskra-saisie-de-81-livres-du-saint-coran-portant-les-couleurs-arc-en-ciel\/","og_locale":"fr_FR","og_type":"article","og_title":"Biskra\u00a0:\u00a0\u00a0Saisie de 81 livres du Saint Coran portant les couleurs arc\u00a0en ciel - La Sentinelle","og_description":"La d\u00e9couverte, une premi\u00e8re du genre, a mis en \u00e9mois les habitants de la wilaya de Biskra. En effet, 81","og_url":"https:\/\/lasentinelle.dz\/index.php\/2022\/06\/28\/biskra-saisie-de-81-livres-du-saint-coran-portant-les-couleurs-arc-en-ciel\/","og_site_name":"La Sentinelle","article_publisher":"https:\/\/www.facebook.com\/La-Sentinelle-104059864394773","article_published_time":"2022-06-28T14:49:02+00:00","article_modified_time":"2022-06-28T14:49:10+00:00","og_image":[{"width":640,"height":427,"url":"https:\/\/lasentinelle.dz\/wp-content\/uploads\/2022\/06\/mushaf-multicolore.jpg","type":"image\/jpeg"}],"author":"La Sentinelle","twitter_card":"summary_large_image","twitter_misc":{"\u00c9crit par":"La Sentinelle","Dur\u00e9e de lecture estim\u00e9e":"2 minutes"},"schema":{"@context":"https:\/\/schema.org","@graph":[{"@type":"Article","@id":"https:\/\/lasentinelle.dz\/index.php\/2022\/06\/28\/biskra-saisie-de-81-livres-du-saint-coran-portant-les-couleurs-arc-en-ciel\/#article","isPartOf":{"@id":"https:\/\/lasentinelle.dz\/index.php\/2022\/06\/28\/biskra-saisie-de-81-livres-du-saint-coran-portant-les-couleurs-arc-en-ciel\/"},"author":{"name":"La Sentinelle","@id":"https:\/\/lasentinelle.dz\/#\/schema\/person\/d865044e22e70a75174ce8bcad3acfb3"},"headline":"Biskra\u00a0:\u00a0\u00a0Saisie de 81 livres du Saint Coran portant les couleurs arc\u00a0en ciel","datePublished":"2022-06-28T14:49:02+00:00","dateModified":"2022-06-28T14:49:10+00:00","mainEntityOfPage":{"@id":"https:\/\/lasentinelle.dz\/index.php\/2022\/06\/28\/biskra-saisie-de-81-livres-du-saint-coran-portant-les-couleurs-arc-en-ciel\/"},"wordCount":425,"commentCount":0,"publisher":{"@id":"https:\/\/lasentinelle.dz\/#organization"},"image":{"@id":"https:\/\/lasentinelle.dz\/index.php\/2022\/06\/28\/biskra-saisie-de-81-livres-du-saint-coran-portant-les-couleurs-arc-en-ciel\/#primaryimage"},"thumbnailUrl":"https:\/\/lasentinelle.dz\/wp-content\/uploads\/2022\/06\/mushaf-multicolore.jpg","articleSection":["R\u00e9gions"],"inLanguage":"fr-FR","potentialAction":[{"@type":"CommentAction","name":"Comment","target":["https:\/\/lasentinelle.dz\/index.php\/2022\/06\/28\/biskra-saisie-de-81-livres-du-saint-coran-portant-les-couleurs-arc-en-ciel\/#respond"]}]},{"@type":"WebPage","@id":"https:\/\/lasentinelle.dz\/index.php\/2022\/06\/28\/biskra-saisie-de-81-livres-du-saint-coran-portant-les-couleurs-arc-en-ciel\/","url":"https:\/\/lasentinelle.dz\/index.php\/2022\/06\/28\/biskra-saisie-de-81-livres-du-saint-coran-portant-les-couleurs-arc-en-ciel\/","name":"Biskra\u00a0:\u00a0\u00a0Saisie de 81 livres du Saint Coran portant les couleurs arc\u00a0en ciel - La Sentinelle","isPartOf":{"@id":"https:\/\/lasentinelle.dz\/#website"},"primaryImageOfPage":{"@id":"https:\/\/lasentinelle.dz\/index.php\/2022\/06\/28\/biskra-saisie-de-81-livres-du-saint-coran-portant-les-couleurs-arc-en-ciel\/#primaryimage"},"image":{"@id":"https:\/\/lasentinelle.dz\/index.php\/2022\/06\/28\/biskra-saisie-de-81-livres-du-saint-coran-portant-les-couleurs-arc-en-ciel\/#primaryimage"},"thumbnailUrl":"https:\/\/lasentinelle.dz\/wp-content\/uploads\/2022\/06\/mushaf-multicolore.jpg","datePublished":"2022-06-28T14:49:02+00:00","dateModified":"2022-06-28T14:49:10+00:00","breadcrumb":{"@id":"https:\/\/lasentinelle.dz\/index.php\/2022\/06\/28\/biskra-saisie-de-81-livres-du-saint-coran-portant-les-couleurs-arc-en-ciel\/#breadcrumb"},"inLanguage":"fr-FR","potentialAction":[{"@type":"ReadAction","target":["https:\/\/lasentinelle.dz\/index.php\/2022\/06\/28\/biskra-saisie-de-81-livres-du-saint-coran-portant-les-couleurs-arc-en-ciel\/"]}]},{"@type":"ImageObject","inLanguage":"fr-FR","@id":"https:\/\/lasentinelle.dz\/index.php\/2022\/06\/28\/biskra-saisie-de-81-livres-du-saint-coran-portant-les-couleurs-arc-en-ciel\/#primaryimage","url":"https:\/\/lasentinelle.dz\/wp-content\/uploads\/2022\/06\/mushaf-multicolore.jpg","contentUrl":"https:\/\/lasentinelle.dz\/wp-content\/uploads\/2022\/06\/mushaf-multicolore.jpg","width":640,"height":427},{"@type":"BreadcrumbList","@id":"https:\/\/lasentinelle.dz\/index.php\/2022\/06\/28\/biskra-saisie-de-81-livres-du-saint-coran-portant-les-couleurs-arc-en-ciel\/#breadcrumb","itemListElement":[{"@type":"ListItem","position":1,"name":"Accueil","item":"https:\/\/lasentinelle.dz\/"},{"@type":"ListItem","position":2,"name":"Biskra\u00a0:\u00a0\u00a0Saisie de 81 livres du Saint Coran portant les couleurs arc\u00a0en ciel"}]},{"@type":"WebSite","@id":"https:\/\/lasentinelle.dz\/#website","url":"https:\/\/lasentinelle.dz\/","name":"La Sentinelle","description":"Quotidien national d&#039;information","publisher":{"@id":"https:\/\/lasentinelle.dz\/#organization"},"potentialAction":[{"@type":"SearchAction","target":{"@type":"EntryPoint","urlTemplate":"https:\/\/lasentinelle.dz\/?s={search_term_string}"},"query-input":{"@type":"PropertyValueSpecification","valueRequired":true,"valueName":"search_term_string"}}],"inLanguage":"fr-FR"},{"@type":"Organization","@id":"https:\/\/lasentinelle.dz\/#organization","name":"Quotidien La Sentinelle","url":"https:\/\/lasentinelle.dz\/","logo":{"@type":"ImageObject","inLanguage":"fr-FR","@id":"https:\/\/lasentinelle.dz\/#\/schema\/logo\/image\/","url":"https:\/\/lasentinelle.dz\/wp-content\/uploads\/2021\/09\/logo-sentinelleSLOGAN-1.png","contentUrl":"https:\/\/lasentinelle.dz\/wp-content\/uploads\/2021\/09\/logo-sentinelleSLOGAN-1.png","width":615,"height":142,"caption":"Quotidien La Sentinelle"},"image":{"@id":"https:\/\/lasentinelle.dz\/#\/schema\/logo\/image\/"},"sameAs":["https:\/\/www.facebook.com\/La-Sentinelle-104059864394773"]},{"@type":"Person","@id":"https:\/\/lasentinelle.dz\/#\/schema\/person\/d865044e22e70a75174ce8bcad3acfb3","name":"La Sentinelle","image":{"@type":"ImageObject","inLanguage":"fr-FR","@id":"https:\/\/secure.gravatar.com\/avatar\/57de8e5d4b15d43fb361a71fbb36338450fe67865b528a43dd10ef7c51a20392?s=96&d=mm&r=g","url":"https:\/\/secure.gravatar.com\/avatar\/57de8e5d4b15d43fb361a71fbb36338450fe67865b528a43dd10ef7c51a20392?s=96&d=mm&r=g","contentUrl":"https:\/\/secure.gravatar.com\/avatar\/57de8e5d4b15d43fb361a71fbb36338450fe67865b528a43dd10ef7c51a20392?s=96&d=mm&r=g","caption":"La Sentinelle"},"sameAs":["http:\/\/www.lasentinelle.dz"],"url":"https:\/\/lasentinelle.dz\/author\/redaction\/"}]}},"_links":{"self":[{"href":"https:\/\/lasentinelle.dz\/index.php\/wp-json\/wp\/v2\/posts\/23233","targetHints":{"allow":["GET"]}}],"collection":[{"href":"https:\/\/lasentinelle.dz\/index.php\/wp-json\/wp\/v2\/posts"}],"about":[{"href":"https:\/\/lasentinelle.dz\/index.php\/wp-json\/wp\/v2\/types\/post"}],"author":[{"embeddable":true,"href":"https:\/\/lasentinelle.dz\/index.php\/wp-json\/wp\/v2\/users\/3"}],"replies":[{"embeddable":true,"href":"https:\/\/lasentinelle.dz\/index.php\/wp-json\/wp\/v2\/comments?post=23233"}],"version-history":[{"count":1,"href":"https:\/\/lasentinelle.dz\/index.php\/wp-json\/wp\/v2\/posts\/23233\/revisions"}],"predecessor-version":[{"id":23238,"href":"https:\/\/lasentinelle.dz\/index.php\/wp-json\/wp\/v2\/posts\/23233\/revisions\/23238"}],"wp:featuredmedia":[{"embeddable":true,"href":"https:\/\/lasentinelle.dz\/index.php\/wp-json\/wp\/v2\/media\/23237"}],"wp:attachment":[{"href":"https:\/\/lasentinelle.dz\/index.php\/wp-json\/wp\/v2\/media?parent=23233"}],"wp:term":[{"taxonomy":"category","embeddable":true,"href":"https:\/\/lasentinelle.dz\/index.php\/wp-json\/wp\/v2\/categories?post=23233"},{"taxonomy":"post_tag","embeddable":true,"href":"https:\/\/lasentinelle.dz\/index.php\/wp-json\/wp\/v2\/tags?post=23233"}],"curies":[{"name":"wp","href":"https:\/\/api.w.org\/{rel}","templated":true}]}}