{"id":23236,"date":"2022-06-28T15:55:41","date_gmt":"2022-06-28T14:55:41","guid":{"rendered":"https:\/\/lasentinelle.dz\/?p=23236"},"modified":"2022-06-28T15:55:43","modified_gmt":"2022-06-28T14:55:43","slug":"drame-de-melilla-plusieurs-voix-denoncent-une-reponse-disproportionnee-du-maroc","status":"publish","type":"post","link":"https:\/\/lasentinelle.dz\/index.php\/2022\/06\/28\/drame-de-melilla-plusieurs-voix-denoncent-une-reponse-disproportionnee-du-maroc\/","title":{"rendered":"\u00a0Drame de Melilla: plusieurs voix d\u00e9noncent une \u00ab\u00a0r\u00e9ponse disproportionn\u00e9e\u00a0\u00bb du Maroc"},"content":{"rendered":"\n<p>Plusieurs voix ont exprim\u00e9 leur indignation face au drame survenu vendredi, quand 23 migrants d&rsquo;origine africaine sont morts en tentant d&rsquo;entrer dans l&rsquo;enclave espagnole de Melilla, d\u00e9nonc\u00e9 l&rsquo;usage \u00ab\u00a0disproportionn\u00e9\u00a0\u00bb de la force par la police marocaine et r\u00e9clam\u00e9 une enqu\u00eate sur cette trag\u00e9die migratoire.<\/p>\n\n\n\n<p>Selon un dernier bilan actualis\u00e9 donn\u00e9 samedi par les autorit\u00e9s de Nador (la ville la plus proche de Melilla, situ\u00e9e dans le nord du Maroc), au moins 23 migrants africains ont p\u00e9ri apr\u00e8s l&rsquo;intervention brutale de la police marocaine qui tentait d&#8217;emp\u00eacher pr\u00e8s de 2.000 d&rsquo;entre eux d&rsquo;entrer dans l&rsquo;enclave espagnole.<\/p>\n\n\n\n<p>De nombreuses vid\u00e9os et images ont circul\u00e9 sur les r\u00e9seaux sociaux montrant des dizaines de migrants au sol, quasiment inertes. Certaines montraient \u00e9galement les forces de s\u00e9curit\u00e9 marocaines en train de tabasser des migrants et d&rsquo;autres, des affrontements violents entre les deux parties.<\/p>\n\n\n\n<p>Des sc\u00e8nes choquantes qui ont provoqu\u00e9 \u00e9moi et consternation \u00e0 travers le monde et soulev\u00e9 l&rsquo;indignation au Maroc, en Espagne et ailleurs.<\/p>\n\n\n\n<p>Appels \u00e0 une enqu\u00eate ind\u00e9pendante<\/p>\n\n\n\n<p>Se disant \u00ab\u00a0choqu\u00e9\u00a0\u00bb et \u00ab\u00a0pr\u00e9occup\u00e9\u00a0\u00bb, le pr\u00e9sident de la Commission de l&rsquo;Union africaine (UA), Moussa Faki Mahamat, a d\u00e9nonc\u00e9 \u00ab\u00a0le traitement violent et d\u00e9gradant de migrants africains\u00a0\u00bb que leur ont r\u00e9serv\u00e9 les forces de s\u00e9curit\u00e9 marocaines.<\/p>\n\n\n\n<p>\u00ab\u00a0J&rsquo;appelle \u00e0 une enqu\u00eate imm\u00e9diate sur la question et rappelle \u00e0 tous les pays leurs obligations en vertu du droit international de traiter tous les migrants avec dignit\u00e9 et de donner la priorit\u00e9 \u00e0 leur s\u00e9curit\u00e9 et \u00e0 leurs droits humains, tout en s&rsquo;abstenant de recourir \u00e0 une force excessive\u00a0\u00bb, a-t-il ajout\u00e9 dans un communiqu\u00e9 publi\u00e9 sur le site de l&rsquo;UA.<\/p>\n\n\n\n<p>Pour sa part, la commissaire europ\u00e9enne aux Affaires int\u00e9rieures, Ylva Johansson, a qualifi\u00e9 de \u00ab\u00a0profond\u00e9ment troublants\u00a0\u00bb les \u00e9v\u00e8nements survenus vendredi au poste fronti\u00e8re de Melilla. \u00ab\u00a0Ces \u00e9v\u00e8nements sont profond\u00e9ment troublants en raison des pertes en vies humaines (&#8230;)\u00a0\u00bb, a-t-elle \u00e9crit dimanche sur son compte Twitter.<\/p>\n\n\n\n<p>Et de poursuivre : \u00ab\u00a0Cette trag\u00e9die souligne pourquoi nous avons besoin de voies s\u00fbres, r\u00e9alistes et \u00e0 long terme qui r\u00e9duisent les tentatives d&rsquo;immigration irr\u00e9guli\u00e8re\u00a0\u00bb.<\/p>\n\n\n\n<p>Lire aussi: Drame de Melilla: l&rsquo;UA d\u00e9nonce le traitement violent des migrants et r\u00e9clame une enqu\u00eate<\/p>\n\n\n\n<p>Par ailleurs, moult appels ont \u00e9t\u00e9 lanc\u00e9s samedi en Espagne, au Maroc et ailleurs, pour r\u00e9clamer \u00ab\u00a0une enqu\u00eate ind\u00e9pendante\u00a0\u00bb sur cette trag\u00e9die.<\/p>\n\n\n\n<p>\u00ab\u00a0Nous appelons \u00e0 l&rsquo;ouverture d&rsquo;une enqu\u00eate rapide et transparente\u00a0\u00bb, a d\u00e9clar\u00e9 aux m\u00e9dias, Mohamed Amine Abidar, le pr\u00e9sident de la section de l&rsquo;Association marocaine des droits de l&rsquo;Homme (AMDH) \u00e0 Nador.<\/p>\n\n\n\n<p>De son c\u00f4t\u00e9, l&rsquo;ONG espagnole Caminando Fronteras, sp\u00e9cialiste des migrations entre l&rsquo;Afrique et l&rsquo;Espagne, a exig\u00e9 \u00ab\u00a0l&rsquo;ouverture imm\u00e9diate d&rsquo;une enqu\u00eate judiciaire ind\u00e9pendante du c\u00f4t\u00e9 marocain comme espagnol, ainsi qu&rsquo;au niveau international pour faire toute la lumi\u00e8re sur ce drame humain\u00a0\u00bb.<\/p>\n\n\n\n<p>Pour sa part, Eduardo de Castro, le pr\u00e9sident (maire) de Melilla et plus haute autorit\u00e9 politique de cette ville autonome, a d\u00e9nonc\u00e9 une \u00ab\u00a0r\u00e9ponse disproportionn\u00e9e\u00a0\u00bb du Maroc \u00e0 la tentative de passage des migrants.<\/p>\n\n\n\n<p>\u00ab\u00a0Le Maroc se permet certaines choses qui ne seraient pas acceptables\u00a0\u00bb en Espagne, a-t-il d\u00e9plor\u00e9.<\/p>\n\n\n\n<p>Situ\u00e9es sur la c\u00f4te nord du Maroc, Melilla et l&rsquo;autre enclave espagnole de Ceuta sont les seules fronti\u00e8res terrestres de l&rsquo;Union europ\u00e9enne (UE) sur le continent africain et font r\u00e9guli\u00e8rement l&rsquo;objet de tentatives d&rsquo;entr\u00e9e de la part de migrants cherchant \u00e0 rejoindre l&rsquo;Europe.<\/p>\n\n\n\n<p>Le bilan de 23 morts est le plus meurtrier jamais enregistr\u00e9 lors des nombreuses tentatives de migrants subsahariens d&rsquo;entrer \u00e0 Melilla et Ceuta.&nbsp;<\/p>\n\n\n\n<p>APS<\/p>\n","protected":false},"excerpt":{"rendered":"<p>Plusieurs voix ont exprim\u00e9 leur indignation face au drame survenu vendredi, quand 23 migrants d&rsquo;origine africaine sont morts en tentant<\/p>\n","protected":false},"author":3,"featured_media":23242,"comment_status":"open","ping_status":"closed","sticky":false,"template":"","format":"standard","meta":{"colormag_page_container_layout":"default_layout","colormag_page_sidebar_layout":"default_layout","om_disable_all_campaigns":false,"_monsterinsights_skip_tracking":false,"_monsterinsights_sitenote_active":false,"_monsterinsights_sitenote_note":"","_monsterinsights_sitenote_category":0,"footnotes":"","_wpscppro_dont_share_socialmedia":false,"_wpscppro_custom_social_share_image":0,"_facebook_share_type":"","_twitter_share_type":"","_linkedin_share_type":"","_pinterest_share_type":"","_linkedin_share_type_page":"","_instagram_share_type":"","_medium_share_type":"","_threads_share_type":"","_google_business_share_type":"","_selected_social_profile":[],"_wpsp_enable_custom_social_template":false,"_wpsp_social_scheduling":{"enabled":false,"datetime":null,"platforms":[],"status":"template_only","dateOption":"today","timeOption":"now","customDays":"","customHours":"","customDate":"","customTime":"","schedulingType":"absolute"},"_wpsp_active_default_template":true},"categories":[37],"tags":[],"class_list":["post-23236","post","type-post","status-publish","format-standard","has-post-thumbnail","hentry","category-monde"],"aioseo_notices":[],"yoast_head":"<!-- This site is optimized with the Yoast SEO plugin v27.5 - https:\/\/yoast.com\/product\/yoast-seo-wordpress\/ -->\n<title>\u00a0Drame de Melilla: plusieurs voix d\u00e9noncent une &quot;r\u00e9ponse disproportionn\u00e9e&quot; du Maroc - La Sentinelle<\/title>\n<meta name=\"robots\" content=\"index, follow, max-snippet:-1, max-image-preview:large, max-video-preview:-1\" \/>\n<link rel=\"canonical\" href=\"https:\/\/lasentinelle.dz\/index.php\/2022\/06\/28\/drame-de-melilla-plusieurs-voix-denoncent-une-reponse-disproportionnee-du-maroc\/\" \/>\n<meta property=\"og:locale\" content=\"fr_FR\" \/>\n<meta property=\"og:type\" content=\"article\" \/>\n<meta property=\"og:title\" content=\"\u00a0Drame de Melilla: plusieurs voix d\u00e9noncent une &quot;r\u00e9ponse disproportionn\u00e9e&quot; du Maroc - La Sentinelle\" \/>\n<meta property=\"og:description\" content=\"Plusieurs voix ont exprim\u00e9 leur indignation face au drame survenu vendredi, quand 23 migrants d&rsquo;origine africaine sont morts en tentant\" \/>\n<meta property=\"og:url\" content=\"https:\/\/lasentinelle.dz\/index.php\/2022\/06\/28\/drame-de-melilla-plusieurs-voix-denoncent-une-reponse-disproportionnee-du-maroc\/\" \/>\n<meta property=\"og:site_name\" content=\"La Sentinelle\" \/>\n<meta property=\"article:publisher\" content=\"https:\/\/www.facebook.com\/La-Sentinelle-104059864394773\" \/>\n<meta property=\"article:published_time\" content=\"2022-06-28T14:55:41+00:00\" \/>\n<meta property=\"article:modified_time\" content=\"2022-06-28T14:55:43+00:00\" \/>\n<meta property=\"og:image\" content=\"https:\/\/lasentinelle.dz\/wp-content\/uploads\/2022\/06\/Melila.jpg\" \/>\n\t<meta property=\"og:image:width\" content=\"1600\" \/>\n\t<meta property=\"og:image:height\" content=\"1067\" \/>\n\t<meta property=\"og:image:type\" content=\"image\/jpeg\" \/>\n<meta name=\"author\" content=\"La Sentinelle\" \/>\n<meta name=\"twitter:card\" content=\"summary_large_image\" \/>\n<meta name=\"twitter:label1\" content=\"\u00c9crit par\" \/>\n\t<meta name=\"twitter:data1\" content=\"La Sentinelle\" \/>\n\t<meta name=\"twitter:label2\" content=\"Dur\u00e9e de lecture estim\u00e9e\" \/>\n\t<meta name=\"twitter:data2\" content=\"3 minutes\" \/>\n<script type=\"application\/ld+json\" class=\"yoast-schema-graph\">{\"@context\":\"https:\\\/\\\/schema.org\",\"@graph\":[{\"@type\":\"Article\",\"@id\":\"https:\\\/\\\/lasentinelle.dz\\\/index.php\\\/2022\\\/06\\\/28\\\/drame-de-melilla-plusieurs-voix-denoncent-une-reponse-disproportionnee-du-maroc\\\/#article\",\"isPartOf\":{\"@id\":\"https:\\\/\\\/lasentinelle.dz\\\/index.php\\\/2022\\\/06\\\/28\\\/drame-de-melilla-plusieurs-voix-denoncent-une-reponse-disproportionnee-du-maroc\\\/\"},\"author\":{\"name\":\"La Sentinelle\",\"@id\":\"https:\\\/\\\/lasentinelle.dz\\\/#\\\/schema\\\/person\\\/d865044e22e70a75174ce8bcad3acfb3\"},\"headline\":\"\u00a0Drame de Melilla: plusieurs voix d\u00e9noncent une \u00ab\u00a0r\u00e9ponse disproportionn\u00e9e\u00a0\u00bb du Maroc\",\"datePublished\":\"2022-06-28T14:55:41+00:00\",\"dateModified\":\"2022-06-28T14:55:43+00:00\",\"mainEntityOfPage\":{\"@id\":\"https:\\\/\\\/lasentinelle.dz\\\/index.php\\\/2022\\\/06\\\/28\\\/drame-de-melilla-plusieurs-voix-denoncent-une-reponse-disproportionnee-du-maroc\\\/\"},\"wordCount\":655,\"commentCount\":0,\"publisher\":{\"@id\":\"https:\\\/\\\/lasentinelle.dz\\\/#organization\"},\"image\":{\"@id\":\"https:\\\/\\\/lasentinelle.dz\\\/index.php\\\/2022\\\/06\\\/28\\\/drame-de-melilla-plusieurs-voix-denoncent-une-reponse-disproportionnee-du-maroc\\\/#primaryimage\"},\"thumbnailUrl\":\"https:\\\/\\\/lasentinelle.dz\\\/wp-content\\\/uploads\\\/2022\\\/06\\\/Melila.jpg\",\"articleSection\":[\"Monde\"],\"inLanguage\":\"fr-FR\",\"potentialAction\":[{\"@type\":\"CommentAction\",\"name\":\"Comment\",\"target\":[\"https:\\\/\\\/lasentinelle.dz\\\/index.php\\\/2022\\\/06\\\/28\\\/drame-de-melilla-plusieurs-voix-denoncent-une-reponse-disproportionnee-du-maroc\\\/#respond\"]}]},{\"@type\":\"WebPage\",\"@id\":\"https:\\\/\\\/lasentinelle.dz\\\/index.php\\\/2022\\\/06\\\/28\\\/drame-de-melilla-plusieurs-voix-denoncent-une-reponse-disproportionnee-du-maroc\\\/\",\"url\":\"https:\\\/\\\/lasentinelle.dz\\\/index.php\\\/2022\\\/06\\\/28\\\/drame-de-melilla-plusieurs-voix-denoncent-une-reponse-disproportionnee-du-maroc\\\/\",\"name\":\"\u00a0Drame de Melilla: plusieurs voix d\u00e9noncent une \\\"r\u00e9ponse disproportionn\u00e9e\\\" du Maroc - La Sentinelle\",\"isPartOf\":{\"@id\":\"https:\\\/\\\/lasentinelle.dz\\\/#website\"},\"primaryImageOfPage\":{\"@id\":\"https:\\\/\\\/lasentinelle.dz\\\/index.php\\\/2022\\\/06\\\/28\\\/drame-de-melilla-plusieurs-voix-denoncent-une-reponse-disproportionnee-du-maroc\\\/#primaryimage\"},\"image\":{\"@id\":\"https:\\\/\\\/lasentinelle.dz\\\/index.php\\\/2022\\\/06\\\/28\\\/drame-de-melilla-plusieurs-voix-denoncent-une-reponse-disproportionnee-du-maroc\\\/#primaryimage\"},\"thumbnailUrl\":\"https:\\\/\\\/lasentinelle.dz\\\/wp-content\\\/uploads\\\/2022\\\/06\\\/Melila.jpg\",\"datePublished\":\"2022-06-28T14:55:41+00:00\",\"dateModified\":\"2022-06-28T14:55:43+00:00\",\"breadcrumb\":{\"@id\":\"https:\\\/\\\/lasentinelle.dz\\\/index.php\\\/2022\\\/06\\\/28\\\/drame-de-melilla-plusieurs-voix-denoncent-une-reponse-disproportionnee-du-maroc\\\/#breadcrumb\"},\"inLanguage\":\"fr-FR\",\"potentialAction\":[{\"@type\":\"ReadAction\",\"target\":[\"https:\\\/\\\/lasentinelle.dz\\\/index.php\\\/2022\\\/06\\\/28\\\/drame-de-melilla-plusieurs-voix-denoncent-une-reponse-disproportionnee-du-maroc\\\/\"]}]},{\"@type\":\"ImageObject\",\"inLanguage\":\"fr-FR\",\"@id\":\"https:\\\/\\\/lasentinelle.dz\\\/index.php\\\/2022\\\/06\\\/28\\\/drame-de-melilla-plusieurs-voix-denoncent-une-reponse-disproportionnee-du-maroc\\\/#primaryimage\",\"url\":\"https:\\\/\\\/lasentinelle.dz\\\/wp-content\\\/uploads\\\/2022\\\/06\\\/Melila.jpg\",\"contentUrl\":\"https:\\\/\\\/lasentinelle.dz\\\/wp-content\\\/uploads\\\/2022\\\/06\\\/Melila.jpg\",\"width\":1600,\"height\":1067},{\"@type\":\"BreadcrumbList\",\"@id\":\"https:\\\/\\\/lasentinelle.dz\\\/index.php\\\/2022\\\/06\\\/28\\\/drame-de-melilla-plusieurs-voix-denoncent-une-reponse-disproportionnee-du-maroc\\\/#breadcrumb\",\"itemListElement\":[{\"@type\":\"ListItem\",\"position\":1,\"name\":\"Accueil\",\"item\":\"https:\\\/\\\/lasentinelle.dz\\\/\"},{\"@type\":\"ListItem\",\"position\":2,\"name\":\"\u00a0Drame de Melilla: plusieurs voix d\u00e9noncent une \u00ab\u00a0r\u00e9ponse disproportionn\u00e9e\u00a0\u00bb du Maroc\"}]},{\"@type\":\"WebSite\",\"@id\":\"https:\\\/\\\/lasentinelle.dz\\\/#website\",\"url\":\"https:\\\/\\\/lasentinelle.dz\\\/\",\"name\":\"La Sentinelle\",\"description\":\"Quotidien national d&#039;information\",\"publisher\":{\"@id\":\"https:\\\/\\\/lasentinelle.dz\\\/#organization\"},\"potentialAction\":[{\"@type\":\"SearchAction\",\"target\":{\"@type\":\"EntryPoint\",\"urlTemplate\":\"https:\\\/\\\/lasentinelle.dz\\\/?s={search_term_string}\"},\"query-input\":{\"@type\":\"PropertyValueSpecification\",\"valueRequired\":true,\"valueName\":\"search_term_string\"}}],\"inLanguage\":\"fr-FR\"},{\"@type\":\"Organization\",\"@id\":\"https:\\\/\\\/lasentinelle.dz\\\/#organization\",\"name\":\"Quotidien La Sentinelle\",\"url\":\"https:\\\/\\\/lasentinelle.dz\\\/\",\"logo\":{\"@type\":\"ImageObject\",\"inLanguage\":\"fr-FR\",\"@id\":\"https:\\\/\\\/lasentinelle.dz\\\/#\\\/schema\\\/logo\\\/image\\\/\",\"url\":\"https:\\\/\\\/lasentinelle.dz\\\/wp-content\\\/uploads\\\/2021\\\/09\\\/logo-sentinelleSLOGAN-1.png\",\"contentUrl\":\"https:\\\/\\\/lasentinelle.dz\\\/wp-content\\\/uploads\\\/2021\\\/09\\\/logo-sentinelleSLOGAN-1.png\",\"width\":615,\"height\":142,\"caption\":\"Quotidien La Sentinelle\"},\"image\":{\"@id\":\"https:\\\/\\\/lasentinelle.dz\\\/#\\\/schema\\\/logo\\\/image\\\/\"},\"sameAs\":[\"https:\\\/\\\/www.facebook.com\\\/La-Sentinelle-104059864394773\"]},{\"@type\":\"Person\",\"@id\":\"https:\\\/\\\/lasentinelle.dz\\\/#\\\/schema\\\/person\\\/d865044e22e70a75174ce8bcad3acfb3\",\"name\":\"La Sentinelle\",\"image\":{\"@type\":\"ImageObject\",\"inLanguage\":\"fr-FR\",\"@id\":\"https:\\\/\\\/secure.gravatar.com\\\/avatar\\\/57de8e5d4b15d43fb361a71fbb36338450fe67865b528a43dd10ef7c51a20392?s=96&d=mm&r=g\",\"url\":\"https:\\\/\\\/secure.gravatar.com\\\/avatar\\\/57de8e5d4b15d43fb361a71fbb36338450fe67865b528a43dd10ef7c51a20392?s=96&d=mm&r=g\",\"contentUrl\":\"https:\\\/\\\/secure.gravatar.com\\\/avatar\\\/57de8e5d4b15d43fb361a71fbb36338450fe67865b528a43dd10ef7c51a20392?s=96&d=mm&r=g\",\"caption\":\"La Sentinelle\"},\"sameAs\":[\"http:\\\/\\\/www.lasentinelle.dz\"],\"url\":\"https:\\\/\\\/lasentinelle.dz\\\/author\\\/redaction\\\/\"}]}<\/script>\n<!-- \/ Yoast SEO plugin. -->","yoast_head_json":{"title":"\u00a0Drame de Melilla: plusieurs voix d\u00e9noncent une \"r\u00e9ponse disproportionn\u00e9e\" du Maroc - La Sentinelle","robots":{"index":"index","follow":"follow","max-snippet":"max-snippet:-1","max-image-preview":"max-image-preview:large","max-video-preview":"max-video-preview:-1"},"canonical":"https:\/\/lasentinelle.dz\/index.php\/2022\/06\/28\/drame-de-melilla-plusieurs-voix-denoncent-une-reponse-disproportionnee-du-maroc\/","og_locale":"fr_FR","og_type":"article","og_title":"\u00a0Drame de Melilla: plusieurs voix d\u00e9noncent une \"r\u00e9ponse disproportionn\u00e9e\" du Maroc - La Sentinelle","og_description":"Plusieurs voix ont exprim\u00e9 leur indignation face au drame survenu vendredi, quand 23 migrants d&rsquo;origine africaine sont morts en tentant","og_url":"https:\/\/lasentinelle.dz\/index.php\/2022\/06\/28\/drame-de-melilla-plusieurs-voix-denoncent-une-reponse-disproportionnee-du-maroc\/","og_site_name":"La Sentinelle","article_publisher":"https:\/\/www.facebook.com\/La-Sentinelle-104059864394773","article_published_time":"2022-06-28T14:55:41+00:00","article_modified_time":"2022-06-28T14:55:43+00:00","og_image":[{"width":1600,"height":1067,"url":"https:\/\/lasentinelle.dz\/wp-content\/uploads\/2022\/06\/Melila.jpg","type":"image\/jpeg"}],"author":"La Sentinelle","twitter_card":"summary_large_image","twitter_misc":{"\u00c9crit par":"La Sentinelle","Dur\u00e9e de lecture estim\u00e9e":"3 minutes"},"schema":{"@context":"https:\/\/schema.org","@graph":[{"@type":"Article","@id":"https:\/\/lasentinelle.dz\/index.php\/2022\/06\/28\/drame-de-melilla-plusieurs-voix-denoncent-une-reponse-disproportionnee-du-maroc\/#article","isPartOf":{"@id":"https:\/\/lasentinelle.dz\/index.php\/2022\/06\/28\/drame-de-melilla-plusieurs-voix-denoncent-une-reponse-disproportionnee-du-maroc\/"},"author":{"name":"La Sentinelle","@id":"https:\/\/lasentinelle.dz\/#\/schema\/person\/d865044e22e70a75174ce8bcad3acfb3"},"headline":"\u00a0Drame de Melilla: plusieurs voix d\u00e9noncent une \u00ab\u00a0r\u00e9ponse disproportionn\u00e9e\u00a0\u00bb du Maroc","datePublished":"2022-06-28T14:55:41+00:00","dateModified":"2022-06-28T14:55:43+00:00","mainEntityOfPage":{"@id":"https:\/\/lasentinelle.dz\/index.php\/2022\/06\/28\/drame-de-melilla-plusieurs-voix-denoncent-une-reponse-disproportionnee-du-maroc\/"},"wordCount":655,"commentCount":0,"publisher":{"@id":"https:\/\/lasentinelle.dz\/#organization"},"image":{"@id":"https:\/\/lasentinelle.dz\/index.php\/2022\/06\/28\/drame-de-melilla-plusieurs-voix-denoncent-une-reponse-disproportionnee-du-maroc\/#primaryimage"},"thumbnailUrl":"https:\/\/lasentinelle.dz\/wp-content\/uploads\/2022\/06\/Melila.jpg","articleSection":["Monde"],"inLanguage":"fr-FR","potentialAction":[{"@type":"CommentAction","name":"Comment","target":["https:\/\/lasentinelle.dz\/index.php\/2022\/06\/28\/drame-de-melilla-plusieurs-voix-denoncent-une-reponse-disproportionnee-du-maroc\/#respond"]}]},{"@type":"WebPage","@id":"https:\/\/lasentinelle.dz\/index.php\/2022\/06\/28\/drame-de-melilla-plusieurs-voix-denoncent-une-reponse-disproportionnee-du-maroc\/","url":"https:\/\/lasentinelle.dz\/index.php\/2022\/06\/28\/drame-de-melilla-plusieurs-voix-denoncent-une-reponse-disproportionnee-du-maroc\/","name":"\u00a0Drame de Melilla: plusieurs voix d\u00e9noncent une \"r\u00e9ponse disproportionn\u00e9e\" du Maroc - La Sentinelle","isPartOf":{"@id":"https:\/\/lasentinelle.dz\/#website"},"primaryImageOfPage":{"@id":"https:\/\/lasentinelle.dz\/index.php\/2022\/06\/28\/drame-de-melilla-plusieurs-voix-denoncent-une-reponse-disproportionnee-du-maroc\/#primaryimage"},"image":{"@id":"https:\/\/lasentinelle.dz\/index.php\/2022\/06\/28\/drame-de-melilla-plusieurs-voix-denoncent-une-reponse-disproportionnee-du-maroc\/#primaryimage"},"thumbnailUrl":"https:\/\/lasentinelle.dz\/wp-content\/uploads\/2022\/06\/Melila.jpg","datePublished":"2022-06-28T14:55:41+00:00","dateModified":"2022-06-28T14:55:43+00:00","breadcrumb":{"@id":"https:\/\/lasentinelle.dz\/index.php\/2022\/06\/28\/drame-de-melilla-plusieurs-voix-denoncent-une-reponse-disproportionnee-du-maroc\/#breadcrumb"},"inLanguage":"fr-FR","potentialAction":[{"@type":"ReadAction","target":["https:\/\/lasentinelle.dz\/index.php\/2022\/06\/28\/drame-de-melilla-plusieurs-voix-denoncent-une-reponse-disproportionnee-du-maroc\/"]}]},{"@type":"ImageObject","inLanguage":"fr-FR","@id":"https:\/\/lasentinelle.dz\/index.php\/2022\/06\/28\/drame-de-melilla-plusieurs-voix-denoncent-une-reponse-disproportionnee-du-maroc\/#primaryimage","url":"https:\/\/lasentinelle.dz\/wp-content\/uploads\/2022\/06\/Melila.jpg","contentUrl":"https:\/\/lasentinelle.dz\/wp-content\/uploads\/2022\/06\/Melila.jpg","width":1600,"height":1067},{"@type":"BreadcrumbList","@id":"https:\/\/lasentinelle.dz\/index.php\/2022\/06\/28\/drame-de-melilla-plusieurs-voix-denoncent-une-reponse-disproportionnee-du-maroc\/#breadcrumb","itemListElement":[{"@type":"ListItem","position":1,"name":"Accueil","item":"https:\/\/lasentinelle.dz\/"},{"@type":"ListItem","position":2,"name":"\u00a0Drame de Melilla: plusieurs voix d\u00e9noncent une \u00ab\u00a0r\u00e9ponse disproportionn\u00e9e\u00a0\u00bb du Maroc"}]},{"@type":"WebSite","@id":"https:\/\/lasentinelle.dz\/#website","url":"https:\/\/lasentinelle.dz\/","name":"La Sentinelle","description":"Quotidien national d&#039;information","publisher":{"@id":"https:\/\/lasentinelle.dz\/#organization"},"potentialAction":[{"@type":"SearchAction","target":{"@type":"EntryPoint","urlTemplate":"https:\/\/lasentinelle.dz\/?s={search_term_string}"},"query-input":{"@type":"PropertyValueSpecification","valueRequired":true,"valueName":"search_term_string"}}],"inLanguage":"fr-FR"},{"@type":"Organization","@id":"https:\/\/lasentinelle.dz\/#organization","name":"Quotidien La Sentinelle","url":"https:\/\/lasentinelle.dz\/","logo":{"@type":"ImageObject","inLanguage":"fr-FR","@id":"https:\/\/lasentinelle.dz\/#\/schema\/logo\/image\/","url":"https:\/\/lasentinelle.dz\/wp-content\/uploads\/2021\/09\/logo-sentinelleSLOGAN-1.png","contentUrl":"https:\/\/lasentinelle.dz\/wp-content\/uploads\/2021\/09\/logo-sentinelleSLOGAN-1.png","width":615,"height":142,"caption":"Quotidien La Sentinelle"},"image":{"@id":"https:\/\/lasentinelle.dz\/#\/schema\/logo\/image\/"},"sameAs":["https:\/\/www.facebook.com\/La-Sentinelle-104059864394773"]},{"@type":"Person","@id":"https:\/\/lasentinelle.dz\/#\/schema\/person\/d865044e22e70a75174ce8bcad3acfb3","name":"La Sentinelle","image":{"@type":"ImageObject","inLanguage":"fr-FR","@id":"https:\/\/secure.gravatar.com\/avatar\/57de8e5d4b15d43fb361a71fbb36338450fe67865b528a43dd10ef7c51a20392?s=96&d=mm&r=g","url":"https:\/\/secure.gravatar.com\/avatar\/57de8e5d4b15d43fb361a71fbb36338450fe67865b528a43dd10ef7c51a20392?s=96&d=mm&r=g","contentUrl":"https:\/\/secure.gravatar.com\/avatar\/57de8e5d4b15d43fb361a71fbb36338450fe67865b528a43dd10ef7c51a20392?s=96&d=mm&r=g","caption":"La Sentinelle"},"sameAs":["http:\/\/www.lasentinelle.dz"],"url":"https:\/\/lasentinelle.dz\/author\/redaction\/"}]}},"_links":{"self":[{"href":"https:\/\/lasentinelle.dz\/index.php\/wp-json\/wp\/v2\/posts\/23236","targetHints":{"allow":["GET"]}}],"collection":[{"href":"https:\/\/lasentinelle.dz\/index.php\/wp-json\/wp\/v2\/posts"}],"about":[{"href":"https:\/\/lasentinelle.dz\/index.php\/wp-json\/wp\/v2\/types\/post"}],"author":[{"embeddable":true,"href":"https:\/\/lasentinelle.dz\/index.php\/wp-json\/wp\/v2\/users\/3"}],"replies":[{"embeddable":true,"href":"https:\/\/lasentinelle.dz\/index.php\/wp-json\/wp\/v2\/comments?post=23236"}],"version-history":[{"count":1,"href":"https:\/\/lasentinelle.dz\/index.php\/wp-json\/wp\/v2\/posts\/23236\/revisions"}],"predecessor-version":[{"id":23252,"href":"https:\/\/lasentinelle.dz\/index.php\/wp-json\/wp\/v2\/posts\/23236\/revisions\/23252"}],"wp:featuredmedia":[{"embeddable":true,"href":"https:\/\/lasentinelle.dz\/index.php\/wp-json\/wp\/v2\/media\/23242"}],"wp:attachment":[{"href":"https:\/\/lasentinelle.dz\/index.php\/wp-json\/wp\/v2\/media?parent=23236"}],"wp:term":[{"taxonomy":"category","embeddable":true,"href":"https:\/\/lasentinelle.dz\/index.php\/wp-json\/wp\/v2\/categories?post=23236"},{"taxonomy":"post_tag","embeddable":true,"href":"https:\/\/lasentinelle.dz\/index.php\/wp-json\/wp\/v2\/tags?post=23236"}],"curies":[{"name":"wp","href":"https:\/\/api.w.org\/{rel}","templated":true}]}}