{"id":23245,"date":"2022-06-28T15:52:00","date_gmt":"2022-06-28T14:52:00","guid":{"rendered":"https:\/\/lasentinelle.dz\/?p=23245"},"modified":"2022-06-28T15:55:05","modified_gmt":"2022-06-28T14:55:05","slug":"apn-adoption-du-projet-de-loi-relative-a-linvestissement","status":"publish","type":"post","link":"https:\/\/lasentinelle.dz\/index.php\/2022\/06\/28\/apn-adoption-du-projet-de-loi-relative-a-linvestissement\/","title":{"rendered":"APN: adoption du projet de loi relative \u00e0 l&rsquo;investissement"},"content":{"rendered":"\n<p>Les d\u00e9put\u00e9s de l&rsquo;Assembl\u00e9e populaire nationale (APN) ont adopt\u00e9 lundi \u00e0 la majorit\u00e9 le projet de loi relative \u00e0 l&rsquo;investissement.<\/p>\n\n\n\n<p>Le vote s&rsquo;est d\u00e9roul\u00e9 lors d&rsquo;une s\u00e9ance avec d\u00e9bat restreint, pr\u00e9sid\u00e9e par M. Brahim Boughali, pr\u00e9sident de l&rsquo;APN, en pr\u00e9sence du ministre de l&rsquo;Industrie, Ahmed Zeghdar et de la ministre des Relations avec le Parlement, Besma Azouar.<\/p>\n\n\n\n<p>Le ministre de l&rsquo;Industrie avait pr\u00e9sent\u00e9 un expos\u00e9 sur les principales mesures contenues dans le texte de loi, lesquelles visent dans leur ensemble \u00e0 d\u00e9velopper les secteurs d\u2019activit\u00e9s prioritaires \u00e0 forte valeur ajout\u00e9e, assurer un d\u00e9veloppement territorial durable et \u00e9quilibr\u00e9, valoriser les ressources naturelles et les mati\u00e8res premi\u00e8res locales, favoriser le transfert technologique et d\u00e9velopper l\u2019innovation et l\u2019\u00e9conomie de la connaissance.<\/p>\n\n\n\n<p>Le texte cible \u00e9galement la g\u00e9n\u00e9ralisation de l&rsquo;utilisation des technologies nouvelles, la dynamisation de la cr\u00e9ation d\u2019emplois p\u00e9rennes, la promotion de la comp\u00e9tence des ressources humaines, et le renforcement et l&rsquo;am\u00e9lioration de la comp\u00e9titivit\u00e9 et la capacit\u00e9 d\u2019exportation de l\u2019\u00e9conomie nationale.<\/p>\n\n\n\n<p>La commission des affaires \u00e9conomiques, du d\u00e9veloppement, de l&rsquo;industrie, du commerce et de la planification \u00e0 l&rsquo;APN a \u00e9galement pr\u00e9sent\u00e9 lors de cette s\u00e9ance son rapport sur le texte de loi sur l&rsquo;investissement dans lequel elle a mis en avant l&rsquo;importance des mesures visant la lev\u00e9e des barri\u00e8res entravant l&rsquo;investissement national et \u00e9tranger.<\/p>\n\n\n\n<p>Elle a mis l&rsquo;accent sur l&rsquo;urgence de promulguer les textes d&rsquo;application de cette loi, tout en veillant \u00e0 la mise en place des politiques d&rsquo;accompagnement au titre d&rsquo;une vision prospective et inclusive.<\/p>\n\n\n\n<p>Dans son rapport, la commission a dit avoir pris acte avec satisfaction \u00ab\u00a0des mesures visant \u00e0 r\u00e9instaurer l&rsquo;\u00e9quilibre r\u00e9gional, notamment dans les r\u00e9gions du Sud, du grand sud et des hauts-plateaux, et ce \u00e0 la faveur du lancement d&rsquo;activit\u00e9s productives\u00a0\u00bb.<\/p>\n\n\n\n<p>&nbsp;APS<\/p>\n","protected":false},"excerpt":{"rendered":"<p>Les d\u00e9put\u00e9s de l&rsquo;Assembl\u00e9e populaire nationale (APN) ont adopt\u00e9 lundi \u00e0 la majorit\u00e9 le projet de loi relative \u00e0 l&rsquo;investissement.<\/p>\n","protected":false},"author":3,"featured_media":23250,"comment_status":"open","ping_status":"closed","sticky":false,"template":"","format":"standard","meta":{"colormag_page_container_layout":"default_layout","colormag_page_sidebar_layout":"default_layout","om_disable_all_campaigns":false,"_monsterinsights_skip_tracking":false,"_monsterinsights_sitenote_active":false,"_monsterinsights_sitenote_note":"","_monsterinsights_sitenote_category":0,"footnotes":"","_wpscppro_dont_share_socialmedia":false,"_wpscppro_custom_social_share_image":0,"_facebook_share_type":"","_twitter_share_type":"","_linkedin_share_type":"","_pinterest_share_type":"","_linkedin_share_type_page":"","_instagram_share_type":"","_medium_share_type":"","_threads_share_type":"","_google_business_share_type":"","_selected_social_profile":[],"_wpsp_enable_custom_social_template":false,"_wpsp_social_scheduling":{"enabled":false,"datetime":null,"platforms":[],"status":"template_only","dateOption":"today","timeOption":"now","customDays":"","customHours":"","customDate":"","customTime":"","schedulingType":"absolute"},"_wpsp_active_default_template":true},"categories":[27],"tags":[],"class_list":["post-23245","post","type-post","status-publish","format-standard","has-post-thumbnail","hentry","category-actualite"],"aioseo_notices":[],"yoast_head":"<!-- This site is optimized with the Yoast SEO plugin v27.5 - https:\/\/yoast.com\/product\/yoast-seo-wordpress\/ -->\n<title>APN: adoption du projet de loi relative \u00e0 l&#039;investissement - La Sentinelle<\/title>\n<meta name=\"robots\" content=\"index, follow, max-snippet:-1, max-image-preview:large, max-video-preview:-1\" \/>\n<link rel=\"canonical\" href=\"https:\/\/lasentinelle.dz\/index.php\/2022\/06\/28\/apn-adoption-du-projet-de-loi-relative-a-linvestissement\/\" \/>\n<meta property=\"og:locale\" content=\"fr_FR\" \/>\n<meta property=\"og:type\" content=\"article\" \/>\n<meta property=\"og:title\" content=\"APN: adoption du projet de loi relative \u00e0 l&#039;investissement - La Sentinelle\" \/>\n<meta property=\"og:description\" content=\"Les d\u00e9put\u00e9s de l&rsquo;Assembl\u00e9e populaire nationale (APN) ont adopt\u00e9 lundi \u00e0 la majorit\u00e9 le projet de loi relative \u00e0 l&rsquo;investissement.\" \/>\n<meta property=\"og:url\" content=\"https:\/\/lasentinelle.dz\/index.php\/2022\/06\/28\/apn-adoption-du-projet-de-loi-relative-a-linvestissement\/\" \/>\n<meta property=\"og:site_name\" content=\"La Sentinelle\" \/>\n<meta property=\"article:publisher\" content=\"https:\/\/www.facebook.com\/La-Sentinelle-104059864394773\" \/>\n<meta property=\"article:published_time\" content=\"2022-06-28T14:52:00+00:00\" \/>\n<meta property=\"article:modified_time\" content=\"2022-06-28T14:55:05+00:00\" \/>\n<meta property=\"og:image\" content=\"https:\/\/lasentinelle.dz\/wp-content\/uploads\/2022\/06\/Unknown-1-2.jpeg\" \/>\n\t<meta property=\"og:image:width\" content=\"297\" \/>\n\t<meta property=\"og:image:height\" content=\"170\" \/>\n\t<meta property=\"og:image:type\" content=\"image\/jpeg\" \/>\n<meta name=\"author\" content=\"La Sentinelle\" \/>\n<meta name=\"twitter:card\" content=\"summary_large_image\" \/>\n<meta name=\"twitter:label1\" content=\"\u00c9crit par\" \/>\n\t<meta name=\"twitter:data1\" content=\"La Sentinelle\" \/>\n\t<meta name=\"twitter:label2\" content=\"Dur\u00e9e de lecture estim\u00e9e\" \/>\n\t<meta name=\"twitter:data2\" content=\"2 minutes\" \/>\n<script type=\"application\/ld+json\" class=\"yoast-schema-graph\">{\"@context\":\"https:\\\/\\\/schema.org\",\"@graph\":[{\"@type\":\"Article\",\"@id\":\"https:\\\/\\\/lasentinelle.dz\\\/index.php\\\/2022\\\/06\\\/28\\\/apn-adoption-du-projet-de-loi-relative-a-linvestissement\\\/#article\",\"isPartOf\":{\"@id\":\"https:\\\/\\\/lasentinelle.dz\\\/index.php\\\/2022\\\/06\\\/28\\\/apn-adoption-du-projet-de-loi-relative-a-linvestissement\\\/\"},\"author\":{\"name\":\"La Sentinelle\",\"@id\":\"https:\\\/\\\/lasentinelle.dz\\\/#\\\/schema\\\/person\\\/d865044e22e70a75174ce8bcad3acfb3\"},\"headline\":\"APN: adoption du projet de loi relative \u00e0 l&rsquo;investissement\",\"datePublished\":\"2022-06-28T14:52:00+00:00\",\"dateModified\":\"2022-06-28T14:55:05+00:00\",\"mainEntityOfPage\":{\"@id\":\"https:\\\/\\\/lasentinelle.dz\\\/index.php\\\/2022\\\/06\\\/28\\\/apn-adoption-du-projet-de-loi-relative-a-linvestissement\\\/\"},\"wordCount\":348,\"commentCount\":0,\"publisher\":{\"@id\":\"https:\\\/\\\/lasentinelle.dz\\\/#organization\"},\"image\":{\"@id\":\"https:\\\/\\\/lasentinelle.dz\\\/index.php\\\/2022\\\/06\\\/28\\\/apn-adoption-du-projet-de-loi-relative-a-linvestissement\\\/#primaryimage\"},\"thumbnailUrl\":\"https:\\\/\\\/lasentinelle.dz\\\/wp-content\\\/uploads\\\/2022\\\/06\\\/Unknown-1-2.jpeg\",\"articleSection\":[\"Actualit\u00e9\"],\"inLanguage\":\"fr-FR\",\"potentialAction\":[{\"@type\":\"CommentAction\",\"name\":\"Comment\",\"target\":[\"https:\\\/\\\/lasentinelle.dz\\\/index.php\\\/2022\\\/06\\\/28\\\/apn-adoption-du-projet-de-loi-relative-a-linvestissement\\\/#respond\"]}]},{\"@type\":\"WebPage\",\"@id\":\"https:\\\/\\\/lasentinelle.dz\\\/index.php\\\/2022\\\/06\\\/28\\\/apn-adoption-du-projet-de-loi-relative-a-linvestissement\\\/\",\"url\":\"https:\\\/\\\/lasentinelle.dz\\\/index.php\\\/2022\\\/06\\\/28\\\/apn-adoption-du-projet-de-loi-relative-a-linvestissement\\\/\",\"name\":\"APN: adoption du projet de loi relative \u00e0 l'investissement - La Sentinelle\",\"isPartOf\":{\"@id\":\"https:\\\/\\\/lasentinelle.dz\\\/#website\"},\"primaryImageOfPage\":{\"@id\":\"https:\\\/\\\/lasentinelle.dz\\\/index.php\\\/2022\\\/06\\\/28\\\/apn-adoption-du-projet-de-loi-relative-a-linvestissement\\\/#primaryimage\"},\"image\":{\"@id\":\"https:\\\/\\\/lasentinelle.dz\\\/index.php\\\/2022\\\/06\\\/28\\\/apn-adoption-du-projet-de-loi-relative-a-linvestissement\\\/#primaryimage\"},\"thumbnailUrl\":\"https:\\\/\\\/lasentinelle.dz\\\/wp-content\\\/uploads\\\/2022\\\/06\\\/Unknown-1-2.jpeg\",\"datePublished\":\"2022-06-28T14:52:00+00:00\",\"dateModified\":\"2022-06-28T14:55:05+00:00\",\"breadcrumb\":{\"@id\":\"https:\\\/\\\/lasentinelle.dz\\\/index.php\\\/2022\\\/06\\\/28\\\/apn-adoption-du-projet-de-loi-relative-a-linvestissement\\\/#breadcrumb\"},\"inLanguage\":\"fr-FR\",\"potentialAction\":[{\"@type\":\"ReadAction\",\"target\":[\"https:\\\/\\\/lasentinelle.dz\\\/index.php\\\/2022\\\/06\\\/28\\\/apn-adoption-du-projet-de-loi-relative-a-linvestissement\\\/\"]}]},{\"@type\":\"ImageObject\",\"inLanguage\":\"fr-FR\",\"@id\":\"https:\\\/\\\/lasentinelle.dz\\\/index.php\\\/2022\\\/06\\\/28\\\/apn-adoption-du-projet-de-loi-relative-a-linvestissement\\\/#primaryimage\",\"url\":\"https:\\\/\\\/lasentinelle.dz\\\/wp-content\\\/uploads\\\/2022\\\/06\\\/Unknown-1-2.jpeg\",\"contentUrl\":\"https:\\\/\\\/lasentinelle.dz\\\/wp-content\\\/uploads\\\/2022\\\/06\\\/Unknown-1-2.jpeg\",\"width\":297,\"height\":170},{\"@type\":\"BreadcrumbList\",\"@id\":\"https:\\\/\\\/lasentinelle.dz\\\/index.php\\\/2022\\\/06\\\/28\\\/apn-adoption-du-projet-de-loi-relative-a-linvestissement\\\/#breadcrumb\",\"itemListElement\":[{\"@type\":\"ListItem\",\"position\":1,\"name\":\"Accueil\",\"item\":\"https:\\\/\\\/lasentinelle.dz\\\/\"},{\"@type\":\"ListItem\",\"position\":2,\"name\":\"APN: adoption du projet de loi relative \u00e0 l&rsquo;investissement\"}]},{\"@type\":\"WebSite\",\"@id\":\"https:\\\/\\\/lasentinelle.dz\\\/#website\",\"url\":\"https:\\\/\\\/lasentinelle.dz\\\/\",\"name\":\"La Sentinelle\",\"description\":\"Quotidien national d&#039;information\",\"publisher\":{\"@id\":\"https:\\\/\\\/lasentinelle.dz\\\/#organization\"},\"potentialAction\":[{\"@type\":\"SearchAction\",\"target\":{\"@type\":\"EntryPoint\",\"urlTemplate\":\"https:\\\/\\\/lasentinelle.dz\\\/?s={search_term_string}\"},\"query-input\":{\"@type\":\"PropertyValueSpecification\",\"valueRequired\":true,\"valueName\":\"search_term_string\"}}],\"inLanguage\":\"fr-FR\"},{\"@type\":\"Organization\",\"@id\":\"https:\\\/\\\/lasentinelle.dz\\\/#organization\",\"name\":\"Quotidien La Sentinelle\",\"url\":\"https:\\\/\\\/lasentinelle.dz\\\/\",\"logo\":{\"@type\":\"ImageObject\",\"inLanguage\":\"fr-FR\",\"@id\":\"https:\\\/\\\/lasentinelle.dz\\\/#\\\/schema\\\/logo\\\/image\\\/\",\"url\":\"https:\\\/\\\/lasentinelle.dz\\\/wp-content\\\/uploads\\\/2021\\\/09\\\/logo-sentinelleSLOGAN-1.png\",\"contentUrl\":\"https:\\\/\\\/lasentinelle.dz\\\/wp-content\\\/uploads\\\/2021\\\/09\\\/logo-sentinelleSLOGAN-1.png\",\"width\":615,\"height\":142,\"caption\":\"Quotidien La Sentinelle\"},\"image\":{\"@id\":\"https:\\\/\\\/lasentinelle.dz\\\/#\\\/schema\\\/logo\\\/image\\\/\"},\"sameAs\":[\"https:\\\/\\\/www.facebook.com\\\/La-Sentinelle-104059864394773\"]},{\"@type\":\"Person\",\"@id\":\"https:\\\/\\\/lasentinelle.dz\\\/#\\\/schema\\\/person\\\/d865044e22e70a75174ce8bcad3acfb3\",\"name\":\"La Sentinelle\",\"image\":{\"@type\":\"ImageObject\",\"inLanguage\":\"fr-FR\",\"@id\":\"https:\\\/\\\/secure.gravatar.com\\\/avatar\\\/57de8e5d4b15d43fb361a71fbb36338450fe67865b528a43dd10ef7c51a20392?s=96&d=mm&r=g\",\"url\":\"https:\\\/\\\/secure.gravatar.com\\\/avatar\\\/57de8e5d4b15d43fb361a71fbb36338450fe67865b528a43dd10ef7c51a20392?s=96&d=mm&r=g\",\"contentUrl\":\"https:\\\/\\\/secure.gravatar.com\\\/avatar\\\/57de8e5d4b15d43fb361a71fbb36338450fe67865b528a43dd10ef7c51a20392?s=96&d=mm&r=g\",\"caption\":\"La Sentinelle\"},\"sameAs\":[\"http:\\\/\\\/www.lasentinelle.dz\"],\"url\":\"https:\\\/\\\/lasentinelle.dz\\\/author\\\/redaction\\\/\"}]}<\/script>\n<!-- \/ Yoast SEO plugin. -->","yoast_head_json":{"title":"APN: adoption du projet de loi relative \u00e0 l'investissement - La Sentinelle","robots":{"index":"index","follow":"follow","max-snippet":"max-snippet:-1","max-image-preview":"max-image-preview:large","max-video-preview":"max-video-preview:-1"},"canonical":"https:\/\/lasentinelle.dz\/index.php\/2022\/06\/28\/apn-adoption-du-projet-de-loi-relative-a-linvestissement\/","og_locale":"fr_FR","og_type":"article","og_title":"APN: adoption du projet de loi relative \u00e0 l'investissement - La Sentinelle","og_description":"Les d\u00e9put\u00e9s de l&rsquo;Assembl\u00e9e populaire nationale (APN) ont adopt\u00e9 lundi \u00e0 la majorit\u00e9 le projet de loi relative \u00e0 l&rsquo;investissement.","og_url":"https:\/\/lasentinelle.dz\/index.php\/2022\/06\/28\/apn-adoption-du-projet-de-loi-relative-a-linvestissement\/","og_site_name":"La Sentinelle","article_publisher":"https:\/\/www.facebook.com\/La-Sentinelle-104059864394773","article_published_time":"2022-06-28T14:52:00+00:00","article_modified_time":"2022-06-28T14:55:05+00:00","og_image":[{"width":297,"height":170,"url":"https:\/\/lasentinelle.dz\/wp-content\/uploads\/2022\/06\/Unknown-1-2.jpeg","type":"image\/jpeg"}],"author":"La Sentinelle","twitter_card":"summary_large_image","twitter_misc":{"\u00c9crit par":"La Sentinelle","Dur\u00e9e de lecture estim\u00e9e":"2 minutes"},"schema":{"@context":"https:\/\/schema.org","@graph":[{"@type":"Article","@id":"https:\/\/lasentinelle.dz\/index.php\/2022\/06\/28\/apn-adoption-du-projet-de-loi-relative-a-linvestissement\/#article","isPartOf":{"@id":"https:\/\/lasentinelle.dz\/index.php\/2022\/06\/28\/apn-adoption-du-projet-de-loi-relative-a-linvestissement\/"},"author":{"name":"La Sentinelle","@id":"https:\/\/lasentinelle.dz\/#\/schema\/person\/d865044e22e70a75174ce8bcad3acfb3"},"headline":"APN: adoption du projet de loi relative \u00e0 l&rsquo;investissement","datePublished":"2022-06-28T14:52:00+00:00","dateModified":"2022-06-28T14:55:05+00:00","mainEntityOfPage":{"@id":"https:\/\/lasentinelle.dz\/index.php\/2022\/06\/28\/apn-adoption-du-projet-de-loi-relative-a-linvestissement\/"},"wordCount":348,"commentCount":0,"publisher":{"@id":"https:\/\/lasentinelle.dz\/#organization"},"image":{"@id":"https:\/\/lasentinelle.dz\/index.php\/2022\/06\/28\/apn-adoption-du-projet-de-loi-relative-a-linvestissement\/#primaryimage"},"thumbnailUrl":"https:\/\/lasentinelle.dz\/wp-content\/uploads\/2022\/06\/Unknown-1-2.jpeg","articleSection":["Actualit\u00e9"],"inLanguage":"fr-FR","potentialAction":[{"@type":"CommentAction","name":"Comment","target":["https:\/\/lasentinelle.dz\/index.php\/2022\/06\/28\/apn-adoption-du-projet-de-loi-relative-a-linvestissement\/#respond"]}]},{"@type":"WebPage","@id":"https:\/\/lasentinelle.dz\/index.php\/2022\/06\/28\/apn-adoption-du-projet-de-loi-relative-a-linvestissement\/","url":"https:\/\/lasentinelle.dz\/index.php\/2022\/06\/28\/apn-adoption-du-projet-de-loi-relative-a-linvestissement\/","name":"APN: adoption du projet de loi relative \u00e0 l'investissement - La Sentinelle","isPartOf":{"@id":"https:\/\/lasentinelle.dz\/#website"},"primaryImageOfPage":{"@id":"https:\/\/lasentinelle.dz\/index.php\/2022\/06\/28\/apn-adoption-du-projet-de-loi-relative-a-linvestissement\/#primaryimage"},"image":{"@id":"https:\/\/lasentinelle.dz\/index.php\/2022\/06\/28\/apn-adoption-du-projet-de-loi-relative-a-linvestissement\/#primaryimage"},"thumbnailUrl":"https:\/\/lasentinelle.dz\/wp-content\/uploads\/2022\/06\/Unknown-1-2.jpeg","datePublished":"2022-06-28T14:52:00+00:00","dateModified":"2022-06-28T14:55:05+00:00","breadcrumb":{"@id":"https:\/\/lasentinelle.dz\/index.php\/2022\/06\/28\/apn-adoption-du-projet-de-loi-relative-a-linvestissement\/#breadcrumb"},"inLanguage":"fr-FR","potentialAction":[{"@type":"ReadAction","target":["https:\/\/lasentinelle.dz\/index.php\/2022\/06\/28\/apn-adoption-du-projet-de-loi-relative-a-linvestissement\/"]}]},{"@type":"ImageObject","inLanguage":"fr-FR","@id":"https:\/\/lasentinelle.dz\/index.php\/2022\/06\/28\/apn-adoption-du-projet-de-loi-relative-a-linvestissement\/#primaryimage","url":"https:\/\/lasentinelle.dz\/wp-content\/uploads\/2022\/06\/Unknown-1-2.jpeg","contentUrl":"https:\/\/lasentinelle.dz\/wp-content\/uploads\/2022\/06\/Unknown-1-2.jpeg","width":297,"height":170},{"@type":"BreadcrumbList","@id":"https:\/\/lasentinelle.dz\/index.php\/2022\/06\/28\/apn-adoption-du-projet-de-loi-relative-a-linvestissement\/#breadcrumb","itemListElement":[{"@type":"ListItem","position":1,"name":"Accueil","item":"https:\/\/lasentinelle.dz\/"},{"@type":"ListItem","position":2,"name":"APN: adoption du projet de loi relative \u00e0 l&rsquo;investissement"}]},{"@type":"WebSite","@id":"https:\/\/lasentinelle.dz\/#website","url":"https:\/\/lasentinelle.dz\/","name":"La Sentinelle","description":"Quotidien national d&#039;information","publisher":{"@id":"https:\/\/lasentinelle.dz\/#organization"},"potentialAction":[{"@type":"SearchAction","target":{"@type":"EntryPoint","urlTemplate":"https:\/\/lasentinelle.dz\/?s={search_term_string}"},"query-input":{"@type":"PropertyValueSpecification","valueRequired":true,"valueName":"search_term_string"}}],"inLanguage":"fr-FR"},{"@type":"Organization","@id":"https:\/\/lasentinelle.dz\/#organization","name":"Quotidien La Sentinelle","url":"https:\/\/lasentinelle.dz\/","logo":{"@type":"ImageObject","inLanguage":"fr-FR","@id":"https:\/\/lasentinelle.dz\/#\/schema\/logo\/image\/","url":"https:\/\/lasentinelle.dz\/wp-content\/uploads\/2021\/09\/logo-sentinelleSLOGAN-1.png","contentUrl":"https:\/\/lasentinelle.dz\/wp-content\/uploads\/2021\/09\/logo-sentinelleSLOGAN-1.png","width":615,"height":142,"caption":"Quotidien La Sentinelle"},"image":{"@id":"https:\/\/lasentinelle.dz\/#\/schema\/logo\/image\/"},"sameAs":["https:\/\/www.facebook.com\/La-Sentinelle-104059864394773"]},{"@type":"Person","@id":"https:\/\/lasentinelle.dz\/#\/schema\/person\/d865044e22e70a75174ce8bcad3acfb3","name":"La Sentinelle","image":{"@type":"ImageObject","inLanguage":"fr-FR","@id":"https:\/\/secure.gravatar.com\/avatar\/57de8e5d4b15d43fb361a71fbb36338450fe67865b528a43dd10ef7c51a20392?s=96&d=mm&r=g","url":"https:\/\/secure.gravatar.com\/avatar\/57de8e5d4b15d43fb361a71fbb36338450fe67865b528a43dd10ef7c51a20392?s=96&d=mm&r=g","contentUrl":"https:\/\/secure.gravatar.com\/avatar\/57de8e5d4b15d43fb361a71fbb36338450fe67865b528a43dd10ef7c51a20392?s=96&d=mm&r=g","caption":"La Sentinelle"},"sameAs":["http:\/\/www.lasentinelle.dz"],"url":"https:\/\/lasentinelle.dz\/author\/redaction\/"}]}},"_links":{"self":[{"href":"https:\/\/lasentinelle.dz\/index.php\/wp-json\/wp\/v2\/posts\/23245","targetHints":{"allow":["GET"]}}],"collection":[{"href":"https:\/\/lasentinelle.dz\/index.php\/wp-json\/wp\/v2\/posts"}],"about":[{"href":"https:\/\/lasentinelle.dz\/index.php\/wp-json\/wp\/v2\/types\/post"}],"author":[{"embeddable":true,"href":"https:\/\/lasentinelle.dz\/index.php\/wp-json\/wp\/v2\/users\/3"}],"replies":[{"embeddable":true,"href":"https:\/\/lasentinelle.dz\/index.php\/wp-json\/wp\/v2\/comments?post=23245"}],"version-history":[{"count":1,"href":"https:\/\/lasentinelle.dz\/index.php\/wp-json\/wp\/v2\/posts\/23245\/revisions"}],"predecessor-version":[{"id":23251,"href":"https:\/\/lasentinelle.dz\/index.php\/wp-json\/wp\/v2\/posts\/23245\/revisions\/23251"}],"wp:featuredmedia":[{"embeddable":true,"href":"https:\/\/lasentinelle.dz\/index.php\/wp-json\/wp\/v2\/media\/23250"}],"wp:attachment":[{"href":"https:\/\/lasentinelle.dz\/index.php\/wp-json\/wp\/v2\/media?parent=23245"}],"wp:term":[{"taxonomy":"category","embeddable":true,"href":"https:\/\/lasentinelle.dz\/index.php\/wp-json\/wp\/v2\/categories?post=23245"},{"taxonomy":"post_tag","embeddable":true,"href":"https:\/\/lasentinelle.dz\/index.php\/wp-json\/wp\/v2\/tags?post=23245"}],"curies":[{"name":"wp","href":"https:\/\/api.w.org\/{rel}","templated":true}]}}