{"id":23283,"date":"2022-06-29T00:01:00","date_gmt":"2022-06-28T23:01:00","guid":{"rendered":"https:\/\/lasentinelle.dz\/?p=23283"},"modified":"2022-06-28T16:42:27","modified_gmt":"2022-06-28T15:42:27","slug":"festival-europeen-de-musique-le-groupe-travel-diaries-enflamme-le-public","status":"publish","type":"post","link":"https:\/\/lasentinelle.dz\/index.php\/2022\/06\/29\/festival-europeen-de-musique-le-groupe-travel-diaries-enflamme-le-public\/","title":{"rendered":"Festival europ\u00e9en de musique\u00a0: Le groupe \u00ab\u00a0Travel Diaries\u00a0\u00bb enflamme le public"},"content":{"rendered":"\n<p>Le groupe autrichien f\u00e9minin \u00ab\u00a0Travel Diaries\u00a0\u00bb, qui a ouvert le bal des concerts de la 22e \u00e9dition du Festival europ\u00e9en de musique, qui se tient \u00e0 la salle \u00ab\u00a0Maghreb\u00a0\u00bb d&rsquo;Oran, a enflamm\u00e9 la sc\u00e8ne avec une s\u00e9rie de morceaux musicaux \u00e9clectiques.<\/p>\n\n\n\n<p>Le coup d&rsquo;envoi de cette \u00e9dition du festival, avec un programme exclusivement f\u00e9minin cette ann\u00e9e baptis\u00e9 \u00ab\u00a0Musiqu&rsquo;elle\u00a0\u00bb, a \u00e9t\u00e9 donn\u00e9 lundi \u00e0 la salle \u00ab\u00a0Maghreb\u00a0\u00bb \u00e0 Oran, apr\u00e8s une ouverture \u00e0 Alger le 23 juin et Constantine le 26.Cette \u00e9dition qui se tient du 23 juin au 1er juillet, \u00e0 Alger, Oran et Constantine, enregistre la participation d\u2019une vingtaine d\u2019artistes de 15 pays europ\u00e9ens.&nbsp;L\u2019ambassadrice d\u2019Autriche en Alg\u00e9rie, Christine Moser, qui a ouvert la section oranaise du festival, a estim\u00e9, dans une d\u00e9claration \u00e0 la presse en marge du concert des \u00ab\u00a0Travel Diaries\u00a0\u00bb, \u00ab\u00a0n\u00e9cessaire de valoriser l\u2019art f\u00e9minin et de pousser les femmes talentueuses \u00e0 se frayer un chemin, lorsque c\u2019est difficile de le faire\u00a0\u00bb.<\/p>\n\n\n\n<p>\u00ab\u00a0C&rsquo;est souvent difficile pour les femmes de r\u00e9concilier la vie professionnelle et la vie familiale, c\u2019est pour \u00e7a qu\u2019il faut parfois leur donner un petit coup de pousse\u00a0\u00bb, a-t-elle soulign\u00e9.&nbsp;\u00ab\u00a0Travel Diaries\u00a0\u00bb, un groupe compos\u00e9 de trois musiciennes, a offert une panoplie de morceaux musicaux de jazz, avec des influences tr\u00e8s vari\u00e9es comme le flamenco et la musique orientale.&nbsp;Apr\u00e8s le groupe autrichien \u00ab\u00a0Travel Diaries\u00a0\u00bb, la chanteuse danoise, Simona Abdallah et le groupe espagnole \u00ab\u00a0Platica Dialogue\u00a0\u00bb seront sur sc\u00e8ne au deuxi\u00e8me et troisi\u00e8me jour de ce festival.<\/p>\n\n\n\n<p>Cette 22e \u00e9dition est organis\u00e9e avec le concours du minist\u00e8re de la Culture et des Arts, du Th\u00e9\u00e2tre national alg\u00e9rien, Th\u00e9\u00e2tre r\u00e9gional de Constantine et de l\u2019Office national de la culture et de l\u2019information (ONCI), ainsi que des partenaires m\u00e9diatiques.<\/p>\n\n\n\n<p>APS<\/p>\n","protected":false},"excerpt":{"rendered":"<p>Le groupe autrichien f\u00e9minin \u00ab\u00a0Travel Diaries\u00a0\u00bb, qui a ouvert le bal des concerts de la 22e \u00e9dition du Festival europ\u00e9en<\/p>\n","protected":false},"author":3,"featured_media":23291,"comment_status":"open","ping_status":"closed","sticky":false,"template":"","format":"standard","meta":{"colormag_page_container_layout":"default_layout","colormag_page_sidebar_layout":"default_layout","om_disable_all_campaigns":false,"_monsterinsights_skip_tracking":false,"_monsterinsights_sitenote_active":false,"_monsterinsights_sitenote_note":"","_monsterinsights_sitenote_category":0,"footnotes":"","_wpscppro_dont_share_socialmedia":false,"_wpscppro_custom_social_share_image":0,"_facebook_share_type":"","_twitter_share_type":"","_linkedin_share_type":"","_pinterest_share_type":"","_linkedin_share_type_page":"","_instagram_share_type":"","_medium_share_type":"","_threads_share_type":"","_google_business_share_type":"","_selected_social_profile":[],"_wpsp_enable_custom_social_template":false,"_wpsp_social_scheduling":{"enabled":false,"datetime":null,"platforms":[],"status":"template_only","dateOption":"today","timeOption":"now","customDays":"","customHours":"","customDate":"","customTime":"","schedulingType":"absolute"},"_wpsp_active_default_template":true},"categories":[36],"tags":[],"class_list":["post-23283","post","type-post","status-publish","format-standard","has-post-thumbnail","hentry","category-culture"],"aioseo_notices":[],"yoast_head":"<!-- This site is optimized with the Yoast SEO plugin v27.5 - https:\/\/yoast.com\/product\/yoast-seo-wordpress\/ -->\n<title>Festival europ\u00e9en de musique\u00a0: Le groupe &quot;Travel Diaries&quot; enflamme le public - La Sentinelle<\/title>\n<meta name=\"robots\" content=\"index, follow, max-snippet:-1, max-image-preview:large, max-video-preview:-1\" \/>\n<link rel=\"canonical\" href=\"https:\/\/lasentinelle.dz\/index.php\/2022\/06\/29\/festival-europeen-de-musique-le-groupe-travel-diaries-enflamme-le-public\/\" \/>\n<meta property=\"og:locale\" content=\"fr_FR\" \/>\n<meta property=\"og:type\" content=\"article\" \/>\n<meta property=\"og:title\" content=\"Festival europ\u00e9en de musique\u00a0: Le groupe &quot;Travel Diaries&quot; enflamme le public - La Sentinelle\" \/>\n<meta property=\"og:description\" content=\"Le groupe autrichien f\u00e9minin \u00ab\u00a0Travel Diaries\u00a0\u00bb, qui a ouvert le bal des concerts de la 22e \u00e9dition du Festival europ\u00e9en\" \/>\n<meta property=\"og:url\" content=\"https:\/\/lasentinelle.dz\/index.php\/2022\/06\/29\/festival-europeen-de-musique-le-groupe-travel-diaries-enflamme-le-public\/\" \/>\n<meta property=\"og:site_name\" content=\"La Sentinelle\" \/>\n<meta property=\"article:publisher\" content=\"https:\/\/www.facebook.com\/La-Sentinelle-104059864394773\" \/>\n<meta property=\"article:published_time\" content=\"2022-06-28T23:01:00+00:00\" \/>\n<meta property=\"og:image\" content=\"https:\/\/lasentinelle.dz\/wp-content\/uploads\/2022\/06\/Sans-titre-1-1.png\" \/>\n\t<meta property=\"og:image:width\" content=\"1024\" \/>\n\t<meta property=\"og:image:height\" content=\"536\" \/>\n\t<meta property=\"og:image:type\" content=\"image\/png\" \/>\n<meta name=\"author\" content=\"La Sentinelle\" \/>\n<meta name=\"twitter:card\" content=\"summary_large_image\" \/>\n<meta name=\"twitter:label1\" content=\"\u00c9crit par\" \/>\n\t<meta name=\"twitter:data1\" content=\"La Sentinelle\" \/>\n\t<meta name=\"twitter:label2\" content=\"Dur\u00e9e de lecture estim\u00e9e\" \/>\n\t<meta name=\"twitter:data2\" content=\"2 minutes\" \/>\n<script type=\"application\/ld+json\" class=\"yoast-schema-graph\">{\"@context\":\"https:\\\/\\\/schema.org\",\"@graph\":[{\"@type\":\"Article\",\"@id\":\"https:\\\/\\\/lasentinelle.dz\\\/index.php\\\/2022\\\/06\\\/29\\\/festival-europeen-de-musique-le-groupe-travel-diaries-enflamme-le-public\\\/#article\",\"isPartOf\":{\"@id\":\"https:\\\/\\\/lasentinelle.dz\\\/index.php\\\/2022\\\/06\\\/29\\\/festival-europeen-de-musique-le-groupe-travel-diaries-enflamme-le-public\\\/\"},\"author\":{\"name\":\"La Sentinelle\",\"@id\":\"https:\\\/\\\/lasentinelle.dz\\\/#\\\/schema\\\/person\\\/d865044e22e70a75174ce8bcad3acfb3\"},\"headline\":\"Festival europ\u00e9en de musique\u00a0: Le groupe \u00ab\u00a0Travel Diaries\u00a0\u00bb enflamme le public\",\"datePublished\":\"2022-06-28T23:01:00+00:00\",\"mainEntityOfPage\":{\"@id\":\"https:\\\/\\\/lasentinelle.dz\\\/index.php\\\/2022\\\/06\\\/29\\\/festival-europeen-de-musique-le-groupe-travel-diaries-enflamme-le-public\\\/\"},\"wordCount\":329,\"commentCount\":0,\"publisher\":{\"@id\":\"https:\\\/\\\/lasentinelle.dz\\\/#organization\"},\"image\":{\"@id\":\"https:\\\/\\\/lasentinelle.dz\\\/index.php\\\/2022\\\/06\\\/29\\\/festival-europeen-de-musique-le-groupe-travel-diaries-enflamme-le-public\\\/#primaryimage\"},\"thumbnailUrl\":\"https:\\\/\\\/lasentinelle.dz\\\/wp-content\\\/uploads\\\/2022\\\/06\\\/Sans-titre-1-1.png\",\"articleSection\":[\"Culture\"],\"inLanguage\":\"fr-FR\",\"potentialAction\":[{\"@type\":\"CommentAction\",\"name\":\"Comment\",\"target\":[\"https:\\\/\\\/lasentinelle.dz\\\/index.php\\\/2022\\\/06\\\/29\\\/festival-europeen-de-musique-le-groupe-travel-diaries-enflamme-le-public\\\/#respond\"]}]},{\"@type\":\"WebPage\",\"@id\":\"https:\\\/\\\/lasentinelle.dz\\\/index.php\\\/2022\\\/06\\\/29\\\/festival-europeen-de-musique-le-groupe-travel-diaries-enflamme-le-public\\\/\",\"url\":\"https:\\\/\\\/lasentinelle.dz\\\/index.php\\\/2022\\\/06\\\/29\\\/festival-europeen-de-musique-le-groupe-travel-diaries-enflamme-le-public\\\/\",\"name\":\"Festival europ\u00e9en de musique\u00a0: Le groupe \\\"Travel Diaries\\\" enflamme le public - La Sentinelle\",\"isPartOf\":{\"@id\":\"https:\\\/\\\/lasentinelle.dz\\\/#website\"},\"primaryImageOfPage\":{\"@id\":\"https:\\\/\\\/lasentinelle.dz\\\/index.php\\\/2022\\\/06\\\/29\\\/festival-europeen-de-musique-le-groupe-travel-diaries-enflamme-le-public\\\/#primaryimage\"},\"image\":{\"@id\":\"https:\\\/\\\/lasentinelle.dz\\\/index.php\\\/2022\\\/06\\\/29\\\/festival-europeen-de-musique-le-groupe-travel-diaries-enflamme-le-public\\\/#primaryimage\"},\"thumbnailUrl\":\"https:\\\/\\\/lasentinelle.dz\\\/wp-content\\\/uploads\\\/2022\\\/06\\\/Sans-titre-1-1.png\",\"datePublished\":\"2022-06-28T23:01:00+00:00\",\"breadcrumb\":{\"@id\":\"https:\\\/\\\/lasentinelle.dz\\\/index.php\\\/2022\\\/06\\\/29\\\/festival-europeen-de-musique-le-groupe-travel-diaries-enflamme-le-public\\\/#breadcrumb\"},\"inLanguage\":\"fr-FR\",\"potentialAction\":[{\"@type\":\"ReadAction\",\"target\":[\"https:\\\/\\\/lasentinelle.dz\\\/index.php\\\/2022\\\/06\\\/29\\\/festival-europeen-de-musique-le-groupe-travel-diaries-enflamme-le-public\\\/\"]}]},{\"@type\":\"ImageObject\",\"inLanguage\":\"fr-FR\",\"@id\":\"https:\\\/\\\/lasentinelle.dz\\\/index.php\\\/2022\\\/06\\\/29\\\/festival-europeen-de-musique-le-groupe-travel-diaries-enflamme-le-public\\\/#primaryimage\",\"url\":\"https:\\\/\\\/lasentinelle.dz\\\/wp-content\\\/uploads\\\/2022\\\/06\\\/Sans-titre-1-1.png\",\"contentUrl\":\"https:\\\/\\\/lasentinelle.dz\\\/wp-content\\\/uploads\\\/2022\\\/06\\\/Sans-titre-1-1.png\",\"width\":1024,\"height\":536},{\"@type\":\"BreadcrumbList\",\"@id\":\"https:\\\/\\\/lasentinelle.dz\\\/index.php\\\/2022\\\/06\\\/29\\\/festival-europeen-de-musique-le-groupe-travel-diaries-enflamme-le-public\\\/#breadcrumb\",\"itemListElement\":[{\"@type\":\"ListItem\",\"position\":1,\"name\":\"Accueil\",\"item\":\"https:\\\/\\\/lasentinelle.dz\\\/\"},{\"@type\":\"ListItem\",\"position\":2,\"name\":\"Festival europ\u00e9en de musique\u00a0: Le groupe \u00ab\u00a0Travel Diaries\u00a0\u00bb enflamme le public\"}]},{\"@type\":\"WebSite\",\"@id\":\"https:\\\/\\\/lasentinelle.dz\\\/#website\",\"url\":\"https:\\\/\\\/lasentinelle.dz\\\/\",\"name\":\"La Sentinelle\",\"description\":\"Quotidien national d&#039;information\",\"publisher\":{\"@id\":\"https:\\\/\\\/lasentinelle.dz\\\/#organization\"},\"potentialAction\":[{\"@type\":\"SearchAction\",\"target\":{\"@type\":\"EntryPoint\",\"urlTemplate\":\"https:\\\/\\\/lasentinelle.dz\\\/?s={search_term_string}\"},\"query-input\":{\"@type\":\"PropertyValueSpecification\",\"valueRequired\":true,\"valueName\":\"search_term_string\"}}],\"inLanguage\":\"fr-FR\"},{\"@type\":\"Organization\",\"@id\":\"https:\\\/\\\/lasentinelle.dz\\\/#organization\",\"name\":\"Quotidien La Sentinelle\",\"url\":\"https:\\\/\\\/lasentinelle.dz\\\/\",\"logo\":{\"@type\":\"ImageObject\",\"inLanguage\":\"fr-FR\",\"@id\":\"https:\\\/\\\/lasentinelle.dz\\\/#\\\/schema\\\/logo\\\/image\\\/\",\"url\":\"https:\\\/\\\/lasentinelle.dz\\\/wp-content\\\/uploads\\\/2021\\\/09\\\/logo-sentinelleSLOGAN-1.png\",\"contentUrl\":\"https:\\\/\\\/lasentinelle.dz\\\/wp-content\\\/uploads\\\/2021\\\/09\\\/logo-sentinelleSLOGAN-1.png\",\"width\":615,\"height\":142,\"caption\":\"Quotidien La Sentinelle\"},\"image\":{\"@id\":\"https:\\\/\\\/lasentinelle.dz\\\/#\\\/schema\\\/logo\\\/image\\\/\"},\"sameAs\":[\"https:\\\/\\\/www.facebook.com\\\/La-Sentinelle-104059864394773\"]},{\"@type\":\"Person\",\"@id\":\"https:\\\/\\\/lasentinelle.dz\\\/#\\\/schema\\\/person\\\/d865044e22e70a75174ce8bcad3acfb3\",\"name\":\"La Sentinelle\",\"image\":{\"@type\":\"ImageObject\",\"inLanguage\":\"fr-FR\",\"@id\":\"https:\\\/\\\/secure.gravatar.com\\\/avatar\\\/57de8e5d4b15d43fb361a71fbb36338450fe67865b528a43dd10ef7c51a20392?s=96&d=mm&r=g\",\"url\":\"https:\\\/\\\/secure.gravatar.com\\\/avatar\\\/57de8e5d4b15d43fb361a71fbb36338450fe67865b528a43dd10ef7c51a20392?s=96&d=mm&r=g\",\"contentUrl\":\"https:\\\/\\\/secure.gravatar.com\\\/avatar\\\/57de8e5d4b15d43fb361a71fbb36338450fe67865b528a43dd10ef7c51a20392?s=96&d=mm&r=g\",\"caption\":\"La Sentinelle\"},\"sameAs\":[\"http:\\\/\\\/www.lasentinelle.dz\"],\"url\":\"https:\\\/\\\/lasentinelle.dz\\\/author\\\/redaction\\\/\"}]}<\/script>\n<!-- \/ Yoast SEO plugin. -->","yoast_head_json":{"title":"Festival europ\u00e9en de musique\u00a0: Le groupe \"Travel Diaries\" enflamme le public - La Sentinelle","robots":{"index":"index","follow":"follow","max-snippet":"max-snippet:-1","max-image-preview":"max-image-preview:large","max-video-preview":"max-video-preview:-1"},"canonical":"https:\/\/lasentinelle.dz\/index.php\/2022\/06\/29\/festival-europeen-de-musique-le-groupe-travel-diaries-enflamme-le-public\/","og_locale":"fr_FR","og_type":"article","og_title":"Festival europ\u00e9en de musique\u00a0: Le groupe \"Travel Diaries\" enflamme le public - La Sentinelle","og_description":"Le groupe autrichien f\u00e9minin \u00ab\u00a0Travel Diaries\u00a0\u00bb, qui a ouvert le bal des concerts de la 22e \u00e9dition du Festival europ\u00e9en","og_url":"https:\/\/lasentinelle.dz\/index.php\/2022\/06\/29\/festival-europeen-de-musique-le-groupe-travel-diaries-enflamme-le-public\/","og_site_name":"La Sentinelle","article_publisher":"https:\/\/www.facebook.com\/La-Sentinelle-104059864394773","article_published_time":"2022-06-28T23:01:00+00:00","og_image":[{"width":1024,"height":536,"url":"https:\/\/lasentinelle.dz\/wp-content\/uploads\/2022\/06\/Sans-titre-1-1.png","type":"image\/png"}],"author":"La Sentinelle","twitter_card":"summary_large_image","twitter_misc":{"\u00c9crit par":"La Sentinelle","Dur\u00e9e de lecture estim\u00e9e":"2 minutes"},"schema":{"@context":"https:\/\/schema.org","@graph":[{"@type":"Article","@id":"https:\/\/lasentinelle.dz\/index.php\/2022\/06\/29\/festival-europeen-de-musique-le-groupe-travel-diaries-enflamme-le-public\/#article","isPartOf":{"@id":"https:\/\/lasentinelle.dz\/index.php\/2022\/06\/29\/festival-europeen-de-musique-le-groupe-travel-diaries-enflamme-le-public\/"},"author":{"name":"La Sentinelle","@id":"https:\/\/lasentinelle.dz\/#\/schema\/person\/d865044e22e70a75174ce8bcad3acfb3"},"headline":"Festival europ\u00e9en de musique\u00a0: Le groupe \u00ab\u00a0Travel Diaries\u00a0\u00bb enflamme le public","datePublished":"2022-06-28T23:01:00+00:00","mainEntityOfPage":{"@id":"https:\/\/lasentinelle.dz\/index.php\/2022\/06\/29\/festival-europeen-de-musique-le-groupe-travel-diaries-enflamme-le-public\/"},"wordCount":329,"commentCount":0,"publisher":{"@id":"https:\/\/lasentinelle.dz\/#organization"},"image":{"@id":"https:\/\/lasentinelle.dz\/index.php\/2022\/06\/29\/festival-europeen-de-musique-le-groupe-travel-diaries-enflamme-le-public\/#primaryimage"},"thumbnailUrl":"https:\/\/lasentinelle.dz\/wp-content\/uploads\/2022\/06\/Sans-titre-1-1.png","articleSection":["Culture"],"inLanguage":"fr-FR","potentialAction":[{"@type":"CommentAction","name":"Comment","target":["https:\/\/lasentinelle.dz\/index.php\/2022\/06\/29\/festival-europeen-de-musique-le-groupe-travel-diaries-enflamme-le-public\/#respond"]}]},{"@type":"WebPage","@id":"https:\/\/lasentinelle.dz\/index.php\/2022\/06\/29\/festival-europeen-de-musique-le-groupe-travel-diaries-enflamme-le-public\/","url":"https:\/\/lasentinelle.dz\/index.php\/2022\/06\/29\/festival-europeen-de-musique-le-groupe-travel-diaries-enflamme-le-public\/","name":"Festival europ\u00e9en de musique\u00a0: Le groupe \"Travel Diaries\" enflamme le public - La Sentinelle","isPartOf":{"@id":"https:\/\/lasentinelle.dz\/#website"},"primaryImageOfPage":{"@id":"https:\/\/lasentinelle.dz\/index.php\/2022\/06\/29\/festival-europeen-de-musique-le-groupe-travel-diaries-enflamme-le-public\/#primaryimage"},"image":{"@id":"https:\/\/lasentinelle.dz\/index.php\/2022\/06\/29\/festival-europeen-de-musique-le-groupe-travel-diaries-enflamme-le-public\/#primaryimage"},"thumbnailUrl":"https:\/\/lasentinelle.dz\/wp-content\/uploads\/2022\/06\/Sans-titre-1-1.png","datePublished":"2022-06-28T23:01:00+00:00","breadcrumb":{"@id":"https:\/\/lasentinelle.dz\/index.php\/2022\/06\/29\/festival-europeen-de-musique-le-groupe-travel-diaries-enflamme-le-public\/#breadcrumb"},"inLanguage":"fr-FR","potentialAction":[{"@type":"ReadAction","target":["https:\/\/lasentinelle.dz\/index.php\/2022\/06\/29\/festival-europeen-de-musique-le-groupe-travel-diaries-enflamme-le-public\/"]}]},{"@type":"ImageObject","inLanguage":"fr-FR","@id":"https:\/\/lasentinelle.dz\/index.php\/2022\/06\/29\/festival-europeen-de-musique-le-groupe-travel-diaries-enflamme-le-public\/#primaryimage","url":"https:\/\/lasentinelle.dz\/wp-content\/uploads\/2022\/06\/Sans-titre-1-1.png","contentUrl":"https:\/\/lasentinelle.dz\/wp-content\/uploads\/2022\/06\/Sans-titre-1-1.png","width":1024,"height":536},{"@type":"BreadcrumbList","@id":"https:\/\/lasentinelle.dz\/index.php\/2022\/06\/29\/festival-europeen-de-musique-le-groupe-travel-diaries-enflamme-le-public\/#breadcrumb","itemListElement":[{"@type":"ListItem","position":1,"name":"Accueil","item":"https:\/\/lasentinelle.dz\/"},{"@type":"ListItem","position":2,"name":"Festival europ\u00e9en de musique\u00a0: Le groupe \u00ab\u00a0Travel Diaries\u00a0\u00bb enflamme le public"}]},{"@type":"WebSite","@id":"https:\/\/lasentinelle.dz\/#website","url":"https:\/\/lasentinelle.dz\/","name":"La Sentinelle","description":"Quotidien national d&#039;information","publisher":{"@id":"https:\/\/lasentinelle.dz\/#organization"},"potentialAction":[{"@type":"SearchAction","target":{"@type":"EntryPoint","urlTemplate":"https:\/\/lasentinelle.dz\/?s={search_term_string}"},"query-input":{"@type":"PropertyValueSpecification","valueRequired":true,"valueName":"search_term_string"}}],"inLanguage":"fr-FR"},{"@type":"Organization","@id":"https:\/\/lasentinelle.dz\/#organization","name":"Quotidien La Sentinelle","url":"https:\/\/lasentinelle.dz\/","logo":{"@type":"ImageObject","inLanguage":"fr-FR","@id":"https:\/\/lasentinelle.dz\/#\/schema\/logo\/image\/","url":"https:\/\/lasentinelle.dz\/wp-content\/uploads\/2021\/09\/logo-sentinelleSLOGAN-1.png","contentUrl":"https:\/\/lasentinelle.dz\/wp-content\/uploads\/2021\/09\/logo-sentinelleSLOGAN-1.png","width":615,"height":142,"caption":"Quotidien La Sentinelle"},"image":{"@id":"https:\/\/lasentinelle.dz\/#\/schema\/logo\/image\/"},"sameAs":["https:\/\/www.facebook.com\/La-Sentinelle-104059864394773"]},{"@type":"Person","@id":"https:\/\/lasentinelle.dz\/#\/schema\/person\/d865044e22e70a75174ce8bcad3acfb3","name":"La Sentinelle","image":{"@type":"ImageObject","inLanguage":"fr-FR","@id":"https:\/\/secure.gravatar.com\/avatar\/57de8e5d4b15d43fb361a71fbb36338450fe67865b528a43dd10ef7c51a20392?s=96&d=mm&r=g","url":"https:\/\/secure.gravatar.com\/avatar\/57de8e5d4b15d43fb361a71fbb36338450fe67865b528a43dd10ef7c51a20392?s=96&d=mm&r=g","contentUrl":"https:\/\/secure.gravatar.com\/avatar\/57de8e5d4b15d43fb361a71fbb36338450fe67865b528a43dd10ef7c51a20392?s=96&d=mm&r=g","caption":"La Sentinelle"},"sameAs":["http:\/\/www.lasentinelle.dz"],"url":"https:\/\/lasentinelle.dz\/author\/redaction\/"}]}},"_links":{"self":[{"href":"https:\/\/lasentinelle.dz\/index.php\/wp-json\/wp\/v2\/posts\/23283","targetHints":{"allow":["GET"]}}],"collection":[{"href":"https:\/\/lasentinelle.dz\/index.php\/wp-json\/wp\/v2\/posts"}],"about":[{"href":"https:\/\/lasentinelle.dz\/index.php\/wp-json\/wp\/v2\/types\/post"}],"author":[{"embeddable":true,"href":"https:\/\/lasentinelle.dz\/index.php\/wp-json\/wp\/v2\/users\/3"}],"replies":[{"embeddable":true,"href":"https:\/\/lasentinelle.dz\/index.php\/wp-json\/wp\/v2\/comments?post=23283"}],"version-history":[{"count":1,"href":"https:\/\/lasentinelle.dz\/index.php\/wp-json\/wp\/v2\/posts\/23283\/revisions"}],"predecessor-version":[{"id":23292,"href":"https:\/\/lasentinelle.dz\/index.php\/wp-json\/wp\/v2\/posts\/23283\/revisions\/23292"}],"wp:featuredmedia":[{"embeddable":true,"href":"https:\/\/lasentinelle.dz\/index.php\/wp-json\/wp\/v2\/media\/23291"}],"wp:attachment":[{"href":"https:\/\/lasentinelle.dz\/index.php\/wp-json\/wp\/v2\/media?parent=23283"}],"wp:term":[{"taxonomy":"category","embeddable":true,"href":"https:\/\/lasentinelle.dz\/index.php\/wp-json\/wp\/v2\/categories?post=23283"},{"taxonomy":"post_tag","embeddable":true,"href":"https:\/\/lasentinelle.dz\/index.php\/wp-json\/wp\/v2\/tags?post=23283"}],"curies":[{"name":"wp","href":"https:\/\/api.w.org\/{rel}","templated":true}]}}