{"id":23326,"date":"2022-06-29T00:05:00","date_gmt":"2022-06-28T23:05:00","guid":{"rendered":"https:\/\/lasentinelle.dz\/?p=23326"},"modified":"2022-06-28T21:44:25","modified_gmt":"2022-06-28T20:44:25","slug":"fuites-informationnelles-desinformation-organisations-ecran-lien-avec-le-mak-tarir-les-ressources-de-la-nebuleuse-rachad","status":"publish","type":"post","link":"https:\/\/lasentinelle.dz\/index.php\/2022\/06\/29\/fuites-informationnelles-desinformation-organisations-ecran-lien-avec-le-mak-tarir-les-ressources-de-la-nebuleuse-rachad\/","title":{"rendered":"Fuites informationnelles, d\u00e9sinformation, organisations \u00e9cran, lien avec le MAK\u00a0: Tarir les sources de la n\u00e9buleuse Rachad"},"content":{"rendered":"\n<p>Aussi paradoxal que cela puisse para\u00eetre,&nbsp;les&nbsp;r\u00e9v\u00e9lations&nbsp;de&nbsp;Mohamed Benhalima montrent,&nbsp;on ne peut plus clairement,&nbsp;que les fuites informationnelles suscitent beaucoup d\u2019interrogations et de questions \u00e0 propos des responsables de ces pratiques qui portent un s\u00e9rieux coup \u00e0 l\u2019autorit\u00e9 de l\u2019Etat et \u00e0 la&nbsp;s\u00e9curit\u00e9 nationale du pays.<\/p>\n\n\n\n<p>La troisi\u00e8me partie des aveux du terroriste d\u00e9tenu, Mohamed Azouz Benhalima, apporte des \u00e9clairages saillants sur la n\u00e9buleuse terroriste&nbsp;\u00ab&nbsp;Rachad&nbsp;\u00bb&nbsp;et de son mode organisationnel.&nbsp;Elle consolide aussi les th\u00e8ses et les analyses des&nbsp;sp\u00e9cialistes des organisations islamistes et leurs groupes arm\u00e9s.&nbsp;Le terroriste d\u00e9tenu&nbsp;Benhalima a r\u00e9v\u00e9l\u00e9 comment fonctionne l\u2019organisation terroriste du Rachad. Plus grave encore, ses aveux ont d\u00e9voil\u00e9 le mariage incestueux qui existe tacitement et d\u2019une mani\u00e8re secr\u00e8te entre les deux mouvements terroristes, \u00e0 savoir, Rachad et le MAK.&nbsp;La troisi\u00e8me partie des r\u00e9v\u00e9lations a eu le m\u00e9rite de p\u00e9n\u00e9trer les d\u00e9dales de cette n\u00e9buleuse en citant les structures ouvertement reconnues et celles qui se pr\u00e9sentent comme structures \u00e9crans assurant le r\u00f4le d\u2019interface de l\u2019organisation m\u00e8re, \u00e0 savoir, l\u2019organisation que pr\u00e9sident Larbi Zitout et Mourad Dhina.<\/p>\n\n\n\n<p>Le terroriste Benhalima a soulign\u00e9 dans ce sens que \u00ab l\u2019organisation est dot\u00e9e d\u2019un Conseil de la Choura compos\u00e9 de sept \u00e9l\u00e9ments, \u00e0 savoir, Larbi Zitout, Mourad Dehina, Abbas Aroua, Rachid Mesli, Nazim Taleb et deux magistrats binationaux franco-alg\u00e9riens travaillant dans les coulisses \u00bb, a-t-il affirm\u00e9.<\/p>\n\n\n\n<p>Cette structuration renseigne sur la caract\u00e9ristique organisationnelle ch\u00e8re aux organisations islamistes dont le Conseil de la choura constitue l\u2019\u00e9pine dorsale de leur fonctionnement en tant que mouvance et n\u00e9buleuse.<\/p>\n\n\n\n<p>Les aveux ont aussi permis de comprendre comment cette organisation se dissimule derri\u00e8re des associations ob\u00e9issant \u00e0 ses desiderata sans pour autant se faire conna\u00eetre comme des structures inh\u00e9rentes \u00e0 l&rsquo;organisation terroriste qui coiffe et chapeaute l\u2019action politique et ses d\u00e9riv\u00e9es.<\/p>\n\n\n\n<p>Outre le fonctionnement de cette organisation islamiste inf\u00e9od\u00e9e aux forces occultes de l\u2019\u00e9tranger, le terroriste d\u00e9tenu, Benhalima, s\u2019est attard\u00e9 sur l\u2019origine des financements des actions et des regroupements de cette organisation. Dans ce sens, indique-t-il \u00ab les financements sont multiples, ils \u00e9manent de la collecte des fonds, des dons, les virements \u00e9lectroniques et les recettes de YouTube \u00bb.<\/p>\n\n\n\n<p>Cependant, l\u2019aveu le plus invraisemblable, c\u2019est celui qui a trait aux liens secrets existant entre les deux mouvements terroristes, Rachad et le Mak en l\u2019occurrence dont les fondements sont aux antipodes. Le terroriste Mohamed Azouz Benhalima a soulign\u00e9 qu\u2019\u00ab Il y a des contacts et des liens secrets, les deux entit\u00e9s terroristes veillant \u00e0 tenir des r\u00e9unions secr\u00e8tes \u00e0 travers des organisations-\u00e9crans \u00bb.<\/p>\n\n\n\n<p>Cette affirmation venant d\u2019un \u00e9l\u00e9ment qui activait dans les r\u00e9seaux de cette n\u00e9buleuse et en contact direct avec le terroriste en chef, Larbi Zitout, confirme les analyses de certains observateurs politiques quant \u00e0 la coordination qui se tissait entre les deux mouvements terroristes, Rachad et le Mak, surtout durant l\u2019ann\u00e9e pass\u00e9e et plus pr\u00e9cis\u00e9ment lors du d\u00e9clenchement des incendies en Kabylie en ao\u00fbt 2021.<\/p>\n\n\n\n<p>Cette r\u00e9v\u00e9lation d\u00e9savoue ceux qui voulaient s\u00e9parer le Mak de toute apologie du crime et des actes terroristes \u00e0 l\u2019\u00e9gard du pays. Le masque est tomb\u00e9, Rachad et le Mak travaillent pour les m\u00eames sph\u00e8res et officines dont l\u2019objectif consiste \u00e0 disloquer et semer le chaos dans le pays.<\/p>\n\n\n\n<p><strong>Fuites informationnelles<\/strong><\/p>\n\n\n\n<p>Aussi paradoxal que cela puisse para\u00eetre, et si les sources de financement sont quasi connues, ces r\u00e9v\u00e9lations montrent on ne peut plus clairement que les fuites informationnelles&nbsp;organis\u00e9es&nbsp;suscitent beaucoup d\u2019interrogations et de questions \u00e0 propos des responsables de ces pratiques qui portent un s\u00e9rieux coup \u00e0 l\u2019autorit\u00e9 de l\u2019Etat et la S\u00e9curit\u00e9 nationale du pays&nbsp;en alimentant la manipulation.<\/p>\n\n\n\n<p>Comment se fait-il&nbsp;que&nbsp;des youtubeurs insignifiants avec des moyens rudimentaires arrivent \u00e0 partir de leurs chaumi\u00e8res hupp\u00e9es \u00e0 avoir des informations \u00ab croustillantes \u00bb avec force d\u00e9tails&nbsp;qu\u2019ils manipulent all\u00e8grement pour porter atteinte \u00e0 l\u2019Alg\u00e9rie et \u00e0 ses institutions&nbsp;alors que la sc\u00e8ne et le champ m\u00e9diatiques&nbsp;souffrent \u00e0 cause de fallacieuses arguties de la r\u00e9tention de l\u2019information et de la loi de l\u2019omerta ? Le foisonnement et la spontan\u00e9it\u00e9 des informations&nbsp;qui servent \u00e0 la fabrication de Fake rev\u00eatant le cachet de l\u2019authenticit\u00e9&nbsp;mis \u00e0 la disposition d\u2019Amir dz, Abdou Semmar, Hichem Aboud et d\u2019autres acolytes prouvent la \u00ab richesse \u00bb de la source. Cette pratique encourage les fake news et la propagande mensong\u00e8re qui visent \u00e0 formater l\u2019opinion publique et \u00e0 orienter les grandes tendances de la sc\u00e8ne nationale \u00e0 leur guise. D\u2019ailleurs, le Pr\u00e9sident Tebboune a tenu \u00e0 mettre fin \u00e0 ces pratiques en signant une Ordonnance sous le n\u00b0 21-09 du 8 juin 2021 relative \u00e0 la protection des informations et des documents administratifs.<\/p>\n\n\n\n<p>Dans son article 3, ladite Ordonnance vise en premier lieu \u00ab les agents publics \u00bb ou<\/p>\n\n\n\n<p>\u00ab toute personne qui d\u00e9tient un mandat l\u00e9gislatif, ex\u00e9cutif, administratif, judiciaire, ou au niveau d&rsquo;une assembl\u00e9e populaire locale \u00e9lue, qu&rsquo;elle soit nomm\u00e9e ou \u00e9lue, \u00e0 titre permanent ou temporaire, qu&rsquo;elle soit r\u00e9mun\u00e9r\u00e9e ou non, et quel que soit son niveau hi\u00e9rarchique ou son anciennet\u00e9 \u00bb. La m\u00eame Ordonnance concerne aussi \u00ab toute autre personne investie d&rsquo;une fonction ou d&rsquo;un mandat, m\u00eame temporaires, r\u00e9mun\u00e9r\u00e9e ou non et concourt, \u00e0 ce titre, au service d&rsquo;un organisme public ou d&rsquo;une entreprise publique, ou de toute autre entreprise dans laquelle l&rsquo;Etat d\u00e9tient tout ou partie de son capital, ou tout autre&nbsp;entreprise qui assure un service public et toute autre personne d\u00e9finie comme agent public ou qui y est assimil\u00e9e, conform\u00e9ment \u00e0 la l\u00e9gislation et \u00e0 la&nbsp;r\u00e9glementation en vigueur. \u00bb Les documents concern\u00e9s par cette Ordonnance sont \u00ab les correspondances, \u00e9crits et documents cr\u00e9\u00e9s ou obtenus par l&rsquo;une des autorit\u00e9s comp\u00e9tentes dans l&rsquo;exercice de ses activit\u00e9s. \u00bb<\/p>\n\n\n\n<p>Il est aussi question de ce qui est commun\u00e9ment appel\u00e9 \u00ab Documents classifi\u00e9s \u00bb et s\u2019agissant de \u00ab tout \u00e9crit, papier ou \u00e9lectronique, dessin, plan, carte, photographie, bande sonore ou audiovisuelle, ou tout autre support mat\u00e9riel ou \u00e9lectronique, qui ont fait l&rsquo;objet de mesures visant \u00e0 en interdire la diffusion ou \u00e0 en restreindre l&rsquo;acc\u00e8s \u00bb. La m\u00eame Ordonance traite aussi des informations expliqu\u00e9es comme \u00ab tout \u00e9v\u00e8nement ou nouvelle, quelle qu&rsquo;en soit la source, un document, une photo, un enregistrement sonore, visuel ou audiovisuel, une conversation ou un appel t\u00e9l\u00e9phonique, dont la divulgation<\/p>\n\n\n\n<p>porte atteinte aux autorit\u00e9s concern\u00e9es \u00bb. Ces documents pr\u00e9vus par l\u2019Ordonnance sont consid\u00e9r\u00e9s comme \u00ab propri\u00e9t\u00e9 publique et ne peuvent \u00eatre c\u00e9d\u00e9s ni acquis par quelque moyen que ce soit \u00bb. Les aveux du terroriste d\u00e9tenu, Mohamed Azouz Benhalima incitent la classe politique et l\u2019Etat alg\u00e9rien \u00e0 se ressaisir et \u00e0 s\u00e9vir quant \u00e0 ce fl\u00e9au ravageur de la manipulation de l\u2019information en dehors du circuit l\u00e9gal dans&nbsp;le but d\u2019avoir la mainmise sur la situation politique et le pouvoir en g\u00e9n\u00e9ral.&nbsp;N\u2019est-il pas temps de nettoyer les \u00e9curies d\u2019Augias ?&nbsp;<\/p>\n\n\n\n<p><strong>Rachid Nassouti<\/strong><\/p>\n","protected":false},"excerpt":{"rendered":"<p>Aussi paradoxal que cela puisse para\u00eetre,&nbsp;les&nbsp;r\u00e9v\u00e9lations&nbsp;de&nbsp;Mohamed Benhalima montrent,&nbsp;on ne peut plus clairement,&nbsp;que les fuites informationnelles suscitent beaucoup d\u2019interrogations et de<\/p>\n","protected":false},"author":3,"featured_media":23331,"comment_status":"open","ping_status":"closed","sticky":false,"template":"","format":"standard","meta":{"colormag_page_container_layout":"default_layout","colormag_page_sidebar_layout":"default_layout","om_disable_all_campaigns":false,"_monsterinsights_skip_tracking":false,"_monsterinsights_sitenote_active":false,"_monsterinsights_sitenote_note":"","_monsterinsights_sitenote_category":0,"footnotes":"","_wpscppro_dont_share_socialmedia":false,"_wpscppro_custom_social_share_image":0,"_facebook_share_type":"","_twitter_share_type":"","_linkedin_share_type":"","_pinterest_share_type":"","_linkedin_share_type_page":"","_instagram_share_type":"","_medium_share_type":"","_threads_share_type":"","_google_business_share_type":"","_selected_social_profile":[],"_wpsp_enable_custom_social_template":false,"_wpsp_social_scheduling":{"enabled":false,"datetime":null,"platforms":[],"status":"template_only","dateOption":"today","timeOption":"now","customDays":"","customHours":"","customDate":"","customTime":"","schedulingType":"absolute"},"_wpsp_active_default_template":true},"categories":[52,27],"tags":[],"class_list":["post-23326","post","type-post","status-publish","format-standard","has-post-thumbnail","hentry","category-a-la-une","category-actualite"],"aioseo_notices":[],"yoast_head":"<!-- This site is optimized with the Yoast SEO plugin v27.5 - https:\/\/yoast.com\/product\/yoast-seo-wordpress\/ -->\n<title>Fuites informationnelles, d\u00e9sinformation, organisations \u00e9cran, lien avec le MAK\u00a0: Tarir les sources de la n\u00e9buleuse Rachad - La Sentinelle<\/title>\n<meta name=\"robots\" content=\"index, follow, max-snippet:-1, max-image-preview:large, max-video-preview:-1\" \/>\n<link rel=\"canonical\" href=\"https:\/\/lasentinelle.dz\/index.php\/2022\/06\/29\/fuites-informationnelles-desinformation-organisations-ecran-lien-avec-le-mak-tarir-les-ressources-de-la-nebuleuse-rachad\/\" \/>\n<meta property=\"og:locale\" content=\"fr_FR\" \/>\n<meta property=\"og:type\" content=\"article\" \/>\n<meta property=\"og:title\" content=\"Fuites informationnelles, d\u00e9sinformation, organisations \u00e9cran, lien avec le MAK\u00a0: Tarir les sources de la n\u00e9buleuse Rachad - La Sentinelle\" \/>\n<meta property=\"og:description\" content=\"Aussi paradoxal que cela puisse para\u00eetre,&nbsp;les&nbsp;r\u00e9v\u00e9lations&nbsp;de&nbsp;Mohamed Benhalima montrent,&nbsp;on ne peut plus clairement,&nbsp;que les fuites informationnelles suscitent beaucoup d\u2019interrogations et de\" \/>\n<meta property=\"og:url\" content=\"https:\/\/lasentinelle.dz\/index.php\/2022\/06\/29\/fuites-informationnelles-desinformation-organisations-ecran-lien-avec-le-mak-tarir-les-ressources-de-la-nebuleuse-rachad\/\" \/>\n<meta property=\"og:site_name\" content=\"La Sentinelle\" \/>\n<meta property=\"article:publisher\" content=\"https:\/\/www.facebook.com\/La-Sentinelle-104059864394773\" \/>\n<meta property=\"article:published_time\" content=\"2022-06-28T23:05:00+00:00\" \/>\n<meta property=\"og:image\" content=\"https:\/\/lasentinelle.dz\/wp-content\/uploads\/2022\/06\/Rachad-1.png\" \/>\n\t<meta property=\"og:image:width\" content=\"1630\" \/>\n\t<meta property=\"og:image:height\" content=\"900\" \/>\n\t<meta property=\"og:image:type\" content=\"image\/png\" \/>\n<meta name=\"author\" content=\"La Sentinelle\" \/>\n<meta name=\"twitter:card\" content=\"summary_large_image\" \/>\n<meta name=\"twitter:label1\" content=\"\u00c9crit par\" \/>\n\t<meta name=\"twitter:data1\" content=\"La Sentinelle\" \/>\n\t<meta name=\"twitter:label2\" content=\"Dur\u00e9e de lecture estim\u00e9e\" \/>\n\t<meta name=\"twitter:data2\" content=\"6 minutes\" \/>\n<script type=\"application\/ld+json\" class=\"yoast-schema-graph\">{\"@context\":\"https:\\\/\\\/schema.org\",\"@graph\":[{\"@type\":\"Article\",\"@id\":\"https:\\\/\\\/lasentinelle.dz\\\/index.php\\\/2022\\\/06\\\/29\\\/fuites-informationnelles-desinformation-organisations-ecran-lien-avec-le-mak-tarir-les-ressources-de-la-nebuleuse-rachad\\\/#article\",\"isPartOf\":{\"@id\":\"https:\\\/\\\/lasentinelle.dz\\\/index.php\\\/2022\\\/06\\\/29\\\/fuites-informationnelles-desinformation-organisations-ecran-lien-avec-le-mak-tarir-les-ressources-de-la-nebuleuse-rachad\\\/\"},\"author\":{\"name\":\"La Sentinelle\",\"@id\":\"https:\\\/\\\/lasentinelle.dz\\\/#\\\/schema\\\/person\\\/d865044e22e70a75174ce8bcad3acfb3\"},\"headline\":\"Fuites informationnelles, d\u00e9sinformation, organisations \u00e9cran, lien avec le MAK\u00a0: Tarir les sources de la n\u00e9buleuse Rachad\",\"datePublished\":\"2022-06-28T23:05:00+00:00\",\"mainEntityOfPage\":{\"@id\":\"https:\\\/\\\/lasentinelle.dz\\\/index.php\\\/2022\\\/06\\\/29\\\/fuites-informationnelles-desinformation-organisations-ecran-lien-avec-le-mak-tarir-les-ressources-de-la-nebuleuse-rachad\\\/\"},\"wordCount\":1284,\"commentCount\":0,\"publisher\":{\"@id\":\"https:\\\/\\\/lasentinelle.dz\\\/#organization\"},\"image\":{\"@id\":\"https:\\\/\\\/lasentinelle.dz\\\/index.php\\\/2022\\\/06\\\/29\\\/fuites-informationnelles-desinformation-organisations-ecran-lien-avec-le-mak-tarir-les-ressources-de-la-nebuleuse-rachad\\\/#primaryimage\"},\"thumbnailUrl\":\"https:\\\/\\\/lasentinelle.dz\\\/wp-content\\\/uploads\\\/2022\\\/06\\\/Rachad-1.png\",\"articleSection\":[\"\u00c0 la Une\",\"Actualit\u00e9\"],\"inLanguage\":\"fr-FR\",\"potentialAction\":[{\"@type\":\"CommentAction\",\"name\":\"Comment\",\"target\":[\"https:\\\/\\\/lasentinelle.dz\\\/index.php\\\/2022\\\/06\\\/29\\\/fuites-informationnelles-desinformation-organisations-ecran-lien-avec-le-mak-tarir-les-ressources-de-la-nebuleuse-rachad\\\/#respond\"]}]},{\"@type\":\"WebPage\",\"@id\":\"https:\\\/\\\/lasentinelle.dz\\\/index.php\\\/2022\\\/06\\\/29\\\/fuites-informationnelles-desinformation-organisations-ecran-lien-avec-le-mak-tarir-les-ressources-de-la-nebuleuse-rachad\\\/\",\"url\":\"https:\\\/\\\/lasentinelle.dz\\\/index.php\\\/2022\\\/06\\\/29\\\/fuites-informationnelles-desinformation-organisations-ecran-lien-avec-le-mak-tarir-les-ressources-de-la-nebuleuse-rachad\\\/\",\"name\":\"Fuites informationnelles, d\u00e9sinformation, organisations \u00e9cran, lien avec le MAK\u00a0: Tarir les sources de la n\u00e9buleuse Rachad - La Sentinelle\",\"isPartOf\":{\"@id\":\"https:\\\/\\\/lasentinelle.dz\\\/#website\"},\"primaryImageOfPage\":{\"@id\":\"https:\\\/\\\/lasentinelle.dz\\\/index.php\\\/2022\\\/06\\\/29\\\/fuites-informationnelles-desinformation-organisations-ecran-lien-avec-le-mak-tarir-les-ressources-de-la-nebuleuse-rachad\\\/#primaryimage\"},\"image\":{\"@id\":\"https:\\\/\\\/lasentinelle.dz\\\/index.php\\\/2022\\\/06\\\/29\\\/fuites-informationnelles-desinformation-organisations-ecran-lien-avec-le-mak-tarir-les-ressources-de-la-nebuleuse-rachad\\\/#primaryimage\"},\"thumbnailUrl\":\"https:\\\/\\\/lasentinelle.dz\\\/wp-content\\\/uploads\\\/2022\\\/06\\\/Rachad-1.png\",\"datePublished\":\"2022-06-28T23:05:00+00:00\",\"breadcrumb\":{\"@id\":\"https:\\\/\\\/lasentinelle.dz\\\/index.php\\\/2022\\\/06\\\/29\\\/fuites-informationnelles-desinformation-organisations-ecran-lien-avec-le-mak-tarir-les-ressources-de-la-nebuleuse-rachad\\\/#breadcrumb\"},\"inLanguage\":\"fr-FR\",\"potentialAction\":[{\"@type\":\"ReadAction\",\"target\":[\"https:\\\/\\\/lasentinelle.dz\\\/index.php\\\/2022\\\/06\\\/29\\\/fuites-informationnelles-desinformation-organisations-ecran-lien-avec-le-mak-tarir-les-ressources-de-la-nebuleuse-rachad\\\/\"]}]},{\"@type\":\"ImageObject\",\"inLanguage\":\"fr-FR\",\"@id\":\"https:\\\/\\\/lasentinelle.dz\\\/index.php\\\/2022\\\/06\\\/29\\\/fuites-informationnelles-desinformation-organisations-ecran-lien-avec-le-mak-tarir-les-ressources-de-la-nebuleuse-rachad\\\/#primaryimage\",\"url\":\"https:\\\/\\\/lasentinelle.dz\\\/wp-content\\\/uploads\\\/2022\\\/06\\\/Rachad-1.png\",\"contentUrl\":\"https:\\\/\\\/lasentinelle.dz\\\/wp-content\\\/uploads\\\/2022\\\/06\\\/Rachad-1.png\",\"width\":1630,\"height\":900},{\"@type\":\"BreadcrumbList\",\"@id\":\"https:\\\/\\\/lasentinelle.dz\\\/index.php\\\/2022\\\/06\\\/29\\\/fuites-informationnelles-desinformation-organisations-ecran-lien-avec-le-mak-tarir-les-ressources-de-la-nebuleuse-rachad\\\/#breadcrumb\",\"itemListElement\":[{\"@type\":\"ListItem\",\"position\":1,\"name\":\"Accueil\",\"item\":\"https:\\\/\\\/lasentinelle.dz\\\/\"},{\"@type\":\"ListItem\",\"position\":2,\"name\":\"Fuites informationnelles, d\u00e9sinformation, organisations \u00e9cran, lien avec le MAK\u00a0: Tarir les sources de la n\u00e9buleuse Rachad\"}]},{\"@type\":\"WebSite\",\"@id\":\"https:\\\/\\\/lasentinelle.dz\\\/#website\",\"url\":\"https:\\\/\\\/lasentinelle.dz\\\/\",\"name\":\"La Sentinelle\",\"description\":\"Quotidien national d&#039;information\",\"publisher\":{\"@id\":\"https:\\\/\\\/lasentinelle.dz\\\/#organization\"},\"potentialAction\":[{\"@type\":\"SearchAction\",\"target\":{\"@type\":\"EntryPoint\",\"urlTemplate\":\"https:\\\/\\\/lasentinelle.dz\\\/?s={search_term_string}\"},\"query-input\":{\"@type\":\"PropertyValueSpecification\",\"valueRequired\":true,\"valueName\":\"search_term_string\"}}],\"inLanguage\":\"fr-FR\"},{\"@type\":\"Organization\",\"@id\":\"https:\\\/\\\/lasentinelle.dz\\\/#organization\",\"name\":\"Quotidien La Sentinelle\",\"url\":\"https:\\\/\\\/lasentinelle.dz\\\/\",\"logo\":{\"@type\":\"ImageObject\",\"inLanguage\":\"fr-FR\",\"@id\":\"https:\\\/\\\/lasentinelle.dz\\\/#\\\/schema\\\/logo\\\/image\\\/\",\"url\":\"https:\\\/\\\/lasentinelle.dz\\\/wp-content\\\/uploads\\\/2021\\\/09\\\/logo-sentinelleSLOGAN-1.png\",\"contentUrl\":\"https:\\\/\\\/lasentinelle.dz\\\/wp-content\\\/uploads\\\/2021\\\/09\\\/logo-sentinelleSLOGAN-1.png\",\"width\":615,\"height\":142,\"caption\":\"Quotidien La Sentinelle\"},\"image\":{\"@id\":\"https:\\\/\\\/lasentinelle.dz\\\/#\\\/schema\\\/logo\\\/image\\\/\"},\"sameAs\":[\"https:\\\/\\\/www.facebook.com\\\/La-Sentinelle-104059864394773\"]},{\"@type\":\"Person\",\"@id\":\"https:\\\/\\\/lasentinelle.dz\\\/#\\\/schema\\\/person\\\/d865044e22e70a75174ce8bcad3acfb3\",\"name\":\"La Sentinelle\",\"image\":{\"@type\":\"ImageObject\",\"inLanguage\":\"fr-FR\",\"@id\":\"https:\\\/\\\/secure.gravatar.com\\\/avatar\\\/57de8e5d4b15d43fb361a71fbb36338450fe67865b528a43dd10ef7c51a20392?s=96&d=mm&r=g\",\"url\":\"https:\\\/\\\/secure.gravatar.com\\\/avatar\\\/57de8e5d4b15d43fb361a71fbb36338450fe67865b528a43dd10ef7c51a20392?s=96&d=mm&r=g\",\"contentUrl\":\"https:\\\/\\\/secure.gravatar.com\\\/avatar\\\/57de8e5d4b15d43fb361a71fbb36338450fe67865b528a43dd10ef7c51a20392?s=96&d=mm&r=g\",\"caption\":\"La Sentinelle\"},\"sameAs\":[\"http:\\\/\\\/www.lasentinelle.dz\"],\"url\":\"https:\\\/\\\/lasentinelle.dz\\\/author\\\/redaction\\\/\"}]}<\/script>\n<!-- \/ Yoast SEO plugin. -->","yoast_head_json":{"title":"Fuites informationnelles, d\u00e9sinformation, organisations \u00e9cran, lien avec le MAK\u00a0: Tarir les sources de la n\u00e9buleuse Rachad - La Sentinelle","robots":{"index":"index","follow":"follow","max-snippet":"max-snippet:-1","max-image-preview":"max-image-preview:large","max-video-preview":"max-video-preview:-1"},"canonical":"https:\/\/lasentinelle.dz\/index.php\/2022\/06\/29\/fuites-informationnelles-desinformation-organisations-ecran-lien-avec-le-mak-tarir-les-ressources-de-la-nebuleuse-rachad\/","og_locale":"fr_FR","og_type":"article","og_title":"Fuites informationnelles, d\u00e9sinformation, organisations \u00e9cran, lien avec le MAK\u00a0: Tarir les sources de la n\u00e9buleuse Rachad - La Sentinelle","og_description":"Aussi paradoxal que cela puisse para\u00eetre,&nbsp;les&nbsp;r\u00e9v\u00e9lations&nbsp;de&nbsp;Mohamed Benhalima montrent,&nbsp;on ne peut plus clairement,&nbsp;que les fuites informationnelles suscitent beaucoup d\u2019interrogations et de","og_url":"https:\/\/lasentinelle.dz\/index.php\/2022\/06\/29\/fuites-informationnelles-desinformation-organisations-ecran-lien-avec-le-mak-tarir-les-ressources-de-la-nebuleuse-rachad\/","og_site_name":"La Sentinelle","article_publisher":"https:\/\/www.facebook.com\/La-Sentinelle-104059864394773","article_published_time":"2022-06-28T23:05:00+00:00","og_image":[{"width":1630,"height":900,"url":"https:\/\/lasentinelle.dz\/wp-content\/uploads\/2022\/06\/Rachad-1.png","type":"image\/png"}],"author":"La Sentinelle","twitter_card":"summary_large_image","twitter_misc":{"\u00c9crit par":"La Sentinelle","Dur\u00e9e de lecture estim\u00e9e":"6 minutes"},"schema":{"@context":"https:\/\/schema.org","@graph":[{"@type":"Article","@id":"https:\/\/lasentinelle.dz\/index.php\/2022\/06\/29\/fuites-informationnelles-desinformation-organisations-ecran-lien-avec-le-mak-tarir-les-ressources-de-la-nebuleuse-rachad\/#article","isPartOf":{"@id":"https:\/\/lasentinelle.dz\/index.php\/2022\/06\/29\/fuites-informationnelles-desinformation-organisations-ecran-lien-avec-le-mak-tarir-les-ressources-de-la-nebuleuse-rachad\/"},"author":{"name":"La Sentinelle","@id":"https:\/\/lasentinelle.dz\/#\/schema\/person\/d865044e22e70a75174ce8bcad3acfb3"},"headline":"Fuites informationnelles, d\u00e9sinformation, organisations \u00e9cran, lien avec le MAK\u00a0: Tarir les sources de la n\u00e9buleuse Rachad","datePublished":"2022-06-28T23:05:00+00:00","mainEntityOfPage":{"@id":"https:\/\/lasentinelle.dz\/index.php\/2022\/06\/29\/fuites-informationnelles-desinformation-organisations-ecran-lien-avec-le-mak-tarir-les-ressources-de-la-nebuleuse-rachad\/"},"wordCount":1284,"commentCount":0,"publisher":{"@id":"https:\/\/lasentinelle.dz\/#organization"},"image":{"@id":"https:\/\/lasentinelle.dz\/index.php\/2022\/06\/29\/fuites-informationnelles-desinformation-organisations-ecran-lien-avec-le-mak-tarir-les-ressources-de-la-nebuleuse-rachad\/#primaryimage"},"thumbnailUrl":"https:\/\/lasentinelle.dz\/wp-content\/uploads\/2022\/06\/Rachad-1.png","articleSection":["\u00c0 la Une","Actualit\u00e9"],"inLanguage":"fr-FR","potentialAction":[{"@type":"CommentAction","name":"Comment","target":["https:\/\/lasentinelle.dz\/index.php\/2022\/06\/29\/fuites-informationnelles-desinformation-organisations-ecran-lien-avec-le-mak-tarir-les-ressources-de-la-nebuleuse-rachad\/#respond"]}]},{"@type":"WebPage","@id":"https:\/\/lasentinelle.dz\/index.php\/2022\/06\/29\/fuites-informationnelles-desinformation-organisations-ecran-lien-avec-le-mak-tarir-les-ressources-de-la-nebuleuse-rachad\/","url":"https:\/\/lasentinelle.dz\/index.php\/2022\/06\/29\/fuites-informationnelles-desinformation-organisations-ecran-lien-avec-le-mak-tarir-les-ressources-de-la-nebuleuse-rachad\/","name":"Fuites informationnelles, d\u00e9sinformation, organisations \u00e9cran, lien avec le MAK\u00a0: Tarir les sources de la n\u00e9buleuse Rachad - La Sentinelle","isPartOf":{"@id":"https:\/\/lasentinelle.dz\/#website"},"primaryImageOfPage":{"@id":"https:\/\/lasentinelle.dz\/index.php\/2022\/06\/29\/fuites-informationnelles-desinformation-organisations-ecran-lien-avec-le-mak-tarir-les-ressources-de-la-nebuleuse-rachad\/#primaryimage"},"image":{"@id":"https:\/\/lasentinelle.dz\/index.php\/2022\/06\/29\/fuites-informationnelles-desinformation-organisations-ecran-lien-avec-le-mak-tarir-les-ressources-de-la-nebuleuse-rachad\/#primaryimage"},"thumbnailUrl":"https:\/\/lasentinelle.dz\/wp-content\/uploads\/2022\/06\/Rachad-1.png","datePublished":"2022-06-28T23:05:00+00:00","breadcrumb":{"@id":"https:\/\/lasentinelle.dz\/index.php\/2022\/06\/29\/fuites-informationnelles-desinformation-organisations-ecran-lien-avec-le-mak-tarir-les-ressources-de-la-nebuleuse-rachad\/#breadcrumb"},"inLanguage":"fr-FR","potentialAction":[{"@type":"ReadAction","target":["https:\/\/lasentinelle.dz\/index.php\/2022\/06\/29\/fuites-informationnelles-desinformation-organisations-ecran-lien-avec-le-mak-tarir-les-ressources-de-la-nebuleuse-rachad\/"]}]},{"@type":"ImageObject","inLanguage":"fr-FR","@id":"https:\/\/lasentinelle.dz\/index.php\/2022\/06\/29\/fuites-informationnelles-desinformation-organisations-ecran-lien-avec-le-mak-tarir-les-ressources-de-la-nebuleuse-rachad\/#primaryimage","url":"https:\/\/lasentinelle.dz\/wp-content\/uploads\/2022\/06\/Rachad-1.png","contentUrl":"https:\/\/lasentinelle.dz\/wp-content\/uploads\/2022\/06\/Rachad-1.png","width":1630,"height":900},{"@type":"BreadcrumbList","@id":"https:\/\/lasentinelle.dz\/index.php\/2022\/06\/29\/fuites-informationnelles-desinformation-organisations-ecran-lien-avec-le-mak-tarir-les-ressources-de-la-nebuleuse-rachad\/#breadcrumb","itemListElement":[{"@type":"ListItem","position":1,"name":"Accueil","item":"https:\/\/lasentinelle.dz\/"},{"@type":"ListItem","position":2,"name":"Fuites informationnelles, d\u00e9sinformation, organisations \u00e9cran, lien avec le MAK\u00a0: Tarir les sources de la n\u00e9buleuse Rachad"}]},{"@type":"WebSite","@id":"https:\/\/lasentinelle.dz\/#website","url":"https:\/\/lasentinelle.dz\/","name":"La Sentinelle","description":"Quotidien national d&#039;information","publisher":{"@id":"https:\/\/lasentinelle.dz\/#organization"},"potentialAction":[{"@type":"SearchAction","target":{"@type":"EntryPoint","urlTemplate":"https:\/\/lasentinelle.dz\/?s={search_term_string}"},"query-input":{"@type":"PropertyValueSpecification","valueRequired":true,"valueName":"search_term_string"}}],"inLanguage":"fr-FR"},{"@type":"Organization","@id":"https:\/\/lasentinelle.dz\/#organization","name":"Quotidien La Sentinelle","url":"https:\/\/lasentinelle.dz\/","logo":{"@type":"ImageObject","inLanguage":"fr-FR","@id":"https:\/\/lasentinelle.dz\/#\/schema\/logo\/image\/","url":"https:\/\/lasentinelle.dz\/wp-content\/uploads\/2021\/09\/logo-sentinelleSLOGAN-1.png","contentUrl":"https:\/\/lasentinelle.dz\/wp-content\/uploads\/2021\/09\/logo-sentinelleSLOGAN-1.png","width":615,"height":142,"caption":"Quotidien La Sentinelle"},"image":{"@id":"https:\/\/lasentinelle.dz\/#\/schema\/logo\/image\/"},"sameAs":["https:\/\/www.facebook.com\/La-Sentinelle-104059864394773"]},{"@type":"Person","@id":"https:\/\/lasentinelle.dz\/#\/schema\/person\/d865044e22e70a75174ce8bcad3acfb3","name":"La Sentinelle","image":{"@type":"ImageObject","inLanguage":"fr-FR","@id":"https:\/\/secure.gravatar.com\/avatar\/57de8e5d4b15d43fb361a71fbb36338450fe67865b528a43dd10ef7c51a20392?s=96&d=mm&r=g","url":"https:\/\/secure.gravatar.com\/avatar\/57de8e5d4b15d43fb361a71fbb36338450fe67865b528a43dd10ef7c51a20392?s=96&d=mm&r=g","contentUrl":"https:\/\/secure.gravatar.com\/avatar\/57de8e5d4b15d43fb361a71fbb36338450fe67865b528a43dd10ef7c51a20392?s=96&d=mm&r=g","caption":"La Sentinelle"},"sameAs":["http:\/\/www.lasentinelle.dz"],"url":"https:\/\/lasentinelle.dz\/author\/redaction\/"}]}},"_links":{"self":[{"href":"https:\/\/lasentinelle.dz\/index.php\/wp-json\/wp\/v2\/posts\/23326","targetHints":{"allow":["GET"]}}],"collection":[{"href":"https:\/\/lasentinelle.dz\/index.php\/wp-json\/wp\/v2\/posts"}],"about":[{"href":"https:\/\/lasentinelle.dz\/index.php\/wp-json\/wp\/v2\/types\/post"}],"author":[{"embeddable":true,"href":"https:\/\/lasentinelle.dz\/index.php\/wp-json\/wp\/v2\/users\/3"}],"replies":[{"embeddable":true,"href":"https:\/\/lasentinelle.dz\/index.php\/wp-json\/wp\/v2\/comments?post=23326"}],"version-history":[{"count":2,"href":"https:\/\/lasentinelle.dz\/index.php\/wp-json\/wp\/v2\/posts\/23326\/revisions"}],"predecessor-version":[{"id":23377,"href":"https:\/\/lasentinelle.dz\/index.php\/wp-json\/wp\/v2\/posts\/23326\/revisions\/23377"}],"wp:featuredmedia":[{"embeddable":true,"href":"https:\/\/lasentinelle.dz\/index.php\/wp-json\/wp\/v2\/media\/23331"}],"wp:attachment":[{"href":"https:\/\/lasentinelle.dz\/index.php\/wp-json\/wp\/v2\/media?parent=23326"}],"wp:term":[{"taxonomy":"category","embeddable":true,"href":"https:\/\/lasentinelle.dz\/index.php\/wp-json\/wp\/v2\/categories?post=23326"},{"taxonomy":"post_tag","embeddable":true,"href":"https:\/\/lasentinelle.dz\/index.php\/wp-json\/wp\/v2\/tags?post=23326"}],"curies":[{"name":"wp","href":"https:\/\/api.w.org\/{rel}","templated":true}]}}