{"id":23328,"date":"2022-06-29T00:01:00","date_gmt":"2022-06-28T23:01:00","guid":{"rendered":"https:\/\/lasentinelle.dz\/?p=23328"},"modified":"2022-06-28T20:04:55","modified_gmt":"2022-06-28T19:04:55","slug":"celebration-du-60e-anniversaire-de-lindependance-une-ceremonie-de-haute-facture","status":"publish","type":"post","link":"https:\/\/lasentinelle.dz\/index.php\/2022\/06\/29\/celebration-du-60e-anniversaire-de-lindependance-une-ceremonie-de-haute-facture\/","title":{"rendered":"C\u00e9l\u00e9bration du 60e\u00a0anniversaire de l\u2019Ind\u00e9pendance\u00a0: Une c\u00e9r\u00e9monie de haute facture"},"content":{"rendered":"\n<p class=\"wp-block-paragraph\">Le&nbsp;ministre des Moudjahidines et des&nbsp;Ayants-Droits,&nbsp;&nbsp;Laid Rebigua a&nbsp;assur\u00e9&nbsp;hier&nbsp;que \u00abla c\u00e9r\u00e9monie de la c\u00e9l\u00e9bration du 60e anniversaire de l\u2019ind\u00e9pendance&nbsp;sera&nbsp;\u00e0 la hauteur et&nbsp;de haut niveau scientifique, acad\u00e9mique et artistique. S\u2019exprimant sur les ondes de la&nbsp;Chaine 1 de la&nbsp;Radio nationale, il a r\u00e9v\u00e9l\u00e9 que&nbsp;cette c\u00e9l\u00e9bration d\u00e9crira une&nbsp;saga. Un spectacle dont l\u2019\u00e9criture&nbsp;a \u00e9t\u00e9 choisie&nbsp;sur la base d\u2019un concours national lanc\u00e9 par&nbsp;son d\u00e9partement&nbsp;en 2021. \u00abCette repr\u00e9sentation aborde toutes les \u00e9tapes historiques de l\u2019Alg\u00e9rie allant de la pr\u00e9histoire jusqu\u2019\u00e0 l\u2019histoire contemporaine&nbsp;et notamment&nbsp;l\u2019ind\u00e9pendance\u00bb. \u00abLe sc\u00e9nario comprend&nbsp;\u00e9galement les concr\u00e9tisations de l\u2019Alg\u00e9rie ind\u00e9pendante en plus de sa vision futuriste\u00bb, a expliqu\u00e9 le ministre.&nbsp;&nbsp;La\u00efd&nbsp;a ajout\u00e9 que \u00able&nbsp;spectacle sera&nbsp;une \u0153uvre de haute qualit\u00e9 artistique conform\u00e9ment au exigences acad\u00e9miques dans lequel les meilleurs technologies sont utilis\u00e9es, \u00e0 savoir l\u2019hologramme\u00bb.&nbsp;&nbsp;Confiant, le Ministre des Moudjahidines et des&nbsp;Ayants-Droits a&nbsp;pr\u00e9cis\u00e9 que son d\u00e9partement&nbsp;re\u00e7u \u00abplus de 500 projetsde livres&nbsp;\u00e9dit\u00e9es en trois langues, Arabe,&nbsp;Anglais et&nbsp;Fran\u00e7ais\u00bb.&nbsp;&nbsp;Jusque l\u00e0, ajoute le ministre, \u00ab 150 \u0153uvres ont \u00e9t\u00e9 approuv\u00e9es et seront imprim\u00e9s pendant l\u2019ann\u00e9e consacr\u00e9e \u00e0 la c\u00e9l\u00e9bration de l\u2019ind\u00e9pendance\u00bb, notant que \u00able comit\u00e9 de supervision a relev\u00e9 l\u2019adh\u00e9sion et l\u2019int\u00e9r\u00eat des jeunes pour l\u2019histoire de leur pays\u00bb. En collaboration avec le minist\u00e8re de l\u2019\u00c9ducation nationale, le minist\u00e8re des Moudjahidines et&nbsp;des&nbsp;Ayants-droit a avalis\u00e9 deux manuels scolaires destin\u00e9s aux enseignants et aux \u00e9l\u00e8ves de diff\u00e9rents niveaux.<\/p>\n\n\n\n<p class=\"wp-block-paragraph\"><strong>Salim Abdenour<\/strong><\/p>\n","protected":false},"excerpt":{"rendered":"<p>Le&nbsp;ministre des Moudjahidines et des&nbsp;Ayants-Droits,&nbsp;&nbsp;Laid Rebigua a&nbsp;assur\u00e9&nbsp;hier&nbsp;que \u00abla c\u00e9r\u00e9monie de la c\u00e9l\u00e9bration du 60e anniversaire de l\u2019ind\u00e9pendance&nbsp;sera&nbsp;\u00e0 la hauteur et&nbsp;de<\/p>\n","protected":false},"author":3,"featured_media":23349,"comment_status":"open","ping_status":"closed","sticky":false,"template":"","format":"standard","meta":{"colormag_page_container_layout":"default_layout","colormag_page_sidebar_layout":"default_layout","om_disable_all_campaigns":false,"_monsterinsights_skip_tracking":false,"footnotes":"","_wpscppro_dont_share_socialmedia":false,"_wpscppro_custom_social_share_image":0,"_facebook_share_type":"","_twitter_share_type":"","_linkedin_share_type":"","_pinterest_share_type":"","_linkedin_share_type_page":"","_instagram_share_type":"","_medium_share_type":"","_threads_share_type":"","_google_business_share_type":"","_bluesky_share_type":"","_mastodon_share_type":"","_selected_social_profile":[],"_wpsp_enable_custom_social_template":false,"_wpsp_social_scheduling":{"enabled":false,"datetime":null,"platforms":[],"status":"template_only","dateOption":"today","timeOption":"now","customDays":"","customHours":"","customDate":"","customTime":"","schedulingType":"absolute"},"_wpsp_active_default_template":true},"categories":[27],"tags":[],"class_list":["post-23328","post","type-post","status-publish","format-standard","has-post-thumbnail","hentry","category-actualite"],"aioseo_notices":[],"aioseo_head":"\n\t\t<!-- All in One SEO 5.0.0.1 - aioseo.com -->\n\t<meta name=\"description\" content=\"Le ministre des Moudjahidines et des Ayants-Droits, Laid Rebigua a assur\u00e9 hier que \u00abla c\u00e9r\u00e9monie de la c\u00e9l\u00e9bration du 60e anniversaire de l\u2019ind\u00e9pendance sera \u00e0 la hauteur et de haut niveau scientifique, acad\u00e9mique et artistique. S\u2019exprimant sur les ondes de la Chaine 1 de la Radio nationale, il a r\u00e9v\u00e9l\u00e9 que cette c\u00e9l\u00e9bration d\u00e9crira une saga. Un spectacle dont l\u2019\u00e9criture a \u00e9t\u00e9 choisie sur la base d\u2019un concours national lanc\u00e9\" \/>\n\t<meta name=\"robots\" content=\"max-image-preview:large\" \/>\n\t<meta name=\"author\" content=\"La Sentinelle\"\/>\n\t<link rel=\"canonical\" href=\"https:\/\/lasentinelle.dz\/index.php\/2022\/06\/29\/celebration-du-60e-anniversaire-de-lindependance-une-ceremonie-de-haute-facture\/\" \/>\n\t<meta name=\"generator\" content=\"All in One SEO (AIOSEO) 5.0.0.1\" \/>\n\t\t<meta property=\"og:locale\" content=\"fr_FR\" \/>\n\t\t<meta property=\"og:site_name\" content=\"La Sentinelle - Quotidien national d&#039;information\" \/>\n\t\t<meta property=\"og:type\" content=\"article\" \/>\n\t\t<meta property=\"og:title\" content=\"C\u00e9l\u00e9bration du 60e anniversaire de l\u2019Ind\u00e9pendance : Une c\u00e9r\u00e9monie de haute facture - La Sentinelle\" \/>\n\t\t<meta property=\"og:description\" content=\"Le ministre des Moudjahidines et des Ayants-Droits, Laid Rebigua a assur\u00e9 hier que \u00abla c\u00e9r\u00e9monie de la c\u00e9l\u00e9bration du 60e anniversaire de l\u2019ind\u00e9pendance sera \u00e0 la hauteur et de haut niveau scientifique, acad\u00e9mique et artistique. S\u2019exprimant sur les ondes de la Chaine 1 de la Radio nationale, il a r\u00e9v\u00e9l\u00e9 que cette c\u00e9l\u00e9bration d\u00e9crira une saga. Un spectacle dont l\u2019\u00e9criture a \u00e9t\u00e9 choisie sur la base d\u2019un concours national lanc\u00e9\" \/>\n\t\t<meta property=\"og:url\" content=\"https:\/\/lasentinelle.dz\/index.php\/2022\/06\/29\/celebration-du-60e-anniversaire-de-lindependance-une-ceremonie-de-haute-facture\/\" \/>\n\t\t<meta property=\"og:image\" content=\"https:\/\/lasentinelle.dz\/wp-content\/uploads\/2021\/09\/cropped-la-sentinelle-earth-golden-anima-5.gif\" \/>\n\t\t<meta property=\"og:image:secure_url\" content=\"https:\/\/lasentinelle.dz\/wp-content\/uploads\/2021\/09\/cropped-la-sentinelle-earth-golden-anima-5.gif\" \/>\n\t\t<meta property=\"og:image:width\" content=\"450\" \/>\n\t\t<meta property=\"og:image:height\" content=\"213\" \/>\n\t\t<meta property=\"article:published_time\" content=\"2022-06-28T23:01:00+00:00\" \/>\n\t\t<meta property=\"article:modified_time\" content=\"2022-06-28T19:04:55+00:00\" \/>\n\t\t<meta property=\"article:publisher\" content=\"https:\/\/www.facebook.com\/azzedine.lasentinelle.1\" \/>\n\t\t<meta name=\"twitter:card\" content=\"summary_large_image\" \/>\n\t\t<meta name=\"twitter:title\" content=\"C\u00e9l\u00e9bration du 60e anniversaire de l\u2019Ind\u00e9pendance : Une c\u00e9r\u00e9monie de haute facture - La Sentinelle\" \/>\n\t\t<meta name=\"twitter:description\" content=\"Le ministre des Moudjahidines et des Ayants-Droits, Laid Rebigua a assur\u00e9 hier que \u00abla c\u00e9r\u00e9monie de la c\u00e9l\u00e9bration du 60e anniversaire de l\u2019ind\u00e9pendance sera \u00e0 la hauteur et de haut niveau scientifique, acad\u00e9mique et artistique. S\u2019exprimant sur les ondes de la Chaine 1 de la Radio nationale, il a r\u00e9v\u00e9l\u00e9 que cette c\u00e9l\u00e9bration d\u00e9crira une saga. Un spectacle dont l\u2019\u00e9criture a \u00e9t\u00e9 choisie sur la base d\u2019un concours national lanc\u00e9\" \/>\n\t\t<meta name=\"twitter:image\" content=\"https:\/\/lasentinelle.dz\/wp-content\/uploads\/2021\/09\/cropped-la-sentinelle-earth-golden-anima-5.gif\" \/>\n\t\t<script type=\"application\/ld+json\" class=\"aioseo-schema\">\n\t\t\t{\"@context\":\"https:\\\/\\\/schema.org\",\"@graph\":[{\"@type\":\"BlogPosting\",\"@id\":\"https:\\\/\\\/lasentinelle.dz\\\/index.php\\\/2022\\\/06\\\/29\\\/celebration-du-60e-anniversaire-de-lindependance-une-ceremonie-de-haute-facture\\\/#blogposting\",\"name\":\"C\\u00e9l\\u00e9bration du 60e anniversaire de l\\u2019Ind\\u00e9pendance : Une c\\u00e9r\\u00e9monie de haute facture - La Sentinelle\",\"headline\":\"C\\u00e9l\\u00e9bration du 60e\\u00a0anniversaire de l\\u2019Ind\\u00e9pendance\\u00a0: Une c\\u00e9r\\u00e9monie de haute facture\",\"author\":{\"@id\":\"https:\\\/\\\/lasentinelle.dz\\\/author\\\/redaction\\\/#author\"},\"publisher\":{\"@id\":\"https:\\\/\\\/lasentinelle.dz\\\/#organization\"},\"image\":{\"@type\":\"ImageObject\",\"url\":\"https:\\\/\\\/lasentinelle.dz\\\/wp-content\\\/uploads\\\/2022\\\/06\\\/Rebiga-1.jpg\",\"width\":580,\"height\":387},\"datePublished\":\"2022-06-29T00:01:00+01:00\",\"dateModified\":\"2022-06-28T20:04:55+01:00\",\"inLanguage\":\"fr-FR\",\"mainEntityOfPage\":{\"@id\":\"https:\\\/\\\/lasentinelle.dz\\\/index.php\\\/2022\\\/06\\\/29\\\/celebration-du-60e-anniversaire-de-lindependance-une-ceremonie-de-haute-facture\\\/#webpage\"},\"isPartOf\":{\"@id\":\"https:\\\/\\\/lasentinelle.dz\\\/index.php\\\/2022\\\/06\\\/29\\\/celebration-du-60e-anniversaire-de-lindependance-une-ceremonie-de-haute-facture\\\/#webpage\"},\"articleSection\":\"Actualit\\u00e9\"},{\"@type\":\"BreadcrumbList\",\"@id\":\"https:\\\/\\\/lasentinelle.dz\\\/index.php\\\/2022\\\/06\\\/29\\\/celebration-du-60e-anniversaire-de-lindependance-une-ceremonie-de-haute-facture\\\/#breadcrumblist\",\"itemListElement\":[{\"@type\":\"ListItem\",\"@id\":\"https:\\\/\\\/lasentinelle.dz#listItem\",\"position\":1,\"name\":\"Home\",\"item\":\"https:\\\/\\\/lasentinelle.dz\",\"nextItem\":{\"@type\":\"ListItem\",\"@id\":\"https:\\\/\\\/lasentinelle.dz\\\/index.php\\\/category\\\/actualite\\\/#listItem\",\"name\":\"Actualit\\u00e9\"}},{\"@type\":\"ListItem\",\"@id\":\"https:\\\/\\\/lasentinelle.dz\\\/index.php\\\/category\\\/actualite\\\/#listItem\",\"position\":2,\"name\":\"Actualit\\u00e9\",\"item\":\"https:\\\/\\\/lasentinelle.dz\\\/index.php\\\/category\\\/actualite\\\/\",\"nextItem\":{\"@type\":\"ListItem\",\"@id\":\"https:\\\/\\\/lasentinelle.dz\\\/index.php\\\/2022\\\/06\\\/29\\\/celebration-du-60e-anniversaire-de-lindependance-une-ceremonie-de-haute-facture\\\/#listItem\",\"name\":\"C\\u00e9l\\u00e9bration du 60e\\u00a0anniversaire de l\\u2019Ind\\u00e9pendance\\u00a0: Une c\\u00e9r\\u00e9monie de haute facture\"},\"previousItem\":{\"@type\":\"ListItem\",\"@id\":\"https:\\\/\\\/lasentinelle.dz#listItem\",\"name\":\"Home\"}},{\"@type\":\"ListItem\",\"@id\":\"https:\\\/\\\/lasentinelle.dz\\\/index.php\\\/2022\\\/06\\\/29\\\/celebration-du-60e-anniversaire-de-lindependance-une-ceremonie-de-haute-facture\\\/#listItem\",\"position\":3,\"name\":\"C\\u00e9l\\u00e9bration du 60e\\u00a0anniversaire de l\\u2019Ind\\u00e9pendance\\u00a0: Une c\\u00e9r\\u00e9monie de haute facture\",\"previousItem\":{\"@type\":\"ListItem\",\"@id\":\"https:\\\/\\\/lasentinelle.dz\\\/index.php\\\/category\\\/actualite\\\/#listItem\",\"name\":\"Actualit\\u00e9\"}}]},{\"@type\":\"Organization\",\"@id\":\"https:\\\/\\\/lasentinelle.dz\\\/#organization\",\"name\":\"La Sentinelle La Sentinelle\",\"description\":\"Quotidien national d'information\",\"url\":\"https:\\\/\\\/lasentinelle.dz\\\/\",\"logo\":{\"@type\":\"ImageObject\",\"url\":\"https:\\\/\\\/lasentinelle.dz\\\/wp-content\\\/uploads\\\/2021\\\/09\\\/cropped-la-sentinelle-earth-golden-anima-5.gif\",\"@id\":\"https:\\\/\\\/lasentinelle.dz\\\/index.php\\\/2022\\\/06\\\/29\\\/celebration-du-60e-anniversaire-de-lindependance-une-ceremonie-de-haute-facture\\\/#organizationLogo\",\"width\":450,\"height\":213},\"image\":{\"@id\":\"https:\\\/\\\/lasentinelle.dz\\\/index.php\\\/2022\\\/06\\\/29\\\/celebration-du-60e-anniversaire-de-lindependance-une-ceremonie-de-haute-facture\\\/#organizationLogo\"},\"sameAs\":[\"https:\\\/\\\/www.facebook.com\\\/azzedine.lasentinelle.1\"]},{\"@type\":\"Person\",\"@id\":\"https:\\\/\\\/lasentinelle.dz\\\/author\\\/redaction\\\/#author\",\"url\":\"https:\\\/\\\/lasentinelle.dz\\\/author\\\/redaction\\\/\",\"name\":\"La Sentinelle\",\"image\":{\"@type\":\"ImageObject\",\"@id\":\"https:\\\/\\\/lasentinelle.dz\\\/index.php\\\/2022\\\/06\\\/29\\\/celebration-du-60e-anniversaire-de-lindependance-une-ceremonie-de-haute-facture\\\/#authorImage\",\"url\":\"https:\\\/\\\/secure.gravatar.com\\\/avatar\\\/57de8e5d4b15d43fb361a71fbb36338450fe67865b528a43dd10ef7c51a20392?s=96&d=mm&r=g\",\"width\":96,\"height\":96,\"caption\":\"La Sentinelle\"}},{\"@type\":\"WebPage\",\"@id\":\"https:\\\/\\\/lasentinelle.dz\\\/index.php\\\/2022\\\/06\\\/29\\\/celebration-du-60e-anniversaire-de-lindependance-une-ceremonie-de-haute-facture\\\/#webpage\",\"url\":\"https:\\\/\\\/lasentinelle.dz\\\/index.php\\\/2022\\\/06\\\/29\\\/celebration-du-60e-anniversaire-de-lindependance-une-ceremonie-de-haute-facture\\\/\",\"name\":\"C\\u00e9l\\u00e9bration du 60e anniversaire de l\\u2019Ind\\u00e9pendance : Une c\\u00e9r\\u00e9monie de haute facture - La Sentinelle\",\"description\":\"Le ministre des Moudjahidines et des Ayants-Droits, Laid Rebigua a assur\\u00e9 hier que \\u00abla c\\u00e9r\\u00e9monie de la c\\u00e9l\\u00e9bration du 60e anniversaire de l\\u2019ind\\u00e9pendance sera \\u00e0 la hauteur et de haut niveau scientifique, acad\\u00e9mique et artistique. S\\u2019exprimant sur les ondes de la Chaine 1 de la Radio nationale, il a r\\u00e9v\\u00e9l\\u00e9 que cette c\\u00e9l\\u00e9bration d\\u00e9crira une saga. Un spectacle dont l\\u2019\\u00e9criture a \\u00e9t\\u00e9 choisie sur la base d\\u2019un concours national lanc\\u00e9\",\"inLanguage\":\"fr-FR\",\"isPartOf\":{\"@id\":\"https:\\\/\\\/lasentinelle.dz\\\/#website\"},\"breadcrumb\":{\"@id\":\"https:\\\/\\\/lasentinelle.dz\\\/index.php\\\/2022\\\/06\\\/29\\\/celebration-du-60e-anniversaire-de-lindependance-une-ceremonie-de-haute-facture\\\/#breadcrumblist\"},\"author\":{\"@id\":\"https:\\\/\\\/lasentinelle.dz\\\/author\\\/redaction\\\/#author\"},\"creator\":{\"@id\":\"https:\\\/\\\/lasentinelle.dz\\\/author\\\/redaction\\\/#author\"},\"image\":{\"@type\":\"ImageObject\",\"url\":\"https:\\\/\\\/lasentinelle.dz\\\/wp-content\\\/uploads\\\/2022\\\/06\\\/Rebiga-1.jpg\",\"@id\":\"https:\\\/\\\/lasentinelle.dz\\\/index.php\\\/2022\\\/06\\\/29\\\/celebration-du-60e-anniversaire-de-lindependance-une-ceremonie-de-haute-facture\\\/#mainImage\",\"width\":580,\"height\":387},\"primaryImageOfPage\":{\"@id\":\"https:\\\/\\\/lasentinelle.dz\\\/index.php\\\/2022\\\/06\\\/29\\\/celebration-du-60e-anniversaire-de-lindependance-une-ceremonie-de-haute-facture\\\/#mainImage\"},\"datePublished\":\"2022-06-29T00:01:00+01:00\",\"dateModified\":\"2022-06-28T20:04:55+01:00\"},{\"@type\":\"WebSite\",\"@id\":\"https:\\\/\\\/lasentinelle.dz\\\/#website\",\"url\":\"https:\\\/\\\/lasentinelle.dz\\\/\",\"name\":\"La Sentinelle\",\"description\":\"Quotidien national d'information\",\"inLanguage\":\"fr-FR\",\"publisher\":{\"@id\":\"https:\\\/\\\/lasentinelle.dz\\\/#organization\"}}]}\n\t\t<\/script>\n\t\t<!-- All in One SEO -->\n\n","aioseo_head_json":{"title":"C\u00e9l\u00e9bration du 60e anniversaire de l\u2019Ind\u00e9pendance : Une c\u00e9r\u00e9monie de haute facture - La Sentinelle","description":"Le ministre des Moudjahidines et des Ayants-Droits, Laid Rebigua a assur\u00e9 hier que \u00abla c\u00e9r\u00e9monie de la c\u00e9l\u00e9bration du 60e anniversaire de l\u2019ind\u00e9pendance sera \u00e0 la hauteur et de haut niveau scientifique, acad\u00e9mique et artistique. S\u2019exprimant sur les ondes de la Chaine 1 de la Radio nationale, il a r\u00e9v\u00e9l\u00e9 que cette c\u00e9l\u00e9bration d\u00e9crira une saga. Un spectacle dont l\u2019\u00e9criture a \u00e9t\u00e9 choisie sur la base d\u2019un concours national lanc\u00e9","canonical_url":"https:\/\/lasentinelle.dz\/index.php\/2022\/06\/29\/celebration-du-60e-anniversaire-de-lindependance-une-ceremonie-de-haute-facture\/","robots":"max-image-preview:large","keywords":"","webmasterTools":{"miscellaneous":""},"schema":{"@context":"https:\/\/schema.org","@graph":[{"@type":"BlogPosting","@id":"https:\/\/lasentinelle.dz\/index.php\/2022\/06\/29\/celebration-du-60e-anniversaire-de-lindependance-une-ceremonie-de-haute-facture\/#blogposting","name":"C\u00e9l\u00e9bration du 60e anniversaire de l\u2019Ind\u00e9pendance : Une c\u00e9r\u00e9monie de haute facture - La Sentinelle","headline":"C\u00e9l\u00e9bration du 60e\u00a0anniversaire de l\u2019Ind\u00e9pendance\u00a0: Une c\u00e9r\u00e9monie de haute facture","author":{"@id":"https:\/\/lasentinelle.dz\/author\/redaction\/#author"},"publisher":{"@id":"https:\/\/lasentinelle.dz\/#organization"},"image":{"@type":"ImageObject","url":"https:\/\/lasentinelle.dz\/wp-content\/uploads\/2022\/06\/Rebiga-1.jpg","width":580,"height":387},"datePublished":"2022-06-29T00:01:00+01:00","dateModified":"2022-06-28T20:04:55+01:00","inLanguage":"fr-FR","mainEntityOfPage":{"@id":"https:\/\/lasentinelle.dz\/index.php\/2022\/06\/29\/celebration-du-60e-anniversaire-de-lindependance-une-ceremonie-de-haute-facture\/#webpage"},"isPartOf":{"@id":"https:\/\/lasentinelle.dz\/index.php\/2022\/06\/29\/celebration-du-60e-anniversaire-de-lindependance-une-ceremonie-de-haute-facture\/#webpage"},"articleSection":"Actualit\u00e9"},{"@type":"BreadcrumbList","@id":"https:\/\/lasentinelle.dz\/index.php\/2022\/06\/29\/celebration-du-60e-anniversaire-de-lindependance-une-ceremonie-de-haute-facture\/#breadcrumblist","itemListElement":[{"@type":"ListItem","@id":"https:\/\/lasentinelle.dz#listItem","position":1,"name":"Home","item":"https:\/\/lasentinelle.dz","nextItem":{"@type":"ListItem","@id":"https:\/\/lasentinelle.dz\/index.php\/category\/actualite\/#listItem","name":"Actualit\u00e9"}},{"@type":"ListItem","@id":"https:\/\/lasentinelle.dz\/index.php\/category\/actualite\/#listItem","position":2,"name":"Actualit\u00e9","item":"https:\/\/lasentinelle.dz\/index.php\/category\/actualite\/","nextItem":{"@type":"ListItem","@id":"https:\/\/lasentinelle.dz\/index.php\/2022\/06\/29\/celebration-du-60e-anniversaire-de-lindependance-une-ceremonie-de-haute-facture\/#listItem","name":"C\u00e9l\u00e9bration du 60e\u00a0anniversaire de l\u2019Ind\u00e9pendance\u00a0: Une c\u00e9r\u00e9monie de haute facture"},"previousItem":{"@type":"ListItem","@id":"https:\/\/lasentinelle.dz#listItem","name":"Home"}},{"@type":"ListItem","@id":"https:\/\/lasentinelle.dz\/index.php\/2022\/06\/29\/celebration-du-60e-anniversaire-de-lindependance-une-ceremonie-de-haute-facture\/#listItem","position":3,"name":"C\u00e9l\u00e9bration du 60e\u00a0anniversaire de l\u2019Ind\u00e9pendance\u00a0: Une c\u00e9r\u00e9monie de haute facture","previousItem":{"@type":"ListItem","@id":"https:\/\/lasentinelle.dz\/index.php\/category\/actualite\/#listItem","name":"Actualit\u00e9"}}]},{"@type":"Organization","@id":"https:\/\/lasentinelle.dz\/#organization","name":"La Sentinelle La Sentinelle","description":"Quotidien national d'information","url":"https:\/\/lasentinelle.dz\/","logo":{"@type":"ImageObject","url":"https:\/\/lasentinelle.dz\/wp-content\/uploads\/2021\/09\/cropped-la-sentinelle-earth-golden-anima-5.gif","@id":"https:\/\/lasentinelle.dz\/index.php\/2022\/06\/29\/celebration-du-60e-anniversaire-de-lindependance-une-ceremonie-de-haute-facture\/#organizationLogo","width":450,"height":213},"image":{"@id":"https:\/\/lasentinelle.dz\/index.php\/2022\/06\/29\/celebration-du-60e-anniversaire-de-lindependance-une-ceremonie-de-haute-facture\/#organizationLogo"},"sameAs":["https:\/\/www.facebook.com\/azzedine.lasentinelle.1"]},{"@type":"Person","@id":"https:\/\/lasentinelle.dz\/author\/redaction\/#author","url":"https:\/\/lasentinelle.dz\/author\/redaction\/","name":"La Sentinelle","image":{"@type":"ImageObject","@id":"https:\/\/lasentinelle.dz\/index.php\/2022\/06\/29\/celebration-du-60e-anniversaire-de-lindependance-une-ceremonie-de-haute-facture\/#authorImage","url":"https:\/\/secure.gravatar.com\/avatar\/57de8e5d4b15d43fb361a71fbb36338450fe67865b528a43dd10ef7c51a20392?s=96&d=mm&r=g","width":96,"height":96,"caption":"La Sentinelle"}},{"@type":"WebPage","@id":"https:\/\/lasentinelle.dz\/index.php\/2022\/06\/29\/celebration-du-60e-anniversaire-de-lindependance-une-ceremonie-de-haute-facture\/#webpage","url":"https:\/\/lasentinelle.dz\/index.php\/2022\/06\/29\/celebration-du-60e-anniversaire-de-lindependance-une-ceremonie-de-haute-facture\/","name":"C\u00e9l\u00e9bration du 60e anniversaire de l\u2019Ind\u00e9pendance : Une c\u00e9r\u00e9monie de haute facture - La Sentinelle","description":"Le ministre des Moudjahidines et des Ayants-Droits, Laid Rebigua a assur\u00e9 hier que \u00abla c\u00e9r\u00e9monie de la c\u00e9l\u00e9bration du 60e anniversaire de l\u2019ind\u00e9pendance sera \u00e0 la hauteur et de haut niveau scientifique, acad\u00e9mique et artistique. S\u2019exprimant sur les ondes de la Chaine 1 de la Radio nationale, il a r\u00e9v\u00e9l\u00e9 que cette c\u00e9l\u00e9bration d\u00e9crira une saga. Un spectacle dont l\u2019\u00e9criture a \u00e9t\u00e9 choisie sur la base d\u2019un concours national lanc\u00e9","inLanguage":"fr-FR","isPartOf":{"@id":"https:\/\/lasentinelle.dz\/#website"},"breadcrumb":{"@id":"https:\/\/lasentinelle.dz\/index.php\/2022\/06\/29\/celebration-du-60e-anniversaire-de-lindependance-une-ceremonie-de-haute-facture\/#breadcrumblist"},"author":{"@id":"https:\/\/lasentinelle.dz\/author\/redaction\/#author"},"creator":{"@id":"https:\/\/lasentinelle.dz\/author\/redaction\/#author"},"image":{"@type":"ImageObject","url":"https:\/\/lasentinelle.dz\/wp-content\/uploads\/2022\/06\/Rebiga-1.jpg","@id":"https:\/\/lasentinelle.dz\/index.php\/2022\/06\/29\/celebration-du-60e-anniversaire-de-lindependance-une-ceremonie-de-haute-facture\/#mainImage","width":580,"height":387},"primaryImageOfPage":{"@id":"https:\/\/lasentinelle.dz\/index.php\/2022\/06\/29\/celebration-du-60e-anniversaire-de-lindependance-une-ceremonie-de-haute-facture\/#mainImage"},"datePublished":"2022-06-29T00:01:00+01:00","dateModified":"2022-06-28T20:04:55+01:00"},{"@type":"WebSite","@id":"https:\/\/lasentinelle.dz\/#website","url":"https:\/\/lasentinelle.dz\/","name":"La Sentinelle","description":"Quotidien national d'information","inLanguage":"fr-FR","publisher":{"@id":"https:\/\/lasentinelle.dz\/#organization"}}]},"og:locale":"fr_FR","og:site_name":"La Sentinelle - Quotidien national d'information","og:type":"article","og:title":"C\u00e9l\u00e9bration du 60e anniversaire de l\u2019Ind\u00e9pendance : Une c\u00e9r\u00e9monie de haute facture - La Sentinelle","og:description":"Le ministre des Moudjahidines et des Ayants-Droits, Laid Rebigua a assur\u00e9 hier que \u00abla c\u00e9r\u00e9monie de la c\u00e9l\u00e9bration du 60e anniversaire de l\u2019ind\u00e9pendance sera \u00e0 la hauteur et de haut niveau scientifique, acad\u00e9mique et artistique. S\u2019exprimant sur les ondes de la Chaine 1 de la Radio nationale, il a r\u00e9v\u00e9l\u00e9 que cette c\u00e9l\u00e9bration d\u00e9crira une saga. Un spectacle dont l\u2019\u00e9criture a \u00e9t\u00e9 choisie sur la base d\u2019un concours national lanc\u00e9","og:url":"https:\/\/lasentinelle.dz\/index.php\/2022\/06\/29\/celebration-du-60e-anniversaire-de-lindependance-une-ceremonie-de-haute-facture\/","og:image":"https:\/\/lasentinelle.dz\/wp-content\/uploads\/2021\/09\/cropped-la-sentinelle-earth-golden-anima-5.gif","og:image:secure_url":"https:\/\/lasentinelle.dz\/wp-content\/uploads\/2021\/09\/cropped-la-sentinelle-earth-golden-anima-5.gif","og:image:width":450,"og:image:height":213,"article:published_time":"2022-06-28T23:01:00+00:00","article:modified_time":"2022-06-28T19:04:55+00:00","article:publisher":"https:\/\/www.facebook.com\/azzedine.lasentinelle.1","twitter:card":"summary_large_image","twitter:title":"C\u00e9l\u00e9bration du 60e anniversaire de l\u2019Ind\u00e9pendance : Une c\u00e9r\u00e9monie de haute facture - La Sentinelle","twitter:description":"Le ministre des Moudjahidines et des Ayants-Droits, Laid Rebigua a assur\u00e9 hier que \u00abla c\u00e9r\u00e9monie de la c\u00e9l\u00e9bration du 60e anniversaire de l\u2019ind\u00e9pendance sera \u00e0 la hauteur et de haut niveau scientifique, acad\u00e9mique et artistique. S\u2019exprimant sur les ondes de la Chaine 1 de la Radio nationale, il a r\u00e9v\u00e9l\u00e9 que cette c\u00e9l\u00e9bration d\u00e9crira une saga. Un spectacle dont l\u2019\u00e9criture a \u00e9t\u00e9 choisie sur la base d\u2019un concours national lanc\u00e9","twitter:image":"https:\/\/lasentinelle.dz\/wp-content\/uploads\/2021\/09\/cropped-la-sentinelle-earth-golden-anima-5.gif"},"aioseo_meta_data":{"post_id":"23328","title":null,"description":null,"keywords":null,"keyphrases":null,"primary_term":null,"canonical_url":null,"og_title":null,"og_description":null,"og_object_type":"default","og_image_type":"default","og_image_url":null,"og_image_width":null,"og_image_height":null,"og_image_custom_url":null,"og_image_custom_fields":null,"og_video":null,"og_custom_url":null,"og_article_section":null,"og_article_tags":null,"twitter_use_og":false,"twitter_card":"default","twitter_image_type":"default","twitter_image_url":null,"twitter_image_custom_url":null,"twitter_image_custom_fields":null,"twitter_title":null,"twitter_description":null,"schema":{"blockGraphs":[],"customGraphs":[],"default":{"data":{"Article":[],"Course":[],"Dataset":[],"FAQPage":[],"Movie":[],"Person":[],"Product":[],"ProductReview":[],"Car":[],"Recipe":[],"Service":[],"SoftwareApplication":[],"WebPage":[]},"graphName":"","isEnabled":true},"graphs":[]},"schema_type":"default","schema_type_options":null,"pillar_content":false,"robots_default":true,"robots_noindex":false,"robots_noarchive":false,"robots_nosnippet":false,"robots_nofollow":false,"robots_noimageindex":false,"robots_noodp":false,"robots_notranslate":false,"robots_max_snippet":null,"robots_max_videopreview":null,"robots_max_imagepreview":"large","priority":null,"frequency":null,"local_seo":null,"breadcrumb_settings":null,"limit_modified_date":false,"ai":null,"created":"2026-04-27 04:57:44","updated":"2026-04-27 04:57:44","focus_keyword":null,"additional_keywords":null,"truseo_locale":null,"seo_analyzer_scan_date":null},"aioseo_breadcrumb":"<div class=\"aioseo-breadcrumbs\"><span class=\"aioseo-breadcrumb\">\n\t\t\t<a href=\"https:\/\/lasentinelle.dz\" title=\"Home\">Home<\/a>\n\t\t<\/span><span class=\"aioseo-breadcrumb-separator\">&raquo;<\/span><span class=\"aioseo-breadcrumb\">\n\t\t\t<a href=\"https:\/\/lasentinelle.dz\/index.php\/category\/actualite\/\" title=\"Actualit\u00e9\">Actualit\u00e9<\/a>\n\t\t<\/span><span class=\"aioseo-breadcrumb-separator\">&raquo;<\/span><span class=\"aioseo-breadcrumb\">\n\t\t\tC\u00e9l\u00e9bration du 60e anniversaire de l\u2019Ind\u00e9pendance : Une c\u00e9r\u00e9monie de haute facture\n\t\t<\/span><\/div>","aioseo_breadcrumb_json":[{"label":"Home","link":"https:\/\/lasentinelle.dz"},{"label":"Actualit\u00e9","link":"https:\/\/lasentinelle.dz\/index.php\/category\/actualite\/"},{"label":"C\u00e9l\u00e9bration du 60e\u00a0anniversaire de l\u2019Ind\u00e9pendance\u00a0: Une c\u00e9r\u00e9monie de haute facture","link":"https:\/\/lasentinelle.dz\/index.php\/2022\/06\/29\/celebration-du-60e-anniversaire-de-lindependance-une-ceremonie-de-haute-facture\/"}],"yoast_head":"<!-- This site is optimized with the Yoast SEO plugin v28.3 - https:\/\/yoast.com\/product\/yoast-seo-wordpress\/ -->\n<title>C\u00e9l\u00e9bration du 60e\u00a0anniversaire de l\u2019Ind\u00e9pendance\u00a0: Une c\u00e9r\u00e9monie de haute facture - La Sentinelle<\/title>\n<meta name=\"robots\" content=\"index, follow, max-snippet:-1, max-image-preview:large, max-video-preview:-1\" \/>\n<link rel=\"canonical\" href=\"https:\/\/lasentinelle.dz\/index.php\/2022\/06\/29\/celebration-du-60e-anniversaire-de-lindependance-une-ceremonie-de-haute-facture\/\" \/>\n<meta property=\"og:locale\" content=\"fr_FR\" \/>\n<meta property=\"og:type\" content=\"article\" \/>\n<meta property=\"og:title\" content=\"C\u00e9l\u00e9bration du 60e\u00a0anniversaire de l\u2019Ind\u00e9pendance\u00a0: Une c\u00e9r\u00e9monie de haute facture - La Sentinelle\" \/>\n<meta property=\"og:description\" content=\"Le&nbsp;ministre des Moudjahidines et des&nbsp;Ayants-Droits,&nbsp;&nbsp;Laid Rebigua a&nbsp;assur\u00e9&nbsp;hier&nbsp;que \u00abla c\u00e9r\u00e9monie de la c\u00e9l\u00e9bration du 60e anniversaire de l\u2019ind\u00e9pendance&nbsp;sera&nbsp;\u00e0 la hauteur et&nbsp;de\" \/>\n<meta property=\"og:url\" content=\"https:\/\/lasentinelle.dz\/index.php\/2022\/06\/29\/celebration-du-60e-anniversaire-de-lindependance-une-ceremonie-de-haute-facture\/\" \/>\n<meta property=\"og:site_name\" content=\"La Sentinelle\" \/>\n<meta property=\"article:publisher\" content=\"https:\/\/www.facebook.com\/La-Sentinelle-104059864394773\" \/>\n<meta property=\"article:published_time\" content=\"2022-06-28T23:01:00+00:00\" \/>\n<meta property=\"og:image\" content=\"https:\/\/lasentinelle.dz\/wp-content\/uploads\/2022\/06\/Rebiga-1.jpg\" \/>\n\t<meta property=\"og:image:width\" content=\"580\" \/>\n\t<meta property=\"og:image:height\" content=\"387\" \/>\n\t<meta property=\"og:image:type\" content=\"image\/jpeg\" \/>\n<meta name=\"author\" content=\"La Sentinelle\" \/>\n<meta name=\"twitter:card\" content=\"summary_large_image\" \/>\n<meta name=\"twitter:label1\" content=\"\u00c9crit par\" \/>\n\t<meta name=\"twitter:data1\" content=\"La Sentinelle\" \/>\n\t<meta name=\"twitter:label2\" content=\"Dur\u00e9e de lecture estim\u00e9e\" \/>\n\t<meta name=\"twitter:data2\" content=\"2 minutes\" \/>\n<script type=\"application\/ld+json\" class=\"yoast-schema-graph\">{\"@context\":\"https:\\\/\\\/schema.org\",\"@graph\":[{\"@type\":\"Article\",\"@id\":\"https:\\\/\\\/lasentinelle.dz\\\/index.php\\\/2022\\\/06\\\/29\\\/celebration-du-60e-anniversaire-de-lindependance-une-ceremonie-de-haute-facture\\\/#article\",\"isPartOf\":{\"@id\":\"https:\\\/\\\/lasentinelle.dz\\\/index.php\\\/2022\\\/06\\\/29\\\/celebration-du-60e-anniversaire-de-lindependance-une-ceremonie-de-haute-facture\\\/\"},\"author\":{\"name\":\"La Sentinelle\",\"@id\":\"https:\\\/\\\/lasentinelle.dz\\\/#\\\/schema\\\/person\\\/d865044e22e70a75174ce8bcad3acfb3\"},\"headline\":\"C\u00e9l\u00e9bration du 60e\u00a0anniversaire de l\u2019Ind\u00e9pendance\u00a0: Une c\u00e9r\u00e9monie de haute facture\",\"datePublished\":\"2022-06-28T23:01:00+00:00\",\"mainEntityOfPage\":{\"@id\":\"https:\\\/\\\/lasentinelle.dz\\\/index.php\\\/2022\\\/06\\\/29\\\/celebration-du-60e-anniversaire-de-lindependance-une-ceremonie-de-haute-facture\\\/\"},\"wordCount\":344,\"commentCount\":0,\"publisher\":{\"@id\":\"https:\\\/\\\/lasentinelle.dz\\\/#organization\"},\"image\":{\"@id\":\"https:\\\/\\\/lasentinelle.dz\\\/index.php\\\/2022\\\/06\\\/29\\\/celebration-du-60e-anniversaire-de-lindependance-une-ceremonie-de-haute-facture\\\/#primaryimage\"},\"thumbnailUrl\":\"https:\\\/\\\/lasentinelle.dz\\\/wp-content\\\/uploads\\\/2022\\\/06\\\/Rebiga-1.jpg\",\"articleSection\":[\"Actualit\u00e9\"],\"inLanguage\":\"fr-FR\",\"potentialAction\":[{\"@type\":\"CommentAction\",\"name\":\"Comment\",\"target\":[\"https:\\\/\\\/lasentinelle.dz\\\/index.php\\\/2022\\\/06\\\/29\\\/celebration-du-60e-anniversaire-de-lindependance-une-ceremonie-de-haute-facture\\\/#respond\"]}]},{\"@type\":\"WebPage\",\"@id\":\"https:\\\/\\\/lasentinelle.dz\\\/index.php\\\/2022\\\/06\\\/29\\\/celebration-du-60e-anniversaire-de-lindependance-une-ceremonie-de-haute-facture\\\/\",\"url\":\"https:\\\/\\\/lasentinelle.dz\\\/index.php\\\/2022\\\/06\\\/29\\\/celebration-du-60e-anniversaire-de-lindependance-une-ceremonie-de-haute-facture\\\/\",\"name\":\"C\u00e9l\u00e9bration du 60e\u00a0anniversaire de l\u2019Ind\u00e9pendance\u00a0: Une c\u00e9r\u00e9monie de haute facture - La Sentinelle\",\"isPartOf\":{\"@id\":\"https:\\\/\\\/lasentinelle.dz\\\/#website\"},\"primaryImageOfPage\":{\"@id\":\"https:\\\/\\\/lasentinelle.dz\\\/index.php\\\/2022\\\/06\\\/29\\\/celebration-du-60e-anniversaire-de-lindependance-une-ceremonie-de-haute-facture\\\/#primaryimage\"},\"image\":{\"@id\":\"https:\\\/\\\/lasentinelle.dz\\\/index.php\\\/2022\\\/06\\\/29\\\/celebration-du-60e-anniversaire-de-lindependance-une-ceremonie-de-haute-facture\\\/#primaryimage\"},\"thumbnailUrl\":\"https:\\\/\\\/lasentinelle.dz\\\/wp-content\\\/uploads\\\/2022\\\/06\\\/Rebiga-1.jpg\",\"datePublished\":\"2022-06-28T23:01:00+00:00\",\"breadcrumb\":{\"@id\":\"https:\\\/\\\/lasentinelle.dz\\\/index.php\\\/2022\\\/06\\\/29\\\/celebration-du-60e-anniversaire-de-lindependance-une-ceremonie-de-haute-facture\\\/#breadcrumb\"},\"inLanguage\":\"fr-FR\",\"potentialAction\":[{\"@type\":\"ReadAction\",\"target\":[\"https:\\\/\\\/lasentinelle.dz\\\/index.php\\\/2022\\\/06\\\/29\\\/celebration-du-60e-anniversaire-de-lindependance-une-ceremonie-de-haute-facture\\\/\"]}]},{\"@type\":\"ImageObject\",\"inLanguage\":\"fr-FR\",\"@id\":\"https:\\\/\\\/lasentinelle.dz\\\/index.php\\\/2022\\\/06\\\/29\\\/celebration-du-60e-anniversaire-de-lindependance-une-ceremonie-de-haute-facture\\\/#primaryimage\",\"url\":\"https:\\\/\\\/lasentinelle.dz\\\/wp-content\\\/uploads\\\/2022\\\/06\\\/Rebiga-1.jpg\",\"contentUrl\":\"https:\\\/\\\/lasentinelle.dz\\\/wp-content\\\/uploads\\\/2022\\\/06\\\/Rebiga-1.jpg\",\"width\":580,\"height\":387},{\"@type\":\"BreadcrumbList\",\"@id\":\"https:\\\/\\\/lasentinelle.dz\\\/index.php\\\/2022\\\/06\\\/29\\\/celebration-du-60e-anniversaire-de-lindependance-une-ceremonie-de-haute-facture\\\/#breadcrumb\",\"itemListElement\":[{\"@type\":\"ListItem\",\"position\":1,\"name\":\"Accueil\",\"item\":\"https:\\\/\\\/lasentinelle.dz\\\/\"},{\"@type\":\"ListItem\",\"position\":2,\"name\":\"C\u00e9l\u00e9bration du 60e\u00a0anniversaire de l\u2019Ind\u00e9pendance\u00a0: Une c\u00e9r\u00e9monie de haute facture\"}]},{\"@type\":\"WebSite\",\"@id\":\"https:\\\/\\\/lasentinelle.dz\\\/#website\",\"url\":\"https:\\\/\\\/lasentinelle.dz\\\/\",\"name\":\"La Sentinelle\",\"description\":\"Quotidien national d&#039;information\",\"publisher\":{\"@id\":\"https:\\\/\\\/lasentinelle.dz\\\/#organization\"},\"potentialAction\":[{\"@type\":\"SearchAction\",\"target\":{\"@type\":\"EntryPoint\",\"urlTemplate\":\"https:\\\/\\\/lasentinelle.dz\\\/?s={search_term_string}\"},\"query-input\":{\"@type\":\"PropertyValueSpecification\",\"valueRequired\":true,\"valueName\":\"search_term_string\"}}],\"inLanguage\":\"fr-FR\"},{\"@type\":\"Organization\",\"@id\":\"https:\\\/\\\/lasentinelle.dz\\\/#organization\",\"name\":\"Quotidien La Sentinelle\",\"url\":\"https:\\\/\\\/lasentinelle.dz\\\/\",\"logo\":{\"@type\":\"ImageObject\",\"inLanguage\":\"fr-FR\",\"@id\":\"https:\\\/\\\/lasentinelle.dz\\\/#\\\/schema\\\/logo\\\/image\\\/\",\"url\":\"https:\\\/\\\/lasentinelle.dz\\\/wp-content\\\/uploads\\\/2021\\\/09\\\/logo-sentinelleSLOGAN-1.png\",\"contentUrl\":\"https:\\\/\\\/lasentinelle.dz\\\/wp-content\\\/uploads\\\/2021\\\/09\\\/logo-sentinelleSLOGAN-1.png\",\"width\":615,\"height\":142,\"caption\":\"Quotidien La Sentinelle\"},\"image\":{\"@id\":\"https:\\\/\\\/lasentinelle.dz\\\/#\\\/schema\\\/logo\\\/image\\\/\"},\"sameAs\":[\"https:\\\/\\\/www.facebook.com\\\/La-Sentinelle-104059864394773\"]},{\"@type\":\"Person\",\"@id\":\"https:\\\/\\\/lasentinelle.dz\\\/#\\\/schema\\\/person\\\/d865044e22e70a75174ce8bcad3acfb3\",\"name\":\"La Sentinelle\",\"image\":{\"@type\":\"ImageObject\",\"inLanguage\":\"fr-FR\",\"@id\":\"https:\\\/\\\/secure.gravatar.com\\\/avatar\\\/57de8e5d4b15d43fb361a71fbb36338450fe67865b528a43dd10ef7c51a20392?s=96&d=mm&r=g\",\"url\":\"https:\\\/\\\/secure.gravatar.com\\\/avatar\\\/57de8e5d4b15d43fb361a71fbb36338450fe67865b528a43dd10ef7c51a20392?s=96&d=mm&r=g\",\"contentUrl\":\"https:\\\/\\\/secure.gravatar.com\\\/avatar\\\/57de8e5d4b15d43fb361a71fbb36338450fe67865b528a43dd10ef7c51a20392?s=96&d=mm&r=g\",\"caption\":\"La Sentinelle\"},\"sameAs\":[\"http:\\\/\\\/www.lasentinelle.dz\"],\"url\":\"https:\\\/\\\/lasentinelle.dz\\\/author\\\/redaction\\\/\"}]}<\/script>\n<!-- \/ Yoast SEO plugin. -->","yoast_head_json":{"title":"C\u00e9l\u00e9bration du 60e\u00a0anniversaire de l\u2019Ind\u00e9pendance\u00a0: Une c\u00e9r\u00e9monie de haute facture - La Sentinelle","robots":{"index":"index","follow":"follow","max-snippet":"max-snippet:-1","max-image-preview":"max-image-preview:large","max-video-preview":"max-video-preview:-1"},"canonical":"https:\/\/lasentinelle.dz\/index.php\/2022\/06\/29\/celebration-du-60e-anniversaire-de-lindependance-une-ceremonie-de-haute-facture\/","og_locale":"fr_FR","og_type":"article","og_title":"C\u00e9l\u00e9bration du 60e\u00a0anniversaire de l\u2019Ind\u00e9pendance\u00a0: Une c\u00e9r\u00e9monie de haute facture - La Sentinelle","og_description":"Le&nbsp;ministre des Moudjahidines et des&nbsp;Ayants-Droits,&nbsp;&nbsp;Laid Rebigua a&nbsp;assur\u00e9&nbsp;hier&nbsp;que \u00abla c\u00e9r\u00e9monie de la c\u00e9l\u00e9bration du 60e anniversaire de l\u2019ind\u00e9pendance&nbsp;sera&nbsp;\u00e0 la hauteur et&nbsp;de","og_url":"https:\/\/lasentinelle.dz\/index.php\/2022\/06\/29\/celebration-du-60e-anniversaire-de-lindependance-une-ceremonie-de-haute-facture\/","og_site_name":"La Sentinelle","article_publisher":"https:\/\/www.facebook.com\/La-Sentinelle-104059864394773","article_published_time":"2022-06-28T23:01:00+00:00","og_image":[{"width":580,"height":387,"url":"https:\/\/lasentinelle.dz\/wp-content\/uploads\/2022\/06\/Rebiga-1.jpg","type":"image\/jpeg"}],"author":"La Sentinelle","twitter_card":"summary_large_image","twitter_misc":{"\u00c9crit par":"La Sentinelle","Dur\u00e9e de lecture estim\u00e9e":"2 minutes"},"schema":{"@context":"https:\/\/schema.org","@graph":[{"@type":"Article","@id":"https:\/\/lasentinelle.dz\/index.php\/2022\/06\/29\/celebration-du-60e-anniversaire-de-lindependance-une-ceremonie-de-haute-facture\/#article","isPartOf":{"@id":"https:\/\/lasentinelle.dz\/index.php\/2022\/06\/29\/celebration-du-60e-anniversaire-de-lindependance-une-ceremonie-de-haute-facture\/"},"author":{"name":"La Sentinelle","@id":"https:\/\/lasentinelle.dz\/#\/schema\/person\/d865044e22e70a75174ce8bcad3acfb3"},"headline":"C\u00e9l\u00e9bration du 60e\u00a0anniversaire de l\u2019Ind\u00e9pendance\u00a0: Une c\u00e9r\u00e9monie de haute facture","datePublished":"2022-06-28T23:01:00+00:00","mainEntityOfPage":{"@id":"https:\/\/lasentinelle.dz\/index.php\/2022\/06\/29\/celebration-du-60e-anniversaire-de-lindependance-une-ceremonie-de-haute-facture\/"},"wordCount":344,"commentCount":0,"publisher":{"@id":"https:\/\/lasentinelle.dz\/#organization"},"image":{"@id":"https:\/\/lasentinelle.dz\/index.php\/2022\/06\/29\/celebration-du-60e-anniversaire-de-lindependance-une-ceremonie-de-haute-facture\/#primaryimage"},"thumbnailUrl":"https:\/\/lasentinelle.dz\/wp-content\/uploads\/2022\/06\/Rebiga-1.jpg","articleSection":["Actualit\u00e9"],"inLanguage":"fr-FR","potentialAction":[{"@type":"CommentAction","name":"Comment","target":["https:\/\/lasentinelle.dz\/index.php\/2022\/06\/29\/celebration-du-60e-anniversaire-de-lindependance-une-ceremonie-de-haute-facture\/#respond"]}]},{"@type":"WebPage","@id":"https:\/\/lasentinelle.dz\/index.php\/2022\/06\/29\/celebration-du-60e-anniversaire-de-lindependance-une-ceremonie-de-haute-facture\/","url":"https:\/\/lasentinelle.dz\/index.php\/2022\/06\/29\/celebration-du-60e-anniversaire-de-lindependance-une-ceremonie-de-haute-facture\/","name":"C\u00e9l\u00e9bration du 60e\u00a0anniversaire de l\u2019Ind\u00e9pendance\u00a0: Une c\u00e9r\u00e9monie de haute facture - La Sentinelle","isPartOf":{"@id":"https:\/\/lasentinelle.dz\/#website"},"primaryImageOfPage":{"@id":"https:\/\/lasentinelle.dz\/index.php\/2022\/06\/29\/celebration-du-60e-anniversaire-de-lindependance-une-ceremonie-de-haute-facture\/#primaryimage"},"image":{"@id":"https:\/\/lasentinelle.dz\/index.php\/2022\/06\/29\/celebration-du-60e-anniversaire-de-lindependance-une-ceremonie-de-haute-facture\/#primaryimage"},"thumbnailUrl":"https:\/\/lasentinelle.dz\/wp-content\/uploads\/2022\/06\/Rebiga-1.jpg","datePublished":"2022-06-28T23:01:00+00:00","breadcrumb":{"@id":"https:\/\/lasentinelle.dz\/index.php\/2022\/06\/29\/celebration-du-60e-anniversaire-de-lindependance-une-ceremonie-de-haute-facture\/#breadcrumb"},"inLanguage":"fr-FR","potentialAction":[{"@type":"ReadAction","target":["https:\/\/lasentinelle.dz\/index.php\/2022\/06\/29\/celebration-du-60e-anniversaire-de-lindependance-une-ceremonie-de-haute-facture\/"]}]},{"@type":"ImageObject","inLanguage":"fr-FR","@id":"https:\/\/lasentinelle.dz\/index.php\/2022\/06\/29\/celebration-du-60e-anniversaire-de-lindependance-une-ceremonie-de-haute-facture\/#primaryimage","url":"https:\/\/lasentinelle.dz\/wp-content\/uploads\/2022\/06\/Rebiga-1.jpg","contentUrl":"https:\/\/lasentinelle.dz\/wp-content\/uploads\/2022\/06\/Rebiga-1.jpg","width":580,"height":387},{"@type":"BreadcrumbList","@id":"https:\/\/lasentinelle.dz\/index.php\/2022\/06\/29\/celebration-du-60e-anniversaire-de-lindependance-une-ceremonie-de-haute-facture\/#breadcrumb","itemListElement":[{"@type":"ListItem","position":1,"name":"Accueil","item":"https:\/\/lasentinelle.dz\/"},{"@type":"ListItem","position":2,"name":"C\u00e9l\u00e9bration du 60e\u00a0anniversaire de l\u2019Ind\u00e9pendance\u00a0: Une c\u00e9r\u00e9monie de haute facture"}]},{"@type":"WebSite","@id":"https:\/\/lasentinelle.dz\/#website","url":"https:\/\/lasentinelle.dz\/","name":"La Sentinelle","description":"Quotidien national d&#039;information","publisher":{"@id":"https:\/\/lasentinelle.dz\/#organization"},"potentialAction":[{"@type":"SearchAction","target":{"@type":"EntryPoint","urlTemplate":"https:\/\/lasentinelle.dz\/?s={search_term_string}"},"query-input":{"@type":"PropertyValueSpecification","valueRequired":true,"valueName":"search_term_string"}}],"inLanguage":"fr-FR"},{"@type":"Organization","@id":"https:\/\/lasentinelle.dz\/#organization","name":"Quotidien La Sentinelle","url":"https:\/\/lasentinelle.dz\/","logo":{"@type":"ImageObject","inLanguage":"fr-FR","@id":"https:\/\/lasentinelle.dz\/#\/schema\/logo\/image\/","url":"https:\/\/lasentinelle.dz\/wp-content\/uploads\/2021\/09\/logo-sentinelleSLOGAN-1.png","contentUrl":"https:\/\/lasentinelle.dz\/wp-content\/uploads\/2021\/09\/logo-sentinelleSLOGAN-1.png","width":615,"height":142,"caption":"Quotidien La Sentinelle"},"image":{"@id":"https:\/\/lasentinelle.dz\/#\/schema\/logo\/image\/"},"sameAs":["https:\/\/www.facebook.com\/La-Sentinelle-104059864394773"]},{"@type":"Person","@id":"https:\/\/lasentinelle.dz\/#\/schema\/person\/d865044e22e70a75174ce8bcad3acfb3","name":"La Sentinelle","image":{"@type":"ImageObject","inLanguage":"fr-FR","@id":"https:\/\/secure.gravatar.com\/avatar\/57de8e5d4b15d43fb361a71fbb36338450fe67865b528a43dd10ef7c51a20392?s=96&d=mm&r=g","url":"https:\/\/secure.gravatar.com\/avatar\/57de8e5d4b15d43fb361a71fbb36338450fe67865b528a43dd10ef7c51a20392?s=96&d=mm&r=g","contentUrl":"https:\/\/secure.gravatar.com\/avatar\/57de8e5d4b15d43fb361a71fbb36338450fe67865b528a43dd10ef7c51a20392?s=96&d=mm&r=g","caption":"La Sentinelle"},"sameAs":["http:\/\/www.lasentinelle.dz"],"url":"https:\/\/lasentinelle.dz\/author\/redaction\/"}]}},"_links":{"self":[{"href":"https:\/\/lasentinelle.dz\/index.php\/wp-json\/wp\/v2\/posts\/23328","targetHints":{"allow":["GET"]}}],"collection":[{"href":"https:\/\/lasentinelle.dz\/index.php\/wp-json\/wp\/v2\/posts"}],"about":[{"href":"https:\/\/lasentinelle.dz\/index.php\/wp-json\/wp\/v2\/types\/post"}],"author":[{"embeddable":true,"href":"https:\/\/lasentinelle.dz\/index.php\/wp-json\/wp\/v2\/users\/3"}],"replies":[{"embeddable":true,"href":"https:\/\/lasentinelle.dz\/index.php\/wp-json\/wp\/v2\/comments?post=23328"}],"version-history":[{"count":1,"href":"https:\/\/lasentinelle.dz\/index.php\/wp-json\/wp\/v2\/posts\/23328\/revisions"}],"predecessor-version":[{"id":23350,"href":"https:\/\/lasentinelle.dz\/index.php\/wp-json\/wp\/v2\/posts\/23328\/revisions\/23350"}],"wp:featuredmedia":[{"embeddable":true,"href":"https:\/\/lasentinelle.dz\/index.php\/wp-json\/wp\/v2\/media\/23349"}],"wp:attachment":[{"href":"https:\/\/lasentinelle.dz\/index.php\/wp-json\/wp\/v2\/media?parent=23328"}],"wp:term":[{"taxonomy":"category","embeddable":true,"href":"https:\/\/lasentinelle.dz\/index.php\/wp-json\/wp\/v2\/categories?post=23328"},{"taxonomy":"post_tag","embeddable":true,"href":"https:\/\/lasentinelle.dz\/index.php\/wp-json\/wp\/v2\/tags?post=23328"}],"curies":[{"name":"wp","href":"https:\/\/api.w.org\/{rel}","templated":true}]}}