{"id":23351,"date":"2022-06-29T00:05:00","date_gmt":"2022-06-28T23:05:00","guid":{"rendered":"https:\/\/lasentinelle.dz\/?p=23351"},"modified":"2022-06-28T20:21:01","modified_gmt":"2022-06-28T19:21:01","slug":"universite-quatre-nouvelles-specialites-pour-sadapter-au-marche-du-travail","status":"publish","type":"post","link":"https:\/\/lasentinelle.dz\/index.php\/2022\/06\/29\/universite-quatre-nouvelles-specialites-pour-sadapter-au-marche-du-travail\/","title":{"rendered":"Universit\u00e9\u00a0:\u00a0Quatre nouvelles sp\u00e9cialit\u00e9s\u00a0pour s\u2019adapter au march\u00e9 du travail"},"content":{"rendered":"\n<p>\u00abL\u2019ann\u00e9e universitaire 2022-2023 sera marqu\u00e9e par quatre nouveaux parcours universitaires propos\u00e9s exclusivement aux d\u00e9tenteurs du Bac technique&nbsp;math\u00e9matique\u00bb, a indiqu\u00e9 hier le Directeur g\u00e9n\u00e9ral de la Formation au minist\u00e8re de l\u2019Enseignement sup\u00e9rieur et de la recherche scientifique, Djamel Boukezzata. S\u2019exprimant&nbsp;sur les ondes&nbsp;de la chaine 3 de la&nbsp;Radio&nbsp;alg\u00e9rienne,&nbsp;le m\u00eame responsable&nbsp;a expliqu\u00e9 que ces nouvelles&nbsp;formations&nbsp;comprennent des&nbsp;cursus&nbsp;en g\u00e9nie civile, le g\u00e9nie m\u00e9canique, le g\u00e9nie \u00e9lectrique et le g\u00e9nie des proc\u00e9d\u00e9s\u00bb, soulignant que \u00ab ces nouvelles sp\u00e9cialit\u00e9s seront enseign\u00e9es dans trois \u00e9tablissements universitaires\u00bb. Il s\u2019agit, selon&nbsp;l\u2019intervenant, de l\u2019Universit\u00e9 de Blida 1, celle de S\u00e9tif 1, et enfin l\u2019Universit\u00e9 des sciences et technologies d\u2019Oran Mohamed Boudiaf, USTOMB.&nbsp;Il&nbsp;a \u00e9galement annonc\u00e9 que \u00abd\u2019autres parcours&nbsp;sont&nbsp;propos\u00e9s aux nouveaux bacheliers \u00e0 partir de la prochaine ann\u00e9e universitaire\u00bb. Selon Boukezzata, \u00abdeux formations d\u2019ing\u00e9nieur&nbsp;&nbsp;seront dispens\u00e9es aux futurs \u00e9tudiants. \u00abLa premi\u00e8re est une sp\u00e9cialit\u00e9 en&nbsp;informatique tandis que la seconde en&nbsp;sciences et&nbsp;technologies, en plus de l\u2019int\u00e9gration d\u2019une formation LMD au niveau de la facult\u00e9 de&nbsp;pharmacie, qui concerne l\u2019industrie pharmaceutique et les&nbsp;auxiliaires&nbsp;en pharmacie\u00bb, a indiqu\u00e9 Boukezzata, qui explique que \u00able lancement de ces formations est dict\u00e9 par le besoin d\u2019adaptation des formations universitaires au march\u00e9 du travail.&nbsp;&nbsp;Par ailleurs, la formation dans le domaine de l\u2019agronomie sera, d\u00e9sormais, dispens\u00e9e dans le&nbsp;Sud alg\u00e9rien, tr\u00e8s pr\u00e9cis\u00e9ment dans les&nbsp;wilayas&nbsp;d\u2019Adrar et d\u2019El Oued. Le Directeur de la Formation a annonc\u00e9 que \u00able r\u00e9seau des \u00e9coles sup\u00e9rieures va \u00eatre consolid\u00e9 par l\u2019ouverture de l\u2019\u00c9cole nationale sup\u00e9rieure d\u2019agronomie saharienne, \u00e0 Adrar et El Oued, en plus de la r\u00e9vision de la carte de la formation v\u00e9t\u00e9rinaire\u00bb. \u00abDans une d\u00e9marche participative avec le minist\u00e8re de l\u2019Agriculture, nous nous sommes mis d\u2019accord pour \u00e9tendre la formation desv\u00e9t\u00e9rinaires&nbsp;\u00e0 six ans, au lieu de cinq ans. Cette mesure est applicable aussi bien pour l\u2019\u00c9cole nationale v\u00e9t\u00e9rinaire que pour les instituts domicili\u00e9es dans les universit\u00e9s\u00bb, a-t-il pr\u00e9cis\u00e9. Et d\u2019ajouter que \u00able parcours \u00ab&nbsp;information et&nbsp;communication \u00bb ne sera plus un sous-domaine des Sciences et humaines et sociales. Abordant la question li\u00e9e au statut des sp\u00e9cialistes d\u2019information et Communication, le repr\u00e9sentant du MERS fera savoir qu\u2019\u00abil sera un domaine \u00e0 part enti\u00e8re \u00e0 partir de la rentr\u00e9e universitaire 2023-2024\u00bb. \u00abNous avons \u00e9t\u00e9 saisis par les autorit\u00e9s publiques pour revoir le contenu de cette sp\u00e9cialit\u00e9 et l\u2019extraire du sous-domaine des sciences humaines et sociales, surtout avec l\u2019av\u00e8nement des nouvelles technologies \u00bb, a-t-il expliqu\u00e9.&nbsp;<\/p>\n\n\n\n<p><strong>Amar Malki<\/strong><\/p>\n","protected":false},"excerpt":{"rendered":"<p>\u00abL\u2019ann\u00e9e universitaire 2022-2023 sera marqu\u00e9e par quatre nouveaux parcours universitaires propos\u00e9s exclusivement aux d\u00e9tenteurs du Bac technique&nbsp;math\u00e9matique\u00bb, a indiqu\u00e9 hier<\/p>\n","protected":false},"author":3,"featured_media":23356,"comment_status":"open","ping_status":"closed","sticky":false,"template":"","format":"standard","meta":{"colormag_page_container_layout":"default_layout","colormag_page_sidebar_layout":"default_layout","om_disable_all_campaigns":false,"_monsterinsights_skip_tracking":false,"_monsterinsights_sitenote_active":false,"_monsterinsights_sitenote_note":"","_monsterinsights_sitenote_category":0,"footnotes":"","_wpscppro_dont_share_socialmedia":false,"_wpscppro_custom_social_share_image":0,"_facebook_share_type":"","_twitter_share_type":"","_linkedin_share_type":"","_pinterest_share_type":"","_linkedin_share_type_page":"","_instagram_share_type":"","_medium_share_type":"","_threads_share_type":"","_google_business_share_type":"","_selected_social_profile":[],"_wpsp_enable_custom_social_template":false,"_wpsp_social_scheduling":{"enabled":false,"datetime":null,"platforms":[],"status":"template_only","dateOption":"today","timeOption":"now","customDays":"","customHours":"","customDate":"","customTime":"","schedulingType":"absolute"},"_wpsp_active_default_template":true},"categories":[52,29],"tags":[],"class_list":["post-23351","post","type-post","status-publish","format-standard","has-post-thumbnail","hentry","category-a-la-une","category-economie"],"aioseo_notices":[],"yoast_head":"<!-- This site is optimized with the Yoast SEO plugin v27.5 - https:\/\/yoast.com\/product\/yoast-seo-wordpress\/ -->\n<title>Universit\u00e9\u00a0:\u00a0Quatre nouvelles sp\u00e9cialit\u00e9s\u00a0pour s\u2019adapter au march\u00e9 du travail - La Sentinelle<\/title>\n<meta name=\"robots\" content=\"index, follow, max-snippet:-1, max-image-preview:large, max-video-preview:-1\" \/>\n<link rel=\"canonical\" href=\"https:\/\/lasentinelle.dz\/index.php\/2022\/06\/29\/universite-quatre-nouvelles-specialites-pour-sadapter-au-marche-du-travail\/\" \/>\n<meta property=\"og:locale\" content=\"fr_FR\" \/>\n<meta property=\"og:type\" content=\"article\" \/>\n<meta property=\"og:title\" content=\"Universit\u00e9\u00a0:\u00a0Quatre nouvelles sp\u00e9cialit\u00e9s\u00a0pour s\u2019adapter au march\u00e9 du travail - La Sentinelle\" \/>\n<meta property=\"og:description\" content=\"\u00abL\u2019ann\u00e9e universitaire 2022-2023 sera marqu\u00e9e par quatre nouveaux parcours universitaires propos\u00e9s exclusivement aux d\u00e9tenteurs du Bac technique&nbsp;math\u00e9matique\u00bb, a indiqu\u00e9 hier\" \/>\n<meta property=\"og:url\" content=\"https:\/\/lasentinelle.dz\/index.php\/2022\/06\/29\/universite-quatre-nouvelles-specialites-pour-sadapter-au-marche-du-travail\/\" \/>\n<meta property=\"og:site_name\" content=\"La Sentinelle\" \/>\n<meta property=\"article:publisher\" content=\"https:\/\/www.facebook.com\/La-Sentinelle-104059864394773\" \/>\n<meta property=\"article:published_time\" content=\"2022-06-28T23:05:00+00:00\" \/>\n<meta property=\"og:image\" content=\"https:\/\/lasentinelle.dz\/wp-content\/uploads\/2022\/06\/455441.png\" \/>\n\t<meta property=\"og:image:width\" content=\"1601\" \/>\n\t<meta property=\"og:image:height\" content=\"900\" \/>\n\t<meta property=\"og:image:type\" content=\"image\/png\" \/>\n<meta name=\"author\" content=\"La Sentinelle\" \/>\n<meta name=\"twitter:card\" content=\"summary_large_image\" \/>\n<meta name=\"twitter:label1\" content=\"\u00c9crit par\" \/>\n\t<meta name=\"twitter:data1\" content=\"La Sentinelle\" \/>\n\t<meta name=\"twitter:label2\" content=\"Dur\u00e9e de lecture estim\u00e9e\" \/>\n\t<meta name=\"twitter:data2\" content=\"3 minutes\" \/>\n<script type=\"application\/ld+json\" class=\"yoast-schema-graph\">{\"@context\":\"https:\\\/\\\/schema.org\",\"@graph\":[{\"@type\":\"Article\",\"@id\":\"https:\\\/\\\/lasentinelle.dz\\\/index.php\\\/2022\\\/06\\\/29\\\/universite-quatre-nouvelles-specialites-pour-sadapter-au-marche-du-travail\\\/#article\",\"isPartOf\":{\"@id\":\"https:\\\/\\\/lasentinelle.dz\\\/index.php\\\/2022\\\/06\\\/29\\\/universite-quatre-nouvelles-specialites-pour-sadapter-au-marche-du-travail\\\/\"},\"author\":{\"name\":\"La Sentinelle\",\"@id\":\"https:\\\/\\\/lasentinelle.dz\\\/#\\\/schema\\\/person\\\/d865044e22e70a75174ce8bcad3acfb3\"},\"headline\":\"Universit\u00e9\u00a0:\u00a0Quatre nouvelles sp\u00e9cialit\u00e9s\u00a0pour s\u2019adapter au march\u00e9 du travail\",\"datePublished\":\"2022-06-28T23:05:00+00:00\",\"mainEntityOfPage\":{\"@id\":\"https:\\\/\\\/lasentinelle.dz\\\/index.php\\\/2022\\\/06\\\/29\\\/universite-quatre-nouvelles-specialites-pour-sadapter-au-marche-du-travail\\\/\"},\"wordCount\":524,\"commentCount\":0,\"publisher\":{\"@id\":\"https:\\\/\\\/lasentinelle.dz\\\/#organization\"},\"image\":{\"@id\":\"https:\\\/\\\/lasentinelle.dz\\\/index.php\\\/2022\\\/06\\\/29\\\/universite-quatre-nouvelles-specialites-pour-sadapter-au-marche-du-travail\\\/#primaryimage\"},\"thumbnailUrl\":\"https:\\\/\\\/lasentinelle.dz\\\/wp-content\\\/uploads\\\/2022\\\/06\\\/455441.png\",\"articleSection\":[\"\u00c0 la Une\",\"\u00c9conomie\"],\"inLanguage\":\"fr-FR\",\"potentialAction\":[{\"@type\":\"CommentAction\",\"name\":\"Comment\",\"target\":[\"https:\\\/\\\/lasentinelle.dz\\\/index.php\\\/2022\\\/06\\\/29\\\/universite-quatre-nouvelles-specialites-pour-sadapter-au-marche-du-travail\\\/#respond\"]}]},{\"@type\":\"WebPage\",\"@id\":\"https:\\\/\\\/lasentinelle.dz\\\/index.php\\\/2022\\\/06\\\/29\\\/universite-quatre-nouvelles-specialites-pour-sadapter-au-marche-du-travail\\\/\",\"url\":\"https:\\\/\\\/lasentinelle.dz\\\/index.php\\\/2022\\\/06\\\/29\\\/universite-quatre-nouvelles-specialites-pour-sadapter-au-marche-du-travail\\\/\",\"name\":\"Universit\u00e9\u00a0:\u00a0Quatre nouvelles sp\u00e9cialit\u00e9s\u00a0pour s\u2019adapter au march\u00e9 du travail - La Sentinelle\",\"isPartOf\":{\"@id\":\"https:\\\/\\\/lasentinelle.dz\\\/#website\"},\"primaryImageOfPage\":{\"@id\":\"https:\\\/\\\/lasentinelle.dz\\\/index.php\\\/2022\\\/06\\\/29\\\/universite-quatre-nouvelles-specialites-pour-sadapter-au-marche-du-travail\\\/#primaryimage\"},\"image\":{\"@id\":\"https:\\\/\\\/lasentinelle.dz\\\/index.php\\\/2022\\\/06\\\/29\\\/universite-quatre-nouvelles-specialites-pour-sadapter-au-marche-du-travail\\\/#primaryimage\"},\"thumbnailUrl\":\"https:\\\/\\\/lasentinelle.dz\\\/wp-content\\\/uploads\\\/2022\\\/06\\\/455441.png\",\"datePublished\":\"2022-06-28T23:05:00+00:00\",\"breadcrumb\":{\"@id\":\"https:\\\/\\\/lasentinelle.dz\\\/index.php\\\/2022\\\/06\\\/29\\\/universite-quatre-nouvelles-specialites-pour-sadapter-au-marche-du-travail\\\/#breadcrumb\"},\"inLanguage\":\"fr-FR\",\"potentialAction\":[{\"@type\":\"ReadAction\",\"target\":[\"https:\\\/\\\/lasentinelle.dz\\\/index.php\\\/2022\\\/06\\\/29\\\/universite-quatre-nouvelles-specialites-pour-sadapter-au-marche-du-travail\\\/\"]}]},{\"@type\":\"ImageObject\",\"inLanguage\":\"fr-FR\",\"@id\":\"https:\\\/\\\/lasentinelle.dz\\\/index.php\\\/2022\\\/06\\\/29\\\/universite-quatre-nouvelles-specialites-pour-sadapter-au-marche-du-travail\\\/#primaryimage\",\"url\":\"https:\\\/\\\/lasentinelle.dz\\\/wp-content\\\/uploads\\\/2022\\\/06\\\/455441.png\",\"contentUrl\":\"https:\\\/\\\/lasentinelle.dz\\\/wp-content\\\/uploads\\\/2022\\\/06\\\/455441.png\",\"width\":1601,\"height\":900},{\"@type\":\"BreadcrumbList\",\"@id\":\"https:\\\/\\\/lasentinelle.dz\\\/index.php\\\/2022\\\/06\\\/29\\\/universite-quatre-nouvelles-specialites-pour-sadapter-au-marche-du-travail\\\/#breadcrumb\",\"itemListElement\":[{\"@type\":\"ListItem\",\"position\":1,\"name\":\"Accueil\",\"item\":\"https:\\\/\\\/lasentinelle.dz\\\/\"},{\"@type\":\"ListItem\",\"position\":2,\"name\":\"Universit\u00e9\u00a0:\u00a0Quatre nouvelles sp\u00e9cialit\u00e9s\u00a0pour s\u2019adapter au march\u00e9 du travail\"}]},{\"@type\":\"WebSite\",\"@id\":\"https:\\\/\\\/lasentinelle.dz\\\/#website\",\"url\":\"https:\\\/\\\/lasentinelle.dz\\\/\",\"name\":\"La Sentinelle\",\"description\":\"Quotidien national d&#039;information\",\"publisher\":{\"@id\":\"https:\\\/\\\/lasentinelle.dz\\\/#organization\"},\"potentialAction\":[{\"@type\":\"SearchAction\",\"target\":{\"@type\":\"EntryPoint\",\"urlTemplate\":\"https:\\\/\\\/lasentinelle.dz\\\/?s={search_term_string}\"},\"query-input\":{\"@type\":\"PropertyValueSpecification\",\"valueRequired\":true,\"valueName\":\"search_term_string\"}}],\"inLanguage\":\"fr-FR\"},{\"@type\":\"Organization\",\"@id\":\"https:\\\/\\\/lasentinelle.dz\\\/#organization\",\"name\":\"Quotidien La Sentinelle\",\"url\":\"https:\\\/\\\/lasentinelle.dz\\\/\",\"logo\":{\"@type\":\"ImageObject\",\"inLanguage\":\"fr-FR\",\"@id\":\"https:\\\/\\\/lasentinelle.dz\\\/#\\\/schema\\\/logo\\\/image\\\/\",\"url\":\"https:\\\/\\\/lasentinelle.dz\\\/wp-content\\\/uploads\\\/2021\\\/09\\\/logo-sentinelleSLOGAN-1.png\",\"contentUrl\":\"https:\\\/\\\/lasentinelle.dz\\\/wp-content\\\/uploads\\\/2021\\\/09\\\/logo-sentinelleSLOGAN-1.png\",\"width\":615,\"height\":142,\"caption\":\"Quotidien La Sentinelle\"},\"image\":{\"@id\":\"https:\\\/\\\/lasentinelle.dz\\\/#\\\/schema\\\/logo\\\/image\\\/\"},\"sameAs\":[\"https:\\\/\\\/www.facebook.com\\\/La-Sentinelle-104059864394773\"]},{\"@type\":\"Person\",\"@id\":\"https:\\\/\\\/lasentinelle.dz\\\/#\\\/schema\\\/person\\\/d865044e22e70a75174ce8bcad3acfb3\",\"name\":\"La Sentinelle\",\"image\":{\"@type\":\"ImageObject\",\"inLanguage\":\"fr-FR\",\"@id\":\"https:\\\/\\\/secure.gravatar.com\\\/avatar\\\/57de8e5d4b15d43fb361a71fbb36338450fe67865b528a43dd10ef7c51a20392?s=96&d=mm&r=g\",\"url\":\"https:\\\/\\\/secure.gravatar.com\\\/avatar\\\/57de8e5d4b15d43fb361a71fbb36338450fe67865b528a43dd10ef7c51a20392?s=96&d=mm&r=g\",\"contentUrl\":\"https:\\\/\\\/secure.gravatar.com\\\/avatar\\\/57de8e5d4b15d43fb361a71fbb36338450fe67865b528a43dd10ef7c51a20392?s=96&d=mm&r=g\",\"caption\":\"La Sentinelle\"},\"sameAs\":[\"http:\\\/\\\/www.lasentinelle.dz\"],\"url\":\"https:\\\/\\\/lasentinelle.dz\\\/author\\\/redaction\\\/\"}]}<\/script>\n<!-- \/ Yoast SEO plugin. -->","yoast_head_json":{"title":"Universit\u00e9\u00a0:\u00a0Quatre nouvelles sp\u00e9cialit\u00e9s\u00a0pour s\u2019adapter au march\u00e9 du travail - La Sentinelle","robots":{"index":"index","follow":"follow","max-snippet":"max-snippet:-1","max-image-preview":"max-image-preview:large","max-video-preview":"max-video-preview:-1"},"canonical":"https:\/\/lasentinelle.dz\/index.php\/2022\/06\/29\/universite-quatre-nouvelles-specialites-pour-sadapter-au-marche-du-travail\/","og_locale":"fr_FR","og_type":"article","og_title":"Universit\u00e9\u00a0:\u00a0Quatre nouvelles sp\u00e9cialit\u00e9s\u00a0pour s\u2019adapter au march\u00e9 du travail - La Sentinelle","og_description":"\u00abL\u2019ann\u00e9e universitaire 2022-2023 sera marqu\u00e9e par quatre nouveaux parcours universitaires propos\u00e9s exclusivement aux d\u00e9tenteurs du Bac technique&nbsp;math\u00e9matique\u00bb, a indiqu\u00e9 hier","og_url":"https:\/\/lasentinelle.dz\/index.php\/2022\/06\/29\/universite-quatre-nouvelles-specialites-pour-sadapter-au-marche-du-travail\/","og_site_name":"La Sentinelle","article_publisher":"https:\/\/www.facebook.com\/La-Sentinelle-104059864394773","article_published_time":"2022-06-28T23:05:00+00:00","og_image":[{"width":1601,"height":900,"url":"https:\/\/lasentinelle.dz\/wp-content\/uploads\/2022\/06\/455441.png","type":"image\/png"}],"author":"La Sentinelle","twitter_card":"summary_large_image","twitter_misc":{"\u00c9crit par":"La Sentinelle","Dur\u00e9e de lecture estim\u00e9e":"3 minutes"},"schema":{"@context":"https:\/\/schema.org","@graph":[{"@type":"Article","@id":"https:\/\/lasentinelle.dz\/index.php\/2022\/06\/29\/universite-quatre-nouvelles-specialites-pour-sadapter-au-marche-du-travail\/#article","isPartOf":{"@id":"https:\/\/lasentinelle.dz\/index.php\/2022\/06\/29\/universite-quatre-nouvelles-specialites-pour-sadapter-au-marche-du-travail\/"},"author":{"name":"La Sentinelle","@id":"https:\/\/lasentinelle.dz\/#\/schema\/person\/d865044e22e70a75174ce8bcad3acfb3"},"headline":"Universit\u00e9\u00a0:\u00a0Quatre nouvelles sp\u00e9cialit\u00e9s\u00a0pour s\u2019adapter au march\u00e9 du travail","datePublished":"2022-06-28T23:05:00+00:00","mainEntityOfPage":{"@id":"https:\/\/lasentinelle.dz\/index.php\/2022\/06\/29\/universite-quatre-nouvelles-specialites-pour-sadapter-au-marche-du-travail\/"},"wordCount":524,"commentCount":0,"publisher":{"@id":"https:\/\/lasentinelle.dz\/#organization"},"image":{"@id":"https:\/\/lasentinelle.dz\/index.php\/2022\/06\/29\/universite-quatre-nouvelles-specialites-pour-sadapter-au-marche-du-travail\/#primaryimage"},"thumbnailUrl":"https:\/\/lasentinelle.dz\/wp-content\/uploads\/2022\/06\/455441.png","articleSection":["\u00c0 la Une","\u00c9conomie"],"inLanguage":"fr-FR","potentialAction":[{"@type":"CommentAction","name":"Comment","target":["https:\/\/lasentinelle.dz\/index.php\/2022\/06\/29\/universite-quatre-nouvelles-specialites-pour-sadapter-au-marche-du-travail\/#respond"]}]},{"@type":"WebPage","@id":"https:\/\/lasentinelle.dz\/index.php\/2022\/06\/29\/universite-quatre-nouvelles-specialites-pour-sadapter-au-marche-du-travail\/","url":"https:\/\/lasentinelle.dz\/index.php\/2022\/06\/29\/universite-quatre-nouvelles-specialites-pour-sadapter-au-marche-du-travail\/","name":"Universit\u00e9\u00a0:\u00a0Quatre nouvelles sp\u00e9cialit\u00e9s\u00a0pour s\u2019adapter au march\u00e9 du travail - La Sentinelle","isPartOf":{"@id":"https:\/\/lasentinelle.dz\/#website"},"primaryImageOfPage":{"@id":"https:\/\/lasentinelle.dz\/index.php\/2022\/06\/29\/universite-quatre-nouvelles-specialites-pour-sadapter-au-marche-du-travail\/#primaryimage"},"image":{"@id":"https:\/\/lasentinelle.dz\/index.php\/2022\/06\/29\/universite-quatre-nouvelles-specialites-pour-sadapter-au-marche-du-travail\/#primaryimage"},"thumbnailUrl":"https:\/\/lasentinelle.dz\/wp-content\/uploads\/2022\/06\/455441.png","datePublished":"2022-06-28T23:05:00+00:00","breadcrumb":{"@id":"https:\/\/lasentinelle.dz\/index.php\/2022\/06\/29\/universite-quatre-nouvelles-specialites-pour-sadapter-au-marche-du-travail\/#breadcrumb"},"inLanguage":"fr-FR","potentialAction":[{"@type":"ReadAction","target":["https:\/\/lasentinelle.dz\/index.php\/2022\/06\/29\/universite-quatre-nouvelles-specialites-pour-sadapter-au-marche-du-travail\/"]}]},{"@type":"ImageObject","inLanguage":"fr-FR","@id":"https:\/\/lasentinelle.dz\/index.php\/2022\/06\/29\/universite-quatre-nouvelles-specialites-pour-sadapter-au-marche-du-travail\/#primaryimage","url":"https:\/\/lasentinelle.dz\/wp-content\/uploads\/2022\/06\/455441.png","contentUrl":"https:\/\/lasentinelle.dz\/wp-content\/uploads\/2022\/06\/455441.png","width":1601,"height":900},{"@type":"BreadcrumbList","@id":"https:\/\/lasentinelle.dz\/index.php\/2022\/06\/29\/universite-quatre-nouvelles-specialites-pour-sadapter-au-marche-du-travail\/#breadcrumb","itemListElement":[{"@type":"ListItem","position":1,"name":"Accueil","item":"https:\/\/lasentinelle.dz\/"},{"@type":"ListItem","position":2,"name":"Universit\u00e9\u00a0:\u00a0Quatre nouvelles sp\u00e9cialit\u00e9s\u00a0pour s\u2019adapter au march\u00e9 du travail"}]},{"@type":"WebSite","@id":"https:\/\/lasentinelle.dz\/#website","url":"https:\/\/lasentinelle.dz\/","name":"La Sentinelle","description":"Quotidien national d&#039;information","publisher":{"@id":"https:\/\/lasentinelle.dz\/#organization"},"potentialAction":[{"@type":"SearchAction","target":{"@type":"EntryPoint","urlTemplate":"https:\/\/lasentinelle.dz\/?s={search_term_string}"},"query-input":{"@type":"PropertyValueSpecification","valueRequired":true,"valueName":"search_term_string"}}],"inLanguage":"fr-FR"},{"@type":"Organization","@id":"https:\/\/lasentinelle.dz\/#organization","name":"Quotidien La Sentinelle","url":"https:\/\/lasentinelle.dz\/","logo":{"@type":"ImageObject","inLanguage":"fr-FR","@id":"https:\/\/lasentinelle.dz\/#\/schema\/logo\/image\/","url":"https:\/\/lasentinelle.dz\/wp-content\/uploads\/2021\/09\/logo-sentinelleSLOGAN-1.png","contentUrl":"https:\/\/lasentinelle.dz\/wp-content\/uploads\/2021\/09\/logo-sentinelleSLOGAN-1.png","width":615,"height":142,"caption":"Quotidien La Sentinelle"},"image":{"@id":"https:\/\/lasentinelle.dz\/#\/schema\/logo\/image\/"},"sameAs":["https:\/\/www.facebook.com\/La-Sentinelle-104059864394773"]},{"@type":"Person","@id":"https:\/\/lasentinelle.dz\/#\/schema\/person\/d865044e22e70a75174ce8bcad3acfb3","name":"La Sentinelle","image":{"@type":"ImageObject","inLanguage":"fr-FR","@id":"https:\/\/secure.gravatar.com\/avatar\/57de8e5d4b15d43fb361a71fbb36338450fe67865b528a43dd10ef7c51a20392?s=96&d=mm&r=g","url":"https:\/\/secure.gravatar.com\/avatar\/57de8e5d4b15d43fb361a71fbb36338450fe67865b528a43dd10ef7c51a20392?s=96&d=mm&r=g","contentUrl":"https:\/\/secure.gravatar.com\/avatar\/57de8e5d4b15d43fb361a71fbb36338450fe67865b528a43dd10ef7c51a20392?s=96&d=mm&r=g","caption":"La Sentinelle"},"sameAs":["http:\/\/www.lasentinelle.dz"],"url":"https:\/\/lasentinelle.dz\/author\/redaction\/"}]}},"_links":{"self":[{"href":"https:\/\/lasentinelle.dz\/index.php\/wp-json\/wp\/v2\/posts\/23351","targetHints":{"allow":["GET"]}}],"collection":[{"href":"https:\/\/lasentinelle.dz\/index.php\/wp-json\/wp\/v2\/posts"}],"about":[{"href":"https:\/\/lasentinelle.dz\/index.php\/wp-json\/wp\/v2\/types\/post"}],"author":[{"embeddable":true,"href":"https:\/\/lasentinelle.dz\/index.php\/wp-json\/wp\/v2\/users\/3"}],"replies":[{"embeddable":true,"href":"https:\/\/lasentinelle.dz\/index.php\/wp-json\/wp\/v2\/comments?post=23351"}],"version-history":[{"count":1,"href":"https:\/\/lasentinelle.dz\/index.php\/wp-json\/wp\/v2\/posts\/23351\/revisions"}],"predecessor-version":[{"id":23357,"href":"https:\/\/lasentinelle.dz\/index.php\/wp-json\/wp\/v2\/posts\/23351\/revisions\/23357"}],"wp:featuredmedia":[{"embeddable":true,"href":"https:\/\/lasentinelle.dz\/index.php\/wp-json\/wp\/v2\/media\/23356"}],"wp:attachment":[{"href":"https:\/\/lasentinelle.dz\/index.php\/wp-json\/wp\/v2\/media?parent=23351"}],"wp:term":[{"taxonomy":"category","embeddable":true,"href":"https:\/\/lasentinelle.dz\/index.php\/wp-json\/wp\/v2\/categories?post=23351"},{"taxonomy":"post_tag","embeddable":true,"href":"https:\/\/lasentinelle.dz\/index.php\/wp-json\/wp\/v2\/tags?post=23351"}],"curies":[{"name":"wp","href":"https:\/\/api.w.org\/{rel}","templated":true}]}}