{"id":23417,"date":"2022-06-29T18:45:17","date_gmt":"2022-06-29T17:45:17","guid":{"rendered":"https:\/\/lasentinelle.dz\/?p=23417"},"modified":"2022-06-29T18:45:18","modified_gmt":"2022-06-29T17:45:18","slug":"atm-mobilis-accompagne-le-salon-national-de-lenseignement-superieur","status":"publish","type":"post","link":"https:\/\/lasentinelle.dz\/index.php\/2022\/06\/29\/atm-mobilis-accompagne-le-salon-national-de-lenseignement-superieur\/","title":{"rendered":"ATM Mobilis accompagne le Salon\u00a0national de l&rsquo;enseignement\u00a0sup\u00e9rieur"},"content":{"rendered":"\n<p>L\u2019op\u00e9rateur de t\u00e9l\u00e9phonie mobile Mobilis compte parmi les sponsors majeurs du Salon de&nbsp;l\u2019enseignement sup\u00e9rieur. \u00ab&nbsp;<\/p>\n\n\n\n<p>Fid\u00e8le \u00e0 son programme de soutien \u00e0 la recherche universitaire, Mobilis partenaire du Minist\u00e8re de l\u2019Enseignement Sup\u00e9rieur et de la Recherche Scientifique, accompagne l\u2019organisation du \u00ab Salon National de l&rsquo;Enseignement Sup\u00e9rieur, de la Recherche Scientifique et des Produits de la Recherche \u00bb, qui se tient les 28 et 29 juin 2022, \u00e0 l\u2019Universit\u00e9 des Sciences et de la Technologie Houari Boumediene (USTHB) de Bab Ezzouar \u00e0 Alger&nbsp;\u00bb, a indiqu\u00e9 l\u2019op\u00e9rateur dans un communiqu\u00e9.&nbsp;\u00ab&nbsp;Dans le cadre du 60e anniversaire du recouvrement de la souverainet\u00e9 nationale et de la f\u00eate de la jeunesse, plusieurs \u00e9tablissements universitaires et de recherche, participeront au \u00ab concours de la meilleure production scientifique relative \u00e0 la m\u00e9moire nationale \u00bb. Lanc\u00e9 \u00e0 l\u2019occasion de ce salon, ce concours verra l&rsquo;exposition de 150 produits scientifiques repr\u00e9sentant les meilleures r\u00e9alisations des laboratoires de recherche des universit\u00e9s alg\u00e9riennes dans le domaine de l&rsquo;innovation et des solutions scientifiques&nbsp;\u00bb, ajoute la m\u00eame source.<\/p>\n\n\n\n<p>\u00ab&nbsp;Le Salon National de l&rsquo;Enseignement Sup\u00e9rieur, de la Recherche Scientifique et des Produits de la Recherche conna\u00eetra, par ailleurs, la pr\u00e9sentation d\u2019un bilan retra\u00e7ant le parcours de l&rsquo;enseignement sup\u00e9rieur et l&rsquo;exp\u00e9rience des&nbsp;,&nbsp;centres de recherche en Alg\u00e9rie de 1962 \u00e0 2022. Les laur\u00e9ats du prix de la meilleure th\u00e8se sur la m\u00e9moire nationale seront \u00e9galement annonc\u00e9s lors d\u2019une c\u00e9r\u00e9monie officielle&nbsp;\u00bb, rappelle le communiqu\u00e9.&nbsp;\u00ab&nbsp;Mobilis, fi\u00e8re d\u2019accompagner nos \u00e9lites de l\u2019Universit\u00e9 alg\u00e9rienne, confirme son engagement dans la promotion du savoir et la pr\u00e9servation de la m\u00e9moire nationale \u00e0 travers l\u2019encouragement de la recherche scientifique&nbsp;\u00bb, conclut l\u2019op\u00e9rateur.<\/p>\n\n\n\n<p><strong>R.N.<\/strong><\/p>\n","protected":false},"excerpt":{"rendered":"<p>L\u2019op\u00e9rateur de t\u00e9l\u00e9phonie mobile Mobilis compte parmi les sponsors majeurs du Salon de&nbsp;l\u2019enseignement sup\u00e9rieur. \u00ab&nbsp; Fid\u00e8le \u00e0 son programme de<\/p>\n","protected":false},"author":3,"featured_media":23439,"comment_status":"open","ping_status":"closed","sticky":false,"template":"","format":"standard","meta":{"colormag_page_container_layout":"default_layout","colormag_page_sidebar_layout":"default_layout","om_disable_all_campaigns":false,"_monsterinsights_skip_tracking":false,"_monsterinsights_sitenote_active":false,"_monsterinsights_sitenote_note":"","_monsterinsights_sitenote_category":0,"footnotes":"","_wpscppro_dont_share_socialmedia":false,"_wpscppro_custom_social_share_image":0,"_facebook_share_type":"","_twitter_share_type":"","_linkedin_share_type":"","_pinterest_share_type":"","_linkedin_share_type_page":"","_instagram_share_type":"","_medium_share_type":"","_threads_share_type":"","_google_business_share_type":"","_selected_social_profile":[],"_wpsp_enable_custom_social_template":false,"_wpsp_social_scheduling":{"enabled":false,"datetime":null,"platforms":[],"status":"template_only","dateOption":"today","timeOption":"now","customDays":"","customHours":"","customDate":"","customTime":"","schedulingType":"absolute"},"_wpsp_active_default_template":true},"categories":[27],"tags":[],"class_list":["post-23417","post","type-post","status-publish","format-standard","has-post-thumbnail","hentry","category-actualite"],"aioseo_notices":[],"yoast_head":"<!-- This site is optimized with the Yoast SEO plugin v27.5 - https:\/\/yoast.com\/product\/yoast-seo-wordpress\/ -->\n<title>ATM Mobilis accompagne le Salon\u00a0national de l&#039;enseignement\u00a0sup\u00e9rieur - La Sentinelle<\/title>\n<meta name=\"robots\" content=\"index, follow, max-snippet:-1, max-image-preview:large, max-video-preview:-1\" \/>\n<link rel=\"canonical\" href=\"https:\/\/lasentinelle.dz\/index.php\/2022\/06\/29\/atm-mobilis-accompagne-le-salon-national-de-lenseignement-superieur\/\" \/>\n<meta property=\"og:locale\" content=\"fr_FR\" \/>\n<meta property=\"og:type\" content=\"article\" \/>\n<meta property=\"og:title\" content=\"ATM Mobilis accompagne le Salon\u00a0national de l&#039;enseignement\u00a0sup\u00e9rieur - La Sentinelle\" \/>\n<meta property=\"og:description\" content=\"L\u2019op\u00e9rateur de t\u00e9l\u00e9phonie mobile Mobilis compte parmi les sponsors majeurs du Salon de&nbsp;l\u2019enseignement sup\u00e9rieur. \u00ab&nbsp; Fid\u00e8le \u00e0 son programme de\" \/>\n<meta property=\"og:url\" content=\"https:\/\/lasentinelle.dz\/index.php\/2022\/06\/29\/atm-mobilis-accompagne-le-salon-national-de-lenseignement-superieur\/\" \/>\n<meta property=\"og:site_name\" content=\"La Sentinelle\" \/>\n<meta property=\"article:publisher\" content=\"https:\/\/www.facebook.com\/La-Sentinelle-104059864394773\" \/>\n<meta property=\"article:published_time\" content=\"2022-06-29T17:45:17+00:00\" \/>\n<meta property=\"article:modified_time\" content=\"2022-06-29T17:45:18+00:00\" \/>\n<meta property=\"og:image\" content=\"https:\/\/lasentinelle.dz\/wp-content\/uploads\/2022\/06\/USTHB-Mobilis-2.png\" \/>\n\t<meta property=\"og:image:width\" content=\"787\" \/>\n\t<meta property=\"og:image:height\" content=\"900\" \/>\n\t<meta property=\"og:image:type\" content=\"image\/png\" \/>\n<meta name=\"author\" content=\"La Sentinelle\" \/>\n<meta name=\"twitter:card\" content=\"summary_large_image\" \/>\n<meta name=\"twitter:label1\" content=\"\u00c9crit par\" \/>\n\t<meta name=\"twitter:data1\" content=\"La Sentinelle\" \/>\n\t<meta name=\"twitter:label2\" content=\"Dur\u00e9e de lecture estim\u00e9e\" \/>\n\t<meta name=\"twitter:data2\" content=\"2 minutes\" \/>\n<script type=\"application\/ld+json\" class=\"yoast-schema-graph\">{\"@context\":\"https:\\\/\\\/schema.org\",\"@graph\":[{\"@type\":\"Article\",\"@id\":\"https:\\\/\\\/lasentinelle.dz\\\/index.php\\\/2022\\\/06\\\/29\\\/atm-mobilis-accompagne-le-salon-national-de-lenseignement-superieur\\\/#article\",\"isPartOf\":{\"@id\":\"https:\\\/\\\/lasentinelle.dz\\\/index.php\\\/2022\\\/06\\\/29\\\/atm-mobilis-accompagne-le-salon-national-de-lenseignement-superieur\\\/\"},\"author\":{\"name\":\"La Sentinelle\",\"@id\":\"https:\\\/\\\/lasentinelle.dz\\\/#\\\/schema\\\/person\\\/d865044e22e70a75174ce8bcad3acfb3\"},\"headline\":\"ATM Mobilis accompagne le Salon\u00a0national de l&rsquo;enseignement\u00a0sup\u00e9rieur\",\"datePublished\":\"2022-06-29T17:45:17+00:00\",\"dateModified\":\"2022-06-29T17:45:18+00:00\",\"mainEntityOfPage\":{\"@id\":\"https:\\\/\\\/lasentinelle.dz\\\/index.php\\\/2022\\\/06\\\/29\\\/atm-mobilis-accompagne-le-salon-national-de-lenseignement-superieur\\\/\"},\"wordCount\":322,\"commentCount\":0,\"publisher\":{\"@id\":\"https:\\\/\\\/lasentinelle.dz\\\/#organization\"},\"image\":{\"@id\":\"https:\\\/\\\/lasentinelle.dz\\\/index.php\\\/2022\\\/06\\\/29\\\/atm-mobilis-accompagne-le-salon-national-de-lenseignement-superieur\\\/#primaryimage\"},\"thumbnailUrl\":\"https:\\\/\\\/lasentinelle.dz\\\/wp-content\\\/uploads\\\/2022\\\/06\\\/USTHB-Mobilis-2.png\",\"articleSection\":[\"Actualit\u00e9\"],\"inLanguage\":\"fr-FR\",\"potentialAction\":[{\"@type\":\"CommentAction\",\"name\":\"Comment\",\"target\":[\"https:\\\/\\\/lasentinelle.dz\\\/index.php\\\/2022\\\/06\\\/29\\\/atm-mobilis-accompagne-le-salon-national-de-lenseignement-superieur\\\/#respond\"]}]},{\"@type\":\"WebPage\",\"@id\":\"https:\\\/\\\/lasentinelle.dz\\\/index.php\\\/2022\\\/06\\\/29\\\/atm-mobilis-accompagne-le-salon-national-de-lenseignement-superieur\\\/\",\"url\":\"https:\\\/\\\/lasentinelle.dz\\\/index.php\\\/2022\\\/06\\\/29\\\/atm-mobilis-accompagne-le-salon-national-de-lenseignement-superieur\\\/\",\"name\":\"ATM Mobilis accompagne le Salon\u00a0national de l'enseignement\u00a0sup\u00e9rieur - La Sentinelle\",\"isPartOf\":{\"@id\":\"https:\\\/\\\/lasentinelle.dz\\\/#website\"},\"primaryImageOfPage\":{\"@id\":\"https:\\\/\\\/lasentinelle.dz\\\/index.php\\\/2022\\\/06\\\/29\\\/atm-mobilis-accompagne-le-salon-national-de-lenseignement-superieur\\\/#primaryimage\"},\"image\":{\"@id\":\"https:\\\/\\\/lasentinelle.dz\\\/index.php\\\/2022\\\/06\\\/29\\\/atm-mobilis-accompagne-le-salon-national-de-lenseignement-superieur\\\/#primaryimage\"},\"thumbnailUrl\":\"https:\\\/\\\/lasentinelle.dz\\\/wp-content\\\/uploads\\\/2022\\\/06\\\/USTHB-Mobilis-2.png\",\"datePublished\":\"2022-06-29T17:45:17+00:00\",\"dateModified\":\"2022-06-29T17:45:18+00:00\",\"breadcrumb\":{\"@id\":\"https:\\\/\\\/lasentinelle.dz\\\/index.php\\\/2022\\\/06\\\/29\\\/atm-mobilis-accompagne-le-salon-national-de-lenseignement-superieur\\\/#breadcrumb\"},\"inLanguage\":\"fr-FR\",\"potentialAction\":[{\"@type\":\"ReadAction\",\"target\":[\"https:\\\/\\\/lasentinelle.dz\\\/index.php\\\/2022\\\/06\\\/29\\\/atm-mobilis-accompagne-le-salon-national-de-lenseignement-superieur\\\/\"]}]},{\"@type\":\"ImageObject\",\"inLanguage\":\"fr-FR\",\"@id\":\"https:\\\/\\\/lasentinelle.dz\\\/index.php\\\/2022\\\/06\\\/29\\\/atm-mobilis-accompagne-le-salon-national-de-lenseignement-superieur\\\/#primaryimage\",\"url\":\"https:\\\/\\\/lasentinelle.dz\\\/wp-content\\\/uploads\\\/2022\\\/06\\\/USTHB-Mobilis-2.png\",\"contentUrl\":\"https:\\\/\\\/lasentinelle.dz\\\/wp-content\\\/uploads\\\/2022\\\/06\\\/USTHB-Mobilis-2.png\",\"width\":787,\"height\":900},{\"@type\":\"BreadcrumbList\",\"@id\":\"https:\\\/\\\/lasentinelle.dz\\\/index.php\\\/2022\\\/06\\\/29\\\/atm-mobilis-accompagne-le-salon-national-de-lenseignement-superieur\\\/#breadcrumb\",\"itemListElement\":[{\"@type\":\"ListItem\",\"position\":1,\"name\":\"Accueil\",\"item\":\"https:\\\/\\\/lasentinelle.dz\\\/\"},{\"@type\":\"ListItem\",\"position\":2,\"name\":\"ATM Mobilis accompagne le Salon\u00a0national de l&rsquo;enseignement\u00a0sup\u00e9rieur\"}]},{\"@type\":\"WebSite\",\"@id\":\"https:\\\/\\\/lasentinelle.dz\\\/#website\",\"url\":\"https:\\\/\\\/lasentinelle.dz\\\/\",\"name\":\"La Sentinelle\",\"description\":\"Quotidien national d&#039;information\",\"publisher\":{\"@id\":\"https:\\\/\\\/lasentinelle.dz\\\/#organization\"},\"potentialAction\":[{\"@type\":\"SearchAction\",\"target\":{\"@type\":\"EntryPoint\",\"urlTemplate\":\"https:\\\/\\\/lasentinelle.dz\\\/?s={search_term_string}\"},\"query-input\":{\"@type\":\"PropertyValueSpecification\",\"valueRequired\":true,\"valueName\":\"search_term_string\"}}],\"inLanguage\":\"fr-FR\"},{\"@type\":\"Organization\",\"@id\":\"https:\\\/\\\/lasentinelle.dz\\\/#organization\",\"name\":\"Quotidien La Sentinelle\",\"url\":\"https:\\\/\\\/lasentinelle.dz\\\/\",\"logo\":{\"@type\":\"ImageObject\",\"inLanguage\":\"fr-FR\",\"@id\":\"https:\\\/\\\/lasentinelle.dz\\\/#\\\/schema\\\/logo\\\/image\\\/\",\"url\":\"https:\\\/\\\/lasentinelle.dz\\\/wp-content\\\/uploads\\\/2021\\\/09\\\/logo-sentinelleSLOGAN-1.png\",\"contentUrl\":\"https:\\\/\\\/lasentinelle.dz\\\/wp-content\\\/uploads\\\/2021\\\/09\\\/logo-sentinelleSLOGAN-1.png\",\"width\":615,\"height\":142,\"caption\":\"Quotidien La Sentinelle\"},\"image\":{\"@id\":\"https:\\\/\\\/lasentinelle.dz\\\/#\\\/schema\\\/logo\\\/image\\\/\"},\"sameAs\":[\"https:\\\/\\\/www.facebook.com\\\/La-Sentinelle-104059864394773\"]},{\"@type\":\"Person\",\"@id\":\"https:\\\/\\\/lasentinelle.dz\\\/#\\\/schema\\\/person\\\/d865044e22e70a75174ce8bcad3acfb3\",\"name\":\"La Sentinelle\",\"image\":{\"@type\":\"ImageObject\",\"inLanguage\":\"fr-FR\",\"@id\":\"https:\\\/\\\/secure.gravatar.com\\\/avatar\\\/57de8e5d4b15d43fb361a71fbb36338450fe67865b528a43dd10ef7c51a20392?s=96&d=mm&r=g\",\"url\":\"https:\\\/\\\/secure.gravatar.com\\\/avatar\\\/57de8e5d4b15d43fb361a71fbb36338450fe67865b528a43dd10ef7c51a20392?s=96&d=mm&r=g\",\"contentUrl\":\"https:\\\/\\\/secure.gravatar.com\\\/avatar\\\/57de8e5d4b15d43fb361a71fbb36338450fe67865b528a43dd10ef7c51a20392?s=96&d=mm&r=g\",\"caption\":\"La Sentinelle\"},\"sameAs\":[\"http:\\\/\\\/www.lasentinelle.dz\"],\"url\":\"https:\\\/\\\/lasentinelle.dz\\\/author\\\/redaction\\\/\"}]}<\/script>\n<!-- \/ Yoast SEO plugin. -->","yoast_head_json":{"title":"ATM Mobilis accompagne le Salon\u00a0national de l'enseignement\u00a0sup\u00e9rieur - La Sentinelle","robots":{"index":"index","follow":"follow","max-snippet":"max-snippet:-1","max-image-preview":"max-image-preview:large","max-video-preview":"max-video-preview:-1"},"canonical":"https:\/\/lasentinelle.dz\/index.php\/2022\/06\/29\/atm-mobilis-accompagne-le-salon-national-de-lenseignement-superieur\/","og_locale":"fr_FR","og_type":"article","og_title":"ATM Mobilis accompagne le Salon\u00a0national de l'enseignement\u00a0sup\u00e9rieur - La Sentinelle","og_description":"L\u2019op\u00e9rateur de t\u00e9l\u00e9phonie mobile Mobilis compte parmi les sponsors majeurs du Salon de&nbsp;l\u2019enseignement sup\u00e9rieur. \u00ab&nbsp; Fid\u00e8le \u00e0 son programme de","og_url":"https:\/\/lasentinelle.dz\/index.php\/2022\/06\/29\/atm-mobilis-accompagne-le-salon-national-de-lenseignement-superieur\/","og_site_name":"La Sentinelle","article_publisher":"https:\/\/www.facebook.com\/La-Sentinelle-104059864394773","article_published_time":"2022-06-29T17:45:17+00:00","article_modified_time":"2022-06-29T17:45:18+00:00","og_image":[{"width":787,"height":900,"url":"https:\/\/lasentinelle.dz\/wp-content\/uploads\/2022\/06\/USTHB-Mobilis-2.png","type":"image\/png"}],"author":"La Sentinelle","twitter_card":"summary_large_image","twitter_misc":{"\u00c9crit par":"La Sentinelle","Dur\u00e9e de lecture estim\u00e9e":"2 minutes"},"schema":{"@context":"https:\/\/schema.org","@graph":[{"@type":"Article","@id":"https:\/\/lasentinelle.dz\/index.php\/2022\/06\/29\/atm-mobilis-accompagne-le-salon-national-de-lenseignement-superieur\/#article","isPartOf":{"@id":"https:\/\/lasentinelle.dz\/index.php\/2022\/06\/29\/atm-mobilis-accompagne-le-salon-national-de-lenseignement-superieur\/"},"author":{"name":"La Sentinelle","@id":"https:\/\/lasentinelle.dz\/#\/schema\/person\/d865044e22e70a75174ce8bcad3acfb3"},"headline":"ATM Mobilis accompagne le Salon\u00a0national de l&rsquo;enseignement\u00a0sup\u00e9rieur","datePublished":"2022-06-29T17:45:17+00:00","dateModified":"2022-06-29T17:45:18+00:00","mainEntityOfPage":{"@id":"https:\/\/lasentinelle.dz\/index.php\/2022\/06\/29\/atm-mobilis-accompagne-le-salon-national-de-lenseignement-superieur\/"},"wordCount":322,"commentCount":0,"publisher":{"@id":"https:\/\/lasentinelle.dz\/#organization"},"image":{"@id":"https:\/\/lasentinelle.dz\/index.php\/2022\/06\/29\/atm-mobilis-accompagne-le-salon-national-de-lenseignement-superieur\/#primaryimage"},"thumbnailUrl":"https:\/\/lasentinelle.dz\/wp-content\/uploads\/2022\/06\/USTHB-Mobilis-2.png","articleSection":["Actualit\u00e9"],"inLanguage":"fr-FR","potentialAction":[{"@type":"CommentAction","name":"Comment","target":["https:\/\/lasentinelle.dz\/index.php\/2022\/06\/29\/atm-mobilis-accompagne-le-salon-national-de-lenseignement-superieur\/#respond"]}]},{"@type":"WebPage","@id":"https:\/\/lasentinelle.dz\/index.php\/2022\/06\/29\/atm-mobilis-accompagne-le-salon-national-de-lenseignement-superieur\/","url":"https:\/\/lasentinelle.dz\/index.php\/2022\/06\/29\/atm-mobilis-accompagne-le-salon-national-de-lenseignement-superieur\/","name":"ATM Mobilis accompagne le Salon\u00a0national de l'enseignement\u00a0sup\u00e9rieur - La Sentinelle","isPartOf":{"@id":"https:\/\/lasentinelle.dz\/#website"},"primaryImageOfPage":{"@id":"https:\/\/lasentinelle.dz\/index.php\/2022\/06\/29\/atm-mobilis-accompagne-le-salon-national-de-lenseignement-superieur\/#primaryimage"},"image":{"@id":"https:\/\/lasentinelle.dz\/index.php\/2022\/06\/29\/atm-mobilis-accompagne-le-salon-national-de-lenseignement-superieur\/#primaryimage"},"thumbnailUrl":"https:\/\/lasentinelle.dz\/wp-content\/uploads\/2022\/06\/USTHB-Mobilis-2.png","datePublished":"2022-06-29T17:45:17+00:00","dateModified":"2022-06-29T17:45:18+00:00","breadcrumb":{"@id":"https:\/\/lasentinelle.dz\/index.php\/2022\/06\/29\/atm-mobilis-accompagne-le-salon-national-de-lenseignement-superieur\/#breadcrumb"},"inLanguage":"fr-FR","potentialAction":[{"@type":"ReadAction","target":["https:\/\/lasentinelle.dz\/index.php\/2022\/06\/29\/atm-mobilis-accompagne-le-salon-national-de-lenseignement-superieur\/"]}]},{"@type":"ImageObject","inLanguage":"fr-FR","@id":"https:\/\/lasentinelle.dz\/index.php\/2022\/06\/29\/atm-mobilis-accompagne-le-salon-national-de-lenseignement-superieur\/#primaryimage","url":"https:\/\/lasentinelle.dz\/wp-content\/uploads\/2022\/06\/USTHB-Mobilis-2.png","contentUrl":"https:\/\/lasentinelle.dz\/wp-content\/uploads\/2022\/06\/USTHB-Mobilis-2.png","width":787,"height":900},{"@type":"BreadcrumbList","@id":"https:\/\/lasentinelle.dz\/index.php\/2022\/06\/29\/atm-mobilis-accompagne-le-salon-national-de-lenseignement-superieur\/#breadcrumb","itemListElement":[{"@type":"ListItem","position":1,"name":"Accueil","item":"https:\/\/lasentinelle.dz\/"},{"@type":"ListItem","position":2,"name":"ATM Mobilis accompagne le Salon\u00a0national de l&rsquo;enseignement\u00a0sup\u00e9rieur"}]},{"@type":"WebSite","@id":"https:\/\/lasentinelle.dz\/#website","url":"https:\/\/lasentinelle.dz\/","name":"La Sentinelle","description":"Quotidien national d&#039;information","publisher":{"@id":"https:\/\/lasentinelle.dz\/#organization"},"potentialAction":[{"@type":"SearchAction","target":{"@type":"EntryPoint","urlTemplate":"https:\/\/lasentinelle.dz\/?s={search_term_string}"},"query-input":{"@type":"PropertyValueSpecification","valueRequired":true,"valueName":"search_term_string"}}],"inLanguage":"fr-FR"},{"@type":"Organization","@id":"https:\/\/lasentinelle.dz\/#organization","name":"Quotidien La Sentinelle","url":"https:\/\/lasentinelle.dz\/","logo":{"@type":"ImageObject","inLanguage":"fr-FR","@id":"https:\/\/lasentinelle.dz\/#\/schema\/logo\/image\/","url":"https:\/\/lasentinelle.dz\/wp-content\/uploads\/2021\/09\/logo-sentinelleSLOGAN-1.png","contentUrl":"https:\/\/lasentinelle.dz\/wp-content\/uploads\/2021\/09\/logo-sentinelleSLOGAN-1.png","width":615,"height":142,"caption":"Quotidien La Sentinelle"},"image":{"@id":"https:\/\/lasentinelle.dz\/#\/schema\/logo\/image\/"},"sameAs":["https:\/\/www.facebook.com\/La-Sentinelle-104059864394773"]},{"@type":"Person","@id":"https:\/\/lasentinelle.dz\/#\/schema\/person\/d865044e22e70a75174ce8bcad3acfb3","name":"La Sentinelle","image":{"@type":"ImageObject","inLanguage":"fr-FR","@id":"https:\/\/secure.gravatar.com\/avatar\/57de8e5d4b15d43fb361a71fbb36338450fe67865b528a43dd10ef7c51a20392?s=96&d=mm&r=g","url":"https:\/\/secure.gravatar.com\/avatar\/57de8e5d4b15d43fb361a71fbb36338450fe67865b528a43dd10ef7c51a20392?s=96&d=mm&r=g","contentUrl":"https:\/\/secure.gravatar.com\/avatar\/57de8e5d4b15d43fb361a71fbb36338450fe67865b528a43dd10ef7c51a20392?s=96&d=mm&r=g","caption":"La Sentinelle"},"sameAs":["http:\/\/www.lasentinelle.dz"],"url":"https:\/\/lasentinelle.dz\/author\/redaction\/"}]}},"_links":{"self":[{"href":"https:\/\/lasentinelle.dz\/index.php\/wp-json\/wp\/v2\/posts\/23417","targetHints":{"allow":["GET"]}}],"collection":[{"href":"https:\/\/lasentinelle.dz\/index.php\/wp-json\/wp\/v2\/posts"}],"about":[{"href":"https:\/\/lasentinelle.dz\/index.php\/wp-json\/wp\/v2\/types\/post"}],"author":[{"embeddable":true,"href":"https:\/\/lasentinelle.dz\/index.php\/wp-json\/wp\/v2\/users\/3"}],"replies":[{"embeddable":true,"href":"https:\/\/lasentinelle.dz\/index.php\/wp-json\/wp\/v2\/comments?post=23417"}],"version-history":[{"count":1,"href":"https:\/\/lasentinelle.dz\/index.php\/wp-json\/wp\/v2\/posts\/23417\/revisions"}],"predecessor-version":[{"id":23440,"href":"https:\/\/lasentinelle.dz\/index.php\/wp-json\/wp\/v2\/posts\/23417\/revisions\/23440"}],"wp:featuredmedia":[{"embeddable":true,"href":"https:\/\/lasentinelle.dz\/index.php\/wp-json\/wp\/v2\/media\/23439"}],"wp:attachment":[{"href":"https:\/\/lasentinelle.dz\/index.php\/wp-json\/wp\/v2\/media?parent=23417"}],"wp:term":[{"taxonomy":"category","embeddable":true,"href":"https:\/\/lasentinelle.dz\/index.php\/wp-json\/wp\/v2\/categories?post=23417"},{"taxonomy":"post_tag","embeddable":true,"href":"https:\/\/lasentinelle.dz\/index.php\/wp-json\/wp\/v2\/tags?post=23417"}],"curies":[{"name":"wp","href":"https:\/\/api.w.org\/{rel}","templated":true}]}}