{"id":23443,"date":"2022-06-30T00:05:00","date_gmt":"2022-06-29T23:05:00","guid":{"rendered":"https:\/\/lasentinelle.dz\/?p=23443"},"modified":"2022-06-29T21:53:15","modified_gmt":"2022-06-29T20:53:15","slug":"reunion-du-gouvernement-garantir-la-securite-numerique","status":"publish","type":"post","link":"https:\/\/lasentinelle.dz\/index.php\/2022\/06\/30\/reunion-du-gouvernement-garantir-la-securite-numerique\/","title":{"rendered":"R\u00e9union du Gouvernement\u00a0: Garantir la s\u00e9curit\u00e9 num\u00e9rique"},"content":{"rendered":"\n<p>La strat\u00e9gie nationale de transformation num\u00e9rique a \u00e9t\u00e9 examin\u00e9e hier en r\u00e9union du Gouvernement. Une strat\u00e9gie devant permettre la concr\u00e9tisation des objectifs en mati\u00e8re de num\u00e9risation de l\u2019administration publique, mais aussi de mettre en place les conditions devant garantir et consolider la s\u00e9curit\u00e9 num\u00e9rique du pays.&nbsp;<\/p>\n\n\n\n<p>C\u2019est un long expos\u00e9 que le ministre de la Postes et des T\u00e9l\u00e9communications et le ministre de&nbsp;la Num\u00e9risation et des Statistiques&nbsp;ont pr\u00e9sent\u00e9 hier lors de la r\u00e9union hebdomadaire du Gouvernement. Une r\u00e9union largement d\u00e9di\u00e9e \u00e0 la politique de transformation num\u00e9rique. Si les expos\u00e9s ont trait\u00e9 la question de la num\u00e9risation de l\u2019administration et des services publics, un int\u00e9r\u00eat particulier a \u00e9t\u00e9 accord\u00e9 \u00e0 la s\u00e9curit\u00e9 num\u00e9rique et au renforcement de la connectivit\u00e9 et des capacit\u00e9s de l\u2019Alg\u00e9rie en mati\u00e8re de bande passante.&nbsp;&nbsp;<\/p>\n\n\n\n<p>Ainsi, le&nbsp;ministre de la Num\u00e9risation et des Statistiques a pr\u00e9sent\u00e9 la strat\u00e9gie nationale de la transformation num\u00e9rique&nbsp;\u00ab&nbsp;qui vient en droite ligne de l\u2019engagement n\u00b025 de Monsieur le Pr\u00e9sident de la R\u00e9publique et qui vise \u00e0 am\u00e9liorer la connectivit\u00e9, g\u00e9n\u00e9raliser l\u2019usage des technologies de l\u2019information et la communication (TIC), notamment dans les administrations de service public et am\u00e9liorer la gouvernance du secteur \u00e9conomique&nbsp;\u00bb, souligne un communiqu\u00e9 des services du Premier ministre.<\/p>\n\n\n\n<p>La m\u00eame source souligne que \u00ab&nbsp;les administrations ont d\u00e9velopp\u00e9 dans le domaine des e-services 454 services publics en ligne d\u00e9j\u00e0 fonctionnels ainsi que 178 services publics en cours de num\u00e9risation&nbsp;\u00bb.&nbsp;Les \u00e9l\u00e9ments de cette strat\u00e9gievisent \u00e0 am\u00e9liorer la gouvernance publique par la num\u00e9risation du service public et de renforcer l\u2019\u00e9cosyst\u00e8me pour promouvoir l\u2019\u00e9conomie et la citoyennet\u00e9 num\u00e9rique tout en s\u2019inscrivant dans une d\u00e9marche transversale, collective et mutualis\u00e9e, explique-t-on. Et d\u2019ajouter que ces \u00e9l\u00e9ments portent sur&nbsp;plusieurs axes, notamment, l\u2019imp\u00e9ratif d\u2019asseoir un environnement favorable \u00e0 la transformation Num\u00e9rique ;&nbsp;le d\u00e9veloppement de l\u2019e-Gouvernance et l\u2019acc\u00e9l\u00e9ration de la num\u00e9risation de l\u2019administration ;&nbsp;la&nbsp;mise en place d\u2019un \u00e9cosyst\u00e8me favorable au d\u00e9veloppement de l\u2019\u00e9conomie num\u00e9rique ;&nbsp;et la&nbsp;promotion de la citoyennet\u00e9 num\u00e9rique.<\/p>\n\n\n\n<p>Et dans la mesure o\u00f9 cette transformation num\u00e9rique n\u00e9cessite une base d\u2019infrastructures op\u00e9rationnelles, efficaces et s\u00e9curis\u00e9es, le ministre de la Poste et des T\u00e9l\u00e9communications a&nbsp;pr\u00e9sent\u00e9 un expos\u00e9 portant sur plusieurs th\u00e8mes notamment la cr\u00e9ation d\u2019un Data center gouvernemental, le renforcement de la connectivit\u00e9, la certification \u00e9lectronique et&nbsp;la s\u00e9curit\u00e9 num\u00e9rique. Il a ainsi&nbsp;pr\u00e9sent\u00e9 un point de situation sur le projet de r\u00e9alisation d\u2019un Data Center Gouvernemental. Sa mise en place a pour objectif de r\u00e9pondre aux besoins actuels et futurs des institutions et administrations publiques en mati\u00e8re d\u2019organisation, de traitement, de stockage et d\u2019entreposage de grands volumes de donn\u00e9es, tout en garantissant la continuit\u00e9 des services et la s\u00e9curit\u00e9 des donn\u00e9es.&nbsp;Il a dans ce sens,&nbsp;dress\u00e9 un constat sur les enjeux et les risques de la transformation num\u00e9rique qui concernent les aspects de s\u00e9curisation des donn\u00e9es des individus, des entreprises et des institutions et ceux li\u00e9s au bon fonctionnement des syst\u00e8mes informatis\u00e9s dont les entreprises et les administrations modernes sont de plus en plus d\u00e9pendantes. A cet \u00e9gard, l\u2019approche adopt\u00e9e par le Gouvernement en la mati\u00e8re est fond\u00e9e sur&nbsp;&nbsp;la protection des citoyens et des infrastructures gouvernementales ; la r\u00e9ponse aux menaces \u00e9ventuelles qui p\u00e8sent sur l&rsquo;\u00e9cosyst\u00e8me national ;&nbsp;le d\u00e9veloppement de l&rsquo;expertise, des syst\u00e8mes et des cadres de gouvernance ;&nbsp;et&nbsp;la coordination et la collaboration par la mise en place de m\u00e9canismes intersectoriels.<\/p>\n\n\n\n<p>Le ministre a \u00e9galement&nbsp;pr\u00e9sent\u00e9 un point de situation sur le Sch\u00e9ma National de Certification Electronique, notamment sur les trois autorit\u00e9s sur lesquelles il repose, \u00e0 savoir l\u2019Autorit\u00e9 Nationale de Certification Electronique (ANCE), l\u2019Autorit\u00e9 Gouvernementale de Certification Electronique (AGCE) et l\u2019Autorit\u00e9 Economique de Certification Electronique (AECE). Ces autorit\u00e9s de certification \u00e9lectronique ont obtenu le sceau WebTrust consacrant leur reconnaissance internationale par les autorit\u00e9s paires.<\/p>\n\n\n\n<p>Il a \u00e9galement&nbsp;pr\u00e9sent\u00e9 une communication qui retrace les objectifs de cette action qui vise la s\u00e9curisation du r\u00e9seau international en diversifiant les points de liaison en Alg\u00e9rie et \u00e0 l\u2019international et d\u2019augmenter la capacit\u00e9 de la bande passante internationale en pr\u00e9vision de l\u2019\u00e9volution cons\u00e9quente du trafic de donn\u00e9es num\u00e9riques.&nbsp;Aussi, il a pr\u00e9sent\u00e9 les principales op\u00e9rations r\u00e9alis\u00e9es en vue d\u2019atteindre ces objectifs, qui concernent notamment l\u2019extension des capacit\u00e9s des syst\u00e8mes de liaison par c\u00e2bles sous-marins existants et l\u2019adh\u00e9sion \u00e0 deux projets de nouveaux syst\u00e8mes de liaison internationaux par c\u00e2bles sous-marins.&nbsp;S\u2019agissant de la bande passante internationale, le Ministre a pr\u00e9cis\u00e9 que l&rsquo;Alg\u00e9rie est connect\u00e9e au r\u00e9seau mondial de l&rsquo;internet \u00e0 travers cinq c\u00e2bles internationaux et que les capacit\u00e9s nationales disponibles depuis 2021, sont de 2.8 Terabytes par seconde.&nbsp;Enfin, pour sa part, le&nbsp;ministre D\u00e9l\u00e9gu\u00e9 aupr\u00e8s du Premier Ministre charg\u00e9 de l\u2019\u00e9conomie de la connaissance et des start-up a indiqu\u00e9 que l\u2019Alg\u00e9rie s\u2019inscrit depuis plusieurs ann\u00e9es dans un processus de transformation digitale, ax\u00e9 essentiellement sur le d\u00e9veloppement d\u2019une infrastructure num\u00e9rique, l\u2019\u00e9mergence d\u2019une v\u00e9ritable \u00e9conomie digitale et l\u2019acc\u00e8s en ligne aux services publics.<\/p>\n\n\n\n<p><strong>Chokri Hafed<\/strong><\/p>\n","protected":false},"excerpt":{"rendered":"<p>La strat\u00e9gie nationale de transformation num\u00e9rique a \u00e9t\u00e9 examin\u00e9e hier en r\u00e9union du Gouvernement. Une strat\u00e9gie devant permettre la concr\u00e9tisation<\/p>\n","protected":false},"author":3,"featured_media":23474,"comment_status":"open","ping_status":"closed","sticky":false,"template":"","format":"standard","meta":{"colormag_page_container_layout":"default_layout","colormag_page_sidebar_layout":"default_layout","om_disable_all_campaigns":false,"_monsterinsights_skip_tracking":false,"_monsterinsights_sitenote_active":false,"_monsterinsights_sitenote_note":"","_monsterinsights_sitenote_category":0,"footnotes":"","_wpscppro_dont_share_socialmedia":false,"_wpscppro_custom_social_share_image":0,"_facebook_share_type":"","_twitter_share_type":"","_linkedin_share_type":"","_pinterest_share_type":"","_linkedin_share_type_page":"","_instagram_share_type":"","_medium_share_type":"","_threads_share_type":"","_google_business_share_type":"","_selected_social_profile":[],"_wpsp_enable_custom_social_template":false,"_wpsp_social_scheduling":{"enabled":false,"datetime":null,"platforms":[],"status":"template_only","dateOption":"today","timeOption":"now","customDays":"","customHours":"","customDate":"","customTime":"","schedulingType":"absolute"},"_wpsp_active_default_template":true},"categories":[52,27],"tags":[],"class_list":["post-23443","post","type-post","status-publish","format-standard","has-post-thumbnail","hentry","category-a-la-une","category-actualite"],"aioseo_notices":[],"yoast_head":"<!-- This site is optimized with the Yoast SEO plugin v27.5 - https:\/\/yoast.com\/product\/yoast-seo-wordpress\/ -->\n<title>R\u00e9union du Gouvernement\u00a0: Garantir la s\u00e9curit\u00e9 num\u00e9rique - La Sentinelle<\/title>\n<meta name=\"robots\" content=\"index, follow, max-snippet:-1, max-image-preview:large, max-video-preview:-1\" \/>\n<link rel=\"canonical\" href=\"https:\/\/lasentinelle.dz\/index.php\/2022\/06\/30\/reunion-du-gouvernement-garantir-la-securite-numerique\/\" \/>\n<meta property=\"og:locale\" content=\"fr_FR\" \/>\n<meta property=\"og:type\" content=\"article\" \/>\n<meta property=\"og:title\" content=\"R\u00e9union du Gouvernement\u00a0: Garantir la s\u00e9curit\u00e9 num\u00e9rique - La Sentinelle\" \/>\n<meta property=\"og:description\" content=\"La strat\u00e9gie nationale de transformation num\u00e9rique a \u00e9t\u00e9 examin\u00e9e hier en r\u00e9union du Gouvernement. Une strat\u00e9gie devant permettre la concr\u00e9tisation\" \/>\n<meta property=\"og:url\" content=\"https:\/\/lasentinelle.dz\/index.php\/2022\/06\/30\/reunion-du-gouvernement-garantir-la-securite-numerique\/\" \/>\n<meta property=\"og:site_name\" content=\"La Sentinelle\" \/>\n<meta property=\"article:publisher\" content=\"https:\/\/www.facebook.com\/La-Sentinelle-104059864394773\" \/>\n<meta property=\"article:published_time\" content=\"2022-06-29T23:05:00+00:00\" \/>\n<meta property=\"og:image\" content=\"https:\/\/lasentinelle.dz\/wp-content\/uploads\/2022\/06\/numerique.png\" \/>\n\t<meta property=\"og:image:width\" content=\"1269\" \/>\n\t<meta property=\"og:image:height\" content=\"900\" \/>\n\t<meta property=\"og:image:type\" content=\"image\/png\" \/>\n<meta name=\"author\" content=\"La Sentinelle\" \/>\n<meta name=\"twitter:card\" content=\"summary_large_image\" \/>\n<meta name=\"twitter:label1\" content=\"\u00c9crit par\" \/>\n\t<meta name=\"twitter:data1\" content=\"La Sentinelle\" \/>\n\t<meta name=\"twitter:label2\" content=\"Dur\u00e9e de lecture estim\u00e9e\" \/>\n\t<meta name=\"twitter:data2\" content=\"5 minutes\" \/>\n<script type=\"application\/ld+json\" class=\"yoast-schema-graph\">{\"@context\":\"https:\\\/\\\/schema.org\",\"@graph\":[{\"@type\":\"Article\",\"@id\":\"https:\\\/\\\/lasentinelle.dz\\\/index.php\\\/2022\\\/06\\\/30\\\/reunion-du-gouvernement-garantir-la-securite-numerique\\\/#article\",\"isPartOf\":{\"@id\":\"https:\\\/\\\/lasentinelle.dz\\\/index.php\\\/2022\\\/06\\\/30\\\/reunion-du-gouvernement-garantir-la-securite-numerique\\\/\"},\"author\":{\"name\":\"La Sentinelle\",\"@id\":\"https:\\\/\\\/lasentinelle.dz\\\/#\\\/schema\\\/person\\\/d865044e22e70a75174ce8bcad3acfb3\"},\"headline\":\"R\u00e9union du Gouvernement\u00a0: Garantir la s\u00e9curit\u00e9 num\u00e9rique\",\"datePublished\":\"2022-06-29T23:05:00+00:00\",\"mainEntityOfPage\":{\"@id\":\"https:\\\/\\\/lasentinelle.dz\\\/index.php\\\/2022\\\/06\\\/30\\\/reunion-du-gouvernement-garantir-la-securite-numerique\\\/\"},\"wordCount\":1003,\"commentCount\":0,\"publisher\":{\"@id\":\"https:\\\/\\\/lasentinelle.dz\\\/#organization\"},\"image\":{\"@id\":\"https:\\\/\\\/lasentinelle.dz\\\/index.php\\\/2022\\\/06\\\/30\\\/reunion-du-gouvernement-garantir-la-securite-numerique\\\/#primaryimage\"},\"thumbnailUrl\":\"https:\\\/\\\/lasentinelle.dz\\\/wp-content\\\/uploads\\\/2022\\\/06\\\/numerique.png\",\"articleSection\":[\"\u00c0 la Une\",\"Actualit\u00e9\"],\"inLanguage\":\"fr-FR\",\"potentialAction\":[{\"@type\":\"CommentAction\",\"name\":\"Comment\",\"target\":[\"https:\\\/\\\/lasentinelle.dz\\\/index.php\\\/2022\\\/06\\\/30\\\/reunion-du-gouvernement-garantir-la-securite-numerique\\\/#respond\"]}]},{\"@type\":\"WebPage\",\"@id\":\"https:\\\/\\\/lasentinelle.dz\\\/index.php\\\/2022\\\/06\\\/30\\\/reunion-du-gouvernement-garantir-la-securite-numerique\\\/\",\"url\":\"https:\\\/\\\/lasentinelle.dz\\\/index.php\\\/2022\\\/06\\\/30\\\/reunion-du-gouvernement-garantir-la-securite-numerique\\\/\",\"name\":\"R\u00e9union du Gouvernement\u00a0: Garantir la s\u00e9curit\u00e9 num\u00e9rique - La Sentinelle\",\"isPartOf\":{\"@id\":\"https:\\\/\\\/lasentinelle.dz\\\/#website\"},\"primaryImageOfPage\":{\"@id\":\"https:\\\/\\\/lasentinelle.dz\\\/index.php\\\/2022\\\/06\\\/30\\\/reunion-du-gouvernement-garantir-la-securite-numerique\\\/#primaryimage\"},\"image\":{\"@id\":\"https:\\\/\\\/lasentinelle.dz\\\/index.php\\\/2022\\\/06\\\/30\\\/reunion-du-gouvernement-garantir-la-securite-numerique\\\/#primaryimage\"},\"thumbnailUrl\":\"https:\\\/\\\/lasentinelle.dz\\\/wp-content\\\/uploads\\\/2022\\\/06\\\/numerique.png\",\"datePublished\":\"2022-06-29T23:05:00+00:00\",\"breadcrumb\":{\"@id\":\"https:\\\/\\\/lasentinelle.dz\\\/index.php\\\/2022\\\/06\\\/30\\\/reunion-du-gouvernement-garantir-la-securite-numerique\\\/#breadcrumb\"},\"inLanguage\":\"fr-FR\",\"potentialAction\":[{\"@type\":\"ReadAction\",\"target\":[\"https:\\\/\\\/lasentinelle.dz\\\/index.php\\\/2022\\\/06\\\/30\\\/reunion-du-gouvernement-garantir-la-securite-numerique\\\/\"]}]},{\"@type\":\"ImageObject\",\"inLanguage\":\"fr-FR\",\"@id\":\"https:\\\/\\\/lasentinelle.dz\\\/index.php\\\/2022\\\/06\\\/30\\\/reunion-du-gouvernement-garantir-la-securite-numerique\\\/#primaryimage\",\"url\":\"https:\\\/\\\/lasentinelle.dz\\\/wp-content\\\/uploads\\\/2022\\\/06\\\/numerique.png\",\"contentUrl\":\"https:\\\/\\\/lasentinelle.dz\\\/wp-content\\\/uploads\\\/2022\\\/06\\\/numerique.png\",\"width\":1269,\"height\":900},{\"@type\":\"BreadcrumbList\",\"@id\":\"https:\\\/\\\/lasentinelle.dz\\\/index.php\\\/2022\\\/06\\\/30\\\/reunion-du-gouvernement-garantir-la-securite-numerique\\\/#breadcrumb\",\"itemListElement\":[{\"@type\":\"ListItem\",\"position\":1,\"name\":\"Accueil\",\"item\":\"https:\\\/\\\/lasentinelle.dz\\\/\"},{\"@type\":\"ListItem\",\"position\":2,\"name\":\"R\u00e9union du Gouvernement\u00a0: Garantir la s\u00e9curit\u00e9 num\u00e9rique\"}]},{\"@type\":\"WebSite\",\"@id\":\"https:\\\/\\\/lasentinelle.dz\\\/#website\",\"url\":\"https:\\\/\\\/lasentinelle.dz\\\/\",\"name\":\"La Sentinelle\",\"description\":\"Quotidien national d&#039;information\",\"publisher\":{\"@id\":\"https:\\\/\\\/lasentinelle.dz\\\/#organization\"},\"potentialAction\":[{\"@type\":\"SearchAction\",\"target\":{\"@type\":\"EntryPoint\",\"urlTemplate\":\"https:\\\/\\\/lasentinelle.dz\\\/?s={search_term_string}\"},\"query-input\":{\"@type\":\"PropertyValueSpecification\",\"valueRequired\":true,\"valueName\":\"search_term_string\"}}],\"inLanguage\":\"fr-FR\"},{\"@type\":\"Organization\",\"@id\":\"https:\\\/\\\/lasentinelle.dz\\\/#organization\",\"name\":\"Quotidien La Sentinelle\",\"url\":\"https:\\\/\\\/lasentinelle.dz\\\/\",\"logo\":{\"@type\":\"ImageObject\",\"inLanguage\":\"fr-FR\",\"@id\":\"https:\\\/\\\/lasentinelle.dz\\\/#\\\/schema\\\/logo\\\/image\\\/\",\"url\":\"https:\\\/\\\/lasentinelle.dz\\\/wp-content\\\/uploads\\\/2021\\\/09\\\/logo-sentinelleSLOGAN-1.png\",\"contentUrl\":\"https:\\\/\\\/lasentinelle.dz\\\/wp-content\\\/uploads\\\/2021\\\/09\\\/logo-sentinelleSLOGAN-1.png\",\"width\":615,\"height\":142,\"caption\":\"Quotidien La Sentinelle\"},\"image\":{\"@id\":\"https:\\\/\\\/lasentinelle.dz\\\/#\\\/schema\\\/logo\\\/image\\\/\"},\"sameAs\":[\"https:\\\/\\\/www.facebook.com\\\/La-Sentinelle-104059864394773\"]},{\"@type\":\"Person\",\"@id\":\"https:\\\/\\\/lasentinelle.dz\\\/#\\\/schema\\\/person\\\/d865044e22e70a75174ce8bcad3acfb3\",\"name\":\"La Sentinelle\",\"image\":{\"@type\":\"ImageObject\",\"inLanguage\":\"fr-FR\",\"@id\":\"https:\\\/\\\/secure.gravatar.com\\\/avatar\\\/57de8e5d4b15d43fb361a71fbb36338450fe67865b528a43dd10ef7c51a20392?s=96&d=mm&r=g\",\"url\":\"https:\\\/\\\/secure.gravatar.com\\\/avatar\\\/57de8e5d4b15d43fb361a71fbb36338450fe67865b528a43dd10ef7c51a20392?s=96&d=mm&r=g\",\"contentUrl\":\"https:\\\/\\\/secure.gravatar.com\\\/avatar\\\/57de8e5d4b15d43fb361a71fbb36338450fe67865b528a43dd10ef7c51a20392?s=96&d=mm&r=g\",\"caption\":\"La Sentinelle\"},\"sameAs\":[\"http:\\\/\\\/www.lasentinelle.dz\"],\"url\":\"https:\\\/\\\/lasentinelle.dz\\\/author\\\/redaction\\\/\"}]}<\/script>\n<!-- \/ Yoast SEO plugin. -->","yoast_head_json":{"title":"R\u00e9union du Gouvernement\u00a0: Garantir la s\u00e9curit\u00e9 num\u00e9rique - La Sentinelle","robots":{"index":"index","follow":"follow","max-snippet":"max-snippet:-1","max-image-preview":"max-image-preview:large","max-video-preview":"max-video-preview:-1"},"canonical":"https:\/\/lasentinelle.dz\/index.php\/2022\/06\/30\/reunion-du-gouvernement-garantir-la-securite-numerique\/","og_locale":"fr_FR","og_type":"article","og_title":"R\u00e9union du Gouvernement\u00a0: Garantir la s\u00e9curit\u00e9 num\u00e9rique - La Sentinelle","og_description":"La strat\u00e9gie nationale de transformation num\u00e9rique a \u00e9t\u00e9 examin\u00e9e hier en r\u00e9union du Gouvernement. Une strat\u00e9gie devant permettre la concr\u00e9tisation","og_url":"https:\/\/lasentinelle.dz\/index.php\/2022\/06\/30\/reunion-du-gouvernement-garantir-la-securite-numerique\/","og_site_name":"La Sentinelle","article_publisher":"https:\/\/www.facebook.com\/La-Sentinelle-104059864394773","article_published_time":"2022-06-29T23:05:00+00:00","og_image":[{"width":1269,"height":900,"url":"https:\/\/lasentinelle.dz\/wp-content\/uploads\/2022\/06\/numerique.png","type":"image\/png"}],"author":"La Sentinelle","twitter_card":"summary_large_image","twitter_misc":{"\u00c9crit par":"La Sentinelle","Dur\u00e9e de lecture estim\u00e9e":"5 minutes"},"schema":{"@context":"https:\/\/schema.org","@graph":[{"@type":"Article","@id":"https:\/\/lasentinelle.dz\/index.php\/2022\/06\/30\/reunion-du-gouvernement-garantir-la-securite-numerique\/#article","isPartOf":{"@id":"https:\/\/lasentinelle.dz\/index.php\/2022\/06\/30\/reunion-du-gouvernement-garantir-la-securite-numerique\/"},"author":{"name":"La Sentinelle","@id":"https:\/\/lasentinelle.dz\/#\/schema\/person\/d865044e22e70a75174ce8bcad3acfb3"},"headline":"R\u00e9union du Gouvernement\u00a0: Garantir la s\u00e9curit\u00e9 num\u00e9rique","datePublished":"2022-06-29T23:05:00+00:00","mainEntityOfPage":{"@id":"https:\/\/lasentinelle.dz\/index.php\/2022\/06\/30\/reunion-du-gouvernement-garantir-la-securite-numerique\/"},"wordCount":1003,"commentCount":0,"publisher":{"@id":"https:\/\/lasentinelle.dz\/#organization"},"image":{"@id":"https:\/\/lasentinelle.dz\/index.php\/2022\/06\/30\/reunion-du-gouvernement-garantir-la-securite-numerique\/#primaryimage"},"thumbnailUrl":"https:\/\/lasentinelle.dz\/wp-content\/uploads\/2022\/06\/numerique.png","articleSection":["\u00c0 la Une","Actualit\u00e9"],"inLanguage":"fr-FR","potentialAction":[{"@type":"CommentAction","name":"Comment","target":["https:\/\/lasentinelle.dz\/index.php\/2022\/06\/30\/reunion-du-gouvernement-garantir-la-securite-numerique\/#respond"]}]},{"@type":"WebPage","@id":"https:\/\/lasentinelle.dz\/index.php\/2022\/06\/30\/reunion-du-gouvernement-garantir-la-securite-numerique\/","url":"https:\/\/lasentinelle.dz\/index.php\/2022\/06\/30\/reunion-du-gouvernement-garantir-la-securite-numerique\/","name":"R\u00e9union du Gouvernement\u00a0: Garantir la s\u00e9curit\u00e9 num\u00e9rique - La Sentinelle","isPartOf":{"@id":"https:\/\/lasentinelle.dz\/#website"},"primaryImageOfPage":{"@id":"https:\/\/lasentinelle.dz\/index.php\/2022\/06\/30\/reunion-du-gouvernement-garantir-la-securite-numerique\/#primaryimage"},"image":{"@id":"https:\/\/lasentinelle.dz\/index.php\/2022\/06\/30\/reunion-du-gouvernement-garantir-la-securite-numerique\/#primaryimage"},"thumbnailUrl":"https:\/\/lasentinelle.dz\/wp-content\/uploads\/2022\/06\/numerique.png","datePublished":"2022-06-29T23:05:00+00:00","breadcrumb":{"@id":"https:\/\/lasentinelle.dz\/index.php\/2022\/06\/30\/reunion-du-gouvernement-garantir-la-securite-numerique\/#breadcrumb"},"inLanguage":"fr-FR","potentialAction":[{"@type":"ReadAction","target":["https:\/\/lasentinelle.dz\/index.php\/2022\/06\/30\/reunion-du-gouvernement-garantir-la-securite-numerique\/"]}]},{"@type":"ImageObject","inLanguage":"fr-FR","@id":"https:\/\/lasentinelle.dz\/index.php\/2022\/06\/30\/reunion-du-gouvernement-garantir-la-securite-numerique\/#primaryimage","url":"https:\/\/lasentinelle.dz\/wp-content\/uploads\/2022\/06\/numerique.png","contentUrl":"https:\/\/lasentinelle.dz\/wp-content\/uploads\/2022\/06\/numerique.png","width":1269,"height":900},{"@type":"BreadcrumbList","@id":"https:\/\/lasentinelle.dz\/index.php\/2022\/06\/30\/reunion-du-gouvernement-garantir-la-securite-numerique\/#breadcrumb","itemListElement":[{"@type":"ListItem","position":1,"name":"Accueil","item":"https:\/\/lasentinelle.dz\/"},{"@type":"ListItem","position":2,"name":"R\u00e9union du Gouvernement\u00a0: Garantir la s\u00e9curit\u00e9 num\u00e9rique"}]},{"@type":"WebSite","@id":"https:\/\/lasentinelle.dz\/#website","url":"https:\/\/lasentinelle.dz\/","name":"La Sentinelle","description":"Quotidien national d&#039;information","publisher":{"@id":"https:\/\/lasentinelle.dz\/#organization"},"potentialAction":[{"@type":"SearchAction","target":{"@type":"EntryPoint","urlTemplate":"https:\/\/lasentinelle.dz\/?s={search_term_string}"},"query-input":{"@type":"PropertyValueSpecification","valueRequired":true,"valueName":"search_term_string"}}],"inLanguage":"fr-FR"},{"@type":"Organization","@id":"https:\/\/lasentinelle.dz\/#organization","name":"Quotidien La Sentinelle","url":"https:\/\/lasentinelle.dz\/","logo":{"@type":"ImageObject","inLanguage":"fr-FR","@id":"https:\/\/lasentinelle.dz\/#\/schema\/logo\/image\/","url":"https:\/\/lasentinelle.dz\/wp-content\/uploads\/2021\/09\/logo-sentinelleSLOGAN-1.png","contentUrl":"https:\/\/lasentinelle.dz\/wp-content\/uploads\/2021\/09\/logo-sentinelleSLOGAN-1.png","width":615,"height":142,"caption":"Quotidien La Sentinelle"},"image":{"@id":"https:\/\/lasentinelle.dz\/#\/schema\/logo\/image\/"},"sameAs":["https:\/\/www.facebook.com\/La-Sentinelle-104059864394773"]},{"@type":"Person","@id":"https:\/\/lasentinelle.dz\/#\/schema\/person\/d865044e22e70a75174ce8bcad3acfb3","name":"La Sentinelle","image":{"@type":"ImageObject","inLanguage":"fr-FR","@id":"https:\/\/secure.gravatar.com\/avatar\/57de8e5d4b15d43fb361a71fbb36338450fe67865b528a43dd10ef7c51a20392?s=96&d=mm&r=g","url":"https:\/\/secure.gravatar.com\/avatar\/57de8e5d4b15d43fb361a71fbb36338450fe67865b528a43dd10ef7c51a20392?s=96&d=mm&r=g","contentUrl":"https:\/\/secure.gravatar.com\/avatar\/57de8e5d4b15d43fb361a71fbb36338450fe67865b528a43dd10ef7c51a20392?s=96&d=mm&r=g","caption":"La Sentinelle"},"sameAs":["http:\/\/www.lasentinelle.dz"],"url":"https:\/\/lasentinelle.dz\/author\/redaction\/"}]}},"_links":{"self":[{"href":"https:\/\/lasentinelle.dz\/index.php\/wp-json\/wp\/v2\/posts\/23443","targetHints":{"allow":["GET"]}}],"collection":[{"href":"https:\/\/lasentinelle.dz\/index.php\/wp-json\/wp\/v2\/posts"}],"about":[{"href":"https:\/\/lasentinelle.dz\/index.php\/wp-json\/wp\/v2\/types\/post"}],"author":[{"embeddable":true,"href":"https:\/\/lasentinelle.dz\/index.php\/wp-json\/wp\/v2\/users\/3"}],"replies":[{"embeddable":true,"href":"https:\/\/lasentinelle.dz\/index.php\/wp-json\/wp\/v2\/comments?post=23443"}],"version-history":[{"count":1,"href":"https:\/\/lasentinelle.dz\/index.php\/wp-json\/wp\/v2\/posts\/23443\/revisions"}],"predecessor-version":[{"id":23475,"href":"https:\/\/lasentinelle.dz\/index.php\/wp-json\/wp\/v2\/posts\/23443\/revisions\/23475"}],"wp:featuredmedia":[{"embeddable":true,"href":"https:\/\/lasentinelle.dz\/index.php\/wp-json\/wp\/v2\/media\/23474"}],"wp:attachment":[{"href":"https:\/\/lasentinelle.dz\/index.php\/wp-json\/wp\/v2\/media?parent=23443"}],"wp:term":[{"taxonomy":"category","embeddable":true,"href":"https:\/\/lasentinelle.dz\/index.php\/wp-json\/wp\/v2\/categories?post=23443"},{"taxonomy":"post_tag","embeddable":true,"href":"https:\/\/lasentinelle.dz\/index.php\/wp-json\/wp\/v2\/tags?post=23443"}],"curies":[{"name":"wp","href":"https:\/\/api.w.org\/{rel}","templated":true}]}}