{"id":23488,"date":"2022-07-03T00:01:00","date_gmt":"2022-07-02T23:01:00","guid":{"rendered":"https:\/\/lasentinelle.dz\/?p=23488"},"modified":"2022-07-02T17:25:27","modified_gmt":"2022-07-02T16:25:27","slug":"appel-a-la-levee-de-lembargo-sioniste-sur-ghaza-le-hamas-salue-un-rapport-de-lonu","status":"publish","type":"post","link":"https:\/\/lasentinelle.dz\/index.php\/2022\/07\/03\/appel-a-la-levee-de-lembargo-sioniste-sur-ghaza-le-hamas-salue-un-rapport-de-lonu\/","title":{"rendered":"Appel \u00e0 la lev\u00e9e de l&#8217;embargo sioniste sur Ghaza\u00a0: Le Hamas salue un rapport de l&rsquo;ONU"},"content":{"rendered":"\n<p>Le Mouvement de r\u00e9sistance palestinien (Hamas) a salu\u00e9 vendredi un rapport de l&rsquo;ONU appelant \u00e0 la cessation imm\u00e9diate du blocus impos\u00e9 par l&rsquo;entit\u00e9 sioniste autour de la bande de Ghaza depuis 2007.<\/p>\n\n\n\n<p>Le Bureau des Nations Unies pour la coordination des affaires humanitaires (OCHA) a en effet indiqu\u00e9 jeudi que la situation dans la bande de Ghaza est \u00ab\u00a0catastrophique\u00a0\u00bb en raison de l&#8217;embargo impos\u00e9 par l&rsquo;occupant sioniste depuis 15 ans.&nbsp;\u00ab\u00a0Le si\u00e8ge a rendu les taux de pauvret\u00e9 et de ch\u00f4mage les plus \u00e9lev\u00e9s du monde, d\u00e9truit l&rsquo;\u00e9conomie, accabl\u00e9 une grande partie des Palestiniens et les a rendus d\u00e9pendants de l&rsquo;aide internationale \u00e0 plus de 50%\u00a0\u00bb, selon le rapport.Il \u00ab\u00a0devait \u00eatre compl\u00e8tement lev\u00e9 conform\u00e9ment \u00e0 la r\u00e9solution 1860 du Conseil de s\u00e9curit\u00e9 de l&rsquo;ONU\u00a0\u00bb, a demand\u00e9 l&rsquo;OCHA.&nbsp;Le rapport appelle \u00e0 la lev\u00e9e imm\u00e9diate du si\u00e8ge de l&rsquo;occupation sioniste, en levant toutes les restrictions compromettant l&rsquo;\u00e9conomie palestinienne et en rouvrant et construisant les usines d\u00e9truites lors des agressions.<\/p>\n\n\n\n<p>Notons sur un autre registre que l&rsquo;agence palestinienne de presse et d&rsquo;information, \u00ab WAFA \u00bb, a confirm\u00e9, vendredi, que les violations isra\u00e9liennes contre les journalistes palestiniens sont en constante augmentation, puisque 147 violations contre les journalistes ont \u00e9t\u00e9 enregistr\u00e9es au cours du premier semestre de cette ann\u00e9e, dont le journaliste Ghufran Warasneh et la martyre Shireen Abu Akleh, correspondante d&rsquo;Al-Jazeera.<\/p>\n\n\n\n<p>Dans son rapport mensuel sur les violations isra\u00e9liennes contre les journalistes, \u00ab WAFA \u00bb a d\u00e9clar\u00e9 que le premier semestre de cette ann\u00e9e a \u00e9t\u00e9 t\u00e9moin d&rsquo;une escalade isra\u00e9lienne contre les journalistes palestiniens et la libert\u00e9 d&rsquo;expression.&nbsp;L&rsquo;agence de WAFA a indiqu\u00e9 que les violations isra\u00e9liennes contre les journalistes s&rsquo;\u00e9levaient \u00e0 147 violations entre le 1 janvier 2022 et le 30 juin2022.&nbsp;WAFA a pr\u00e9cis\u00e9 que cette dangereuse escalade contre les journalistes n\u00e9cessite une position s\u00e9rieuse des institutions des droits de l&rsquo;homme et des syndicats et F\u00e9d\u00e9rations de presse, arabes et internationaux,&nbsp;&nbsp;pour mettre fin \u00e0 ces crimes, en organisant des campagnes internationales pour soutenir les journalistes palestiniens face \u00e0 ces crimes et aux violations quotidiennes \u00e0 leur encontre.<\/p>\n\n\n\n<p>Elle a ajout\u00e9 que les forces d&rsquo;occupation continuent le ciblage et l&rsquo;arrestation des journalistes, pour dissimuler leurs crimes \u00e0 l&rsquo;opinion publique mondiale.&nbsp;Le rapport sur les violations isra\u00e9liennes contre les journalistes, mentionne l&rsquo;utilisation de tirs de balles r\u00e9elles et de balles recouvertes de caoutchouc, de bombes lacrymog\u00e8nes, en plus des agressions physiques et les arrestations.&nbsp;WAFA a indiqu\u00e9 que 133 journalistes avaient \u00e9t\u00e9 arr\u00eat\u00e9s ou vis\u00e9s par des tirs isra\u00e9liens et ils ont vu leur carte de presse r\u00e9voqu\u00e9e par&nbsp;les militaires de l\u2019occupation.&nbsp;Le 11 mai 2022, les forces d&rsquo;occupation ont tu\u00e9 de sang-froid la journaliste d&rsquo;Al-Jazeera&nbsp;&nbsp;Shireen Abu Akleh, apr\u00e8s lui avoir tir\u00e9 directement dessus, la blessant d&rsquo;une balle explosive dans la t\u00eate, alors qu&rsquo;elle couvrait la prise d&rsquo;assaut du camp de J\u00e9nine dans le nord de la Cisjordanie occup\u00e9e.&nbsp;Le 6 juin 2022, les forces d&rsquo;occupation ont r\u00e9prim\u00e9 des journalistes et entrav\u00e9 leur travail au point de contr\u00f4le de Tayseer, et les ont emp\u00each\u00e9s de couvrir une manifestation palestinienne et d&rsquo;atteindre le nord de la vall\u00e9e du Jourdain.<\/p>\n\n\n\n<p>Le 10 juin 2022, un groupe de colons, prot\u00e9g\u00e9s par les soldats d&rsquo;occupation, a attaqu\u00e9 des journalistes alors qu&rsquo;ils couvraient la manifestation des Palestiniens contre l&rsquo;accaparement de terres par&nbsp;l\u2019entit\u00e9 sioniste&nbsp;et la construction d&rsquo;une nouvelle route coloniale \u00e0 Masafer Yatta, au sud de H\u00e9bron, reliant les colonies les unes aux autres.&nbsp;Le 11 juin 2022, les forces isra\u00e9liennes ont pris pour cible le photographe de l&rsquo;Agence europ\u00e9enne, Abdel Hafeez Al-Hashlamoun avec une bombe assourdissante dans la t\u00eate, et ont agress\u00e9 le photographe ind\u00e9pendant Ma\u2019amoun et Wazwaz, ainsi que l&rsquo;\u00e9quipe de l&rsquo;agence de presse Reuters, qui comprenait le journaliste Yousry Al-Jamal, le photographe Mousa Al-Qawasmi et le photographe du journal \u00ab Al-Hadath \u00bb, Musaab Shawar, le journaliste de la t\u00e9l\u00e9vision palestinienne Azmi Banat et le photographe ind\u00e9pendant Sari Jaradat ont \u00e9t\u00e9 battus, frapp\u00e9s \u00e0 coups de pied, bouscul\u00e9s et insult\u00e9s alors qu&rsquo;ils couvraient les affrontements qui ont \u00e9clat\u00e9 entre eux et les habitants de la ville de Turqumia, \u00e0 l&rsquo;ouest d&rsquo;H\u00e9bron.<\/p>\n\n\n\n<p>Le 17 juin 2022, les soldats d&rsquo;occupation ont arr\u00eat\u00e9 la journaliste Najwa Adnan de Naplouse, au poste de contr\u00f4le d&rsquo;Al-Zayyim pr\u00e8s&nbsp;d\u2019El Qods&nbsp;occup\u00e9e, alors qu&rsquo;elle tentait d&rsquo;aller accomplir la pri\u00e8re du vendredi \u00e0 la mosqu\u00e9e Al-Aqsa.&nbsp;Des exemples des multiples crimes contre les journalistes et la libert\u00e9 de la presse.<\/p>\n\n\n\n<p>R.I.&nbsp;<\/p>\n","protected":false},"excerpt":{"rendered":"<p>Le Mouvement de r\u00e9sistance palestinien (Hamas) a salu\u00e9 vendredi un rapport de l&rsquo;ONU appelant \u00e0 la cessation imm\u00e9diate du blocus<\/p>\n","protected":false},"author":3,"featured_media":23515,"comment_status":"open","ping_status":"closed","sticky":false,"template":"","format":"standard","meta":{"colormag_page_container_layout":"default_layout","colormag_page_sidebar_layout":"default_layout","om_disable_all_campaigns":false,"_monsterinsights_skip_tracking":false,"_monsterinsights_sitenote_active":false,"_monsterinsights_sitenote_note":"","_monsterinsights_sitenote_category":0,"footnotes":"","_wpscppro_dont_share_socialmedia":false,"_wpscppro_custom_social_share_image":0,"_facebook_share_type":"","_twitter_share_type":"","_linkedin_share_type":"","_pinterest_share_type":"","_linkedin_share_type_page":"","_instagram_share_type":"","_medium_share_type":"","_threads_share_type":"","_google_business_share_type":"","_selected_social_profile":[],"_wpsp_enable_custom_social_template":false,"_wpsp_social_scheduling":{"enabled":false,"datetime":null,"platforms":[],"status":"template_only","dateOption":"today","timeOption":"now","customDays":"","customHours":"","customDate":"","customTime":"","schedulingType":"absolute"},"_wpsp_active_default_template":true},"categories":[37],"tags":[],"class_list":["post-23488","post","type-post","status-publish","format-standard","has-post-thumbnail","hentry","category-monde"],"aioseo_notices":[],"yoast_head":"<!-- This site is optimized with the Yoast SEO plugin v27.5 - https:\/\/yoast.com\/product\/yoast-seo-wordpress\/ -->\n<title>Appel \u00e0 la lev\u00e9e de l&#039;embargo sioniste sur Ghaza\u00a0: Le Hamas salue un rapport de l&#039;ONU - La Sentinelle<\/title>\n<meta name=\"robots\" content=\"index, follow, max-snippet:-1, max-image-preview:large, max-video-preview:-1\" \/>\n<link rel=\"canonical\" href=\"https:\/\/lasentinelle.dz\/index.php\/2022\/07\/03\/appel-a-la-levee-de-lembargo-sioniste-sur-ghaza-le-hamas-salue-un-rapport-de-lonu\/\" \/>\n<meta property=\"og:locale\" content=\"fr_FR\" \/>\n<meta property=\"og:type\" content=\"article\" \/>\n<meta property=\"og:title\" content=\"Appel \u00e0 la lev\u00e9e de l&#039;embargo sioniste sur Ghaza\u00a0: Le Hamas salue un rapport de l&#039;ONU - La Sentinelle\" \/>\n<meta property=\"og:description\" content=\"Le Mouvement de r\u00e9sistance palestinien (Hamas) a salu\u00e9 vendredi un rapport de l&rsquo;ONU appelant \u00e0 la cessation imm\u00e9diate du blocus\" \/>\n<meta property=\"og:url\" content=\"https:\/\/lasentinelle.dz\/index.php\/2022\/07\/03\/appel-a-la-levee-de-lembargo-sioniste-sur-ghaza-le-hamas-salue-un-rapport-de-lonu\/\" \/>\n<meta property=\"og:site_name\" content=\"La Sentinelle\" \/>\n<meta property=\"article:publisher\" content=\"https:\/\/www.facebook.com\/La-Sentinelle-104059864394773\" \/>\n<meta property=\"article:published_time\" content=\"2022-07-02T23:01:00+00:00\" \/>\n<meta property=\"og:image\" content=\"https:\/\/lasentinelle.dz\/wp-content\/uploads\/2022\/07\/israel-gaza_498750.jpg\" \/>\n\t<meta property=\"og:image:width\" content=\"1000\" \/>\n\t<meta property=\"og:image:height\" content=\"563\" \/>\n\t<meta property=\"og:image:type\" content=\"image\/jpeg\" \/>\n<meta name=\"author\" content=\"La Sentinelle\" \/>\n<meta name=\"twitter:card\" content=\"summary_large_image\" \/>\n<meta name=\"twitter:label1\" content=\"\u00c9crit par\" \/>\n\t<meta name=\"twitter:data1\" content=\"La Sentinelle\" \/>\n\t<meta name=\"twitter:label2\" content=\"Dur\u00e9e de lecture estim\u00e9e\" \/>\n\t<meta name=\"twitter:data2\" content=\"4 minutes\" \/>\n<script type=\"application\/ld+json\" class=\"yoast-schema-graph\">{\"@context\":\"https:\\\/\\\/schema.org\",\"@graph\":[{\"@type\":\"Article\",\"@id\":\"https:\\\/\\\/lasentinelle.dz\\\/index.php\\\/2022\\\/07\\\/03\\\/appel-a-la-levee-de-lembargo-sioniste-sur-ghaza-le-hamas-salue-un-rapport-de-lonu\\\/#article\",\"isPartOf\":{\"@id\":\"https:\\\/\\\/lasentinelle.dz\\\/index.php\\\/2022\\\/07\\\/03\\\/appel-a-la-levee-de-lembargo-sioniste-sur-ghaza-le-hamas-salue-un-rapport-de-lonu\\\/\"},\"author\":{\"name\":\"La Sentinelle\",\"@id\":\"https:\\\/\\\/lasentinelle.dz\\\/#\\\/schema\\\/person\\\/d865044e22e70a75174ce8bcad3acfb3\"},\"headline\":\"Appel \u00e0 la lev\u00e9e de l&#8217;embargo sioniste sur Ghaza\u00a0: Le Hamas salue un rapport de l&rsquo;ONU\",\"datePublished\":\"2022-07-02T23:01:00+00:00\",\"mainEntityOfPage\":{\"@id\":\"https:\\\/\\\/lasentinelle.dz\\\/index.php\\\/2022\\\/07\\\/03\\\/appel-a-la-levee-de-lembargo-sioniste-sur-ghaza-le-hamas-salue-un-rapport-de-lonu\\\/\"},\"wordCount\":836,\"commentCount\":0,\"publisher\":{\"@id\":\"https:\\\/\\\/lasentinelle.dz\\\/#organization\"},\"image\":{\"@id\":\"https:\\\/\\\/lasentinelle.dz\\\/index.php\\\/2022\\\/07\\\/03\\\/appel-a-la-levee-de-lembargo-sioniste-sur-ghaza-le-hamas-salue-un-rapport-de-lonu\\\/#primaryimage\"},\"thumbnailUrl\":\"https:\\\/\\\/lasentinelle.dz\\\/wp-content\\\/uploads\\\/2022\\\/07\\\/israel-gaza_498750.jpg\",\"articleSection\":[\"Monde\"],\"inLanguage\":\"fr-FR\",\"potentialAction\":[{\"@type\":\"CommentAction\",\"name\":\"Comment\",\"target\":[\"https:\\\/\\\/lasentinelle.dz\\\/index.php\\\/2022\\\/07\\\/03\\\/appel-a-la-levee-de-lembargo-sioniste-sur-ghaza-le-hamas-salue-un-rapport-de-lonu\\\/#respond\"]}]},{\"@type\":\"WebPage\",\"@id\":\"https:\\\/\\\/lasentinelle.dz\\\/index.php\\\/2022\\\/07\\\/03\\\/appel-a-la-levee-de-lembargo-sioniste-sur-ghaza-le-hamas-salue-un-rapport-de-lonu\\\/\",\"url\":\"https:\\\/\\\/lasentinelle.dz\\\/index.php\\\/2022\\\/07\\\/03\\\/appel-a-la-levee-de-lembargo-sioniste-sur-ghaza-le-hamas-salue-un-rapport-de-lonu\\\/\",\"name\":\"Appel \u00e0 la lev\u00e9e de l'embargo sioniste sur Ghaza\u00a0: Le Hamas salue un rapport de l'ONU - La Sentinelle\",\"isPartOf\":{\"@id\":\"https:\\\/\\\/lasentinelle.dz\\\/#website\"},\"primaryImageOfPage\":{\"@id\":\"https:\\\/\\\/lasentinelle.dz\\\/index.php\\\/2022\\\/07\\\/03\\\/appel-a-la-levee-de-lembargo-sioniste-sur-ghaza-le-hamas-salue-un-rapport-de-lonu\\\/#primaryimage\"},\"image\":{\"@id\":\"https:\\\/\\\/lasentinelle.dz\\\/index.php\\\/2022\\\/07\\\/03\\\/appel-a-la-levee-de-lembargo-sioniste-sur-ghaza-le-hamas-salue-un-rapport-de-lonu\\\/#primaryimage\"},\"thumbnailUrl\":\"https:\\\/\\\/lasentinelle.dz\\\/wp-content\\\/uploads\\\/2022\\\/07\\\/israel-gaza_498750.jpg\",\"datePublished\":\"2022-07-02T23:01:00+00:00\",\"breadcrumb\":{\"@id\":\"https:\\\/\\\/lasentinelle.dz\\\/index.php\\\/2022\\\/07\\\/03\\\/appel-a-la-levee-de-lembargo-sioniste-sur-ghaza-le-hamas-salue-un-rapport-de-lonu\\\/#breadcrumb\"},\"inLanguage\":\"fr-FR\",\"potentialAction\":[{\"@type\":\"ReadAction\",\"target\":[\"https:\\\/\\\/lasentinelle.dz\\\/index.php\\\/2022\\\/07\\\/03\\\/appel-a-la-levee-de-lembargo-sioniste-sur-ghaza-le-hamas-salue-un-rapport-de-lonu\\\/\"]}]},{\"@type\":\"ImageObject\",\"inLanguage\":\"fr-FR\",\"@id\":\"https:\\\/\\\/lasentinelle.dz\\\/index.php\\\/2022\\\/07\\\/03\\\/appel-a-la-levee-de-lembargo-sioniste-sur-ghaza-le-hamas-salue-un-rapport-de-lonu\\\/#primaryimage\",\"url\":\"https:\\\/\\\/lasentinelle.dz\\\/wp-content\\\/uploads\\\/2022\\\/07\\\/israel-gaza_498750.jpg\",\"contentUrl\":\"https:\\\/\\\/lasentinelle.dz\\\/wp-content\\\/uploads\\\/2022\\\/07\\\/israel-gaza_498750.jpg\",\"width\":1000,\"height\":563},{\"@type\":\"BreadcrumbList\",\"@id\":\"https:\\\/\\\/lasentinelle.dz\\\/index.php\\\/2022\\\/07\\\/03\\\/appel-a-la-levee-de-lembargo-sioniste-sur-ghaza-le-hamas-salue-un-rapport-de-lonu\\\/#breadcrumb\",\"itemListElement\":[{\"@type\":\"ListItem\",\"position\":1,\"name\":\"Accueil\",\"item\":\"https:\\\/\\\/lasentinelle.dz\\\/\"},{\"@type\":\"ListItem\",\"position\":2,\"name\":\"Appel \u00e0 la lev\u00e9e de l&#8217;embargo sioniste sur Ghaza\u00a0: Le Hamas salue un rapport de l&rsquo;ONU\"}]},{\"@type\":\"WebSite\",\"@id\":\"https:\\\/\\\/lasentinelle.dz\\\/#website\",\"url\":\"https:\\\/\\\/lasentinelle.dz\\\/\",\"name\":\"La Sentinelle\",\"description\":\"Quotidien national d&#039;information\",\"publisher\":{\"@id\":\"https:\\\/\\\/lasentinelle.dz\\\/#organization\"},\"potentialAction\":[{\"@type\":\"SearchAction\",\"target\":{\"@type\":\"EntryPoint\",\"urlTemplate\":\"https:\\\/\\\/lasentinelle.dz\\\/?s={search_term_string}\"},\"query-input\":{\"@type\":\"PropertyValueSpecification\",\"valueRequired\":true,\"valueName\":\"search_term_string\"}}],\"inLanguage\":\"fr-FR\"},{\"@type\":\"Organization\",\"@id\":\"https:\\\/\\\/lasentinelle.dz\\\/#organization\",\"name\":\"Quotidien La Sentinelle\",\"url\":\"https:\\\/\\\/lasentinelle.dz\\\/\",\"logo\":{\"@type\":\"ImageObject\",\"inLanguage\":\"fr-FR\",\"@id\":\"https:\\\/\\\/lasentinelle.dz\\\/#\\\/schema\\\/logo\\\/image\\\/\",\"url\":\"https:\\\/\\\/lasentinelle.dz\\\/wp-content\\\/uploads\\\/2021\\\/09\\\/logo-sentinelleSLOGAN-1.png\",\"contentUrl\":\"https:\\\/\\\/lasentinelle.dz\\\/wp-content\\\/uploads\\\/2021\\\/09\\\/logo-sentinelleSLOGAN-1.png\",\"width\":615,\"height\":142,\"caption\":\"Quotidien La Sentinelle\"},\"image\":{\"@id\":\"https:\\\/\\\/lasentinelle.dz\\\/#\\\/schema\\\/logo\\\/image\\\/\"},\"sameAs\":[\"https:\\\/\\\/www.facebook.com\\\/La-Sentinelle-104059864394773\"]},{\"@type\":\"Person\",\"@id\":\"https:\\\/\\\/lasentinelle.dz\\\/#\\\/schema\\\/person\\\/d865044e22e70a75174ce8bcad3acfb3\",\"name\":\"La Sentinelle\",\"image\":{\"@type\":\"ImageObject\",\"inLanguage\":\"fr-FR\",\"@id\":\"https:\\\/\\\/secure.gravatar.com\\\/avatar\\\/57de8e5d4b15d43fb361a71fbb36338450fe67865b528a43dd10ef7c51a20392?s=96&d=mm&r=g\",\"url\":\"https:\\\/\\\/secure.gravatar.com\\\/avatar\\\/57de8e5d4b15d43fb361a71fbb36338450fe67865b528a43dd10ef7c51a20392?s=96&d=mm&r=g\",\"contentUrl\":\"https:\\\/\\\/secure.gravatar.com\\\/avatar\\\/57de8e5d4b15d43fb361a71fbb36338450fe67865b528a43dd10ef7c51a20392?s=96&d=mm&r=g\",\"caption\":\"La Sentinelle\"},\"sameAs\":[\"http:\\\/\\\/www.lasentinelle.dz\"],\"url\":\"https:\\\/\\\/lasentinelle.dz\\\/author\\\/redaction\\\/\"}]}<\/script>\n<!-- \/ Yoast SEO plugin. -->","yoast_head_json":{"title":"Appel \u00e0 la lev\u00e9e de l'embargo sioniste sur Ghaza\u00a0: Le Hamas salue un rapport de l'ONU - La Sentinelle","robots":{"index":"index","follow":"follow","max-snippet":"max-snippet:-1","max-image-preview":"max-image-preview:large","max-video-preview":"max-video-preview:-1"},"canonical":"https:\/\/lasentinelle.dz\/index.php\/2022\/07\/03\/appel-a-la-levee-de-lembargo-sioniste-sur-ghaza-le-hamas-salue-un-rapport-de-lonu\/","og_locale":"fr_FR","og_type":"article","og_title":"Appel \u00e0 la lev\u00e9e de l'embargo sioniste sur Ghaza\u00a0: Le Hamas salue un rapport de l'ONU - La Sentinelle","og_description":"Le Mouvement de r\u00e9sistance palestinien (Hamas) a salu\u00e9 vendredi un rapport de l&rsquo;ONU appelant \u00e0 la cessation imm\u00e9diate du blocus","og_url":"https:\/\/lasentinelle.dz\/index.php\/2022\/07\/03\/appel-a-la-levee-de-lembargo-sioniste-sur-ghaza-le-hamas-salue-un-rapport-de-lonu\/","og_site_name":"La Sentinelle","article_publisher":"https:\/\/www.facebook.com\/La-Sentinelle-104059864394773","article_published_time":"2022-07-02T23:01:00+00:00","og_image":[{"width":1000,"height":563,"url":"https:\/\/lasentinelle.dz\/wp-content\/uploads\/2022\/07\/israel-gaza_498750.jpg","type":"image\/jpeg"}],"author":"La Sentinelle","twitter_card":"summary_large_image","twitter_misc":{"\u00c9crit par":"La Sentinelle","Dur\u00e9e de lecture estim\u00e9e":"4 minutes"},"schema":{"@context":"https:\/\/schema.org","@graph":[{"@type":"Article","@id":"https:\/\/lasentinelle.dz\/index.php\/2022\/07\/03\/appel-a-la-levee-de-lembargo-sioniste-sur-ghaza-le-hamas-salue-un-rapport-de-lonu\/#article","isPartOf":{"@id":"https:\/\/lasentinelle.dz\/index.php\/2022\/07\/03\/appel-a-la-levee-de-lembargo-sioniste-sur-ghaza-le-hamas-salue-un-rapport-de-lonu\/"},"author":{"name":"La Sentinelle","@id":"https:\/\/lasentinelle.dz\/#\/schema\/person\/d865044e22e70a75174ce8bcad3acfb3"},"headline":"Appel \u00e0 la lev\u00e9e de l&#8217;embargo sioniste sur Ghaza\u00a0: Le Hamas salue un rapport de l&rsquo;ONU","datePublished":"2022-07-02T23:01:00+00:00","mainEntityOfPage":{"@id":"https:\/\/lasentinelle.dz\/index.php\/2022\/07\/03\/appel-a-la-levee-de-lembargo-sioniste-sur-ghaza-le-hamas-salue-un-rapport-de-lonu\/"},"wordCount":836,"commentCount":0,"publisher":{"@id":"https:\/\/lasentinelle.dz\/#organization"},"image":{"@id":"https:\/\/lasentinelle.dz\/index.php\/2022\/07\/03\/appel-a-la-levee-de-lembargo-sioniste-sur-ghaza-le-hamas-salue-un-rapport-de-lonu\/#primaryimage"},"thumbnailUrl":"https:\/\/lasentinelle.dz\/wp-content\/uploads\/2022\/07\/israel-gaza_498750.jpg","articleSection":["Monde"],"inLanguage":"fr-FR","potentialAction":[{"@type":"CommentAction","name":"Comment","target":["https:\/\/lasentinelle.dz\/index.php\/2022\/07\/03\/appel-a-la-levee-de-lembargo-sioniste-sur-ghaza-le-hamas-salue-un-rapport-de-lonu\/#respond"]}]},{"@type":"WebPage","@id":"https:\/\/lasentinelle.dz\/index.php\/2022\/07\/03\/appel-a-la-levee-de-lembargo-sioniste-sur-ghaza-le-hamas-salue-un-rapport-de-lonu\/","url":"https:\/\/lasentinelle.dz\/index.php\/2022\/07\/03\/appel-a-la-levee-de-lembargo-sioniste-sur-ghaza-le-hamas-salue-un-rapport-de-lonu\/","name":"Appel \u00e0 la lev\u00e9e de l'embargo sioniste sur Ghaza\u00a0: Le Hamas salue un rapport de l'ONU - La Sentinelle","isPartOf":{"@id":"https:\/\/lasentinelle.dz\/#website"},"primaryImageOfPage":{"@id":"https:\/\/lasentinelle.dz\/index.php\/2022\/07\/03\/appel-a-la-levee-de-lembargo-sioniste-sur-ghaza-le-hamas-salue-un-rapport-de-lonu\/#primaryimage"},"image":{"@id":"https:\/\/lasentinelle.dz\/index.php\/2022\/07\/03\/appel-a-la-levee-de-lembargo-sioniste-sur-ghaza-le-hamas-salue-un-rapport-de-lonu\/#primaryimage"},"thumbnailUrl":"https:\/\/lasentinelle.dz\/wp-content\/uploads\/2022\/07\/israel-gaza_498750.jpg","datePublished":"2022-07-02T23:01:00+00:00","breadcrumb":{"@id":"https:\/\/lasentinelle.dz\/index.php\/2022\/07\/03\/appel-a-la-levee-de-lembargo-sioniste-sur-ghaza-le-hamas-salue-un-rapport-de-lonu\/#breadcrumb"},"inLanguage":"fr-FR","potentialAction":[{"@type":"ReadAction","target":["https:\/\/lasentinelle.dz\/index.php\/2022\/07\/03\/appel-a-la-levee-de-lembargo-sioniste-sur-ghaza-le-hamas-salue-un-rapport-de-lonu\/"]}]},{"@type":"ImageObject","inLanguage":"fr-FR","@id":"https:\/\/lasentinelle.dz\/index.php\/2022\/07\/03\/appel-a-la-levee-de-lembargo-sioniste-sur-ghaza-le-hamas-salue-un-rapport-de-lonu\/#primaryimage","url":"https:\/\/lasentinelle.dz\/wp-content\/uploads\/2022\/07\/israel-gaza_498750.jpg","contentUrl":"https:\/\/lasentinelle.dz\/wp-content\/uploads\/2022\/07\/israel-gaza_498750.jpg","width":1000,"height":563},{"@type":"BreadcrumbList","@id":"https:\/\/lasentinelle.dz\/index.php\/2022\/07\/03\/appel-a-la-levee-de-lembargo-sioniste-sur-ghaza-le-hamas-salue-un-rapport-de-lonu\/#breadcrumb","itemListElement":[{"@type":"ListItem","position":1,"name":"Accueil","item":"https:\/\/lasentinelle.dz\/"},{"@type":"ListItem","position":2,"name":"Appel \u00e0 la lev\u00e9e de l&#8217;embargo sioniste sur Ghaza\u00a0: Le Hamas salue un rapport de l&rsquo;ONU"}]},{"@type":"WebSite","@id":"https:\/\/lasentinelle.dz\/#website","url":"https:\/\/lasentinelle.dz\/","name":"La Sentinelle","description":"Quotidien national d&#039;information","publisher":{"@id":"https:\/\/lasentinelle.dz\/#organization"},"potentialAction":[{"@type":"SearchAction","target":{"@type":"EntryPoint","urlTemplate":"https:\/\/lasentinelle.dz\/?s={search_term_string}"},"query-input":{"@type":"PropertyValueSpecification","valueRequired":true,"valueName":"search_term_string"}}],"inLanguage":"fr-FR"},{"@type":"Organization","@id":"https:\/\/lasentinelle.dz\/#organization","name":"Quotidien La Sentinelle","url":"https:\/\/lasentinelle.dz\/","logo":{"@type":"ImageObject","inLanguage":"fr-FR","@id":"https:\/\/lasentinelle.dz\/#\/schema\/logo\/image\/","url":"https:\/\/lasentinelle.dz\/wp-content\/uploads\/2021\/09\/logo-sentinelleSLOGAN-1.png","contentUrl":"https:\/\/lasentinelle.dz\/wp-content\/uploads\/2021\/09\/logo-sentinelleSLOGAN-1.png","width":615,"height":142,"caption":"Quotidien La Sentinelle"},"image":{"@id":"https:\/\/lasentinelle.dz\/#\/schema\/logo\/image\/"},"sameAs":["https:\/\/www.facebook.com\/La-Sentinelle-104059864394773"]},{"@type":"Person","@id":"https:\/\/lasentinelle.dz\/#\/schema\/person\/d865044e22e70a75174ce8bcad3acfb3","name":"La Sentinelle","image":{"@type":"ImageObject","inLanguage":"fr-FR","@id":"https:\/\/secure.gravatar.com\/avatar\/57de8e5d4b15d43fb361a71fbb36338450fe67865b528a43dd10ef7c51a20392?s=96&d=mm&r=g","url":"https:\/\/secure.gravatar.com\/avatar\/57de8e5d4b15d43fb361a71fbb36338450fe67865b528a43dd10ef7c51a20392?s=96&d=mm&r=g","contentUrl":"https:\/\/secure.gravatar.com\/avatar\/57de8e5d4b15d43fb361a71fbb36338450fe67865b528a43dd10ef7c51a20392?s=96&d=mm&r=g","caption":"La Sentinelle"},"sameAs":["http:\/\/www.lasentinelle.dz"],"url":"https:\/\/lasentinelle.dz\/author\/redaction\/"}]}},"_links":{"self":[{"href":"https:\/\/lasentinelle.dz\/index.php\/wp-json\/wp\/v2\/posts\/23488","targetHints":{"allow":["GET"]}}],"collection":[{"href":"https:\/\/lasentinelle.dz\/index.php\/wp-json\/wp\/v2\/posts"}],"about":[{"href":"https:\/\/lasentinelle.dz\/index.php\/wp-json\/wp\/v2\/types\/post"}],"author":[{"embeddable":true,"href":"https:\/\/lasentinelle.dz\/index.php\/wp-json\/wp\/v2\/users\/3"}],"replies":[{"embeddable":true,"href":"https:\/\/lasentinelle.dz\/index.php\/wp-json\/wp\/v2\/comments?post=23488"}],"version-history":[{"count":1,"href":"https:\/\/lasentinelle.dz\/index.php\/wp-json\/wp\/v2\/posts\/23488\/revisions"}],"predecessor-version":[{"id":23516,"href":"https:\/\/lasentinelle.dz\/index.php\/wp-json\/wp\/v2\/posts\/23488\/revisions\/23516"}],"wp:featuredmedia":[{"embeddable":true,"href":"https:\/\/lasentinelle.dz\/index.php\/wp-json\/wp\/v2\/media\/23515"}],"wp:attachment":[{"href":"https:\/\/lasentinelle.dz\/index.php\/wp-json\/wp\/v2\/media?parent=23488"}],"wp:term":[{"taxonomy":"category","embeddable":true,"href":"https:\/\/lasentinelle.dz\/index.php\/wp-json\/wp\/v2\/categories?post=23488"},{"taxonomy":"post_tag","embeddable":true,"href":"https:\/\/lasentinelle.dz\/index.php\/wp-json\/wp\/v2\/tags?post=23488"}],"curies":[{"name":"wp","href":"https:\/\/api.w.org\/{rel}","templated":true}]}}