{"id":23521,"date":"2022-07-03T00:01:00","date_gmt":"2022-07-02T23:01:00","guid":{"rendered":"https:\/\/lasentinelle.dz\/?p=23521"},"modified":"2022-07-02T18:21:43","modified_gmt":"2022-07-02T17:21:43","slug":"initiative-du-rassemblement-le-fln-reitere-son-soutien","status":"publish","type":"post","link":"https:\/\/lasentinelle.dz\/index.php\/2022\/07\/03\/initiative-du-rassemblement-le-fln-reitere-son-soutien\/","title":{"rendered":"Initiative du rassemblement\u00a0: Le FLN r\u00e9it\u00e8re son soutien"},"content":{"rendered":"\n<p>Le secr\u00e9taire g\u00e9n\u00e9ral du Front de lib\u00e9ration nationale, Abou El Fadl Ba\u00e2dji, a&nbsp;appel\u00e9, hier depuis la wilaya de Djelfa,&nbsp;\u00e0 l&rsquo;unification et au renforcement du fron&nbsp;interne.&nbsp;Lors&nbsp;d\u2019un meeting&nbsp;&nbsp;qu\u2019il a anim\u00e9\u00e0 la Maison de la culture \u00ab\u00a0Ibn Rochd\u00a0\u00bb&nbsp;avec des responsables du parti et des \u00e9lus, Ba\u00e2dji a soulign\u00e9 qu\u2019\u00e0 la veille de la c\u00e9l\u00e9bration du soixanti\u00e8me anniversaire de l\u2019ind\u00e9pendance&nbsp;\u00ab&nbsp;la r\u00e9unification des rangs et&nbsp;&nbsp;le renforcement du front&nbsp;interne est la meilleure mani\u00e8re de rendre hommage au message et au legs des martyrs&nbsp;\u00bb.&nbsp;<\/p>\n\n\n\n<p>Pour rappel, le pr\u00e9sident du Conseil de la Nation, Salah Goudjil a appel\u00e9, jeudi, les Alg\u00e9riens \u00e0 resserrer les rangs et \u00e0 adh\u00e9rer \u00e0 l&rsquo;initiative du Pr\u00e9sident de la R\u00e9publique, M. Abdelmadjid Tebboune, visant \u00e0 rassembler et \u00e0 conforter le front interne pour faire face aux d\u00e9fis actuels.&nbsp;Au terme d&rsquo;une pl\u00e9ni\u00e8re au Conseil de la nation Goudjil a d\u00e9clar\u00e9 que \u00ab\u00a0l&rsquo;Alg\u00e9rie est cibl\u00e9e de toutes parts\u00a0\u00bb, appelant les Alg\u00e9riens \u00e0 \u00ab\u00a0resserrer les rangs et \u00e0 adh\u00e9rer \u00e0 l&rsquo;initiative de rassemblement du Pr\u00e9sident de la R\u00e9publique, M. Abdelmadjid Tebboune, visant \u00e0 conforter le front interne pour faire face aux d\u00e9fis actuels et \u00e0 tirer les le\u00e7ons de la R\u00e9volution du 1er&nbsp;&nbsp;novembre 1954, dans le cadre de la c\u00e9l\u00e9bration du 60e anniversaire du recouvrement de la souverainet\u00e9 nationale\u00a0\u00bb.&nbsp;\u00ab\u00a0La p\u00e9riode que traverse l&rsquo;Alg\u00e9rie exige de se mobiliser tel un seul homme et faire pr\u00e9valoir l&rsquo;int\u00e9r\u00eat supr\u00eame du pays pour contribuer \u00e0 son d\u00e9veloppement, en s&rsquo;inspirant de l&rsquo;esprit de la Glorieuse R\u00e9volution de Novembre et en pr\u00e9servant la souverainet\u00e9 et l&rsquo;ind\u00e9pendance de l&rsquo;Alg\u00e9rie\u00a0\u00bb, a-t-il soutenu.<\/p>\n\n\n\n<p>R.N.<\/p>\n","protected":false},"excerpt":{"rendered":"<p>Le secr\u00e9taire g\u00e9n\u00e9ral du Front de lib\u00e9ration nationale, Abou El Fadl Ba\u00e2dji, a&nbsp;appel\u00e9, hier depuis la wilaya de Djelfa,&nbsp;\u00e0 l&rsquo;unification<\/p>\n","protected":false},"author":3,"featured_media":23525,"comment_status":"open","ping_status":"closed","sticky":false,"template":"","format":"standard","meta":{"colormag_page_container_layout":"default_layout","colormag_page_sidebar_layout":"default_layout","om_disable_all_campaigns":false,"_monsterinsights_skip_tracking":false,"_monsterinsights_sitenote_active":false,"_monsterinsights_sitenote_note":"","_monsterinsights_sitenote_category":0,"footnotes":"","_wpscppro_dont_share_socialmedia":false,"_wpscppro_custom_social_share_image":0,"_facebook_share_type":"","_twitter_share_type":"","_linkedin_share_type":"","_pinterest_share_type":"","_linkedin_share_type_page":"","_instagram_share_type":"","_medium_share_type":"","_threads_share_type":"","_google_business_share_type":"","_selected_social_profile":[],"_wpsp_enable_custom_social_template":false,"_wpsp_social_scheduling":{"enabled":false,"datetime":null,"platforms":[],"status":"template_only","dateOption":"today","timeOption":"now","customDays":"","customHours":"","customDate":"","customTime":"","schedulingType":"absolute"},"_wpsp_active_default_template":true},"categories":[27],"tags":[],"class_list":["post-23521","post","type-post","status-publish","format-standard","has-post-thumbnail","hentry","category-actualite"],"aioseo_notices":[],"yoast_head":"<!-- This site is optimized with the Yoast SEO plugin v27.5 - https:\/\/yoast.com\/product\/yoast-seo-wordpress\/ -->\n<title>Initiative du rassemblement\u00a0: Le FLN r\u00e9it\u00e8re son soutien - La Sentinelle<\/title>\n<meta name=\"robots\" content=\"index, follow, max-snippet:-1, max-image-preview:large, max-video-preview:-1\" \/>\n<link rel=\"canonical\" href=\"https:\/\/lasentinelle.dz\/index.php\/2022\/07\/03\/initiative-du-rassemblement-le-fln-reitere-son-soutien\/\" \/>\n<meta property=\"og:locale\" content=\"fr_FR\" \/>\n<meta property=\"og:type\" content=\"article\" \/>\n<meta property=\"og:title\" content=\"Initiative du rassemblement\u00a0: Le FLN r\u00e9it\u00e8re son soutien - La Sentinelle\" \/>\n<meta property=\"og:description\" content=\"Le secr\u00e9taire g\u00e9n\u00e9ral du Front de lib\u00e9ration nationale, Abou El Fadl Ba\u00e2dji, a&nbsp;appel\u00e9, hier depuis la wilaya de Djelfa,&nbsp;\u00e0 l&rsquo;unification\" \/>\n<meta property=\"og:url\" content=\"https:\/\/lasentinelle.dz\/index.php\/2022\/07\/03\/initiative-du-rassemblement-le-fln-reitere-son-soutien\/\" \/>\n<meta property=\"og:site_name\" content=\"La Sentinelle\" \/>\n<meta property=\"article:publisher\" content=\"https:\/\/www.facebook.com\/La-Sentinelle-104059864394773\" \/>\n<meta property=\"article:published_time\" content=\"2022-07-02T23:01:00+00:00\" \/>\n<meta property=\"og:image\" content=\"https:\/\/lasentinelle.dz\/wp-content\/uploads\/2022\/07\/f98f8c5a18c8d72e4e2a36aee229db2a_M.jpg\" \/>\n\t<meta property=\"og:image:width\" content=\"580\" \/>\n\t<meta property=\"og:image:height\" content=\"350\" \/>\n\t<meta property=\"og:image:type\" content=\"image\/jpeg\" \/>\n<meta name=\"author\" content=\"La Sentinelle\" \/>\n<meta name=\"twitter:card\" content=\"summary_large_image\" \/>\n<meta name=\"twitter:label1\" content=\"\u00c9crit par\" \/>\n\t<meta name=\"twitter:data1\" content=\"La Sentinelle\" \/>\n\t<meta name=\"twitter:label2\" content=\"Dur\u00e9e de lecture estim\u00e9e\" \/>\n\t<meta name=\"twitter:data2\" content=\"2 minutes\" \/>\n<script type=\"application\/ld+json\" class=\"yoast-schema-graph\">{\"@context\":\"https:\\\/\\\/schema.org\",\"@graph\":[{\"@type\":\"Article\",\"@id\":\"https:\\\/\\\/lasentinelle.dz\\\/index.php\\\/2022\\\/07\\\/03\\\/initiative-du-rassemblement-le-fln-reitere-son-soutien\\\/#article\",\"isPartOf\":{\"@id\":\"https:\\\/\\\/lasentinelle.dz\\\/index.php\\\/2022\\\/07\\\/03\\\/initiative-du-rassemblement-le-fln-reitere-son-soutien\\\/\"},\"author\":{\"name\":\"La Sentinelle\",\"@id\":\"https:\\\/\\\/lasentinelle.dz\\\/#\\\/schema\\\/person\\\/d865044e22e70a75174ce8bcad3acfb3\"},\"headline\":\"Initiative du rassemblement\u00a0: Le FLN r\u00e9it\u00e8re son soutien\",\"datePublished\":\"2022-07-02T23:01:00+00:00\",\"mainEntityOfPage\":{\"@id\":\"https:\\\/\\\/lasentinelle.dz\\\/index.php\\\/2022\\\/07\\\/03\\\/initiative-du-rassemblement-le-fln-reitere-son-soutien\\\/\"},\"wordCount\":336,\"commentCount\":0,\"publisher\":{\"@id\":\"https:\\\/\\\/lasentinelle.dz\\\/#organization\"},\"image\":{\"@id\":\"https:\\\/\\\/lasentinelle.dz\\\/index.php\\\/2022\\\/07\\\/03\\\/initiative-du-rassemblement-le-fln-reitere-son-soutien\\\/#primaryimage\"},\"thumbnailUrl\":\"https:\\\/\\\/lasentinelle.dz\\\/wp-content\\\/uploads\\\/2022\\\/07\\\/f98f8c5a18c8d72e4e2a36aee229db2a_M.jpg\",\"articleSection\":[\"Actualit\u00e9\"],\"inLanguage\":\"fr-FR\",\"potentialAction\":[{\"@type\":\"CommentAction\",\"name\":\"Comment\",\"target\":[\"https:\\\/\\\/lasentinelle.dz\\\/index.php\\\/2022\\\/07\\\/03\\\/initiative-du-rassemblement-le-fln-reitere-son-soutien\\\/#respond\"]}]},{\"@type\":\"WebPage\",\"@id\":\"https:\\\/\\\/lasentinelle.dz\\\/index.php\\\/2022\\\/07\\\/03\\\/initiative-du-rassemblement-le-fln-reitere-son-soutien\\\/\",\"url\":\"https:\\\/\\\/lasentinelle.dz\\\/index.php\\\/2022\\\/07\\\/03\\\/initiative-du-rassemblement-le-fln-reitere-son-soutien\\\/\",\"name\":\"Initiative du rassemblement\u00a0: Le FLN r\u00e9it\u00e8re son soutien - La Sentinelle\",\"isPartOf\":{\"@id\":\"https:\\\/\\\/lasentinelle.dz\\\/#website\"},\"primaryImageOfPage\":{\"@id\":\"https:\\\/\\\/lasentinelle.dz\\\/index.php\\\/2022\\\/07\\\/03\\\/initiative-du-rassemblement-le-fln-reitere-son-soutien\\\/#primaryimage\"},\"image\":{\"@id\":\"https:\\\/\\\/lasentinelle.dz\\\/index.php\\\/2022\\\/07\\\/03\\\/initiative-du-rassemblement-le-fln-reitere-son-soutien\\\/#primaryimage\"},\"thumbnailUrl\":\"https:\\\/\\\/lasentinelle.dz\\\/wp-content\\\/uploads\\\/2022\\\/07\\\/f98f8c5a18c8d72e4e2a36aee229db2a_M.jpg\",\"datePublished\":\"2022-07-02T23:01:00+00:00\",\"breadcrumb\":{\"@id\":\"https:\\\/\\\/lasentinelle.dz\\\/index.php\\\/2022\\\/07\\\/03\\\/initiative-du-rassemblement-le-fln-reitere-son-soutien\\\/#breadcrumb\"},\"inLanguage\":\"fr-FR\",\"potentialAction\":[{\"@type\":\"ReadAction\",\"target\":[\"https:\\\/\\\/lasentinelle.dz\\\/index.php\\\/2022\\\/07\\\/03\\\/initiative-du-rassemblement-le-fln-reitere-son-soutien\\\/\"]}]},{\"@type\":\"ImageObject\",\"inLanguage\":\"fr-FR\",\"@id\":\"https:\\\/\\\/lasentinelle.dz\\\/index.php\\\/2022\\\/07\\\/03\\\/initiative-du-rassemblement-le-fln-reitere-son-soutien\\\/#primaryimage\",\"url\":\"https:\\\/\\\/lasentinelle.dz\\\/wp-content\\\/uploads\\\/2022\\\/07\\\/f98f8c5a18c8d72e4e2a36aee229db2a_M.jpg\",\"contentUrl\":\"https:\\\/\\\/lasentinelle.dz\\\/wp-content\\\/uploads\\\/2022\\\/07\\\/f98f8c5a18c8d72e4e2a36aee229db2a_M.jpg\",\"width\":580,\"height\":350},{\"@type\":\"BreadcrumbList\",\"@id\":\"https:\\\/\\\/lasentinelle.dz\\\/index.php\\\/2022\\\/07\\\/03\\\/initiative-du-rassemblement-le-fln-reitere-son-soutien\\\/#breadcrumb\",\"itemListElement\":[{\"@type\":\"ListItem\",\"position\":1,\"name\":\"Accueil\",\"item\":\"https:\\\/\\\/lasentinelle.dz\\\/\"},{\"@type\":\"ListItem\",\"position\":2,\"name\":\"Initiative du rassemblement\u00a0: Le FLN r\u00e9it\u00e8re son soutien\"}]},{\"@type\":\"WebSite\",\"@id\":\"https:\\\/\\\/lasentinelle.dz\\\/#website\",\"url\":\"https:\\\/\\\/lasentinelle.dz\\\/\",\"name\":\"La Sentinelle\",\"description\":\"Quotidien national d&#039;information\",\"publisher\":{\"@id\":\"https:\\\/\\\/lasentinelle.dz\\\/#organization\"},\"potentialAction\":[{\"@type\":\"SearchAction\",\"target\":{\"@type\":\"EntryPoint\",\"urlTemplate\":\"https:\\\/\\\/lasentinelle.dz\\\/?s={search_term_string}\"},\"query-input\":{\"@type\":\"PropertyValueSpecification\",\"valueRequired\":true,\"valueName\":\"search_term_string\"}}],\"inLanguage\":\"fr-FR\"},{\"@type\":\"Organization\",\"@id\":\"https:\\\/\\\/lasentinelle.dz\\\/#organization\",\"name\":\"Quotidien La Sentinelle\",\"url\":\"https:\\\/\\\/lasentinelle.dz\\\/\",\"logo\":{\"@type\":\"ImageObject\",\"inLanguage\":\"fr-FR\",\"@id\":\"https:\\\/\\\/lasentinelle.dz\\\/#\\\/schema\\\/logo\\\/image\\\/\",\"url\":\"https:\\\/\\\/lasentinelle.dz\\\/wp-content\\\/uploads\\\/2021\\\/09\\\/logo-sentinelleSLOGAN-1.png\",\"contentUrl\":\"https:\\\/\\\/lasentinelle.dz\\\/wp-content\\\/uploads\\\/2021\\\/09\\\/logo-sentinelleSLOGAN-1.png\",\"width\":615,\"height\":142,\"caption\":\"Quotidien La Sentinelle\"},\"image\":{\"@id\":\"https:\\\/\\\/lasentinelle.dz\\\/#\\\/schema\\\/logo\\\/image\\\/\"},\"sameAs\":[\"https:\\\/\\\/www.facebook.com\\\/La-Sentinelle-104059864394773\"]},{\"@type\":\"Person\",\"@id\":\"https:\\\/\\\/lasentinelle.dz\\\/#\\\/schema\\\/person\\\/d865044e22e70a75174ce8bcad3acfb3\",\"name\":\"La Sentinelle\",\"image\":{\"@type\":\"ImageObject\",\"inLanguage\":\"fr-FR\",\"@id\":\"https:\\\/\\\/secure.gravatar.com\\\/avatar\\\/57de8e5d4b15d43fb361a71fbb36338450fe67865b528a43dd10ef7c51a20392?s=96&d=mm&r=g\",\"url\":\"https:\\\/\\\/secure.gravatar.com\\\/avatar\\\/57de8e5d4b15d43fb361a71fbb36338450fe67865b528a43dd10ef7c51a20392?s=96&d=mm&r=g\",\"contentUrl\":\"https:\\\/\\\/secure.gravatar.com\\\/avatar\\\/57de8e5d4b15d43fb361a71fbb36338450fe67865b528a43dd10ef7c51a20392?s=96&d=mm&r=g\",\"caption\":\"La Sentinelle\"},\"sameAs\":[\"http:\\\/\\\/www.lasentinelle.dz\"],\"url\":\"https:\\\/\\\/lasentinelle.dz\\\/author\\\/redaction\\\/\"}]}<\/script>\n<!-- \/ Yoast SEO plugin. -->","yoast_head_json":{"title":"Initiative du rassemblement\u00a0: Le FLN r\u00e9it\u00e8re son soutien - La Sentinelle","robots":{"index":"index","follow":"follow","max-snippet":"max-snippet:-1","max-image-preview":"max-image-preview:large","max-video-preview":"max-video-preview:-1"},"canonical":"https:\/\/lasentinelle.dz\/index.php\/2022\/07\/03\/initiative-du-rassemblement-le-fln-reitere-son-soutien\/","og_locale":"fr_FR","og_type":"article","og_title":"Initiative du rassemblement\u00a0: Le FLN r\u00e9it\u00e8re son soutien - La Sentinelle","og_description":"Le secr\u00e9taire g\u00e9n\u00e9ral du Front de lib\u00e9ration nationale, Abou El Fadl Ba\u00e2dji, a&nbsp;appel\u00e9, hier depuis la wilaya de Djelfa,&nbsp;\u00e0 l&rsquo;unification","og_url":"https:\/\/lasentinelle.dz\/index.php\/2022\/07\/03\/initiative-du-rassemblement-le-fln-reitere-son-soutien\/","og_site_name":"La Sentinelle","article_publisher":"https:\/\/www.facebook.com\/La-Sentinelle-104059864394773","article_published_time":"2022-07-02T23:01:00+00:00","og_image":[{"width":580,"height":350,"url":"https:\/\/lasentinelle.dz\/wp-content\/uploads\/2022\/07\/f98f8c5a18c8d72e4e2a36aee229db2a_M.jpg","type":"image\/jpeg"}],"author":"La Sentinelle","twitter_card":"summary_large_image","twitter_misc":{"\u00c9crit par":"La Sentinelle","Dur\u00e9e de lecture estim\u00e9e":"2 minutes"},"schema":{"@context":"https:\/\/schema.org","@graph":[{"@type":"Article","@id":"https:\/\/lasentinelle.dz\/index.php\/2022\/07\/03\/initiative-du-rassemblement-le-fln-reitere-son-soutien\/#article","isPartOf":{"@id":"https:\/\/lasentinelle.dz\/index.php\/2022\/07\/03\/initiative-du-rassemblement-le-fln-reitere-son-soutien\/"},"author":{"name":"La Sentinelle","@id":"https:\/\/lasentinelle.dz\/#\/schema\/person\/d865044e22e70a75174ce8bcad3acfb3"},"headline":"Initiative du rassemblement\u00a0: Le FLN r\u00e9it\u00e8re son soutien","datePublished":"2022-07-02T23:01:00+00:00","mainEntityOfPage":{"@id":"https:\/\/lasentinelle.dz\/index.php\/2022\/07\/03\/initiative-du-rassemblement-le-fln-reitere-son-soutien\/"},"wordCount":336,"commentCount":0,"publisher":{"@id":"https:\/\/lasentinelle.dz\/#organization"},"image":{"@id":"https:\/\/lasentinelle.dz\/index.php\/2022\/07\/03\/initiative-du-rassemblement-le-fln-reitere-son-soutien\/#primaryimage"},"thumbnailUrl":"https:\/\/lasentinelle.dz\/wp-content\/uploads\/2022\/07\/f98f8c5a18c8d72e4e2a36aee229db2a_M.jpg","articleSection":["Actualit\u00e9"],"inLanguage":"fr-FR","potentialAction":[{"@type":"CommentAction","name":"Comment","target":["https:\/\/lasentinelle.dz\/index.php\/2022\/07\/03\/initiative-du-rassemblement-le-fln-reitere-son-soutien\/#respond"]}]},{"@type":"WebPage","@id":"https:\/\/lasentinelle.dz\/index.php\/2022\/07\/03\/initiative-du-rassemblement-le-fln-reitere-son-soutien\/","url":"https:\/\/lasentinelle.dz\/index.php\/2022\/07\/03\/initiative-du-rassemblement-le-fln-reitere-son-soutien\/","name":"Initiative du rassemblement\u00a0: Le FLN r\u00e9it\u00e8re son soutien - La Sentinelle","isPartOf":{"@id":"https:\/\/lasentinelle.dz\/#website"},"primaryImageOfPage":{"@id":"https:\/\/lasentinelle.dz\/index.php\/2022\/07\/03\/initiative-du-rassemblement-le-fln-reitere-son-soutien\/#primaryimage"},"image":{"@id":"https:\/\/lasentinelle.dz\/index.php\/2022\/07\/03\/initiative-du-rassemblement-le-fln-reitere-son-soutien\/#primaryimage"},"thumbnailUrl":"https:\/\/lasentinelle.dz\/wp-content\/uploads\/2022\/07\/f98f8c5a18c8d72e4e2a36aee229db2a_M.jpg","datePublished":"2022-07-02T23:01:00+00:00","breadcrumb":{"@id":"https:\/\/lasentinelle.dz\/index.php\/2022\/07\/03\/initiative-du-rassemblement-le-fln-reitere-son-soutien\/#breadcrumb"},"inLanguage":"fr-FR","potentialAction":[{"@type":"ReadAction","target":["https:\/\/lasentinelle.dz\/index.php\/2022\/07\/03\/initiative-du-rassemblement-le-fln-reitere-son-soutien\/"]}]},{"@type":"ImageObject","inLanguage":"fr-FR","@id":"https:\/\/lasentinelle.dz\/index.php\/2022\/07\/03\/initiative-du-rassemblement-le-fln-reitere-son-soutien\/#primaryimage","url":"https:\/\/lasentinelle.dz\/wp-content\/uploads\/2022\/07\/f98f8c5a18c8d72e4e2a36aee229db2a_M.jpg","contentUrl":"https:\/\/lasentinelle.dz\/wp-content\/uploads\/2022\/07\/f98f8c5a18c8d72e4e2a36aee229db2a_M.jpg","width":580,"height":350},{"@type":"BreadcrumbList","@id":"https:\/\/lasentinelle.dz\/index.php\/2022\/07\/03\/initiative-du-rassemblement-le-fln-reitere-son-soutien\/#breadcrumb","itemListElement":[{"@type":"ListItem","position":1,"name":"Accueil","item":"https:\/\/lasentinelle.dz\/"},{"@type":"ListItem","position":2,"name":"Initiative du rassemblement\u00a0: Le FLN r\u00e9it\u00e8re son soutien"}]},{"@type":"WebSite","@id":"https:\/\/lasentinelle.dz\/#website","url":"https:\/\/lasentinelle.dz\/","name":"La Sentinelle","description":"Quotidien national d&#039;information","publisher":{"@id":"https:\/\/lasentinelle.dz\/#organization"},"potentialAction":[{"@type":"SearchAction","target":{"@type":"EntryPoint","urlTemplate":"https:\/\/lasentinelle.dz\/?s={search_term_string}"},"query-input":{"@type":"PropertyValueSpecification","valueRequired":true,"valueName":"search_term_string"}}],"inLanguage":"fr-FR"},{"@type":"Organization","@id":"https:\/\/lasentinelle.dz\/#organization","name":"Quotidien La Sentinelle","url":"https:\/\/lasentinelle.dz\/","logo":{"@type":"ImageObject","inLanguage":"fr-FR","@id":"https:\/\/lasentinelle.dz\/#\/schema\/logo\/image\/","url":"https:\/\/lasentinelle.dz\/wp-content\/uploads\/2021\/09\/logo-sentinelleSLOGAN-1.png","contentUrl":"https:\/\/lasentinelle.dz\/wp-content\/uploads\/2021\/09\/logo-sentinelleSLOGAN-1.png","width":615,"height":142,"caption":"Quotidien La Sentinelle"},"image":{"@id":"https:\/\/lasentinelle.dz\/#\/schema\/logo\/image\/"},"sameAs":["https:\/\/www.facebook.com\/La-Sentinelle-104059864394773"]},{"@type":"Person","@id":"https:\/\/lasentinelle.dz\/#\/schema\/person\/d865044e22e70a75174ce8bcad3acfb3","name":"La Sentinelle","image":{"@type":"ImageObject","inLanguage":"fr-FR","@id":"https:\/\/secure.gravatar.com\/avatar\/57de8e5d4b15d43fb361a71fbb36338450fe67865b528a43dd10ef7c51a20392?s=96&d=mm&r=g","url":"https:\/\/secure.gravatar.com\/avatar\/57de8e5d4b15d43fb361a71fbb36338450fe67865b528a43dd10ef7c51a20392?s=96&d=mm&r=g","contentUrl":"https:\/\/secure.gravatar.com\/avatar\/57de8e5d4b15d43fb361a71fbb36338450fe67865b528a43dd10ef7c51a20392?s=96&d=mm&r=g","caption":"La Sentinelle"},"sameAs":["http:\/\/www.lasentinelle.dz"],"url":"https:\/\/lasentinelle.dz\/author\/redaction\/"}]}},"_links":{"self":[{"href":"https:\/\/lasentinelle.dz\/index.php\/wp-json\/wp\/v2\/posts\/23521","targetHints":{"allow":["GET"]}}],"collection":[{"href":"https:\/\/lasentinelle.dz\/index.php\/wp-json\/wp\/v2\/posts"}],"about":[{"href":"https:\/\/lasentinelle.dz\/index.php\/wp-json\/wp\/v2\/types\/post"}],"author":[{"embeddable":true,"href":"https:\/\/lasentinelle.dz\/index.php\/wp-json\/wp\/v2\/users\/3"}],"replies":[{"embeddable":true,"href":"https:\/\/lasentinelle.dz\/index.php\/wp-json\/wp\/v2\/comments?post=23521"}],"version-history":[{"count":1,"href":"https:\/\/lasentinelle.dz\/index.php\/wp-json\/wp\/v2\/posts\/23521\/revisions"}],"predecessor-version":[{"id":23526,"href":"https:\/\/lasentinelle.dz\/index.php\/wp-json\/wp\/v2\/posts\/23521\/revisions\/23526"}],"wp:featuredmedia":[{"embeddable":true,"href":"https:\/\/lasentinelle.dz\/index.php\/wp-json\/wp\/v2\/media\/23525"}],"wp:attachment":[{"href":"https:\/\/lasentinelle.dz\/index.php\/wp-json\/wp\/v2\/media?parent=23521"}],"wp:term":[{"taxonomy":"category","embeddable":true,"href":"https:\/\/lasentinelle.dz\/index.php\/wp-json\/wp\/v2\/categories?post=23521"},{"taxonomy":"post_tag","embeddable":true,"href":"https:\/\/lasentinelle.dz\/index.php\/wp-json\/wp\/v2\/tags?post=23521"}],"curies":[{"name":"wp","href":"https:\/\/api.w.org\/{rel}","templated":true}]}}