{"id":23524,"date":"2022-07-03T00:05:00","date_gmt":"2022-07-02T23:05:00","guid":{"rendered":"https:\/\/lasentinelle.dz\/?p=23524"},"modified":"2022-07-02T20:29:18","modified_gmt":"2022-07-02T19:29:18","slug":"la-plus-grande-operation-de-distribution-de-logements-marquera-la-celebration-du-5-juillet-plus-de-700-000-logements-distribues-depuis-2020","status":"publish","type":"post","link":"https:\/\/lasentinelle.dz\/index.php\/2022\/07\/03\/la-plus-grande-operation-de-distribution-de-logements-marquera-la-celebration-du-5-juillet-plus-de-700-000-logements-distribues-depuis-2020\/","title":{"rendered":"La plus grande op\u00e9ration de distribution de logements marquera la c\u00e9l\u00e9bration du 5 Juillet\u00a0: Plus de 700.000 logements distribu\u00e9s depuis 2020"},"content":{"rendered":"\n<p>La c\u00e9l\u00e9bration du soixantenaire de l\u2019ind\u00e9pendance sera marqu\u00e9 par la plus grande op\u00e9ration de distribution de logements que l\u2019Alg\u00e9rie ait connu depuis l\u2019ind\u00e9pendance. Le ministre de l\u2019Habitat, de l\u2019Urbanisme et de la Ville, Tarek Belaribi a annonc\u00e9 hier que pas moins de 160.000 logements seront distribu\u00e9s \u00e0 travers le territoire national.&nbsp;<\/p>\n\n\n\n<p>La date butoir approche et les services du d\u00e9partement de l\u2019Habitat s\u2019affairent et acc\u00e9l\u00e8rent la cadence pour \u00eatre au-rendez-vous. Hier, lors d\u2019une visite dans la wilaya de Boumerd\u00e8s pour superviser les pr\u00e9paratifs de la plus grande op\u00e9ration de distribution de logements \u00e0 travers le pays, le ministre de l\u2019Habitat, de l\u2019Urbanisme et de la Ville, Tareb Belaribi a annonc\u00e9 que la c\u00e9l\u00e9bration du 5 Juillet sera marqu\u00e9e cette ann\u00e9e par la distribution de pas moins de 160 000 logements tous types et toutes formules confondus. Il souligne que l\u2019op\u00e9ration touchera \u00ab&nbsp;diff\u00e9rentes wilayas et toutes les r\u00e9gions du pays, faisant du processus la plus grande op\u00e9ration de distribution de logements depuis l&rsquo;ind\u00e9pendance&nbsp;\u00bb.&nbsp;<\/p>\n\n\n\n<p>Le ministre a expliqu\u00e9 que, dans le d\u00e9tail, que l\u2019op\u00e9ration pr\u00e9voit la distribution de 37.699 logements de la formule vente-location (AADL), 77.323 logements locatifs publics, en plus de 6.294 logements de la formule du logement promotionnel aid\u00e9. Le nombre de logements sociaux a \u00e9t\u00e9 estim\u00e9 \u00e0 2 595, 18 374 logements ruraux auxquels s&rsquo;ajoutent 19 321 aides sociales au logement. Le ministre a \u00e9galement pr\u00e9cis\u00e9 que pas moins de 700.000&nbsp;<\/p>\n\n\n\n<p>logements de diff\u00e9rentes formules, ont \u00e9t\u00e9 distribu\u00e9s \u00e0 travers le pays, depuis 2020, \u00e0 ce jour, au profit de plus de trois millions de citoyens,&nbsp;&nbsp;portant ainsi le taux d&rsquo;occupation par logement, \u00e0 l\u2019\u00e9chelle nationale, \u00e0 4,7, actuellement, a fait savoir M.Belaribi. Ce nombre, jug\u00e9 \u00ab\u00a0consid\u00e9rable\u00a0\u00bb, de logements livr\u00e9s ces deux derni\u00e8res ann\u00e9es, est \u00ab\u00a0une preuve \u00e9vidente de la nouvelle strat\u00e9gie de d\u00e9veloppement adopt\u00e9e par l&rsquo;Etat\u00a0\u00bb et de son \u00ab\u00a0caract\u00e8re social\u00a0\u00bb, a, par ailleurs, estim\u00e9 le ministre. Il a, \u00e9galement, fait part de la r\u00e9ception attendue de 413 \u00e9quipements publics \u00e0 la prochaine rentr\u00e9e scolaire 2022\/2023, de nature \u00e0 contribuer \u00e0 l\u2019am\u00e9lioration des conditions de scolarit\u00e9 des \u00e9l\u00e8ves. Toujours dans le cadre de la cons\u00e9cration des objectifs du d\u00e9veloppement durable, le secteur oeuvre, \u00e9galement, selon le ministre, \u00e0 la \u00ab\u00a0r\u00e9alisation d\u2019une mosqu\u00e9e verte, premi\u00e8re du genre au plan \u00e9cologique, et dont la construction sera adapt\u00e9e aux normes de l&rsquo;efficacit\u00e9 \u00e9nerg\u00e9tique et de l&rsquo;exploitation des \u00e9nergies renouvelables\u00a0\u00bb, a-t-il expliqu\u00e9. Sur un autre plan, M. Belaribi s&rsquo;est f\u00e9licit\u00e9 de l&rsquo;ach\u00e8vement de la r\u00e9alisation du complexe olympique d&rsquo;Oran, et de la fin des travaux du stade de Baraki (Alger), alors que les travaux du stade de Douira \u00ab\u00a0vont bon train\u00a0\u00bb. Il a \u00e9galement soulign\u00e9 la lev\u00e9e de toutes les entraves administratives sur le projet du stade de Tizi-Ouzou, ayant permis la poursuite des travaux \u00e0 son niveau apr\u00e8s deux ans d&rsquo;arr\u00eat. Le ministre de l&rsquo;Habitat, de l&rsquo;Urbanisme et de la Ville a, par ailleurs, annonc\u00e9 le lancement \u00ab\u00a0prochain\u00a0\u00bb, d&rsquo;une plate-forme num\u00e9rique portant sur un guichet unique d\u00e9di\u00e9 \u00e0 la d\u00e9livrance de permis de construction \u00e9lectroniques, dans les wilayas de Boumerdes, Constantine, Oran et Ouargla, dans le cadre de la num\u00e9risation du secteur, de l\u2019\u00e9radication de la bureaucratie, le traitement des dossiers en toute transparence, et le respect des d\u00e9lais de livraison.<\/p>\n\n\n\n<p>Chokri Hafed<\/p>\n","protected":false},"excerpt":{"rendered":"<p>La c\u00e9l\u00e9bration du soixantenaire de l\u2019ind\u00e9pendance sera marqu\u00e9 par la plus grande op\u00e9ration de distribution de logements que l\u2019Alg\u00e9rie ait<\/p>\n","protected":false},"author":3,"featured_media":23533,"comment_status":"open","ping_status":"closed","sticky":false,"template":"","format":"standard","meta":{"colormag_page_container_layout":"default_layout","colormag_page_sidebar_layout":"default_layout","om_disable_all_campaigns":false,"_monsterinsights_skip_tracking":false,"_monsterinsights_sitenote_active":false,"_monsterinsights_sitenote_note":"","_monsterinsights_sitenote_category":0,"footnotes":"","_wpscppro_dont_share_socialmedia":false,"_wpscppro_custom_social_share_image":0,"_facebook_share_type":"","_twitter_share_type":"","_linkedin_share_type":"","_pinterest_share_type":"","_linkedin_share_type_page":"","_instagram_share_type":"","_medium_share_type":"","_threads_share_type":"","_google_business_share_type":"","_selected_social_profile":[],"_wpsp_enable_custom_social_template":false,"_wpsp_social_scheduling":{"enabled":false,"datetime":null,"platforms":[],"status":"template_only","dateOption":"today","timeOption":"now","customDays":"","customHours":"","customDate":"","customTime":"","schedulingType":"absolute"},"_wpsp_active_default_template":true},"categories":[52,27],"tags":[],"class_list":["post-23524","post","type-post","status-publish","format-standard","has-post-thumbnail","hentry","category-a-la-une","category-actualite"],"aioseo_notices":[],"yoast_head":"<!-- This site is optimized with the Yoast SEO plugin v27.5 - https:\/\/yoast.com\/product\/yoast-seo-wordpress\/ -->\n<title>La plus grande op\u00e9ration de distribution de logements marquera la c\u00e9l\u00e9bration du 5 Juillet\u00a0: Plus de 700.000 logements distribu\u00e9s depuis 2020 - La Sentinelle<\/title>\n<meta name=\"robots\" content=\"index, follow, max-snippet:-1, max-image-preview:large, max-video-preview:-1\" \/>\n<link rel=\"canonical\" href=\"https:\/\/lasentinelle.dz\/index.php\/2022\/07\/03\/la-plus-grande-operation-de-distribution-de-logements-marquera-la-celebration-du-5-juillet-plus-de-700-000-logements-distribues-depuis-2020\/\" \/>\n<meta property=\"og:locale\" content=\"fr_FR\" \/>\n<meta property=\"og:type\" content=\"article\" \/>\n<meta property=\"og:title\" content=\"La plus grande op\u00e9ration de distribution de logements marquera la c\u00e9l\u00e9bration du 5 Juillet\u00a0: Plus de 700.000 logements distribu\u00e9s depuis 2020 - La Sentinelle\" \/>\n<meta property=\"og:description\" content=\"La c\u00e9l\u00e9bration du soixantenaire de l\u2019ind\u00e9pendance sera marqu\u00e9 par la plus grande op\u00e9ration de distribution de logements que l\u2019Alg\u00e9rie ait\" \/>\n<meta property=\"og:url\" content=\"https:\/\/lasentinelle.dz\/index.php\/2022\/07\/03\/la-plus-grande-operation-de-distribution-de-logements-marquera-la-celebration-du-5-juillet-plus-de-700-000-logements-distribues-depuis-2020\/\" \/>\n<meta property=\"og:site_name\" content=\"La Sentinelle\" \/>\n<meta property=\"article:publisher\" content=\"https:\/\/www.facebook.com\/La-Sentinelle-104059864394773\" \/>\n<meta property=\"article:published_time\" content=\"2022-07-02T23:05:00+00:00\" \/>\n<meta property=\"og:image\" content=\"https:\/\/lasentinelle.dz\/wp-content\/uploads\/2022\/07\/logement-algerie.png\" \/>\n\t<meta property=\"og:image:width\" content=\"1351\" \/>\n\t<meta property=\"og:image:height\" content=\"900\" \/>\n\t<meta property=\"og:image:type\" content=\"image\/png\" \/>\n<meta name=\"author\" content=\"La Sentinelle\" \/>\n<meta name=\"twitter:card\" content=\"summary_large_image\" \/>\n<meta name=\"twitter:label1\" content=\"\u00c9crit par\" \/>\n\t<meta name=\"twitter:data1\" content=\"La Sentinelle\" \/>\n\t<meta name=\"twitter:label2\" content=\"Dur\u00e9e de lecture estim\u00e9e\" \/>\n\t<meta name=\"twitter:data2\" content=\"3 minutes\" \/>\n<script type=\"application\/ld+json\" class=\"yoast-schema-graph\">{\"@context\":\"https:\\\/\\\/schema.org\",\"@graph\":[{\"@type\":\"Article\",\"@id\":\"https:\\\/\\\/lasentinelle.dz\\\/index.php\\\/2022\\\/07\\\/03\\\/la-plus-grande-operation-de-distribution-de-logements-marquera-la-celebration-du-5-juillet-plus-de-700-000-logements-distribues-depuis-2020\\\/#article\",\"isPartOf\":{\"@id\":\"https:\\\/\\\/lasentinelle.dz\\\/index.php\\\/2022\\\/07\\\/03\\\/la-plus-grande-operation-de-distribution-de-logements-marquera-la-celebration-du-5-juillet-plus-de-700-000-logements-distribues-depuis-2020\\\/\"},\"author\":{\"name\":\"La Sentinelle\",\"@id\":\"https:\\\/\\\/lasentinelle.dz\\\/#\\\/schema\\\/person\\\/d865044e22e70a75174ce8bcad3acfb3\"},\"headline\":\"La plus grande op\u00e9ration de distribution de logements marquera la c\u00e9l\u00e9bration du 5 Juillet\u00a0: Plus de 700.000 logements distribu\u00e9s depuis 2020\",\"datePublished\":\"2022-07-02T23:05:00+00:00\",\"mainEntityOfPage\":{\"@id\":\"https:\\\/\\\/lasentinelle.dz\\\/index.php\\\/2022\\\/07\\\/03\\\/la-plus-grande-operation-de-distribution-de-logements-marquera-la-celebration-du-5-juillet-plus-de-700-000-logements-distribues-depuis-2020\\\/\"},\"wordCount\":618,\"commentCount\":0,\"publisher\":{\"@id\":\"https:\\\/\\\/lasentinelle.dz\\\/#organization\"},\"image\":{\"@id\":\"https:\\\/\\\/lasentinelle.dz\\\/index.php\\\/2022\\\/07\\\/03\\\/la-plus-grande-operation-de-distribution-de-logements-marquera-la-celebration-du-5-juillet-plus-de-700-000-logements-distribues-depuis-2020\\\/#primaryimage\"},\"thumbnailUrl\":\"https:\\\/\\\/lasentinelle.dz\\\/wp-content\\\/uploads\\\/2022\\\/07\\\/logement-algerie.png\",\"articleSection\":[\"\u00c0 la Une\",\"Actualit\u00e9\"],\"inLanguage\":\"fr-FR\",\"potentialAction\":[{\"@type\":\"CommentAction\",\"name\":\"Comment\",\"target\":[\"https:\\\/\\\/lasentinelle.dz\\\/index.php\\\/2022\\\/07\\\/03\\\/la-plus-grande-operation-de-distribution-de-logements-marquera-la-celebration-du-5-juillet-plus-de-700-000-logements-distribues-depuis-2020\\\/#respond\"]}]},{\"@type\":\"WebPage\",\"@id\":\"https:\\\/\\\/lasentinelle.dz\\\/index.php\\\/2022\\\/07\\\/03\\\/la-plus-grande-operation-de-distribution-de-logements-marquera-la-celebration-du-5-juillet-plus-de-700-000-logements-distribues-depuis-2020\\\/\",\"url\":\"https:\\\/\\\/lasentinelle.dz\\\/index.php\\\/2022\\\/07\\\/03\\\/la-plus-grande-operation-de-distribution-de-logements-marquera-la-celebration-du-5-juillet-plus-de-700-000-logements-distribues-depuis-2020\\\/\",\"name\":\"La plus grande op\u00e9ration de distribution de logements marquera la c\u00e9l\u00e9bration du 5 Juillet\u00a0: Plus de 700.000 logements distribu\u00e9s depuis 2020 - La Sentinelle\",\"isPartOf\":{\"@id\":\"https:\\\/\\\/lasentinelle.dz\\\/#website\"},\"primaryImageOfPage\":{\"@id\":\"https:\\\/\\\/lasentinelle.dz\\\/index.php\\\/2022\\\/07\\\/03\\\/la-plus-grande-operation-de-distribution-de-logements-marquera-la-celebration-du-5-juillet-plus-de-700-000-logements-distribues-depuis-2020\\\/#primaryimage\"},\"image\":{\"@id\":\"https:\\\/\\\/lasentinelle.dz\\\/index.php\\\/2022\\\/07\\\/03\\\/la-plus-grande-operation-de-distribution-de-logements-marquera-la-celebration-du-5-juillet-plus-de-700-000-logements-distribues-depuis-2020\\\/#primaryimage\"},\"thumbnailUrl\":\"https:\\\/\\\/lasentinelle.dz\\\/wp-content\\\/uploads\\\/2022\\\/07\\\/logement-algerie.png\",\"datePublished\":\"2022-07-02T23:05:00+00:00\",\"breadcrumb\":{\"@id\":\"https:\\\/\\\/lasentinelle.dz\\\/index.php\\\/2022\\\/07\\\/03\\\/la-plus-grande-operation-de-distribution-de-logements-marquera-la-celebration-du-5-juillet-plus-de-700-000-logements-distribues-depuis-2020\\\/#breadcrumb\"},\"inLanguage\":\"fr-FR\",\"potentialAction\":[{\"@type\":\"ReadAction\",\"target\":[\"https:\\\/\\\/lasentinelle.dz\\\/index.php\\\/2022\\\/07\\\/03\\\/la-plus-grande-operation-de-distribution-de-logements-marquera-la-celebration-du-5-juillet-plus-de-700-000-logements-distribues-depuis-2020\\\/\"]}]},{\"@type\":\"ImageObject\",\"inLanguage\":\"fr-FR\",\"@id\":\"https:\\\/\\\/lasentinelle.dz\\\/index.php\\\/2022\\\/07\\\/03\\\/la-plus-grande-operation-de-distribution-de-logements-marquera-la-celebration-du-5-juillet-plus-de-700-000-logements-distribues-depuis-2020\\\/#primaryimage\",\"url\":\"https:\\\/\\\/lasentinelle.dz\\\/wp-content\\\/uploads\\\/2022\\\/07\\\/logement-algerie.png\",\"contentUrl\":\"https:\\\/\\\/lasentinelle.dz\\\/wp-content\\\/uploads\\\/2022\\\/07\\\/logement-algerie.png\",\"width\":1351,\"height\":900},{\"@type\":\"BreadcrumbList\",\"@id\":\"https:\\\/\\\/lasentinelle.dz\\\/index.php\\\/2022\\\/07\\\/03\\\/la-plus-grande-operation-de-distribution-de-logements-marquera-la-celebration-du-5-juillet-plus-de-700-000-logements-distribues-depuis-2020\\\/#breadcrumb\",\"itemListElement\":[{\"@type\":\"ListItem\",\"position\":1,\"name\":\"Accueil\",\"item\":\"https:\\\/\\\/lasentinelle.dz\\\/\"},{\"@type\":\"ListItem\",\"position\":2,\"name\":\"La plus grande op\u00e9ration de distribution de logements marquera la c\u00e9l\u00e9bration du 5 Juillet\u00a0: Plus de 700.000 logements distribu\u00e9s depuis 2020\"}]},{\"@type\":\"WebSite\",\"@id\":\"https:\\\/\\\/lasentinelle.dz\\\/#website\",\"url\":\"https:\\\/\\\/lasentinelle.dz\\\/\",\"name\":\"La Sentinelle\",\"description\":\"Quotidien national d&#039;information\",\"publisher\":{\"@id\":\"https:\\\/\\\/lasentinelle.dz\\\/#organization\"},\"potentialAction\":[{\"@type\":\"SearchAction\",\"target\":{\"@type\":\"EntryPoint\",\"urlTemplate\":\"https:\\\/\\\/lasentinelle.dz\\\/?s={search_term_string}\"},\"query-input\":{\"@type\":\"PropertyValueSpecification\",\"valueRequired\":true,\"valueName\":\"search_term_string\"}}],\"inLanguage\":\"fr-FR\"},{\"@type\":\"Organization\",\"@id\":\"https:\\\/\\\/lasentinelle.dz\\\/#organization\",\"name\":\"Quotidien La Sentinelle\",\"url\":\"https:\\\/\\\/lasentinelle.dz\\\/\",\"logo\":{\"@type\":\"ImageObject\",\"inLanguage\":\"fr-FR\",\"@id\":\"https:\\\/\\\/lasentinelle.dz\\\/#\\\/schema\\\/logo\\\/image\\\/\",\"url\":\"https:\\\/\\\/lasentinelle.dz\\\/wp-content\\\/uploads\\\/2021\\\/09\\\/logo-sentinelleSLOGAN-1.png\",\"contentUrl\":\"https:\\\/\\\/lasentinelle.dz\\\/wp-content\\\/uploads\\\/2021\\\/09\\\/logo-sentinelleSLOGAN-1.png\",\"width\":615,\"height\":142,\"caption\":\"Quotidien La Sentinelle\"},\"image\":{\"@id\":\"https:\\\/\\\/lasentinelle.dz\\\/#\\\/schema\\\/logo\\\/image\\\/\"},\"sameAs\":[\"https:\\\/\\\/www.facebook.com\\\/La-Sentinelle-104059864394773\"]},{\"@type\":\"Person\",\"@id\":\"https:\\\/\\\/lasentinelle.dz\\\/#\\\/schema\\\/person\\\/d865044e22e70a75174ce8bcad3acfb3\",\"name\":\"La Sentinelle\",\"image\":{\"@type\":\"ImageObject\",\"inLanguage\":\"fr-FR\",\"@id\":\"https:\\\/\\\/secure.gravatar.com\\\/avatar\\\/57de8e5d4b15d43fb361a71fbb36338450fe67865b528a43dd10ef7c51a20392?s=96&d=mm&r=g\",\"url\":\"https:\\\/\\\/secure.gravatar.com\\\/avatar\\\/57de8e5d4b15d43fb361a71fbb36338450fe67865b528a43dd10ef7c51a20392?s=96&d=mm&r=g\",\"contentUrl\":\"https:\\\/\\\/secure.gravatar.com\\\/avatar\\\/57de8e5d4b15d43fb361a71fbb36338450fe67865b528a43dd10ef7c51a20392?s=96&d=mm&r=g\",\"caption\":\"La Sentinelle\"},\"sameAs\":[\"http:\\\/\\\/www.lasentinelle.dz\"],\"url\":\"https:\\\/\\\/lasentinelle.dz\\\/author\\\/redaction\\\/\"}]}<\/script>\n<!-- \/ Yoast SEO plugin. -->","yoast_head_json":{"title":"La plus grande op\u00e9ration de distribution de logements marquera la c\u00e9l\u00e9bration du 5 Juillet\u00a0: Plus de 700.000 logements distribu\u00e9s depuis 2020 - La Sentinelle","robots":{"index":"index","follow":"follow","max-snippet":"max-snippet:-1","max-image-preview":"max-image-preview:large","max-video-preview":"max-video-preview:-1"},"canonical":"https:\/\/lasentinelle.dz\/index.php\/2022\/07\/03\/la-plus-grande-operation-de-distribution-de-logements-marquera-la-celebration-du-5-juillet-plus-de-700-000-logements-distribues-depuis-2020\/","og_locale":"fr_FR","og_type":"article","og_title":"La plus grande op\u00e9ration de distribution de logements marquera la c\u00e9l\u00e9bration du 5 Juillet\u00a0: Plus de 700.000 logements distribu\u00e9s depuis 2020 - La Sentinelle","og_description":"La c\u00e9l\u00e9bration du soixantenaire de l\u2019ind\u00e9pendance sera marqu\u00e9 par la plus grande op\u00e9ration de distribution de logements que l\u2019Alg\u00e9rie ait","og_url":"https:\/\/lasentinelle.dz\/index.php\/2022\/07\/03\/la-plus-grande-operation-de-distribution-de-logements-marquera-la-celebration-du-5-juillet-plus-de-700-000-logements-distribues-depuis-2020\/","og_site_name":"La Sentinelle","article_publisher":"https:\/\/www.facebook.com\/La-Sentinelle-104059864394773","article_published_time":"2022-07-02T23:05:00+00:00","og_image":[{"width":1351,"height":900,"url":"https:\/\/lasentinelle.dz\/wp-content\/uploads\/2022\/07\/logement-algerie.png","type":"image\/png"}],"author":"La Sentinelle","twitter_card":"summary_large_image","twitter_misc":{"\u00c9crit par":"La Sentinelle","Dur\u00e9e de lecture estim\u00e9e":"3 minutes"},"schema":{"@context":"https:\/\/schema.org","@graph":[{"@type":"Article","@id":"https:\/\/lasentinelle.dz\/index.php\/2022\/07\/03\/la-plus-grande-operation-de-distribution-de-logements-marquera-la-celebration-du-5-juillet-plus-de-700-000-logements-distribues-depuis-2020\/#article","isPartOf":{"@id":"https:\/\/lasentinelle.dz\/index.php\/2022\/07\/03\/la-plus-grande-operation-de-distribution-de-logements-marquera-la-celebration-du-5-juillet-plus-de-700-000-logements-distribues-depuis-2020\/"},"author":{"name":"La Sentinelle","@id":"https:\/\/lasentinelle.dz\/#\/schema\/person\/d865044e22e70a75174ce8bcad3acfb3"},"headline":"La plus grande op\u00e9ration de distribution de logements marquera la c\u00e9l\u00e9bration du 5 Juillet\u00a0: Plus de 700.000 logements distribu\u00e9s depuis 2020","datePublished":"2022-07-02T23:05:00+00:00","mainEntityOfPage":{"@id":"https:\/\/lasentinelle.dz\/index.php\/2022\/07\/03\/la-plus-grande-operation-de-distribution-de-logements-marquera-la-celebration-du-5-juillet-plus-de-700-000-logements-distribues-depuis-2020\/"},"wordCount":618,"commentCount":0,"publisher":{"@id":"https:\/\/lasentinelle.dz\/#organization"},"image":{"@id":"https:\/\/lasentinelle.dz\/index.php\/2022\/07\/03\/la-plus-grande-operation-de-distribution-de-logements-marquera-la-celebration-du-5-juillet-plus-de-700-000-logements-distribues-depuis-2020\/#primaryimage"},"thumbnailUrl":"https:\/\/lasentinelle.dz\/wp-content\/uploads\/2022\/07\/logement-algerie.png","articleSection":["\u00c0 la Une","Actualit\u00e9"],"inLanguage":"fr-FR","potentialAction":[{"@type":"CommentAction","name":"Comment","target":["https:\/\/lasentinelle.dz\/index.php\/2022\/07\/03\/la-plus-grande-operation-de-distribution-de-logements-marquera-la-celebration-du-5-juillet-plus-de-700-000-logements-distribues-depuis-2020\/#respond"]}]},{"@type":"WebPage","@id":"https:\/\/lasentinelle.dz\/index.php\/2022\/07\/03\/la-plus-grande-operation-de-distribution-de-logements-marquera-la-celebration-du-5-juillet-plus-de-700-000-logements-distribues-depuis-2020\/","url":"https:\/\/lasentinelle.dz\/index.php\/2022\/07\/03\/la-plus-grande-operation-de-distribution-de-logements-marquera-la-celebration-du-5-juillet-plus-de-700-000-logements-distribues-depuis-2020\/","name":"La plus grande op\u00e9ration de distribution de logements marquera la c\u00e9l\u00e9bration du 5 Juillet\u00a0: Plus de 700.000 logements distribu\u00e9s depuis 2020 - La Sentinelle","isPartOf":{"@id":"https:\/\/lasentinelle.dz\/#website"},"primaryImageOfPage":{"@id":"https:\/\/lasentinelle.dz\/index.php\/2022\/07\/03\/la-plus-grande-operation-de-distribution-de-logements-marquera-la-celebration-du-5-juillet-plus-de-700-000-logements-distribues-depuis-2020\/#primaryimage"},"image":{"@id":"https:\/\/lasentinelle.dz\/index.php\/2022\/07\/03\/la-plus-grande-operation-de-distribution-de-logements-marquera-la-celebration-du-5-juillet-plus-de-700-000-logements-distribues-depuis-2020\/#primaryimage"},"thumbnailUrl":"https:\/\/lasentinelle.dz\/wp-content\/uploads\/2022\/07\/logement-algerie.png","datePublished":"2022-07-02T23:05:00+00:00","breadcrumb":{"@id":"https:\/\/lasentinelle.dz\/index.php\/2022\/07\/03\/la-plus-grande-operation-de-distribution-de-logements-marquera-la-celebration-du-5-juillet-plus-de-700-000-logements-distribues-depuis-2020\/#breadcrumb"},"inLanguage":"fr-FR","potentialAction":[{"@type":"ReadAction","target":["https:\/\/lasentinelle.dz\/index.php\/2022\/07\/03\/la-plus-grande-operation-de-distribution-de-logements-marquera-la-celebration-du-5-juillet-plus-de-700-000-logements-distribues-depuis-2020\/"]}]},{"@type":"ImageObject","inLanguage":"fr-FR","@id":"https:\/\/lasentinelle.dz\/index.php\/2022\/07\/03\/la-plus-grande-operation-de-distribution-de-logements-marquera-la-celebration-du-5-juillet-plus-de-700-000-logements-distribues-depuis-2020\/#primaryimage","url":"https:\/\/lasentinelle.dz\/wp-content\/uploads\/2022\/07\/logement-algerie.png","contentUrl":"https:\/\/lasentinelle.dz\/wp-content\/uploads\/2022\/07\/logement-algerie.png","width":1351,"height":900},{"@type":"BreadcrumbList","@id":"https:\/\/lasentinelle.dz\/index.php\/2022\/07\/03\/la-plus-grande-operation-de-distribution-de-logements-marquera-la-celebration-du-5-juillet-plus-de-700-000-logements-distribues-depuis-2020\/#breadcrumb","itemListElement":[{"@type":"ListItem","position":1,"name":"Accueil","item":"https:\/\/lasentinelle.dz\/"},{"@type":"ListItem","position":2,"name":"La plus grande op\u00e9ration de distribution de logements marquera la c\u00e9l\u00e9bration du 5 Juillet\u00a0: Plus de 700.000 logements distribu\u00e9s depuis 2020"}]},{"@type":"WebSite","@id":"https:\/\/lasentinelle.dz\/#website","url":"https:\/\/lasentinelle.dz\/","name":"La Sentinelle","description":"Quotidien national d&#039;information","publisher":{"@id":"https:\/\/lasentinelle.dz\/#organization"},"potentialAction":[{"@type":"SearchAction","target":{"@type":"EntryPoint","urlTemplate":"https:\/\/lasentinelle.dz\/?s={search_term_string}"},"query-input":{"@type":"PropertyValueSpecification","valueRequired":true,"valueName":"search_term_string"}}],"inLanguage":"fr-FR"},{"@type":"Organization","@id":"https:\/\/lasentinelle.dz\/#organization","name":"Quotidien La Sentinelle","url":"https:\/\/lasentinelle.dz\/","logo":{"@type":"ImageObject","inLanguage":"fr-FR","@id":"https:\/\/lasentinelle.dz\/#\/schema\/logo\/image\/","url":"https:\/\/lasentinelle.dz\/wp-content\/uploads\/2021\/09\/logo-sentinelleSLOGAN-1.png","contentUrl":"https:\/\/lasentinelle.dz\/wp-content\/uploads\/2021\/09\/logo-sentinelleSLOGAN-1.png","width":615,"height":142,"caption":"Quotidien La Sentinelle"},"image":{"@id":"https:\/\/lasentinelle.dz\/#\/schema\/logo\/image\/"},"sameAs":["https:\/\/www.facebook.com\/La-Sentinelle-104059864394773"]},{"@type":"Person","@id":"https:\/\/lasentinelle.dz\/#\/schema\/person\/d865044e22e70a75174ce8bcad3acfb3","name":"La Sentinelle","image":{"@type":"ImageObject","inLanguage":"fr-FR","@id":"https:\/\/secure.gravatar.com\/avatar\/57de8e5d4b15d43fb361a71fbb36338450fe67865b528a43dd10ef7c51a20392?s=96&d=mm&r=g","url":"https:\/\/secure.gravatar.com\/avatar\/57de8e5d4b15d43fb361a71fbb36338450fe67865b528a43dd10ef7c51a20392?s=96&d=mm&r=g","contentUrl":"https:\/\/secure.gravatar.com\/avatar\/57de8e5d4b15d43fb361a71fbb36338450fe67865b528a43dd10ef7c51a20392?s=96&d=mm&r=g","caption":"La Sentinelle"},"sameAs":["http:\/\/www.lasentinelle.dz"],"url":"https:\/\/lasentinelle.dz\/author\/redaction\/"}]}},"_links":{"self":[{"href":"https:\/\/lasentinelle.dz\/index.php\/wp-json\/wp\/v2\/posts\/23524","targetHints":{"allow":["GET"]}}],"collection":[{"href":"https:\/\/lasentinelle.dz\/index.php\/wp-json\/wp\/v2\/posts"}],"about":[{"href":"https:\/\/lasentinelle.dz\/index.php\/wp-json\/wp\/v2\/types\/post"}],"author":[{"embeddable":true,"href":"https:\/\/lasentinelle.dz\/index.php\/wp-json\/wp\/v2\/users\/3"}],"replies":[{"embeddable":true,"href":"https:\/\/lasentinelle.dz\/index.php\/wp-json\/wp\/v2\/comments?post=23524"}],"version-history":[{"count":1,"href":"https:\/\/lasentinelle.dz\/index.php\/wp-json\/wp\/v2\/posts\/23524\/revisions"}],"predecessor-version":[{"id":23534,"href":"https:\/\/lasentinelle.dz\/index.php\/wp-json\/wp\/v2\/posts\/23524\/revisions\/23534"}],"wp:featuredmedia":[{"embeddable":true,"href":"https:\/\/lasentinelle.dz\/index.php\/wp-json\/wp\/v2\/media\/23533"}],"wp:attachment":[{"href":"https:\/\/lasentinelle.dz\/index.php\/wp-json\/wp\/v2\/media?parent=23524"}],"wp:term":[{"taxonomy":"category","embeddable":true,"href":"https:\/\/lasentinelle.dz\/index.php\/wp-json\/wp\/v2\/categories?post=23524"},{"taxonomy":"post_tag","embeddable":true,"href":"https:\/\/lasentinelle.dz\/index.php\/wp-json\/wp\/v2\/tags?post=23524"}],"curies":[{"name":"wp","href":"https:\/\/api.w.org\/{rel}","templated":true}]}}