{"id":23590,"date":"2022-07-04T00:01:00","date_gmt":"2022-07-03T23:01:00","guid":{"rendered":"https:\/\/lasentinelle.dz\/?p=23590"},"modified":"2022-07-03T18:39:58","modified_gmt":"2022-07-03T17:39:58","slug":"pr-mohamed-belhadj-professeur-dhistoire-a-luniversite-doran-et-chercheur-au-crasc-la-recherche-historique-est-un-chantier-ouvert-a-l","status":"publish","type":"post","link":"https:\/\/lasentinelle.dz\/index.php\/2022\/07\/04\/pr-mohamed-belhadj-professeur-dhistoire-a-luniversite-doran-et-chercheur-au-crasc-la-recherche-historique-est-un-chantier-ouvert-a-l\/","title":{"rendered":"Pr. Mohamed\u00a0Belhadj,\u00a0professeur\u00a0d\u2019histoire \u00e0 l\u2019universit\u00e9 d\u2019Oran\u00a0et chercheur au Crasc\u00a0: \u00ab La\u00a0recherche historique est un chantier ouvert \u00e0 long terme\u00a0\u00bb\u00a0"},"content":{"rendered":"\n<p>Dans cet entretien,&nbsp;le professeur&nbsp;en histoire&nbsp;\u00e0 l\u2019Universit\u00e9 d\u2019Oran et chercheur au Centre de recherche en anthropologie sociale et culturelle (Crasc),&nbsp;Mohamed Belhadj, souligne toute la symbolique de la c\u00e9l\u00e9bration du 5-Juillet, notamment dans le contexte actuel.&nbsp;<\/p>\n\n\n\n<p><strong>La Sentinelle :&nbsp;<\/strong><strong>L\u2019Alg<\/strong><strong>\u00e9rie c\u00e9l\u00e8bre&nbsp;<\/strong><strong>le soixantenaire de son ind\u00e9pendance. Quelle symbolique rev\u00eat la date du 5 juillet pour les Alg\u00e9riens<\/strong><\/p>\n\n\n\n<p><strong>Mohamed Belhadj :<\/strong>&nbsp;La journ\u00e9e&nbsp;du 5 juillet est&nbsp;rev\u00eat aujourd\u2019hui une dimension&nbsp;historique et symbolique. Le 5 juillet est le symbole de&nbsp;l\u2019ind\u00e9pendance et de la lib\u00e9ration.&nbsp;Celui du&nbsp;recouvrement de la souverainet\u00e9 nationale&nbsp;et&nbsp;le point de la fin de la&nbsp;p\u00e9riode&nbsp;sombre&nbsp;du colonialisme fran\u00e7ais.&nbsp;Le choix du 5 juillet 1962 pour la proclamation officielle de l\u2019ind\u00e9pendance apr\u00e8s le r\u00e9f\u00e9rendum tenu au 1<sup>er<\/sup>&nbsp;juillet est d\u2019une symbolique forte.&nbsp;<\/p>\n\n\n\n<p>Car avant cette date, le 5 juillet \u00e9tait associ\u00e9e \u00e0 la chute d\u2019Alger et le d\u00e9but d\u2019une p\u00e9riode sombre de l\u2019Histoire. Ilrepr\u00e9sentait d\u2019abord la perte de souverainet\u00e9 nationale&nbsp;et&nbsp;&nbsp;le d\u00e9but d\u2019un&nbsp;colonialisme marquant la division des&nbsp;Alg\u00e9riens, leur appauvrissement, leur transformation en khemas et serviteurs des colons. Le 05 juillet 1962 est un couronnement d\u2019un militantisme des g\u00e9n\u00e9rations et non pas seulement le militantisme&nbsp;&nbsp;de la g\u00e9n\u00e9ration de novembre. Ce rep\u00e8re historique repr\u00e9sente aussi les multiples sacrifices des&nbsp;Alg\u00e9riens \u00e0 partir du 5 juillet 1830. Et&nbsp;&nbsp;bien avant cette date, il y a eu une r\u00e9sistance f\u00e9roce politique, et&nbsp;&nbsp;m\u00eame arm\u00e9e.&nbsp;Le 05juillet 1962 a ray\u00e9 cette image noire, sachant qu\u2019en 1930 les colonialistes ont c\u00e9l\u00e9br\u00e9 le centenaire du colonialisme et dans lequel ils ont&nbsp;essay\u00e9 vainement de prouver&nbsp;les colons ne quitteraient pas l\u2019Algerie. Quand&nbsp;on aborde le 5 juillet 1962, on aborde ces c\u00e9l\u00e9brations et cette fiert\u00e9 de notre appartenance \u00e0 ce pays, de son drapeau hiss\u00e9 dans les villes, les villages et les montagnes.&nbsp;&nbsp;Dans la ville d\u2019Oran, le 5 juillet 1962&nbsp;porte&nbsp;un sentiment particulier.&nbsp;Lorsque la langue des armes a cess\u00e9 un peu partout en Algerie en application des Accords d\u2019Evian&nbsp;et le cessez-le-feu entr\u00e9 en vigueur le 19 mars 1962, la ville d\u2019Oran est rentr\u00e9 dans un cercle infernal et plong\u00e9 dans un bain de sang et v\u00e9cu une p\u00e9riode sanguinaire de son histoire des suite des crimes ex\u00e9cut\u00e9s par l\u2019Organisation arm\u00e9e secr\u00e8te et dont&nbsp;laquelle Oran a constitu\u00e9 l\u2019un des fiefs en Alg\u00e9rie. Une p\u00e9riode&nbsp;marqu\u00e9e&nbsp;par des tueries collectives et&nbsp;les ex\u00e9cutions men\u00e9es par l\u2019organisation terroriste.&nbsp;Le 5 juillet est dans ce sens une symbolique forte, car la fin de l\u2019infamie colonialiste a \u00e9t\u00e9 act\u00e9e.&nbsp;Notre joie est aujourd\u2019hui double. Et quand on \u00e9voque le 5 juillet, on doit n\u00e9cessairement aborder la m\u00e9moire des hommes qui ont marqu\u00e9 ce rep\u00e8re important de l\u2019histoire. D\u2019ailleurs, nous organisont&nbsp;aujourd\u2019hui,&nbsp;&nbsp;une rencontre,&nbsp;dans le cadre d\u2019un partenariat entre l\u2019universit\u00e9 d\u2019Oran et le Crasc,&nbsp;qui \u00e9voquera la vie de l\u2019un&nbsp;des h\u00e9ros&nbsp;qui&nbsp;ont contribu\u00e9 au processus de lib\u00e9ration. Il s\u2019agit du capitaine Djelloul Bakhti Nemiche&nbsp;qui a \u00e9t\u00e9 charg\u00e9 par la direction de l\u2019Arm\u00e9e de lib\u00e9ration&nbsp;nationale deveiller \u00e0 la mise en \u0153uvre du cessez le feu \u00e0 Oran et affronter l\u2019OAS.&nbsp;<\/p>\n\n\n\n<p><strong>La c\u00e9l\u00e9bration du 5-Juillet rev\u00eat aujourd\u2019hui une importance particuli\u00e8re avec des festivit\u00e9s qui dureront une ann\u00e9e. Quelle dimension rev\u00eat aujourd\u2019hui cette date cl\u00e9 dans l\u2019Histoire de notre pays&nbsp;?<\/strong><\/p>\n\n\n\n<p>Il ya l\u2019ind\u00e9pendance et la lib\u00e9ration. L\u2019ind\u00e9pendance est une d\u00e9marche dans la lib\u00e9ration. Et l\u2019ind\u00e9pendance passe surtout par le recouvrement de la souverainet\u00e9. Et c\u2019est en ce sens que les accords d\u2019\u00c9vian ont suscit\u00e9 le d\u00e9bat et un d\u00e9saccord sur certain points&nbsp;entre le GPRA et l\u2019Etat major&nbsp;de l\u2019ALN.&nbsp;Si ces accords ont permis de hisser le&nbsp;drapeau national et le recouvrement de la souverainet\u00e9 nationale, le processus s\u2019est poursuivi&nbsp;par d\u2019autres d\u00e9marches&nbsp;pour garantir le recouvrement de l\u2019ind\u00e9pendance dans d\u2019autres domaines.&nbsp;La politique des nationalisations&nbsp;men\u00e9e par le gouvernement alg\u00e9rien,&nbsp;la nationalisation des a\u00e9roports, les hydrocarbures, par exemples entraient dans le cadre de cette d\u00e9marche. La r\u00e9cup\u00e9ration&nbsp;de Mers El Kebir en 1968&nbsp;l\u2019algerianisation de l\u2019enseignement,&nbsp;pour garantir&nbsp;une ind\u00e9pendance culturelle,&nbsp;sont aussi les symboles de ce processus.&nbsp;<\/p>\n\n\n\n<p>L\u2019ind\u00e9pendance nationale est tributaire de la libert\u00e9 de la d\u00e9cision. Celle ci est \u00e0 son tour tributaire de la force \u00e9conomique. L\u2019auto-suffisance dans le domaine alimentaire est aussi une lib\u00e9ration.&nbsp;&nbsp;Nous avons des d\u2019importantes potentialit\u00e9s et d\u2019importants moyens nous permettant d\u2019alimenter l\u2019Afrique et l\u2019Europe. Cependant, nous sommes rest\u00e9s, trop longtemps&nbsp;fig\u00e9s dans les m\u00eames pratiques li\u00e9es \u00e0 la propri\u00e9t\u00e9, le soutien du fellah etc. Nous&nbsp;avons besoins&nbsp;de proc\u00e9dures audacieuses \u00e0 imposer par une&nbsp;volont\u00e9&nbsp;politique.<\/p>\n\n\n\n<p>Il faut&nbsp;une r\u00e9flexion sur notre s\u00e9curit\u00e9 alimentaire. Nous sommes en face d\u2019un grand d\u00e9fi d\u2019autant qu\u2019en plus du p\u00e9trole et du gaz, l\u2019Alg\u00e9rie&nbsp;dispose&nbsp;d\u2019importantes richesses, en plus de ses potentialit\u00e9s humaines.<\/p>\n\n\n\n<p><strong>La question de la m\u00e9moire est une pr\u00e9occupation centrale des plus hautes autorit\u00e9s du pays.&nbsp;Quels sont les chantiers qui m\u00e9ritent d\u2019\u00eatre lanc\u00e9s \u00e0 l\u2019heure actuelle ?<\/strong><\/p>\n\n\n\n<p>Le champ de recherche historique est un chantier ouvert \u00e0 long terme. J\u2019animais une \u00e9mission d\u2019histoire \u00e0 la radio d\u2019Oran. Au d\u00e9part, je suis all\u00e9 sur 02 mois. Au final, je me retrouv\u00e9 \u00e0 parler de la guerre de lib\u00e9ration&nbsp;&nbsp;pendant 5 ans.J\u2019ai conclu que le travail est \u00e0 poursuivre et le chantier est toujours ouvert de mani\u00e8re permanente.&nbsp;&nbsp;Nous avons beaucoup de figures oubli\u00e9s par l\u2019histoire alg\u00e9rienne.<\/p>\n\n\n\n<p>Il faut qu\u2019on parle des leaders, de ces personnalit\u00e9 et de ces soldats qui ont servi la cause nationale. Nous remarquons des gens qui se placent en tant que d\u00e9tenteurs exclusifs de l\u2019histoire de la guerre de lib\u00e9ration nationale, des laboratoires de recherches excluent d\u2019autres. Au lieu de converger et de collaborer, l\u2019on a vers\u00e9 dans la concurrence d\u00e9loyale dans certains cas. En tant que chercheurs, nous sommes appel\u00e9s \u00e0 se serrer les coudes. La cause&nbsp;&nbsp;de l\u2019histoire est commune, elle ne concerne par uniquement les chercheurs. Elle concerne \u00e9galement l\u2019universit\u00e9, les organisations populaires qui doivent sortir de&nbsp;la typologie revendicatrice pour valoriser nos anc\u00eatres.&nbsp;Le secteur des affaires religieuses, la jeunesse et les sports, la formation professionnelle, les m\u00e9dias sont appel\u00e9s \u00e0 ancrer cette m\u00e9moire nationale.&nbsp;<\/p>\n\n\n\n<p><strong>Entretien r\u00e9alis\u00e9 par Amar Malki<\/strong><\/p>\n","protected":false},"excerpt":{"rendered":"<p>Dans cet entretien,&nbsp;le professeur&nbsp;en histoire&nbsp;\u00e0 l\u2019Universit\u00e9 d\u2019Oran et chercheur au Centre de recherche en anthropologie sociale et culturelle (Crasc),&nbsp;Mohamed Belhadj,<\/p>\n","protected":false},"author":3,"featured_media":23593,"comment_status":"open","ping_status":"closed","sticky":false,"template":"","format":"standard","meta":{"colormag_page_container_layout":"default_layout","colormag_page_sidebar_layout":"default_layout","om_disable_all_campaigns":false,"_monsterinsights_skip_tracking":false,"_monsterinsights_sitenote_active":false,"_monsterinsights_sitenote_note":"","_monsterinsights_sitenote_category":0,"footnotes":"","_wpscppro_dont_share_socialmedia":false,"_wpscppro_custom_social_share_image":0,"_facebook_share_type":"","_twitter_share_type":"","_linkedin_share_type":"","_pinterest_share_type":"","_linkedin_share_type_page":"","_instagram_share_type":"","_medium_share_type":"","_threads_share_type":"","_google_business_share_type":"","_selected_social_profile":[],"_wpsp_enable_custom_social_template":false,"_wpsp_social_scheduling":{"enabled":false,"datetime":null,"platforms":[],"status":"template_only","dateOption":"today","timeOption":"now","customDays":"","customHours":"","customDate":"","customTime":"","schedulingType":"absolute"},"_wpsp_active_default_template":true},"categories":[27],"tags":[],"class_list":["post-23590","post","type-post","status-publish","format-standard","has-post-thumbnail","hentry","category-actualite"],"aioseo_notices":[],"yoast_head":"<!-- This site is optimized with the Yoast SEO plugin v27.5 - https:\/\/yoast.com\/product\/yoast-seo-wordpress\/ -->\n<title>Pr. Mohamed\u00a0Belhadj,\u00a0professeur\u00a0d\u2019histoire \u00e0 l\u2019universit\u00e9 d\u2019Oran\u00a0et chercheur au Crasc\u00a0: \u00ab La\u00a0recherche historique est un chantier ouvert \u00e0 long terme\u00a0\u00bb\u00a0 - La Sentinelle<\/title>\n<meta name=\"robots\" content=\"index, follow, max-snippet:-1, max-image-preview:large, max-video-preview:-1\" \/>\n<link rel=\"canonical\" href=\"https:\/\/lasentinelle.dz\/index.php\/2022\/07\/04\/pr-mohamed-belhadj-professeur-dhistoire-a-luniversite-doran-et-chercheur-au-crasc-la-recherche-historique-est-un-chantier-ouvert-a-l\/\" \/>\n<meta property=\"og:locale\" content=\"fr_FR\" \/>\n<meta property=\"og:type\" content=\"article\" \/>\n<meta property=\"og:title\" content=\"Pr. Mohamed\u00a0Belhadj,\u00a0professeur\u00a0d\u2019histoire \u00e0 l\u2019universit\u00e9 d\u2019Oran\u00a0et chercheur au Crasc\u00a0: \u00ab La\u00a0recherche historique est un chantier ouvert \u00e0 long terme\u00a0\u00bb\u00a0 - La Sentinelle\" \/>\n<meta property=\"og:description\" content=\"Dans cet entretien,&nbsp;le professeur&nbsp;en histoire&nbsp;\u00e0 l\u2019Universit\u00e9 d\u2019Oran et chercheur au Centre de recherche en anthropologie sociale et culturelle (Crasc),&nbsp;Mohamed Belhadj,\" \/>\n<meta property=\"og:url\" content=\"https:\/\/lasentinelle.dz\/index.php\/2022\/07\/04\/pr-mohamed-belhadj-professeur-dhistoire-a-luniversite-doran-et-chercheur-au-crasc-la-recherche-historique-est-un-chantier-ouvert-a-l\/\" \/>\n<meta property=\"og:site_name\" content=\"La Sentinelle\" \/>\n<meta property=\"article:publisher\" content=\"https:\/\/www.facebook.com\/La-Sentinelle-104059864394773\" \/>\n<meta property=\"article:published_time\" content=\"2022-07-03T23:01:00+00:00\" \/>\n<meta property=\"og:image\" content=\"https:\/\/lasentinelle.dz\/wp-content\/uploads\/2022\/07\/belhadj.png\" \/>\n\t<meta property=\"og:image:width\" content=\"1600\" \/>\n\t<meta property=\"og:image:height\" content=\"900\" \/>\n\t<meta property=\"og:image:type\" content=\"image\/png\" \/>\n<meta name=\"author\" content=\"La Sentinelle\" \/>\n<meta name=\"twitter:card\" content=\"summary_large_image\" \/>\n<meta name=\"twitter:label1\" content=\"\u00c9crit par\" \/>\n\t<meta name=\"twitter:data1\" content=\"La Sentinelle\" \/>\n\t<meta name=\"twitter:label2\" content=\"Dur\u00e9e de lecture estim\u00e9e\" \/>\n\t<meta name=\"twitter:data2\" content=\"6 minutes\" \/>\n<script type=\"application\/ld+json\" class=\"yoast-schema-graph\">{\"@context\":\"https:\\\/\\\/schema.org\",\"@graph\":[{\"@type\":\"Article\",\"@id\":\"https:\\\/\\\/lasentinelle.dz\\\/index.php\\\/2022\\\/07\\\/04\\\/pr-mohamed-belhadj-professeur-dhistoire-a-luniversite-doran-et-chercheur-au-crasc-la-recherche-historique-est-un-chantier-ouvert-a-l\\\/#article\",\"isPartOf\":{\"@id\":\"https:\\\/\\\/lasentinelle.dz\\\/index.php\\\/2022\\\/07\\\/04\\\/pr-mohamed-belhadj-professeur-dhistoire-a-luniversite-doran-et-chercheur-au-crasc-la-recherche-historique-est-un-chantier-ouvert-a-l\\\/\"},\"author\":{\"name\":\"La Sentinelle\",\"@id\":\"https:\\\/\\\/lasentinelle.dz\\\/#\\\/schema\\\/person\\\/d865044e22e70a75174ce8bcad3acfb3\"},\"headline\":\"Pr. Mohamed\u00a0Belhadj,\u00a0professeur\u00a0d\u2019histoire \u00e0 l\u2019universit\u00e9 d\u2019Oran\u00a0et chercheur au Crasc\u00a0: \u00ab La\u00a0recherche historique est un chantier ouvert \u00e0 long terme\u00a0\u00bb\u00a0\",\"datePublished\":\"2022-07-03T23:01:00+00:00\",\"mainEntityOfPage\":{\"@id\":\"https:\\\/\\\/lasentinelle.dz\\\/index.php\\\/2022\\\/07\\\/04\\\/pr-mohamed-belhadj-professeur-dhistoire-a-luniversite-doran-et-chercheur-au-crasc-la-recherche-historique-est-un-chantier-ouvert-a-l\\\/\"},\"wordCount\":1272,\"commentCount\":0,\"publisher\":{\"@id\":\"https:\\\/\\\/lasentinelle.dz\\\/#organization\"},\"image\":{\"@id\":\"https:\\\/\\\/lasentinelle.dz\\\/index.php\\\/2022\\\/07\\\/04\\\/pr-mohamed-belhadj-professeur-dhistoire-a-luniversite-doran-et-chercheur-au-crasc-la-recherche-historique-est-un-chantier-ouvert-a-l\\\/#primaryimage\"},\"thumbnailUrl\":\"https:\\\/\\\/lasentinelle.dz\\\/wp-content\\\/uploads\\\/2022\\\/07\\\/belhadj.png\",\"articleSection\":[\"Actualit\u00e9\"],\"inLanguage\":\"fr-FR\",\"potentialAction\":[{\"@type\":\"CommentAction\",\"name\":\"Comment\",\"target\":[\"https:\\\/\\\/lasentinelle.dz\\\/index.php\\\/2022\\\/07\\\/04\\\/pr-mohamed-belhadj-professeur-dhistoire-a-luniversite-doran-et-chercheur-au-crasc-la-recherche-historique-est-un-chantier-ouvert-a-l\\\/#respond\"]}]},{\"@type\":\"WebPage\",\"@id\":\"https:\\\/\\\/lasentinelle.dz\\\/index.php\\\/2022\\\/07\\\/04\\\/pr-mohamed-belhadj-professeur-dhistoire-a-luniversite-doran-et-chercheur-au-crasc-la-recherche-historique-est-un-chantier-ouvert-a-l\\\/\",\"url\":\"https:\\\/\\\/lasentinelle.dz\\\/index.php\\\/2022\\\/07\\\/04\\\/pr-mohamed-belhadj-professeur-dhistoire-a-luniversite-doran-et-chercheur-au-crasc-la-recherche-historique-est-un-chantier-ouvert-a-l\\\/\",\"name\":\"Pr. Mohamed\u00a0Belhadj,\u00a0professeur\u00a0d\u2019histoire \u00e0 l\u2019universit\u00e9 d\u2019Oran\u00a0et chercheur au Crasc\u00a0: \u00ab La\u00a0recherche historique est un chantier ouvert \u00e0 long terme\u00a0\u00bb\u00a0 - La Sentinelle\",\"isPartOf\":{\"@id\":\"https:\\\/\\\/lasentinelle.dz\\\/#website\"},\"primaryImageOfPage\":{\"@id\":\"https:\\\/\\\/lasentinelle.dz\\\/index.php\\\/2022\\\/07\\\/04\\\/pr-mohamed-belhadj-professeur-dhistoire-a-luniversite-doran-et-chercheur-au-crasc-la-recherche-historique-est-un-chantier-ouvert-a-l\\\/#primaryimage\"},\"image\":{\"@id\":\"https:\\\/\\\/lasentinelle.dz\\\/index.php\\\/2022\\\/07\\\/04\\\/pr-mohamed-belhadj-professeur-dhistoire-a-luniversite-doran-et-chercheur-au-crasc-la-recherche-historique-est-un-chantier-ouvert-a-l\\\/#primaryimage\"},\"thumbnailUrl\":\"https:\\\/\\\/lasentinelle.dz\\\/wp-content\\\/uploads\\\/2022\\\/07\\\/belhadj.png\",\"datePublished\":\"2022-07-03T23:01:00+00:00\",\"breadcrumb\":{\"@id\":\"https:\\\/\\\/lasentinelle.dz\\\/index.php\\\/2022\\\/07\\\/04\\\/pr-mohamed-belhadj-professeur-dhistoire-a-luniversite-doran-et-chercheur-au-crasc-la-recherche-historique-est-un-chantier-ouvert-a-l\\\/#breadcrumb\"},\"inLanguage\":\"fr-FR\",\"potentialAction\":[{\"@type\":\"ReadAction\",\"target\":[\"https:\\\/\\\/lasentinelle.dz\\\/index.php\\\/2022\\\/07\\\/04\\\/pr-mohamed-belhadj-professeur-dhistoire-a-luniversite-doran-et-chercheur-au-crasc-la-recherche-historique-est-un-chantier-ouvert-a-l\\\/\"]}]},{\"@type\":\"ImageObject\",\"inLanguage\":\"fr-FR\",\"@id\":\"https:\\\/\\\/lasentinelle.dz\\\/index.php\\\/2022\\\/07\\\/04\\\/pr-mohamed-belhadj-professeur-dhistoire-a-luniversite-doran-et-chercheur-au-crasc-la-recherche-historique-est-un-chantier-ouvert-a-l\\\/#primaryimage\",\"url\":\"https:\\\/\\\/lasentinelle.dz\\\/wp-content\\\/uploads\\\/2022\\\/07\\\/belhadj.png\",\"contentUrl\":\"https:\\\/\\\/lasentinelle.dz\\\/wp-content\\\/uploads\\\/2022\\\/07\\\/belhadj.png\",\"width\":1600,\"height\":900},{\"@type\":\"BreadcrumbList\",\"@id\":\"https:\\\/\\\/lasentinelle.dz\\\/index.php\\\/2022\\\/07\\\/04\\\/pr-mohamed-belhadj-professeur-dhistoire-a-luniversite-doran-et-chercheur-au-crasc-la-recherche-historique-est-un-chantier-ouvert-a-l\\\/#breadcrumb\",\"itemListElement\":[{\"@type\":\"ListItem\",\"position\":1,\"name\":\"Accueil\",\"item\":\"https:\\\/\\\/lasentinelle.dz\\\/\"},{\"@type\":\"ListItem\",\"position\":2,\"name\":\"Pr. Mohamed\u00a0Belhadj,\u00a0professeur\u00a0d\u2019histoire \u00e0 l\u2019universit\u00e9 d\u2019Oran\u00a0et chercheur au Crasc\u00a0: \u00ab La\u00a0recherche historique est un chantier ouvert \u00e0 long terme\u00a0\u00bb\u00a0\"}]},{\"@type\":\"WebSite\",\"@id\":\"https:\\\/\\\/lasentinelle.dz\\\/#website\",\"url\":\"https:\\\/\\\/lasentinelle.dz\\\/\",\"name\":\"La Sentinelle\",\"description\":\"Quotidien national d&#039;information\",\"publisher\":{\"@id\":\"https:\\\/\\\/lasentinelle.dz\\\/#organization\"},\"potentialAction\":[{\"@type\":\"SearchAction\",\"target\":{\"@type\":\"EntryPoint\",\"urlTemplate\":\"https:\\\/\\\/lasentinelle.dz\\\/?s={search_term_string}\"},\"query-input\":{\"@type\":\"PropertyValueSpecification\",\"valueRequired\":true,\"valueName\":\"search_term_string\"}}],\"inLanguage\":\"fr-FR\"},{\"@type\":\"Organization\",\"@id\":\"https:\\\/\\\/lasentinelle.dz\\\/#organization\",\"name\":\"Quotidien La Sentinelle\",\"url\":\"https:\\\/\\\/lasentinelle.dz\\\/\",\"logo\":{\"@type\":\"ImageObject\",\"inLanguage\":\"fr-FR\",\"@id\":\"https:\\\/\\\/lasentinelle.dz\\\/#\\\/schema\\\/logo\\\/image\\\/\",\"url\":\"https:\\\/\\\/lasentinelle.dz\\\/wp-content\\\/uploads\\\/2021\\\/09\\\/logo-sentinelleSLOGAN-1.png\",\"contentUrl\":\"https:\\\/\\\/lasentinelle.dz\\\/wp-content\\\/uploads\\\/2021\\\/09\\\/logo-sentinelleSLOGAN-1.png\",\"width\":615,\"height\":142,\"caption\":\"Quotidien La Sentinelle\"},\"image\":{\"@id\":\"https:\\\/\\\/lasentinelle.dz\\\/#\\\/schema\\\/logo\\\/image\\\/\"},\"sameAs\":[\"https:\\\/\\\/www.facebook.com\\\/La-Sentinelle-104059864394773\"]},{\"@type\":\"Person\",\"@id\":\"https:\\\/\\\/lasentinelle.dz\\\/#\\\/schema\\\/person\\\/d865044e22e70a75174ce8bcad3acfb3\",\"name\":\"La Sentinelle\",\"image\":{\"@type\":\"ImageObject\",\"inLanguage\":\"fr-FR\",\"@id\":\"https:\\\/\\\/secure.gravatar.com\\\/avatar\\\/57de8e5d4b15d43fb361a71fbb36338450fe67865b528a43dd10ef7c51a20392?s=96&d=mm&r=g\",\"url\":\"https:\\\/\\\/secure.gravatar.com\\\/avatar\\\/57de8e5d4b15d43fb361a71fbb36338450fe67865b528a43dd10ef7c51a20392?s=96&d=mm&r=g\",\"contentUrl\":\"https:\\\/\\\/secure.gravatar.com\\\/avatar\\\/57de8e5d4b15d43fb361a71fbb36338450fe67865b528a43dd10ef7c51a20392?s=96&d=mm&r=g\",\"caption\":\"La Sentinelle\"},\"sameAs\":[\"http:\\\/\\\/www.lasentinelle.dz\"],\"url\":\"https:\\\/\\\/lasentinelle.dz\\\/author\\\/redaction\\\/\"}]}<\/script>\n<!-- \/ Yoast SEO plugin. -->","yoast_head_json":{"title":"Pr. Mohamed\u00a0Belhadj,\u00a0professeur\u00a0d\u2019histoire \u00e0 l\u2019universit\u00e9 d\u2019Oran\u00a0et chercheur au Crasc\u00a0: \u00ab La\u00a0recherche historique est un chantier ouvert \u00e0 long terme\u00a0\u00bb\u00a0 - La Sentinelle","robots":{"index":"index","follow":"follow","max-snippet":"max-snippet:-1","max-image-preview":"max-image-preview:large","max-video-preview":"max-video-preview:-1"},"canonical":"https:\/\/lasentinelle.dz\/index.php\/2022\/07\/04\/pr-mohamed-belhadj-professeur-dhistoire-a-luniversite-doran-et-chercheur-au-crasc-la-recherche-historique-est-un-chantier-ouvert-a-l\/","og_locale":"fr_FR","og_type":"article","og_title":"Pr. Mohamed\u00a0Belhadj,\u00a0professeur\u00a0d\u2019histoire \u00e0 l\u2019universit\u00e9 d\u2019Oran\u00a0et chercheur au Crasc\u00a0: \u00ab La\u00a0recherche historique est un chantier ouvert \u00e0 long terme\u00a0\u00bb\u00a0 - La Sentinelle","og_description":"Dans cet entretien,&nbsp;le professeur&nbsp;en histoire&nbsp;\u00e0 l\u2019Universit\u00e9 d\u2019Oran et chercheur au Centre de recherche en anthropologie sociale et culturelle (Crasc),&nbsp;Mohamed Belhadj,","og_url":"https:\/\/lasentinelle.dz\/index.php\/2022\/07\/04\/pr-mohamed-belhadj-professeur-dhistoire-a-luniversite-doran-et-chercheur-au-crasc-la-recherche-historique-est-un-chantier-ouvert-a-l\/","og_site_name":"La Sentinelle","article_publisher":"https:\/\/www.facebook.com\/La-Sentinelle-104059864394773","article_published_time":"2022-07-03T23:01:00+00:00","og_image":[{"width":1600,"height":900,"url":"https:\/\/lasentinelle.dz\/wp-content\/uploads\/2022\/07\/belhadj.png","type":"image\/png"}],"author":"La Sentinelle","twitter_card":"summary_large_image","twitter_misc":{"\u00c9crit par":"La Sentinelle","Dur\u00e9e de lecture estim\u00e9e":"6 minutes"},"schema":{"@context":"https:\/\/schema.org","@graph":[{"@type":"Article","@id":"https:\/\/lasentinelle.dz\/index.php\/2022\/07\/04\/pr-mohamed-belhadj-professeur-dhistoire-a-luniversite-doran-et-chercheur-au-crasc-la-recherche-historique-est-un-chantier-ouvert-a-l\/#article","isPartOf":{"@id":"https:\/\/lasentinelle.dz\/index.php\/2022\/07\/04\/pr-mohamed-belhadj-professeur-dhistoire-a-luniversite-doran-et-chercheur-au-crasc-la-recherche-historique-est-un-chantier-ouvert-a-l\/"},"author":{"name":"La Sentinelle","@id":"https:\/\/lasentinelle.dz\/#\/schema\/person\/d865044e22e70a75174ce8bcad3acfb3"},"headline":"Pr. Mohamed\u00a0Belhadj,\u00a0professeur\u00a0d\u2019histoire \u00e0 l\u2019universit\u00e9 d\u2019Oran\u00a0et chercheur au Crasc\u00a0: \u00ab La\u00a0recherche historique est un chantier ouvert \u00e0 long terme\u00a0\u00bb\u00a0","datePublished":"2022-07-03T23:01:00+00:00","mainEntityOfPage":{"@id":"https:\/\/lasentinelle.dz\/index.php\/2022\/07\/04\/pr-mohamed-belhadj-professeur-dhistoire-a-luniversite-doran-et-chercheur-au-crasc-la-recherche-historique-est-un-chantier-ouvert-a-l\/"},"wordCount":1272,"commentCount":0,"publisher":{"@id":"https:\/\/lasentinelle.dz\/#organization"},"image":{"@id":"https:\/\/lasentinelle.dz\/index.php\/2022\/07\/04\/pr-mohamed-belhadj-professeur-dhistoire-a-luniversite-doran-et-chercheur-au-crasc-la-recherche-historique-est-un-chantier-ouvert-a-l\/#primaryimage"},"thumbnailUrl":"https:\/\/lasentinelle.dz\/wp-content\/uploads\/2022\/07\/belhadj.png","articleSection":["Actualit\u00e9"],"inLanguage":"fr-FR","potentialAction":[{"@type":"CommentAction","name":"Comment","target":["https:\/\/lasentinelle.dz\/index.php\/2022\/07\/04\/pr-mohamed-belhadj-professeur-dhistoire-a-luniversite-doran-et-chercheur-au-crasc-la-recherche-historique-est-un-chantier-ouvert-a-l\/#respond"]}]},{"@type":"WebPage","@id":"https:\/\/lasentinelle.dz\/index.php\/2022\/07\/04\/pr-mohamed-belhadj-professeur-dhistoire-a-luniversite-doran-et-chercheur-au-crasc-la-recherche-historique-est-un-chantier-ouvert-a-l\/","url":"https:\/\/lasentinelle.dz\/index.php\/2022\/07\/04\/pr-mohamed-belhadj-professeur-dhistoire-a-luniversite-doran-et-chercheur-au-crasc-la-recherche-historique-est-un-chantier-ouvert-a-l\/","name":"Pr. Mohamed\u00a0Belhadj,\u00a0professeur\u00a0d\u2019histoire \u00e0 l\u2019universit\u00e9 d\u2019Oran\u00a0et chercheur au Crasc\u00a0: \u00ab La\u00a0recherche historique est un chantier ouvert \u00e0 long terme\u00a0\u00bb\u00a0 - La Sentinelle","isPartOf":{"@id":"https:\/\/lasentinelle.dz\/#website"},"primaryImageOfPage":{"@id":"https:\/\/lasentinelle.dz\/index.php\/2022\/07\/04\/pr-mohamed-belhadj-professeur-dhistoire-a-luniversite-doran-et-chercheur-au-crasc-la-recherche-historique-est-un-chantier-ouvert-a-l\/#primaryimage"},"image":{"@id":"https:\/\/lasentinelle.dz\/index.php\/2022\/07\/04\/pr-mohamed-belhadj-professeur-dhistoire-a-luniversite-doran-et-chercheur-au-crasc-la-recherche-historique-est-un-chantier-ouvert-a-l\/#primaryimage"},"thumbnailUrl":"https:\/\/lasentinelle.dz\/wp-content\/uploads\/2022\/07\/belhadj.png","datePublished":"2022-07-03T23:01:00+00:00","breadcrumb":{"@id":"https:\/\/lasentinelle.dz\/index.php\/2022\/07\/04\/pr-mohamed-belhadj-professeur-dhistoire-a-luniversite-doran-et-chercheur-au-crasc-la-recherche-historique-est-un-chantier-ouvert-a-l\/#breadcrumb"},"inLanguage":"fr-FR","potentialAction":[{"@type":"ReadAction","target":["https:\/\/lasentinelle.dz\/index.php\/2022\/07\/04\/pr-mohamed-belhadj-professeur-dhistoire-a-luniversite-doran-et-chercheur-au-crasc-la-recherche-historique-est-un-chantier-ouvert-a-l\/"]}]},{"@type":"ImageObject","inLanguage":"fr-FR","@id":"https:\/\/lasentinelle.dz\/index.php\/2022\/07\/04\/pr-mohamed-belhadj-professeur-dhistoire-a-luniversite-doran-et-chercheur-au-crasc-la-recherche-historique-est-un-chantier-ouvert-a-l\/#primaryimage","url":"https:\/\/lasentinelle.dz\/wp-content\/uploads\/2022\/07\/belhadj.png","contentUrl":"https:\/\/lasentinelle.dz\/wp-content\/uploads\/2022\/07\/belhadj.png","width":1600,"height":900},{"@type":"BreadcrumbList","@id":"https:\/\/lasentinelle.dz\/index.php\/2022\/07\/04\/pr-mohamed-belhadj-professeur-dhistoire-a-luniversite-doran-et-chercheur-au-crasc-la-recherche-historique-est-un-chantier-ouvert-a-l\/#breadcrumb","itemListElement":[{"@type":"ListItem","position":1,"name":"Accueil","item":"https:\/\/lasentinelle.dz\/"},{"@type":"ListItem","position":2,"name":"Pr. Mohamed\u00a0Belhadj,\u00a0professeur\u00a0d\u2019histoire \u00e0 l\u2019universit\u00e9 d\u2019Oran\u00a0et chercheur au Crasc\u00a0: \u00ab La\u00a0recherche historique est un chantier ouvert \u00e0 long terme\u00a0\u00bb\u00a0"}]},{"@type":"WebSite","@id":"https:\/\/lasentinelle.dz\/#website","url":"https:\/\/lasentinelle.dz\/","name":"La Sentinelle","description":"Quotidien national d&#039;information","publisher":{"@id":"https:\/\/lasentinelle.dz\/#organization"},"potentialAction":[{"@type":"SearchAction","target":{"@type":"EntryPoint","urlTemplate":"https:\/\/lasentinelle.dz\/?s={search_term_string}"},"query-input":{"@type":"PropertyValueSpecification","valueRequired":true,"valueName":"search_term_string"}}],"inLanguage":"fr-FR"},{"@type":"Organization","@id":"https:\/\/lasentinelle.dz\/#organization","name":"Quotidien La Sentinelle","url":"https:\/\/lasentinelle.dz\/","logo":{"@type":"ImageObject","inLanguage":"fr-FR","@id":"https:\/\/lasentinelle.dz\/#\/schema\/logo\/image\/","url":"https:\/\/lasentinelle.dz\/wp-content\/uploads\/2021\/09\/logo-sentinelleSLOGAN-1.png","contentUrl":"https:\/\/lasentinelle.dz\/wp-content\/uploads\/2021\/09\/logo-sentinelleSLOGAN-1.png","width":615,"height":142,"caption":"Quotidien La Sentinelle"},"image":{"@id":"https:\/\/lasentinelle.dz\/#\/schema\/logo\/image\/"},"sameAs":["https:\/\/www.facebook.com\/La-Sentinelle-104059864394773"]},{"@type":"Person","@id":"https:\/\/lasentinelle.dz\/#\/schema\/person\/d865044e22e70a75174ce8bcad3acfb3","name":"La Sentinelle","image":{"@type":"ImageObject","inLanguage":"fr-FR","@id":"https:\/\/secure.gravatar.com\/avatar\/57de8e5d4b15d43fb361a71fbb36338450fe67865b528a43dd10ef7c51a20392?s=96&d=mm&r=g","url":"https:\/\/secure.gravatar.com\/avatar\/57de8e5d4b15d43fb361a71fbb36338450fe67865b528a43dd10ef7c51a20392?s=96&d=mm&r=g","contentUrl":"https:\/\/secure.gravatar.com\/avatar\/57de8e5d4b15d43fb361a71fbb36338450fe67865b528a43dd10ef7c51a20392?s=96&d=mm&r=g","caption":"La Sentinelle"},"sameAs":["http:\/\/www.lasentinelle.dz"],"url":"https:\/\/lasentinelle.dz\/author\/redaction\/"}]}},"_links":{"self":[{"href":"https:\/\/lasentinelle.dz\/index.php\/wp-json\/wp\/v2\/posts\/23590","targetHints":{"allow":["GET"]}}],"collection":[{"href":"https:\/\/lasentinelle.dz\/index.php\/wp-json\/wp\/v2\/posts"}],"about":[{"href":"https:\/\/lasentinelle.dz\/index.php\/wp-json\/wp\/v2\/types\/post"}],"author":[{"embeddable":true,"href":"https:\/\/lasentinelle.dz\/index.php\/wp-json\/wp\/v2\/users\/3"}],"replies":[{"embeddable":true,"href":"https:\/\/lasentinelle.dz\/index.php\/wp-json\/wp\/v2\/comments?post=23590"}],"version-history":[{"count":1,"href":"https:\/\/lasentinelle.dz\/index.php\/wp-json\/wp\/v2\/posts\/23590\/revisions"}],"predecessor-version":[{"id":23594,"href":"https:\/\/lasentinelle.dz\/index.php\/wp-json\/wp\/v2\/posts\/23590\/revisions\/23594"}],"wp:featuredmedia":[{"embeddable":true,"href":"https:\/\/lasentinelle.dz\/index.php\/wp-json\/wp\/v2\/media\/23593"}],"wp:attachment":[{"href":"https:\/\/lasentinelle.dz\/index.php\/wp-json\/wp\/v2\/media?parent=23590"}],"wp:term":[{"taxonomy":"category","embeddable":true,"href":"https:\/\/lasentinelle.dz\/index.php\/wp-json\/wp\/v2\/categories?post=23590"},{"taxonomy":"post_tag","embeddable":true,"href":"https:\/\/lasentinelle.dz\/index.php\/wp-json\/wp\/v2\/tags?post=23590"}],"curies":[{"name":"wp","href":"https:\/\/api.w.org\/{rel}","templated":true}]}}