{"id":23610,"date":"2022-07-04T00:01:00","date_gmt":"2022-07-03T23:01:00","guid":{"rendered":"https:\/\/lasentinelle.dz\/?p=23610"},"modified":"2022-07-03T19:24:05","modified_gmt":"2022-07-03T18:24:05","slug":"message-du-chef-de-letat-major-de-lanp-a-loccasion-du-60e-anniversaire-de-lindependance-de-grandes-avancees-pour-reunir-les-a","status":"publish","type":"post","link":"https:\/\/lasentinelle.dz\/index.php\/2022\/07\/04\/message-du-chef-de-letat-major-de-lanp-a-loccasion-du-60e-anniversaire-de-lindependance-de-grandes-avancees-pour-reunir-les-a\/","title":{"rendered":"Message du\u00a0Chef de l\u2019\u00c9tat major de\u00a0l\u2019ANP \u00e0 l\u2019occasion du 60e\u00a0anniversaire de l\u2019ind\u00e9pendance\u00a0: \u00ab\u00a0De\u00a0grandes avanc\u00e9es pour r\u00e9unir les attributs de la puissance\u00a0\u00bb\ufffc"},"content":{"rendered":"\n<p>Le Chef de l\u2019\u00c9tat-major de l\u2019Arm\u00e9e nationale populaire a appel\u00e9 hier les jeunes \u00abappel\u00e9s \u00e0 mener et \u00e0 gagner la bataille de la conscience, en s\u2019armant des valeurs nationales authentiques et de veiller \u00e0 la pr\u00e9servation du legs des Chouhada&nbsp;\u00bb, pour faire face aux d\u00e9fis actuels. Dans un&nbsp;message&nbsp;\u00e0&nbsp;l\u2019occasion du 60e anniversaire de l\u2019Ind\u00e9pendance&nbsp;et publi\u00e9 sur la revue \u00ab&nbsp;El-Djeich&nbsp;\u00bb, le G\u00e9n\u00e9ral de Corps d\u2019Arm\u00e9e&nbsp;Sa\u00efd Chanegriha,&nbsp;a rappel\u00e9 que \u00ab&nbsp;la glorieuse R\u00e9volution de Novembre a \u00e9branl\u00e9 les fondements du syst\u00e8me colonial fran\u00e7ais, bris\u00e9 ses carcans oppressifs, courb\u00e9 son \u00e9chine et mis en \u00e9chec tous ses sinistres plans et man\u0153uvres pour maintenir notre pays sous le joug de la domination coloniale\u00bb. Et de souligner&nbsp;que \u00abla R\u00e9volution de Novembre a \u00e9t\u00e9 l\u2019incarnation d\u2019une \u00e9pop\u00e9e h\u00e9ro\u00efque unique dans l\u2019histoire de toute l\u2019humanit\u00e9\u00bb. \u00abNos jeunes sont appel\u00e9s \u00e0 mener et \u00e0 gagner la bataille de la conscience, en s\u2019armant des valeurs nationales authentiques et de veiller \u00e0 la pr\u00e9servation du legs des Chouhada, en s\u2019inspirant de leurs exploits qui resteront grav\u00e9s dans notre m\u00e9moire collective pour l\u2019\u00e9ternit\u00e9\u00bb, a-t-il&nbsp;indiqu\u00e9. Chanegriha a soulign\u00e9 \u00able r\u00f4le vital des m\u00e9dias nationaux, aux m\u00e9dias militaires, de consolidation du lien Arm\u00e9e-Nation, de renforcement de l\u2019unit\u00e9 nationale, de la coh\u00e9sion nationale et de l\u2019esprit de citoyennet\u00e9\u00bb. \u00abCe lien sacr\u00e9 ne puisse \u00eatre affect\u00e9 par les campagnes malveillantes et les attaques visant ouvertement notre pays et ses institutions, en particulier l\u2019institution militaire qui a \u00e9t\u00e9 la cible de campagnes acharn\u00e9es, notre peuple, dans toutes ses composantes, en particulier les jeunes, se doit de saisir l\u2019ampleur et la nature des complots ourdis contre notre pays, d\u2019en avoir pleinement conscience, tout en \u0153uvrant inlassablement \u00e0 la pr\u00e9servation de l\u2019unit\u00e9 des rangs afin de relever tous les d\u00e9fis \u00bb, a-t-il expliqu\u00e9.<\/p>\n\n\n\n<p>Le Chef de l\u2019\u00c9tat-major de l\u2019ANP a \u00e9galement mis en avant les avanc\u00e9es en mati\u00e8re de consolidation des attributs de puissance du pays. \u00ab&nbsp;Je peux affirmer que nous avons pu op\u00e9rer de grandes avanc\u00e9es pour atteindre les plus hauts niveaux de disponibilit\u00e9 op\u00e9rationnelle et r\u00e9unir les attributs de la puissance, nous permettant de faire face \u00e0 toutes les menaces, quelles que soient leurs nature et origine\u00bb. Il ajout\u00e9 que \u00abla meilleure preuve des comp\u00e9tences acquises par nos forces arm\u00e9es est leur ex\u00e9cution, avec professionnalisme, des exercices tactiques de diff\u00e9rents niveaux avec tirs r\u00e9els, dans les diff\u00e9rentes R\u00e9gions militaires que j\u2019ai personnellement supervis\u00e9s et qui m\u2019ont permis de constater un haut niveau de ma\u00eetrise op\u00e9rationnelle. Le Haut commandement de l\u2019ANP a \u00abpoursuivi ses efforts soutenus dans le cadre de la modernisation et du d\u00e9veloppement du corps de bataille\u00bb,&nbsp;pr\u00e9cise Chanegriha&nbsp;soulignant \u00able vaste programme \u00bb mettant l\u2019accent sur la ressource humaine, en plus de la pr\u00e9paration au combat, la synergie des efforts entre syst\u00e8me de formation et le travail de terrain a d\u00e9bouch\u00e9 sur la ma\u00eetrise des sciences militaires, des connaissances scientifiques et technologiques\u00bb.&nbsp;&nbsp;Ceci a permis \u00e0 nos diff\u00e9rentes formations et unit\u00e9s de se mettre au diapason des d\u00e9veloppements technologiques enregistr\u00e9s en la mati\u00e8re et, par l\u00e0 m\u00eame, de cerner les exigences op\u00e9rationnelles de la bataille moderne\u00bb, a indiqu\u00e9 Chanegriha. Le Haut commandement de l\u2019ANP a, ajoute&nbsp;le chef d\u2019Etat major,&nbsp;adopt\u00e9 \u00abune strat\u00e9gie pertinente qui se renforce constamment&nbsp;\u00bb.&nbsp;<\/p>\n\n\n\n<p>\u00c9voquant le d\u00e9veloppement de l\u2019industrie militaire, il indique qu\u2019\u00ab&nbsp;apr\u00e8s avoir franchi de grands pas en mati\u00e8re de satisfaction des besoins du march\u00e9 national, nous aspirons dans la prochaine phase \u00e0 acc\u00e9der aux march\u00e9s r\u00e9gionaux et internationaux\u00bb, a-t-il indiqu\u00e9, ajoutant que \u00abnotre offre soit, sur le plan de la qualit\u00e9 et de la diversit\u00e9, du m\u00eame niveau que celle des pays qui ont une grande exp\u00e9rience dans ce domaine d\u2019activit\u00e9\u00bb. Et d\u2019ajouter : \u00abil est tout \u00e0 fait clair que la d\u00e9marche de notre arm\u00e9e visant \u00e0 d\u00e9velopper davantage les industries militaires contribuera au renforcement du lien ind\u00e9fectible unissant le peuple \u00e0 son arm\u00e9e et au raffermissement de leur coh\u00e9sion\u00bb. Selon le chef d\u2019\u00c9tat-major&nbsp;de l\u2019ANP,\u00abla s\u00e9curit\u00e9 et l\u2019\u00e9conomie constituent des facteurs interd\u00e9pendants, d\u00e8s lors que la s\u00e9curit\u00e9 est une condition sine qua non du d\u00e9veloppement de l\u2019\u00e9conomie, en plus de veiller \u00e0 r\u00e9unir l\u2019ensemble des exigences de s\u00e9curit\u00e9 et de stabilit\u00e9 sur tout le territoire national\u00bb. \u00abL\u2019Arm\u00e9e nationale populaire contribue efficacement \u00e0 l\u2019effort national visant \u00e0 la concr\u00e9tisation de la renaissance souhait\u00e9e de notre pays, en poursuivant le d\u00e9veloppement des industries militaires et en contribuant \u00e0 la pr\u00e9servation du tissu industriel national \u00bb, a-t-il indiqu\u00e9. \u00abDans le but d\u2019asseoir la s\u00e9curit\u00e9 de notre pays, de pr\u00e9server la souverainet\u00e9 nationale et l\u2019unit\u00e9 de notre peuple, accomplissent un \u00e9norme travail, r\u00e9pondant aux exigences des d\u00e9veloppements qui s\u2019op\u00e8rent dans le monde et dans notre environnement r\u00e9gional, avec tout ce que cela implique comme d\u00e9fis et enjeux s\u00e9curitaire&nbsp;\u00bbs, a-t-il ajout\u00e9.&nbsp;&nbsp;Abordant la lutte, qui se poursuit, contre le terrorisme, Said Chanegriha a indiqu\u00e9, \u00ables r\u00e9sultats probants obtenus par l\u2019ANP, au cours des deux derni\u00e8res ann\u00e9es, dans le domaine de la lutte contre le terrorisme, refl\u00e8tent les aptitudes av\u00e9r\u00e9es des personnels de nos d\u00e9tachements, et leur d\u00e9termination \u00e0 assainir notre pays des groupes terroristes r\u00e9siduels \u00bb, ajoutant que \u00ables op\u00e9rations qualitatives sont men\u00e9es sont un signe fort que notre pays est sur la voie d\u2019\u00e9liminer d\u00e9finitivement les derniers bastions du terrorisme et de faire \u00e9chec \u00e0 leurs sinistres desseins\u00bb.<\/p>\n\n\n\n<p><strong>Salim Abdenour<\/strong><\/p>\n","protected":false},"excerpt":{"rendered":"<p>Le Chef de l\u2019\u00c9tat-major de l\u2019Arm\u00e9e nationale populaire a appel\u00e9 hier les jeunes \u00abappel\u00e9s \u00e0 mener et \u00e0 gagner la<\/p>\n","protected":false},"author":3,"featured_media":20546,"comment_status":"open","ping_status":"closed","sticky":false,"template":"","format":"standard","meta":{"colormag_page_container_layout":"default_layout","colormag_page_sidebar_layout":"default_layout","om_disable_all_campaigns":false,"_monsterinsights_skip_tracking":false,"_monsterinsights_sitenote_active":false,"_monsterinsights_sitenote_note":"","_monsterinsights_sitenote_category":0,"footnotes":"","_wpscppro_dont_share_socialmedia":false,"_wpscppro_custom_social_share_image":0,"_facebook_share_type":"","_twitter_share_type":"","_linkedin_share_type":"","_pinterest_share_type":"","_linkedin_share_type_page":"","_instagram_share_type":"","_medium_share_type":"","_threads_share_type":"","_google_business_share_type":"","_selected_social_profile":[],"_wpsp_enable_custom_social_template":false,"_wpsp_social_scheduling":{"enabled":false,"datetime":null,"platforms":[],"status":"template_only","dateOption":"today","timeOption":"now","customDays":"","customHours":"","customDate":"","customTime":"","schedulingType":"absolute"},"_wpsp_active_default_template":true},"categories":[27],"tags":[],"class_list":["post-23610","post","type-post","status-publish","format-standard","has-post-thumbnail","hentry","category-actualite"],"aioseo_notices":[],"yoast_head":"<!-- This site is optimized with the Yoast SEO plugin v27.5 - https:\/\/yoast.com\/product\/yoast-seo-wordpress\/ -->\n<title>Message du\u00a0Chef de l\u2019\u00c9tat major de\u00a0l\u2019ANP \u00e0 l\u2019occasion du 60e\u00a0anniversaire de l\u2019ind\u00e9pendance\u00a0: \u00ab\u00a0De\u00a0grandes avanc\u00e9es pour r\u00e9unir les attributs de la puissance\u00a0\u00bb\ufffc - La Sentinelle<\/title>\n<meta name=\"robots\" content=\"index, follow, max-snippet:-1, max-image-preview:large, max-video-preview:-1\" \/>\n<link rel=\"canonical\" href=\"https:\/\/lasentinelle.dz\/index.php\/2022\/07\/04\/message-du-chef-de-letat-major-de-lanp-a-loccasion-du-60e-anniversaire-de-lindependance-de-grandes-avancees-pour-reunir-les-a\/\" \/>\n<meta property=\"og:locale\" content=\"fr_FR\" \/>\n<meta property=\"og:type\" content=\"article\" \/>\n<meta property=\"og:title\" content=\"Message du\u00a0Chef de l\u2019\u00c9tat major de\u00a0l\u2019ANP \u00e0 l\u2019occasion du 60e\u00a0anniversaire de l\u2019ind\u00e9pendance\u00a0: \u00ab\u00a0De\u00a0grandes avanc\u00e9es pour r\u00e9unir les attributs de la puissance\u00a0\u00bb\ufffc - La Sentinelle\" \/>\n<meta property=\"og:description\" content=\"Le Chef de l\u2019\u00c9tat-major de l\u2019Arm\u00e9e nationale populaire a appel\u00e9 hier les jeunes \u00abappel\u00e9s \u00e0 mener et \u00e0 gagner la\" \/>\n<meta property=\"og:url\" content=\"https:\/\/lasentinelle.dz\/index.php\/2022\/07\/04\/message-du-chef-de-letat-major-de-lanp-a-loccasion-du-60e-anniversaire-de-lindependance-de-grandes-avancees-pour-reunir-les-a\/\" \/>\n<meta property=\"og:site_name\" content=\"La Sentinelle\" \/>\n<meta property=\"article:publisher\" content=\"https:\/\/www.facebook.com\/La-Sentinelle-104059864394773\" \/>\n<meta property=\"article:published_time\" content=\"2022-07-03T23:01:00+00:00\" \/>\n<meta property=\"og:image\" content=\"https:\/\/lasentinelle.dz\/wp-content\/uploads\/2022\/05\/changriha.png\" \/>\n\t<meta property=\"og:image:width\" content=\"1491\" \/>\n\t<meta property=\"og:image:height\" content=\"900\" \/>\n\t<meta property=\"og:image:type\" content=\"image\/png\" \/>\n<meta name=\"author\" content=\"La Sentinelle\" \/>\n<meta name=\"twitter:card\" content=\"summary_large_image\" \/>\n<meta name=\"twitter:label1\" content=\"\u00c9crit par\" \/>\n\t<meta name=\"twitter:data1\" content=\"La Sentinelle\" \/>\n\t<meta name=\"twitter:label2\" content=\"Dur\u00e9e de lecture estim\u00e9e\" \/>\n\t<meta name=\"twitter:data2\" content=\"5 minutes\" \/>\n<script type=\"application\/ld+json\" class=\"yoast-schema-graph\">{\"@context\":\"https:\\\/\\\/schema.org\",\"@graph\":[{\"@type\":\"Article\",\"@id\":\"https:\\\/\\\/lasentinelle.dz\\\/index.php\\\/2022\\\/07\\\/04\\\/message-du-chef-de-letat-major-de-lanp-a-loccasion-du-60e-anniversaire-de-lindependance-de-grandes-avancees-pour-reunir-les-a\\\/#article\",\"isPartOf\":{\"@id\":\"https:\\\/\\\/lasentinelle.dz\\\/index.php\\\/2022\\\/07\\\/04\\\/message-du-chef-de-letat-major-de-lanp-a-loccasion-du-60e-anniversaire-de-lindependance-de-grandes-avancees-pour-reunir-les-a\\\/\"},\"author\":{\"name\":\"La Sentinelle\",\"@id\":\"https:\\\/\\\/lasentinelle.dz\\\/#\\\/schema\\\/person\\\/d865044e22e70a75174ce8bcad3acfb3\"},\"headline\":\"Message du\u00a0Chef de l\u2019\u00c9tat major de\u00a0l\u2019ANP \u00e0 l\u2019occasion du 60e\u00a0anniversaire de l\u2019ind\u00e9pendance\u00a0: \u00ab\u00a0De\u00a0grandes avanc\u00e9es pour r\u00e9unir les attributs de la puissance\u00a0\u00bb\ufffc\",\"datePublished\":\"2022-07-03T23:01:00+00:00\",\"mainEntityOfPage\":{\"@id\":\"https:\\\/\\\/lasentinelle.dz\\\/index.php\\\/2022\\\/07\\\/04\\\/message-du-chef-de-letat-major-de-lanp-a-loccasion-du-60e-anniversaire-de-lindependance-de-grandes-avancees-pour-reunir-les-a\\\/\"},\"wordCount\":1048,\"commentCount\":0,\"publisher\":{\"@id\":\"https:\\\/\\\/lasentinelle.dz\\\/#organization\"},\"image\":{\"@id\":\"https:\\\/\\\/lasentinelle.dz\\\/index.php\\\/2022\\\/07\\\/04\\\/message-du-chef-de-letat-major-de-lanp-a-loccasion-du-60e-anniversaire-de-lindependance-de-grandes-avancees-pour-reunir-les-a\\\/#primaryimage\"},\"thumbnailUrl\":\"https:\\\/\\\/lasentinelle.dz\\\/wp-content\\\/uploads\\\/2022\\\/05\\\/changriha.png\",\"articleSection\":[\"Actualit\u00e9\"],\"inLanguage\":\"fr-FR\",\"potentialAction\":[{\"@type\":\"CommentAction\",\"name\":\"Comment\",\"target\":[\"https:\\\/\\\/lasentinelle.dz\\\/index.php\\\/2022\\\/07\\\/04\\\/message-du-chef-de-letat-major-de-lanp-a-loccasion-du-60e-anniversaire-de-lindependance-de-grandes-avancees-pour-reunir-les-a\\\/#respond\"]}]},{\"@type\":\"WebPage\",\"@id\":\"https:\\\/\\\/lasentinelle.dz\\\/index.php\\\/2022\\\/07\\\/04\\\/message-du-chef-de-letat-major-de-lanp-a-loccasion-du-60e-anniversaire-de-lindependance-de-grandes-avancees-pour-reunir-les-a\\\/\",\"url\":\"https:\\\/\\\/lasentinelle.dz\\\/index.php\\\/2022\\\/07\\\/04\\\/message-du-chef-de-letat-major-de-lanp-a-loccasion-du-60e-anniversaire-de-lindependance-de-grandes-avancees-pour-reunir-les-a\\\/\",\"name\":\"Message du\u00a0Chef de l\u2019\u00c9tat major de\u00a0l\u2019ANP \u00e0 l\u2019occasion du 60e\u00a0anniversaire de l\u2019ind\u00e9pendance\u00a0: \u00ab\u00a0De\u00a0grandes avanc\u00e9es pour r\u00e9unir les attributs de la puissance\u00a0\u00bb\ufffc - La Sentinelle\",\"isPartOf\":{\"@id\":\"https:\\\/\\\/lasentinelle.dz\\\/#website\"},\"primaryImageOfPage\":{\"@id\":\"https:\\\/\\\/lasentinelle.dz\\\/index.php\\\/2022\\\/07\\\/04\\\/message-du-chef-de-letat-major-de-lanp-a-loccasion-du-60e-anniversaire-de-lindependance-de-grandes-avancees-pour-reunir-les-a\\\/#primaryimage\"},\"image\":{\"@id\":\"https:\\\/\\\/lasentinelle.dz\\\/index.php\\\/2022\\\/07\\\/04\\\/message-du-chef-de-letat-major-de-lanp-a-loccasion-du-60e-anniversaire-de-lindependance-de-grandes-avancees-pour-reunir-les-a\\\/#primaryimage\"},\"thumbnailUrl\":\"https:\\\/\\\/lasentinelle.dz\\\/wp-content\\\/uploads\\\/2022\\\/05\\\/changriha.png\",\"datePublished\":\"2022-07-03T23:01:00+00:00\",\"breadcrumb\":{\"@id\":\"https:\\\/\\\/lasentinelle.dz\\\/index.php\\\/2022\\\/07\\\/04\\\/message-du-chef-de-letat-major-de-lanp-a-loccasion-du-60e-anniversaire-de-lindependance-de-grandes-avancees-pour-reunir-les-a\\\/#breadcrumb\"},\"inLanguage\":\"fr-FR\",\"potentialAction\":[{\"@type\":\"ReadAction\",\"target\":[\"https:\\\/\\\/lasentinelle.dz\\\/index.php\\\/2022\\\/07\\\/04\\\/message-du-chef-de-letat-major-de-lanp-a-loccasion-du-60e-anniversaire-de-lindependance-de-grandes-avancees-pour-reunir-les-a\\\/\"]}]},{\"@type\":\"ImageObject\",\"inLanguage\":\"fr-FR\",\"@id\":\"https:\\\/\\\/lasentinelle.dz\\\/index.php\\\/2022\\\/07\\\/04\\\/message-du-chef-de-letat-major-de-lanp-a-loccasion-du-60e-anniversaire-de-lindependance-de-grandes-avancees-pour-reunir-les-a\\\/#primaryimage\",\"url\":\"https:\\\/\\\/lasentinelle.dz\\\/wp-content\\\/uploads\\\/2022\\\/05\\\/changriha.png\",\"contentUrl\":\"https:\\\/\\\/lasentinelle.dz\\\/wp-content\\\/uploads\\\/2022\\\/05\\\/changriha.png\",\"width\":1491,\"height\":900},{\"@type\":\"BreadcrumbList\",\"@id\":\"https:\\\/\\\/lasentinelle.dz\\\/index.php\\\/2022\\\/07\\\/04\\\/message-du-chef-de-letat-major-de-lanp-a-loccasion-du-60e-anniversaire-de-lindependance-de-grandes-avancees-pour-reunir-les-a\\\/#breadcrumb\",\"itemListElement\":[{\"@type\":\"ListItem\",\"position\":1,\"name\":\"Accueil\",\"item\":\"https:\\\/\\\/lasentinelle.dz\\\/\"},{\"@type\":\"ListItem\",\"position\":2,\"name\":\"Message du\u00a0Chef de l\u2019\u00c9tat major de\u00a0l\u2019ANP \u00e0 l\u2019occasion du 60e\u00a0anniversaire de l\u2019ind\u00e9pendance\u00a0: \u00ab\u00a0De\u00a0grandes avanc\u00e9es pour r\u00e9unir les attributs de la puissance\u00a0\u00bb\ufffc\"}]},{\"@type\":\"WebSite\",\"@id\":\"https:\\\/\\\/lasentinelle.dz\\\/#website\",\"url\":\"https:\\\/\\\/lasentinelle.dz\\\/\",\"name\":\"La Sentinelle\",\"description\":\"Quotidien national d&#039;information\",\"publisher\":{\"@id\":\"https:\\\/\\\/lasentinelle.dz\\\/#organization\"},\"potentialAction\":[{\"@type\":\"SearchAction\",\"target\":{\"@type\":\"EntryPoint\",\"urlTemplate\":\"https:\\\/\\\/lasentinelle.dz\\\/?s={search_term_string}\"},\"query-input\":{\"@type\":\"PropertyValueSpecification\",\"valueRequired\":true,\"valueName\":\"search_term_string\"}}],\"inLanguage\":\"fr-FR\"},{\"@type\":\"Organization\",\"@id\":\"https:\\\/\\\/lasentinelle.dz\\\/#organization\",\"name\":\"Quotidien La Sentinelle\",\"url\":\"https:\\\/\\\/lasentinelle.dz\\\/\",\"logo\":{\"@type\":\"ImageObject\",\"inLanguage\":\"fr-FR\",\"@id\":\"https:\\\/\\\/lasentinelle.dz\\\/#\\\/schema\\\/logo\\\/image\\\/\",\"url\":\"https:\\\/\\\/lasentinelle.dz\\\/wp-content\\\/uploads\\\/2021\\\/09\\\/logo-sentinelleSLOGAN-1.png\",\"contentUrl\":\"https:\\\/\\\/lasentinelle.dz\\\/wp-content\\\/uploads\\\/2021\\\/09\\\/logo-sentinelleSLOGAN-1.png\",\"width\":615,\"height\":142,\"caption\":\"Quotidien La Sentinelle\"},\"image\":{\"@id\":\"https:\\\/\\\/lasentinelle.dz\\\/#\\\/schema\\\/logo\\\/image\\\/\"},\"sameAs\":[\"https:\\\/\\\/www.facebook.com\\\/La-Sentinelle-104059864394773\"]},{\"@type\":\"Person\",\"@id\":\"https:\\\/\\\/lasentinelle.dz\\\/#\\\/schema\\\/person\\\/d865044e22e70a75174ce8bcad3acfb3\",\"name\":\"La Sentinelle\",\"image\":{\"@type\":\"ImageObject\",\"inLanguage\":\"fr-FR\",\"@id\":\"https:\\\/\\\/secure.gravatar.com\\\/avatar\\\/57de8e5d4b15d43fb361a71fbb36338450fe67865b528a43dd10ef7c51a20392?s=96&d=mm&r=g\",\"url\":\"https:\\\/\\\/secure.gravatar.com\\\/avatar\\\/57de8e5d4b15d43fb361a71fbb36338450fe67865b528a43dd10ef7c51a20392?s=96&d=mm&r=g\",\"contentUrl\":\"https:\\\/\\\/secure.gravatar.com\\\/avatar\\\/57de8e5d4b15d43fb361a71fbb36338450fe67865b528a43dd10ef7c51a20392?s=96&d=mm&r=g\",\"caption\":\"La Sentinelle\"},\"sameAs\":[\"http:\\\/\\\/www.lasentinelle.dz\"],\"url\":\"https:\\\/\\\/lasentinelle.dz\\\/author\\\/redaction\\\/\"}]}<\/script>\n<!-- \/ Yoast SEO plugin. -->","yoast_head_json":{"title":"Message du\u00a0Chef de l\u2019\u00c9tat major de\u00a0l\u2019ANP \u00e0 l\u2019occasion du 60e\u00a0anniversaire de l\u2019ind\u00e9pendance\u00a0: \u00ab\u00a0De\u00a0grandes avanc\u00e9es pour r\u00e9unir les attributs de la puissance\u00a0\u00bb\ufffc - La Sentinelle","robots":{"index":"index","follow":"follow","max-snippet":"max-snippet:-1","max-image-preview":"max-image-preview:large","max-video-preview":"max-video-preview:-1"},"canonical":"https:\/\/lasentinelle.dz\/index.php\/2022\/07\/04\/message-du-chef-de-letat-major-de-lanp-a-loccasion-du-60e-anniversaire-de-lindependance-de-grandes-avancees-pour-reunir-les-a\/","og_locale":"fr_FR","og_type":"article","og_title":"Message du\u00a0Chef de l\u2019\u00c9tat major de\u00a0l\u2019ANP \u00e0 l\u2019occasion du 60e\u00a0anniversaire de l\u2019ind\u00e9pendance\u00a0: \u00ab\u00a0De\u00a0grandes avanc\u00e9es pour r\u00e9unir les attributs de la puissance\u00a0\u00bb\ufffc - La Sentinelle","og_description":"Le Chef de l\u2019\u00c9tat-major de l\u2019Arm\u00e9e nationale populaire a appel\u00e9 hier les jeunes \u00abappel\u00e9s \u00e0 mener et \u00e0 gagner la","og_url":"https:\/\/lasentinelle.dz\/index.php\/2022\/07\/04\/message-du-chef-de-letat-major-de-lanp-a-loccasion-du-60e-anniversaire-de-lindependance-de-grandes-avancees-pour-reunir-les-a\/","og_site_name":"La Sentinelle","article_publisher":"https:\/\/www.facebook.com\/La-Sentinelle-104059864394773","article_published_time":"2022-07-03T23:01:00+00:00","og_image":[{"width":1491,"height":900,"url":"https:\/\/lasentinelle.dz\/wp-content\/uploads\/2022\/05\/changriha.png","type":"image\/png"}],"author":"La Sentinelle","twitter_card":"summary_large_image","twitter_misc":{"\u00c9crit par":"La Sentinelle","Dur\u00e9e de lecture estim\u00e9e":"5 minutes"},"schema":{"@context":"https:\/\/schema.org","@graph":[{"@type":"Article","@id":"https:\/\/lasentinelle.dz\/index.php\/2022\/07\/04\/message-du-chef-de-letat-major-de-lanp-a-loccasion-du-60e-anniversaire-de-lindependance-de-grandes-avancees-pour-reunir-les-a\/#article","isPartOf":{"@id":"https:\/\/lasentinelle.dz\/index.php\/2022\/07\/04\/message-du-chef-de-letat-major-de-lanp-a-loccasion-du-60e-anniversaire-de-lindependance-de-grandes-avancees-pour-reunir-les-a\/"},"author":{"name":"La Sentinelle","@id":"https:\/\/lasentinelle.dz\/#\/schema\/person\/d865044e22e70a75174ce8bcad3acfb3"},"headline":"Message du\u00a0Chef de l\u2019\u00c9tat major de\u00a0l\u2019ANP \u00e0 l\u2019occasion du 60e\u00a0anniversaire de l\u2019ind\u00e9pendance\u00a0: \u00ab\u00a0De\u00a0grandes avanc\u00e9es pour r\u00e9unir les attributs de la puissance\u00a0\u00bb\ufffc","datePublished":"2022-07-03T23:01:00+00:00","mainEntityOfPage":{"@id":"https:\/\/lasentinelle.dz\/index.php\/2022\/07\/04\/message-du-chef-de-letat-major-de-lanp-a-loccasion-du-60e-anniversaire-de-lindependance-de-grandes-avancees-pour-reunir-les-a\/"},"wordCount":1048,"commentCount":0,"publisher":{"@id":"https:\/\/lasentinelle.dz\/#organization"},"image":{"@id":"https:\/\/lasentinelle.dz\/index.php\/2022\/07\/04\/message-du-chef-de-letat-major-de-lanp-a-loccasion-du-60e-anniversaire-de-lindependance-de-grandes-avancees-pour-reunir-les-a\/#primaryimage"},"thumbnailUrl":"https:\/\/lasentinelle.dz\/wp-content\/uploads\/2022\/05\/changriha.png","articleSection":["Actualit\u00e9"],"inLanguage":"fr-FR","potentialAction":[{"@type":"CommentAction","name":"Comment","target":["https:\/\/lasentinelle.dz\/index.php\/2022\/07\/04\/message-du-chef-de-letat-major-de-lanp-a-loccasion-du-60e-anniversaire-de-lindependance-de-grandes-avancees-pour-reunir-les-a\/#respond"]}]},{"@type":"WebPage","@id":"https:\/\/lasentinelle.dz\/index.php\/2022\/07\/04\/message-du-chef-de-letat-major-de-lanp-a-loccasion-du-60e-anniversaire-de-lindependance-de-grandes-avancees-pour-reunir-les-a\/","url":"https:\/\/lasentinelle.dz\/index.php\/2022\/07\/04\/message-du-chef-de-letat-major-de-lanp-a-loccasion-du-60e-anniversaire-de-lindependance-de-grandes-avancees-pour-reunir-les-a\/","name":"Message du\u00a0Chef de l\u2019\u00c9tat major de\u00a0l\u2019ANP \u00e0 l\u2019occasion du 60e\u00a0anniversaire de l\u2019ind\u00e9pendance\u00a0: \u00ab\u00a0De\u00a0grandes avanc\u00e9es pour r\u00e9unir les attributs de la puissance\u00a0\u00bb\ufffc - La Sentinelle","isPartOf":{"@id":"https:\/\/lasentinelle.dz\/#website"},"primaryImageOfPage":{"@id":"https:\/\/lasentinelle.dz\/index.php\/2022\/07\/04\/message-du-chef-de-letat-major-de-lanp-a-loccasion-du-60e-anniversaire-de-lindependance-de-grandes-avancees-pour-reunir-les-a\/#primaryimage"},"image":{"@id":"https:\/\/lasentinelle.dz\/index.php\/2022\/07\/04\/message-du-chef-de-letat-major-de-lanp-a-loccasion-du-60e-anniversaire-de-lindependance-de-grandes-avancees-pour-reunir-les-a\/#primaryimage"},"thumbnailUrl":"https:\/\/lasentinelle.dz\/wp-content\/uploads\/2022\/05\/changriha.png","datePublished":"2022-07-03T23:01:00+00:00","breadcrumb":{"@id":"https:\/\/lasentinelle.dz\/index.php\/2022\/07\/04\/message-du-chef-de-letat-major-de-lanp-a-loccasion-du-60e-anniversaire-de-lindependance-de-grandes-avancees-pour-reunir-les-a\/#breadcrumb"},"inLanguage":"fr-FR","potentialAction":[{"@type":"ReadAction","target":["https:\/\/lasentinelle.dz\/index.php\/2022\/07\/04\/message-du-chef-de-letat-major-de-lanp-a-loccasion-du-60e-anniversaire-de-lindependance-de-grandes-avancees-pour-reunir-les-a\/"]}]},{"@type":"ImageObject","inLanguage":"fr-FR","@id":"https:\/\/lasentinelle.dz\/index.php\/2022\/07\/04\/message-du-chef-de-letat-major-de-lanp-a-loccasion-du-60e-anniversaire-de-lindependance-de-grandes-avancees-pour-reunir-les-a\/#primaryimage","url":"https:\/\/lasentinelle.dz\/wp-content\/uploads\/2022\/05\/changriha.png","contentUrl":"https:\/\/lasentinelle.dz\/wp-content\/uploads\/2022\/05\/changriha.png","width":1491,"height":900},{"@type":"BreadcrumbList","@id":"https:\/\/lasentinelle.dz\/index.php\/2022\/07\/04\/message-du-chef-de-letat-major-de-lanp-a-loccasion-du-60e-anniversaire-de-lindependance-de-grandes-avancees-pour-reunir-les-a\/#breadcrumb","itemListElement":[{"@type":"ListItem","position":1,"name":"Accueil","item":"https:\/\/lasentinelle.dz\/"},{"@type":"ListItem","position":2,"name":"Message du\u00a0Chef de l\u2019\u00c9tat major de\u00a0l\u2019ANP \u00e0 l\u2019occasion du 60e\u00a0anniversaire de l\u2019ind\u00e9pendance\u00a0: \u00ab\u00a0De\u00a0grandes avanc\u00e9es pour r\u00e9unir les attributs de la puissance\u00a0\u00bb\ufffc"}]},{"@type":"WebSite","@id":"https:\/\/lasentinelle.dz\/#website","url":"https:\/\/lasentinelle.dz\/","name":"La Sentinelle","description":"Quotidien national d&#039;information","publisher":{"@id":"https:\/\/lasentinelle.dz\/#organization"},"potentialAction":[{"@type":"SearchAction","target":{"@type":"EntryPoint","urlTemplate":"https:\/\/lasentinelle.dz\/?s={search_term_string}"},"query-input":{"@type":"PropertyValueSpecification","valueRequired":true,"valueName":"search_term_string"}}],"inLanguage":"fr-FR"},{"@type":"Organization","@id":"https:\/\/lasentinelle.dz\/#organization","name":"Quotidien La Sentinelle","url":"https:\/\/lasentinelle.dz\/","logo":{"@type":"ImageObject","inLanguage":"fr-FR","@id":"https:\/\/lasentinelle.dz\/#\/schema\/logo\/image\/","url":"https:\/\/lasentinelle.dz\/wp-content\/uploads\/2021\/09\/logo-sentinelleSLOGAN-1.png","contentUrl":"https:\/\/lasentinelle.dz\/wp-content\/uploads\/2021\/09\/logo-sentinelleSLOGAN-1.png","width":615,"height":142,"caption":"Quotidien La Sentinelle"},"image":{"@id":"https:\/\/lasentinelle.dz\/#\/schema\/logo\/image\/"},"sameAs":["https:\/\/www.facebook.com\/La-Sentinelle-104059864394773"]},{"@type":"Person","@id":"https:\/\/lasentinelle.dz\/#\/schema\/person\/d865044e22e70a75174ce8bcad3acfb3","name":"La Sentinelle","image":{"@type":"ImageObject","inLanguage":"fr-FR","@id":"https:\/\/secure.gravatar.com\/avatar\/57de8e5d4b15d43fb361a71fbb36338450fe67865b528a43dd10ef7c51a20392?s=96&d=mm&r=g","url":"https:\/\/secure.gravatar.com\/avatar\/57de8e5d4b15d43fb361a71fbb36338450fe67865b528a43dd10ef7c51a20392?s=96&d=mm&r=g","contentUrl":"https:\/\/secure.gravatar.com\/avatar\/57de8e5d4b15d43fb361a71fbb36338450fe67865b528a43dd10ef7c51a20392?s=96&d=mm&r=g","caption":"La Sentinelle"},"sameAs":["http:\/\/www.lasentinelle.dz"],"url":"https:\/\/lasentinelle.dz\/author\/redaction\/"}]}},"_links":{"self":[{"href":"https:\/\/lasentinelle.dz\/index.php\/wp-json\/wp\/v2\/posts\/23610","targetHints":{"allow":["GET"]}}],"collection":[{"href":"https:\/\/lasentinelle.dz\/index.php\/wp-json\/wp\/v2\/posts"}],"about":[{"href":"https:\/\/lasentinelle.dz\/index.php\/wp-json\/wp\/v2\/types\/post"}],"author":[{"embeddable":true,"href":"https:\/\/lasentinelle.dz\/index.php\/wp-json\/wp\/v2\/users\/3"}],"replies":[{"embeddable":true,"href":"https:\/\/lasentinelle.dz\/index.php\/wp-json\/wp\/v2\/comments?post=23610"}],"version-history":[{"count":1,"href":"https:\/\/lasentinelle.dz\/index.php\/wp-json\/wp\/v2\/posts\/23610\/revisions"}],"predecessor-version":[{"id":23617,"href":"https:\/\/lasentinelle.dz\/index.php\/wp-json\/wp\/v2\/posts\/23610\/revisions\/23617"}],"wp:featuredmedia":[{"embeddable":true,"href":"https:\/\/lasentinelle.dz\/index.php\/wp-json\/wp\/v2\/media\/20546"}],"wp:attachment":[{"href":"https:\/\/lasentinelle.dz\/index.php\/wp-json\/wp\/v2\/media?parent=23610"}],"wp:term":[{"taxonomy":"category","embeddable":true,"href":"https:\/\/lasentinelle.dz\/index.php\/wp-json\/wp\/v2\/categories?post=23610"},{"taxonomy":"post_tag","embeddable":true,"href":"https:\/\/lasentinelle.dz\/index.php\/wp-json\/wp\/v2\/tags?post=23610"}],"curies":[{"name":"wp","href":"https:\/\/api.w.org\/{rel}","templated":true}]}}