{"id":23619,"date":"2022-07-04T00:01:00","date_gmt":"2022-07-03T23:01:00","guid":{"rendered":"https:\/\/lasentinelle.dz\/?p=23619"},"modified":"2022-07-03T20:46:14","modified_gmt":"2022-07-03T19:46:14","slug":"souverainete-economique-au-dela-des-hydrocarbures","status":"publish","type":"post","link":"https:\/\/lasentinelle.dz\/index.php\/2022\/07\/04\/souverainete-economique-au-dela-des-hydrocarbures\/","title":{"rendered":"Souverainet\u00e9 \u00e9conomique\u00a0: Au-del\u00e0 des hydrocarbures"},"content":{"rendered":"\n<p>Symbole du recouvrement de la souverainet\u00e9 nationale, la date du 5 juillet appelle \u00e0 se rem\u00e9morer la fin de l\u2019une des p\u00e9riodes les plus sombres de notre histoire, celle d\u2019un colonialisme barbare qui n\u2019a pas h\u00e9sit\u00e9 \u00e0 recourir \u00e0 tous les moyens dans son \u0153uvre de destruction du peuple alg\u00e9rien, de son histoire, de son identit\u00e9, mais aussi de son \u00e9conomie. Et en cela, le 5 juillet 1962 symbolise d\u2019abord un d\u00e9part. L\u2019Alg\u00e9rie qui a recouvr\u00e9 son ind\u00e9pendance a lanc\u00e9 un processus dont l\u2019objectif et d\u2019\u00e9largir cette souverainet\u00e9 politique enfin retrouv\u00e9e, \u00e0 la souverainet\u00e9 m\u00e9diatique et culturelle, mais elle a surtout \u0153uvr\u00e9 \u00e0 recouvrer sa souverainet\u00e9 \u00e9conomique, car il n\u2019y a nulle souverainet\u00e9 sans ind\u00e9pendance \u00e9conomique.&nbsp;<\/p>\n\n\n\n<p>Cela passait tel que consign\u00e9 dans la Charte de Tripoli de juin 1962 par la mise en place d\u2019une \u00e9conomie socialiste en lieu et place de \u00abl\u2019\u00e9conomie colonialiste\u00bb qui avait totalement d\u00e9structur\u00e9&nbsp;&nbsp;l\u2019\u00e9conomie alg\u00e9rienne en faisant de l\u2019Alg\u00e9rie une source de mati\u00e8res premi\u00e8res et un d\u00e9bouch\u00e9 pour les produits manufactur\u00e9s.&nbsp;<\/p>\n\n\n\n<p>Ce fut une \u0153uvre de refondation qui fut engag\u00e9e au lendemain de l\u2019ind\u00e9pendance et dont la cl\u00e9 de vo\u00fbte a \u00e9t\u00e9 la cr\u00e9ation de la Sonatrach, le 31 d\u00e9cembre 1963.&nbsp;<\/p>\n\n\n\n<p><strong>Sonatrach pilier de la souverainet\u00e9 \u00e9conomique<\/strong><\/p>\n\n\n\n<p>La cr\u00e9ation de la Sonatrach signait le d\u00e9but d\u2019un processus dont la finalit\u00e9 a \u00e9t\u00e9 le r\u00e9tablissement de la souverainet\u00e9 sur les richesses nationales. Ce qui n\u2019\u00e9tait pas acquis en raison de l\u2019accord de principe sur la coop\u00e9ration alg\u00e9ro-fran\u00e7aise pour la mise en valeur du sous-sol saharien annex\u00e9 aux Accords d\u2019Evian du18 mars 1962 et qui sauvegardait les droits acquis par la France. D\u00e8s juin 1963, une politique p\u00e9troli\u00e8re nationale a \u00e9t\u00e9 propos\u00e9e mais ce sera le conflit autour de la r\u00e9alisation d\u2019un troisi\u00e8me ol\u00e9oduc vers Arzew qui amorce le processus, la Sonatrach ayant \u00e9t\u00e9 cr\u00e9\u00e9e pour prendre en charge dans un premier temps les activit\u00e9s de transport par canalisations. Un processus qui s\u2019est acc\u00e9l\u00e9r\u00e9 durant la pr\u00e9sidence du d\u00e9funt Houari Boumedi\u00e8ne dont la politique a permis d\u2019\u00e9largir les activit\u00e9s de la Sonatrach aux concessions mini\u00e8res, en juillet 1965 et la nationalisation des soci\u00e9t\u00e9s de distribution en 1967. Un processus qui trouvera son point d\u2019orgue avec la nationalisation des hydrocarbures en f\u00e9vrier1971. C\u2019est un tournant, dans la mesure o\u00f9 Sonatrach et le d\u00e9veloppement du secteur des hydrocarbures devenaient le fer de lance, la locomotive d\u2019un processus de transformation devant conduire \u00e0 la diversification \u00e9conomique gr\u00e2ce au lancement des plans triennaux et quadriennaux, la r\u00e9alisation de grands complexes industriels dans le cadre des politiques d\u2019industrie industrialisante, une politique de transformation de&nbsp;&nbsp;l\u2019agriculture dans le cadre de la r\u00e9volution agraire, et la cr\u00e9ation enfin d\u2019une industrie p\u00e9trochimique dans le cadre du plan Valhyd. Des politiques qui ont parachev\u00e9 un processus entam\u00e9 par la cr\u00e9ation de la monnaie nationale au lendemain de l\u2019ind\u00e9pendance, et les grandes nationalisations notamment dans le secteurs de la banque et des assurances au milieu des ann\u00e9es 60.&nbsp;<\/p>\n\n\n\n<p><strong>Le renouveau apr\u00e8s la d\u00e9structuration<\/strong><\/p>\n\n\n\n<p>Un processus qui a \u00e9t\u00e9 stopp\u00e9 net au lendemain de la disparition du pr\u00e9sident Houari Boum\u00e9di\u00e8ne et qui a laiss\u00e9 place \u00e0 processus de d\u00e9structuration progressif d\u2019un tissu industriel r\u00e9alis\u00e9 au prix d\u2019un important endettement. Le contre-choc p\u00e9trolier de 1986 a fini par plonger l\u2019\u00e9conomie nationale dans une crise profonde. Une crise \u00e9conomique li\u00e9e \u00e0 une crise de l\u2019endettement qui amen\u00e9 l\u2019Alg\u00e9rie \u00e0 n\u00e9gocier un plan de restructuration avec le FMI et se voir imposer une ouverture \u00e9conomique \u00e0 marche forc\u00e9e, en plus d\u2019une importante d\u00e9valuation du dinar. Et \u00e0 la place d\u2019une \u00e9conomie de march\u00e9, l\u2019Alg\u00e9rie a h\u00e9rit\u00e9 d\u2019une \u00e9conomie de bazar qui a acc\u00e9l\u00e9r\u00e9 la d\u00e9structuration industrielle et a invers\u00e9 le processus de diversification.&nbsp;&nbsp;<\/p>\n\n\n\n<p>La hausse des cours du p\u00e9trole au milieu des ann\u00e9es 2000 n\u2019a pas permis, en ce sens, d\u2019initier un processus de redressement. Les politiques keyn\u00e9siennes men\u00e9es alors ont mis la d\u00e9pense budg\u00e9taire et l\u2019investissement publics au c\u0153ur de la croissance, sans que cela ne se traduise par un effet d\u2019entrainement sur les activit\u00e9s industrielles. Au-contraire, ces politiques ont aggrav\u00e9 la d\u00e9pendance au baril et aux march\u00e9s ext\u00e9rieurs. La facture \u00e0 l\u2019import a explos\u00e9, tandis que les pratiques d\u00e9lictuelles \u00e0 l\u2019image des fausses d\u00e9clarations, les surfacturations et la corruption se sont g\u00e9n\u00e9ralis\u00e9es.&nbsp;<\/p>\n\n\n\n<p>Aujourd\u2019hui que nous c\u00e9l\u00e9brons le soixantenaire de l\u2019ind\u00e9pendance, la question du redressement \u00e9conomique est plus que jamais au c\u0153ur des d\u00e9fis que l\u2019Alg\u00e9rie doit relever. Certes, le contexte actuel est favorable. La crise en Ukraine a non seulement induit une flamb\u00e9e des prix des hydrocarbures sur les march\u00e9s internationaux, mais a aussi mis en avant l\u2019avantage strat\u00e9gique des pays producteurs de gaz comme l\u2019Alg\u00e9rie. La Sonatrach est plus que jamais aux devants de la sc\u00e8ne en tant que locomotive de la souverainet\u00e9 \u00e9conomique de l\u2019Alg\u00e9rie. Un fait que le pr\u00e9sident de la R\u00e9publique, Abdelmadjid Tebboune, a tenu \u00e0 souligner, il y a quelques jours depuis Oran.&nbsp;&nbsp;<\/p>\n\n\n\n<p>Au-del\u00e0, il s\u2019agit de relever le d\u00e9fi de la diversification et de l\u2019ouverture \u00e9conomique, en garantissant le caract\u00e8re social de l\u2019\u00c9tat alg\u00e9rien, inscrit en lettres ind\u00e9l\u00e9biles depuis la Charte de Tripoli.<\/p>\n\n\n\n<p><strong>Le d\u00e9fi du redressement<\/strong><\/p>\n\n\n\n<p>Les politiques men\u00e9es pour insuffler une dynamique nouvelle dans le secteur de l\u2019agriculture, notamment l\u2019agriculture saharienne, les ambitions affich\u00e9es pour la valorisation des ressources mini\u00e8res, les mesures prises pour booster le secteur de l\u2019industrie, les politiques men\u00e9es pour consolider l\u2019int\u00e9gration commerciale africaine, et les r\u00e9formes projet\u00e9es dans les domaines de l\u2019investissement, du partenariat public-priv\u00e9 et dans le secteur financier entrent toutes dans ce cadre. D\u2019ailleurs, le Pr\u00e9sident Abdelmadjid Tebboune a tenu \u00e0 souligner hier, sur la revue El-Djeich que l&rsquo;Alg\u00e9rie \u00ab s&rsquo;est r\u00e9solument engag\u00e9e dans une d\u00e9marche de redressement global \u00bb, reposant sur des \u00ab actions mesur\u00e9es et minutieusement r\u00e9fl\u00e9chies, en vue de r\u00e9tablir la cr\u00e9dibilit\u00e9 des institutions de l&rsquo;Etat et la confiance du peuple envers elles pour pouvoir, ainsi, relever les d\u00e9fis sur les plans \u00e9conomique et social \u00bb.<\/p>\n\n\n\n<p>C&rsquo;est ainsi que des r\u00e9formes ont \u00e9t\u00e9 mises en \u0153uvre afin de \u00ab redynamiser l&rsquo;\u00e9conomie nationale, en acc\u00e9l\u00e9rant son d\u00e9veloppement et en diversifiant nos exportations hors hydrocarbures, ce qui aura un impact positif sur le volet social \u00bb, a soutenu Tebboune, rappelant que cette d\u00e9marche \u00ab s&rsquo;inscrit en droite ligne de l&rsquo;engagement qu&rsquo;il a pris concernant la pr\u00e9servation du caract\u00e8re social de l\u2019Etat, quelles qu&rsquo;en soient les circonstances, et ce, conform\u00e9ment aux principes de la R\u00e9volution et \u00e0 la D\u00e9claration du 1er Novembre \u00bb.<\/p>\n\n\n\n<p>Les d\u00e9fis sont connus, les politiques ont \u00e9t\u00e9 formul\u00e9es et les objectifs fix\u00e9s. Ne reste que la concr\u00e9tisation du processus de renouveau \u00e9conomique.<\/p>\n\n\n\n<p><strong>Samira Ghrib<\/strong><\/p>\n","protected":false},"excerpt":{"rendered":"<p>Symbole du recouvrement de la souverainet\u00e9 nationale, la date du 5 juillet appelle \u00e0 se rem\u00e9morer la fin de l\u2019une<\/p>\n","protected":false},"author":3,"featured_media":23628,"comment_status":"open","ping_status":"closed","sticky":false,"template":"","format":"standard","meta":{"colormag_page_container_layout":"default_layout","colormag_page_sidebar_layout":"default_layout","om_disable_all_campaigns":false,"_monsterinsights_skip_tracking":false,"_monsterinsights_sitenote_active":false,"_monsterinsights_sitenote_note":"","_monsterinsights_sitenote_category":0,"footnotes":"","_wpscppro_dont_share_socialmedia":false,"_wpscppro_custom_social_share_image":0,"_facebook_share_type":"","_twitter_share_type":"","_linkedin_share_type":"","_pinterest_share_type":"","_linkedin_share_type_page":"","_instagram_share_type":"","_medium_share_type":"","_threads_share_type":"","_google_business_share_type":"","_selected_social_profile":[],"_wpsp_enable_custom_social_template":false,"_wpsp_social_scheduling":{"enabled":false,"datetime":null,"platforms":[],"status":"template_only","dateOption":"today","timeOption":"now","customDays":"","customHours":"","customDate":"","customTime":"","schedulingType":"absolute"},"_wpsp_active_default_template":true},"categories":[27],"tags":[],"class_list":["post-23619","post","type-post","status-publish","format-standard","has-post-thumbnail","hentry","category-actualite"],"aioseo_notices":[],"yoast_head":"<!-- This site is optimized with the Yoast SEO plugin v27.5 - https:\/\/yoast.com\/product\/yoast-seo-wordpress\/ -->\n<title>Souverainet\u00e9 \u00e9conomique\u00a0: Au-del\u00e0 des hydrocarbures - La Sentinelle<\/title>\n<meta name=\"robots\" content=\"index, follow, max-snippet:-1, max-image-preview:large, max-video-preview:-1\" \/>\n<link rel=\"canonical\" href=\"https:\/\/lasentinelle.dz\/index.php\/2022\/07\/04\/souverainete-economique-au-dela-des-hydrocarbures\/\" \/>\n<meta property=\"og:locale\" content=\"fr_FR\" \/>\n<meta property=\"og:type\" content=\"article\" \/>\n<meta property=\"og:title\" content=\"Souverainet\u00e9 \u00e9conomique\u00a0: Au-del\u00e0 des hydrocarbures - La Sentinelle\" \/>\n<meta property=\"og:description\" content=\"Symbole du recouvrement de la souverainet\u00e9 nationale, la date du 5 juillet appelle \u00e0 se rem\u00e9morer la fin de l\u2019une\" \/>\n<meta property=\"og:url\" content=\"https:\/\/lasentinelle.dz\/index.php\/2022\/07\/04\/souverainete-economique-au-dela-des-hydrocarbures\/\" \/>\n<meta property=\"og:site_name\" content=\"La Sentinelle\" \/>\n<meta property=\"article:publisher\" content=\"https:\/\/www.facebook.com\/La-Sentinelle-104059864394773\" \/>\n<meta property=\"article:published_time\" content=\"2022-07-03T23:01:00+00:00\" \/>\n<meta property=\"og:image\" content=\"https:\/\/lasentinelle.dz\/wp-content\/uploads\/2022\/07\/34dadabfdc19c6ab95683669b1c67e4c_M.jpg\" \/>\n\t<meta property=\"og:image:width\" content=\"580\" \/>\n\t<meta property=\"og:image:height\" content=\"350\" \/>\n\t<meta property=\"og:image:type\" content=\"image\/jpeg\" \/>\n<meta name=\"author\" content=\"La Sentinelle\" \/>\n<meta name=\"twitter:card\" content=\"summary_large_image\" \/>\n<meta name=\"twitter:label1\" content=\"\u00c9crit par\" \/>\n\t<meta name=\"twitter:data1\" content=\"La Sentinelle\" \/>\n\t<meta name=\"twitter:label2\" content=\"Dur\u00e9e de lecture estim\u00e9e\" \/>\n\t<meta name=\"twitter:data2\" content=\"6 minutes\" \/>\n<script type=\"application\/ld+json\" class=\"yoast-schema-graph\">{\"@context\":\"https:\\\/\\\/schema.org\",\"@graph\":[{\"@type\":\"Article\",\"@id\":\"https:\\\/\\\/lasentinelle.dz\\\/index.php\\\/2022\\\/07\\\/04\\\/souverainete-economique-au-dela-des-hydrocarbures\\\/#article\",\"isPartOf\":{\"@id\":\"https:\\\/\\\/lasentinelle.dz\\\/index.php\\\/2022\\\/07\\\/04\\\/souverainete-economique-au-dela-des-hydrocarbures\\\/\"},\"author\":{\"name\":\"La Sentinelle\",\"@id\":\"https:\\\/\\\/lasentinelle.dz\\\/#\\\/schema\\\/person\\\/d865044e22e70a75174ce8bcad3acfb3\"},\"headline\":\"Souverainet\u00e9 \u00e9conomique\u00a0: Au-del\u00e0 des hydrocarbures\",\"datePublished\":\"2022-07-03T23:01:00+00:00\",\"mainEntityOfPage\":{\"@id\":\"https:\\\/\\\/lasentinelle.dz\\\/index.php\\\/2022\\\/07\\\/04\\\/souverainete-economique-au-dela-des-hydrocarbures\\\/\"},\"wordCount\":1263,\"commentCount\":0,\"publisher\":{\"@id\":\"https:\\\/\\\/lasentinelle.dz\\\/#organization\"},\"image\":{\"@id\":\"https:\\\/\\\/lasentinelle.dz\\\/index.php\\\/2022\\\/07\\\/04\\\/souverainete-economique-au-dela-des-hydrocarbures\\\/#primaryimage\"},\"thumbnailUrl\":\"https:\\\/\\\/lasentinelle.dz\\\/wp-content\\\/uploads\\\/2022\\\/07\\\/34dadabfdc19c6ab95683669b1c67e4c_M.jpg\",\"articleSection\":[\"Actualit\u00e9\"],\"inLanguage\":\"fr-FR\",\"potentialAction\":[{\"@type\":\"CommentAction\",\"name\":\"Comment\",\"target\":[\"https:\\\/\\\/lasentinelle.dz\\\/index.php\\\/2022\\\/07\\\/04\\\/souverainete-economique-au-dela-des-hydrocarbures\\\/#respond\"]}]},{\"@type\":\"WebPage\",\"@id\":\"https:\\\/\\\/lasentinelle.dz\\\/index.php\\\/2022\\\/07\\\/04\\\/souverainete-economique-au-dela-des-hydrocarbures\\\/\",\"url\":\"https:\\\/\\\/lasentinelle.dz\\\/index.php\\\/2022\\\/07\\\/04\\\/souverainete-economique-au-dela-des-hydrocarbures\\\/\",\"name\":\"Souverainet\u00e9 \u00e9conomique\u00a0: Au-del\u00e0 des hydrocarbures - La Sentinelle\",\"isPartOf\":{\"@id\":\"https:\\\/\\\/lasentinelle.dz\\\/#website\"},\"primaryImageOfPage\":{\"@id\":\"https:\\\/\\\/lasentinelle.dz\\\/index.php\\\/2022\\\/07\\\/04\\\/souverainete-economique-au-dela-des-hydrocarbures\\\/#primaryimage\"},\"image\":{\"@id\":\"https:\\\/\\\/lasentinelle.dz\\\/index.php\\\/2022\\\/07\\\/04\\\/souverainete-economique-au-dela-des-hydrocarbures\\\/#primaryimage\"},\"thumbnailUrl\":\"https:\\\/\\\/lasentinelle.dz\\\/wp-content\\\/uploads\\\/2022\\\/07\\\/34dadabfdc19c6ab95683669b1c67e4c_M.jpg\",\"datePublished\":\"2022-07-03T23:01:00+00:00\",\"breadcrumb\":{\"@id\":\"https:\\\/\\\/lasentinelle.dz\\\/index.php\\\/2022\\\/07\\\/04\\\/souverainete-economique-au-dela-des-hydrocarbures\\\/#breadcrumb\"},\"inLanguage\":\"fr-FR\",\"potentialAction\":[{\"@type\":\"ReadAction\",\"target\":[\"https:\\\/\\\/lasentinelle.dz\\\/index.php\\\/2022\\\/07\\\/04\\\/souverainete-economique-au-dela-des-hydrocarbures\\\/\"]}]},{\"@type\":\"ImageObject\",\"inLanguage\":\"fr-FR\",\"@id\":\"https:\\\/\\\/lasentinelle.dz\\\/index.php\\\/2022\\\/07\\\/04\\\/souverainete-economique-au-dela-des-hydrocarbures\\\/#primaryimage\",\"url\":\"https:\\\/\\\/lasentinelle.dz\\\/wp-content\\\/uploads\\\/2022\\\/07\\\/34dadabfdc19c6ab95683669b1c67e4c_M.jpg\",\"contentUrl\":\"https:\\\/\\\/lasentinelle.dz\\\/wp-content\\\/uploads\\\/2022\\\/07\\\/34dadabfdc19c6ab95683669b1c67e4c_M.jpg\",\"width\":580,\"height\":350},{\"@type\":\"BreadcrumbList\",\"@id\":\"https:\\\/\\\/lasentinelle.dz\\\/index.php\\\/2022\\\/07\\\/04\\\/souverainete-economique-au-dela-des-hydrocarbures\\\/#breadcrumb\",\"itemListElement\":[{\"@type\":\"ListItem\",\"position\":1,\"name\":\"Accueil\",\"item\":\"https:\\\/\\\/lasentinelle.dz\\\/\"},{\"@type\":\"ListItem\",\"position\":2,\"name\":\"Souverainet\u00e9 \u00e9conomique\u00a0: Au-del\u00e0 des hydrocarbures\"}]},{\"@type\":\"WebSite\",\"@id\":\"https:\\\/\\\/lasentinelle.dz\\\/#website\",\"url\":\"https:\\\/\\\/lasentinelle.dz\\\/\",\"name\":\"La Sentinelle\",\"description\":\"Quotidien national d&#039;information\",\"publisher\":{\"@id\":\"https:\\\/\\\/lasentinelle.dz\\\/#organization\"},\"potentialAction\":[{\"@type\":\"SearchAction\",\"target\":{\"@type\":\"EntryPoint\",\"urlTemplate\":\"https:\\\/\\\/lasentinelle.dz\\\/?s={search_term_string}\"},\"query-input\":{\"@type\":\"PropertyValueSpecification\",\"valueRequired\":true,\"valueName\":\"search_term_string\"}}],\"inLanguage\":\"fr-FR\"},{\"@type\":\"Organization\",\"@id\":\"https:\\\/\\\/lasentinelle.dz\\\/#organization\",\"name\":\"Quotidien La Sentinelle\",\"url\":\"https:\\\/\\\/lasentinelle.dz\\\/\",\"logo\":{\"@type\":\"ImageObject\",\"inLanguage\":\"fr-FR\",\"@id\":\"https:\\\/\\\/lasentinelle.dz\\\/#\\\/schema\\\/logo\\\/image\\\/\",\"url\":\"https:\\\/\\\/lasentinelle.dz\\\/wp-content\\\/uploads\\\/2021\\\/09\\\/logo-sentinelleSLOGAN-1.png\",\"contentUrl\":\"https:\\\/\\\/lasentinelle.dz\\\/wp-content\\\/uploads\\\/2021\\\/09\\\/logo-sentinelleSLOGAN-1.png\",\"width\":615,\"height\":142,\"caption\":\"Quotidien La Sentinelle\"},\"image\":{\"@id\":\"https:\\\/\\\/lasentinelle.dz\\\/#\\\/schema\\\/logo\\\/image\\\/\"},\"sameAs\":[\"https:\\\/\\\/www.facebook.com\\\/La-Sentinelle-104059864394773\"]},{\"@type\":\"Person\",\"@id\":\"https:\\\/\\\/lasentinelle.dz\\\/#\\\/schema\\\/person\\\/d865044e22e70a75174ce8bcad3acfb3\",\"name\":\"La Sentinelle\",\"image\":{\"@type\":\"ImageObject\",\"inLanguage\":\"fr-FR\",\"@id\":\"https:\\\/\\\/secure.gravatar.com\\\/avatar\\\/57de8e5d4b15d43fb361a71fbb36338450fe67865b528a43dd10ef7c51a20392?s=96&d=mm&r=g\",\"url\":\"https:\\\/\\\/secure.gravatar.com\\\/avatar\\\/57de8e5d4b15d43fb361a71fbb36338450fe67865b528a43dd10ef7c51a20392?s=96&d=mm&r=g\",\"contentUrl\":\"https:\\\/\\\/secure.gravatar.com\\\/avatar\\\/57de8e5d4b15d43fb361a71fbb36338450fe67865b528a43dd10ef7c51a20392?s=96&d=mm&r=g\",\"caption\":\"La Sentinelle\"},\"sameAs\":[\"http:\\\/\\\/www.lasentinelle.dz\"],\"url\":\"https:\\\/\\\/lasentinelle.dz\\\/author\\\/redaction\\\/\"}]}<\/script>\n<!-- \/ Yoast SEO plugin. -->","yoast_head_json":{"title":"Souverainet\u00e9 \u00e9conomique\u00a0: Au-del\u00e0 des hydrocarbures - La Sentinelle","robots":{"index":"index","follow":"follow","max-snippet":"max-snippet:-1","max-image-preview":"max-image-preview:large","max-video-preview":"max-video-preview:-1"},"canonical":"https:\/\/lasentinelle.dz\/index.php\/2022\/07\/04\/souverainete-economique-au-dela-des-hydrocarbures\/","og_locale":"fr_FR","og_type":"article","og_title":"Souverainet\u00e9 \u00e9conomique\u00a0: Au-del\u00e0 des hydrocarbures - La Sentinelle","og_description":"Symbole du recouvrement de la souverainet\u00e9 nationale, la date du 5 juillet appelle \u00e0 se rem\u00e9morer la fin de l\u2019une","og_url":"https:\/\/lasentinelle.dz\/index.php\/2022\/07\/04\/souverainete-economique-au-dela-des-hydrocarbures\/","og_site_name":"La Sentinelle","article_publisher":"https:\/\/www.facebook.com\/La-Sentinelle-104059864394773","article_published_time":"2022-07-03T23:01:00+00:00","og_image":[{"width":580,"height":350,"url":"https:\/\/lasentinelle.dz\/wp-content\/uploads\/2022\/07\/34dadabfdc19c6ab95683669b1c67e4c_M.jpg","type":"image\/jpeg"}],"author":"La Sentinelle","twitter_card":"summary_large_image","twitter_misc":{"\u00c9crit par":"La Sentinelle","Dur\u00e9e de lecture estim\u00e9e":"6 minutes"},"schema":{"@context":"https:\/\/schema.org","@graph":[{"@type":"Article","@id":"https:\/\/lasentinelle.dz\/index.php\/2022\/07\/04\/souverainete-economique-au-dela-des-hydrocarbures\/#article","isPartOf":{"@id":"https:\/\/lasentinelle.dz\/index.php\/2022\/07\/04\/souverainete-economique-au-dela-des-hydrocarbures\/"},"author":{"name":"La Sentinelle","@id":"https:\/\/lasentinelle.dz\/#\/schema\/person\/d865044e22e70a75174ce8bcad3acfb3"},"headline":"Souverainet\u00e9 \u00e9conomique\u00a0: Au-del\u00e0 des hydrocarbures","datePublished":"2022-07-03T23:01:00+00:00","mainEntityOfPage":{"@id":"https:\/\/lasentinelle.dz\/index.php\/2022\/07\/04\/souverainete-economique-au-dela-des-hydrocarbures\/"},"wordCount":1263,"commentCount":0,"publisher":{"@id":"https:\/\/lasentinelle.dz\/#organization"},"image":{"@id":"https:\/\/lasentinelle.dz\/index.php\/2022\/07\/04\/souverainete-economique-au-dela-des-hydrocarbures\/#primaryimage"},"thumbnailUrl":"https:\/\/lasentinelle.dz\/wp-content\/uploads\/2022\/07\/34dadabfdc19c6ab95683669b1c67e4c_M.jpg","articleSection":["Actualit\u00e9"],"inLanguage":"fr-FR","potentialAction":[{"@type":"CommentAction","name":"Comment","target":["https:\/\/lasentinelle.dz\/index.php\/2022\/07\/04\/souverainete-economique-au-dela-des-hydrocarbures\/#respond"]}]},{"@type":"WebPage","@id":"https:\/\/lasentinelle.dz\/index.php\/2022\/07\/04\/souverainete-economique-au-dela-des-hydrocarbures\/","url":"https:\/\/lasentinelle.dz\/index.php\/2022\/07\/04\/souverainete-economique-au-dela-des-hydrocarbures\/","name":"Souverainet\u00e9 \u00e9conomique\u00a0: Au-del\u00e0 des hydrocarbures - La Sentinelle","isPartOf":{"@id":"https:\/\/lasentinelle.dz\/#website"},"primaryImageOfPage":{"@id":"https:\/\/lasentinelle.dz\/index.php\/2022\/07\/04\/souverainete-economique-au-dela-des-hydrocarbures\/#primaryimage"},"image":{"@id":"https:\/\/lasentinelle.dz\/index.php\/2022\/07\/04\/souverainete-economique-au-dela-des-hydrocarbures\/#primaryimage"},"thumbnailUrl":"https:\/\/lasentinelle.dz\/wp-content\/uploads\/2022\/07\/34dadabfdc19c6ab95683669b1c67e4c_M.jpg","datePublished":"2022-07-03T23:01:00+00:00","breadcrumb":{"@id":"https:\/\/lasentinelle.dz\/index.php\/2022\/07\/04\/souverainete-economique-au-dela-des-hydrocarbures\/#breadcrumb"},"inLanguage":"fr-FR","potentialAction":[{"@type":"ReadAction","target":["https:\/\/lasentinelle.dz\/index.php\/2022\/07\/04\/souverainete-economique-au-dela-des-hydrocarbures\/"]}]},{"@type":"ImageObject","inLanguage":"fr-FR","@id":"https:\/\/lasentinelle.dz\/index.php\/2022\/07\/04\/souverainete-economique-au-dela-des-hydrocarbures\/#primaryimage","url":"https:\/\/lasentinelle.dz\/wp-content\/uploads\/2022\/07\/34dadabfdc19c6ab95683669b1c67e4c_M.jpg","contentUrl":"https:\/\/lasentinelle.dz\/wp-content\/uploads\/2022\/07\/34dadabfdc19c6ab95683669b1c67e4c_M.jpg","width":580,"height":350},{"@type":"BreadcrumbList","@id":"https:\/\/lasentinelle.dz\/index.php\/2022\/07\/04\/souverainete-economique-au-dela-des-hydrocarbures\/#breadcrumb","itemListElement":[{"@type":"ListItem","position":1,"name":"Accueil","item":"https:\/\/lasentinelle.dz\/"},{"@type":"ListItem","position":2,"name":"Souverainet\u00e9 \u00e9conomique\u00a0: Au-del\u00e0 des hydrocarbures"}]},{"@type":"WebSite","@id":"https:\/\/lasentinelle.dz\/#website","url":"https:\/\/lasentinelle.dz\/","name":"La Sentinelle","description":"Quotidien national d&#039;information","publisher":{"@id":"https:\/\/lasentinelle.dz\/#organization"},"potentialAction":[{"@type":"SearchAction","target":{"@type":"EntryPoint","urlTemplate":"https:\/\/lasentinelle.dz\/?s={search_term_string}"},"query-input":{"@type":"PropertyValueSpecification","valueRequired":true,"valueName":"search_term_string"}}],"inLanguage":"fr-FR"},{"@type":"Organization","@id":"https:\/\/lasentinelle.dz\/#organization","name":"Quotidien La Sentinelle","url":"https:\/\/lasentinelle.dz\/","logo":{"@type":"ImageObject","inLanguage":"fr-FR","@id":"https:\/\/lasentinelle.dz\/#\/schema\/logo\/image\/","url":"https:\/\/lasentinelle.dz\/wp-content\/uploads\/2021\/09\/logo-sentinelleSLOGAN-1.png","contentUrl":"https:\/\/lasentinelle.dz\/wp-content\/uploads\/2021\/09\/logo-sentinelleSLOGAN-1.png","width":615,"height":142,"caption":"Quotidien La Sentinelle"},"image":{"@id":"https:\/\/lasentinelle.dz\/#\/schema\/logo\/image\/"},"sameAs":["https:\/\/www.facebook.com\/La-Sentinelle-104059864394773"]},{"@type":"Person","@id":"https:\/\/lasentinelle.dz\/#\/schema\/person\/d865044e22e70a75174ce8bcad3acfb3","name":"La Sentinelle","image":{"@type":"ImageObject","inLanguage":"fr-FR","@id":"https:\/\/secure.gravatar.com\/avatar\/57de8e5d4b15d43fb361a71fbb36338450fe67865b528a43dd10ef7c51a20392?s=96&d=mm&r=g","url":"https:\/\/secure.gravatar.com\/avatar\/57de8e5d4b15d43fb361a71fbb36338450fe67865b528a43dd10ef7c51a20392?s=96&d=mm&r=g","contentUrl":"https:\/\/secure.gravatar.com\/avatar\/57de8e5d4b15d43fb361a71fbb36338450fe67865b528a43dd10ef7c51a20392?s=96&d=mm&r=g","caption":"La Sentinelle"},"sameAs":["http:\/\/www.lasentinelle.dz"],"url":"https:\/\/lasentinelle.dz\/author\/redaction\/"}]}},"_links":{"self":[{"href":"https:\/\/lasentinelle.dz\/index.php\/wp-json\/wp\/v2\/posts\/23619","targetHints":{"allow":["GET"]}}],"collection":[{"href":"https:\/\/lasentinelle.dz\/index.php\/wp-json\/wp\/v2\/posts"}],"about":[{"href":"https:\/\/lasentinelle.dz\/index.php\/wp-json\/wp\/v2\/types\/post"}],"author":[{"embeddable":true,"href":"https:\/\/lasentinelle.dz\/index.php\/wp-json\/wp\/v2\/users\/3"}],"replies":[{"embeddable":true,"href":"https:\/\/lasentinelle.dz\/index.php\/wp-json\/wp\/v2\/comments?post=23619"}],"version-history":[{"count":1,"href":"https:\/\/lasentinelle.dz\/index.php\/wp-json\/wp\/v2\/posts\/23619\/revisions"}],"predecessor-version":[{"id":23629,"href":"https:\/\/lasentinelle.dz\/index.php\/wp-json\/wp\/v2\/posts\/23619\/revisions\/23629"}],"wp:featuredmedia":[{"embeddable":true,"href":"https:\/\/lasentinelle.dz\/index.php\/wp-json\/wp\/v2\/media\/23628"}],"wp:attachment":[{"href":"https:\/\/lasentinelle.dz\/index.php\/wp-json\/wp\/v2\/media?parent=23619"}],"wp:term":[{"taxonomy":"category","embeddable":true,"href":"https:\/\/lasentinelle.dz\/index.php\/wp-json\/wp\/v2\/categories?post=23619"},{"taxonomy":"post_tag","embeddable":true,"href":"https:\/\/lasentinelle.dz\/index.php\/wp-json\/wp\/v2\/tags?post=23619"}],"curies":[{"name":"wp","href":"https:\/\/api.w.org\/{rel}","templated":true}]}}