{"id":2366,"date":"2021-07-27T00:01:00","date_gmt":"2021-07-26T23:01:00","guid":{"rendered":"https:\/\/lasentinelle.dz\/?p=2366"},"modified":"2021-07-26T17:42:59","modified_gmt":"2021-07-26T16:42:59","slug":"covid-19-plus-de-4163-millions-de-morts-dans-le-monde","status":"publish","type":"post","link":"https:\/\/lasentinelle.dz\/index.php\/2021\/07\/27\/covid-19-plus-de-4163-millions-de-morts-dans-le-monde\/","title":{"rendered":"Covid-19 : Plus de 4,163 millions de morts dans le monde"},"content":{"rendered":"\n<p>La pand\u00e9mie du nouveau coronavirus a fait au moins 4.163.235 morts dans le monde depuis que le bureau de l&rsquo;OMS en Chine a fait \u00e9tat de l&rsquo;apparition de la maladie fin d\u00e9cembre 2019, selon un bilan \u00e9tabli \u00e0 partir de sources officielles hier \u00e0 10H00 GMT.Plus de 194.121.850 cas d&rsquo;infection ont \u00e9t\u00e9 officiellement diagnostiqu\u00e9s depuis le d\u00e9but de l&rsquo;\u00e9pid\u00e9mie. La grande majorit\u00e9 des malades gu\u00e9rissent, mais une part encore mal \u00e9valu\u00e9e conserve des sympt\u00f4mes pendant des semaines, voire des mois.Les chiffres se fondent sur les bilans communiqu\u00e9s quotidiennement par les autorit\u00e9s sanitaires de chaque pays. Ils excluent les r\u00e9visions r\u00e9alis\u00e9es a posteriori par certains organismes statistiques, qui concluent \u00e0 un nombre bien plus important de morts.L&rsquo;OMS estime m\u00eame, en prenant en compte la surmortalit\u00e9 directement et indirectement li\u00e9e au Covid-19, que le bilan de la pand\u00e9mie pourrait \u00eatre deux \u00e0 trois fois plus \u00e9lev\u00e9 que celui officiellement recens\u00e9. Une part importante des cas les moins graves ou asymptomatiques reste aussi non d\u00e9tect\u00e9e malgr\u00e9 l&rsquo;intensification du d\u00e9pistage dans de nombreux pays. Sur la journ\u00e9e de dimanche, 7.042 nouveaux d\u00e9c\u00e8s et 442.310 nouveaux cas ont \u00e9t\u00e9 recens\u00e9s dans le monde.Les pays qui ont enregistr\u00e9 le plus de nouveaux d\u00e9c\u00e8s dans leurs derniers bilans sont l&rsquo;Indon\u00e9sie avec 1.487 nouveaux morts, la Russie (727) et le Br\u00e9sil (476). Les Etats-Unis sont le pays le plus touch\u00e9 tant en nombre de morts que de cas, avec 610.891 d\u00e9c\u00e8s pour 34.443.826 cas recens\u00e9s, selon le comptage de l&rsquo;universit\u00e9 Johns Hopkins.Apr\u00e8s les Etats-Unis, les pays les plus touch\u00e9s sont le Br\u00e9sil avec 549.924 morts et 19.688.663 cas, l&rsquo;Inde avec 420.967 morts (31.411.262 cas), le Mexique avec 238.424 morts (2.748.518 cas), et le P\u00e9rou avec 195.890 morts (2.104.394 cas).<\/p>\n\n\n\n<p>L&rsquo;Am\u00e9rique latine et les Cara\u00efbes totalisaient lundi \u00e0 10H00 GMT 1.357.502 d\u00e9c\u00e8s pour 40.235.611 cas, l&rsquo;Europe 1.195.318 d\u00e9c\u00e8s (57.495.239 cas), l&rsquo;Asie 648.934 d\u00e9c\u00e8s (43.747.337 cas), les Etats-Unis et le Canada 637.438 d\u00e9c\u00e8s (35.870.041 cas), l&rsquo;Afrique 164.546 d\u00e9c\u00e8s (6.478.912 cas), le Moyen-Orient 158.175 d\u00e9c\u00e8s (10.218.483 cas), et l&rsquo;Oc\u00e9anie 1.322 d\u00e9c\u00e8s (76.232 cas).<\/p>\n\n\n\n<p>Le nombre quotidien de contaminations au Covid-19 a franchi pour la premi\u00e8re fois la barre des 30.000 cas en Iran, a annonc\u00e9 lundi le minist\u00e8re de la Sant\u00e9, moins d&rsquo;une semaine apr\u00e8s le dernier record quotidien enregistr\u00e9 par le pays.Au cours des derni\u00e8res 24 heures, l&rsquo;Iran a recens\u00e9 31.814 nouveaux cas de contagion, le nombre total de cas d\u00e9passant les 3,7 millions.Les restaurants, pubs et autres bars d&rsquo;Irlande peuvent depuis lundi de nouveau servir en salles les clients, \u00e0 condition que ceux-ci pr\u00e9sentent un passeport vaccinal ou soient gu\u00e9ris du coronavirus dans les six derniers mois.Petites \u00e9choppes, restaurants de rue et quelques centres commerciaux ont rouvert lundi en Indon\u00e9sie.Le pr\u00e9sident indon\u00e9sien Joko Widodo a toutefois annonc\u00e9 dimanche soir que le confinement partiel impos\u00e9 d\u00e9but juillet se poursuivrait jusqu&rsquo;au 2 ao\u00fbt pour tenter d&rsquo;enrayer la propagation du tr\u00e8s contagieux variant Delta.Des cas de Covid-19 ont \u00e9t\u00e9 d\u00e9tect\u00e9s dans la d\u00e9l\u00e9gation n\u00e9erlandaise aux Jeux olympiques de Tokyo, conduisant au retrait d&rsquo;une paire de double messieurs en tennis et \u00e0 la mise \u00e0 l&rsquo;isolement de l&rsquo;\u00e9quipe d&rsquo;aviron.Les N\u00e9erlandais ont d\u00e9cid\u00e9 de s&rsquo;isoler de leur propre initiative, malgr\u00e9 l&rsquo;absence de cas contact officiel, \u00ab\u00a0afin d&rsquo;inspirer confiance aux autres pays et aux volontaires\u00a0\u00bb, a expliqu\u00e9 le directeur de l&rsquo;\u00e9quipe des Pays-Bas, Hessel Evertse.<\/p>\n\n\n\n<p>R.I. avec agences<\/p>\n","protected":false},"excerpt":{"rendered":"<p>La pand\u00e9mie du nouveau coronavirus a fait au moins 4.163.235 morts dans le monde depuis que le bureau de l&rsquo;OMS<\/p>\n","protected":false},"author":3,"featured_media":2394,"comment_status":"open","ping_status":"closed","sticky":false,"template":"","format":"standard","meta":{"colormag_page_container_layout":"default_layout","colormag_page_sidebar_layout":"default_layout","om_disable_all_campaigns":false,"_monsterinsights_skip_tracking":false,"_monsterinsights_sitenote_active":false,"_monsterinsights_sitenote_note":"","_monsterinsights_sitenote_category":0,"footnotes":"","_wpscppro_dont_share_socialmedia":false,"_wpscppro_custom_social_share_image":0,"_facebook_share_type":"","_twitter_share_type":"","_linkedin_share_type":"","_pinterest_share_type":"","_linkedin_share_type_page":"","_instagram_share_type":"","_medium_share_type":"","_threads_share_type":"","_google_business_share_type":"","_selected_social_profile":[],"_wpsp_enable_custom_social_template":false,"_wpsp_social_scheduling":{"enabled":false,"datetime":null,"platforms":[],"status":"template_only","dateOption":"today","timeOption":"now","customDays":"","customHours":"","customDate":"","customTime":"","schedulingType":"absolute"},"_wpsp_active_default_template":true},"categories":[37],"tags":[],"class_list":["post-2366","post","type-post","status-publish","format-standard","has-post-thumbnail","hentry","category-monde"],"aioseo_notices":[],"yoast_head":"<!-- This site is optimized with the Yoast SEO plugin v27.5 - https:\/\/yoast.com\/product\/yoast-seo-wordpress\/ -->\n<title>Covid-19 : Plus de 4,163 millions de morts dans le monde - La Sentinelle<\/title>\n<meta name=\"robots\" content=\"index, follow, max-snippet:-1, max-image-preview:large, max-video-preview:-1\" \/>\n<link rel=\"canonical\" href=\"https:\/\/lasentinelle.dz\/index.php\/2021\/07\/27\/covid-19-plus-de-4163-millions-de-morts-dans-le-monde\/\" \/>\n<meta property=\"og:locale\" content=\"fr_FR\" \/>\n<meta property=\"og:type\" content=\"article\" \/>\n<meta property=\"og:title\" content=\"Covid-19 : Plus de 4,163 millions de morts dans le monde - La Sentinelle\" \/>\n<meta property=\"og:description\" content=\"La pand\u00e9mie du nouveau coronavirus a fait au moins 4.163.235 morts dans le monde depuis que le bureau de l&rsquo;OMS\" \/>\n<meta property=\"og:url\" content=\"https:\/\/lasentinelle.dz\/index.php\/2021\/07\/27\/covid-19-plus-de-4163-millions-de-morts-dans-le-monde\/\" \/>\n<meta property=\"og:site_name\" content=\"La Sentinelle\" \/>\n<meta property=\"article:publisher\" content=\"https:\/\/www.facebook.com\/La-Sentinelle-104059864394773\" \/>\n<meta property=\"article:published_time\" content=\"2021-07-26T23:01:00+00:00\" \/>\n<meta property=\"og:image\" content=\"https:\/\/lasentinelle.dz\/wp-content\/uploads\/2021\/07\/corona-2.png\" \/>\n\t<meta property=\"og:image:width\" content=\"1395\" \/>\n\t<meta property=\"og:image:height\" content=\"900\" \/>\n\t<meta property=\"og:image:type\" content=\"image\/png\" \/>\n<meta name=\"author\" content=\"La Sentinelle\" \/>\n<meta name=\"twitter:card\" content=\"summary_large_image\" \/>\n<meta name=\"twitter:label1\" content=\"\u00c9crit par\" \/>\n\t<meta name=\"twitter:data1\" content=\"La Sentinelle\" \/>\n\t<meta name=\"twitter:label2\" content=\"Dur\u00e9e de lecture estim\u00e9e\" \/>\n\t<meta name=\"twitter:data2\" content=\"3 minutes\" \/>\n<script type=\"application\/ld+json\" class=\"yoast-schema-graph\">{\"@context\":\"https:\\\/\\\/schema.org\",\"@graph\":[{\"@type\":\"Article\",\"@id\":\"https:\\\/\\\/lasentinelle.dz\\\/index.php\\\/2021\\\/07\\\/27\\\/covid-19-plus-de-4163-millions-de-morts-dans-le-monde\\\/#article\",\"isPartOf\":{\"@id\":\"https:\\\/\\\/lasentinelle.dz\\\/index.php\\\/2021\\\/07\\\/27\\\/covid-19-plus-de-4163-millions-de-morts-dans-le-monde\\\/\"},\"author\":{\"name\":\"La Sentinelle\",\"@id\":\"https:\\\/\\\/lasentinelle.dz\\\/#\\\/schema\\\/person\\\/d865044e22e70a75174ce8bcad3acfb3\"},\"headline\":\"Covid-19 : Plus de 4,163 millions de morts dans le monde\",\"datePublished\":\"2021-07-26T23:01:00+00:00\",\"mainEntityOfPage\":{\"@id\":\"https:\\\/\\\/lasentinelle.dz\\\/index.php\\\/2021\\\/07\\\/27\\\/covid-19-plus-de-4163-millions-de-morts-dans-le-monde\\\/\"},\"wordCount\":617,\"commentCount\":0,\"publisher\":{\"@id\":\"https:\\\/\\\/lasentinelle.dz\\\/#organization\"},\"image\":{\"@id\":\"https:\\\/\\\/lasentinelle.dz\\\/index.php\\\/2021\\\/07\\\/27\\\/covid-19-plus-de-4163-millions-de-morts-dans-le-monde\\\/#primaryimage\"},\"thumbnailUrl\":\"https:\\\/\\\/lasentinelle.dz\\\/wp-content\\\/uploads\\\/2021\\\/07\\\/corona-2.png\",\"articleSection\":[\"Monde\"],\"inLanguage\":\"fr-FR\",\"potentialAction\":[{\"@type\":\"CommentAction\",\"name\":\"Comment\",\"target\":[\"https:\\\/\\\/lasentinelle.dz\\\/index.php\\\/2021\\\/07\\\/27\\\/covid-19-plus-de-4163-millions-de-morts-dans-le-monde\\\/#respond\"]}]},{\"@type\":\"WebPage\",\"@id\":\"https:\\\/\\\/lasentinelle.dz\\\/index.php\\\/2021\\\/07\\\/27\\\/covid-19-plus-de-4163-millions-de-morts-dans-le-monde\\\/\",\"url\":\"https:\\\/\\\/lasentinelle.dz\\\/index.php\\\/2021\\\/07\\\/27\\\/covid-19-plus-de-4163-millions-de-morts-dans-le-monde\\\/\",\"name\":\"Covid-19 : Plus de 4,163 millions de morts dans le monde - La Sentinelle\",\"isPartOf\":{\"@id\":\"https:\\\/\\\/lasentinelle.dz\\\/#website\"},\"primaryImageOfPage\":{\"@id\":\"https:\\\/\\\/lasentinelle.dz\\\/index.php\\\/2021\\\/07\\\/27\\\/covid-19-plus-de-4163-millions-de-morts-dans-le-monde\\\/#primaryimage\"},\"image\":{\"@id\":\"https:\\\/\\\/lasentinelle.dz\\\/index.php\\\/2021\\\/07\\\/27\\\/covid-19-plus-de-4163-millions-de-morts-dans-le-monde\\\/#primaryimage\"},\"thumbnailUrl\":\"https:\\\/\\\/lasentinelle.dz\\\/wp-content\\\/uploads\\\/2021\\\/07\\\/corona-2.png\",\"datePublished\":\"2021-07-26T23:01:00+00:00\",\"breadcrumb\":{\"@id\":\"https:\\\/\\\/lasentinelle.dz\\\/index.php\\\/2021\\\/07\\\/27\\\/covid-19-plus-de-4163-millions-de-morts-dans-le-monde\\\/#breadcrumb\"},\"inLanguage\":\"fr-FR\",\"potentialAction\":[{\"@type\":\"ReadAction\",\"target\":[\"https:\\\/\\\/lasentinelle.dz\\\/index.php\\\/2021\\\/07\\\/27\\\/covid-19-plus-de-4163-millions-de-morts-dans-le-monde\\\/\"]}]},{\"@type\":\"ImageObject\",\"inLanguage\":\"fr-FR\",\"@id\":\"https:\\\/\\\/lasentinelle.dz\\\/index.php\\\/2021\\\/07\\\/27\\\/covid-19-plus-de-4163-millions-de-morts-dans-le-monde\\\/#primaryimage\",\"url\":\"https:\\\/\\\/lasentinelle.dz\\\/wp-content\\\/uploads\\\/2021\\\/07\\\/corona-2.png\",\"contentUrl\":\"https:\\\/\\\/lasentinelle.dz\\\/wp-content\\\/uploads\\\/2021\\\/07\\\/corona-2.png\",\"width\":1395,\"height\":900},{\"@type\":\"BreadcrumbList\",\"@id\":\"https:\\\/\\\/lasentinelle.dz\\\/index.php\\\/2021\\\/07\\\/27\\\/covid-19-plus-de-4163-millions-de-morts-dans-le-monde\\\/#breadcrumb\",\"itemListElement\":[{\"@type\":\"ListItem\",\"position\":1,\"name\":\"Accueil\",\"item\":\"https:\\\/\\\/lasentinelle.dz\\\/\"},{\"@type\":\"ListItem\",\"position\":2,\"name\":\"Covid-19 : Plus de 4,163 millions de morts dans le monde\"}]},{\"@type\":\"WebSite\",\"@id\":\"https:\\\/\\\/lasentinelle.dz\\\/#website\",\"url\":\"https:\\\/\\\/lasentinelle.dz\\\/\",\"name\":\"La Sentinelle\",\"description\":\"Quotidien national d&#039;information\",\"publisher\":{\"@id\":\"https:\\\/\\\/lasentinelle.dz\\\/#organization\"},\"potentialAction\":[{\"@type\":\"SearchAction\",\"target\":{\"@type\":\"EntryPoint\",\"urlTemplate\":\"https:\\\/\\\/lasentinelle.dz\\\/?s={search_term_string}\"},\"query-input\":{\"@type\":\"PropertyValueSpecification\",\"valueRequired\":true,\"valueName\":\"search_term_string\"}}],\"inLanguage\":\"fr-FR\"},{\"@type\":\"Organization\",\"@id\":\"https:\\\/\\\/lasentinelle.dz\\\/#organization\",\"name\":\"Quotidien La Sentinelle\",\"url\":\"https:\\\/\\\/lasentinelle.dz\\\/\",\"logo\":{\"@type\":\"ImageObject\",\"inLanguage\":\"fr-FR\",\"@id\":\"https:\\\/\\\/lasentinelle.dz\\\/#\\\/schema\\\/logo\\\/image\\\/\",\"url\":\"https:\\\/\\\/lasentinelle.dz\\\/wp-content\\\/uploads\\\/2021\\\/09\\\/logo-sentinelleSLOGAN-1.png\",\"contentUrl\":\"https:\\\/\\\/lasentinelle.dz\\\/wp-content\\\/uploads\\\/2021\\\/09\\\/logo-sentinelleSLOGAN-1.png\",\"width\":615,\"height\":142,\"caption\":\"Quotidien La Sentinelle\"},\"image\":{\"@id\":\"https:\\\/\\\/lasentinelle.dz\\\/#\\\/schema\\\/logo\\\/image\\\/\"},\"sameAs\":[\"https:\\\/\\\/www.facebook.com\\\/La-Sentinelle-104059864394773\"]},{\"@type\":\"Person\",\"@id\":\"https:\\\/\\\/lasentinelle.dz\\\/#\\\/schema\\\/person\\\/d865044e22e70a75174ce8bcad3acfb3\",\"name\":\"La Sentinelle\",\"image\":{\"@type\":\"ImageObject\",\"inLanguage\":\"fr-FR\",\"@id\":\"https:\\\/\\\/secure.gravatar.com\\\/avatar\\\/57de8e5d4b15d43fb361a71fbb36338450fe67865b528a43dd10ef7c51a20392?s=96&d=mm&r=g\",\"url\":\"https:\\\/\\\/secure.gravatar.com\\\/avatar\\\/57de8e5d4b15d43fb361a71fbb36338450fe67865b528a43dd10ef7c51a20392?s=96&d=mm&r=g\",\"contentUrl\":\"https:\\\/\\\/secure.gravatar.com\\\/avatar\\\/57de8e5d4b15d43fb361a71fbb36338450fe67865b528a43dd10ef7c51a20392?s=96&d=mm&r=g\",\"caption\":\"La Sentinelle\"},\"sameAs\":[\"http:\\\/\\\/www.lasentinelle.dz\"],\"url\":\"https:\\\/\\\/lasentinelle.dz\\\/author\\\/redaction\\\/\"}]}<\/script>\n<!-- \/ Yoast SEO plugin. -->","yoast_head_json":{"title":"Covid-19 : Plus de 4,163 millions de morts dans le monde - La Sentinelle","robots":{"index":"index","follow":"follow","max-snippet":"max-snippet:-1","max-image-preview":"max-image-preview:large","max-video-preview":"max-video-preview:-1"},"canonical":"https:\/\/lasentinelle.dz\/index.php\/2021\/07\/27\/covid-19-plus-de-4163-millions-de-morts-dans-le-monde\/","og_locale":"fr_FR","og_type":"article","og_title":"Covid-19 : Plus de 4,163 millions de morts dans le monde - La Sentinelle","og_description":"La pand\u00e9mie du nouveau coronavirus a fait au moins 4.163.235 morts dans le monde depuis que le bureau de l&rsquo;OMS","og_url":"https:\/\/lasentinelle.dz\/index.php\/2021\/07\/27\/covid-19-plus-de-4163-millions-de-morts-dans-le-monde\/","og_site_name":"La Sentinelle","article_publisher":"https:\/\/www.facebook.com\/La-Sentinelle-104059864394773","article_published_time":"2021-07-26T23:01:00+00:00","og_image":[{"width":1395,"height":900,"url":"https:\/\/lasentinelle.dz\/wp-content\/uploads\/2021\/07\/corona-2.png","type":"image\/png"}],"author":"La Sentinelle","twitter_card":"summary_large_image","twitter_misc":{"\u00c9crit par":"La Sentinelle","Dur\u00e9e de lecture estim\u00e9e":"3 minutes"},"schema":{"@context":"https:\/\/schema.org","@graph":[{"@type":"Article","@id":"https:\/\/lasentinelle.dz\/index.php\/2021\/07\/27\/covid-19-plus-de-4163-millions-de-morts-dans-le-monde\/#article","isPartOf":{"@id":"https:\/\/lasentinelle.dz\/index.php\/2021\/07\/27\/covid-19-plus-de-4163-millions-de-morts-dans-le-monde\/"},"author":{"name":"La Sentinelle","@id":"https:\/\/lasentinelle.dz\/#\/schema\/person\/d865044e22e70a75174ce8bcad3acfb3"},"headline":"Covid-19 : Plus de 4,163 millions de morts dans le monde","datePublished":"2021-07-26T23:01:00+00:00","mainEntityOfPage":{"@id":"https:\/\/lasentinelle.dz\/index.php\/2021\/07\/27\/covid-19-plus-de-4163-millions-de-morts-dans-le-monde\/"},"wordCount":617,"commentCount":0,"publisher":{"@id":"https:\/\/lasentinelle.dz\/#organization"},"image":{"@id":"https:\/\/lasentinelle.dz\/index.php\/2021\/07\/27\/covid-19-plus-de-4163-millions-de-morts-dans-le-monde\/#primaryimage"},"thumbnailUrl":"https:\/\/lasentinelle.dz\/wp-content\/uploads\/2021\/07\/corona-2.png","articleSection":["Monde"],"inLanguage":"fr-FR","potentialAction":[{"@type":"CommentAction","name":"Comment","target":["https:\/\/lasentinelle.dz\/index.php\/2021\/07\/27\/covid-19-plus-de-4163-millions-de-morts-dans-le-monde\/#respond"]}]},{"@type":"WebPage","@id":"https:\/\/lasentinelle.dz\/index.php\/2021\/07\/27\/covid-19-plus-de-4163-millions-de-morts-dans-le-monde\/","url":"https:\/\/lasentinelle.dz\/index.php\/2021\/07\/27\/covid-19-plus-de-4163-millions-de-morts-dans-le-monde\/","name":"Covid-19 : Plus de 4,163 millions de morts dans le monde - La Sentinelle","isPartOf":{"@id":"https:\/\/lasentinelle.dz\/#website"},"primaryImageOfPage":{"@id":"https:\/\/lasentinelle.dz\/index.php\/2021\/07\/27\/covid-19-plus-de-4163-millions-de-morts-dans-le-monde\/#primaryimage"},"image":{"@id":"https:\/\/lasentinelle.dz\/index.php\/2021\/07\/27\/covid-19-plus-de-4163-millions-de-morts-dans-le-monde\/#primaryimage"},"thumbnailUrl":"https:\/\/lasentinelle.dz\/wp-content\/uploads\/2021\/07\/corona-2.png","datePublished":"2021-07-26T23:01:00+00:00","breadcrumb":{"@id":"https:\/\/lasentinelle.dz\/index.php\/2021\/07\/27\/covid-19-plus-de-4163-millions-de-morts-dans-le-monde\/#breadcrumb"},"inLanguage":"fr-FR","potentialAction":[{"@type":"ReadAction","target":["https:\/\/lasentinelle.dz\/index.php\/2021\/07\/27\/covid-19-plus-de-4163-millions-de-morts-dans-le-monde\/"]}]},{"@type":"ImageObject","inLanguage":"fr-FR","@id":"https:\/\/lasentinelle.dz\/index.php\/2021\/07\/27\/covid-19-plus-de-4163-millions-de-morts-dans-le-monde\/#primaryimage","url":"https:\/\/lasentinelle.dz\/wp-content\/uploads\/2021\/07\/corona-2.png","contentUrl":"https:\/\/lasentinelle.dz\/wp-content\/uploads\/2021\/07\/corona-2.png","width":1395,"height":900},{"@type":"BreadcrumbList","@id":"https:\/\/lasentinelle.dz\/index.php\/2021\/07\/27\/covid-19-plus-de-4163-millions-de-morts-dans-le-monde\/#breadcrumb","itemListElement":[{"@type":"ListItem","position":1,"name":"Accueil","item":"https:\/\/lasentinelle.dz\/"},{"@type":"ListItem","position":2,"name":"Covid-19 : Plus de 4,163 millions de morts dans le monde"}]},{"@type":"WebSite","@id":"https:\/\/lasentinelle.dz\/#website","url":"https:\/\/lasentinelle.dz\/","name":"La Sentinelle","description":"Quotidien national d&#039;information","publisher":{"@id":"https:\/\/lasentinelle.dz\/#organization"},"potentialAction":[{"@type":"SearchAction","target":{"@type":"EntryPoint","urlTemplate":"https:\/\/lasentinelle.dz\/?s={search_term_string}"},"query-input":{"@type":"PropertyValueSpecification","valueRequired":true,"valueName":"search_term_string"}}],"inLanguage":"fr-FR"},{"@type":"Organization","@id":"https:\/\/lasentinelle.dz\/#organization","name":"Quotidien La Sentinelle","url":"https:\/\/lasentinelle.dz\/","logo":{"@type":"ImageObject","inLanguage":"fr-FR","@id":"https:\/\/lasentinelle.dz\/#\/schema\/logo\/image\/","url":"https:\/\/lasentinelle.dz\/wp-content\/uploads\/2021\/09\/logo-sentinelleSLOGAN-1.png","contentUrl":"https:\/\/lasentinelle.dz\/wp-content\/uploads\/2021\/09\/logo-sentinelleSLOGAN-1.png","width":615,"height":142,"caption":"Quotidien La Sentinelle"},"image":{"@id":"https:\/\/lasentinelle.dz\/#\/schema\/logo\/image\/"},"sameAs":["https:\/\/www.facebook.com\/La-Sentinelle-104059864394773"]},{"@type":"Person","@id":"https:\/\/lasentinelle.dz\/#\/schema\/person\/d865044e22e70a75174ce8bcad3acfb3","name":"La Sentinelle","image":{"@type":"ImageObject","inLanguage":"fr-FR","@id":"https:\/\/secure.gravatar.com\/avatar\/57de8e5d4b15d43fb361a71fbb36338450fe67865b528a43dd10ef7c51a20392?s=96&d=mm&r=g","url":"https:\/\/secure.gravatar.com\/avatar\/57de8e5d4b15d43fb361a71fbb36338450fe67865b528a43dd10ef7c51a20392?s=96&d=mm&r=g","contentUrl":"https:\/\/secure.gravatar.com\/avatar\/57de8e5d4b15d43fb361a71fbb36338450fe67865b528a43dd10ef7c51a20392?s=96&d=mm&r=g","caption":"La Sentinelle"},"sameAs":["http:\/\/www.lasentinelle.dz"],"url":"https:\/\/lasentinelle.dz\/author\/redaction\/"}]}},"_links":{"self":[{"href":"https:\/\/lasentinelle.dz\/index.php\/wp-json\/wp\/v2\/posts\/2366","targetHints":{"allow":["GET"]}}],"collection":[{"href":"https:\/\/lasentinelle.dz\/index.php\/wp-json\/wp\/v2\/posts"}],"about":[{"href":"https:\/\/lasentinelle.dz\/index.php\/wp-json\/wp\/v2\/types\/post"}],"author":[{"embeddable":true,"href":"https:\/\/lasentinelle.dz\/index.php\/wp-json\/wp\/v2\/users\/3"}],"replies":[{"embeddable":true,"href":"https:\/\/lasentinelle.dz\/index.php\/wp-json\/wp\/v2\/comments?post=2366"}],"version-history":[{"count":1,"href":"https:\/\/lasentinelle.dz\/index.php\/wp-json\/wp\/v2\/posts\/2366\/revisions"}],"predecessor-version":[{"id":2380,"href":"https:\/\/lasentinelle.dz\/index.php\/wp-json\/wp\/v2\/posts\/2366\/revisions\/2380"}],"wp:featuredmedia":[{"embeddable":true,"href":"https:\/\/lasentinelle.dz\/index.php\/wp-json\/wp\/v2\/media\/2394"}],"wp:attachment":[{"href":"https:\/\/lasentinelle.dz\/index.php\/wp-json\/wp\/v2\/media?parent=2366"}],"wp:term":[{"taxonomy":"category","embeddable":true,"href":"https:\/\/lasentinelle.dz\/index.php\/wp-json\/wp\/v2\/categories?post=2366"},{"taxonomy":"post_tag","embeddable":true,"href":"https:\/\/lasentinelle.dz\/index.php\/wp-json\/wp\/v2\/tags?post=2366"}],"curies":[{"name":"wp","href":"https:\/\/api.w.org\/{rel}","templated":true}]}}