{"id":23678,"date":"2022-07-06T00:05:00","date_gmt":"2022-07-05T23:05:00","guid":{"rendered":"https:\/\/lasentinelle.dz\/?p=23678"},"modified":"2022-07-05T20:00:57","modified_gmt":"2022-07-05T19:00:57","slug":"ils-sont-appeles-a-relever-les-defis-pour-construire-une-algerie-nouvelle-passer-le-flambeau-aux-jeunes","status":"publish","type":"post","link":"https:\/\/lasentinelle.dz\/index.php\/2022\/07\/06\/ils-sont-appeles-a-relever-les-defis-pour-construire-une-algerie-nouvelle-passer-le-flambeau-aux-jeunes\/","title":{"rendered":"Ils sont\u00a0appel\u00e9s \u00e0 relever les d\u00e9fis pour construire une Alg\u00e9rie nouvelle\u00a0: Passer le flambeau aux jeunes"},"content":{"rendered":"\n<p>La c\u00e9l\u00e9bration du soixantenaire du recouvrement de la souverainet\u00e9 nationale rev\u00eat un cachet exceptionnel. Les jeunes ont une place particuli\u00e8re dans ces festivit\u00e9s qui c\u00e9l\u00e8brent \u00e9galement la jeunesse. Une jeunesse appel\u00e9e \u00e0 reprendre le flambeau dans cette nouvelle Alg\u00e9rie qui se construit et \u00e0 prendre conscience de l\u2019immensit\u00e9 des d\u00e9fis qui l\u2019attendent. C\u2019est dans ce contexte que le Conseil national des droits de l&rsquo;homme (CNDH) a&nbsp;indiqu\u00e9<\/p>\n\n\n\n<p>que \u00ab\u00a0l\u2019Alg\u00e9rie libre et ind\u00e9pendante est \u00e9difi\u00e9e par des jeunes engag\u00e9s et d\u00e9termin\u00e9s \u00e0 relever les d\u00e9fis pour faire r\u00e9gner la justice sociale et le respect de la Loi et des droits de l&rsquo;homme\u00a0\u00bb.&nbsp;Et d\u2019ajouter que \u00ab\u00a0la glorieuse R\u00e9volution s&rsquo;est d\u00e9clench\u00e9e dans l&rsquo;esprit de ses artisans \u00e0 travers la Proclamation du 1er novembre pour lib\u00e9rer la terre pure d&rsquo;Alg\u00e9rie et, partant, tous les peuples colonis\u00e9s\u00a0\u00bb&nbsp;Le Conseil a indiqu\u00e9 que \u00ab\u00a0l&rsquo;Alg\u00e9rie a fait entendre sa voix haut et fort sur la tribune des Nations unies dont la Charte consid\u00e8re la soumission des peuples \u00e0 la servitude, \u00e0 la domination et \u00e0 l&rsquo;exploitation, comme un d\u00e9ni des droits fondamentaux de l&rsquo;homme et une entrave \u00e0 la paix et la coop\u00e9ration mondiales\u00a0\u00bb.&nbsp;\u00ab\u00a0Nous nous enorgueillissons, en cet anniversaire cher \u00e0 nos c\u0153urs, de c\u00e9l\u00e9brer le deuxi\u00e8me anniversaire d&rsquo;une autre \u00e9pop\u00e9e, celle de la r\u00e9cup\u00e9ration des cr\u00e2nes de 24 chefs de la R\u00e9sistance populaire et de leurs compagnons apr\u00e8s avoir \u00e9t\u00e9 gard\u00e9s depuis plus de 170 ans au Mus\u00e9e de l&rsquo;Homme \u00e0 Paris\u00a0\u00bb, lit-on dans le message.&nbsp;Un \u00e9v\u00e9nement qui t\u00e9moigne, note la m\u00eame source, \u00ab\u00a0de la condamnation de la barbarie de la France coloniale. Il est \u00e9galement t\u00e9moin de ses crimes commis avec pr\u00e9m\u00e9ditation, au vu et au su de la communaut\u00e9 internationale tout enti\u00e8re\u00a0\u00bb.&nbsp;\u00ab\u00a0Soixante ans apr\u00e8s l&rsquo;ind\u00e9pendance de cette terre b\u00e9nie impr\u00e9gn\u00e9e du sang pur des chouhadas, notre fiert\u00e9 \u00e0 l&rsquo;\u00e9gard de ce pan de notre histoire reste intacte\u00a0\u00bb, conclut le Conseil.<\/p>\n\n\n\n<p><strong>Chokri Hafed<\/strong><\/p>\n","protected":false},"excerpt":{"rendered":"<p>La c\u00e9l\u00e9bration du soixantenaire du recouvrement de la souverainet\u00e9 nationale rev\u00eat un cachet exceptionnel. Les jeunes ont une place particuli\u00e8re<\/p>\n","protected":false},"author":3,"featured_media":23692,"comment_status":"open","ping_status":"closed","sticky":false,"template":"","format":"standard","meta":{"colormag_page_container_layout":"default_layout","colormag_page_sidebar_layout":"default_layout","om_disable_all_campaigns":false,"_monsterinsights_skip_tracking":false,"_monsterinsights_sitenote_active":false,"_monsterinsights_sitenote_note":"","_monsterinsights_sitenote_category":0,"footnotes":"","_wpscppro_dont_share_socialmedia":false,"_wpscppro_custom_social_share_image":0,"_facebook_share_type":"","_twitter_share_type":"","_linkedin_share_type":"","_pinterest_share_type":"","_linkedin_share_type_page":"","_instagram_share_type":"","_medium_share_type":"","_threads_share_type":"","_google_business_share_type":"","_selected_social_profile":[],"_wpsp_enable_custom_social_template":false,"_wpsp_social_scheduling":{"enabled":false,"datetime":null,"platforms":[],"status":"template_only","dateOption":"today","timeOption":"now","customDays":"","customHours":"","customDate":"","customTime":"","schedulingType":"absolute"},"_wpsp_active_default_template":true},"categories":[52,27],"tags":[],"class_list":["post-23678","post","type-post","status-publish","format-standard","has-post-thumbnail","hentry","category-a-la-une","category-actualite"],"aioseo_notices":[],"yoast_head":"<!-- This site is optimized with the Yoast SEO plugin v27.4 - https:\/\/yoast.com\/product\/yoast-seo-wordpress\/ -->\n<title>Ils sont\u00a0appel\u00e9s \u00e0 relever les d\u00e9fis pour construire une Alg\u00e9rie nouvelle\u00a0: Passer le flambeau aux jeunes - La Sentinelle<\/title>\n<meta name=\"robots\" content=\"index, follow, max-snippet:-1, max-image-preview:large, max-video-preview:-1\" \/>\n<link rel=\"canonical\" href=\"https:\/\/lasentinelle.dz\/index.php\/2022\/07\/06\/ils-sont-appeles-a-relever-les-defis-pour-construire-une-algerie-nouvelle-passer-le-flambeau-aux-jeunes\/\" \/>\n<meta property=\"og:locale\" content=\"fr_FR\" \/>\n<meta property=\"og:type\" content=\"article\" \/>\n<meta property=\"og:title\" content=\"Ils sont\u00a0appel\u00e9s \u00e0 relever les d\u00e9fis pour construire une Alg\u00e9rie nouvelle\u00a0: Passer le flambeau aux jeunes - La Sentinelle\" \/>\n<meta property=\"og:description\" content=\"La c\u00e9l\u00e9bration du soixantenaire du recouvrement de la souverainet\u00e9 nationale rev\u00eat un cachet exceptionnel. Les jeunes ont une place particuli\u00e8re\" \/>\n<meta property=\"og:url\" content=\"https:\/\/lasentinelle.dz\/index.php\/2022\/07\/06\/ils-sont-appeles-a-relever-les-defis-pour-construire-une-algerie-nouvelle-passer-le-flambeau-aux-jeunes\/\" \/>\n<meta property=\"og:site_name\" content=\"La Sentinelle\" \/>\n<meta property=\"article:publisher\" content=\"https:\/\/www.facebook.com\/La-Sentinelle-104059864394773\" \/>\n<meta property=\"article:published_time\" content=\"2022-07-05T23:05:00+00:00\" \/>\n<meta property=\"og:image\" content=\"https:\/\/lasentinelle.dz\/wp-content\/uploads\/2022\/07\/50-25.png\" \/>\n\t<meta property=\"og:image:width\" content=\"1350\" \/>\n\t<meta property=\"og:image:height\" content=\"900\" \/>\n\t<meta property=\"og:image:type\" content=\"image\/png\" \/>\n<meta name=\"author\" content=\"La Sentinelle\" \/>\n<meta name=\"twitter:card\" content=\"summary_large_image\" \/>\n<meta name=\"twitter:label1\" content=\"\u00c9crit par\" \/>\n\t<meta name=\"twitter:data1\" content=\"La Sentinelle\" \/>\n\t<meta name=\"twitter:label2\" content=\"Dur\u00e9e de lecture estim\u00e9e\" \/>\n\t<meta name=\"twitter:data2\" content=\"2 minutes\" \/>\n<script type=\"application\/ld+json\" class=\"yoast-schema-graph\">{\"@context\":\"https:\\\/\\\/schema.org\",\"@graph\":[{\"@type\":\"Article\",\"@id\":\"https:\\\/\\\/lasentinelle.dz\\\/index.php\\\/2022\\\/07\\\/06\\\/ils-sont-appeles-a-relever-les-defis-pour-construire-une-algerie-nouvelle-passer-le-flambeau-aux-jeunes\\\/#article\",\"isPartOf\":{\"@id\":\"https:\\\/\\\/lasentinelle.dz\\\/index.php\\\/2022\\\/07\\\/06\\\/ils-sont-appeles-a-relever-les-defis-pour-construire-une-algerie-nouvelle-passer-le-flambeau-aux-jeunes\\\/\"},\"author\":{\"name\":\"La Sentinelle\",\"@id\":\"https:\\\/\\\/lasentinelle.dz\\\/#\\\/schema\\\/person\\\/d865044e22e70a75174ce8bcad3acfb3\"},\"headline\":\"Ils sont\u00a0appel\u00e9s \u00e0 relever les d\u00e9fis pour construire une Alg\u00e9rie nouvelle\u00a0: Passer le flambeau aux jeunes\",\"datePublished\":\"2022-07-05T23:05:00+00:00\",\"mainEntityOfPage\":{\"@id\":\"https:\\\/\\\/lasentinelle.dz\\\/index.php\\\/2022\\\/07\\\/06\\\/ils-sont-appeles-a-relever-les-defis-pour-construire-une-algerie-nouvelle-passer-le-flambeau-aux-jeunes\\\/\"},\"wordCount\":393,\"commentCount\":0,\"publisher\":{\"@id\":\"https:\\\/\\\/lasentinelle.dz\\\/#organization\"},\"image\":{\"@id\":\"https:\\\/\\\/lasentinelle.dz\\\/index.php\\\/2022\\\/07\\\/06\\\/ils-sont-appeles-a-relever-les-defis-pour-construire-une-algerie-nouvelle-passer-le-flambeau-aux-jeunes\\\/#primaryimage\"},\"thumbnailUrl\":\"https:\\\/\\\/lasentinelle.dz\\\/wp-content\\\/uploads\\\/2022\\\/07\\\/50-25.png\",\"articleSection\":[\"\u00c0 la Une\",\"Actualit\u00e9\"],\"inLanguage\":\"fr-FR\",\"potentialAction\":[{\"@type\":\"CommentAction\",\"name\":\"Comment\",\"target\":[\"https:\\\/\\\/lasentinelle.dz\\\/index.php\\\/2022\\\/07\\\/06\\\/ils-sont-appeles-a-relever-les-defis-pour-construire-une-algerie-nouvelle-passer-le-flambeau-aux-jeunes\\\/#respond\"]}]},{\"@type\":\"WebPage\",\"@id\":\"https:\\\/\\\/lasentinelle.dz\\\/index.php\\\/2022\\\/07\\\/06\\\/ils-sont-appeles-a-relever-les-defis-pour-construire-une-algerie-nouvelle-passer-le-flambeau-aux-jeunes\\\/\",\"url\":\"https:\\\/\\\/lasentinelle.dz\\\/index.php\\\/2022\\\/07\\\/06\\\/ils-sont-appeles-a-relever-les-defis-pour-construire-une-algerie-nouvelle-passer-le-flambeau-aux-jeunes\\\/\",\"name\":\"Ils sont\u00a0appel\u00e9s \u00e0 relever les d\u00e9fis pour construire une Alg\u00e9rie nouvelle\u00a0: Passer le flambeau aux jeunes - La Sentinelle\",\"isPartOf\":{\"@id\":\"https:\\\/\\\/lasentinelle.dz\\\/#website\"},\"primaryImageOfPage\":{\"@id\":\"https:\\\/\\\/lasentinelle.dz\\\/index.php\\\/2022\\\/07\\\/06\\\/ils-sont-appeles-a-relever-les-defis-pour-construire-une-algerie-nouvelle-passer-le-flambeau-aux-jeunes\\\/#primaryimage\"},\"image\":{\"@id\":\"https:\\\/\\\/lasentinelle.dz\\\/index.php\\\/2022\\\/07\\\/06\\\/ils-sont-appeles-a-relever-les-defis-pour-construire-une-algerie-nouvelle-passer-le-flambeau-aux-jeunes\\\/#primaryimage\"},\"thumbnailUrl\":\"https:\\\/\\\/lasentinelle.dz\\\/wp-content\\\/uploads\\\/2022\\\/07\\\/50-25.png\",\"datePublished\":\"2022-07-05T23:05:00+00:00\",\"breadcrumb\":{\"@id\":\"https:\\\/\\\/lasentinelle.dz\\\/index.php\\\/2022\\\/07\\\/06\\\/ils-sont-appeles-a-relever-les-defis-pour-construire-une-algerie-nouvelle-passer-le-flambeau-aux-jeunes\\\/#breadcrumb\"},\"inLanguage\":\"fr-FR\",\"potentialAction\":[{\"@type\":\"ReadAction\",\"target\":[\"https:\\\/\\\/lasentinelle.dz\\\/index.php\\\/2022\\\/07\\\/06\\\/ils-sont-appeles-a-relever-les-defis-pour-construire-une-algerie-nouvelle-passer-le-flambeau-aux-jeunes\\\/\"]}]},{\"@type\":\"ImageObject\",\"inLanguage\":\"fr-FR\",\"@id\":\"https:\\\/\\\/lasentinelle.dz\\\/index.php\\\/2022\\\/07\\\/06\\\/ils-sont-appeles-a-relever-les-defis-pour-construire-une-algerie-nouvelle-passer-le-flambeau-aux-jeunes\\\/#primaryimage\",\"url\":\"https:\\\/\\\/lasentinelle.dz\\\/wp-content\\\/uploads\\\/2022\\\/07\\\/50-25.png\",\"contentUrl\":\"https:\\\/\\\/lasentinelle.dz\\\/wp-content\\\/uploads\\\/2022\\\/07\\\/50-25.png\",\"width\":1350,\"height\":900},{\"@type\":\"BreadcrumbList\",\"@id\":\"https:\\\/\\\/lasentinelle.dz\\\/index.php\\\/2022\\\/07\\\/06\\\/ils-sont-appeles-a-relever-les-defis-pour-construire-une-algerie-nouvelle-passer-le-flambeau-aux-jeunes\\\/#breadcrumb\",\"itemListElement\":[{\"@type\":\"ListItem\",\"position\":1,\"name\":\"Accueil\",\"item\":\"https:\\\/\\\/lasentinelle.dz\\\/\"},{\"@type\":\"ListItem\",\"position\":2,\"name\":\"Ils sont\u00a0appel\u00e9s \u00e0 relever les d\u00e9fis pour construire une Alg\u00e9rie nouvelle\u00a0: Passer le flambeau aux jeunes\"}]},{\"@type\":\"WebSite\",\"@id\":\"https:\\\/\\\/lasentinelle.dz\\\/#website\",\"url\":\"https:\\\/\\\/lasentinelle.dz\\\/\",\"name\":\"La Sentinelle\",\"description\":\"Quotidien national d&#039;information\",\"publisher\":{\"@id\":\"https:\\\/\\\/lasentinelle.dz\\\/#organization\"},\"potentialAction\":[{\"@type\":\"SearchAction\",\"target\":{\"@type\":\"EntryPoint\",\"urlTemplate\":\"https:\\\/\\\/lasentinelle.dz\\\/?s={search_term_string}\"},\"query-input\":{\"@type\":\"PropertyValueSpecification\",\"valueRequired\":true,\"valueName\":\"search_term_string\"}}],\"inLanguage\":\"fr-FR\"},{\"@type\":\"Organization\",\"@id\":\"https:\\\/\\\/lasentinelle.dz\\\/#organization\",\"name\":\"Quotidien La Sentinelle\",\"url\":\"https:\\\/\\\/lasentinelle.dz\\\/\",\"logo\":{\"@type\":\"ImageObject\",\"inLanguage\":\"fr-FR\",\"@id\":\"https:\\\/\\\/lasentinelle.dz\\\/#\\\/schema\\\/logo\\\/image\\\/\",\"url\":\"https:\\\/\\\/lasentinelle.dz\\\/wp-content\\\/uploads\\\/2021\\\/09\\\/logo-sentinelleSLOGAN-1.png\",\"contentUrl\":\"https:\\\/\\\/lasentinelle.dz\\\/wp-content\\\/uploads\\\/2021\\\/09\\\/logo-sentinelleSLOGAN-1.png\",\"width\":615,\"height\":142,\"caption\":\"Quotidien La Sentinelle\"},\"image\":{\"@id\":\"https:\\\/\\\/lasentinelle.dz\\\/#\\\/schema\\\/logo\\\/image\\\/\"},\"sameAs\":[\"https:\\\/\\\/www.facebook.com\\\/La-Sentinelle-104059864394773\"]},{\"@type\":\"Person\",\"@id\":\"https:\\\/\\\/lasentinelle.dz\\\/#\\\/schema\\\/person\\\/d865044e22e70a75174ce8bcad3acfb3\",\"name\":\"La Sentinelle\",\"image\":{\"@type\":\"ImageObject\",\"inLanguage\":\"fr-FR\",\"@id\":\"https:\\\/\\\/secure.gravatar.com\\\/avatar\\\/57de8e5d4b15d43fb361a71fbb36338450fe67865b528a43dd10ef7c51a20392?s=96&d=mm&r=g\",\"url\":\"https:\\\/\\\/secure.gravatar.com\\\/avatar\\\/57de8e5d4b15d43fb361a71fbb36338450fe67865b528a43dd10ef7c51a20392?s=96&d=mm&r=g\",\"contentUrl\":\"https:\\\/\\\/secure.gravatar.com\\\/avatar\\\/57de8e5d4b15d43fb361a71fbb36338450fe67865b528a43dd10ef7c51a20392?s=96&d=mm&r=g\",\"caption\":\"La Sentinelle\"},\"sameAs\":[\"http:\\\/\\\/www.lasentinelle.dz\"],\"url\":\"https:\\\/\\\/lasentinelle.dz\\\/author\\\/redaction\\\/\"}]}<\/script>\n<!-- \/ Yoast SEO plugin. -->","yoast_head_json":{"title":"Ils sont\u00a0appel\u00e9s \u00e0 relever les d\u00e9fis pour construire une Alg\u00e9rie nouvelle\u00a0: Passer le flambeau aux jeunes - La Sentinelle","robots":{"index":"index","follow":"follow","max-snippet":"max-snippet:-1","max-image-preview":"max-image-preview:large","max-video-preview":"max-video-preview:-1"},"canonical":"https:\/\/lasentinelle.dz\/index.php\/2022\/07\/06\/ils-sont-appeles-a-relever-les-defis-pour-construire-une-algerie-nouvelle-passer-le-flambeau-aux-jeunes\/","og_locale":"fr_FR","og_type":"article","og_title":"Ils sont\u00a0appel\u00e9s \u00e0 relever les d\u00e9fis pour construire une Alg\u00e9rie nouvelle\u00a0: Passer le flambeau aux jeunes - La Sentinelle","og_description":"La c\u00e9l\u00e9bration du soixantenaire du recouvrement de la souverainet\u00e9 nationale rev\u00eat un cachet exceptionnel. Les jeunes ont une place particuli\u00e8re","og_url":"https:\/\/lasentinelle.dz\/index.php\/2022\/07\/06\/ils-sont-appeles-a-relever-les-defis-pour-construire-une-algerie-nouvelle-passer-le-flambeau-aux-jeunes\/","og_site_name":"La Sentinelle","article_publisher":"https:\/\/www.facebook.com\/La-Sentinelle-104059864394773","article_published_time":"2022-07-05T23:05:00+00:00","og_image":[{"width":1350,"height":900,"url":"https:\/\/lasentinelle.dz\/wp-content\/uploads\/2022\/07\/50-25.png","type":"image\/png"}],"author":"La Sentinelle","twitter_card":"summary_large_image","twitter_misc":{"\u00c9crit par":"La Sentinelle","Dur\u00e9e de lecture estim\u00e9e":"2 minutes"},"schema":{"@context":"https:\/\/schema.org","@graph":[{"@type":"Article","@id":"https:\/\/lasentinelle.dz\/index.php\/2022\/07\/06\/ils-sont-appeles-a-relever-les-defis-pour-construire-une-algerie-nouvelle-passer-le-flambeau-aux-jeunes\/#article","isPartOf":{"@id":"https:\/\/lasentinelle.dz\/index.php\/2022\/07\/06\/ils-sont-appeles-a-relever-les-defis-pour-construire-une-algerie-nouvelle-passer-le-flambeau-aux-jeunes\/"},"author":{"name":"La Sentinelle","@id":"https:\/\/lasentinelle.dz\/#\/schema\/person\/d865044e22e70a75174ce8bcad3acfb3"},"headline":"Ils sont\u00a0appel\u00e9s \u00e0 relever les d\u00e9fis pour construire une Alg\u00e9rie nouvelle\u00a0: Passer le flambeau aux jeunes","datePublished":"2022-07-05T23:05:00+00:00","mainEntityOfPage":{"@id":"https:\/\/lasentinelle.dz\/index.php\/2022\/07\/06\/ils-sont-appeles-a-relever-les-defis-pour-construire-une-algerie-nouvelle-passer-le-flambeau-aux-jeunes\/"},"wordCount":393,"commentCount":0,"publisher":{"@id":"https:\/\/lasentinelle.dz\/#organization"},"image":{"@id":"https:\/\/lasentinelle.dz\/index.php\/2022\/07\/06\/ils-sont-appeles-a-relever-les-defis-pour-construire-une-algerie-nouvelle-passer-le-flambeau-aux-jeunes\/#primaryimage"},"thumbnailUrl":"https:\/\/lasentinelle.dz\/wp-content\/uploads\/2022\/07\/50-25.png","articleSection":["\u00c0 la Une","Actualit\u00e9"],"inLanguage":"fr-FR","potentialAction":[{"@type":"CommentAction","name":"Comment","target":["https:\/\/lasentinelle.dz\/index.php\/2022\/07\/06\/ils-sont-appeles-a-relever-les-defis-pour-construire-une-algerie-nouvelle-passer-le-flambeau-aux-jeunes\/#respond"]}]},{"@type":"WebPage","@id":"https:\/\/lasentinelle.dz\/index.php\/2022\/07\/06\/ils-sont-appeles-a-relever-les-defis-pour-construire-une-algerie-nouvelle-passer-le-flambeau-aux-jeunes\/","url":"https:\/\/lasentinelle.dz\/index.php\/2022\/07\/06\/ils-sont-appeles-a-relever-les-defis-pour-construire-une-algerie-nouvelle-passer-le-flambeau-aux-jeunes\/","name":"Ils sont\u00a0appel\u00e9s \u00e0 relever les d\u00e9fis pour construire une Alg\u00e9rie nouvelle\u00a0: Passer le flambeau aux jeunes - La Sentinelle","isPartOf":{"@id":"https:\/\/lasentinelle.dz\/#website"},"primaryImageOfPage":{"@id":"https:\/\/lasentinelle.dz\/index.php\/2022\/07\/06\/ils-sont-appeles-a-relever-les-defis-pour-construire-une-algerie-nouvelle-passer-le-flambeau-aux-jeunes\/#primaryimage"},"image":{"@id":"https:\/\/lasentinelle.dz\/index.php\/2022\/07\/06\/ils-sont-appeles-a-relever-les-defis-pour-construire-une-algerie-nouvelle-passer-le-flambeau-aux-jeunes\/#primaryimage"},"thumbnailUrl":"https:\/\/lasentinelle.dz\/wp-content\/uploads\/2022\/07\/50-25.png","datePublished":"2022-07-05T23:05:00+00:00","breadcrumb":{"@id":"https:\/\/lasentinelle.dz\/index.php\/2022\/07\/06\/ils-sont-appeles-a-relever-les-defis-pour-construire-une-algerie-nouvelle-passer-le-flambeau-aux-jeunes\/#breadcrumb"},"inLanguage":"fr-FR","potentialAction":[{"@type":"ReadAction","target":["https:\/\/lasentinelle.dz\/index.php\/2022\/07\/06\/ils-sont-appeles-a-relever-les-defis-pour-construire-une-algerie-nouvelle-passer-le-flambeau-aux-jeunes\/"]}]},{"@type":"ImageObject","inLanguage":"fr-FR","@id":"https:\/\/lasentinelle.dz\/index.php\/2022\/07\/06\/ils-sont-appeles-a-relever-les-defis-pour-construire-une-algerie-nouvelle-passer-le-flambeau-aux-jeunes\/#primaryimage","url":"https:\/\/lasentinelle.dz\/wp-content\/uploads\/2022\/07\/50-25.png","contentUrl":"https:\/\/lasentinelle.dz\/wp-content\/uploads\/2022\/07\/50-25.png","width":1350,"height":900},{"@type":"BreadcrumbList","@id":"https:\/\/lasentinelle.dz\/index.php\/2022\/07\/06\/ils-sont-appeles-a-relever-les-defis-pour-construire-une-algerie-nouvelle-passer-le-flambeau-aux-jeunes\/#breadcrumb","itemListElement":[{"@type":"ListItem","position":1,"name":"Accueil","item":"https:\/\/lasentinelle.dz\/"},{"@type":"ListItem","position":2,"name":"Ils sont\u00a0appel\u00e9s \u00e0 relever les d\u00e9fis pour construire une Alg\u00e9rie nouvelle\u00a0: Passer le flambeau aux jeunes"}]},{"@type":"WebSite","@id":"https:\/\/lasentinelle.dz\/#website","url":"https:\/\/lasentinelle.dz\/","name":"La Sentinelle","description":"Quotidien national d&#039;information","publisher":{"@id":"https:\/\/lasentinelle.dz\/#organization"},"potentialAction":[{"@type":"SearchAction","target":{"@type":"EntryPoint","urlTemplate":"https:\/\/lasentinelle.dz\/?s={search_term_string}"},"query-input":{"@type":"PropertyValueSpecification","valueRequired":true,"valueName":"search_term_string"}}],"inLanguage":"fr-FR"},{"@type":"Organization","@id":"https:\/\/lasentinelle.dz\/#organization","name":"Quotidien La Sentinelle","url":"https:\/\/lasentinelle.dz\/","logo":{"@type":"ImageObject","inLanguage":"fr-FR","@id":"https:\/\/lasentinelle.dz\/#\/schema\/logo\/image\/","url":"https:\/\/lasentinelle.dz\/wp-content\/uploads\/2021\/09\/logo-sentinelleSLOGAN-1.png","contentUrl":"https:\/\/lasentinelle.dz\/wp-content\/uploads\/2021\/09\/logo-sentinelleSLOGAN-1.png","width":615,"height":142,"caption":"Quotidien La Sentinelle"},"image":{"@id":"https:\/\/lasentinelle.dz\/#\/schema\/logo\/image\/"},"sameAs":["https:\/\/www.facebook.com\/La-Sentinelle-104059864394773"]},{"@type":"Person","@id":"https:\/\/lasentinelle.dz\/#\/schema\/person\/d865044e22e70a75174ce8bcad3acfb3","name":"La Sentinelle","image":{"@type":"ImageObject","inLanguage":"fr-FR","@id":"https:\/\/secure.gravatar.com\/avatar\/57de8e5d4b15d43fb361a71fbb36338450fe67865b528a43dd10ef7c51a20392?s=96&d=mm&r=g","url":"https:\/\/secure.gravatar.com\/avatar\/57de8e5d4b15d43fb361a71fbb36338450fe67865b528a43dd10ef7c51a20392?s=96&d=mm&r=g","contentUrl":"https:\/\/secure.gravatar.com\/avatar\/57de8e5d4b15d43fb361a71fbb36338450fe67865b528a43dd10ef7c51a20392?s=96&d=mm&r=g","caption":"La Sentinelle"},"sameAs":["http:\/\/www.lasentinelle.dz"],"url":"https:\/\/lasentinelle.dz\/author\/redaction\/"}]}},"_links":{"self":[{"href":"https:\/\/lasentinelle.dz\/index.php\/wp-json\/wp\/v2\/posts\/23678","targetHints":{"allow":["GET"]}}],"collection":[{"href":"https:\/\/lasentinelle.dz\/index.php\/wp-json\/wp\/v2\/posts"}],"about":[{"href":"https:\/\/lasentinelle.dz\/index.php\/wp-json\/wp\/v2\/types\/post"}],"author":[{"embeddable":true,"href":"https:\/\/lasentinelle.dz\/index.php\/wp-json\/wp\/v2\/users\/3"}],"replies":[{"embeddable":true,"href":"https:\/\/lasentinelle.dz\/index.php\/wp-json\/wp\/v2\/comments?post=23678"}],"version-history":[{"count":1,"href":"https:\/\/lasentinelle.dz\/index.php\/wp-json\/wp\/v2\/posts\/23678\/revisions"}],"predecessor-version":[{"id":23694,"href":"https:\/\/lasentinelle.dz\/index.php\/wp-json\/wp\/v2\/posts\/23678\/revisions\/23694"}],"wp:featuredmedia":[{"embeddable":true,"href":"https:\/\/lasentinelle.dz\/index.php\/wp-json\/wp\/v2\/media\/23692"}],"wp:attachment":[{"href":"https:\/\/lasentinelle.dz\/index.php\/wp-json\/wp\/v2\/media?parent=23678"}],"wp:term":[{"taxonomy":"category","embeddable":true,"href":"https:\/\/lasentinelle.dz\/index.php\/wp-json\/wp\/v2\/categories?post=23678"},{"taxonomy":"post_tag","embeddable":true,"href":"https:\/\/lasentinelle.dz\/index.php\/wp-json\/wp\/v2\/tags?post=23678"}],"curies":[{"name":"wp","href":"https:\/\/api.w.org\/{rel}","templated":true}]}}