{"id":23685,"date":"2022-07-06T00:05:00","date_gmt":"2022-07-05T23:05:00","guid":{"rendered":"https:\/\/lasentinelle.dz\/?p=23685"},"modified":"2022-07-05T19:51:26","modified_gmt":"2022-07-05T18:51:26","slug":"allocution-du-president-tebboune-lors-du-defile-du-5-juillet-lanp-est-en-cohesion-avec-le-peuple","status":"publish","type":"post","link":"https:\/\/lasentinelle.dz\/index.php\/2022\/07\/06\/allocution-du-president-tebboune-lors-du-defile-du-5-juillet-lanp-est-en-cohesion-avec-le-peuple\/","title":{"rendered":"Allocution du\u00a0Pr\u00e9sident Tebboune lors du d\u00e9fil\u00e9 du 5-Juillet\u00a0:\u00a0\u00abL&rsquo;ANP est en coh\u00e9sion avec le peuple\u00bb"},"content":{"rendered":"\n<p>\u00abL&rsquo;ANP est en coh\u00e9sion avec le peuple, gagnant en dignit\u00e9 et en \u00e9l\u00e9vation, de par la place qu&rsquo;elle&nbsp;&nbsp;occupe dans le c\u0153ur de la Nation et de par le patriotisme et de l&rsquo;engagement des officiers, des soldats et tous les personnels et affili\u00e9s \u00e0 l&rsquo;Arm\u00e9e \u00bb. Tel a le message fort&nbsp;que&nbsp;pr\u00e9sident de la R\u00e9publique,&nbsp;Abdelmadjid&nbsp;&nbsp;Tebboune a tenu \u00e0 envoyer hiuer.&nbsp;<\/p>\n\n\n\n<p>Lors de l\u2019allocution qu\u2019il a prononc\u00e9 hier&nbsp;lors du d\u00e9fil\u00e9 miliaire organis\u00e9 \u00e0 l\u2019occasion de la c\u00e9l\u00e9bration du 60e anniversaire de l\u2019Ind\u00e9pendance,&nbsp;Abdelmadjid Tebboune a tenu \u00e0 saluer \u00ables vaillants soldats stationn\u00e9s aux fronti\u00e8res et les aigles qui prot\u00e8gent nos espaces a\u00e9riens, ainsi que les gardiens de notre espace maritime \u00bb, f\u00e9licitant \u00e9galement les Alg\u00e9riens pour cette f\u00eate qui constitue \u00abla flamme de la Gloire dans le ciel de l&rsquo;Alg\u00e9rie et flambeau de la fiert\u00e9 sur sa terre pure \u00bb. Abordant le d\u00e9fil\u00e9 militaire&nbsp;auquel il a donn\u00e9 le coup d&rsquo;envoi&nbsp;hier&nbsp;\u00e0 Alger, le Pr\u00e9sident de la R\u00e9publique a indiqu\u00e9 que ce d\u00e9fil\u00e9&nbsp;rev\u00eatait&nbsp;un \u00abcachet exceptionnel\u00bb \u00e0 la c\u00e9l\u00e9bration du 60e anniversaire du recouvrement de la souverainet\u00e9 nationale&nbsp;au moment o\u00f9 \u00able pays, avec ses institutions et instances constitutionnelles, est arriv\u00e9 \u00e0 une \u00e9tape o\u00f9 se dessinent les contours d&rsquo;une Alg\u00e9rie confiante en son avenir\u00bb. \u00abQuels que soient nos niveaux de responsabilit\u00e9, je soutiens de nouveau que nous sommes tous appel\u00e9s en cette conjoncture parsem\u00e9e de d\u00e9fis, \u00e0 contribuer \u00e0 la consolidation des fondements de l&rsquo;\u00c9tat des institutions et de droit, un&nbsp;\u00c9tat au sein duquel seront consacr\u00e9s l&rsquo;esprit de citoyennet\u00e9 et les valeurs de solidarit\u00e9 et au sein duquel le sens du devoir national s&rsquo;enracine \u00bb. Il appelle aussi&nbsp;\u00ab\u00e0 \u00e9riger ces occasions historiques en des haltes qui t\u00e9moignent de la fid\u00e9lit\u00e9 aux chouhada et au legs glorieux de Novembre \u00bb. \u00abEt que nous puissions en faire des rep\u00e8res qui guident pour service notre Patrie et notre peuple digne\u00bb, a soulign\u00e9 le Pr\u00e9sident de la R\u00e9publique. Il a r\u00e9affirm\u00e9 \u00abla consid\u00e9ration que la nation voue \u00e0 l&rsquo;Arm\u00e9e nationale populaire, bouclier de l&rsquo;Alg\u00e9rie et digne h\u00e9riti\u00e8re de l&rsquo;Arm\u00e9e de lib\u00e9ration nationale, dont nous observons avec fiert\u00e9 les immenses acquis et r\u00e9alisations\u00bb. Le Pr\u00e9sident de la R\u00e9publique a ajout\u00e9 qu\u2019\u00aben ces moments hautement symboliques, le peuple alg\u00e9rien constate le haut niveau de professionnalisme et de ma\u00eetrise des sciences et techniques militaires atteint par notre solide Arm\u00e9e\u00bb, ajoutant qu\u2019\u00abil s\u2019 agit d\u2019un moment qui incarne \u00e9galement la fid\u00e9lit\u00e9 aux martyrs et au message \u00e9ternel de Novembre\u00bb. Le Chef de l&rsquo;Etat a&nbsp;par ailleurs&nbsp;adress\u00e9 ses vifs remerciements et toute sa gratitude \u00e0 tous les invit\u00e9s de l&rsquo;Alg\u00e9rie, qui&nbsp;\u00ab&nbsp;ont tenu \u00e0 partager avec nous les joies de cette f\u00eate b\u00e9nie, f\u00eate de la c\u00e9l\u00e9bration du 60e anniversaire de l&rsquo;ind\u00e9pendance de l&rsquo;Alg\u00e9rie et du recouvrement de sa souverainet\u00e9\u00bb.<\/p>\n\n\n\n<p><strong>Salim Abdenour<\/strong><\/p>\n","protected":false},"excerpt":{"rendered":"<p>\u00abL&rsquo;ANP est en coh\u00e9sion avec le peuple, gagnant en dignit\u00e9 et en \u00e9l\u00e9vation, de par la place qu&rsquo;elle&nbsp;&nbsp;occupe dans le<\/p>\n","protected":false},"author":3,"featured_media":23687,"comment_status":"open","ping_status":"closed","sticky":false,"template":"","format":"standard","meta":{"colormag_page_container_layout":"default_layout","colormag_page_sidebar_layout":"default_layout","om_disable_all_campaigns":false,"_monsterinsights_skip_tracking":false,"_monsterinsights_sitenote_active":false,"_monsterinsights_sitenote_note":"","_monsterinsights_sitenote_category":0,"footnotes":"","_wpscppro_dont_share_socialmedia":false,"_wpscppro_custom_social_share_image":0,"_facebook_share_type":"","_twitter_share_type":"","_linkedin_share_type":"","_pinterest_share_type":"","_linkedin_share_type_page":"","_instagram_share_type":"","_medium_share_type":"","_threads_share_type":"","_google_business_share_type":"","_selected_social_profile":[],"_wpsp_enable_custom_social_template":false,"_wpsp_social_scheduling":{"enabled":false,"datetime":null,"platforms":[],"status":"template_only","dateOption":"today","timeOption":"now","customDays":"","customHours":"","customDate":"","customTime":"","schedulingType":"absolute"},"_wpsp_active_default_template":true},"categories":[52,27],"tags":[],"class_list":["post-23685","post","type-post","status-publish","format-standard","has-post-thumbnail","hentry","category-a-la-une","category-actualite"],"aioseo_notices":[],"yoast_head":"<!-- This site is optimized with the Yoast SEO plugin v27.5 - https:\/\/yoast.com\/product\/yoast-seo-wordpress\/ -->\n<title>Allocution du\u00a0Pr\u00e9sident Tebboune lors du d\u00e9fil\u00e9 du 5-Juillet\u00a0:\u00a0\u00abL&#039;ANP est en coh\u00e9sion avec le peuple\u00bb - La Sentinelle<\/title>\n<meta name=\"robots\" content=\"index, follow, max-snippet:-1, max-image-preview:large, max-video-preview:-1\" \/>\n<link rel=\"canonical\" href=\"https:\/\/lasentinelle.dz\/index.php\/2022\/07\/06\/allocution-du-president-tebboune-lors-du-defile-du-5-juillet-lanp-est-en-cohesion-avec-le-peuple\/\" \/>\n<meta property=\"og:locale\" content=\"fr_FR\" \/>\n<meta property=\"og:type\" content=\"article\" \/>\n<meta property=\"og:title\" content=\"Allocution du\u00a0Pr\u00e9sident Tebboune lors du d\u00e9fil\u00e9 du 5-Juillet\u00a0:\u00a0\u00abL&#039;ANP est en coh\u00e9sion avec le peuple\u00bb - La Sentinelle\" \/>\n<meta property=\"og:description\" content=\"\u00abL&rsquo;ANP est en coh\u00e9sion avec le peuple, gagnant en dignit\u00e9 et en \u00e9l\u00e9vation, de par la place qu&rsquo;elle&nbsp;&nbsp;occupe dans le\" \/>\n<meta property=\"og:url\" content=\"https:\/\/lasentinelle.dz\/index.php\/2022\/07\/06\/allocution-du-president-tebboune-lors-du-defile-du-5-juillet-lanp-est-en-cohesion-avec-le-peuple\/\" \/>\n<meta property=\"og:site_name\" content=\"La Sentinelle\" \/>\n<meta property=\"article:publisher\" content=\"https:\/\/www.facebook.com\/La-Sentinelle-104059864394773\" \/>\n<meta property=\"article:published_time\" content=\"2022-07-05T23:05:00+00:00\" \/>\n<meta property=\"og:image\" content=\"https:\/\/lasentinelle.dz\/wp-content\/uploads\/2022\/07\/tebboune-1.png\" \/>\n\t<meta property=\"og:image:width\" content=\"1350\" \/>\n\t<meta property=\"og:image:height\" content=\"900\" \/>\n\t<meta property=\"og:image:type\" content=\"image\/png\" \/>\n<meta name=\"author\" content=\"La Sentinelle\" \/>\n<meta name=\"twitter:card\" content=\"summary_large_image\" \/>\n<meta name=\"twitter:label1\" content=\"\u00c9crit par\" \/>\n\t<meta name=\"twitter:data1\" content=\"La Sentinelle\" \/>\n\t<meta name=\"twitter:label2\" content=\"Dur\u00e9e de lecture estim\u00e9e\" \/>\n\t<meta name=\"twitter:data2\" content=\"3 minutes\" \/>\n<script type=\"application\/ld+json\" class=\"yoast-schema-graph\">{\"@context\":\"https:\\\/\\\/schema.org\",\"@graph\":[{\"@type\":\"Article\",\"@id\":\"https:\\\/\\\/lasentinelle.dz\\\/index.php\\\/2022\\\/07\\\/06\\\/allocution-du-president-tebboune-lors-du-defile-du-5-juillet-lanp-est-en-cohesion-avec-le-peuple\\\/#article\",\"isPartOf\":{\"@id\":\"https:\\\/\\\/lasentinelle.dz\\\/index.php\\\/2022\\\/07\\\/06\\\/allocution-du-president-tebboune-lors-du-defile-du-5-juillet-lanp-est-en-cohesion-avec-le-peuple\\\/\"},\"author\":{\"name\":\"La Sentinelle\",\"@id\":\"https:\\\/\\\/lasentinelle.dz\\\/#\\\/schema\\\/person\\\/d865044e22e70a75174ce8bcad3acfb3\"},\"headline\":\"Allocution du\u00a0Pr\u00e9sident Tebboune lors du d\u00e9fil\u00e9 du 5-Juillet\u00a0:\u00a0\u00abL&rsquo;ANP est en coh\u00e9sion avec le peuple\u00bb\",\"datePublished\":\"2022-07-05T23:05:00+00:00\",\"mainEntityOfPage\":{\"@id\":\"https:\\\/\\\/lasentinelle.dz\\\/index.php\\\/2022\\\/07\\\/06\\\/allocution-du-president-tebboune-lors-du-defile-du-5-juillet-lanp-est-en-cohesion-avec-le-peuple\\\/\"},\"wordCount\":570,\"commentCount\":0,\"publisher\":{\"@id\":\"https:\\\/\\\/lasentinelle.dz\\\/#organization\"},\"image\":{\"@id\":\"https:\\\/\\\/lasentinelle.dz\\\/index.php\\\/2022\\\/07\\\/06\\\/allocution-du-president-tebboune-lors-du-defile-du-5-juillet-lanp-est-en-cohesion-avec-le-peuple\\\/#primaryimage\"},\"thumbnailUrl\":\"https:\\\/\\\/lasentinelle.dz\\\/wp-content\\\/uploads\\\/2022\\\/07\\\/tebboune-1.png\",\"articleSection\":[\"\u00c0 la Une\",\"Actualit\u00e9\"],\"inLanguage\":\"fr-FR\",\"potentialAction\":[{\"@type\":\"CommentAction\",\"name\":\"Comment\",\"target\":[\"https:\\\/\\\/lasentinelle.dz\\\/index.php\\\/2022\\\/07\\\/06\\\/allocution-du-president-tebboune-lors-du-defile-du-5-juillet-lanp-est-en-cohesion-avec-le-peuple\\\/#respond\"]}]},{\"@type\":\"WebPage\",\"@id\":\"https:\\\/\\\/lasentinelle.dz\\\/index.php\\\/2022\\\/07\\\/06\\\/allocution-du-president-tebboune-lors-du-defile-du-5-juillet-lanp-est-en-cohesion-avec-le-peuple\\\/\",\"url\":\"https:\\\/\\\/lasentinelle.dz\\\/index.php\\\/2022\\\/07\\\/06\\\/allocution-du-president-tebboune-lors-du-defile-du-5-juillet-lanp-est-en-cohesion-avec-le-peuple\\\/\",\"name\":\"Allocution du\u00a0Pr\u00e9sident Tebboune lors du d\u00e9fil\u00e9 du 5-Juillet\u00a0:\u00a0\u00abL'ANP est en coh\u00e9sion avec le peuple\u00bb - La Sentinelle\",\"isPartOf\":{\"@id\":\"https:\\\/\\\/lasentinelle.dz\\\/#website\"},\"primaryImageOfPage\":{\"@id\":\"https:\\\/\\\/lasentinelle.dz\\\/index.php\\\/2022\\\/07\\\/06\\\/allocution-du-president-tebboune-lors-du-defile-du-5-juillet-lanp-est-en-cohesion-avec-le-peuple\\\/#primaryimage\"},\"image\":{\"@id\":\"https:\\\/\\\/lasentinelle.dz\\\/index.php\\\/2022\\\/07\\\/06\\\/allocution-du-president-tebboune-lors-du-defile-du-5-juillet-lanp-est-en-cohesion-avec-le-peuple\\\/#primaryimage\"},\"thumbnailUrl\":\"https:\\\/\\\/lasentinelle.dz\\\/wp-content\\\/uploads\\\/2022\\\/07\\\/tebboune-1.png\",\"datePublished\":\"2022-07-05T23:05:00+00:00\",\"breadcrumb\":{\"@id\":\"https:\\\/\\\/lasentinelle.dz\\\/index.php\\\/2022\\\/07\\\/06\\\/allocution-du-president-tebboune-lors-du-defile-du-5-juillet-lanp-est-en-cohesion-avec-le-peuple\\\/#breadcrumb\"},\"inLanguage\":\"fr-FR\",\"potentialAction\":[{\"@type\":\"ReadAction\",\"target\":[\"https:\\\/\\\/lasentinelle.dz\\\/index.php\\\/2022\\\/07\\\/06\\\/allocution-du-president-tebboune-lors-du-defile-du-5-juillet-lanp-est-en-cohesion-avec-le-peuple\\\/\"]}]},{\"@type\":\"ImageObject\",\"inLanguage\":\"fr-FR\",\"@id\":\"https:\\\/\\\/lasentinelle.dz\\\/index.php\\\/2022\\\/07\\\/06\\\/allocution-du-president-tebboune-lors-du-defile-du-5-juillet-lanp-est-en-cohesion-avec-le-peuple\\\/#primaryimage\",\"url\":\"https:\\\/\\\/lasentinelle.dz\\\/wp-content\\\/uploads\\\/2022\\\/07\\\/tebboune-1.png\",\"contentUrl\":\"https:\\\/\\\/lasentinelle.dz\\\/wp-content\\\/uploads\\\/2022\\\/07\\\/tebboune-1.png\",\"width\":1350,\"height\":900},{\"@type\":\"BreadcrumbList\",\"@id\":\"https:\\\/\\\/lasentinelle.dz\\\/index.php\\\/2022\\\/07\\\/06\\\/allocution-du-president-tebboune-lors-du-defile-du-5-juillet-lanp-est-en-cohesion-avec-le-peuple\\\/#breadcrumb\",\"itemListElement\":[{\"@type\":\"ListItem\",\"position\":1,\"name\":\"Accueil\",\"item\":\"https:\\\/\\\/lasentinelle.dz\\\/\"},{\"@type\":\"ListItem\",\"position\":2,\"name\":\"Allocution du\u00a0Pr\u00e9sident Tebboune lors du d\u00e9fil\u00e9 du 5-Juillet\u00a0:\u00a0\u00abL&rsquo;ANP est en coh\u00e9sion avec le peuple\u00bb\"}]},{\"@type\":\"WebSite\",\"@id\":\"https:\\\/\\\/lasentinelle.dz\\\/#website\",\"url\":\"https:\\\/\\\/lasentinelle.dz\\\/\",\"name\":\"La Sentinelle\",\"description\":\"Quotidien national d&#039;information\",\"publisher\":{\"@id\":\"https:\\\/\\\/lasentinelle.dz\\\/#organization\"},\"potentialAction\":[{\"@type\":\"SearchAction\",\"target\":{\"@type\":\"EntryPoint\",\"urlTemplate\":\"https:\\\/\\\/lasentinelle.dz\\\/?s={search_term_string}\"},\"query-input\":{\"@type\":\"PropertyValueSpecification\",\"valueRequired\":true,\"valueName\":\"search_term_string\"}}],\"inLanguage\":\"fr-FR\"},{\"@type\":\"Organization\",\"@id\":\"https:\\\/\\\/lasentinelle.dz\\\/#organization\",\"name\":\"Quotidien La Sentinelle\",\"url\":\"https:\\\/\\\/lasentinelle.dz\\\/\",\"logo\":{\"@type\":\"ImageObject\",\"inLanguage\":\"fr-FR\",\"@id\":\"https:\\\/\\\/lasentinelle.dz\\\/#\\\/schema\\\/logo\\\/image\\\/\",\"url\":\"https:\\\/\\\/lasentinelle.dz\\\/wp-content\\\/uploads\\\/2021\\\/09\\\/logo-sentinelleSLOGAN-1.png\",\"contentUrl\":\"https:\\\/\\\/lasentinelle.dz\\\/wp-content\\\/uploads\\\/2021\\\/09\\\/logo-sentinelleSLOGAN-1.png\",\"width\":615,\"height\":142,\"caption\":\"Quotidien La Sentinelle\"},\"image\":{\"@id\":\"https:\\\/\\\/lasentinelle.dz\\\/#\\\/schema\\\/logo\\\/image\\\/\"},\"sameAs\":[\"https:\\\/\\\/www.facebook.com\\\/La-Sentinelle-104059864394773\"]},{\"@type\":\"Person\",\"@id\":\"https:\\\/\\\/lasentinelle.dz\\\/#\\\/schema\\\/person\\\/d865044e22e70a75174ce8bcad3acfb3\",\"name\":\"La Sentinelle\",\"image\":{\"@type\":\"ImageObject\",\"inLanguage\":\"fr-FR\",\"@id\":\"https:\\\/\\\/secure.gravatar.com\\\/avatar\\\/57de8e5d4b15d43fb361a71fbb36338450fe67865b528a43dd10ef7c51a20392?s=96&d=mm&r=g\",\"url\":\"https:\\\/\\\/secure.gravatar.com\\\/avatar\\\/57de8e5d4b15d43fb361a71fbb36338450fe67865b528a43dd10ef7c51a20392?s=96&d=mm&r=g\",\"contentUrl\":\"https:\\\/\\\/secure.gravatar.com\\\/avatar\\\/57de8e5d4b15d43fb361a71fbb36338450fe67865b528a43dd10ef7c51a20392?s=96&d=mm&r=g\",\"caption\":\"La Sentinelle\"},\"sameAs\":[\"http:\\\/\\\/www.lasentinelle.dz\"],\"url\":\"https:\\\/\\\/lasentinelle.dz\\\/author\\\/redaction\\\/\"}]}<\/script>\n<!-- \/ Yoast SEO plugin. -->","yoast_head_json":{"title":"Allocution du\u00a0Pr\u00e9sident Tebboune lors du d\u00e9fil\u00e9 du 5-Juillet\u00a0:\u00a0\u00abL'ANP est en coh\u00e9sion avec le peuple\u00bb - La Sentinelle","robots":{"index":"index","follow":"follow","max-snippet":"max-snippet:-1","max-image-preview":"max-image-preview:large","max-video-preview":"max-video-preview:-1"},"canonical":"https:\/\/lasentinelle.dz\/index.php\/2022\/07\/06\/allocution-du-president-tebboune-lors-du-defile-du-5-juillet-lanp-est-en-cohesion-avec-le-peuple\/","og_locale":"fr_FR","og_type":"article","og_title":"Allocution du\u00a0Pr\u00e9sident Tebboune lors du d\u00e9fil\u00e9 du 5-Juillet\u00a0:\u00a0\u00abL'ANP est en coh\u00e9sion avec le peuple\u00bb - La Sentinelle","og_description":"\u00abL&rsquo;ANP est en coh\u00e9sion avec le peuple, gagnant en dignit\u00e9 et en \u00e9l\u00e9vation, de par la place qu&rsquo;elle&nbsp;&nbsp;occupe dans le","og_url":"https:\/\/lasentinelle.dz\/index.php\/2022\/07\/06\/allocution-du-president-tebboune-lors-du-defile-du-5-juillet-lanp-est-en-cohesion-avec-le-peuple\/","og_site_name":"La Sentinelle","article_publisher":"https:\/\/www.facebook.com\/La-Sentinelle-104059864394773","article_published_time":"2022-07-05T23:05:00+00:00","og_image":[{"width":1350,"height":900,"url":"https:\/\/lasentinelle.dz\/wp-content\/uploads\/2022\/07\/tebboune-1.png","type":"image\/png"}],"author":"La Sentinelle","twitter_card":"summary_large_image","twitter_misc":{"\u00c9crit par":"La Sentinelle","Dur\u00e9e de lecture estim\u00e9e":"3 minutes"},"schema":{"@context":"https:\/\/schema.org","@graph":[{"@type":"Article","@id":"https:\/\/lasentinelle.dz\/index.php\/2022\/07\/06\/allocution-du-president-tebboune-lors-du-defile-du-5-juillet-lanp-est-en-cohesion-avec-le-peuple\/#article","isPartOf":{"@id":"https:\/\/lasentinelle.dz\/index.php\/2022\/07\/06\/allocution-du-president-tebboune-lors-du-defile-du-5-juillet-lanp-est-en-cohesion-avec-le-peuple\/"},"author":{"name":"La Sentinelle","@id":"https:\/\/lasentinelle.dz\/#\/schema\/person\/d865044e22e70a75174ce8bcad3acfb3"},"headline":"Allocution du\u00a0Pr\u00e9sident Tebboune lors du d\u00e9fil\u00e9 du 5-Juillet\u00a0:\u00a0\u00abL&rsquo;ANP est en coh\u00e9sion avec le peuple\u00bb","datePublished":"2022-07-05T23:05:00+00:00","mainEntityOfPage":{"@id":"https:\/\/lasentinelle.dz\/index.php\/2022\/07\/06\/allocution-du-president-tebboune-lors-du-defile-du-5-juillet-lanp-est-en-cohesion-avec-le-peuple\/"},"wordCount":570,"commentCount":0,"publisher":{"@id":"https:\/\/lasentinelle.dz\/#organization"},"image":{"@id":"https:\/\/lasentinelle.dz\/index.php\/2022\/07\/06\/allocution-du-president-tebboune-lors-du-defile-du-5-juillet-lanp-est-en-cohesion-avec-le-peuple\/#primaryimage"},"thumbnailUrl":"https:\/\/lasentinelle.dz\/wp-content\/uploads\/2022\/07\/tebboune-1.png","articleSection":["\u00c0 la Une","Actualit\u00e9"],"inLanguage":"fr-FR","potentialAction":[{"@type":"CommentAction","name":"Comment","target":["https:\/\/lasentinelle.dz\/index.php\/2022\/07\/06\/allocution-du-president-tebboune-lors-du-defile-du-5-juillet-lanp-est-en-cohesion-avec-le-peuple\/#respond"]}]},{"@type":"WebPage","@id":"https:\/\/lasentinelle.dz\/index.php\/2022\/07\/06\/allocution-du-president-tebboune-lors-du-defile-du-5-juillet-lanp-est-en-cohesion-avec-le-peuple\/","url":"https:\/\/lasentinelle.dz\/index.php\/2022\/07\/06\/allocution-du-president-tebboune-lors-du-defile-du-5-juillet-lanp-est-en-cohesion-avec-le-peuple\/","name":"Allocution du\u00a0Pr\u00e9sident Tebboune lors du d\u00e9fil\u00e9 du 5-Juillet\u00a0:\u00a0\u00abL'ANP est en coh\u00e9sion avec le peuple\u00bb - La Sentinelle","isPartOf":{"@id":"https:\/\/lasentinelle.dz\/#website"},"primaryImageOfPage":{"@id":"https:\/\/lasentinelle.dz\/index.php\/2022\/07\/06\/allocution-du-president-tebboune-lors-du-defile-du-5-juillet-lanp-est-en-cohesion-avec-le-peuple\/#primaryimage"},"image":{"@id":"https:\/\/lasentinelle.dz\/index.php\/2022\/07\/06\/allocution-du-president-tebboune-lors-du-defile-du-5-juillet-lanp-est-en-cohesion-avec-le-peuple\/#primaryimage"},"thumbnailUrl":"https:\/\/lasentinelle.dz\/wp-content\/uploads\/2022\/07\/tebboune-1.png","datePublished":"2022-07-05T23:05:00+00:00","breadcrumb":{"@id":"https:\/\/lasentinelle.dz\/index.php\/2022\/07\/06\/allocution-du-president-tebboune-lors-du-defile-du-5-juillet-lanp-est-en-cohesion-avec-le-peuple\/#breadcrumb"},"inLanguage":"fr-FR","potentialAction":[{"@type":"ReadAction","target":["https:\/\/lasentinelle.dz\/index.php\/2022\/07\/06\/allocution-du-president-tebboune-lors-du-defile-du-5-juillet-lanp-est-en-cohesion-avec-le-peuple\/"]}]},{"@type":"ImageObject","inLanguage":"fr-FR","@id":"https:\/\/lasentinelle.dz\/index.php\/2022\/07\/06\/allocution-du-president-tebboune-lors-du-defile-du-5-juillet-lanp-est-en-cohesion-avec-le-peuple\/#primaryimage","url":"https:\/\/lasentinelle.dz\/wp-content\/uploads\/2022\/07\/tebboune-1.png","contentUrl":"https:\/\/lasentinelle.dz\/wp-content\/uploads\/2022\/07\/tebboune-1.png","width":1350,"height":900},{"@type":"BreadcrumbList","@id":"https:\/\/lasentinelle.dz\/index.php\/2022\/07\/06\/allocution-du-president-tebboune-lors-du-defile-du-5-juillet-lanp-est-en-cohesion-avec-le-peuple\/#breadcrumb","itemListElement":[{"@type":"ListItem","position":1,"name":"Accueil","item":"https:\/\/lasentinelle.dz\/"},{"@type":"ListItem","position":2,"name":"Allocution du\u00a0Pr\u00e9sident Tebboune lors du d\u00e9fil\u00e9 du 5-Juillet\u00a0:\u00a0\u00abL&rsquo;ANP est en coh\u00e9sion avec le peuple\u00bb"}]},{"@type":"WebSite","@id":"https:\/\/lasentinelle.dz\/#website","url":"https:\/\/lasentinelle.dz\/","name":"La Sentinelle","description":"Quotidien national d&#039;information","publisher":{"@id":"https:\/\/lasentinelle.dz\/#organization"},"potentialAction":[{"@type":"SearchAction","target":{"@type":"EntryPoint","urlTemplate":"https:\/\/lasentinelle.dz\/?s={search_term_string}"},"query-input":{"@type":"PropertyValueSpecification","valueRequired":true,"valueName":"search_term_string"}}],"inLanguage":"fr-FR"},{"@type":"Organization","@id":"https:\/\/lasentinelle.dz\/#organization","name":"Quotidien La Sentinelle","url":"https:\/\/lasentinelle.dz\/","logo":{"@type":"ImageObject","inLanguage":"fr-FR","@id":"https:\/\/lasentinelle.dz\/#\/schema\/logo\/image\/","url":"https:\/\/lasentinelle.dz\/wp-content\/uploads\/2021\/09\/logo-sentinelleSLOGAN-1.png","contentUrl":"https:\/\/lasentinelle.dz\/wp-content\/uploads\/2021\/09\/logo-sentinelleSLOGAN-1.png","width":615,"height":142,"caption":"Quotidien La Sentinelle"},"image":{"@id":"https:\/\/lasentinelle.dz\/#\/schema\/logo\/image\/"},"sameAs":["https:\/\/www.facebook.com\/La-Sentinelle-104059864394773"]},{"@type":"Person","@id":"https:\/\/lasentinelle.dz\/#\/schema\/person\/d865044e22e70a75174ce8bcad3acfb3","name":"La Sentinelle","image":{"@type":"ImageObject","inLanguage":"fr-FR","@id":"https:\/\/secure.gravatar.com\/avatar\/57de8e5d4b15d43fb361a71fbb36338450fe67865b528a43dd10ef7c51a20392?s=96&d=mm&r=g","url":"https:\/\/secure.gravatar.com\/avatar\/57de8e5d4b15d43fb361a71fbb36338450fe67865b528a43dd10ef7c51a20392?s=96&d=mm&r=g","contentUrl":"https:\/\/secure.gravatar.com\/avatar\/57de8e5d4b15d43fb361a71fbb36338450fe67865b528a43dd10ef7c51a20392?s=96&d=mm&r=g","caption":"La Sentinelle"},"sameAs":["http:\/\/www.lasentinelle.dz"],"url":"https:\/\/lasentinelle.dz\/author\/redaction\/"}]}},"_links":{"self":[{"href":"https:\/\/lasentinelle.dz\/index.php\/wp-json\/wp\/v2\/posts\/23685","targetHints":{"allow":["GET"]}}],"collection":[{"href":"https:\/\/lasentinelle.dz\/index.php\/wp-json\/wp\/v2\/posts"}],"about":[{"href":"https:\/\/lasentinelle.dz\/index.php\/wp-json\/wp\/v2\/types\/post"}],"author":[{"embeddable":true,"href":"https:\/\/lasentinelle.dz\/index.php\/wp-json\/wp\/v2\/users\/3"}],"replies":[{"embeddable":true,"href":"https:\/\/lasentinelle.dz\/index.php\/wp-json\/wp\/v2\/comments?post=23685"}],"version-history":[{"count":1,"href":"https:\/\/lasentinelle.dz\/index.php\/wp-json\/wp\/v2\/posts\/23685\/revisions"}],"predecessor-version":[{"id":23688,"href":"https:\/\/lasentinelle.dz\/index.php\/wp-json\/wp\/v2\/posts\/23685\/revisions\/23688"}],"wp:featuredmedia":[{"embeddable":true,"href":"https:\/\/lasentinelle.dz\/index.php\/wp-json\/wp\/v2\/media\/23687"}],"wp:attachment":[{"href":"https:\/\/lasentinelle.dz\/index.php\/wp-json\/wp\/v2\/media?parent=23685"}],"wp:term":[{"taxonomy":"category","embeddable":true,"href":"https:\/\/lasentinelle.dz\/index.php\/wp-json\/wp\/v2\/categories?post=23685"},{"taxonomy":"post_tag","embeddable":true,"href":"https:\/\/lasentinelle.dz\/index.php\/wp-json\/wp\/v2\/tags?post=23685"}],"curies":[{"name":"wp","href":"https:\/\/api.w.org\/{rel}","templated":true}]}}