{"id":23770,"date":"2022-07-07T00:05:00","date_gmt":"2022-07-06T23:05:00","guid":{"rendered":"https:\/\/lasentinelle.dz\/?p=23770"},"modified":"2022-07-06T21:34:04","modified_gmt":"2022-07-06T20:34:04","slug":"le-president-tebboune-a-reuni-les-factions-palestiniennes-une-nouvelle-prouesse-diplomatique","status":"publish","type":"post","link":"https:\/\/lasentinelle.dz\/index.php\/2022\/07\/07\/le-president-tebboune-a-reuni-les-factions-palestiniennes-une-nouvelle-prouesse-diplomatique\/","title":{"rendered":"Le Pr\u00e9sident Tebboune\u00a0a r\u00e9uni les factions palestiniennes\u00a0: Une nouvelle prouesse diplomatique"},"content":{"rendered":"\n<p>L\u2019Alg\u00e9rie est soucieuse d\u2019apporter une solution qui arrange l\u2019ensemble des factions palestiniennes dans le cadre d\u2019une v\u00e9ritable r\u00e9conciliation nationale qui actera le d\u00e9but d\u2019une nouvelle \u00e8re \u00e0 m\u00eame de relancer la r\u00e9sistance qui reste la seule panac\u00e9e pour le peuple palestinien.&nbsp;<\/p>\n\n\n\n<p>Le pr\u00e9sident de la R\u00e9publique, Abdelmadjid Tebboune, a&nbsp;saisit l\u2019occasion&nbsp;de la c\u00e9l\u00e9bration du&nbsp;60<sup>e<\/sup>&nbsp;anniversaire de recouvrement de la souverainet\u00e9 nationale,&nbsp;pour r\u00e9unir&nbsp;le pr\u00e9sident palestinien Mahmoud Abbas et le chef du mouvement palestinien Hamas, Isma\u00efl Haniyeh.<\/p>\n\n\n\n<p>La&nbsp;rencontre&nbsp;qui tenue entre les deux leaders palestiniens au CIC \u00e0 Alger&nbsp;rev\u00eat un caract\u00e8re historique de par l\u2019ampleur de la crise qui frappe de plein fouet&nbsp;les deux&nbsp;factions&nbsp;se reconnaissant comme partie prenante de l\u2019Organisation de lib\u00e9ration palestinienne.<\/p>\n\n\n\n<p>Le pr\u00e9sident Tebboune a pu casser le \u00ab mur \u00bb qui s\u00e9parait le chef de l\u2019Autorit\u00e9 palestinienne&nbsp;&nbsp;Mahmoud Abbas et Isma\u00efl Haniyeh. Ainsi, l\u2019Alg\u00e9rie r\u00e9ussit o\u00f9 l\u2019ensemble des protagonistes impliqu\u00e9s dans les efforts visant \u00e0 endiguer les divisions qui caract\u00e9risent les deux factions de l\u2019OLP.&nbsp;Cette prouesse de la diplomatie alg\u00e9rienne&nbsp;qui se tient en perspective de&nbsp;la tenue du Sommet arabe&nbsp;consolide&nbsp;l\u2019objectif de r\u00e9ussir la r\u00e9conciliation nationale entre les factions palestiniennes.&nbsp;La question palestinienne et notamment la redynamisation de l\u2019initiative arabe de paix qui impose l\u2019\u00e9tablissement de l\u2019\u00c9tat de Palestine dans les fronti\u00e8res de la ligne verte de 1967, avec El-Qods comme capitale et le retour des r\u00e9fugi\u00e9s palestiniens est au c\u0153ur du Sommet arabe d\u2019Alger.<\/p>\n\n\n\n<p>Il faut dire que l\u2019Alg\u00e9rie n\u2019a jamais omis des r\u00e9serves ou exprim\u00e9 des demi-mots \u00e0 propos de la cause palestinienne.&nbsp;La d\u00e9fense de la cause palestinienne s\u2019est transform\u00e9e en un credo chez les Alg\u00e9riens que ce soit au niveau officiel ou au niveau populaire.<\/p>\n\n\n\n<p>Il y a 34 de cela, l\u2019Etat palestinien \u00e0 Alger&nbsp;\u00e9tait proclam\u00e9&nbsp;un certain 15 novembre 1988. C\u2019est \u00e0 Alger que fut proclam\u00e9 l\u2019Etat&nbsp;de Palestine&nbsp;par le Conseil national palestinien.&nbsp;Il n\u2019est pas \u00e9trange que la rencontre d\u2019hier entre Mahmoud Abbas et Isma\u00efl Haniyeh se fait ent\u00e9riner par un d\u00e9but de r\u00e9conciliation en terre de combat lib\u00e9rateur. L\u2019Alg\u00e9rie ne s\u2019est jamais m\u00eal\u00e9e des affaires internes de l\u2019OLP et de ses factions en lutte. Seule recommandation lors de la proclamation de l\u2019Etat palestinien, \u00e9tait \u00ab l\u2019unit\u00e9 nationale, ind\u00e9pendance de la d\u00e9cision,&nbsp;la&nbsp;lutte arm\u00e9e \u00bb.&nbsp;Depuis, la lutte du peuple palestinien a pris une autre tournure, \u00e0 savoir, les divisions qui sont devenues la caract\u00e9ristique dramatique d\u2019une cause juste et qui suscite la solidarit\u00e9 d\u2019un nombre important de pays.<\/p>\n\n\n\n<p>Il y a eu les accords d\u2019Oslo 1 et 2, c\u2019est le deuxi\u00e8me accord qui a pr\u00e9cipit\u00e9 la crise et son exacerbation entre les factions de l\u2019OLP. C\u2019\u00e9tait les pr\u00e9mices d\u2019une guerre fratricide qui allait \u00ab remettre en cause \u00bb les d\u00e9cennies de luttes de tout un peuple pour arracher son droit \u00e0 un Etat souverain.&nbsp;L\u2019essentiel des Accords d\u2019Oslo pr\u00e9cisait que \u00ab L\u2019accord \u00ab\u00a0Oslo II\u00a0\u00bb, ent\u00e9rine la r\u00e9partition en trois zones des territoires de la Cisjordanie : les zones A, B et C. Il \u00e9tait con\u00e7u au d\u00e9part pour une p\u00e9riode de transition de cinq ans, au terme desquels devait exister un \u00c9tat palestinien souverain. Les zones C devaient \u00eatre progressivement converties en zones A et B \u00bb. Il faut dire que la teneur de cet accord n\u2019a pas \u00e9t\u00e9 traduite par des actes concrets sur le terrain \u00e0 nos jours.<\/p>\n\n\n\n<p>Il y a eu un processus de r\u00e9conciliation nationale sous m\u00e9diation \u00e9gyptienne en 2009.&nbsp;Mais ce processus a \u00e9t\u00e9 bloqu\u00e9 \u00e0 cause des divisions qui ont pris une dimension gravissime entre les deux factions \u00e0 savoir, Fatah et Hamas.&nbsp;L&rsquo;\u00e9viction du Fatah de la bande de Gaza a vite acc\u00e9l\u00e9r\u00e9 les divisions qui ont particip\u00e9 dans le statu quo qui caract\u00e9rise la situation palestinienne et les possibilit\u00e9s d\u2019une solution salutaire dans la perspective de relancer la lutte et la r\u00e9sistance dans le but de restituer la terre spoli\u00e9e par l\u2019entit\u00e9 sioniste.&nbsp;Les observateurs politiques consid\u00e8rent que la crise qui frappe les deux factions de l\u2019OLP, Fatah et Hamas est de nature id\u00e9ologique.&nbsp;Cette approche antinomique entre les deux factions arrange l\u2019entit\u00e9 sioniste qui attise davantage les divisions et l\u2019affaiblissement du r\u00f4le de l\u2019OLP en tant qu\u2019organisation repr\u00e9sentant la l\u00e9gitimit\u00e9 de la lutte du peuple palestinien pour l\u2019av\u00e8nement de son \u00c9tat.&nbsp;L\u2019Alg\u00e9rie est soucieuse d\u2019apporter une solution qui arrange l\u2019ensemble des factions palestiniennes dans le cadre d\u2019une v\u00e9ritable r\u00e9conciliation nationale qui actera le d\u00e9but d\u2019une nouvelle \u00e8re \u00e0 m\u00eame de relancer la r\u00e9sistance qui reste la seule panac\u00e9e pour le peuple palestinien.&nbsp;<\/p>\n\n\n\n<p><strong>Rachid Nassouti<\/strong><\/p>\n","protected":false},"excerpt":{"rendered":"<p>L\u2019Alg\u00e9rie est soucieuse d\u2019apporter une solution qui arrange l\u2019ensemble des factions palestiniennes dans le cadre d\u2019une v\u00e9ritable r\u00e9conciliation nationale qui<\/p>\n","protected":false},"author":3,"featured_media":23771,"comment_status":"open","ping_status":"closed","sticky":false,"template":"","format":"standard","meta":{"colormag_page_container_layout":"default_layout","colormag_page_sidebar_layout":"default_layout","om_disable_all_campaigns":false,"_monsterinsights_skip_tracking":false,"_monsterinsights_sitenote_active":false,"_monsterinsights_sitenote_note":"","_monsterinsights_sitenote_category":0,"footnotes":"","_wpscppro_dont_share_socialmedia":false,"_wpscppro_custom_social_share_image":0,"_facebook_share_type":"","_twitter_share_type":"","_linkedin_share_type":"","_pinterest_share_type":"","_linkedin_share_type_page":"","_instagram_share_type":"","_medium_share_type":"","_threads_share_type":"","_google_business_share_type":"","_selected_social_profile":[],"_wpsp_enable_custom_social_template":false,"_wpsp_social_scheduling":{"enabled":false,"datetime":null,"platforms":[],"status":"template_only","dateOption":"today","timeOption":"now","customDays":"","customHours":"","customDate":"","customTime":"","schedulingType":"absolute"},"_wpsp_active_default_template":true},"categories":[52,27],"tags":[],"class_list":["post-23770","post","type-post","status-publish","format-standard","has-post-thumbnail","hentry","category-a-la-une","category-actualite"],"aioseo_notices":[],"yoast_head":"<!-- This site is optimized with the Yoast SEO plugin v27.5 - https:\/\/yoast.com\/product\/yoast-seo-wordpress\/ -->\n<title>Le Pr\u00e9sident Tebboune\u00a0a r\u00e9uni les factions palestiniennes\u00a0: Une nouvelle prouesse diplomatique - La Sentinelle<\/title>\n<meta name=\"robots\" content=\"index, follow, max-snippet:-1, max-image-preview:large, max-video-preview:-1\" \/>\n<link rel=\"canonical\" href=\"https:\/\/lasentinelle.dz\/index.php\/2022\/07\/07\/le-president-tebboune-a-reuni-les-factions-palestiniennes-une-nouvelle-prouesse-diplomatique\/\" \/>\n<meta property=\"og:locale\" content=\"fr_FR\" \/>\n<meta property=\"og:type\" content=\"article\" \/>\n<meta property=\"og:title\" content=\"Le Pr\u00e9sident Tebboune\u00a0a r\u00e9uni les factions palestiniennes\u00a0: Une nouvelle prouesse diplomatique - La Sentinelle\" \/>\n<meta property=\"og:description\" content=\"L\u2019Alg\u00e9rie est soucieuse d\u2019apporter une solution qui arrange l\u2019ensemble des factions palestiniennes dans le cadre d\u2019une v\u00e9ritable r\u00e9conciliation nationale qui\" \/>\n<meta property=\"og:url\" content=\"https:\/\/lasentinelle.dz\/index.php\/2022\/07\/07\/le-president-tebboune-a-reuni-les-factions-palestiniennes-une-nouvelle-prouesse-diplomatique\/\" \/>\n<meta property=\"og:site_name\" content=\"La Sentinelle\" \/>\n<meta property=\"article:publisher\" content=\"https:\/\/www.facebook.com\/La-Sentinelle-104059864394773\" \/>\n<meta property=\"article:published_time\" content=\"2022-07-06T23:05:00+00:00\" \/>\n<meta property=\"og:image\" content=\"https:\/\/lasentinelle.dz\/wp-content\/uploads\/2022\/07\/tebboune-factions.png\" \/>\n\t<meta property=\"og:image:width\" content=\"1600\" \/>\n\t<meta property=\"og:image:height\" content=\"900\" \/>\n\t<meta property=\"og:image:type\" content=\"image\/png\" \/>\n<meta name=\"author\" content=\"La Sentinelle\" \/>\n<meta name=\"twitter:card\" content=\"summary_large_image\" \/>\n<meta name=\"twitter:label1\" content=\"\u00c9crit par\" \/>\n\t<meta name=\"twitter:data1\" content=\"La Sentinelle\" \/>\n\t<meta name=\"twitter:label2\" content=\"Dur\u00e9e de lecture estim\u00e9e\" \/>\n\t<meta name=\"twitter:data2\" content=\"4 minutes\" \/>\n<script type=\"application\/ld+json\" class=\"yoast-schema-graph\">{\"@context\":\"https:\\\/\\\/schema.org\",\"@graph\":[{\"@type\":\"Article\",\"@id\":\"https:\\\/\\\/lasentinelle.dz\\\/index.php\\\/2022\\\/07\\\/07\\\/le-president-tebboune-a-reuni-les-factions-palestiniennes-une-nouvelle-prouesse-diplomatique\\\/#article\",\"isPartOf\":{\"@id\":\"https:\\\/\\\/lasentinelle.dz\\\/index.php\\\/2022\\\/07\\\/07\\\/le-president-tebboune-a-reuni-les-factions-palestiniennes-une-nouvelle-prouesse-diplomatique\\\/\"},\"author\":{\"name\":\"La Sentinelle\",\"@id\":\"https:\\\/\\\/lasentinelle.dz\\\/#\\\/schema\\\/person\\\/d865044e22e70a75174ce8bcad3acfb3\"},\"headline\":\"Le Pr\u00e9sident Tebboune\u00a0a r\u00e9uni les factions palestiniennes\u00a0: Une nouvelle prouesse diplomatique\",\"datePublished\":\"2022-07-06T23:05:00+00:00\",\"mainEntityOfPage\":{\"@id\":\"https:\\\/\\\/lasentinelle.dz\\\/index.php\\\/2022\\\/07\\\/07\\\/le-president-tebboune-a-reuni-les-factions-palestiniennes-une-nouvelle-prouesse-diplomatique\\\/\"},\"wordCount\":903,\"commentCount\":0,\"publisher\":{\"@id\":\"https:\\\/\\\/lasentinelle.dz\\\/#organization\"},\"image\":{\"@id\":\"https:\\\/\\\/lasentinelle.dz\\\/index.php\\\/2022\\\/07\\\/07\\\/le-president-tebboune-a-reuni-les-factions-palestiniennes-une-nouvelle-prouesse-diplomatique\\\/#primaryimage\"},\"thumbnailUrl\":\"https:\\\/\\\/lasentinelle.dz\\\/wp-content\\\/uploads\\\/2022\\\/07\\\/tebboune-factions.png\",\"articleSection\":[\"\u00c0 la Une\",\"Actualit\u00e9\"],\"inLanguage\":\"fr-FR\",\"potentialAction\":[{\"@type\":\"CommentAction\",\"name\":\"Comment\",\"target\":[\"https:\\\/\\\/lasentinelle.dz\\\/index.php\\\/2022\\\/07\\\/07\\\/le-president-tebboune-a-reuni-les-factions-palestiniennes-une-nouvelle-prouesse-diplomatique\\\/#respond\"]}]},{\"@type\":\"WebPage\",\"@id\":\"https:\\\/\\\/lasentinelle.dz\\\/index.php\\\/2022\\\/07\\\/07\\\/le-president-tebboune-a-reuni-les-factions-palestiniennes-une-nouvelle-prouesse-diplomatique\\\/\",\"url\":\"https:\\\/\\\/lasentinelle.dz\\\/index.php\\\/2022\\\/07\\\/07\\\/le-president-tebboune-a-reuni-les-factions-palestiniennes-une-nouvelle-prouesse-diplomatique\\\/\",\"name\":\"Le Pr\u00e9sident Tebboune\u00a0a r\u00e9uni les factions palestiniennes\u00a0: Une nouvelle prouesse diplomatique - La Sentinelle\",\"isPartOf\":{\"@id\":\"https:\\\/\\\/lasentinelle.dz\\\/#website\"},\"primaryImageOfPage\":{\"@id\":\"https:\\\/\\\/lasentinelle.dz\\\/index.php\\\/2022\\\/07\\\/07\\\/le-president-tebboune-a-reuni-les-factions-palestiniennes-une-nouvelle-prouesse-diplomatique\\\/#primaryimage\"},\"image\":{\"@id\":\"https:\\\/\\\/lasentinelle.dz\\\/index.php\\\/2022\\\/07\\\/07\\\/le-president-tebboune-a-reuni-les-factions-palestiniennes-une-nouvelle-prouesse-diplomatique\\\/#primaryimage\"},\"thumbnailUrl\":\"https:\\\/\\\/lasentinelle.dz\\\/wp-content\\\/uploads\\\/2022\\\/07\\\/tebboune-factions.png\",\"datePublished\":\"2022-07-06T23:05:00+00:00\",\"breadcrumb\":{\"@id\":\"https:\\\/\\\/lasentinelle.dz\\\/index.php\\\/2022\\\/07\\\/07\\\/le-president-tebboune-a-reuni-les-factions-palestiniennes-une-nouvelle-prouesse-diplomatique\\\/#breadcrumb\"},\"inLanguage\":\"fr-FR\",\"potentialAction\":[{\"@type\":\"ReadAction\",\"target\":[\"https:\\\/\\\/lasentinelle.dz\\\/index.php\\\/2022\\\/07\\\/07\\\/le-president-tebboune-a-reuni-les-factions-palestiniennes-une-nouvelle-prouesse-diplomatique\\\/\"]}]},{\"@type\":\"ImageObject\",\"inLanguage\":\"fr-FR\",\"@id\":\"https:\\\/\\\/lasentinelle.dz\\\/index.php\\\/2022\\\/07\\\/07\\\/le-president-tebboune-a-reuni-les-factions-palestiniennes-une-nouvelle-prouesse-diplomatique\\\/#primaryimage\",\"url\":\"https:\\\/\\\/lasentinelle.dz\\\/wp-content\\\/uploads\\\/2022\\\/07\\\/tebboune-factions.png\",\"contentUrl\":\"https:\\\/\\\/lasentinelle.dz\\\/wp-content\\\/uploads\\\/2022\\\/07\\\/tebboune-factions.png\",\"width\":1600,\"height\":900},{\"@type\":\"BreadcrumbList\",\"@id\":\"https:\\\/\\\/lasentinelle.dz\\\/index.php\\\/2022\\\/07\\\/07\\\/le-president-tebboune-a-reuni-les-factions-palestiniennes-une-nouvelle-prouesse-diplomatique\\\/#breadcrumb\",\"itemListElement\":[{\"@type\":\"ListItem\",\"position\":1,\"name\":\"Accueil\",\"item\":\"https:\\\/\\\/lasentinelle.dz\\\/\"},{\"@type\":\"ListItem\",\"position\":2,\"name\":\"Le Pr\u00e9sident Tebboune\u00a0a r\u00e9uni les factions palestiniennes\u00a0: Une nouvelle prouesse diplomatique\"}]},{\"@type\":\"WebSite\",\"@id\":\"https:\\\/\\\/lasentinelle.dz\\\/#website\",\"url\":\"https:\\\/\\\/lasentinelle.dz\\\/\",\"name\":\"La Sentinelle\",\"description\":\"Quotidien national d&#039;information\",\"publisher\":{\"@id\":\"https:\\\/\\\/lasentinelle.dz\\\/#organization\"},\"potentialAction\":[{\"@type\":\"SearchAction\",\"target\":{\"@type\":\"EntryPoint\",\"urlTemplate\":\"https:\\\/\\\/lasentinelle.dz\\\/?s={search_term_string}\"},\"query-input\":{\"@type\":\"PropertyValueSpecification\",\"valueRequired\":true,\"valueName\":\"search_term_string\"}}],\"inLanguage\":\"fr-FR\"},{\"@type\":\"Organization\",\"@id\":\"https:\\\/\\\/lasentinelle.dz\\\/#organization\",\"name\":\"Quotidien La Sentinelle\",\"url\":\"https:\\\/\\\/lasentinelle.dz\\\/\",\"logo\":{\"@type\":\"ImageObject\",\"inLanguage\":\"fr-FR\",\"@id\":\"https:\\\/\\\/lasentinelle.dz\\\/#\\\/schema\\\/logo\\\/image\\\/\",\"url\":\"https:\\\/\\\/lasentinelle.dz\\\/wp-content\\\/uploads\\\/2021\\\/09\\\/logo-sentinelleSLOGAN-1.png\",\"contentUrl\":\"https:\\\/\\\/lasentinelle.dz\\\/wp-content\\\/uploads\\\/2021\\\/09\\\/logo-sentinelleSLOGAN-1.png\",\"width\":615,\"height\":142,\"caption\":\"Quotidien La Sentinelle\"},\"image\":{\"@id\":\"https:\\\/\\\/lasentinelle.dz\\\/#\\\/schema\\\/logo\\\/image\\\/\"},\"sameAs\":[\"https:\\\/\\\/www.facebook.com\\\/La-Sentinelle-104059864394773\"]},{\"@type\":\"Person\",\"@id\":\"https:\\\/\\\/lasentinelle.dz\\\/#\\\/schema\\\/person\\\/d865044e22e70a75174ce8bcad3acfb3\",\"name\":\"La Sentinelle\",\"image\":{\"@type\":\"ImageObject\",\"inLanguage\":\"fr-FR\",\"@id\":\"https:\\\/\\\/secure.gravatar.com\\\/avatar\\\/57de8e5d4b15d43fb361a71fbb36338450fe67865b528a43dd10ef7c51a20392?s=96&d=mm&r=g\",\"url\":\"https:\\\/\\\/secure.gravatar.com\\\/avatar\\\/57de8e5d4b15d43fb361a71fbb36338450fe67865b528a43dd10ef7c51a20392?s=96&d=mm&r=g\",\"contentUrl\":\"https:\\\/\\\/secure.gravatar.com\\\/avatar\\\/57de8e5d4b15d43fb361a71fbb36338450fe67865b528a43dd10ef7c51a20392?s=96&d=mm&r=g\",\"caption\":\"La Sentinelle\"},\"sameAs\":[\"http:\\\/\\\/www.lasentinelle.dz\"],\"url\":\"https:\\\/\\\/lasentinelle.dz\\\/author\\\/redaction\\\/\"}]}<\/script>\n<!-- \/ Yoast SEO plugin. -->","yoast_head_json":{"title":"Le Pr\u00e9sident Tebboune\u00a0a r\u00e9uni les factions palestiniennes\u00a0: Une nouvelle prouesse diplomatique - La Sentinelle","robots":{"index":"index","follow":"follow","max-snippet":"max-snippet:-1","max-image-preview":"max-image-preview:large","max-video-preview":"max-video-preview:-1"},"canonical":"https:\/\/lasentinelle.dz\/index.php\/2022\/07\/07\/le-president-tebboune-a-reuni-les-factions-palestiniennes-une-nouvelle-prouesse-diplomatique\/","og_locale":"fr_FR","og_type":"article","og_title":"Le Pr\u00e9sident Tebboune\u00a0a r\u00e9uni les factions palestiniennes\u00a0: Une nouvelle prouesse diplomatique - La Sentinelle","og_description":"L\u2019Alg\u00e9rie est soucieuse d\u2019apporter une solution qui arrange l\u2019ensemble des factions palestiniennes dans le cadre d\u2019une v\u00e9ritable r\u00e9conciliation nationale qui","og_url":"https:\/\/lasentinelle.dz\/index.php\/2022\/07\/07\/le-president-tebboune-a-reuni-les-factions-palestiniennes-une-nouvelle-prouesse-diplomatique\/","og_site_name":"La Sentinelle","article_publisher":"https:\/\/www.facebook.com\/La-Sentinelle-104059864394773","article_published_time":"2022-07-06T23:05:00+00:00","og_image":[{"width":1600,"height":900,"url":"https:\/\/lasentinelle.dz\/wp-content\/uploads\/2022\/07\/tebboune-factions.png","type":"image\/png"}],"author":"La Sentinelle","twitter_card":"summary_large_image","twitter_misc":{"\u00c9crit par":"La Sentinelle","Dur\u00e9e de lecture estim\u00e9e":"4 minutes"},"schema":{"@context":"https:\/\/schema.org","@graph":[{"@type":"Article","@id":"https:\/\/lasentinelle.dz\/index.php\/2022\/07\/07\/le-president-tebboune-a-reuni-les-factions-palestiniennes-une-nouvelle-prouesse-diplomatique\/#article","isPartOf":{"@id":"https:\/\/lasentinelle.dz\/index.php\/2022\/07\/07\/le-president-tebboune-a-reuni-les-factions-palestiniennes-une-nouvelle-prouesse-diplomatique\/"},"author":{"name":"La Sentinelle","@id":"https:\/\/lasentinelle.dz\/#\/schema\/person\/d865044e22e70a75174ce8bcad3acfb3"},"headline":"Le Pr\u00e9sident Tebboune\u00a0a r\u00e9uni les factions palestiniennes\u00a0: Une nouvelle prouesse diplomatique","datePublished":"2022-07-06T23:05:00+00:00","mainEntityOfPage":{"@id":"https:\/\/lasentinelle.dz\/index.php\/2022\/07\/07\/le-president-tebboune-a-reuni-les-factions-palestiniennes-une-nouvelle-prouesse-diplomatique\/"},"wordCount":903,"commentCount":0,"publisher":{"@id":"https:\/\/lasentinelle.dz\/#organization"},"image":{"@id":"https:\/\/lasentinelle.dz\/index.php\/2022\/07\/07\/le-president-tebboune-a-reuni-les-factions-palestiniennes-une-nouvelle-prouesse-diplomatique\/#primaryimage"},"thumbnailUrl":"https:\/\/lasentinelle.dz\/wp-content\/uploads\/2022\/07\/tebboune-factions.png","articleSection":["\u00c0 la Une","Actualit\u00e9"],"inLanguage":"fr-FR","potentialAction":[{"@type":"CommentAction","name":"Comment","target":["https:\/\/lasentinelle.dz\/index.php\/2022\/07\/07\/le-president-tebboune-a-reuni-les-factions-palestiniennes-une-nouvelle-prouesse-diplomatique\/#respond"]}]},{"@type":"WebPage","@id":"https:\/\/lasentinelle.dz\/index.php\/2022\/07\/07\/le-president-tebboune-a-reuni-les-factions-palestiniennes-une-nouvelle-prouesse-diplomatique\/","url":"https:\/\/lasentinelle.dz\/index.php\/2022\/07\/07\/le-president-tebboune-a-reuni-les-factions-palestiniennes-une-nouvelle-prouesse-diplomatique\/","name":"Le Pr\u00e9sident Tebboune\u00a0a r\u00e9uni les factions palestiniennes\u00a0: Une nouvelle prouesse diplomatique - La Sentinelle","isPartOf":{"@id":"https:\/\/lasentinelle.dz\/#website"},"primaryImageOfPage":{"@id":"https:\/\/lasentinelle.dz\/index.php\/2022\/07\/07\/le-president-tebboune-a-reuni-les-factions-palestiniennes-une-nouvelle-prouesse-diplomatique\/#primaryimage"},"image":{"@id":"https:\/\/lasentinelle.dz\/index.php\/2022\/07\/07\/le-president-tebboune-a-reuni-les-factions-palestiniennes-une-nouvelle-prouesse-diplomatique\/#primaryimage"},"thumbnailUrl":"https:\/\/lasentinelle.dz\/wp-content\/uploads\/2022\/07\/tebboune-factions.png","datePublished":"2022-07-06T23:05:00+00:00","breadcrumb":{"@id":"https:\/\/lasentinelle.dz\/index.php\/2022\/07\/07\/le-president-tebboune-a-reuni-les-factions-palestiniennes-une-nouvelle-prouesse-diplomatique\/#breadcrumb"},"inLanguage":"fr-FR","potentialAction":[{"@type":"ReadAction","target":["https:\/\/lasentinelle.dz\/index.php\/2022\/07\/07\/le-president-tebboune-a-reuni-les-factions-palestiniennes-une-nouvelle-prouesse-diplomatique\/"]}]},{"@type":"ImageObject","inLanguage":"fr-FR","@id":"https:\/\/lasentinelle.dz\/index.php\/2022\/07\/07\/le-president-tebboune-a-reuni-les-factions-palestiniennes-une-nouvelle-prouesse-diplomatique\/#primaryimage","url":"https:\/\/lasentinelle.dz\/wp-content\/uploads\/2022\/07\/tebboune-factions.png","contentUrl":"https:\/\/lasentinelle.dz\/wp-content\/uploads\/2022\/07\/tebboune-factions.png","width":1600,"height":900},{"@type":"BreadcrumbList","@id":"https:\/\/lasentinelle.dz\/index.php\/2022\/07\/07\/le-president-tebboune-a-reuni-les-factions-palestiniennes-une-nouvelle-prouesse-diplomatique\/#breadcrumb","itemListElement":[{"@type":"ListItem","position":1,"name":"Accueil","item":"https:\/\/lasentinelle.dz\/"},{"@type":"ListItem","position":2,"name":"Le Pr\u00e9sident Tebboune\u00a0a r\u00e9uni les factions palestiniennes\u00a0: Une nouvelle prouesse diplomatique"}]},{"@type":"WebSite","@id":"https:\/\/lasentinelle.dz\/#website","url":"https:\/\/lasentinelle.dz\/","name":"La Sentinelle","description":"Quotidien national d&#039;information","publisher":{"@id":"https:\/\/lasentinelle.dz\/#organization"},"potentialAction":[{"@type":"SearchAction","target":{"@type":"EntryPoint","urlTemplate":"https:\/\/lasentinelle.dz\/?s={search_term_string}"},"query-input":{"@type":"PropertyValueSpecification","valueRequired":true,"valueName":"search_term_string"}}],"inLanguage":"fr-FR"},{"@type":"Organization","@id":"https:\/\/lasentinelle.dz\/#organization","name":"Quotidien La Sentinelle","url":"https:\/\/lasentinelle.dz\/","logo":{"@type":"ImageObject","inLanguage":"fr-FR","@id":"https:\/\/lasentinelle.dz\/#\/schema\/logo\/image\/","url":"https:\/\/lasentinelle.dz\/wp-content\/uploads\/2021\/09\/logo-sentinelleSLOGAN-1.png","contentUrl":"https:\/\/lasentinelle.dz\/wp-content\/uploads\/2021\/09\/logo-sentinelleSLOGAN-1.png","width":615,"height":142,"caption":"Quotidien La Sentinelle"},"image":{"@id":"https:\/\/lasentinelle.dz\/#\/schema\/logo\/image\/"},"sameAs":["https:\/\/www.facebook.com\/La-Sentinelle-104059864394773"]},{"@type":"Person","@id":"https:\/\/lasentinelle.dz\/#\/schema\/person\/d865044e22e70a75174ce8bcad3acfb3","name":"La Sentinelle","image":{"@type":"ImageObject","inLanguage":"fr-FR","@id":"https:\/\/secure.gravatar.com\/avatar\/57de8e5d4b15d43fb361a71fbb36338450fe67865b528a43dd10ef7c51a20392?s=96&d=mm&r=g","url":"https:\/\/secure.gravatar.com\/avatar\/57de8e5d4b15d43fb361a71fbb36338450fe67865b528a43dd10ef7c51a20392?s=96&d=mm&r=g","contentUrl":"https:\/\/secure.gravatar.com\/avatar\/57de8e5d4b15d43fb361a71fbb36338450fe67865b528a43dd10ef7c51a20392?s=96&d=mm&r=g","caption":"La Sentinelle"},"sameAs":["http:\/\/www.lasentinelle.dz"],"url":"https:\/\/lasentinelle.dz\/author\/redaction\/"}]}},"_links":{"self":[{"href":"https:\/\/lasentinelle.dz\/index.php\/wp-json\/wp\/v2\/posts\/23770","targetHints":{"allow":["GET"]}}],"collection":[{"href":"https:\/\/lasentinelle.dz\/index.php\/wp-json\/wp\/v2\/posts"}],"about":[{"href":"https:\/\/lasentinelle.dz\/index.php\/wp-json\/wp\/v2\/types\/post"}],"author":[{"embeddable":true,"href":"https:\/\/lasentinelle.dz\/index.php\/wp-json\/wp\/v2\/users\/3"}],"replies":[{"embeddable":true,"href":"https:\/\/lasentinelle.dz\/index.php\/wp-json\/wp\/v2\/comments?post=23770"}],"version-history":[{"count":1,"href":"https:\/\/lasentinelle.dz\/index.php\/wp-json\/wp\/v2\/posts\/23770\/revisions"}],"predecessor-version":[{"id":23772,"href":"https:\/\/lasentinelle.dz\/index.php\/wp-json\/wp\/v2\/posts\/23770\/revisions\/23772"}],"wp:featuredmedia":[{"embeddable":true,"href":"https:\/\/lasentinelle.dz\/index.php\/wp-json\/wp\/v2\/media\/23771"}],"wp:attachment":[{"href":"https:\/\/lasentinelle.dz\/index.php\/wp-json\/wp\/v2\/media?parent=23770"}],"wp:term":[{"taxonomy":"category","embeddable":true,"href":"https:\/\/lasentinelle.dz\/index.php\/wp-json\/wp\/v2\/categories?post=23770"},{"taxonomy":"post_tag","embeddable":true,"href":"https:\/\/lasentinelle.dz\/index.php\/wp-json\/wp\/v2\/tags?post=23770"}],"curies":[{"name":"wp","href":"https:\/\/api.w.org\/{rel}","templated":true}]}}