{"id":23825,"date":"2022-07-11T00:01:00","date_gmt":"2022-07-10T23:01:00","guid":{"rendered":"https:\/\/lasentinelle.dz\/?p=23825"},"modified":"2022-07-10T17:03:52","modified_gmt":"2022-07-10T16:03:52","slug":"lechange-selon-volodo","status":"publish","type":"post","link":"https:\/\/lasentinelle.dz\/index.php\/2022\/07\/11\/lechange-selon-volodo\/","title":{"rendered":"L\u2019\u00e9change selon Volodo\u00a0!"},"content":{"rendered":"\n<p>\u00ab&nbsp;\u00c9change diplomates contre armes\u2026&nbsp;m\u00eame usag\u00e9es!&nbsp;\u00bb Et ne le dites surtout pas \u00e0 \u00ab&nbsp;Sleepy Joe&nbsp;\u00bb quant il se r\u00e9veillera, il va croire que nous avons perdu la guerre. Dixit Volodo.<\/p>\n\n\n\n<p>Zelensky limoge ses ambassadeurs \u00e0 tour de bras et pendant le sommeil de son ami. Quelle vacherie&nbsp;! Il a commenc\u00e9 d\u2019abord par celui en Allemagne, celui en Inde, en R\u00e9publique tch\u00e8que, en Norv\u00e8ge et en Hongrie. Les suivants sur la liste seront ceux en poste en France, en Alg\u00e9rie pour avoir assist\u00e9 aux JM et d\u2019avoir dans\u00e9 toute la nuit sur la musique de Cheb Mami et de DJ Snake et celui en poste en Tunisie \u00e0 cause de l\u2019ouverture des fronti\u00e8res et du lancement de la saison touristique. Les diplomates&nbsp;&nbsp;\u00ab&nbsp;r\u00e9voqu\u00e9s seront r\u00e9affect\u00e9s sur le front&nbsp;\u00bb, selon des indiscr\u00e9tions rapport\u00e9es par \u00ab&nbsp;la voix de Zelensky&nbsp;\u00bb CNEWS, LCI et BFM tuyaut\u00e9s par Marine. Ils seront remplac\u00e9s par des militaires appartenant au r\u00e9giment Azov&nbsp;! Ah, ce Volodo&nbsp;! \u00c7a, c\u2019est un vrai metteur en sc\u00e8ne digne d\u2019Hollywood.&nbsp;&nbsp;Et il a m\u00eame os\u00e9 faire \u00e7a sans m\u00eame demander la permission \u00e0 son ma\u00eetre \u00e0 penser et fournisseur d\u2019armes, le grand \u00ab&nbsp;Sleepy Joe&nbsp;\u00bb. Mais bon, il faut dire aussi que son ami, l\u2019endormi, l\u2019a bien cherch\u00e9 et a mis du temps pour r\u00e9agir et lui fournir l\u2019aide militaire promise.&nbsp;<\/p>\n","protected":false},"excerpt":{"rendered":"<p>\u00ab&nbsp;\u00c9change diplomates contre armes\u2026&nbsp;m\u00eame usag\u00e9es!&nbsp;\u00bb Et ne le dites surtout pas \u00e0 \u00ab&nbsp;Sleepy Joe&nbsp;\u00bb quant il se r\u00e9veillera, il va<\/p>\n","protected":false},"author":2,"featured_media":23826,"comment_status":"open","ping_status":"closed","sticky":false,"template":"","format":"standard","meta":{"colormag_page_container_layout":"default_layout","colormag_page_sidebar_layout":"default_layout","om_disable_all_campaigns":false,"_monsterinsights_skip_tracking":false,"_monsterinsights_sitenote_active":false,"_monsterinsights_sitenote_note":"","_monsterinsights_sitenote_category":0,"footnotes":"","_wpscppro_dont_share_socialmedia":false,"_wpscppro_custom_social_share_image":0,"_facebook_share_type":"","_twitter_share_type":"","_linkedin_share_type":"","_pinterest_share_type":"","_linkedin_share_type_page":"","_instagram_share_type":"","_medium_share_type":"","_threads_share_type":"","_google_business_share_type":"","_selected_social_profile":[],"_wpsp_enable_custom_social_template":false,"_wpsp_social_scheduling":{"enabled":false,"datetime":null,"platforms":[],"status":"template_only","dateOption":"today","timeOption":"now","customDays":"","customHours":"","customDate":"","customTime":"","schedulingType":"absolute"},"_wpsp_active_default_template":true},"categories":[38,55],"tags":[],"class_list":["post-23825","post","type-post","status-publish","format-standard","has-post-thumbnail","hentry","category-debats","category-chronique"],"aioseo_notices":[],"yoast_head":"<!-- This site is optimized with the Yoast SEO plugin v27.5 - https:\/\/yoast.com\/product\/yoast-seo-wordpress\/ -->\n<title>L\u2019\u00e9change selon Volodo\u00a0! - La Sentinelle<\/title>\n<meta name=\"robots\" content=\"index, follow, max-snippet:-1, max-image-preview:large, max-video-preview:-1\" \/>\n<link rel=\"canonical\" href=\"https:\/\/lasentinelle.dz\/index.php\/2022\/07\/11\/lechange-selon-volodo\/\" \/>\n<meta property=\"og:locale\" content=\"fr_FR\" \/>\n<meta property=\"og:type\" content=\"article\" \/>\n<meta property=\"og:title\" content=\"L\u2019\u00e9change selon Volodo\u00a0! - La Sentinelle\" \/>\n<meta property=\"og:description\" content=\"\u00ab&nbsp;\u00c9change diplomates contre armes\u2026&nbsp;m\u00eame usag\u00e9es!&nbsp;\u00bb Et ne le dites surtout pas \u00e0 \u00ab&nbsp;Sleepy Joe&nbsp;\u00bb quant il se r\u00e9veillera, il va\" \/>\n<meta property=\"og:url\" content=\"https:\/\/lasentinelle.dz\/index.php\/2022\/07\/11\/lechange-selon-volodo\/\" \/>\n<meta property=\"og:site_name\" content=\"La Sentinelle\" \/>\n<meta property=\"article:publisher\" content=\"https:\/\/www.facebook.com\/La-Sentinelle-104059864394773\" \/>\n<meta property=\"article:published_time\" content=\"2022-07-10T23:01:00+00:00\" \/>\n<meta property=\"og:image\" content=\"https:\/\/lasentinelle.dz\/wp-content\/uploads\/2022\/07\/chronique-3.png\" \/>\n\t<meta property=\"og:image:width\" content=\"225\" \/>\n\t<meta property=\"og:image:height\" content=\"172\" \/>\n\t<meta property=\"og:image:type\" content=\"image\/png\" \/>\n<meta name=\"author\" content=\"Azzedine Belferag\" \/>\n<meta name=\"twitter:card\" content=\"summary_large_image\" \/>\n<meta name=\"twitter:label1\" content=\"\u00c9crit par\" \/>\n\t<meta name=\"twitter:data1\" content=\"Azzedine Belferag\" \/>\n\t<meta name=\"twitter:label2\" content=\"Dur\u00e9e de lecture estim\u00e9e\" \/>\n\t<meta name=\"twitter:data2\" content=\"2 minutes\" \/>\n<script type=\"application\/ld+json\" class=\"yoast-schema-graph\">{\"@context\":\"https:\\\/\\\/schema.org\",\"@graph\":[{\"@type\":\"Article\",\"@id\":\"https:\\\/\\\/lasentinelle.dz\\\/index.php\\\/2022\\\/07\\\/11\\\/lechange-selon-volodo\\\/#article\",\"isPartOf\":{\"@id\":\"https:\\\/\\\/lasentinelle.dz\\\/index.php\\\/2022\\\/07\\\/11\\\/lechange-selon-volodo\\\/\"},\"author\":{\"name\":\"Azzedine Belferag\",\"@id\":\"https:\\\/\\\/lasentinelle.dz\\\/#\\\/schema\\\/person\\\/e22c868643946ece5f328ac9d185b29f\"},\"headline\":\"L\u2019\u00e9change selon Volodo\u00a0!\",\"datePublished\":\"2022-07-10T23:01:00+00:00\",\"mainEntityOfPage\":{\"@id\":\"https:\\\/\\\/lasentinelle.dz\\\/index.php\\\/2022\\\/07\\\/11\\\/lechange-selon-volodo\\\/\"},\"wordCount\":264,\"commentCount\":0,\"publisher\":{\"@id\":\"https:\\\/\\\/lasentinelle.dz\\\/#organization\"},\"image\":{\"@id\":\"https:\\\/\\\/lasentinelle.dz\\\/index.php\\\/2022\\\/07\\\/11\\\/lechange-selon-volodo\\\/#primaryimage\"},\"thumbnailUrl\":\"https:\\\/\\\/lasentinelle.dz\\\/wp-content\\\/uploads\\\/2022\\\/07\\\/chronique-3.png\",\"articleSection\":[\"D\u00e9bats\",\"La Chronique\"],\"inLanguage\":\"fr-FR\",\"potentialAction\":[{\"@type\":\"CommentAction\",\"name\":\"Comment\",\"target\":[\"https:\\\/\\\/lasentinelle.dz\\\/index.php\\\/2022\\\/07\\\/11\\\/lechange-selon-volodo\\\/#respond\"]}]},{\"@type\":\"WebPage\",\"@id\":\"https:\\\/\\\/lasentinelle.dz\\\/index.php\\\/2022\\\/07\\\/11\\\/lechange-selon-volodo\\\/\",\"url\":\"https:\\\/\\\/lasentinelle.dz\\\/index.php\\\/2022\\\/07\\\/11\\\/lechange-selon-volodo\\\/\",\"name\":\"L\u2019\u00e9change selon Volodo\u00a0! - La Sentinelle\",\"isPartOf\":{\"@id\":\"https:\\\/\\\/lasentinelle.dz\\\/#website\"},\"primaryImageOfPage\":{\"@id\":\"https:\\\/\\\/lasentinelle.dz\\\/index.php\\\/2022\\\/07\\\/11\\\/lechange-selon-volodo\\\/#primaryimage\"},\"image\":{\"@id\":\"https:\\\/\\\/lasentinelle.dz\\\/index.php\\\/2022\\\/07\\\/11\\\/lechange-selon-volodo\\\/#primaryimage\"},\"thumbnailUrl\":\"https:\\\/\\\/lasentinelle.dz\\\/wp-content\\\/uploads\\\/2022\\\/07\\\/chronique-3.png\",\"datePublished\":\"2022-07-10T23:01:00+00:00\",\"breadcrumb\":{\"@id\":\"https:\\\/\\\/lasentinelle.dz\\\/index.php\\\/2022\\\/07\\\/11\\\/lechange-selon-volodo\\\/#breadcrumb\"},\"inLanguage\":\"fr-FR\",\"potentialAction\":[{\"@type\":\"ReadAction\",\"target\":[\"https:\\\/\\\/lasentinelle.dz\\\/index.php\\\/2022\\\/07\\\/11\\\/lechange-selon-volodo\\\/\"]}]},{\"@type\":\"ImageObject\",\"inLanguage\":\"fr-FR\",\"@id\":\"https:\\\/\\\/lasentinelle.dz\\\/index.php\\\/2022\\\/07\\\/11\\\/lechange-selon-volodo\\\/#primaryimage\",\"url\":\"https:\\\/\\\/lasentinelle.dz\\\/wp-content\\\/uploads\\\/2022\\\/07\\\/chronique-3.png\",\"contentUrl\":\"https:\\\/\\\/lasentinelle.dz\\\/wp-content\\\/uploads\\\/2022\\\/07\\\/chronique-3.png\",\"width\":225,\"height\":172},{\"@type\":\"BreadcrumbList\",\"@id\":\"https:\\\/\\\/lasentinelle.dz\\\/index.php\\\/2022\\\/07\\\/11\\\/lechange-selon-volodo\\\/#breadcrumb\",\"itemListElement\":[{\"@type\":\"ListItem\",\"position\":1,\"name\":\"Accueil\",\"item\":\"https:\\\/\\\/lasentinelle.dz\\\/\"},{\"@type\":\"ListItem\",\"position\":2,\"name\":\"L\u2019\u00e9change selon Volodo\u00a0!\"}]},{\"@type\":\"WebSite\",\"@id\":\"https:\\\/\\\/lasentinelle.dz\\\/#website\",\"url\":\"https:\\\/\\\/lasentinelle.dz\\\/\",\"name\":\"La Sentinelle\",\"description\":\"Quotidien national d&#039;information\",\"publisher\":{\"@id\":\"https:\\\/\\\/lasentinelle.dz\\\/#organization\"},\"potentialAction\":[{\"@type\":\"SearchAction\",\"target\":{\"@type\":\"EntryPoint\",\"urlTemplate\":\"https:\\\/\\\/lasentinelle.dz\\\/?s={search_term_string}\"},\"query-input\":{\"@type\":\"PropertyValueSpecification\",\"valueRequired\":true,\"valueName\":\"search_term_string\"}}],\"inLanguage\":\"fr-FR\"},{\"@type\":\"Organization\",\"@id\":\"https:\\\/\\\/lasentinelle.dz\\\/#organization\",\"name\":\"Quotidien La Sentinelle\",\"url\":\"https:\\\/\\\/lasentinelle.dz\\\/\",\"logo\":{\"@type\":\"ImageObject\",\"inLanguage\":\"fr-FR\",\"@id\":\"https:\\\/\\\/lasentinelle.dz\\\/#\\\/schema\\\/logo\\\/image\\\/\",\"url\":\"https:\\\/\\\/lasentinelle.dz\\\/wp-content\\\/uploads\\\/2021\\\/09\\\/logo-sentinelleSLOGAN-1.png\",\"contentUrl\":\"https:\\\/\\\/lasentinelle.dz\\\/wp-content\\\/uploads\\\/2021\\\/09\\\/logo-sentinelleSLOGAN-1.png\",\"width\":615,\"height\":142,\"caption\":\"Quotidien La Sentinelle\"},\"image\":{\"@id\":\"https:\\\/\\\/lasentinelle.dz\\\/#\\\/schema\\\/logo\\\/image\\\/\"},\"sameAs\":[\"https:\\\/\\\/www.facebook.com\\\/La-Sentinelle-104059864394773\"]},{\"@type\":\"Person\",\"@id\":\"https:\\\/\\\/lasentinelle.dz\\\/#\\\/schema\\\/person\\\/e22c868643946ece5f328ac9d185b29f\",\"name\":\"Azzedine Belferag\",\"image\":{\"@type\":\"ImageObject\",\"inLanguage\":\"fr-FR\",\"@id\":\"https:\\\/\\\/secure.gravatar.com\\\/avatar\\\/767ecc3bfcf23cd6d0dae1705f124feb13a88fded1daa56498e4fb3aa3fc36a1?s=96&d=mm&r=g\",\"url\":\"https:\\\/\\\/secure.gravatar.com\\\/avatar\\\/767ecc3bfcf23cd6d0dae1705f124feb13a88fded1daa56498e4fb3aa3fc36a1?s=96&d=mm&r=g\",\"contentUrl\":\"https:\\\/\\\/secure.gravatar.com\\\/avatar\\\/767ecc3bfcf23cd6d0dae1705f124feb13a88fded1daa56498e4fb3aa3fc36a1?s=96&d=mm&r=g\",\"caption\":\"Azzedine Belferag\"},\"sameAs\":[\"http:\\\/\\\/www.lasentinelle.dz\"],\"url\":\"https:\\\/\\\/lasentinelle.dz\\\/author\\\/belferag\\\/\"}]}<\/script>\n<!-- \/ Yoast SEO plugin. -->","yoast_head_json":{"title":"L\u2019\u00e9change selon Volodo\u00a0! - La Sentinelle","robots":{"index":"index","follow":"follow","max-snippet":"max-snippet:-1","max-image-preview":"max-image-preview:large","max-video-preview":"max-video-preview:-1"},"canonical":"https:\/\/lasentinelle.dz\/index.php\/2022\/07\/11\/lechange-selon-volodo\/","og_locale":"fr_FR","og_type":"article","og_title":"L\u2019\u00e9change selon Volodo\u00a0! - La Sentinelle","og_description":"\u00ab&nbsp;\u00c9change diplomates contre armes\u2026&nbsp;m\u00eame usag\u00e9es!&nbsp;\u00bb Et ne le dites surtout pas \u00e0 \u00ab&nbsp;Sleepy Joe&nbsp;\u00bb quant il se r\u00e9veillera, il va","og_url":"https:\/\/lasentinelle.dz\/index.php\/2022\/07\/11\/lechange-selon-volodo\/","og_site_name":"La Sentinelle","article_publisher":"https:\/\/www.facebook.com\/La-Sentinelle-104059864394773","article_published_time":"2022-07-10T23:01:00+00:00","og_image":[{"width":225,"height":172,"url":"https:\/\/lasentinelle.dz\/wp-content\/uploads\/2022\/07\/chronique-3.png","type":"image\/png"}],"author":"Azzedine Belferag","twitter_card":"summary_large_image","twitter_misc":{"\u00c9crit par":"Azzedine Belferag","Dur\u00e9e de lecture estim\u00e9e":"2 minutes"},"schema":{"@context":"https:\/\/schema.org","@graph":[{"@type":"Article","@id":"https:\/\/lasentinelle.dz\/index.php\/2022\/07\/11\/lechange-selon-volodo\/#article","isPartOf":{"@id":"https:\/\/lasentinelle.dz\/index.php\/2022\/07\/11\/lechange-selon-volodo\/"},"author":{"name":"Azzedine Belferag","@id":"https:\/\/lasentinelle.dz\/#\/schema\/person\/e22c868643946ece5f328ac9d185b29f"},"headline":"L\u2019\u00e9change selon Volodo\u00a0!","datePublished":"2022-07-10T23:01:00+00:00","mainEntityOfPage":{"@id":"https:\/\/lasentinelle.dz\/index.php\/2022\/07\/11\/lechange-selon-volodo\/"},"wordCount":264,"commentCount":0,"publisher":{"@id":"https:\/\/lasentinelle.dz\/#organization"},"image":{"@id":"https:\/\/lasentinelle.dz\/index.php\/2022\/07\/11\/lechange-selon-volodo\/#primaryimage"},"thumbnailUrl":"https:\/\/lasentinelle.dz\/wp-content\/uploads\/2022\/07\/chronique-3.png","articleSection":["D\u00e9bats","La Chronique"],"inLanguage":"fr-FR","potentialAction":[{"@type":"CommentAction","name":"Comment","target":["https:\/\/lasentinelle.dz\/index.php\/2022\/07\/11\/lechange-selon-volodo\/#respond"]}]},{"@type":"WebPage","@id":"https:\/\/lasentinelle.dz\/index.php\/2022\/07\/11\/lechange-selon-volodo\/","url":"https:\/\/lasentinelle.dz\/index.php\/2022\/07\/11\/lechange-selon-volodo\/","name":"L\u2019\u00e9change selon Volodo\u00a0! - La Sentinelle","isPartOf":{"@id":"https:\/\/lasentinelle.dz\/#website"},"primaryImageOfPage":{"@id":"https:\/\/lasentinelle.dz\/index.php\/2022\/07\/11\/lechange-selon-volodo\/#primaryimage"},"image":{"@id":"https:\/\/lasentinelle.dz\/index.php\/2022\/07\/11\/lechange-selon-volodo\/#primaryimage"},"thumbnailUrl":"https:\/\/lasentinelle.dz\/wp-content\/uploads\/2022\/07\/chronique-3.png","datePublished":"2022-07-10T23:01:00+00:00","breadcrumb":{"@id":"https:\/\/lasentinelle.dz\/index.php\/2022\/07\/11\/lechange-selon-volodo\/#breadcrumb"},"inLanguage":"fr-FR","potentialAction":[{"@type":"ReadAction","target":["https:\/\/lasentinelle.dz\/index.php\/2022\/07\/11\/lechange-selon-volodo\/"]}]},{"@type":"ImageObject","inLanguage":"fr-FR","@id":"https:\/\/lasentinelle.dz\/index.php\/2022\/07\/11\/lechange-selon-volodo\/#primaryimage","url":"https:\/\/lasentinelle.dz\/wp-content\/uploads\/2022\/07\/chronique-3.png","contentUrl":"https:\/\/lasentinelle.dz\/wp-content\/uploads\/2022\/07\/chronique-3.png","width":225,"height":172},{"@type":"BreadcrumbList","@id":"https:\/\/lasentinelle.dz\/index.php\/2022\/07\/11\/lechange-selon-volodo\/#breadcrumb","itemListElement":[{"@type":"ListItem","position":1,"name":"Accueil","item":"https:\/\/lasentinelle.dz\/"},{"@type":"ListItem","position":2,"name":"L\u2019\u00e9change selon Volodo\u00a0!"}]},{"@type":"WebSite","@id":"https:\/\/lasentinelle.dz\/#website","url":"https:\/\/lasentinelle.dz\/","name":"La Sentinelle","description":"Quotidien national d&#039;information","publisher":{"@id":"https:\/\/lasentinelle.dz\/#organization"},"potentialAction":[{"@type":"SearchAction","target":{"@type":"EntryPoint","urlTemplate":"https:\/\/lasentinelle.dz\/?s={search_term_string}"},"query-input":{"@type":"PropertyValueSpecification","valueRequired":true,"valueName":"search_term_string"}}],"inLanguage":"fr-FR"},{"@type":"Organization","@id":"https:\/\/lasentinelle.dz\/#organization","name":"Quotidien La Sentinelle","url":"https:\/\/lasentinelle.dz\/","logo":{"@type":"ImageObject","inLanguage":"fr-FR","@id":"https:\/\/lasentinelle.dz\/#\/schema\/logo\/image\/","url":"https:\/\/lasentinelle.dz\/wp-content\/uploads\/2021\/09\/logo-sentinelleSLOGAN-1.png","contentUrl":"https:\/\/lasentinelle.dz\/wp-content\/uploads\/2021\/09\/logo-sentinelleSLOGAN-1.png","width":615,"height":142,"caption":"Quotidien La Sentinelle"},"image":{"@id":"https:\/\/lasentinelle.dz\/#\/schema\/logo\/image\/"},"sameAs":["https:\/\/www.facebook.com\/La-Sentinelle-104059864394773"]},{"@type":"Person","@id":"https:\/\/lasentinelle.dz\/#\/schema\/person\/e22c868643946ece5f328ac9d185b29f","name":"Azzedine Belferag","image":{"@type":"ImageObject","inLanguage":"fr-FR","@id":"https:\/\/secure.gravatar.com\/avatar\/767ecc3bfcf23cd6d0dae1705f124feb13a88fded1daa56498e4fb3aa3fc36a1?s=96&d=mm&r=g","url":"https:\/\/secure.gravatar.com\/avatar\/767ecc3bfcf23cd6d0dae1705f124feb13a88fded1daa56498e4fb3aa3fc36a1?s=96&d=mm&r=g","contentUrl":"https:\/\/secure.gravatar.com\/avatar\/767ecc3bfcf23cd6d0dae1705f124feb13a88fded1daa56498e4fb3aa3fc36a1?s=96&d=mm&r=g","caption":"Azzedine Belferag"},"sameAs":["http:\/\/www.lasentinelle.dz"],"url":"https:\/\/lasentinelle.dz\/author\/belferag\/"}]}},"_links":{"self":[{"href":"https:\/\/lasentinelle.dz\/index.php\/wp-json\/wp\/v2\/posts\/23825","targetHints":{"allow":["GET"]}}],"collection":[{"href":"https:\/\/lasentinelle.dz\/index.php\/wp-json\/wp\/v2\/posts"}],"about":[{"href":"https:\/\/lasentinelle.dz\/index.php\/wp-json\/wp\/v2\/types\/post"}],"author":[{"embeddable":true,"href":"https:\/\/lasentinelle.dz\/index.php\/wp-json\/wp\/v2\/users\/2"}],"replies":[{"embeddable":true,"href":"https:\/\/lasentinelle.dz\/index.php\/wp-json\/wp\/v2\/comments?post=23825"}],"version-history":[{"count":1,"href":"https:\/\/lasentinelle.dz\/index.php\/wp-json\/wp\/v2\/posts\/23825\/revisions"}],"predecessor-version":[{"id":23827,"href":"https:\/\/lasentinelle.dz\/index.php\/wp-json\/wp\/v2\/posts\/23825\/revisions\/23827"}],"wp:featuredmedia":[{"embeddable":true,"href":"https:\/\/lasentinelle.dz\/index.php\/wp-json\/wp\/v2\/media\/23826"}],"wp:attachment":[{"href":"https:\/\/lasentinelle.dz\/index.php\/wp-json\/wp\/v2\/media?parent=23825"}],"wp:term":[{"taxonomy":"category","embeddable":true,"href":"https:\/\/lasentinelle.dz\/index.php\/wp-json\/wp\/v2\/categories?post=23825"},{"taxonomy":"post_tag","embeddable":true,"href":"https:\/\/lasentinelle.dz\/index.php\/wp-json\/wp\/v2\/tags?post=23825"}],"curies":[{"name":"wp","href":"https:\/\/api.w.org\/{rel}","templated":true}]}}