{"id":2383,"date":"2021-07-27T00:01:00","date_gmt":"2021-07-26T23:01:00","guid":{"rendered":"https:\/\/lasentinelle.dz\/?p=2383"},"modified":"2021-07-26T17:40:53","modified_gmt":"2021-07-26T16:40:53","slug":"port-dalger-baisse-du-flux-des-navires-au-premier-trimestre-2021","status":"publish","type":"post","link":"https:\/\/lasentinelle.dz\/index.php\/2021\/07\/27\/port-dalger-baisse-du-flux-des-navires-au-premier-trimestre-2021\/","title":{"rendered":"Port d&rsquo;Alger : Baisse du flux des navires au premier trimestre 2021"},"content":{"rendered":"\n<p>La pand\u00e9mie de coronavirus continue d\u2019impacter les diff\u00e9rentes activit\u00e9s \u00e9conomiques, notamment le transport maritime. L\u2019Alg\u00e9rie n\u2019\u00e9chappe pas \u00e0 la r\u00e8gle et les entreprises portuaires continuent \u00e0 afficher quelques contreperformances, malgr\u00e9 les effort entrepris pour relancer l\u2019activit\u00e9. Dans ce sens, et malgr\u00e9 une petite hausse des mouvements des porte-conteneurs pouss\u00e9s par les activit\u00e9s \u00e0 l\u2019export, le flux des navires au Port d\u2019Alger a connu une baisse notable au premier trimestre de l\u2019ann\u00e9e en cours plomb\u00e9 par le recul de l\u2019activit\u00e9 des car-ferries notamment. Selon les chiffres de l\u2019entreprise portuaire d\u2019Alger, le mouvement de navigation au niveau du port d&rsquo;Alger a connu un recul de l&rsquo;ordre de 9,58% au cours du 1er trimestre 2021 par rapport \u00e0 la m\u00eame p\u00e9riode de l&rsquo;ann\u00e9e pr\u00e9c\u00e9dente, impact\u00e9 notamment par la pand\u00e9mie de Covid-19.Le nombre des navires qui ont accost\u00e9 au port d&rsquo;Alger durant la p\u00e9riode janvier-mars 2021 a atteint 387 navires contre 428 navires \u00e0 la m\u00eame p\u00e9riode en 2020, note l&rsquo;Epal dans le dernier num\u00e9ro de sa revue trimestrielle.La r\u00e9gression a concern\u00e9 particuli\u00e8rement les navires car-ferries (utilis\u00e9s pour le fret) avec -56%, les bitumiers (-47%), les navires Ro\/Ro utilis\u00e9s dans le transport de v\u00e9hicules (-42%), les cimentiers (-40%) et les p\u00e9troliers (-16%), alors que le mouvement des porte-conteneurs a connu un fr\u00e9missement de 4%.Selon la m\u00eame source, le tonnage de la jauge brute des navires op\u00e9rants en entr\u00e9e a baiss\u00e9 de 11,53%, passant de 4,644 millions de tonneaux au 1er trimestre 2020 \u00e0 4,109 millions de tonneaux au 1er trimestre 2021.Le bilan fait \u00e9tat, \u00e9galement, d&rsquo;une baisse du trafic global des marchandises, de l&rsquo;ordre de 9,21%, avec 2,364 millions de tonnes au 1er trimestre 2021, contre 2,603 millions de tonnes il y a un an.Cette baisse a \u00e9t\u00e9 engendr\u00e9e par le d\u00e9croissement du trafic des conteneurs et des hydrocarbures, est-il soulign\u00e9 dans le m\u00eame bilan.S&rsquo;agissant du trafic des conteneurs trait\u00e9s par l&rsquo;Epal, un nombre de 80.705 EVP (\u00e9quivalent vingt pieds) a \u00e9t\u00e9 r\u00e9ceptionn\u00e9durant la p\u00e9riode janvier-mars 2021, soit une l\u00e9g\u00e8re hausse de 0,67% comparativement \u00e0 la m\u00eame p\u00e9riode de 2020.<\/p>\n\n\n\n<p>Le nombre de conteneurs pleins (d\u00e9barqu\u00e9s et embarqu\u00e9s) a chut\u00e9 de 6,34% par rapport aux trois premiers mois de l&rsquo;exercice pass\u00e9, atteignant les 41.863 EPV.Le port d&rsquo;Alger a enregistr\u00e9, n\u00e9anmoins, une augmentation de 28% du nombre de conteneurs pleins \u00e0 l&rsquo;export, \u00ab\u00a0ce qui d\u00e9montre la rigueur dans la mise en oeuvre des mesures de facilitation aux exportateurs\u00a0\u00bb, selon le document.Le bilan a relev\u00e9 une hausse de la dur\u00e9e de d&rsquo;attente moyenne des navires en rade passant de 1,03 jour au 1er trimestre 2020 \u00e0 1,29 jour au 1er trimestre 2021.L&rsquo;Epal explique cette hausse par \u00ab\u00a0la combinaison des variations des attentes des diff\u00e9rents types de navires ayant touch\u00e9 le port d&rsquo;Alger\u00a0\u00bb. Il en est de m\u00eame pour le s\u00e9jour moyen \u00e0 quai qui a grimp\u00e9 au cours du 1er trimestre 2021 \u00e0 4,05 jour, contre 3,48 jour l&rsquo;ann\u00e9e d&rsquo;avant, justifi\u00e9 par la direction du port d&rsquo;Alger par les op\u00e9rations de d\u00e9sinfection obligatoires avant toute manoeuvre de d\u00e9chargement.Le bilan fait ressortir, en outre, l&rsquo;arr\u00eat complet du trafic des passagers et auto-passagers caus\u00e9 par la fermeture totale des fronti\u00e8res maritimes comme mesure pr\u00e9ventive contre la propagation de la pand\u00e9mie de Covid-19.<\/p>\n\n\n\n<p>R.E.<\/p>\n","protected":false},"excerpt":{"rendered":"<p>La pand\u00e9mie de coronavirus continue d\u2019impacter les diff\u00e9rentes activit\u00e9s \u00e9conomiques, notamment le transport maritime. L\u2019Alg\u00e9rie n\u2019\u00e9chappe pas \u00e0 la r\u00e8gle<\/p>\n","protected":false},"author":3,"featured_media":2387,"comment_status":"open","ping_status":"closed","sticky":false,"template":"","format":"standard","meta":{"colormag_page_container_layout":"default_layout","colormag_page_sidebar_layout":"default_layout","om_disable_all_campaigns":false,"_monsterinsights_skip_tracking":false,"_monsterinsights_sitenote_active":false,"_monsterinsights_sitenote_note":"","_monsterinsights_sitenote_category":0,"footnotes":"","_wpscppro_dont_share_socialmedia":false,"_wpscppro_custom_social_share_image":0,"_facebook_share_type":"","_twitter_share_type":"","_linkedin_share_type":"","_pinterest_share_type":"","_linkedin_share_type_page":"","_instagram_share_type":"","_medium_share_type":"","_threads_share_type":"","_google_business_share_type":"","_selected_social_profile":[],"_wpsp_enable_custom_social_template":false,"_wpsp_social_scheduling":{"enabled":false,"datetime":null,"platforms":[],"status":"template_only","dateOption":"today","timeOption":"now","customDays":"","customHours":"","customDate":"","customTime":"","schedulingType":"absolute"},"_wpsp_active_default_template":true},"categories":[29],"tags":[],"class_list":["post-2383","post","type-post","status-publish","format-standard","has-post-thumbnail","hentry","category-economie"],"aioseo_notices":[],"yoast_head":"<!-- This site is optimized with the Yoast SEO plugin v27.5 - https:\/\/yoast.com\/product\/yoast-seo-wordpress\/ -->\n<title>Port d&#039;Alger : Baisse du flux des navires au premier trimestre 2021 - La Sentinelle<\/title>\n<meta name=\"robots\" content=\"index, follow, max-snippet:-1, max-image-preview:large, max-video-preview:-1\" \/>\n<link rel=\"canonical\" href=\"https:\/\/lasentinelle.dz\/index.php\/2021\/07\/27\/port-dalger-baisse-du-flux-des-navires-au-premier-trimestre-2021\/\" \/>\n<meta property=\"og:locale\" content=\"fr_FR\" \/>\n<meta property=\"og:type\" content=\"article\" \/>\n<meta property=\"og:title\" content=\"Port d&#039;Alger : Baisse du flux des navires au premier trimestre 2021 - La Sentinelle\" \/>\n<meta property=\"og:description\" content=\"La pand\u00e9mie de coronavirus continue d\u2019impacter les diff\u00e9rentes activit\u00e9s \u00e9conomiques, notamment le transport maritime. L\u2019Alg\u00e9rie n\u2019\u00e9chappe pas \u00e0 la r\u00e8gle\" \/>\n<meta property=\"og:url\" content=\"https:\/\/lasentinelle.dz\/index.php\/2021\/07\/27\/port-dalger-baisse-du-flux-des-navires-au-premier-trimestre-2021\/\" \/>\n<meta property=\"og:site_name\" content=\"La Sentinelle\" \/>\n<meta property=\"article:publisher\" content=\"https:\/\/www.facebook.com\/La-Sentinelle-104059864394773\" \/>\n<meta property=\"article:published_time\" content=\"2021-07-26T23:01:00+00:00\" \/>\n<meta property=\"og:image\" content=\"https:\/\/lasentinelle.dz\/wp-content\/uploads\/2021\/07\/PORTSSS.png\" \/>\n\t<meta property=\"og:image:width\" content=\"1227\" \/>\n\t<meta property=\"og:image:height\" content=\"900\" \/>\n\t<meta property=\"og:image:type\" content=\"image\/png\" \/>\n<meta name=\"author\" content=\"La Sentinelle\" \/>\n<meta name=\"twitter:card\" content=\"summary_large_image\" \/>\n<meta name=\"twitter:label1\" content=\"\u00c9crit par\" \/>\n\t<meta name=\"twitter:data1\" content=\"La Sentinelle\" \/>\n\t<meta name=\"twitter:label2\" content=\"Dur\u00e9e de lecture estim\u00e9e\" \/>\n\t<meta name=\"twitter:data2\" content=\"3 minutes\" \/>\n<script type=\"application\/ld+json\" class=\"yoast-schema-graph\">{\"@context\":\"https:\\\/\\\/schema.org\",\"@graph\":[{\"@type\":\"Article\",\"@id\":\"https:\\\/\\\/lasentinelle.dz\\\/index.php\\\/2021\\\/07\\\/27\\\/port-dalger-baisse-du-flux-des-navires-au-premier-trimestre-2021\\\/#article\",\"isPartOf\":{\"@id\":\"https:\\\/\\\/lasentinelle.dz\\\/index.php\\\/2021\\\/07\\\/27\\\/port-dalger-baisse-du-flux-des-navires-au-premier-trimestre-2021\\\/\"},\"author\":{\"name\":\"La Sentinelle\",\"@id\":\"https:\\\/\\\/lasentinelle.dz\\\/#\\\/schema\\\/person\\\/d865044e22e70a75174ce8bcad3acfb3\"},\"headline\":\"Port d&rsquo;Alger : Baisse du flux des navires au premier trimestre 2021\",\"datePublished\":\"2021-07-26T23:01:00+00:00\",\"mainEntityOfPage\":{\"@id\":\"https:\\\/\\\/lasentinelle.dz\\\/index.php\\\/2021\\\/07\\\/27\\\/port-dalger-baisse-du-flux-des-navires-au-premier-trimestre-2021\\\/\"},\"wordCount\":592,\"commentCount\":0,\"publisher\":{\"@id\":\"https:\\\/\\\/lasentinelle.dz\\\/#organization\"},\"image\":{\"@id\":\"https:\\\/\\\/lasentinelle.dz\\\/index.php\\\/2021\\\/07\\\/27\\\/port-dalger-baisse-du-flux-des-navires-au-premier-trimestre-2021\\\/#primaryimage\"},\"thumbnailUrl\":\"https:\\\/\\\/lasentinelle.dz\\\/wp-content\\\/uploads\\\/2021\\\/07\\\/PORTSSS.png\",\"articleSection\":[\"\u00c9conomie\"],\"inLanguage\":\"fr-FR\",\"potentialAction\":[{\"@type\":\"CommentAction\",\"name\":\"Comment\",\"target\":[\"https:\\\/\\\/lasentinelle.dz\\\/index.php\\\/2021\\\/07\\\/27\\\/port-dalger-baisse-du-flux-des-navires-au-premier-trimestre-2021\\\/#respond\"]}]},{\"@type\":\"WebPage\",\"@id\":\"https:\\\/\\\/lasentinelle.dz\\\/index.php\\\/2021\\\/07\\\/27\\\/port-dalger-baisse-du-flux-des-navires-au-premier-trimestre-2021\\\/\",\"url\":\"https:\\\/\\\/lasentinelle.dz\\\/index.php\\\/2021\\\/07\\\/27\\\/port-dalger-baisse-du-flux-des-navires-au-premier-trimestre-2021\\\/\",\"name\":\"Port d'Alger : Baisse du flux des navires au premier trimestre 2021 - La Sentinelle\",\"isPartOf\":{\"@id\":\"https:\\\/\\\/lasentinelle.dz\\\/#website\"},\"primaryImageOfPage\":{\"@id\":\"https:\\\/\\\/lasentinelle.dz\\\/index.php\\\/2021\\\/07\\\/27\\\/port-dalger-baisse-du-flux-des-navires-au-premier-trimestre-2021\\\/#primaryimage\"},\"image\":{\"@id\":\"https:\\\/\\\/lasentinelle.dz\\\/index.php\\\/2021\\\/07\\\/27\\\/port-dalger-baisse-du-flux-des-navires-au-premier-trimestre-2021\\\/#primaryimage\"},\"thumbnailUrl\":\"https:\\\/\\\/lasentinelle.dz\\\/wp-content\\\/uploads\\\/2021\\\/07\\\/PORTSSS.png\",\"datePublished\":\"2021-07-26T23:01:00+00:00\",\"breadcrumb\":{\"@id\":\"https:\\\/\\\/lasentinelle.dz\\\/index.php\\\/2021\\\/07\\\/27\\\/port-dalger-baisse-du-flux-des-navires-au-premier-trimestre-2021\\\/#breadcrumb\"},\"inLanguage\":\"fr-FR\",\"potentialAction\":[{\"@type\":\"ReadAction\",\"target\":[\"https:\\\/\\\/lasentinelle.dz\\\/index.php\\\/2021\\\/07\\\/27\\\/port-dalger-baisse-du-flux-des-navires-au-premier-trimestre-2021\\\/\"]}]},{\"@type\":\"ImageObject\",\"inLanguage\":\"fr-FR\",\"@id\":\"https:\\\/\\\/lasentinelle.dz\\\/index.php\\\/2021\\\/07\\\/27\\\/port-dalger-baisse-du-flux-des-navires-au-premier-trimestre-2021\\\/#primaryimage\",\"url\":\"https:\\\/\\\/lasentinelle.dz\\\/wp-content\\\/uploads\\\/2021\\\/07\\\/PORTSSS.png\",\"contentUrl\":\"https:\\\/\\\/lasentinelle.dz\\\/wp-content\\\/uploads\\\/2021\\\/07\\\/PORTSSS.png\",\"width\":1227,\"height\":900},{\"@type\":\"BreadcrumbList\",\"@id\":\"https:\\\/\\\/lasentinelle.dz\\\/index.php\\\/2021\\\/07\\\/27\\\/port-dalger-baisse-du-flux-des-navires-au-premier-trimestre-2021\\\/#breadcrumb\",\"itemListElement\":[{\"@type\":\"ListItem\",\"position\":1,\"name\":\"Accueil\",\"item\":\"https:\\\/\\\/lasentinelle.dz\\\/\"},{\"@type\":\"ListItem\",\"position\":2,\"name\":\"Port d&rsquo;Alger : Baisse du flux des navires au premier trimestre 2021\"}]},{\"@type\":\"WebSite\",\"@id\":\"https:\\\/\\\/lasentinelle.dz\\\/#website\",\"url\":\"https:\\\/\\\/lasentinelle.dz\\\/\",\"name\":\"La Sentinelle\",\"description\":\"Quotidien national d&#039;information\",\"publisher\":{\"@id\":\"https:\\\/\\\/lasentinelle.dz\\\/#organization\"},\"potentialAction\":[{\"@type\":\"SearchAction\",\"target\":{\"@type\":\"EntryPoint\",\"urlTemplate\":\"https:\\\/\\\/lasentinelle.dz\\\/?s={search_term_string}\"},\"query-input\":{\"@type\":\"PropertyValueSpecification\",\"valueRequired\":true,\"valueName\":\"search_term_string\"}}],\"inLanguage\":\"fr-FR\"},{\"@type\":\"Organization\",\"@id\":\"https:\\\/\\\/lasentinelle.dz\\\/#organization\",\"name\":\"Quotidien La Sentinelle\",\"url\":\"https:\\\/\\\/lasentinelle.dz\\\/\",\"logo\":{\"@type\":\"ImageObject\",\"inLanguage\":\"fr-FR\",\"@id\":\"https:\\\/\\\/lasentinelle.dz\\\/#\\\/schema\\\/logo\\\/image\\\/\",\"url\":\"https:\\\/\\\/lasentinelle.dz\\\/wp-content\\\/uploads\\\/2021\\\/09\\\/logo-sentinelleSLOGAN-1.png\",\"contentUrl\":\"https:\\\/\\\/lasentinelle.dz\\\/wp-content\\\/uploads\\\/2021\\\/09\\\/logo-sentinelleSLOGAN-1.png\",\"width\":615,\"height\":142,\"caption\":\"Quotidien La Sentinelle\"},\"image\":{\"@id\":\"https:\\\/\\\/lasentinelle.dz\\\/#\\\/schema\\\/logo\\\/image\\\/\"},\"sameAs\":[\"https:\\\/\\\/www.facebook.com\\\/La-Sentinelle-104059864394773\"]},{\"@type\":\"Person\",\"@id\":\"https:\\\/\\\/lasentinelle.dz\\\/#\\\/schema\\\/person\\\/d865044e22e70a75174ce8bcad3acfb3\",\"name\":\"La Sentinelle\",\"image\":{\"@type\":\"ImageObject\",\"inLanguage\":\"fr-FR\",\"@id\":\"https:\\\/\\\/secure.gravatar.com\\\/avatar\\\/57de8e5d4b15d43fb361a71fbb36338450fe67865b528a43dd10ef7c51a20392?s=96&d=mm&r=g\",\"url\":\"https:\\\/\\\/secure.gravatar.com\\\/avatar\\\/57de8e5d4b15d43fb361a71fbb36338450fe67865b528a43dd10ef7c51a20392?s=96&d=mm&r=g\",\"contentUrl\":\"https:\\\/\\\/secure.gravatar.com\\\/avatar\\\/57de8e5d4b15d43fb361a71fbb36338450fe67865b528a43dd10ef7c51a20392?s=96&d=mm&r=g\",\"caption\":\"La Sentinelle\"},\"sameAs\":[\"http:\\\/\\\/www.lasentinelle.dz\"],\"url\":\"https:\\\/\\\/lasentinelle.dz\\\/author\\\/redaction\\\/\"}]}<\/script>\n<!-- \/ Yoast SEO plugin. -->","yoast_head_json":{"title":"Port d'Alger : Baisse du flux des navires au premier trimestre 2021 - La Sentinelle","robots":{"index":"index","follow":"follow","max-snippet":"max-snippet:-1","max-image-preview":"max-image-preview:large","max-video-preview":"max-video-preview:-1"},"canonical":"https:\/\/lasentinelle.dz\/index.php\/2021\/07\/27\/port-dalger-baisse-du-flux-des-navires-au-premier-trimestre-2021\/","og_locale":"fr_FR","og_type":"article","og_title":"Port d'Alger : Baisse du flux des navires au premier trimestre 2021 - La Sentinelle","og_description":"La pand\u00e9mie de coronavirus continue d\u2019impacter les diff\u00e9rentes activit\u00e9s \u00e9conomiques, notamment le transport maritime. L\u2019Alg\u00e9rie n\u2019\u00e9chappe pas \u00e0 la r\u00e8gle","og_url":"https:\/\/lasentinelle.dz\/index.php\/2021\/07\/27\/port-dalger-baisse-du-flux-des-navires-au-premier-trimestre-2021\/","og_site_name":"La Sentinelle","article_publisher":"https:\/\/www.facebook.com\/La-Sentinelle-104059864394773","article_published_time":"2021-07-26T23:01:00+00:00","og_image":[{"width":1227,"height":900,"url":"https:\/\/lasentinelle.dz\/wp-content\/uploads\/2021\/07\/PORTSSS.png","type":"image\/png"}],"author":"La Sentinelle","twitter_card":"summary_large_image","twitter_misc":{"\u00c9crit par":"La Sentinelle","Dur\u00e9e de lecture estim\u00e9e":"3 minutes"},"schema":{"@context":"https:\/\/schema.org","@graph":[{"@type":"Article","@id":"https:\/\/lasentinelle.dz\/index.php\/2021\/07\/27\/port-dalger-baisse-du-flux-des-navires-au-premier-trimestre-2021\/#article","isPartOf":{"@id":"https:\/\/lasentinelle.dz\/index.php\/2021\/07\/27\/port-dalger-baisse-du-flux-des-navires-au-premier-trimestre-2021\/"},"author":{"name":"La Sentinelle","@id":"https:\/\/lasentinelle.dz\/#\/schema\/person\/d865044e22e70a75174ce8bcad3acfb3"},"headline":"Port d&rsquo;Alger : Baisse du flux des navires au premier trimestre 2021","datePublished":"2021-07-26T23:01:00+00:00","mainEntityOfPage":{"@id":"https:\/\/lasentinelle.dz\/index.php\/2021\/07\/27\/port-dalger-baisse-du-flux-des-navires-au-premier-trimestre-2021\/"},"wordCount":592,"commentCount":0,"publisher":{"@id":"https:\/\/lasentinelle.dz\/#organization"},"image":{"@id":"https:\/\/lasentinelle.dz\/index.php\/2021\/07\/27\/port-dalger-baisse-du-flux-des-navires-au-premier-trimestre-2021\/#primaryimage"},"thumbnailUrl":"https:\/\/lasentinelle.dz\/wp-content\/uploads\/2021\/07\/PORTSSS.png","articleSection":["\u00c9conomie"],"inLanguage":"fr-FR","potentialAction":[{"@type":"CommentAction","name":"Comment","target":["https:\/\/lasentinelle.dz\/index.php\/2021\/07\/27\/port-dalger-baisse-du-flux-des-navires-au-premier-trimestre-2021\/#respond"]}]},{"@type":"WebPage","@id":"https:\/\/lasentinelle.dz\/index.php\/2021\/07\/27\/port-dalger-baisse-du-flux-des-navires-au-premier-trimestre-2021\/","url":"https:\/\/lasentinelle.dz\/index.php\/2021\/07\/27\/port-dalger-baisse-du-flux-des-navires-au-premier-trimestre-2021\/","name":"Port d'Alger : Baisse du flux des navires au premier trimestre 2021 - La Sentinelle","isPartOf":{"@id":"https:\/\/lasentinelle.dz\/#website"},"primaryImageOfPage":{"@id":"https:\/\/lasentinelle.dz\/index.php\/2021\/07\/27\/port-dalger-baisse-du-flux-des-navires-au-premier-trimestre-2021\/#primaryimage"},"image":{"@id":"https:\/\/lasentinelle.dz\/index.php\/2021\/07\/27\/port-dalger-baisse-du-flux-des-navires-au-premier-trimestre-2021\/#primaryimage"},"thumbnailUrl":"https:\/\/lasentinelle.dz\/wp-content\/uploads\/2021\/07\/PORTSSS.png","datePublished":"2021-07-26T23:01:00+00:00","breadcrumb":{"@id":"https:\/\/lasentinelle.dz\/index.php\/2021\/07\/27\/port-dalger-baisse-du-flux-des-navires-au-premier-trimestre-2021\/#breadcrumb"},"inLanguage":"fr-FR","potentialAction":[{"@type":"ReadAction","target":["https:\/\/lasentinelle.dz\/index.php\/2021\/07\/27\/port-dalger-baisse-du-flux-des-navires-au-premier-trimestre-2021\/"]}]},{"@type":"ImageObject","inLanguage":"fr-FR","@id":"https:\/\/lasentinelle.dz\/index.php\/2021\/07\/27\/port-dalger-baisse-du-flux-des-navires-au-premier-trimestre-2021\/#primaryimage","url":"https:\/\/lasentinelle.dz\/wp-content\/uploads\/2021\/07\/PORTSSS.png","contentUrl":"https:\/\/lasentinelle.dz\/wp-content\/uploads\/2021\/07\/PORTSSS.png","width":1227,"height":900},{"@type":"BreadcrumbList","@id":"https:\/\/lasentinelle.dz\/index.php\/2021\/07\/27\/port-dalger-baisse-du-flux-des-navires-au-premier-trimestre-2021\/#breadcrumb","itemListElement":[{"@type":"ListItem","position":1,"name":"Accueil","item":"https:\/\/lasentinelle.dz\/"},{"@type":"ListItem","position":2,"name":"Port d&rsquo;Alger : Baisse du flux des navires au premier trimestre 2021"}]},{"@type":"WebSite","@id":"https:\/\/lasentinelle.dz\/#website","url":"https:\/\/lasentinelle.dz\/","name":"La Sentinelle","description":"Quotidien national d&#039;information","publisher":{"@id":"https:\/\/lasentinelle.dz\/#organization"},"potentialAction":[{"@type":"SearchAction","target":{"@type":"EntryPoint","urlTemplate":"https:\/\/lasentinelle.dz\/?s={search_term_string}"},"query-input":{"@type":"PropertyValueSpecification","valueRequired":true,"valueName":"search_term_string"}}],"inLanguage":"fr-FR"},{"@type":"Organization","@id":"https:\/\/lasentinelle.dz\/#organization","name":"Quotidien La Sentinelle","url":"https:\/\/lasentinelle.dz\/","logo":{"@type":"ImageObject","inLanguage":"fr-FR","@id":"https:\/\/lasentinelle.dz\/#\/schema\/logo\/image\/","url":"https:\/\/lasentinelle.dz\/wp-content\/uploads\/2021\/09\/logo-sentinelleSLOGAN-1.png","contentUrl":"https:\/\/lasentinelle.dz\/wp-content\/uploads\/2021\/09\/logo-sentinelleSLOGAN-1.png","width":615,"height":142,"caption":"Quotidien La Sentinelle"},"image":{"@id":"https:\/\/lasentinelle.dz\/#\/schema\/logo\/image\/"},"sameAs":["https:\/\/www.facebook.com\/La-Sentinelle-104059864394773"]},{"@type":"Person","@id":"https:\/\/lasentinelle.dz\/#\/schema\/person\/d865044e22e70a75174ce8bcad3acfb3","name":"La Sentinelle","image":{"@type":"ImageObject","inLanguage":"fr-FR","@id":"https:\/\/secure.gravatar.com\/avatar\/57de8e5d4b15d43fb361a71fbb36338450fe67865b528a43dd10ef7c51a20392?s=96&d=mm&r=g","url":"https:\/\/secure.gravatar.com\/avatar\/57de8e5d4b15d43fb361a71fbb36338450fe67865b528a43dd10ef7c51a20392?s=96&d=mm&r=g","contentUrl":"https:\/\/secure.gravatar.com\/avatar\/57de8e5d4b15d43fb361a71fbb36338450fe67865b528a43dd10ef7c51a20392?s=96&d=mm&r=g","caption":"La Sentinelle"},"sameAs":["http:\/\/www.lasentinelle.dz"],"url":"https:\/\/lasentinelle.dz\/author\/redaction\/"}]}},"_links":{"self":[{"href":"https:\/\/lasentinelle.dz\/index.php\/wp-json\/wp\/v2\/posts\/2383","targetHints":{"allow":["GET"]}}],"collection":[{"href":"https:\/\/lasentinelle.dz\/index.php\/wp-json\/wp\/v2\/posts"}],"about":[{"href":"https:\/\/lasentinelle.dz\/index.php\/wp-json\/wp\/v2\/types\/post"}],"author":[{"embeddable":true,"href":"https:\/\/lasentinelle.dz\/index.php\/wp-json\/wp\/v2\/users\/3"}],"replies":[{"embeddable":true,"href":"https:\/\/lasentinelle.dz\/index.php\/wp-json\/wp\/v2\/comments?post=2383"}],"version-history":[{"count":1,"href":"https:\/\/lasentinelle.dz\/index.php\/wp-json\/wp\/v2\/posts\/2383\/revisions"}],"predecessor-version":[{"id":2392,"href":"https:\/\/lasentinelle.dz\/index.php\/wp-json\/wp\/v2\/posts\/2383\/revisions\/2392"}],"wp:featuredmedia":[{"embeddable":true,"href":"https:\/\/lasentinelle.dz\/index.php\/wp-json\/wp\/v2\/media\/2387"}],"wp:attachment":[{"href":"https:\/\/lasentinelle.dz\/index.php\/wp-json\/wp\/v2\/media?parent=2383"}],"wp:term":[{"taxonomy":"category","embeddable":true,"href":"https:\/\/lasentinelle.dz\/index.php\/wp-json\/wp\/v2\/categories?post=2383"},{"taxonomy":"post_tag","embeddable":true,"href":"https:\/\/lasentinelle.dz\/index.php\/wp-json\/wp\/v2\/tags?post=2383"}],"curies":[{"name":"wp","href":"https:\/\/api.w.org\/{rel}","templated":true}]}}