{"id":23834,"date":"2022-07-11T00:01:00","date_gmt":"2022-07-10T23:01:00","guid":{"rendered":"https:\/\/lasentinelle.dz\/?p=23834"},"modified":"2022-07-10T17:09:50","modified_gmt":"2022-07-10T16:09:50","slug":"tebessa-150-ha-de-couvert-vegetal-ravages-par-le-feu","status":"publish","type":"post","link":"https:\/\/lasentinelle.dz\/index.php\/2022\/07\/11\/tebessa-150-ha-de-couvert-vegetal-ravages-par-le-feu\/","title":{"rendered":"T\u00e9bessa\u00a0:\u00a0150 ha de couvert v\u00e9g\u00e9tal ravag\u00e9s par le\u00a0feu"},"content":{"rendered":"\n<p>Les deux incendies qui se sont d\u00e9clar\u00e9s dans la for\u00eat de Djebel El Haoud dans la commune de Morsott (wilaya de T\u00e9bessa) ont ravag\u00e9 pas moins de 150 hectares de couvert v\u00e9g\u00e9tal, a indiqu\u00e9 samedi un communiqu\u00e9 de la cellule de communication de la Direction locale de la Protection civile.<\/p>\n\n\n\n<p>Les flammes ont ainsi d\u00e9truit 90 ha de pins d\u2019Alep et 60 ha de maquis et de broussailles, selon le communiqu\u00e9, qui a pr\u00e9cis\u00e9 que tous les foyers ont \u00e9t\u00e9 \u00e9teints et une surveillance s\u00e9curitaire est assur\u00e9e pour emp\u00eacher la reprise du feu.&nbsp;Le premier incendie s\u2019est d\u00e9clar\u00e9 la nuit de dimanche \u00e0 lundi et a n\u00e9cessit\u00e9 l\u2019intervention de l\u2019unit\u00e9 secondaire de Morsott, l\u2019unit\u00e9 principale de T\u00e9bessa et la colonne mobile, assist\u00e9es par les services des for\u00eats et en pr\u00e9sence des services de la Gendarmerie nationale, rappelle-t-on.<\/p>\n\n\n\n<p>Sept camions anti-incendie de divers volumes, un autocar, deux v\u00e9hicules de liaison et pas moins de 48 sapeurs-pompiers de graves divers ont \u00e9t\u00e9 mobilis\u00e9s, selon le document.&nbsp;L\u2019incendie a repris au m\u00eame lieu dans la nuit de lundi \u00e0 mardi et a n\u00e9cessit\u00e9 pour sa circonscription l\u2019intervention de toutes les unit\u00e9s de la Protection civile de la wilaya et les colonnes mobiles de lutte contre les feux de for\u00eats des wilayas de T\u00e9bessa, Souk Ahras et Oum El Bouaghi, en plus des services des for\u00eats en pr\u00e9sence des services de la Gendarmerie et des \u00e9l\u00e9ments de l\u2019Arm\u00e9e nationale populaire.&nbsp;Aussi, 30 camions anti-incendie, 4 autocars, 8 v\u00e9hicules de liaison et plus de 150 agents de la protection civile. Deux h\u00e9licopt\u00e8res de l\u2019unit\u00e9 a\u00e9rienne de la direction g\u00e9n\u00e9rale de la protection civile sont \u00e9galement intervenus pour appuyer les efforts d\u2019intervention ayant aussi mobilis\u00e9 des citoyens b\u00e9n\u00e9voles et des militants associatifs pour combattre les flammes dont l\u2019aire s\u2019est \u00e9tendue vers la for\u00eat du Djebel Azouza dans la commune d\u2019Ain Zerga.&nbsp;Selon la m\u00eame source, tous les foyers ont \u00e9t\u00e9 refroidis et les deux incendies ont \u00e9t\u00e9 \u00e9teints dans la for\u00eat de Djebel El Haoud avec le maintien d\u2019une surveillance s\u00e9curitaire sur site.<\/p>\n\n\n\n<p>APS<\/p>\n","protected":false},"excerpt":{"rendered":"<p>Les deux incendies qui se sont d\u00e9clar\u00e9s dans la for\u00eat de Djebel El Haoud dans la commune de Morsott (wilaya<\/p>\n","protected":false},"author":3,"featured_media":23837,"comment_status":"open","ping_status":"closed","sticky":false,"template":"","format":"standard","meta":{"colormag_page_container_layout":"default_layout","colormag_page_sidebar_layout":"default_layout","om_disable_all_campaigns":false,"_monsterinsights_skip_tracking":false,"_monsterinsights_sitenote_active":false,"_monsterinsights_sitenote_note":"","_monsterinsights_sitenote_category":0,"footnotes":"","_wpscppro_dont_share_socialmedia":false,"_wpscppro_custom_social_share_image":0,"_facebook_share_type":"","_twitter_share_type":"","_linkedin_share_type":"","_pinterest_share_type":"","_linkedin_share_type_page":"","_instagram_share_type":"","_medium_share_type":"","_threads_share_type":"","_google_business_share_type":"","_selected_social_profile":[],"_wpsp_enable_custom_social_template":false,"_wpsp_social_scheduling":{"enabled":false,"datetime":null,"platforms":[],"status":"template_only","dateOption":"today","timeOption":"now","customDays":"","customHours":"","customDate":"","customTime":"","schedulingType":"absolute"},"_wpsp_active_default_template":true},"categories":[31],"tags":[],"class_list":["post-23834","post","type-post","status-publish","format-standard","has-post-thumbnail","hentry","category-regions"],"aioseo_notices":[],"yoast_head":"<!-- This site is optimized with the Yoast SEO plugin v27.4 - https:\/\/yoast.com\/product\/yoast-seo-wordpress\/ -->\n<title>T\u00e9bessa\u00a0:\u00a0150 ha de couvert v\u00e9g\u00e9tal ravag\u00e9s par le\u00a0feu - La Sentinelle<\/title>\n<meta name=\"robots\" content=\"index, follow, max-snippet:-1, max-image-preview:large, max-video-preview:-1\" \/>\n<link rel=\"canonical\" href=\"https:\/\/lasentinelle.dz\/index.php\/2022\/07\/11\/tebessa-150-ha-de-couvert-vegetal-ravages-par-le-feu\/\" \/>\n<meta property=\"og:locale\" content=\"fr_FR\" \/>\n<meta property=\"og:type\" content=\"article\" \/>\n<meta property=\"og:title\" content=\"T\u00e9bessa\u00a0:\u00a0150 ha de couvert v\u00e9g\u00e9tal ravag\u00e9s par le\u00a0feu - La Sentinelle\" \/>\n<meta property=\"og:description\" content=\"Les deux incendies qui se sont d\u00e9clar\u00e9s dans la for\u00eat de Djebel El Haoud dans la commune de Morsott (wilaya\" \/>\n<meta property=\"og:url\" content=\"https:\/\/lasentinelle.dz\/index.php\/2022\/07\/11\/tebessa-150-ha-de-couvert-vegetal-ravages-par-le-feu\/\" \/>\n<meta property=\"og:site_name\" content=\"La Sentinelle\" \/>\n<meta property=\"article:publisher\" content=\"https:\/\/www.facebook.com\/La-Sentinelle-104059864394773\" \/>\n<meta property=\"article:published_time\" content=\"2022-07-10T23:01:00+00:00\" \/>\n<meta property=\"og:image\" content=\"https:\/\/lasentinelle.dz\/wp-content\/uploads\/2022\/07\/tebessa5.png\" \/>\n\t<meta property=\"og:image:width\" content=\"1491\" \/>\n\t<meta property=\"og:image:height\" content=\"900\" \/>\n\t<meta property=\"og:image:type\" content=\"image\/png\" \/>\n<meta name=\"author\" content=\"La Sentinelle\" \/>\n<meta name=\"twitter:card\" content=\"summary_large_image\" \/>\n<meta name=\"twitter:label1\" content=\"\u00c9crit par\" \/>\n\t<meta name=\"twitter:data1\" content=\"La Sentinelle\" \/>\n\t<meta name=\"twitter:label2\" content=\"Dur\u00e9e de lecture estim\u00e9e\" \/>\n\t<meta name=\"twitter:data2\" content=\"2 minutes\" \/>\n<script type=\"application\/ld+json\" class=\"yoast-schema-graph\">{\"@context\":\"https:\\\/\\\/schema.org\",\"@graph\":[{\"@type\":\"Article\",\"@id\":\"https:\\\/\\\/lasentinelle.dz\\\/index.php\\\/2022\\\/07\\\/11\\\/tebessa-150-ha-de-couvert-vegetal-ravages-par-le-feu\\\/#article\",\"isPartOf\":{\"@id\":\"https:\\\/\\\/lasentinelle.dz\\\/index.php\\\/2022\\\/07\\\/11\\\/tebessa-150-ha-de-couvert-vegetal-ravages-par-le-feu\\\/\"},\"author\":{\"name\":\"La Sentinelle\",\"@id\":\"https:\\\/\\\/lasentinelle.dz\\\/#\\\/schema\\\/person\\\/d865044e22e70a75174ce8bcad3acfb3\"},\"headline\":\"T\u00e9bessa\u00a0:\u00a0150 ha de couvert v\u00e9g\u00e9tal ravag\u00e9s par le\u00a0feu\",\"datePublished\":\"2022-07-10T23:01:00+00:00\",\"mainEntityOfPage\":{\"@id\":\"https:\\\/\\\/lasentinelle.dz\\\/index.php\\\/2022\\\/07\\\/11\\\/tebessa-150-ha-de-couvert-vegetal-ravages-par-le-feu\\\/\"},\"wordCount\":399,\"commentCount\":0,\"publisher\":{\"@id\":\"https:\\\/\\\/lasentinelle.dz\\\/#organization\"},\"image\":{\"@id\":\"https:\\\/\\\/lasentinelle.dz\\\/index.php\\\/2022\\\/07\\\/11\\\/tebessa-150-ha-de-couvert-vegetal-ravages-par-le-feu\\\/#primaryimage\"},\"thumbnailUrl\":\"https:\\\/\\\/lasentinelle.dz\\\/wp-content\\\/uploads\\\/2022\\\/07\\\/tebessa5.png\",\"articleSection\":[\"R\u00e9gions\"],\"inLanguage\":\"fr-FR\",\"potentialAction\":[{\"@type\":\"CommentAction\",\"name\":\"Comment\",\"target\":[\"https:\\\/\\\/lasentinelle.dz\\\/index.php\\\/2022\\\/07\\\/11\\\/tebessa-150-ha-de-couvert-vegetal-ravages-par-le-feu\\\/#respond\"]}]},{\"@type\":\"WebPage\",\"@id\":\"https:\\\/\\\/lasentinelle.dz\\\/index.php\\\/2022\\\/07\\\/11\\\/tebessa-150-ha-de-couvert-vegetal-ravages-par-le-feu\\\/\",\"url\":\"https:\\\/\\\/lasentinelle.dz\\\/index.php\\\/2022\\\/07\\\/11\\\/tebessa-150-ha-de-couvert-vegetal-ravages-par-le-feu\\\/\",\"name\":\"T\u00e9bessa\u00a0:\u00a0150 ha de couvert v\u00e9g\u00e9tal ravag\u00e9s par le\u00a0feu - La Sentinelle\",\"isPartOf\":{\"@id\":\"https:\\\/\\\/lasentinelle.dz\\\/#website\"},\"primaryImageOfPage\":{\"@id\":\"https:\\\/\\\/lasentinelle.dz\\\/index.php\\\/2022\\\/07\\\/11\\\/tebessa-150-ha-de-couvert-vegetal-ravages-par-le-feu\\\/#primaryimage\"},\"image\":{\"@id\":\"https:\\\/\\\/lasentinelle.dz\\\/index.php\\\/2022\\\/07\\\/11\\\/tebessa-150-ha-de-couvert-vegetal-ravages-par-le-feu\\\/#primaryimage\"},\"thumbnailUrl\":\"https:\\\/\\\/lasentinelle.dz\\\/wp-content\\\/uploads\\\/2022\\\/07\\\/tebessa5.png\",\"datePublished\":\"2022-07-10T23:01:00+00:00\",\"breadcrumb\":{\"@id\":\"https:\\\/\\\/lasentinelle.dz\\\/index.php\\\/2022\\\/07\\\/11\\\/tebessa-150-ha-de-couvert-vegetal-ravages-par-le-feu\\\/#breadcrumb\"},\"inLanguage\":\"fr-FR\",\"potentialAction\":[{\"@type\":\"ReadAction\",\"target\":[\"https:\\\/\\\/lasentinelle.dz\\\/index.php\\\/2022\\\/07\\\/11\\\/tebessa-150-ha-de-couvert-vegetal-ravages-par-le-feu\\\/\"]}]},{\"@type\":\"ImageObject\",\"inLanguage\":\"fr-FR\",\"@id\":\"https:\\\/\\\/lasentinelle.dz\\\/index.php\\\/2022\\\/07\\\/11\\\/tebessa-150-ha-de-couvert-vegetal-ravages-par-le-feu\\\/#primaryimage\",\"url\":\"https:\\\/\\\/lasentinelle.dz\\\/wp-content\\\/uploads\\\/2022\\\/07\\\/tebessa5.png\",\"contentUrl\":\"https:\\\/\\\/lasentinelle.dz\\\/wp-content\\\/uploads\\\/2022\\\/07\\\/tebessa5.png\",\"width\":1491,\"height\":900},{\"@type\":\"BreadcrumbList\",\"@id\":\"https:\\\/\\\/lasentinelle.dz\\\/index.php\\\/2022\\\/07\\\/11\\\/tebessa-150-ha-de-couvert-vegetal-ravages-par-le-feu\\\/#breadcrumb\",\"itemListElement\":[{\"@type\":\"ListItem\",\"position\":1,\"name\":\"Accueil\",\"item\":\"https:\\\/\\\/lasentinelle.dz\\\/\"},{\"@type\":\"ListItem\",\"position\":2,\"name\":\"T\u00e9bessa\u00a0:\u00a0150 ha de couvert v\u00e9g\u00e9tal ravag\u00e9s par le\u00a0feu\"}]},{\"@type\":\"WebSite\",\"@id\":\"https:\\\/\\\/lasentinelle.dz\\\/#website\",\"url\":\"https:\\\/\\\/lasentinelle.dz\\\/\",\"name\":\"La Sentinelle\",\"description\":\"Quotidien national d&#039;information\",\"publisher\":{\"@id\":\"https:\\\/\\\/lasentinelle.dz\\\/#organization\"},\"potentialAction\":[{\"@type\":\"SearchAction\",\"target\":{\"@type\":\"EntryPoint\",\"urlTemplate\":\"https:\\\/\\\/lasentinelle.dz\\\/?s={search_term_string}\"},\"query-input\":{\"@type\":\"PropertyValueSpecification\",\"valueRequired\":true,\"valueName\":\"search_term_string\"}}],\"inLanguage\":\"fr-FR\"},{\"@type\":\"Organization\",\"@id\":\"https:\\\/\\\/lasentinelle.dz\\\/#organization\",\"name\":\"Quotidien La Sentinelle\",\"url\":\"https:\\\/\\\/lasentinelle.dz\\\/\",\"logo\":{\"@type\":\"ImageObject\",\"inLanguage\":\"fr-FR\",\"@id\":\"https:\\\/\\\/lasentinelle.dz\\\/#\\\/schema\\\/logo\\\/image\\\/\",\"url\":\"https:\\\/\\\/lasentinelle.dz\\\/wp-content\\\/uploads\\\/2021\\\/09\\\/logo-sentinelleSLOGAN-1.png\",\"contentUrl\":\"https:\\\/\\\/lasentinelle.dz\\\/wp-content\\\/uploads\\\/2021\\\/09\\\/logo-sentinelleSLOGAN-1.png\",\"width\":615,\"height\":142,\"caption\":\"Quotidien La Sentinelle\"},\"image\":{\"@id\":\"https:\\\/\\\/lasentinelle.dz\\\/#\\\/schema\\\/logo\\\/image\\\/\"},\"sameAs\":[\"https:\\\/\\\/www.facebook.com\\\/La-Sentinelle-104059864394773\"]},{\"@type\":\"Person\",\"@id\":\"https:\\\/\\\/lasentinelle.dz\\\/#\\\/schema\\\/person\\\/d865044e22e70a75174ce8bcad3acfb3\",\"name\":\"La Sentinelle\",\"image\":{\"@type\":\"ImageObject\",\"inLanguage\":\"fr-FR\",\"@id\":\"https:\\\/\\\/secure.gravatar.com\\\/avatar\\\/57de8e5d4b15d43fb361a71fbb36338450fe67865b528a43dd10ef7c51a20392?s=96&d=mm&r=g\",\"url\":\"https:\\\/\\\/secure.gravatar.com\\\/avatar\\\/57de8e5d4b15d43fb361a71fbb36338450fe67865b528a43dd10ef7c51a20392?s=96&d=mm&r=g\",\"contentUrl\":\"https:\\\/\\\/secure.gravatar.com\\\/avatar\\\/57de8e5d4b15d43fb361a71fbb36338450fe67865b528a43dd10ef7c51a20392?s=96&d=mm&r=g\",\"caption\":\"La Sentinelle\"},\"sameAs\":[\"http:\\\/\\\/www.lasentinelle.dz\"],\"url\":\"https:\\\/\\\/lasentinelle.dz\\\/author\\\/redaction\\\/\"}]}<\/script>\n<!-- \/ Yoast SEO plugin. -->","yoast_head_json":{"title":"T\u00e9bessa\u00a0:\u00a0150 ha de couvert v\u00e9g\u00e9tal ravag\u00e9s par le\u00a0feu - La Sentinelle","robots":{"index":"index","follow":"follow","max-snippet":"max-snippet:-1","max-image-preview":"max-image-preview:large","max-video-preview":"max-video-preview:-1"},"canonical":"https:\/\/lasentinelle.dz\/index.php\/2022\/07\/11\/tebessa-150-ha-de-couvert-vegetal-ravages-par-le-feu\/","og_locale":"fr_FR","og_type":"article","og_title":"T\u00e9bessa\u00a0:\u00a0150 ha de couvert v\u00e9g\u00e9tal ravag\u00e9s par le\u00a0feu - La Sentinelle","og_description":"Les deux incendies qui se sont d\u00e9clar\u00e9s dans la for\u00eat de Djebel El Haoud dans la commune de Morsott (wilaya","og_url":"https:\/\/lasentinelle.dz\/index.php\/2022\/07\/11\/tebessa-150-ha-de-couvert-vegetal-ravages-par-le-feu\/","og_site_name":"La Sentinelle","article_publisher":"https:\/\/www.facebook.com\/La-Sentinelle-104059864394773","article_published_time":"2022-07-10T23:01:00+00:00","og_image":[{"width":1491,"height":900,"url":"https:\/\/lasentinelle.dz\/wp-content\/uploads\/2022\/07\/tebessa5.png","type":"image\/png"}],"author":"La Sentinelle","twitter_card":"summary_large_image","twitter_misc":{"\u00c9crit par":"La Sentinelle","Dur\u00e9e de lecture estim\u00e9e":"2 minutes"},"schema":{"@context":"https:\/\/schema.org","@graph":[{"@type":"Article","@id":"https:\/\/lasentinelle.dz\/index.php\/2022\/07\/11\/tebessa-150-ha-de-couvert-vegetal-ravages-par-le-feu\/#article","isPartOf":{"@id":"https:\/\/lasentinelle.dz\/index.php\/2022\/07\/11\/tebessa-150-ha-de-couvert-vegetal-ravages-par-le-feu\/"},"author":{"name":"La Sentinelle","@id":"https:\/\/lasentinelle.dz\/#\/schema\/person\/d865044e22e70a75174ce8bcad3acfb3"},"headline":"T\u00e9bessa\u00a0:\u00a0150 ha de couvert v\u00e9g\u00e9tal ravag\u00e9s par le\u00a0feu","datePublished":"2022-07-10T23:01:00+00:00","mainEntityOfPage":{"@id":"https:\/\/lasentinelle.dz\/index.php\/2022\/07\/11\/tebessa-150-ha-de-couvert-vegetal-ravages-par-le-feu\/"},"wordCount":399,"commentCount":0,"publisher":{"@id":"https:\/\/lasentinelle.dz\/#organization"},"image":{"@id":"https:\/\/lasentinelle.dz\/index.php\/2022\/07\/11\/tebessa-150-ha-de-couvert-vegetal-ravages-par-le-feu\/#primaryimage"},"thumbnailUrl":"https:\/\/lasentinelle.dz\/wp-content\/uploads\/2022\/07\/tebessa5.png","articleSection":["R\u00e9gions"],"inLanguage":"fr-FR","potentialAction":[{"@type":"CommentAction","name":"Comment","target":["https:\/\/lasentinelle.dz\/index.php\/2022\/07\/11\/tebessa-150-ha-de-couvert-vegetal-ravages-par-le-feu\/#respond"]}]},{"@type":"WebPage","@id":"https:\/\/lasentinelle.dz\/index.php\/2022\/07\/11\/tebessa-150-ha-de-couvert-vegetal-ravages-par-le-feu\/","url":"https:\/\/lasentinelle.dz\/index.php\/2022\/07\/11\/tebessa-150-ha-de-couvert-vegetal-ravages-par-le-feu\/","name":"T\u00e9bessa\u00a0:\u00a0150 ha de couvert v\u00e9g\u00e9tal ravag\u00e9s par le\u00a0feu - La Sentinelle","isPartOf":{"@id":"https:\/\/lasentinelle.dz\/#website"},"primaryImageOfPage":{"@id":"https:\/\/lasentinelle.dz\/index.php\/2022\/07\/11\/tebessa-150-ha-de-couvert-vegetal-ravages-par-le-feu\/#primaryimage"},"image":{"@id":"https:\/\/lasentinelle.dz\/index.php\/2022\/07\/11\/tebessa-150-ha-de-couvert-vegetal-ravages-par-le-feu\/#primaryimage"},"thumbnailUrl":"https:\/\/lasentinelle.dz\/wp-content\/uploads\/2022\/07\/tebessa5.png","datePublished":"2022-07-10T23:01:00+00:00","breadcrumb":{"@id":"https:\/\/lasentinelle.dz\/index.php\/2022\/07\/11\/tebessa-150-ha-de-couvert-vegetal-ravages-par-le-feu\/#breadcrumb"},"inLanguage":"fr-FR","potentialAction":[{"@type":"ReadAction","target":["https:\/\/lasentinelle.dz\/index.php\/2022\/07\/11\/tebessa-150-ha-de-couvert-vegetal-ravages-par-le-feu\/"]}]},{"@type":"ImageObject","inLanguage":"fr-FR","@id":"https:\/\/lasentinelle.dz\/index.php\/2022\/07\/11\/tebessa-150-ha-de-couvert-vegetal-ravages-par-le-feu\/#primaryimage","url":"https:\/\/lasentinelle.dz\/wp-content\/uploads\/2022\/07\/tebessa5.png","contentUrl":"https:\/\/lasentinelle.dz\/wp-content\/uploads\/2022\/07\/tebessa5.png","width":1491,"height":900},{"@type":"BreadcrumbList","@id":"https:\/\/lasentinelle.dz\/index.php\/2022\/07\/11\/tebessa-150-ha-de-couvert-vegetal-ravages-par-le-feu\/#breadcrumb","itemListElement":[{"@type":"ListItem","position":1,"name":"Accueil","item":"https:\/\/lasentinelle.dz\/"},{"@type":"ListItem","position":2,"name":"T\u00e9bessa\u00a0:\u00a0150 ha de couvert v\u00e9g\u00e9tal ravag\u00e9s par le\u00a0feu"}]},{"@type":"WebSite","@id":"https:\/\/lasentinelle.dz\/#website","url":"https:\/\/lasentinelle.dz\/","name":"La Sentinelle","description":"Quotidien national d&#039;information","publisher":{"@id":"https:\/\/lasentinelle.dz\/#organization"},"potentialAction":[{"@type":"SearchAction","target":{"@type":"EntryPoint","urlTemplate":"https:\/\/lasentinelle.dz\/?s={search_term_string}"},"query-input":{"@type":"PropertyValueSpecification","valueRequired":true,"valueName":"search_term_string"}}],"inLanguage":"fr-FR"},{"@type":"Organization","@id":"https:\/\/lasentinelle.dz\/#organization","name":"Quotidien La Sentinelle","url":"https:\/\/lasentinelle.dz\/","logo":{"@type":"ImageObject","inLanguage":"fr-FR","@id":"https:\/\/lasentinelle.dz\/#\/schema\/logo\/image\/","url":"https:\/\/lasentinelle.dz\/wp-content\/uploads\/2021\/09\/logo-sentinelleSLOGAN-1.png","contentUrl":"https:\/\/lasentinelle.dz\/wp-content\/uploads\/2021\/09\/logo-sentinelleSLOGAN-1.png","width":615,"height":142,"caption":"Quotidien La Sentinelle"},"image":{"@id":"https:\/\/lasentinelle.dz\/#\/schema\/logo\/image\/"},"sameAs":["https:\/\/www.facebook.com\/La-Sentinelle-104059864394773"]},{"@type":"Person","@id":"https:\/\/lasentinelle.dz\/#\/schema\/person\/d865044e22e70a75174ce8bcad3acfb3","name":"La Sentinelle","image":{"@type":"ImageObject","inLanguage":"fr-FR","@id":"https:\/\/secure.gravatar.com\/avatar\/57de8e5d4b15d43fb361a71fbb36338450fe67865b528a43dd10ef7c51a20392?s=96&d=mm&r=g","url":"https:\/\/secure.gravatar.com\/avatar\/57de8e5d4b15d43fb361a71fbb36338450fe67865b528a43dd10ef7c51a20392?s=96&d=mm&r=g","contentUrl":"https:\/\/secure.gravatar.com\/avatar\/57de8e5d4b15d43fb361a71fbb36338450fe67865b528a43dd10ef7c51a20392?s=96&d=mm&r=g","caption":"La Sentinelle"},"sameAs":["http:\/\/www.lasentinelle.dz"],"url":"https:\/\/lasentinelle.dz\/author\/redaction\/"}]}},"_links":{"self":[{"href":"https:\/\/lasentinelle.dz\/index.php\/wp-json\/wp\/v2\/posts\/23834","targetHints":{"allow":["GET"]}}],"collection":[{"href":"https:\/\/lasentinelle.dz\/index.php\/wp-json\/wp\/v2\/posts"}],"about":[{"href":"https:\/\/lasentinelle.dz\/index.php\/wp-json\/wp\/v2\/types\/post"}],"author":[{"embeddable":true,"href":"https:\/\/lasentinelle.dz\/index.php\/wp-json\/wp\/v2\/users\/3"}],"replies":[{"embeddable":true,"href":"https:\/\/lasentinelle.dz\/index.php\/wp-json\/wp\/v2\/comments?post=23834"}],"version-history":[{"count":1,"href":"https:\/\/lasentinelle.dz\/index.php\/wp-json\/wp\/v2\/posts\/23834\/revisions"}],"predecessor-version":[{"id":23838,"href":"https:\/\/lasentinelle.dz\/index.php\/wp-json\/wp\/v2\/posts\/23834\/revisions\/23838"}],"wp:featuredmedia":[{"embeddable":true,"href":"https:\/\/lasentinelle.dz\/index.php\/wp-json\/wp\/v2\/media\/23837"}],"wp:attachment":[{"href":"https:\/\/lasentinelle.dz\/index.php\/wp-json\/wp\/v2\/media?parent=23834"}],"wp:term":[{"taxonomy":"category","embeddable":true,"href":"https:\/\/lasentinelle.dz\/index.php\/wp-json\/wp\/v2\/categories?post=23834"},{"taxonomy":"post_tag","embeddable":true,"href":"https:\/\/lasentinelle.dz\/index.php\/wp-json\/wp\/v2\/tags?post=23834"}],"curies":[{"name":"wp","href":"https:\/\/api.w.org\/{rel}","templated":true}]}}