{"id":23847,"date":"2022-07-11T00:01:00","date_gmt":"2022-07-10T23:01:00","guid":{"rendered":"https:\/\/lasentinelle.dz\/?p=23847"},"modified":"2022-07-10T18:30:52","modified_gmt":"2022-07-10T17:30:52","slug":"commerce-respect-total-du-programme-des-permanences-au-2eme-jour-de-laid","status":"publish","type":"post","link":"https:\/\/lasentinelle.dz\/index.php\/2022\/07\/11\/commerce-respect-total-du-programme-des-permanences-au-2eme-jour-de-laid\/","title":{"rendered":"Commerce\u00a0:\u00a0Respect \u00ab\u00a0total\u00a0\u00bb du programme des permanences au 2\u00e8me jour de l\u2019A\u00efd"},"content":{"rendered":"\n<p>Le taux de suivi du programme des permanences&nbsp;par les commer\u00e7ants mobilis\u00e9s pour le second jour de la f\u00eate de l\u2019A\u00efd ElAdha a atteint 100 % dans&nbsp;les wilayas relevant de la Direction r\u00e9gionale du commerce et de promotion&nbsp;des exportations de la r\u00e9gion de Batna, a affirm\u00e9 dimanche le directeur&nbsp;r\u00e9gional, Mohamed Sardoune.&nbsp;La m\u00eame source a pr\u00e9cis\u00e9 que \u00ab\u00a0les commer\u00e7ants des sept wilayas de&nbsp;Constantine, Oum El Bouaghi, Batna, Biskra, T\u00e9bessa, Khenchela et Ouled&nbsp;Djellal ont respect\u00e9 la permanence et assurer une activit\u00e9 normale au&nbsp;deuxi\u00e8me jour de cette occasion religieuse sacr\u00e9e\u00a0\u00bb.&nbsp;M. Sardoune a ajout\u00e9 que \u00ab\u00a0la r\u00e9ponse \u00e0 la permanence au matin du premier&nbsp;jour de l\u2019A\u00efd a atteint dans la r\u00e9gion de Batna 95,53 % apr\u00e8s que la&nbsp;Direction r\u00e9gionale a relev\u00e9 dans la wilaya de Constantine un taux de 81 %&nbsp;de respect des permanences qui avait progress\u00e9 \u00e0 100 % dans l\u2019apr\u00e8s-midi\u00a0\u00bb.&nbsp;Il a \u00e9t\u00e9 constat\u00e9 durant les deux jours de l\u2019A\u00efd dans plusieurs villes de&nbsp;la wilaya de Batna, dont le chef-lieu de wilaya, une activit\u00e9 ordinaire&nbsp;d\u2019un grand nombre de commer\u00e7ants qui ont lev\u00e9 rideau bien que non concern\u00e9s&nbsp;par la permanence \u00e0 la grande satisfaction des citoyens.&nbsp;La majorit\u00e9 des boucheries des villes de la wilaya de Batna est rest\u00e9e&nbsp;ouverte durant les deux jours de la f\u00eate assurant aux citoyens la d\u00e9coupe&nbsp;de leurs moutons.&nbsp;La Direction r\u00e9gionale du commerce et de la promotion des exportations de&nbsp;la r\u00e9gion de Batna distingue annuellement les commer\u00e7ants et op\u00e9rateurs&nbsp;\u00e9conomiques qui respectent le programme des permanences durant les f\u00eates de&nbsp;l\u2019A\u00efd au cours de c\u00e9r\u00e9monies tenues \u00e0 cet effet.<\/p>\n\n\n\n<p>APS<\/p>\n","protected":false},"excerpt":{"rendered":"<p>Le taux de suivi du programme des permanences&nbsp;par les commer\u00e7ants mobilis\u00e9s pour le second jour de la f\u00eate de l\u2019A\u00efd<\/p>\n","protected":false},"author":3,"featured_media":23869,"comment_status":"open","ping_status":"closed","sticky":false,"template":"","format":"standard","meta":{"colormag_page_container_layout":"default_layout","colormag_page_sidebar_layout":"default_layout","om_disable_all_campaigns":false,"_monsterinsights_skip_tracking":false,"_monsterinsights_sitenote_active":false,"_monsterinsights_sitenote_note":"","_monsterinsights_sitenote_category":0,"footnotes":"","_wpscppro_dont_share_socialmedia":false,"_wpscppro_custom_social_share_image":0,"_facebook_share_type":"","_twitter_share_type":"","_linkedin_share_type":"","_pinterest_share_type":"","_linkedin_share_type_page":"","_instagram_share_type":"","_medium_share_type":"","_threads_share_type":"","_google_business_share_type":"","_selected_social_profile":[],"_wpsp_enable_custom_social_template":false,"_wpsp_social_scheduling":{"enabled":false,"datetime":null,"platforms":[],"status":"template_only","dateOption":"today","timeOption":"now","customDays":"","customHours":"","customDate":"","customTime":"","schedulingType":"absolute"},"_wpsp_active_default_template":true},"categories":[27],"tags":[],"class_list":["post-23847","post","type-post","status-publish","format-standard","has-post-thumbnail","hentry","category-actualite"],"aioseo_notices":[],"yoast_head":"<!-- This site is optimized with the Yoast SEO plugin v27.5 - https:\/\/yoast.com\/product\/yoast-seo-wordpress\/ -->\n<title>Commerce\u00a0:\u00a0Respect \u00ab\u00a0total\u00a0\u00bb du programme des permanences au 2\u00e8me jour de l\u2019A\u00efd - La Sentinelle<\/title>\n<meta name=\"robots\" content=\"index, follow, max-snippet:-1, max-image-preview:large, max-video-preview:-1\" \/>\n<link rel=\"canonical\" href=\"https:\/\/lasentinelle.dz\/index.php\/2022\/07\/11\/commerce-respect-total-du-programme-des-permanences-au-2eme-jour-de-laid\/\" \/>\n<meta property=\"og:locale\" content=\"fr_FR\" \/>\n<meta property=\"og:type\" content=\"article\" \/>\n<meta property=\"og:title\" content=\"Commerce\u00a0:\u00a0Respect \u00ab\u00a0total\u00a0\u00bb du programme des permanences au 2\u00e8me jour de l\u2019A\u00efd - La Sentinelle\" \/>\n<meta property=\"og:description\" content=\"Le taux de suivi du programme des permanences&nbsp;par les commer\u00e7ants mobilis\u00e9s pour le second jour de la f\u00eate de l\u2019A\u00efd\" \/>\n<meta property=\"og:url\" content=\"https:\/\/lasentinelle.dz\/index.php\/2022\/07\/11\/commerce-respect-total-du-programme-des-permanences-au-2eme-jour-de-laid\/\" \/>\n<meta property=\"og:site_name\" content=\"La Sentinelle\" \/>\n<meta property=\"article:publisher\" content=\"https:\/\/www.facebook.com\/La-Sentinelle-104059864394773\" \/>\n<meta property=\"article:published_time\" content=\"2022-07-10T23:01:00+00:00\" \/>\n<meta property=\"og:image\" content=\"https:\/\/lasentinelle.dz\/wp-content\/uploads\/2022\/07\/3.docx-image1-18.jpeg\" \/>\n\t<meta property=\"og:image:width\" content=\"700\" \/>\n\t<meta property=\"og:image:height\" content=\"500\" \/>\n\t<meta property=\"og:image:type\" content=\"image\/jpeg\" \/>\n<meta name=\"author\" content=\"La Sentinelle\" \/>\n<meta name=\"twitter:card\" content=\"summary_large_image\" \/>\n<meta name=\"twitter:label1\" content=\"\u00c9crit par\" \/>\n\t<meta name=\"twitter:data1\" content=\"La Sentinelle\" \/>\n\t<meta name=\"twitter:label2\" content=\"Dur\u00e9e de lecture estim\u00e9e\" \/>\n\t<meta name=\"twitter:data2\" content=\"2 minutes\" \/>\n<script type=\"application\/ld+json\" class=\"yoast-schema-graph\">{\"@context\":\"https:\\\/\\\/schema.org\",\"@graph\":[{\"@type\":\"Article\",\"@id\":\"https:\\\/\\\/lasentinelle.dz\\\/index.php\\\/2022\\\/07\\\/11\\\/commerce-respect-total-du-programme-des-permanences-au-2eme-jour-de-laid\\\/#article\",\"isPartOf\":{\"@id\":\"https:\\\/\\\/lasentinelle.dz\\\/index.php\\\/2022\\\/07\\\/11\\\/commerce-respect-total-du-programme-des-permanences-au-2eme-jour-de-laid\\\/\"},\"author\":{\"name\":\"La Sentinelle\",\"@id\":\"https:\\\/\\\/lasentinelle.dz\\\/#\\\/schema\\\/person\\\/d865044e22e70a75174ce8bcad3acfb3\"},\"headline\":\"Commerce\u00a0:\u00a0Respect \u00ab\u00a0total\u00a0\u00bb du programme des permanences au 2\u00e8me jour de l\u2019A\u00efd\",\"datePublished\":\"2022-07-10T23:01:00+00:00\",\"mainEntityOfPage\":{\"@id\":\"https:\\\/\\\/lasentinelle.dz\\\/index.php\\\/2022\\\/07\\\/11\\\/commerce-respect-total-du-programme-des-permanences-au-2eme-jour-de-laid\\\/\"},\"wordCount\":333,\"commentCount\":0,\"publisher\":{\"@id\":\"https:\\\/\\\/lasentinelle.dz\\\/#organization\"},\"image\":{\"@id\":\"https:\\\/\\\/lasentinelle.dz\\\/index.php\\\/2022\\\/07\\\/11\\\/commerce-respect-total-du-programme-des-permanences-au-2eme-jour-de-laid\\\/#primaryimage\"},\"thumbnailUrl\":\"https:\\\/\\\/lasentinelle.dz\\\/wp-content\\\/uploads\\\/2022\\\/07\\\/3.docx-image1-18.jpeg\",\"articleSection\":[\"Actualit\u00e9\"],\"inLanguage\":\"fr-FR\",\"potentialAction\":[{\"@type\":\"CommentAction\",\"name\":\"Comment\",\"target\":[\"https:\\\/\\\/lasentinelle.dz\\\/index.php\\\/2022\\\/07\\\/11\\\/commerce-respect-total-du-programme-des-permanences-au-2eme-jour-de-laid\\\/#respond\"]}]},{\"@type\":\"WebPage\",\"@id\":\"https:\\\/\\\/lasentinelle.dz\\\/index.php\\\/2022\\\/07\\\/11\\\/commerce-respect-total-du-programme-des-permanences-au-2eme-jour-de-laid\\\/\",\"url\":\"https:\\\/\\\/lasentinelle.dz\\\/index.php\\\/2022\\\/07\\\/11\\\/commerce-respect-total-du-programme-des-permanences-au-2eme-jour-de-laid\\\/\",\"name\":\"Commerce\u00a0:\u00a0Respect \u00ab\u00a0total\u00a0\u00bb du programme des permanences au 2\u00e8me jour de l\u2019A\u00efd - La Sentinelle\",\"isPartOf\":{\"@id\":\"https:\\\/\\\/lasentinelle.dz\\\/#website\"},\"primaryImageOfPage\":{\"@id\":\"https:\\\/\\\/lasentinelle.dz\\\/index.php\\\/2022\\\/07\\\/11\\\/commerce-respect-total-du-programme-des-permanences-au-2eme-jour-de-laid\\\/#primaryimage\"},\"image\":{\"@id\":\"https:\\\/\\\/lasentinelle.dz\\\/index.php\\\/2022\\\/07\\\/11\\\/commerce-respect-total-du-programme-des-permanences-au-2eme-jour-de-laid\\\/#primaryimage\"},\"thumbnailUrl\":\"https:\\\/\\\/lasentinelle.dz\\\/wp-content\\\/uploads\\\/2022\\\/07\\\/3.docx-image1-18.jpeg\",\"datePublished\":\"2022-07-10T23:01:00+00:00\",\"breadcrumb\":{\"@id\":\"https:\\\/\\\/lasentinelle.dz\\\/index.php\\\/2022\\\/07\\\/11\\\/commerce-respect-total-du-programme-des-permanences-au-2eme-jour-de-laid\\\/#breadcrumb\"},\"inLanguage\":\"fr-FR\",\"potentialAction\":[{\"@type\":\"ReadAction\",\"target\":[\"https:\\\/\\\/lasentinelle.dz\\\/index.php\\\/2022\\\/07\\\/11\\\/commerce-respect-total-du-programme-des-permanences-au-2eme-jour-de-laid\\\/\"]}]},{\"@type\":\"ImageObject\",\"inLanguage\":\"fr-FR\",\"@id\":\"https:\\\/\\\/lasentinelle.dz\\\/index.php\\\/2022\\\/07\\\/11\\\/commerce-respect-total-du-programme-des-permanences-au-2eme-jour-de-laid\\\/#primaryimage\",\"url\":\"https:\\\/\\\/lasentinelle.dz\\\/wp-content\\\/uploads\\\/2022\\\/07\\\/3.docx-image1-18.jpeg\",\"contentUrl\":\"https:\\\/\\\/lasentinelle.dz\\\/wp-content\\\/uploads\\\/2022\\\/07\\\/3.docx-image1-18.jpeg\",\"width\":700,\"height\":500},{\"@type\":\"BreadcrumbList\",\"@id\":\"https:\\\/\\\/lasentinelle.dz\\\/index.php\\\/2022\\\/07\\\/11\\\/commerce-respect-total-du-programme-des-permanences-au-2eme-jour-de-laid\\\/#breadcrumb\",\"itemListElement\":[{\"@type\":\"ListItem\",\"position\":1,\"name\":\"Accueil\",\"item\":\"https:\\\/\\\/lasentinelle.dz\\\/\"},{\"@type\":\"ListItem\",\"position\":2,\"name\":\"Commerce\u00a0:\u00a0Respect \u00ab\u00a0total\u00a0\u00bb du programme des permanences au 2\u00e8me jour de l\u2019A\u00efd\"}]},{\"@type\":\"WebSite\",\"@id\":\"https:\\\/\\\/lasentinelle.dz\\\/#website\",\"url\":\"https:\\\/\\\/lasentinelle.dz\\\/\",\"name\":\"La Sentinelle\",\"description\":\"Quotidien national d&#039;information\",\"publisher\":{\"@id\":\"https:\\\/\\\/lasentinelle.dz\\\/#organization\"},\"potentialAction\":[{\"@type\":\"SearchAction\",\"target\":{\"@type\":\"EntryPoint\",\"urlTemplate\":\"https:\\\/\\\/lasentinelle.dz\\\/?s={search_term_string}\"},\"query-input\":{\"@type\":\"PropertyValueSpecification\",\"valueRequired\":true,\"valueName\":\"search_term_string\"}}],\"inLanguage\":\"fr-FR\"},{\"@type\":\"Organization\",\"@id\":\"https:\\\/\\\/lasentinelle.dz\\\/#organization\",\"name\":\"Quotidien La Sentinelle\",\"url\":\"https:\\\/\\\/lasentinelle.dz\\\/\",\"logo\":{\"@type\":\"ImageObject\",\"inLanguage\":\"fr-FR\",\"@id\":\"https:\\\/\\\/lasentinelle.dz\\\/#\\\/schema\\\/logo\\\/image\\\/\",\"url\":\"https:\\\/\\\/lasentinelle.dz\\\/wp-content\\\/uploads\\\/2021\\\/09\\\/logo-sentinelleSLOGAN-1.png\",\"contentUrl\":\"https:\\\/\\\/lasentinelle.dz\\\/wp-content\\\/uploads\\\/2021\\\/09\\\/logo-sentinelleSLOGAN-1.png\",\"width\":615,\"height\":142,\"caption\":\"Quotidien La Sentinelle\"},\"image\":{\"@id\":\"https:\\\/\\\/lasentinelle.dz\\\/#\\\/schema\\\/logo\\\/image\\\/\"},\"sameAs\":[\"https:\\\/\\\/www.facebook.com\\\/La-Sentinelle-104059864394773\"]},{\"@type\":\"Person\",\"@id\":\"https:\\\/\\\/lasentinelle.dz\\\/#\\\/schema\\\/person\\\/d865044e22e70a75174ce8bcad3acfb3\",\"name\":\"La Sentinelle\",\"image\":{\"@type\":\"ImageObject\",\"inLanguage\":\"fr-FR\",\"@id\":\"https:\\\/\\\/secure.gravatar.com\\\/avatar\\\/57de8e5d4b15d43fb361a71fbb36338450fe67865b528a43dd10ef7c51a20392?s=96&d=mm&r=g\",\"url\":\"https:\\\/\\\/secure.gravatar.com\\\/avatar\\\/57de8e5d4b15d43fb361a71fbb36338450fe67865b528a43dd10ef7c51a20392?s=96&d=mm&r=g\",\"contentUrl\":\"https:\\\/\\\/secure.gravatar.com\\\/avatar\\\/57de8e5d4b15d43fb361a71fbb36338450fe67865b528a43dd10ef7c51a20392?s=96&d=mm&r=g\",\"caption\":\"La Sentinelle\"},\"sameAs\":[\"http:\\\/\\\/www.lasentinelle.dz\"],\"url\":\"https:\\\/\\\/lasentinelle.dz\\\/author\\\/redaction\\\/\"}]}<\/script>\n<!-- \/ Yoast SEO plugin. -->","yoast_head_json":{"title":"Commerce\u00a0:\u00a0Respect \u00ab\u00a0total\u00a0\u00bb du programme des permanences au 2\u00e8me jour de l\u2019A\u00efd - La Sentinelle","robots":{"index":"index","follow":"follow","max-snippet":"max-snippet:-1","max-image-preview":"max-image-preview:large","max-video-preview":"max-video-preview:-1"},"canonical":"https:\/\/lasentinelle.dz\/index.php\/2022\/07\/11\/commerce-respect-total-du-programme-des-permanences-au-2eme-jour-de-laid\/","og_locale":"fr_FR","og_type":"article","og_title":"Commerce\u00a0:\u00a0Respect \u00ab\u00a0total\u00a0\u00bb du programme des permanences au 2\u00e8me jour de l\u2019A\u00efd - La Sentinelle","og_description":"Le taux de suivi du programme des permanences&nbsp;par les commer\u00e7ants mobilis\u00e9s pour le second jour de la f\u00eate de l\u2019A\u00efd","og_url":"https:\/\/lasentinelle.dz\/index.php\/2022\/07\/11\/commerce-respect-total-du-programme-des-permanences-au-2eme-jour-de-laid\/","og_site_name":"La Sentinelle","article_publisher":"https:\/\/www.facebook.com\/La-Sentinelle-104059864394773","article_published_time":"2022-07-10T23:01:00+00:00","og_image":[{"width":700,"height":500,"url":"https:\/\/lasentinelle.dz\/wp-content\/uploads\/2022\/07\/3.docx-image1-18.jpeg","type":"image\/jpeg"}],"author":"La Sentinelle","twitter_card":"summary_large_image","twitter_misc":{"\u00c9crit par":"La Sentinelle","Dur\u00e9e de lecture estim\u00e9e":"2 minutes"},"schema":{"@context":"https:\/\/schema.org","@graph":[{"@type":"Article","@id":"https:\/\/lasentinelle.dz\/index.php\/2022\/07\/11\/commerce-respect-total-du-programme-des-permanences-au-2eme-jour-de-laid\/#article","isPartOf":{"@id":"https:\/\/lasentinelle.dz\/index.php\/2022\/07\/11\/commerce-respect-total-du-programme-des-permanences-au-2eme-jour-de-laid\/"},"author":{"name":"La Sentinelle","@id":"https:\/\/lasentinelle.dz\/#\/schema\/person\/d865044e22e70a75174ce8bcad3acfb3"},"headline":"Commerce\u00a0:\u00a0Respect \u00ab\u00a0total\u00a0\u00bb du programme des permanences au 2\u00e8me jour de l\u2019A\u00efd","datePublished":"2022-07-10T23:01:00+00:00","mainEntityOfPage":{"@id":"https:\/\/lasentinelle.dz\/index.php\/2022\/07\/11\/commerce-respect-total-du-programme-des-permanences-au-2eme-jour-de-laid\/"},"wordCount":333,"commentCount":0,"publisher":{"@id":"https:\/\/lasentinelle.dz\/#organization"},"image":{"@id":"https:\/\/lasentinelle.dz\/index.php\/2022\/07\/11\/commerce-respect-total-du-programme-des-permanences-au-2eme-jour-de-laid\/#primaryimage"},"thumbnailUrl":"https:\/\/lasentinelle.dz\/wp-content\/uploads\/2022\/07\/3.docx-image1-18.jpeg","articleSection":["Actualit\u00e9"],"inLanguage":"fr-FR","potentialAction":[{"@type":"CommentAction","name":"Comment","target":["https:\/\/lasentinelle.dz\/index.php\/2022\/07\/11\/commerce-respect-total-du-programme-des-permanences-au-2eme-jour-de-laid\/#respond"]}]},{"@type":"WebPage","@id":"https:\/\/lasentinelle.dz\/index.php\/2022\/07\/11\/commerce-respect-total-du-programme-des-permanences-au-2eme-jour-de-laid\/","url":"https:\/\/lasentinelle.dz\/index.php\/2022\/07\/11\/commerce-respect-total-du-programme-des-permanences-au-2eme-jour-de-laid\/","name":"Commerce\u00a0:\u00a0Respect \u00ab\u00a0total\u00a0\u00bb du programme des permanences au 2\u00e8me jour de l\u2019A\u00efd - La Sentinelle","isPartOf":{"@id":"https:\/\/lasentinelle.dz\/#website"},"primaryImageOfPage":{"@id":"https:\/\/lasentinelle.dz\/index.php\/2022\/07\/11\/commerce-respect-total-du-programme-des-permanences-au-2eme-jour-de-laid\/#primaryimage"},"image":{"@id":"https:\/\/lasentinelle.dz\/index.php\/2022\/07\/11\/commerce-respect-total-du-programme-des-permanences-au-2eme-jour-de-laid\/#primaryimage"},"thumbnailUrl":"https:\/\/lasentinelle.dz\/wp-content\/uploads\/2022\/07\/3.docx-image1-18.jpeg","datePublished":"2022-07-10T23:01:00+00:00","breadcrumb":{"@id":"https:\/\/lasentinelle.dz\/index.php\/2022\/07\/11\/commerce-respect-total-du-programme-des-permanences-au-2eme-jour-de-laid\/#breadcrumb"},"inLanguage":"fr-FR","potentialAction":[{"@type":"ReadAction","target":["https:\/\/lasentinelle.dz\/index.php\/2022\/07\/11\/commerce-respect-total-du-programme-des-permanences-au-2eme-jour-de-laid\/"]}]},{"@type":"ImageObject","inLanguage":"fr-FR","@id":"https:\/\/lasentinelle.dz\/index.php\/2022\/07\/11\/commerce-respect-total-du-programme-des-permanences-au-2eme-jour-de-laid\/#primaryimage","url":"https:\/\/lasentinelle.dz\/wp-content\/uploads\/2022\/07\/3.docx-image1-18.jpeg","contentUrl":"https:\/\/lasentinelle.dz\/wp-content\/uploads\/2022\/07\/3.docx-image1-18.jpeg","width":700,"height":500},{"@type":"BreadcrumbList","@id":"https:\/\/lasentinelle.dz\/index.php\/2022\/07\/11\/commerce-respect-total-du-programme-des-permanences-au-2eme-jour-de-laid\/#breadcrumb","itemListElement":[{"@type":"ListItem","position":1,"name":"Accueil","item":"https:\/\/lasentinelle.dz\/"},{"@type":"ListItem","position":2,"name":"Commerce\u00a0:\u00a0Respect \u00ab\u00a0total\u00a0\u00bb du programme des permanences au 2\u00e8me jour de l\u2019A\u00efd"}]},{"@type":"WebSite","@id":"https:\/\/lasentinelle.dz\/#website","url":"https:\/\/lasentinelle.dz\/","name":"La Sentinelle","description":"Quotidien national d&#039;information","publisher":{"@id":"https:\/\/lasentinelle.dz\/#organization"},"potentialAction":[{"@type":"SearchAction","target":{"@type":"EntryPoint","urlTemplate":"https:\/\/lasentinelle.dz\/?s={search_term_string}"},"query-input":{"@type":"PropertyValueSpecification","valueRequired":true,"valueName":"search_term_string"}}],"inLanguage":"fr-FR"},{"@type":"Organization","@id":"https:\/\/lasentinelle.dz\/#organization","name":"Quotidien La Sentinelle","url":"https:\/\/lasentinelle.dz\/","logo":{"@type":"ImageObject","inLanguage":"fr-FR","@id":"https:\/\/lasentinelle.dz\/#\/schema\/logo\/image\/","url":"https:\/\/lasentinelle.dz\/wp-content\/uploads\/2021\/09\/logo-sentinelleSLOGAN-1.png","contentUrl":"https:\/\/lasentinelle.dz\/wp-content\/uploads\/2021\/09\/logo-sentinelleSLOGAN-1.png","width":615,"height":142,"caption":"Quotidien La Sentinelle"},"image":{"@id":"https:\/\/lasentinelle.dz\/#\/schema\/logo\/image\/"},"sameAs":["https:\/\/www.facebook.com\/La-Sentinelle-104059864394773"]},{"@type":"Person","@id":"https:\/\/lasentinelle.dz\/#\/schema\/person\/d865044e22e70a75174ce8bcad3acfb3","name":"La Sentinelle","image":{"@type":"ImageObject","inLanguage":"fr-FR","@id":"https:\/\/secure.gravatar.com\/avatar\/57de8e5d4b15d43fb361a71fbb36338450fe67865b528a43dd10ef7c51a20392?s=96&d=mm&r=g","url":"https:\/\/secure.gravatar.com\/avatar\/57de8e5d4b15d43fb361a71fbb36338450fe67865b528a43dd10ef7c51a20392?s=96&d=mm&r=g","contentUrl":"https:\/\/secure.gravatar.com\/avatar\/57de8e5d4b15d43fb361a71fbb36338450fe67865b528a43dd10ef7c51a20392?s=96&d=mm&r=g","caption":"La Sentinelle"},"sameAs":["http:\/\/www.lasentinelle.dz"],"url":"https:\/\/lasentinelle.dz\/author\/redaction\/"}]}},"_links":{"self":[{"href":"https:\/\/lasentinelle.dz\/index.php\/wp-json\/wp\/v2\/posts\/23847","targetHints":{"allow":["GET"]}}],"collection":[{"href":"https:\/\/lasentinelle.dz\/index.php\/wp-json\/wp\/v2\/posts"}],"about":[{"href":"https:\/\/lasentinelle.dz\/index.php\/wp-json\/wp\/v2\/types\/post"}],"author":[{"embeddable":true,"href":"https:\/\/lasentinelle.dz\/index.php\/wp-json\/wp\/v2\/users\/3"}],"replies":[{"embeddable":true,"href":"https:\/\/lasentinelle.dz\/index.php\/wp-json\/wp\/v2\/comments?post=23847"}],"version-history":[{"count":2,"href":"https:\/\/lasentinelle.dz\/index.php\/wp-json\/wp\/v2\/posts\/23847\/revisions"}],"predecessor-version":[{"id":23873,"href":"https:\/\/lasentinelle.dz\/index.php\/wp-json\/wp\/v2\/posts\/23847\/revisions\/23873"}],"wp:featuredmedia":[{"embeddable":true,"href":"https:\/\/lasentinelle.dz\/index.php\/wp-json\/wp\/v2\/media\/23869"}],"wp:attachment":[{"href":"https:\/\/lasentinelle.dz\/index.php\/wp-json\/wp\/v2\/media?parent=23847"}],"wp:term":[{"taxonomy":"category","embeddable":true,"href":"https:\/\/lasentinelle.dz\/index.php\/wp-json\/wp\/v2\/categories?post=23847"},{"taxonomy":"post_tag","embeddable":true,"href":"https:\/\/lasentinelle.dz\/index.php\/wp-json\/wp\/v2\/tags?post=23847"}],"curies":[{"name":"wp","href":"https:\/\/api.w.org\/{rel}","templated":true}]}}