{"id":23852,"date":"2022-07-11T00:01:00","date_gmt":"2022-07-10T23:01:00","guid":{"rendered":"https:\/\/lasentinelle.dz\/?p=23852"},"modified":"2022-07-10T18:15:42","modified_gmt":"2022-07-10T17:15:42","slug":"trois-camionneurs-algeriens-attaques-au-mali-le-mae-assure-suivre-de-pres-la-situation","status":"publish","type":"post","link":"https:\/\/lasentinelle.dz\/index.php\/2022\/07\/11\/trois-camionneurs-algeriens-attaques-au-mali-le-mae-assure-suivre-de-pres-la-situation\/","title":{"rendered":"Trois camionneurs alg\u00e9riens attaqu\u00e9s au Mali\u00a0: Le MAE assure suivre de pr\u00e8s la situation"},"content":{"rendered":"\n<p>Trois bless\u00e9s dont un est gri\u00e8vement bless\u00e9. Tel est le bilan de l\u2019attaque perp\u00e9tr\u00e9e \u00e0 Gao, au Mali, par un groupe arm\u00e9 compos\u00e9 de 4 individus \u00e0 bords des motos&nbsp;contre un convoi de camionneurs alg\u00e9riens. Dans son communiqu\u00e9, minist\u00e8re des Affaires \u00e9trang\u00e8res et de la&nbsp;Communaut\u00e9 nationale \u00e0 l&rsquo;\u00e9tranger a indiqu\u00e9 que \u00abdes camionneurs alg\u00e9riens ont fait l\u2019objet d\u2019une attaque commise par un groupe arm\u00e9 compos\u00e9 de quatre individus circulant \u00e0 motos \u00e0 Gao, au Mali, faisant trois bless\u00e9s \u00bb, ajoutant que \u00abl\u2019attaque a eu lieu aux abords de la ville de Gao, au Mali, \u00e0 deux heures du matin dans la nuit du 8 juillet, dans un campement utilis\u00e9 par les camionneurs pour se reposer\u00bb.&nbsp;&nbsp;Les assaillants avaient, selon la selon m\u00eame source, \u00abr\u00e9clam\u00e9 de l\u2019argent\u00bb. \u00abN\u2019ayant pas obtenu gain de cause, ils ont recouru \u00e0 l\u2019utilisation de leurs armes \u00e0 feu, des kalachnikovs \u00bb, a pr\u00e9cis\u00e9 le communiqu\u00e9. Selon le communiqu\u00e9 du&nbsp;MAE&nbsp;\u00abtrois ressortissants alg\u00e9riens camionneurs ont \u00e9t\u00e9 bless\u00e9s, dont un gri\u00e8vement\u00bb, expliquant que les bless\u00e9s&nbsp;\u00abont \u00e9t\u00e9 \u00e9vacu\u00e9s sur l\u2019h\u00f4pital de Gao, o\u00f9 ils ont \u00e9t\u00e9 pris en charge\u00bb.&nbsp;&nbsp;L\u2019un d\u2019entre eux a d\u00e9j\u00e0 quitt\u00e9 l\u2019h\u00f4pital alors que les deux autres, continuent \u00e0 faire l\u2019objet de soins leur ayant \u00e9t\u00e9 prodigu\u00e9s tout en \u00e9tant maintenus sous contr\u00f4le m\u00e9dical. Se fiant aux informations disponibles, le minist\u00e8re des affaires \u00e9trang\u00e8res ajoute qu\u2019\u00abaucun&nbsp;&nbsp;pronostic vital n\u2019est engag\u00e9. Si cet acte criminel n\u2019a \u00e9t\u00e9 revendiqu\u00e9, les habitants de la ville de Gao&nbsp;l\u2019ont attribu\u00e9&nbsp;aux bandes criminelles qui activent dans cette r\u00e9gion du Mali\u00bb. \u00abLe convoi comprend sept camions avec sept chauffeurs. Ils ont \u00e9t\u00e9 engag\u00e9s par une soci\u00e9t\u00e9 alg\u00e9rienne sp\u00e9cialis\u00e9e&nbsp;dans des activit\u00e9s de transport de marchandises entre les deux pays \u00bb, a pr\u00e9cis\u00e9 le communiqu\u00e9 du minist\u00e8re, soulignant que \u00abl\u2019ambassade d\u2019Alg\u00e9rie \u00e0 Bamako suit de pr\u00e8s la situation de ces ressortissants\u00bb.<\/p>\n\n\n\n<p><strong>Salim Abdenour<\/strong><\/p>\n","protected":false},"excerpt":{"rendered":"<p>Trois bless\u00e9s dont un est gri\u00e8vement bless\u00e9. Tel est le bilan de l\u2019attaque perp\u00e9tr\u00e9e \u00e0 Gao, au Mali, par un<\/p>\n","protected":false},"author":3,"featured_media":17997,"comment_status":"open","ping_status":"closed","sticky":false,"template":"","format":"standard","meta":{"colormag_page_container_layout":"default_layout","colormag_page_sidebar_layout":"default_layout","om_disable_all_campaigns":false,"_monsterinsights_skip_tracking":false,"_monsterinsights_sitenote_active":false,"_monsterinsights_sitenote_note":"","_monsterinsights_sitenote_category":0,"footnotes":"","_wpscppro_dont_share_socialmedia":false,"_wpscppro_custom_social_share_image":0,"_facebook_share_type":"","_twitter_share_type":"","_linkedin_share_type":"","_pinterest_share_type":"","_linkedin_share_type_page":"","_instagram_share_type":"","_medium_share_type":"","_threads_share_type":"","_google_business_share_type":"","_selected_social_profile":[],"_wpsp_enable_custom_social_template":false,"_wpsp_social_scheduling":{"enabled":false,"datetime":null,"platforms":[],"status":"template_only","dateOption":"today","timeOption":"now","customDays":"","customHours":"","customDate":"","customTime":"","schedulingType":"absolute"},"_wpsp_active_default_template":true},"categories":[27],"tags":[],"class_list":["post-23852","post","type-post","status-publish","format-standard","has-post-thumbnail","hentry","category-actualite"],"aioseo_notices":[],"yoast_head":"<!-- This site is optimized with the Yoast SEO plugin v27.5 - https:\/\/yoast.com\/product\/yoast-seo-wordpress\/ -->\n<title>Trois camionneurs alg\u00e9riens attaqu\u00e9s au Mali\u00a0: Le MAE assure suivre de pr\u00e8s la situation - La Sentinelle<\/title>\n<meta name=\"robots\" content=\"index, follow, max-snippet:-1, max-image-preview:large, max-video-preview:-1\" \/>\n<link rel=\"canonical\" href=\"https:\/\/lasentinelle.dz\/index.php\/2022\/07\/11\/trois-camionneurs-algeriens-attaques-au-mali-le-mae-assure-suivre-de-pres-la-situation\/\" \/>\n<meta property=\"og:locale\" content=\"fr_FR\" \/>\n<meta property=\"og:type\" content=\"article\" \/>\n<meta property=\"og:title\" content=\"Trois camionneurs alg\u00e9riens attaqu\u00e9s au Mali\u00a0: Le MAE assure suivre de pr\u00e8s la situation - La Sentinelle\" \/>\n<meta property=\"og:description\" content=\"Trois bless\u00e9s dont un est gri\u00e8vement bless\u00e9. Tel est le bilan de l\u2019attaque perp\u00e9tr\u00e9e \u00e0 Gao, au Mali, par un\" \/>\n<meta property=\"og:url\" content=\"https:\/\/lasentinelle.dz\/index.php\/2022\/07\/11\/trois-camionneurs-algeriens-attaques-au-mali-le-mae-assure-suivre-de-pres-la-situation\/\" \/>\n<meta property=\"og:site_name\" content=\"La Sentinelle\" \/>\n<meta property=\"article:publisher\" content=\"https:\/\/www.facebook.com\/La-Sentinelle-104059864394773\" \/>\n<meta property=\"article:published_time\" content=\"2022-07-10T23:01:00+00:00\" \/>\n<meta property=\"og:image\" content=\"https:\/\/lasentinelle.dz\/wp-content\/uploads\/2022\/03\/MAE-1.png\" \/>\n\t<meta property=\"og:image:width\" content=\"1354\" \/>\n\t<meta property=\"og:image:height\" content=\"900\" \/>\n\t<meta property=\"og:image:type\" content=\"image\/png\" \/>\n<meta name=\"author\" content=\"La Sentinelle\" \/>\n<meta name=\"twitter:card\" content=\"summary_large_image\" \/>\n<meta name=\"twitter:label1\" content=\"\u00c9crit par\" \/>\n\t<meta name=\"twitter:data1\" content=\"La Sentinelle\" \/>\n\t<meta name=\"twitter:label2\" content=\"Dur\u00e9e de lecture estim\u00e9e\" \/>\n\t<meta name=\"twitter:data2\" content=\"2 minutes\" \/>\n<script type=\"application\/ld+json\" class=\"yoast-schema-graph\">{\"@context\":\"https:\\\/\\\/schema.org\",\"@graph\":[{\"@type\":\"Article\",\"@id\":\"https:\\\/\\\/lasentinelle.dz\\\/index.php\\\/2022\\\/07\\\/11\\\/trois-camionneurs-algeriens-attaques-au-mali-le-mae-assure-suivre-de-pres-la-situation\\\/#article\",\"isPartOf\":{\"@id\":\"https:\\\/\\\/lasentinelle.dz\\\/index.php\\\/2022\\\/07\\\/11\\\/trois-camionneurs-algeriens-attaques-au-mali-le-mae-assure-suivre-de-pres-la-situation\\\/\"},\"author\":{\"name\":\"La Sentinelle\",\"@id\":\"https:\\\/\\\/lasentinelle.dz\\\/#\\\/schema\\\/person\\\/d865044e22e70a75174ce8bcad3acfb3\"},\"headline\":\"Trois camionneurs alg\u00e9riens attaqu\u00e9s au Mali\u00a0: Le MAE assure suivre de pr\u00e8s la situation\",\"datePublished\":\"2022-07-10T23:01:00+00:00\",\"mainEntityOfPage\":{\"@id\":\"https:\\\/\\\/lasentinelle.dz\\\/index.php\\\/2022\\\/07\\\/11\\\/trois-camionneurs-algeriens-attaques-au-mali-le-mae-assure-suivre-de-pres-la-situation\\\/\"},\"wordCount\":377,\"commentCount\":0,\"publisher\":{\"@id\":\"https:\\\/\\\/lasentinelle.dz\\\/#organization\"},\"image\":{\"@id\":\"https:\\\/\\\/lasentinelle.dz\\\/index.php\\\/2022\\\/07\\\/11\\\/trois-camionneurs-algeriens-attaques-au-mali-le-mae-assure-suivre-de-pres-la-situation\\\/#primaryimage\"},\"thumbnailUrl\":\"https:\\\/\\\/lasentinelle.dz\\\/wp-content\\\/uploads\\\/2022\\\/03\\\/MAE-1.png\",\"articleSection\":[\"Actualit\u00e9\"],\"inLanguage\":\"fr-FR\",\"potentialAction\":[{\"@type\":\"CommentAction\",\"name\":\"Comment\",\"target\":[\"https:\\\/\\\/lasentinelle.dz\\\/index.php\\\/2022\\\/07\\\/11\\\/trois-camionneurs-algeriens-attaques-au-mali-le-mae-assure-suivre-de-pres-la-situation\\\/#respond\"]}]},{\"@type\":\"WebPage\",\"@id\":\"https:\\\/\\\/lasentinelle.dz\\\/index.php\\\/2022\\\/07\\\/11\\\/trois-camionneurs-algeriens-attaques-au-mali-le-mae-assure-suivre-de-pres-la-situation\\\/\",\"url\":\"https:\\\/\\\/lasentinelle.dz\\\/index.php\\\/2022\\\/07\\\/11\\\/trois-camionneurs-algeriens-attaques-au-mali-le-mae-assure-suivre-de-pres-la-situation\\\/\",\"name\":\"Trois camionneurs alg\u00e9riens attaqu\u00e9s au Mali\u00a0: Le MAE assure suivre de pr\u00e8s la situation - La Sentinelle\",\"isPartOf\":{\"@id\":\"https:\\\/\\\/lasentinelle.dz\\\/#website\"},\"primaryImageOfPage\":{\"@id\":\"https:\\\/\\\/lasentinelle.dz\\\/index.php\\\/2022\\\/07\\\/11\\\/trois-camionneurs-algeriens-attaques-au-mali-le-mae-assure-suivre-de-pres-la-situation\\\/#primaryimage\"},\"image\":{\"@id\":\"https:\\\/\\\/lasentinelle.dz\\\/index.php\\\/2022\\\/07\\\/11\\\/trois-camionneurs-algeriens-attaques-au-mali-le-mae-assure-suivre-de-pres-la-situation\\\/#primaryimage\"},\"thumbnailUrl\":\"https:\\\/\\\/lasentinelle.dz\\\/wp-content\\\/uploads\\\/2022\\\/03\\\/MAE-1.png\",\"datePublished\":\"2022-07-10T23:01:00+00:00\",\"breadcrumb\":{\"@id\":\"https:\\\/\\\/lasentinelle.dz\\\/index.php\\\/2022\\\/07\\\/11\\\/trois-camionneurs-algeriens-attaques-au-mali-le-mae-assure-suivre-de-pres-la-situation\\\/#breadcrumb\"},\"inLanguage\":\"fr-FR\",\"potentialAction\":[{\"@type\":\"ReadAction\",\"target\":[\"https:\\\/\\\/lasentinelle.dz\\\/index.php\\\/2022\\\/07\\\/11\\\/trois-camionneurs-algeriens-attaques-au-mali-le-mae-assure-suivre-de-pres-la-situation\\\/\"]}]},{\"@type\":\"ImageObject\",\"inLanguage\":\"fr-FR\",\"@id\":\"https:\\\/\\\/lasentinelle.dz\\\/index.php\\\/2022\\\/07\\\/11\\\/trois-camionneurs-algeriens-attaques-au-mali-le-mae-assure-suivre-de-pres-la-situation\\\/#primaryimage\",\"url\":\"https:\\\/\\\/lasentinelle.dz\\\/wp-content\\\/uploads\\\/2022\\\/03\\\/MAE-1.png\",\"contentUrl\":\"https:\\\/\\\/lasentinelle.dz\\\/wp-content\\\/uploads\\\/2022\\\/03\\\/MAE-1.png\",\"width\":1354,\"height\":900},{\"@type\":\"BreadcrumbList\",\"@id\":\"https:\\\/\\\/lasentinelle.dz\\\/index.php\\\/2022\\\/07\\\/11\\\/trois-camionneurs-algeriens-attaques-au-mali-le-mae-assure-suivre-de-pres-la-situation\\\/#breadcrumb\",\"itemListElement\":[{\"@type\":\"ListItem\",\"position\":1,\"name\":\"Accueil\",\"item\":\"https:\\\/\\\/lasentinelle.dz\\\/\"},{\"@type\":\"ListItem\",\"position\":2,\"name\":\"Trois camionneurs alg\u00e9riens attaqu\u00e9s au Mali\u00a0: Le MAE assure suivre de pr\u00e8s la situation\"}]},{\"@type\":\"WebSite\",\"@id\":\"https:\\\/\\\/lasentinelle.dz\\\/#website\",\"url\":\"https:\\\/\\\/lasentinelle.dz\\\/\",\"name\":\"La Sentinelle\",\"description\":\"Quotidien national d&#039;information\",\"publisher\":{\"@id\":\"https:\\\/\\\/lasentinelle.dz\\\/#organization\"},\"potentialAction\":[{\"@type\":\"SearchAction\",\"target\":{\"@type\":\"EntryPoint\",\"urlTemplate\":\"https:\\\/\\\/lasentinelle.dz\\\/?s={search_term_string}\"},\"query-input\":{\"@type\":\"PropertyValueSpecification\",\"valueRequired\":true,\"valueName\":\"search_term_string\"}}],\"inLanguage\":\"fr-FR\"},{\"@type\":\"Organization\",\"@id\":\"https:\\\/\\\/lasentinelle.dz\\\/#organization\",\"name\":\"Quotidien La Sentinelle\",\"url\":\"https:\\\/\\\/lasentinelle.dz\\\/\",\"logo\":{\"@type\":\"ImageObject\",\"inLanguage\":\"fr-FR\",\"@id\":\"https:\\\/\\\/lasentinelle.dz\\\/#\\\/schema\\\/logo\\\/image\\\/\",\"url\":\"https:\\\/\\\/lasentinelle.dz\\\/wp-content\\\/uploads\\\/2021\\\/09\\\/logo-sentinelleSLOGAN-1.png\",\"contentUrl\":\"https:\\\/\\\/lasentinelle.dz\\\/wp-content\\\/uploads\\\/2021\\\/09\\\/logo-sentinelleSLOGAN-1.png\",\"width\":615,\"height\":142,\"caption\":\"Quotidien La Sentinelle\"},\"image\":{\"@id\":\"https:\\\/\\\/lasentinelle.dz\\\/#\\\/schema\\\/logo\\\/image\\\/\"},\"sameAs\":[\"https:\\\/\\\/www.facebook.com\\\/La-Sentinelle-104059864394773\"]},{\"@type\":\"Person\",\"@id\":\"https:\\\/\\\/lasentinelle.dz\\\/#\\\/schema\\\/person\\\/d865044e22e70a75174ce8bcad3acfb3\",\"name\":\"La Sentinelle\",\"image\":{\"@type\":\"ImageObject\",\"inLanguage\":\"fr-FR\",\"@id\":\"https:\\\/\\\/secure.gravatar.com\\\/avatar\\\/57de8e5d4b15d43fb361a71fbb36338450fe67865b528a43dd10ef7c51a20392?s=96&d=mm&r=g\",\"url\":\"https:\\\/\\\/secure.gravatar.com\\\/avatar\\\/57de8e5d4b15d43fb361a71fbb36338450fe67865b528a43dd10ef7c51a20392?s=96&d=mm&r=g\",\"contentUrl\":\"https:\\\/\\\/secure.gravatar.com\\\/avatar\\\/57de8e5d4b15d43fb361a71fbb36338450fe67865b528a43dd10ef7c51a20392?s=96&d=mm&r=g\",\"caption\":\"La Sentinelle\"},\"sameAs\":[\"http:\\\/\\\/www.lasentinelle.dz\"],\"url\":\"https:\\\/\\\/lasentinelle.dz\\\/author\\\/redaction\\\/\"}]}<\/script>\n<!-- \/ Yoast SEO plugin. -->","yoast_head_json":{"title":"Trois camionneurs alg\u00e9riens attaqu\u00e9s au Mali\u00a0: Le MAE assure suivre de pr\u00e8s la situation - La Sentinelle","robots":{"index":"index","follow":"follow","max-snippet":"max-snippet:-1","max-image-preview":"max-image-preview:large","max-video-preview":"max-video-preview:-1"},"canonical":"https:\/\/lasentinelle.dz\/index.php\/2022\/07\/11\/trois-camionneurs-algeriens-attaques-au-mali-le-mae-assure-suivre-de-pres-la-situation\/","og_locale":"fr_FR","og_type":"article","og_title":"Trois camionneurs alg\u00e9riens attaqu\u00e9s au Mali\u00a0: Le MAE assure suivre de pr\u00e8s la situation - La Sentinelle","og_description":"Trois bless\u00e9s dont un est gri\u00e8vement bless\u00e9. Tel est le bilan de l\u2019attaque perp\u00e9tr\u00e9e \u00e0 Gao, au Mali, par un","og_url":"https:\/\/lasentinelle.dz\/index.php\/2022\/07\/11\/trois-camionneurs-algeriens-attaques-au-mali-le-mae-assure-suivre-de-pres-la-situation\/","og_site_name":"La Sentinelle","article_publisher":"https:\/\/www.facebook.com\/La-Sentinelle-104059864394773","article_published_time":"2022-07-10T23:01:00+00:00","og_image":[{"width":1354,"height":900,"url":"https:\/\/lasentinelle.dz\/wp-content\/uploads\/2022\/03\/MAE-1.png","type":"image\/png"}],"author":"La Sentinelle","twitter_card":"summary_large_image","twitter_misc":{"\u00c9crit par":"La Sentinelle","Dur\u00e9e de lecture estim\u00e9e":"2 minutes"},"schema":{"@context":"https:\/\/schema.org","@graph":[{"@type":"Article","@id":"https:\/\/lasentinelle.dz\/index.php\/2022\/07\/11\/trois-camionneurs-algeriens-attaques-au-mali-le-mae-assure-suivre-de-pres-la-situation\/#article","isPartOf":{"@id":"https:\/\/lasentinelle.dz\/index.php\/2022\/07\/11\/trois-camionneurs-algeriens-attaques-au-mali-le-mae-assure-suivre-de-pres-la-situation\/"},"author":{"name":"La Sentinelle","@id":"https:\/\/lasentinelle.dz\/#\/schema\/person\/d865044e22e70a75174ce8bcad3acfb3"},"headline":"Trois camionneurs alg\u00e9riens attaqu\u00e9s au Mali\u00a0: Le MAE assure suivre de pr\u00e8s la situation","datePublished":"2022-07-10T23:01:00+00:00","mainEntityOfPage":{"@id":"https:\/\/lasentinelle.dz\/index.php\/2022\/07\/11\/trois-camionneurs-algeriens-attaques-au-mali-le-mae-assure-suivre-de-pres-la-situation\/"},"wordCount":377,"commentCount":0,"publisher":{"@id":"https:\/\/lasentinelle.dz\/#organization"},"image":{"@id":"https:\/\/lasentinelle.dz\/index.php\/2022\/07\/11\/trois-camionneurs-algeriens-attaques-au-mali-le-mae-assure-suivre-de-pres-la-situation\/#primaryimage"},"thumbnailUrl":"https:\/\/lasentinelle.dz\/wp-content\/uploads\/2022\/03\/MAE-1.png","articleSection":["Actualit\u00e9"],"inLanguage":"fr-FR","potentialAction":[{"@type":"CommentAction","name":"Comment","target":["https:\/\/lasentinelle.dz\/index.php\/2022\/07\/11\/trois-camionneurs-algeriens-attaques-au-mali-le-mae-assure-suivre-de-pres-la-situation\/#respond"]}]},{"@type":"WebPage","@id":"https:\/\/lasentinelle.dz\/index.php\/2022\/07\/11\/trois-camionneurs-algeriens-attaques-au-mali-le-mae-assure-suivre-de-pres-la-situation\/","url":"https:\/\/lasentinelle.dz\/index.php\/2022\/07\/11\/trois-camionneurs-algeriens-attaques-au-mali-le-mae-assure-suivre-de-pres-la-situation\/","name":"Trois camionneurs alg\u00e9riens attaqu\u00e9s au Mali\u00a0: Le MAE assure suivre de pr\u00e8s la situation - La Sentinelle","isPartOf":{"@id":"https:\/\/lasentinelle.dz\/#website"},"primaryImageOfPage":{"@id":"https:\/\/lasentinelle.dz\/index.php\/2022\/07\/11\/trois-camionneurs-algeriens-attaques-au-mali-le-mae-assure-suivre-de-pres-la-situation\/#primaryimage"},"image":{"@id":"https:\/\/lasentinelle.dz\/index.php\/2022\/07\/11\/trois-camionneurs-algeriens-attaques-au-mali-le-mae-assure-suivre-de-pres-la-situation\/#primaryimage"},"thumbnailUrl":"https:\/\/lasentinelle.dz\/wp-content\/uploads\/2022\/03\/MAE-1.png","datePublished":"2022-07-10T23:01:00+00:00","breadcrumb":{"@id":"https:\/\/lasentinelle.dz\/index.php\/2022\/07\/11\/trois-camionneurs-algeriens-attaques-au-mali-le-mae-assure-suivre-de-pres-la-situation\/#breadcrumb"},"inLanguage":"fr-FR","potentialAction":[{"@type":"ReadAction","target":["https:\/\/lasentinelle.dz\/index.php\/2022\/07\/11\/trois-camionneurs-algeriens-attaques-au-mali-le-mae-assure-suivre-de-pres-la-situation\/"]}]},{"@type":"ImageObject","inLanguage":"fr-FR","@id":"https:\/\/lasentinelle.dz\/index.php\/2022\/07\/11\/trois-camionneurs-algeriens-attaques-au-mali-le-mae-assure-suivre-de-pres-la-situation\/#primaryimage","url":"https:\/\/lasentinelle.dz\/wp-content\/uploads\/2022\/03\/MAE-1.png","contentUrl":"https:\/\/lasentinelle.dz\/wp-content\/uploads\/2022\/03\/MAE-1.png","width":1354,"height":900},{"@type":"BreadcrumbList","@id":"https:\/\/lasentinelle.dz\/index.php\/2022\/07\/11\/trois-camionneurs-algeriens-attaques-au-mali-le-mae-assure-suivre-de-pres-la-situation\/#breadcrumb","itemListElement":[{"@type":"ListItem","position":1,"name":"Accueil","item":"https:\/\/lasentinelle.dz\/"},{"@type":"ListItem","position":2,"name":"Trois camionneurs alg\u00e9riens attaqu\u00e9s au Mali\u00a0: Le MAE assure suivre de pr\u00e8s la situation"}]},{"@type":"WebSite","@id":"https:\/\/lasentinelle.dz\/#website","url":"https:\/\/lasentinelle.dz\/","name":"La Sentinelle","description":"Quotidien national d&#039;information","publisher":{"@id":"https:\/\/lasentinelle.dz\/#organization"},"potentialAction":[{"@type":"SearchAction","target":{"@type":"EntryPoint","urlTemplate":"https:\/\/lasentinelle.dz\/?s={search_term_string}"},"query-input":{"@type":"PropertyValueSpecification","valueRequired":true,"valueName":"search_term_string"}}],"inLanguage":"fr-FR"},{"@type":"Organization","@id":"https:\/\/lasentinelle.dz\/#organization","name":"Quotidien La Sentinelle","url":"https:\/\/lasentinelle.dz\/","logo":{"@type":"ImageObject","inLanguage":"fr-FR","@id":"https:\/\/lasentinelle.dz\/#\/schema\/logo\/image\/","url":"https:\/\/lasentinelle.dz\/wp-content\/uploads\/2021\/09\/logo-sentinelleSLOGAN-1.png","contentUrl":"https:\/\/lasentinelle.dz\/wp-content\/uploads\/2021\/09\/logo-sentinelleSLOGAN-1.png","width":615,"height":142,"caption":"Quotidien La Sentinelle"},"image":{"@id":"https:\/\/lasentinelle.dz\/#\/schema\/logo\/image\/"},"sameAs":["https:\/\/www.facebook.com\/La-Sentinelle-104059864394773"]},{"@type":"Person","@id":"https:\/\/lasentinelle.dz\/#\/schema\/person\/d865044e22e70a75174ce8bcad3acfb3","name":"La Sentinelle","image":{"@type":"ImageObject","inLanguage":"fr-FR","@id":"https:\/\/secure.gravatar.com\/avatar\/57de8e5d4b15d43fb361a71fbb36338450fe67865b528a43dd10ef7c51a20392?s=96&d=mm&r=g","url":"https:\/\/secure.gravatar.com\/avatar\/57de8e5d4b15d43fb361a71fbb36338450fe67865b528a43dd10ef7c51a20392?s=96&d=mm&r=g","contentUrl":"https:\/\/secure.gravatar.com\/avatar\/57de8e5d4b15d43fb361a71fbb36338450fe67865b528a43dd10ef7c51a20392?s=96&d=mm&r=g","caption":"La Sentinelle"},"sameAs":["http:\/\/www.lasentinelle.dz"],"url":"https:\/\/lasentinelle.dz\/author\/redaction\/"}]}},"_links":{"self":[{"href":"https:\/\/lasentinelle.dz\/index.php\/wp-json\/wp\/v2\/posts\/23852","targetHints":{"allow":["GET"]}}],"collection":[{"href":"https:\/\/lasentinelle.dz\/index.php\/wp-json\/wp\/v2\/posts"}],"about":[{"href":"https:\/\/lasentinelle.dz\/index.php\/wp-json\/wp\/v2\/types\/post"}],"author":[{"embeddable":true,"href":"https:\/\/lasentinelle.dz\/index.php\/wp-json\/wp\/v2\/users\/3"}],"replies":[{"embeddable":true,"href":"https:\/\/lasentinelle.dz\/index.php\/wp-json\/wp\/v2\/comments?post=23852"}],"version-history":[{"count":1,"href":"https:\/\/lasentinelle.dz\/index.php\/wp-json\/wp\/v2\/posts\/23852\/revisions"}],"predecessor-version":[{"id":23856,"href":"https:\/\/lasentinelle.dz\/index.php\/wp-json\/wp\/v2\/posts\/23852\/revisions\/23856"}],"wp:featuredmedia":[{"embeddable":true,"href":"https:\/\/lasentinelle.dz\/index.php\/wp-json\/wp\/v2\/media\/17997"}],"wp:attachment":[{"href":"https:\/\/lasentinelle.dz\/index.php\/wp-json\/wp\/v2\/media?parent=23852"}],"wp:term":[{"taxonomy":"category","embeddable":true,"href":"https:\/\/lasentinelle.dz\/index.php\/wp-json\/wp\/v2\/categories?post=23852"},{"taxonomy":"post_tag","embeddable":true,"href":"https:\/\/lasentinelle.dz\/index.php\/wp-json\/wp\/v2\/tags?post=23852"}],"curies":[{"name":"wp","href":"https:\/\/api.w.org\/{rel}","templated":true}]}}