{"id":2389,"date":"2021-07-27T00:01:00","date_gmt":"2021-07-26T23:01:00","guid":{"rendered":"https:\/\/lasentinelle.dz\/?p=2389"},"modified":"2021-07-26T17:50:09","modified_gmt":"2021-07-26T16:50:09","slug":"bejaia-les-mesures-de-confinement-unanimement-saluees","status":"publish","type":"post","link":"https:\/\/lasentinelle.dz\/index.php\/2021\/07\/27\/bejaia-les-mesures-de-confinement-unanimement-saluees\/","title":{"rendered":"B\u00e9ja\u00efa : Les mesures de confinement unanimement salu\u00e9es"},"content":{"rendered":"\n<p>Les citoyens et les personnels de la sant\u00e9 au niveau de la wilaya de B\u00e9ja\u00efaont accueilli les mesures prises dimanche en Conseil des ministres avec grand soulagement.En effet, la fermeture des plages et des lieux de plaisance et de loisirs, la suspension des transports durant les weekends ainsi que la limitation de certaines activit\u00e9s, comme la restauration et les caf\u00e9s, aux services \u00e0 emporter et l\u2019interdiction de la c\u00e9l\u00e9bration des f\u00eates de mariages, ainsi que la fermeture des march\u00e9s hebdomadaires et de ventes de v\u00e9hicules,&nbsp; sont des mesures salu\u00e9es par tous.<\/p>\n\n\n\n<p>Plusieurs pr\u00e9sidents d\u2019APC, comme celui de Beni Maouche et autres, sont all\u00e9s jusqu\u2019\u00e0 appeler les citoyens de leurs communes \u00e0 se confiner bien avant 20h, notamment ceux qui sont en p\u00e9riode de cong\u00e9s ou en vacances comme les \u00e9l\u00e8ves et les \u00e9tudiants et ne quitter leurs domiciles qu\u2019en cas de n\u00e9cessit\u00e9 absolue.Parall\u00e8lement \u00e0 ces appels, qui s\u2019inscrivent dans le sillage de celles prises par le Conseil des ministres, les \u00e9lus locaux continuent d\u2019encourager les citoyens \u00e0 adh\u00e9rer \u00e0 la campagne de vaccination. Une campagne qui se caract\u00e9rise, comme nous l\u2019avons constat\u00e9 sur les lieux, par un engouement jamais constat\u00e9 depuis le lancement de cette op\u00e9ration en janvier pass\u00e9.<\/p>\n\n\n\n<p>A titre d\u2019exemple, au niveau des points de vaccination ouverts au niveau de la gare maritime ou celui de l\u2019EPSP du quartier populaire Oued Ach\u00e2alal, des dizaines de citoyens commencent \u00e0 affluer d\u00e8s sept heures du matin, qui accompagn\u00e9s de ses parents, qui en couple qui avec des amis et des proches\u2026bref, les agents charg\u00e9s de l\u2019organisation de cette op\u00e9ration vaccinale, semblent avoir du pain sur la planche, en accueillant ces dizaines de patients dans les premi\u00e8res heures de la matin\u00e9e.<\/p>\n\n\n\n<p>Dans le but d\u2019all\u00e9ger les h\u00f4pitaux de la commune du chef-lieu, les autorit\u00e9s de wilayas\u2019appr\u00eatent \u00e0 proc\u00e9der \u00e0 l\u2019ouverture de la structure sanitaire de la ville baln\u00e9aire de Souk El Tenine, commune situ\u00e9e \u00e0 une trentaine de kilom\u00e8tres \u00e0 l\u2019est de B\u00e9ja\u00efa.<\/p>\n\n\n\n<p>Hier matin, les caf\u00e9s \u00e9taient vides, les habitu\u00e9s se limitent \u00e0 une consommation \u00e0 emporter en se disant compr\u00e9hensifs \u00e0 l\u2019\u00e9gard de ces mesures per\u00e7ues comme \u00e9tant indispensables pour casser la chaine de contamination.L\u2019autre point relev\u00e9 durant ces derniers jours, est celui relatif au port de masque que les citoyens semblent respecter m\u00eame en dehors des endroits clos, comme les superettes.Une chose est certaine, contrairement aux premiers confinements d\u00e9cid\u00e9s par les autorit\u00e9s au d\u00e9but de la pand\u00e9mie et qui ont \u00e9t\u00e9 suivies de rumeurs les plus farfelues, cette fois ci, c\u2019est la raison qui l\u2019emporte sur toutes les rumeurs ayant \u00e9maill\u00e9 les confinements pr\u00e9c\u00e9dents lorsque des esprits tordus, distillaient des rumeurs sur leurs pages Facebook, \u00e0 travers lesquelles ils claironnaient \u00e0 tout bout de champs, que c\u2019\u00e9taient des mesures liberticides. Comme si, la pand\u00e9mie \u00e0 laquelle fait face toute&nbsp; la plan\u00e8te, ne concernait pas l\u2019Alg\u00e9rie.<\/p>\n\n\n\n<p><strong>Boubekeur Amrani<\/strong><\/p>\n","protected":false},"excerpt":{"rendered":"<p>Les citoyens et les personnels de la sant\u00e9 au niveau de la wilaya de B\u00e9ja\u00efaont accueilli les mesures prises dimanche<\/p>\n","protected":false},"author":3,"featured_media":2401,"comment_status":"open","ping_status":"closed","sticky":false,"template":"","format":"standard","meta":{"colormag_page_container_layout":"default_layout","colormag_page_sidebar_layout":"default_layout","om_disable_all_campaigns":false,"_monsterinsights_skip_tracking":false,"_monsterinsights_sitenote_active":false,"_monsterinsights_sitenote_note":"","_monsterinsights_sitenote_category":0,"footnotes":"","_wpscppro_dont_share_socialmedia":false,"_wpscppro_custom_social_share_image":0,"_facebook_share_type":"","_twitter_share_type":"","_linkedin_share_type":"","_pinterest_share_type":"","_linkedin_share_type_page":"","_instagram_share_type":"","_medium_share_type":"","_threads_share_type":"","_google_business_share_type":"","_selected_social_profile":[],"_wpsp_enable_custom_social_template":false,"_wpsp_social_scheduling":{"enabled":false,"datetime":null,"platforms":[],"status":"template_only","dateOption":"today","timeOption":"now","customDays":"","customHours":"","customDate":"","customTime":"","schedulingType":"absolute"},"_wpsp_active_default_template":true},"categories":[27],"tags":[],"class_list":["post-2389","post","type-post","status-publish","format-standard","has-post-thumbnail","hentry","category-actualite"],"aioseo_notices":[],"yoast_head":"<!-- This site is optimized with the Yoast SEO plugin v27.5 - https:\/\/yoast.com\/product\/yoast-seo-wordpress\/ -->\n<title>B\u00e9ja\u00efa : Les mesures de confinement unanimement salu\u00e9es - La Sentinelle<\/title>\n<meta name=\"robots\" content=\"index, follow, max-snippet:-1, max-image-preview:large, max-video-preview:-1\" \/>\n<link rel=\"canonical\" href=\"https:\/\/lasentinelle.dz\/index.php\/2021\/07\/27\/bejaia-les-mesures-de-confinement-unanimement-saluees\/\" \/>\n<meta property=\"og:locale\" content=\"fr_FR\" \/>\n<meta property=\"og:type\" content=\"article\" \/>\n<meta property=\"og:title\" content=\"B\u00e9ja\u00efa : Les mesures de confinement unanimement salu\u00e9es - La Sentinelle\" \/>\n<meta property=\"og:description\" content=\"Les citoyens et les personnels de la sant\u00e9 au niveau de la wilaya de B\u00e9ja\u00efaont accueilli les mesures prises dimanche\" \/>\n<meta property=\"og:url\" content=\"https:\/\/lasentinelle.dz\/index.php\/2021\/07\/27\/bejaia-les-mesures-de-confinement-unanimement-saluees\/\" \/>\n<meta property=\"og:site_name\" content=\"La Sentinelle\" \/>\n<meta property=\"article:publisher\" content=\"https:\/\/www.facebook.com\/La-Sentinelle-104059864394773\" \/>\n<meta property=\"article:published_time\" content=\"2021-07-26T23:01:00+00:00\" \/>\n<meta property=\"og:image\" content=\"https:\/\/lasentinelle.dz\/wp-content\/uploads\/2021\/07\/bedjaia.png\" \/>\n\t<meta property=\"og:image:width\" content=\"1597\" \/>\n\t<meta property=\"og:image:height\" content=\"900\" \/>\n\t<meta property=\"og:image:type\" content=\"image\/png\" \/>\n<meta name=\"author\" content=\"La Sentinelle\" \/>\n<meta name=\"twitter:card\" content=\"summary_large_image\" \/>\n<meta name=\"twitter:label1\" content=\"\u00c9crit par\" \/>\n\t<meta name=\"twitter:data1\" content=\"La Sentinelle\" \/>\n\t<meta name=\"twitter:label2\" content=\"Dur\u00e9e de lecture estim\u00e9e\" \/>\n\t<meta name=\"twitter:data2\" content=\"3 minutes\" \/>\n<script type=\"application\/ld+json\" class=\"yoast-schema-graph\">{\"@context\":\"https:\\\/\\\/schema.org\",\"@graph\":[{\"@type\":\"Article\",\"@id\":\"https:\\\/\\\/lasentinelle.dz\\\/index.php\\\/2021\\\/07\\\/27\\\/bejaia-les-mesures-de-confinement-unanimement-saluees\\\/#article\",\"isPartOf\":{\"@id\":\"https:\\\/\\\/lasentinelle.dz\\\/index.php\\\/2021\\\/07\\\/27\\\/bejaia-les-mesures-de-confinement-unanimement-saluees\\\/\"},\"author\":{\"name\":\"La Sentinelle\",\"@id\":\"https:\\\/\\\/lasentinelle.dz\\\/#\\\/schema\\\/person\\\/d865044e22e70a75174ce8bcad3acfb3\"},\"headline\":\"B\u00e9ja\u00efa : Les mesures de confinement unanimement salu\u00e9es\",\"datePublished\":\"2021-07-26T23:01:00+00:00\",\"mainEntityOfPage\":{\"@id\":\"https:\\\/\\\/lasentinelle.dz\\\/index.php\\\/2021\\\/07\\\/27\\\/bejaia-les-mesures-de-confinement-unanimement-saluees\\\/\"},\"wordCount\":541,\"commentCount\":0,\"publisher\":{\"@id\":\"https:\\\/\\\/lasentinelle.dz\\\/#organization\"},\"image\":{\"@id\":\"https:\\\/\\\/lasentinelle.dz\\\/index.php\\\/2021\\\/07\\\/27\\\/bejaia-les-mesures-de-confinement-unanimement-saluees\\\/#primaryimage\"},\"thumbnailUrl\":\"https:\\\/\\\/lasentinelle.dz\\\/wp-content\\\/uploads\\\/2021\\\/07\\\/bedjaia.png\",\"articleSection\":[\"Actualit\u00e9\"],\"inLanguage\":\"fr-FR\",\"potentialAction\":[{\"@type\":\"CommentAction\",\"name\":\"Comment\",\"target\":[\"https:\\\/\\\/lasentinelle.dz\\\/index.php\\\/2021\\\/07\\\/27\\\/bejaia-les-mesures-de-confinement-unanimement-saluees\\\/#respond\"]}]},{\"@type\":\"WebPage\",\"@id\":\"https:\\\/\\\/lasentinelle.dz\\\/index.php\\\/2021\\\/07\\\/27\\\/bejaia-les-mesures-de-confinement-unanimement-saluees\\\/\",\"url\":\"https:\\\/\\\/lasentinelle.dz\\\/index.php\\\/2021\\\/07\\\/27\\\/bejaia-les-mesures-de-confinement-unanimement-saluees\\\/\",\"name\":\"B\u00e9ja\u00efa : Les mesures de confinement unanimement salu\u00e9es - La Sentinelle\",\"isPartOf\":{\"@id\":\"https:\\\/\\\/lasentinelle.dz\\\/#website\"},\"primaryImageOfPage\":{\"@id\":\"https:\\\/\\\/lasentinelle.dz\\\/index.php\\\/2021\\\/07\\\/27\\\/bejaia-les-mesures-de-confinement-unanimement-saluees\\\/#primaryimage\"},\"image\":{\"@id\":\"https:\\\/\\\/lasentinelle.dz\\\/index.php\\\/2021\\\/07\\\/27\\\/bejaia-les-mesures-de-confinement-unanimement-saluees\\\/#primaryimage\"},\"thumbnailUrl\":\"https:\\\/\\\/lasentinelle.dz\\\/wp-content\\\/uploads\\\/2021\\\/07\\\/bedjaia.png\",\"datePublished\":\"2021-07-26T23:01:00+00:00\",\"breadcrumb\":{\"@id\":\"https:\\\/\\\/lasentinelle.dz\\\/index.php\\\/2021\\\/07\\\/27\\\/bejaia-les-mesures-de-confinement-unanimement-saluees\\\/#breadcrumb\"},\"inLanguage\":\"fr-FR\",\"potentialAction\":[{\"@type\":\"ReadAction\",\"target\":[\"https:\\\/\\\/lasentinelle.dz\\\/index.php\\\/2021\\\/07\\\/27\\\/bejaia-les-mesures-de-confinement-unanimement-saluees\\\/\"]}]},{\"@type\":\"ImageObject\",\"inLanguage\":\"fr-FR\",\"@id\":\"https:\\\/\\\/lasentinelle.dz\\\/index.php\\\/2021\\\/07\\\/27\\\/bejaia-les-mesures-de-confinement-unanimement-saluees\\\/#primaryimage\",\"url\":\"https:\\\/\\\/lasentinelle.dz\\\/wp-content\\\/uploads\\\/2021\\\/07\\\/bedjaia.png\",\"contentUrl\":\"https:\\\/\\\/lasentinelle.dz\\\/wp-content\\\/uploads\\\/2021\\\/07\\\/bedjaia.png\",\"width\":1597,\"height\":900},{\"@type\":\"BreadcrumbList\",\"@id\":\"https:\\\/\\\/lasentinelle.dz\\\/index.php\\\/2021\\\/07\\\/27\\\/bejaia-les-mesures-de-confinement-unanimement-saluees\\\/#breadcrumb\",\"itemListElement\":[{\"@type\":\"ListItem\",\"position\":1,\"name\":\"Accueil\",\"item\":\"https:\\\/\\\/lasentinelle.dz\\\/\"},{\"@type\":\"ListItem\",\"position\":2,\"name\":\"B\u00e9ja\u00efa : Les mesures de confinement unanimement salu\u00e9es\"}]},{\"@type\":\"WebSite\",\"@id\":\"https:\\\/\\\/lasentinelle.dz\\\/#website\",\"url\":\"https:\\\/\\\/lasentinelle.dz\\\/\",\"name\":\"La Sentinelle\",\"description\":\"Quotidien national d&#039;information\",\"publisher\":{\"@id\":\"https:\\\/\\\/lasentinelle.dz\\\/#organization\"},\"potentialAction\":[{\"@type\":\"SearchAction\",\"target\":{\"@type\":\"EntryPoint\",\"urlTemplate\":\"https:\\\/\\\/lasentinelle.dz\\\/?s={search_term_string}\"},\"query-input\":{\"@type\":\"PropertyValueSpecification\",\"valueRequired\":true,\"valueName\":\"search_term_string\"}}],\"inLanguage\":\"fr-FR\"},{\"@type\":\"Organization\",\"@id\":\"https:\\\/\\\/lasentinelle.dz\\\/#organization\",\"name\":\"Quotidien La Sentinelle\",\"url\":\"https:\\\/\\\/lasentinelle.dz\\\/\",\"logo\":{\"@type\":\"ImageObject\",\"inLanguage\":\"fr-FR\",\"@id\":\"https:\\\/\\\/lasentinelle.dz\\\/#\\\/schema\\\/logo\\\/image\\\/\",\"url\":\"https:\\\/\\\/lasentinelle.dz\\\/wp-content\\\/uploads\\\/2021\\\/09\\\/logo-sentinelleSLOGAN-1.png\",\"contentUrl\":\"https:\\\/\\\/lasentinelle.dz\\\/wp-content\\\/uploads\\\/2021\\\/09\\\/logo-sentinelleSLOGAN-1.png\",\"width\":615,\"height\":142,\"caption\":\"Quotidien La Sentinelle\"},\"image\":{\"@id\":\"https:\\\/\\\/lasentinelle.dz\\\/#\\\/schema\\\/logo\\\/image\\\/\"},\"sameAs\":[\"https:\\\/\\\/www.facebook.com\\\/La-Sentinelle-104059864394773\"]},{\"@type\":\"Person\",\"@id\":\"https:\\\/\\\/lasentinelle.dz\\\/#\\\/schema\\\/person\\\/d865044e22e70a75174ce8bcad3acfb3\",\"name\":\"La Sentinelle\",\"image\":{\"@type\":\"ImageObject\",\"inLanguage\":\"fr-FR\",\"@id\":\"https:\\\/\\\/secure.gravatar.com\\\/avatar\\\/57de8e5d4b15d43fb361a71fbb36338450fe67865b528a43dd10ef7c51a20392?s=96&d=mm&r=g\",\"url\":\"https:\\\/\\\/secure.gravatar.com\\\/avatar\\\/57de8e5d4b15d43fb361a71fbb36338450fe67865b528a43dd10ef7c51a20392?s=96&d=mm&r=g\",\"contentUrl\":\"https:\\\/\\\/secure.gravatar.com\\\/avatar\\\/57de8e5d4b15d43fb361a71fbb36338450fe67865b528a43dd10ef7c51a20392?s=96&d=mm&r=g\",\"caption\":\"La Sentinelle\"},\"sameAs\":[\"http:\\\/\\\/www.lasentinelle.dz\"],\"url\":\"https:\\\/\\\/lasentinelle.dz\\\/author\\\/redaction\\\/\"}]}<\/script>\n<!-- \/ Yoast SEO plugin. -->","yoast_head_json":{"title":"B\u00e9ja\u00efa : Les mesures de confinement unanimement salu\u00e9es - La Sentinelle","robots":{"index":"index","follow":"follow","max-snippet":"max-snippet:-1","max-image-preview":"max-image-preview:large","max-video-preview":"max-video-preview:-1"},"canonical":"https:\/\/lasentinelle.dz\/index.php\/2021\/07\/27\/bejaia-les-mesures-de-confinement-unanimement-saluees\/","og_locale":"fr_FR","og_type":"article","og_title":"B\u00e9ja\u00efa : Les mesures de confinement unanimement salu\u00e9es - La Sentinelle","og_description":"Les citoyens et les personnels de la sant\u00e9 au niveau de la wilaya de B\u00e9ja\u00efaont accueilli les mesures prises dimanche","og_url":"https:\/\/lasentinelle.dz\/index.php\/2021\/07\/27\/bejaia-les-mesures-de-confinement-unanimement-saluees\/","og_site_name":"La Sentinelle","article_publisher":"https:\/\/www.facebook.com\/La-Sentinelle-104059864394773","article_published_time":"2021-07-26T23:01:00+00:00","og_image":[{"width":1597,"height":900,"url":"https:\/\/lasentinelle.dz\/wp-content\/uploads\/2021\/07\/bedjaia.png","type":"image\/png"}],"author":"La Sentinelle","twitter_card":"summary_large_image","twitter_misc":{"\u00c9crit par":"La Sentinelle","Dur\u00e9e de lecture estim\u00e9e":"3 minutes"},"schema":{"@context":"https:\/\/schema.org","@graph":[{"@type":"Article","@id":"https:\/\/lasentinelle.dz\/index.php\/2021\/07\/27\/bejaia-les-mesures-de-confinement-unanimement-saluees\/#article","isPartOf":{"@id":"https:\/\/lasentinelle.dz\/index.php\/2021\/07\/27\/bejaia-les-mesures-de-confinement-unanimement-saluees\/"},"author":{"name":"La Sentinelle","@id":"https:\/\/lasentinelle.dz\/#\/schema\/person\/d865044e22e70a75174ce8bcad3acfb3"},"headline":"B\u00e9ja\u00efa : Les mesures de confinement unanimement salu\u00e9es","datePublished":"2021-07-26T23:01:00+00:00","mainEntityOfPage":{"@id":"https:\/\/lasentinelle.dz\/index.php\/2021\/07\/27\/bejaia-les-mesures-de-confinement-unanimement-saluees\/"},"wordCount":541,"commentCount":0,"publisher":{"@id":"https:\/\/lasentinelle.dz\/#organization"},"image":{"@id":"https:\/\/lasentinelle.dz\/index.php\/2021\/07\/27\/bejaia-les-mesures-de-confinement-unanimement-saluees\/#primaryimage"},"thumbnailUrl":"https:\/\/lasentinelle.dz\/wp-content\/uploads\/2021\/07\/bedjaia.png","articleSection":["Actualit\u00e9"],"inLanguage":"fr-FR","potentialAction":[{"@type":"CommentAction","name":"Comment","target":["https:\/\/lasentinelle.dz\/index.php\/2021\/07\/27\/bejaia-les-mesures-de-confinement-unanimement-saluees\/#respond"]}]},{"@type":"WebPage","@id":"https:\/\/lasentinelle.dz\/index.php\/2021\/07\/27\/bejaia-les-mesures-de-confinement-unanimement-saluees\/","url":"https:\/\/lasentinelle.dz\/index.php\/2021\/07\/27\/bejaia-les-mesures-de-confinement-unanimement-saluees\/","name":"B\u00e9ja\u00efa : Les mesures de confinement unanimement salu\u00e9es - La Sentinelle","isPartOf":{"@id":"https:\/\/lasentinelle.dz\/#website"},"primaryImageOfPage":{"@id":"https:\/\/lasentinelle.dz\/index.php\/2021\/07\/27\/bejaia-les-mesures-de-confinement-unanimement-saluees\/#primaryimage"},"image":{"@id":"https:\/\/lasentinelle.dz\/index.php\/2021\/07\/27\/bejaia-les-mesures-de-confinement-unanimement-saluees\/#primaryimage"},"thumbnailUrl":"https:\/\/lasentinelle.dz\/wp-content\/uploads\/2021\/07\/bedjaia.png","datePublished":"2021-07-26T23:01:00+00:00","breadcrumb":{"@id":"https:\/\/lasentinelle.dz\/index.php\/2021\/07\/27\/bejaia-les-mesures-de-confinement-unanimement-saluees\/#breadcrumb"},"inLanguage":"fr-FR","potentialAction":[{"@type":"ReadAction","target":["https:\/\/lasentinelle.dz\/index.php\/2021\/07\/27\/bejaia-les-mesures-de-confinement-unanimement-saluees\/"]}]},{"@type":"ImageObject","inLanguage":"fr-FR","@id":"https:\/\/lasentinelle.dz\/index.php\/2021\/07\/27\/bejaia-les-mesures-de-confinement-unanimement-saluees\/#primaryimage","url":"https:\/\/lasentinelle.dz\/wp-content\/uploads\/2021\/07\/bedjaia.png","contentUrl":"https:\/\/lasentinelle.dz\/wp-content\/uploads\/2021\/07\/bedjaia.png","width":1597,"height":900},{"@type":"BreadcrumbList","@id":"https:\/\/lasentinelle.dz\/index.php\/2021\/07\/27\/bejaia-les-mesures-de-confinement-unanimement-saluees\/#breadcrumb","itemListElement":[{"@type":"ListItem","position":1,"name":"Accueil","item":"https:\/\/lasentinelle.dz\/"},{"@type":"ListItem","position":2,"name":"B\u00e9ja\u00efa : Les mesures de confinement unanimement salu\u00e9es"}]},{"@type":"WebSite","@id":"https:\/\/lasentinelle.dz\/#website","url":"https:\/\/lasentinelle.dz\/","name":"La Sentinelle","description":"Quotidien national d&#039;information","publisher":{"@id":"https:\/\/lasentinelle.dz\/#organization"},"potentialAction":[{"@type":"SearchAction","target":{"@type":"EntryPoint","urlTemplate":"https:\/\/lasentinelle.dz\/?s={search_term_string}"},"query-input":{"@type":"PropertyValueSpecification","valueRequired":true,"valueName":"search_term_string"}}],"inLanguage":"fr-FR"},{"@type":"Organization","@id":"https:\/\/lasentinelle.dz\/#organization","name":"Quotidien La Sentinelle","url":"https:\/\/lasentinelle.dz\/","logo":{"@type":"ImageObject","inLanguage":"fr-FR","@id":"https:\/\/lasentinelle.dz\/#\/schema\/logo\/image\/","url":"https:\/\/lasentinelle.dz\/wp-content\/uploads\/2021\/09\/logo-sentinelleSLOGAN-1.png","contentUrl":"https:\/\/lasentinelle.dz\/wp-content\/uploads\/2021\/09\/logo-sentinelleSLOGAN-1.png","width":615,"height":142,"caption":"Quotidien La Sentinelle"},"image":{"@id":"https:\/\/lasentinelle.dz\/#\/schema\/logo\/image\/"},"sameAs":["https:\/\/www.facebook.com\/La-Sentinelle-104059864394773"]},{"@type":"Person","@id":"https:\/\/lasentinelle.dz\/#\/schema\/person\/d865044e22e70a75174ce8bcad3acfb3","name":"La Sentinelle","image":{"@type":"ImageObject","inLanguage":"fr-FR","@id":"https:\/\/secure.gravatar.com\/avatar\/57de8e5d4b15d43fb361a71fbb36338450fe67865b528a43dd10ef7c51a20392?s=96&d=mm&r=g","url":"https:\/\/secure.gravatar.com\/avatar\/57de8e5d4b15d43fb361a71fbb36338450fe67865b528a43dd10ef7c51a20392?s=96&d=mm&r=g","contentUrl":"https:\/\/secure.gravatar.com\/avatar\/57de8e5d4b15d43fb361a71fbb36338450fe67865b528a43dd10ef7c51a20392?s=96&d=mm&r=g","caption":"La Sentinelle"},"sameAs":["http:\/\/www.lasentinelle.dz"],"url":"https:\/\/lasentinelle.dz\/author\/redaction\/"}]}},"_links":{"self":[{"href":"https:\/\/lasentinelle.dz\/index.php\/wp-json\/wp\/v2\/posts\/2389","targetHints":{"allow":["GET"]}}],"collection":[{"href":"https:\/\/lasentinelle.dz\/index.php\/wp-json\/wp\/v2\/posts"}],"about":[{"href":"https:\/\/lasentinelle.dz\/index.php\/wp-json\/wp\/v2\/types\/post"}],"author":[{"embeddable":true,"href":"https:\/\/lasentinelle.dz\/index.php\/wp-json\/wp\/v2\/users\/3"}],"replies":[{"embeddable":true,"href":"https:\/\/lasentinelle.dz\/index.php\/wp-json\/wp\/v2\/comments?post=2389"}],"version-history":[{"count":1,"href":"https:\/\/lasentinelle.dz\/index.php\/wp-json\/wp\/v2\/posts\/2389\/revisions"}],"predecessor-version":[{"id":2403,"href":"https:\/\/lasentinelle.dz\/index.php\/wp-json\/wp\/v2\/posts\/2389\/revisions\/2403"}],"wp:featuredmedia":[{"embeddable":true,"href":"https:\/\/lasentinelle.dz\/index.php\/wp-json\/wp\/v2\/media\/2401"}],"wp:attachment":[{"href":"https:\/\/lasentinelle.dz\/index.php\/wp-json\/wp\/v2\/media?parent=2389"}],"wp:term":[{"taxonomy":"category","embeddable":true,"href":"https:\/\/lasentinelle.dz\/index.php\/wp-json\/wp\/v2\/categories?post=2389"},{"taxonomy":"post_tag","embeddable":true,"href":"https:\/\/lasentinelle.dz\/index.php\/wp-json\/wp\/v2\/tags?post=2389"}],"curies":[{"name":"wp","href":"https:\/\/api.w.org\/{rel}","templated":true}]}}