{"id":2391,"date":"2021-07-27T00:01:00","date_gmt":"2021-07-26T23:01:00","guid":{"rendered":"https:\/\/lasentinelle.dz\/?p=2391"},"modified":"2021-07-26T17:50:38","modified_gmt":"2021-07-26T16:50:38","slug":"annaba-durcissement-des-mesures-anti-covid","status":"publish","type":"post","link":"https:\/\/lasentinelle.dz\/index.php\/2021\/07\/27\/annaba-durcissement-des-mesures-anti-covid\/","title":{"rendered":"Annaba : Durcissement des mesures anti-Covid"},"content":{"rendered":"\n<p>N\u2019\u00e9tant pas concern\u00e9es par le confinement partiel \u00e0 domicile, les habitants d\u2019Annaba pensent, \u00e0 tort, &nbsp;\u00eatre \u00e0 l\u2019abri de la propagation de la pand\u00e9mie du coronavirus.Pour faire face \u00e0 cette attitude, les autorit\u00e9s locales de la wilaya d\u2019Annaba ont d\u00e9cid\u00e9 d\u2019user des pr\u00e9rogatives qui leur sont conf\u00e9r\u00e9es par la tutelle, afin d\u2019obliger les populations \u00e0 se conformer au protocole sanitaire et aux mesures de protection. Jug\u00e9e d\u00e9j\u00e0 de grave, la situation \u00e9pid\u00e9miologique a contraint les autorit\u00e9s de la wilaya d\u2019Annaba \u00e0 durcir un peu plus les mesures de pr\u00e9vention. Lors de la r\u00e9union&nbsp; de la commission de suivi de l\u2019\u00e9volution de la pand\u00e9mie \u00e0 Annaba, tenue hier, au si\u00e8ge de la wilaya et pr\u00e9sid\u00e9e par Djamel Eddine Berrimi, les instructions ont concern\u00e9 la multiplication des points de contr\u00f4le. \u00ab&nbsp;Nous avons instruit tous les services de s\u00e9curit\u00e9, gendarmerie nationale et police de poster des points de contr\u00f4le dans tous les points d\u2019acc\u00e8s de la wilaya, pour v\u00e9rifier le respect des mesures anti-Covid-19&nbsp;\u00bb, a fait savoir le wali d\u2019Annaba. Le responsable a donn\u00e9 ordre de prendre les mesures ad\u00e9quates \u00e0 l\u2019encontre de tous les contrevenants, dont le retrait du permis de conduire et le refoulement du moyen de transport n\u00e9gligeant les mesures. Les services de la Direction du commerce (DCP) d\u2019Annaba ont \u00e9galement \u00e9t\u00e9 instruits de multiplier les contr\u00f4les dans les espaces d\u2019activit\u00e9s commerciales. L\u2019absence du protocole sanitaire et le non port de bavette vauda le retrait du registre de commerce et la fermeture de 30 jours pour les contrevenants. Les caf\u00e9s, les restaurants et autres espaces de consommation sont, quant \u00e0 eux,&nbsp; contraints de s\u2019en tenir \u00e0 la vente unique, soit la r\u00e9duction \u00e0 50% de leurs activit\u00e9s.&nbsp; S\u2019agissant du contr\u00f4le sur les plages d\u2019Annaba, les \u00e9l\u00e9ments de la gendarmerie nationale viennent de doubler les efforts et les brigades afin de veiller au respect des mesures barri\u00e8res. Selon les chiffres pr\u00e9sent\u00e9s par le wali d\u2019Annaba, il est fait \u00e9tat de 20 d\u00e9c\u00e8s par semaine&nbsp; alors qu\u2019il \u00e9tait de un (1) auparavant. Il fait \u00e9tat \u00e9galement d\u2019une recrudescence des contaminations avec plus de 50 contaminations dans les&nbsp; 6 hopitaux de la wilaya, qui n\u2019\u00e9taient jusque l\u00e0 qu\u2019\u00e0 10 cas. Cette courbe haussi\u00e8re traduit la rapidit\u00e9 de la propagation de la pand\u00e9mie, qui risque \u2018\u2019si les populations n\u2019affichent pas plus de responsabilit\u00e9 de donner lieu \u00e0 une catastrophe\u2019\u2019, a soulign\u00e9 le chef de l\u2019ex\u00e9cutif local. Ce dernier qa fait&nbsp; savoir que la r\u00e9union avec les membres de la commission&nbsp; de suivie de la pand\u00e9mie et le DSP d\u2019Annaba a \u00e9galement pour objectif de d\u00e9battre des \u00e9quipements manquants dans les h\u00f4pitaux, les respirateurs individuels notamment. Sur la demande de la DSP, il \u00e9tait pr\u00e9vu l\u2019achat de 100 respirateurs de 10 litres \u2018\u2019 nous nous sommes&nbsp; retrouv\u00e9s avec un nombre de respirateurs au-del\u00e0, des attentes, et ce gr\u00e2ce \u00e0 la contribution des op\u00e9rateurs \u00e9conomiques, les hommes d\u2019affaires et les investisseurs de la wilaya, dont l\u2019\u00e9lan remarquable de solidarit\u00e9, nous a permis d\u2019obtenir un peu plus de 100 respirateurs\u2019\u2019, s\u2019est r\u00e9jouit le wali. Ces \u00e9quipements vont conforter les h\u00f4pitaux et seront utilis\u00e9s pour les malades qui ne seront pas admis \u00e0 l\u2019h\u00f4pital\u2019\u2019, a dit Djamel Eddine Berrimi. Evoquant le probl\u00e8me de l\u2019oxyg\u00e8ne, le responsable a soulign\u00e9 quebien que la wilaya d\u2019Annaba est \u00e0 l\u2019abri, toutes&nbsp; dispositions ont \u00e9t\u00e9 prises afin de ne pas \u2018\u2019 tomber dans le manque\u2019\u2019. Nous somme aliment\u00e9s par l\u2019entreprise Linde Gaz et le complexe Sider, va contribuer \u00e0 l\u2019augmentation des capacit\u00e9s d\u2019approvisionnement, avec 50.000 l\/J\u2019\u2019, a indiqu\u00e9 le responsable. Par ailleurs, le wali d\u2019Annaba n\u2019a pas cach\u00e9 sa crainte quant \u00e0 une \u00e9volution dramatique de la situation sanitaire, face \u00e0 ce laisser-aller des citoyens,apelant dans ce sillage les populations \u00e0 plus de prudence pour \u00e9viter un autre durcissement des mesures de pr\u00e9vention pouvant aller jusqu\u2019au au confinement, si des foyers de contaminations venaient \u00e0 appara\u00eetre dans une quelconque zone ou quartier.<\/p>\n\n\n\n<p><strong>Sofia Chahine<\/strong><\/p>\n","protected":false},"excerpt":{"rendered":"<p>N\u2019\u00e9tant pas concern\u00e9es par le confinement partiel \u00e0 domicile, les habitants d\u2019Annaba pensent, \u00e0 tort, &nbsp;\u00eatre \u00e0 l\u2019abri de la<\/p>\n","protected":false},"author":3,"featured_media":2400,"comment_status":"open","ping_status":"closed","sticky":false,"template":"","format":"standard","meta":{"colormag_page_container_layout":"default_layout","colormag_page_sidebar_layout":"default_layout","om_disable_all_campaigns":false,"_monsterinsights_skip_tracking":false,"_monsterinsights_sitenote_active":false,"_monsterinsights_sitenote_note":"","_monsterinsights_sitenote_category":0,"footnotes":"","_wpscppro_dont_share_socialmedia":false,"_wpscppro_custom_social_share_image":0,"_facebook_share_type":"","_twitter_share_type":"","_linkedin_share_type":"","_pinterest_share_type":"","_linkedin_share_type_page":"","_instagram_share_type":"","_medium_share_type":"","_threads_share_type":"","_google_business_share_type":"","_selected_social_profile":[],"_wpsp_enable_custom_social_template":false,"_wpsp_social_scheduling":{"enabled":false,"datetime":null,"platforms":[],"status":"template_only","dateOption":"today","timeOption":"now","customDays":"","customHours":"","customDate":"","customTime":"","schedulingType":"absolute"},"_wpsp_active_default_template":true},"categories":[27],"tags":[],"class_list":["post-2391","post","type-post","status-publish","format-standard","has-post-thumbnail","hentry","category-actualite"],"aioseo_notices":[],"yoast_head":"<!-- This site is optimized with the Yoast SEO plugin v27.5 - https:\/\/yoast.com\/product\/yoast-seo-wordpress\/ -->\n<title>Annaba : Durcissement des mesures anti-Covid - La Sentinelle<\/title>\n<meta name=\"robots\" content=\"index, follow, max-snippet:-1, max-image-preview:large, max-video-preview:-1\" \/>\n<link rel=\"canonical\" href=\"https:\/\/lasentinelle.dz\/index.php\/2021\/07\/27\/annaba-durcissement-des-mesures-anti-covid\/\" \/>\n<meta property=\"og:locale\" content=\"fr_FR\" \/>\n<meta property=\"og:type\" content=\"article\" \/>\n<meta property=\"og:title\" content=\"Annaba : Durcissement des mesures anti-Covid - La Sentinelle\" \/>\n<meta property=\"og:description\" content=\"N\u2019\u00e9tant pas concern\u00e9es par le confinement partiel \u00e0 domicile, les habitants d\u2019Annaba pensent, \u00e0 tort, &nbsp;\u00eatre \u00e0 l\u2019abri de la\" \/>\n<meta property=\"og:url\" content=\"https:\/\/lasentinelle.dz\/index.php\/2021\/07\/27\/annaba-durcissement-des-mesures-anti-covid\/\" \/>\n<meta property=\"og:site_name\" content=\"La Sentinelle\" \/>\n<meta property=\"article:publisher\" content=\"https:\/\/www.facebook.com\/La-Sentinelle-104059864394773\" \/>\n<meta property=\"article:published_time\" content=\"2021-07-26T23:01:00+00:00\" \/>\n<meta property=\"og:image\" content=\"https:\/\/lasentinelle.dz\/wp-content\/uploads\/2021\/07\/anti-covid.png\" \/>\n\t<meta property=\"og:image:width\" content=\"1800\" \/>\n\t<meta property=\"og:image:height\" content=\"900\" \/>\n\t<meta property=\"og:image:type\" content=\"image\/png\" \/>\n<meta name=\"author\" content=\"La Sentinelle\" \/>\n<meta name=\"twitter:card\" content=\"summary_large_image\" \/>\n<meta name=\"twitter:label1\" content=\"\u00c9crit par\" \/>\n\t<meta name=\"twitter:data1\" content=\"La Sentinelle\" \/>\n\t<meta name=\"twitter:label2\" content=\"Dur\u00e9e de lecture estim\u00e9e\" \/>\n\t<meta name=\"twitter:data2\" content=\"3 minutes\" \/>\n<script type=\"application\/ld+json\" class=\"yoast-schema-graph\">{\"@context\":\"https:\\\/\\\/schema.org\",\"@graph\":[{\"@type\":\"Article\",\"@id\":\"https:\\\/\\\/lasentinelle.dz\\\/index.php\\\/2021\\\/07\\\/27\\\/annaba-durcissement-des-mesures-anti-covid\\\/#article\",\"isPartOf\":{\"@id\":\"https:\\\/\\\/lasentinelle.dz\\\/index.php\\\/2021\\\/07\\\/27\\\/annaba-durcissement-des-mesures-anti-covid\\\/\"},\"author\":{\"name\":\"La Sentinelle\",\"@id\":\"https:\\\/\\\/lasentinelle.dz\\\/#\\\/schema\\\/person\\\/d865044e22e70a75174ce8bcad3acfb3\"},\"headline\":\"Annaba : Durcissement des mesures anti-Covid\",\"datePublished\":\"2021-07-26T23:01:00+00:00\",\"mainEntityOfPage\":{\"@id\":\"https:\\\/\\\/lasentinelle.dz\\\/index.php\\\/2021\\\/07\\\/27\\\/annaba-durcissement-des-mesures-anti-covid\\\/\"},\"wordCount\":724,\"commentCount\":0,\"publisher\":{\"@id\":\"https:\\\/\\\/lasentinelle.dz\\\/#organization\"},\"image\":{\"@id\":\"https:\\\/\\\/lasentinelle.dz\\\/index.php\\\/2021\\\/07\\\/27\\\/annaba-durcissement-des-mesures-anti-covid\\\/#primaryimage\"},\"thumbnailUrl\":\"https:\\\/\\\/lasentinelle.dz\\\/wp-content\\\/uploads\\\/2021\\\/07\\\/anti-covid.png\",\"articleSection\":[\"Actualit\u00e9\"],\"inLanguage\":\"fr-FR\",\"potentialAction\":[{\"@type\":\"CommentAction\",\"name\":\"Comment\",\"target\":[\"https:\\\/\\\/lasentinelle.dz\\\/index.php\\\/2021\\\/07\\\/27\\\/annaba-durcissement-des-mesures-anti-covid\\\/#respond\"]}]},{\"@type\":\"WebPage\",\"@id\":\"https:\\\/\\\/lasentinelle.dz\\\/index.php\\\/2021\\\/07\\\/27\\\/annaba-durcissement-des-mesures-anti-covid\\\/\",\"url\":\"https:\\\/\\\/lasentinelle.dz\\\/index.php\\\/2021\\\/07\\\/27\\\/annaba-durcissement-des-mesures-anti-covid\\\/\",\"name\":\"Annaba : Durcissement des mesures anti-Covid - La Sentinelle\",\"isPartOf\":{\"@id\":\"https:\\\/\\\/lasentinelle.dz\\\/#website\"},\"primaryImageOfPage\":{\"@id\":\"https:\\\/\\\/lasentinelle.dz\\\/index.php\\\/2021\\\/07\\\/27\\\/annaba-durcissement-des-mesures-anti-covid\\\/#primaryimage\"},\"image\":{\"@id\":\"https:\\\/\\\/lasentinelle.dz\\\/index.php\\\/2021\\\/07\\\/27\\\/annaba-durcissement-des-mesures-anti-covid\\\/#primaryimage\"},\"thumbnailUrl\":\"https:\\\/\\\/lasentinelle.dz\\\/wp-content\\\/uploads\\\/2021\\\/07\\\/anti-covid.png\",\"datePublished\":\"2021-07-26T23:01:00+00:00\",\"breadcrumb\":{\"@id\":\"https:\\\/\\\/lasentinelle.dz\\\/index.php\\\/2021\\\/07\\\/27\\\/annaba-durcissement-des-mesures-anti-covid\\\/#breadcrumb\"},\"inLanguage\":\"fr-FR\",\"potentialAction\":[{\"@type\":\"ReadAction\",\"target\":[\"https:\\\/\\\/lasentinelle.dz\\\/index.php\\\/2021\\\/07\\\/27\\\/annaba-durcissement-des-mesures-anti-covid\\\/\"]}]},{\"@type\":\"ImageObject\",\"inLanguage\":\"fr-FR\",\"@id\":\"https:\\\/\\\/lasentinelle.dz\\\/index.php\\\/2021\\\/07\\\/27\\\/annaba-durcissement-des-mesures-anti-covid\\\/#primaryimage\",\"url\":\"https:\\\/\\\/lasentinelle.dz\\\/wp-content\\\/uploads\\\/2021\\\/07\\\/anti-covid.png\",\"contentUrl\":\"https:\\\/\\\/lasentinelle.dz\\\/wp-content\\\/uploads\\\/2021\\\/07\\\/anti-covid.png\",\"width\":1800,\"height\":900},{\"@type\":\"BreadcrumbList\",\"@id\":\"https:\\\/\\\/lasentinelle.dz\\\/index.php\\\/2021\\\/07\\\/27\\\/annaba-durcissement-des-mesures-anti-covid\\\/#breadcrumb\",\"itemListElement\":[{\"@type\":\"ListItem\",\"position\":1,\"name\":\"Accueil\",\"item\":\"https:\\\/\\\/lasentinelle.dz\\\/\"},{\"@type\":\"ListItem\",\"position\":2,\"name\":\"Annaba : Durcissement des mesures anti-Covid\"}]},{\"@type\":\"WebSite\",\"@id\":\"https:\\\/\\\/lasentinelle.dz\\\/#website\",\"url\":\"https:\\\/\\\/lasentinelle.dz\\\/\",\"name\":\"La Sentinelle\",\"description\":\"Quotidien national d&#039;information\",\"publisher\":{\"@id\":\"https:\\\/\\\/lasentinelle.dz\\\/#organization\"},\"potentialAction\":[{\"@type\":\"SearchAction\",\"target\":{\"@type\":\"EntryPoint\",\"urlTemplate\":\"https:\\\/\\\/lasentinelle.dz\\\/?s={search_term_string}\"},\"query-input\":{\"@type\":\"PropertyValueSpecification\",\"valueRequired\":true,\"valueName\":\"search_term_string\"}}],\"inLanguage\":\"fr-FR\"},{\"@type\":\"Organization\",\"@id\":\"https:\\\/\\\/lasentinelle.dz\\\/#organization\",\"name\":\"Quotidien La Sentinelle\",\"url\":\"https:\\\/\\\/lasentinelle.dz\\\/\",\"logo\":{\"@type\":\"ImageObject\",\"inLanguage\":\"fr-FR\",\"@id\":\"https:\\\/\\\/lasentinelle.dz\\\/#\\\/schema\\\/logo\\\/image\\\/\",\"url\":\"https:\\\/\\\/lasentinelle.dz\\\/wp-content\\\/uploads\\\/2021\\\/09\\\/logo-sentinelleSLOGAN-1.png\",\"contentUrl\":\"https:\\\/\\\/lasentinelle.dz\\\/wp-content\\\/uploads\\\/2021\\\/09\\\/logo-sentinelleSLOGAN-1.png\",\"width\":615,\"height\":142,\"caption\":\"Quotidien La Sentinelle\"},\"image\":{\"@id\":\"https:\\\/\\\/lasentinelle.dz\\\/#\\\/schema\\\/logo\\\/image\\\/\"},\"sameAs\":[\"https:\\\/\\\/www.facebook.com\\\/La-Sentinelle-104059864394773\"]},{\"@type\":\"Person\",\"@id\":\"https:\\\/\\\/lasentinelle.dz\\\/#\\\/schema\\\/person\\\/d865044e22e70a75174ce8bcad3acfb3\",\"name\":\"La Sentinelle\",\"image\":{\"@type\":\"ImageObject\",\"inLanguage\":\"fr-FR\",\"@id\":\"https:\\\/\\\/secure.gravatar.com\\\/avatar\\\/57de8e5d4b15d43fb361a71fbb36338450fe67865b528a43dd10ef7c51a20392?s=96&d=mm&r=g\",\"url\":\"https:\\\/\\\/secure.gravatar.com\\\/avatar\\\/57de8e5d4b15d43fb361a71fbb36338450fe67865b528a43dd10ef7c51a20392?s=96&d=mm&r=g\",\"contentUrl\":\"https:\\\/\\\/secure.gravatar.com\\\/avatar\\\/57de8e5d4b15d43fb361a71fbb36338450fe67865b528a43dd10ef7c51a20392?s=96&d=mm&r=g\",\"caption\":\"La Sentinelle\"},\"sameAs\":[\"http:\\\/\\\/www.lasentinelle.dz\"],\"url\":\"https:\\\/\\\/lasentinelle.dz\\\/author\\\/redaction\\\/\"}]}<\/script>\n<!-- \/ Yoast SEO plugin. -->","yoast_head_json":{"title":"Annaba : Durcissement des mesures anti-Covid - La Sentinelle","robots":{"index":"index","follow":"follow","max-snippet":"max-snippet:-1","max-image-preview":"max-image-preview:large","max-video-preview":"max-video-preview:-1"},"canonical":"https:\/\/lasentinelle.dz\/index.php\/2021\/07\/27\/annaba-durcissement-des-mesures-anti-covid\/","og_locale":"fr_FR","og_type":"article","og_title":"Annaba : Durcissement des mesures anti-Covid - La Sentinelle","og_description":"N\u2019\u00e9tant pas concern\u00e9es par le confinement partiel \u00e0 domicile, les habitants d\u2019Annaba pensent, \u00e0 tort, &nbsp;\u00eatre \u00e0 l\u2019abri de la","og_url":"https:\/\/lasentinelle.dz\/index.php\/2021\/07\/27\/annaba-durcissement-des-mesures-anti-covid\/","og_site_name":"La Sentinelle","article_publisher":"https:\/\/www.facebook.com\/La-Sentinelle-104059864394773","article_published_time":"2021-07-26T23:01:00+00:00","og_image":[{"width":1800,"height":900,"url":"https:\/\/lasentinelle.dz\/wp-content\/uploads\/2021\/07\/anti-covid.png","type":"image\/png"}],"author":"La Sentinelle","twitter_card":"summary_large_image","twitter_misc":{"\u00c9crit par":"La Sentinelle","Dur\u00e9e de lecture estim\u00e9e":"3 minutes"},"schema":{"@context":"https:\/\/schema.org","@graph":[{"@type":"Article","@id":"https:\/\/lasentinelle.dz\/index.php\/2021\/07\/27\/annaba-durcissement-des-mesures-anti-covid\/#article","isPartOf":{"@id":"https:\/\/lasentinelle.dz\/index.php\/2021\/07\/27\/annaba-durcissement-des-mesures-anti-covid\/"},"author":{"name":"La Sentinelle","@id":"https:\/\/lasentinelle.dz\/#\/schema\/person\/d865044e22e70a75174ce8bcad3acfb3"},"headline":"Annaba : Durcissement des mesures anti-Covid","datePublished":"2021-07-26T23:01:00+00:00","mainEntityOfPage":{"@id":"https:\/\/lasentinelle.dz\/index.php\/2021\/07\/27\/annaba-durcissement-des-mesures-anti-covid\/"},"wordCount":724,"commentCount":0,"publisher":{"@id":"https:\/\/lasentinelle.dz\/#organization"},"image":{"@id":"https:\/\/lasentinelle.dz\/index.php\/2021\/07\/27\/annaba-durcissement-des-mesures-anti-covid\/#primaryimage"},"thumbnailUrl":"https:\/\/lasentinelle.dz\/wp-content\/uploads\/2021\/07\/anti-covid.png","articleSection":["Actualit\u00e9"],"inLanguage":"fr-FR","potentialAction":[{"@type":"CommentAction","name":"Comment","target":["https:\/\/lasentinelle.dz\/index.php\/2021\/07\/27\/annaba-durcissement-des-mesures-anti-covid\/#respond"]}]},{"@type":"WebPage","@id":"https:\/\/lasentinelle.dz\/index.php\/2021\/07\/27\/annaba-durcissement-des-mesures-anti-covid\/","url":"https:\/\/lasentinelle.dz\/index.php\/2021\/07\/27\/annaba-durcissement-des-mesures-anti-covid\/","name":"Annaba : Durcissement des mesures anti-Covid - La Sentinelle","isPartOf":{"@id":"https:\/\/lasentinelle.dz\/#website"},"primaryImageOfPage":{"@id":"https:\/\/lasentinelle.dz\/index.php\/2021\/07\/27\/annaba-durcissement-des-mesures-anti-covid\/#primaryimage"},"image":{"@id":"https:\/\/lasentinelle.dz\/index.php\/2021\/07\/27\/annaba-durcissement-des-mesures-anti-covid\/#primaryimage"},"thumbnailUrl":"https:\/\/lasentinelle.dz\/wp-content\/uploads\/2021\/07\/anti-covid.png","datePublished":"2021-07-26T23:01:00+00:00","breadcrumb":{"@id":"https:\/\/lasentinelle.dz\/index.php\/2021\/07\/27\/annaba-durcissement-des-mesures-anti-covid\/#breadcrumb"},"inLanguage":"fr-FR","potentialAction":[{"@type":"ReadAction","target":["https:\/\/lasentinelle.dz\/index.php\/2021\/07\/27\/annaba-durcissement-des-mesures-anti-covid\/"]}]},{"@type":"ImageObject","inLanguage":"fr-FR","@id":"https:\/\/lasentinelle.dz\/index.php\/2021\/07\/27\/annaba-durcissement-des-mesures-anti-covid\/#primaryimage","url":"https:\/\/lasentinelle.dz\/wp-content\/uploads\/2021\/07\/anti-covid.png","contentUrl":"https:\/\/lasentinelle.dz\/wp-content\/uploads\/2021\/07\/anti-covid.png","width":1800,"height":900},{"@type":"BreadcrumbList","@id":"https:\/\/lasentinelle.dz\/index.php\/2021\/07\/27\/annaba-durcissement-des-mesures-anti-covid\/#breadcrumb","itemListElement":[{"@type":"ListItem","position":1,"name":"Accueil","item":"https:\/\/lasentinelle.dz\/"},{"@type":"ListItem","position":2,"name":"Annaba : Durcissement des mesures anti-Covid"}]},{"@type":"WebSite","@id":"https:\/\/lasentinelle.dz\/#website","url":"https:\/\/lasentinelle.dz\/","name":"La Sentinelle","description":"Quotidien national d&#039;information","publisher":{"@id":"https:\/\/lasentinelle.dz\/#organization"},"potentialAction":[{"@type":"SearchAction","target":{"@type":"EntryPoint","urlTemplate":"https:\/\/lasentinelle.dz\/?s={search_term_string}"},"query-input":{"@type":"PropertyValueSpecification","valueRequired":true,"valueName":"search_term_string"}}],"inLanguage":"fr-FR"},{"@type":"Organization","@id":"https:\/\/lasentinelle.dz\/#organization","name":"Quotidien La Sentinelle","url":"https:\/\/lasentinelle.dz\/","logo":{"@type":"ImageObject","inLanguage":"fr-FR","@id":"https:\/\/lasentinelle.dz\/#\/schema\/logo\/image\/","url":"https:\/\/lasentinelle.dz\/wp-content\/uploads\/2021\/09\/logo-sentinelleSLOGAN-1.png","contentUrl":"https:\/\/lasentinelle.dz\/wp-content\/uploads\/2021\/09\/logo-sentinelleSLOGAN-1.png","width":615,"height":142,"caption":"Quotidien La Sentinelle"},"image":{"@id":"https:\/\/lasentinelle.dz\/#\/schema\/logo\/image\/"},"sameAs":["https:\/\/www.facebook.com\/La-Sentinelle-104059864394773"]},{"@type":"Person","@id":"https:\/\/lasentinelle.dz\/#\/schema\/person\/d865044e22e70a75174ce8bcad3acfb3","name":"La Sentinelle","image":{"@type":"ImageObject","inLanguage":"fr-FR","@id":"https:\/\/secure.gravatar.com\/avatar\/57de8e5d4b15d43fb361a71fbb36338450fe67865b528a43dd10ef7c51a20392?s=96&d=mm&r=g","url":"https:\/\/secure.gravatar.com\/avatar\/57de8e5d4b15d43fb361a71fbb36338450fe67865b528a43dd10ef7c51a20392?s=96&d=mm&r=g","contentUrl":"https:\/\/secure.gravatar.com\/avatar\/57de8e5d4b15d43fb361a71fbb36338450fe67865b528a43dd10ef7c51a20392?s=96&d=mm&r=g","caption":"La Sentinelle"},"sameAs":["http:\/\/www.lasentinelle.dz"],"url":"https:\/\/lasentinelle.dz\/author\/redaction\/"}]}},"_links":{"self":[{"href":"https:\/\/lasentinelle.dz\/index.php\/wp-json\/wp\/v2\/posts\/2391","targetHints":{"allow":["GET"]}}],"collection":[{"href":"https:\/\/lasentinelle.dz\/index.php\/wp-json\/wp\/v2\/posts"}],"about":[{"href":"https:\/\/lasentinelle.dz\/index.php\/wp-json\/wp\/v2\/types\/post"}],"author":[{"embeddable":true,"href":"https:\/\/lasentinelle.dz\/index.php\/wp-json\/wp\/v2\/users\/3"}],"replies":[{"embeddable":true,"href":"https:\/\/lasentinelle.dz\/index.php\/wp-json\/wp\/v2\/comments?post=2391"}],"version-history":[{"count":1,"href":"https:\/\/lasentinelle.dz\/index.php\/wp-json\/wp\/v2\/posts\/2391\/revisions"}],"predecessor-version":[{"id":2404,"href":"https:\/\/lasentinelle.dz\/index.php\/wp-json\/wp\/v2\/posts\/2391\/revisions\/2404"}],"wp:featuredmedia":[{"embeddable":true,"href":"https:\/\/lasentinelle.dz\/index.php\/wp-json\/wp\/v2\/media\/2400"}],"wp:attachment":[{"href":"https:\/\/lasentinelle.dz\/index.php\/wp-json\/wp\/v2\/media?parent=2391"}],"wp:term":[{"taxonomy":"category","embeddable":true,"href":"https:\/\/lasentinelle.dz\/index.php\/wp-json\/wp\/v2\/categories?post=2391"},{"taxonomy":"post_tag","embeddable":true,"href":"https:\/\/lasentinelle.dz\/index.php\/wp-json\/wp\/v2\/tags?post=2391"}],"curies":[{"name":"wp","href":"https:\/\/api.w.org\/{rel}","templated":true}]}}