{"id":23947,"date":"2022-07-12T00:01:00","date_gmt":"2022-07-11T23:01:00","guid":{"rendered":"https:\/\/lasentinelle.dz\/?p=23947"},"modified":"2022-07-11T19:55:17","modified_gmt":"2022-07-11T18:55:17","slug":"agence-nationale-des-dechets-cap-sur-le-tri-selectif","status":"publish","type":"post","link":"https:\/\/lasentinelle.dz\/index.php\/2022\/07\/12\/agence-nationale-des-dechets-cap-sur-le-tri-selectif\/","title":{"rendered":"Agence nationale des d\u00e9chets\u00a0: Cap sur le tri s\u00e9lectif"},"content":{"rendered":"\n<p>La&nbsp;Directrice de&nbsp;la&nbsp;gestion int\u00e9gr\u00e9e des d\u00e9chets&nbsp;au sein de&nbsp;l\u2019Agence nationale des d\u00e9chets, Barsa Fatima-Zohra, a&nbsp;indiqu\u00e9 hier&nbsp;que \u00able volume de d\u00e9chets m\u00e9nagers collect\u00e9s pendant l\u2019A\u00efd al-Adha d\u00e9passait 340 mille tonnes\u00bb.&nbsp;Invit\u00e9e \u00e0 s\u2019exprimer sur les ondes&nbsp;de la chaine 1 de la&nbsp;Radio nationale,&nbsp;la responsable de l\u2019AND a affirm\u00e9 que \u00ables op\u00e9rations de sensibilisation de l\u2019agence au cours des derni\u00e8res ann\u00e9es ont contribu\u00e9 \u00e0 la lev\u00e9e r\u00e9ussie de ces d\u00e9chets, qui ont pr\u00e9c\u00e9demment d\u00e9form\u00e9 l\u2019aspect esth\u00e9tique des blocs r\u00e9sidentiels, notamment durant des p\u00e9riodes exceptionnelles telles que l\u2019A\u00efd al-Adha&nbsp;\u00bb. Il a \u00e9galement not\u00e9 que \u00ables collectivit\u00e9s locales ont pr\u00e9vu des programmes sp\u00e9ciaux pour \u00e9liminer ce type de d\u00e9chets, en coordination avec certains acteurs qui ont particip\u00e9 \u00e0 ce processus, qui a \u00e9t\u00e9 couronn\u00e9 de succ\u00e8s gr\u00e2ce au comportement des citoyens \u00e9galement ayant agi rationnellement \u00e0 l\u2019\u00e9limination de leurs d\u00e9chets, comme les peaux des moutons sacrifi\u00e9s repr\u00e9sentant une valeur \u00e9conomique consid\u00e9rable, en particulier pour les institutions qui valorisent ces d\u00e9chets\u00bb. L\u2019invit\u00e9e&nbsp;de la&nbsp;Radio&nbsp;a expliqu\u00e9 que \u00able secteur des d\u00e9chets est particuli\u00e8rement important et contribue \u00e0 l\u2019acc\u00e9l\u00e9ration \u00e9conomique et sociale et pr\u00e9serve l\u2019environnement \u00bb, r\u00e9v\u00e9lant que \u00able syst\u00e8me de tri s\u00e9lectif des d\u00e9chets sera bient\u00f4t lanc\u00e9 au niveau des grands quartiers dans trois&nbsp;wilayas&nbsp;pilotes, avant d\u2019\u00eatre progressivement&nbsp;\u00e9largi&nbsp;au reste des wilayas\u00bb. Elle a \u00e9galement ajout\u00e9 que \u00abce syst\u00e8me am\u00e9liorera l\u2019efficacit\u00e9 des processus&nbsp;de valorisation&nbsp;des d\u00e9chets, en particulier ceux r\u00e9alis\u00e9s par les 14.000&nbsp;\u00e9tablissements impliqu\u00e9s dans le recyclage\u00bb. \u00abL\u2019Alg\u00e9rie produit annuellement plus de 13 millions de tonnes de d\u00e9chets m\u00e9nagers, dont seulement 30%&nbsp;sont&nbsp;r\u00e9cup\u00e9r\u00e9s&nbsp;\u00bb, a expliqu\u00e9 la&nbsp;m\u00eame responsable, d\u00e9plorant que \u00abseulement 9,83% des 30% de d\u00e9chets m\u00e9nagers r\u00e9cup\u00e9rables sont r\u00e9ellement valoris\u00e9s\u00bb.&nbsp;L\u2019intervenante&nbsp;a \u00e9galement not\u00e9 que \u00abl\u2019objectif du secteur&nbsp;de l\u2019environnementest&nbsp;de valoriser&nbsp;30 % des d\u00e9chets m\u00e9nagers, 80 % des d\u00e9chets dangereux et 50 % des d\u00e9chets persistant d\u2019ici 2035\u00bb. Et d\u2019ajouter que \u00abd\u2019exploitation \u00e0 100% de toutes les capacit\u00e9s permettra&nbsp;d\u2019engranger environ 150 milliards de&nbsp;dinars&nbsp;par an \u00bb, r\u00e9v\u00e9lant que \u00abl\u2019Agence nationale des d\u00e9chets pr\u00e9pare actuellement des \u00e9tudes sur le recyclage des d\u00e9chets dangereux pour les investisseurs, afin de les encourager \u00e0 s\u2019engager dans cette&nbsp;fili\u00e8re, d\u2019autant plus que la plupart d\u2019entre eux sont orient\u00e9s vers la valorisation&nbsp;des d\u00e9chets non dangereux\u00bb.<\/p>\n\n\n\n<p><strong>Amar Malki<\/strong><\/p>\n","protected":false},"excerpt":{"rendered":"<p>La&nbsp;Directrice de&nbsp;la&nbsp;gestion int\u00e9gr\u00e9e des d\u00e9chets&nbsp;au sein de&nbsp;l\u2019Agence nationale des d\u00e9chets, Barsa Fatima-Zohra, a&nbsp;indiqu\u00e9 hier&nbsp;que \u00able volume de d\u00e9chets m\u00e9nagers collect\u00e9s<\/p>\n","protected":false},"author":3,"featured_media":23950,"comment_status":"open","ping_status":"closed","sticky":false,"template":"","format":"standard","meta":{"colormag_page_container_layout":"default_layout","colormag_page_sidebar_layout":"default_layout","om_disable_all_campaigns":false,"_monsterinsights_skip_tracking":false,"_monsterinsights_sitenote_active":false,"_monsterinsights_sitenote_note":"","_monsterinsights_sitenote_category":0,"footnotes":"","_wpscppro_dont_share_socialmedia":false,"_wpscppro_custom_social_share_image":0,"_facebook_share_type":"","_twitter_share_type":"","_linkedin_share_type":"","_pinterest_share_type":"","_linkedin_share_type_page":"","_instagram_share_type":"","_medium_share_type":"","_threads_share_type":"","_google_business_share_type":"","_selected_social_profile":[],"_wpsp_enable_custom_social_template":false,"_wpsp_social_scheduling":{"enabled":false,"datetime":null,"platforms":[],"status":"template_only","dateOption":"today","timeOption":"now","customDays":"","customHours":"","customDate":"","customTime":"","schedulingType":"absolute"},"_wpsp_active_default_template":true},"categories":[27],"tags":[],"class_list":["post-23947","post","type-post","status-publish","format-standard","has-post-thumbnail","hentry","category-actualite"],"aioseo_notices":[],"yoast_head":"<!-- This site is optimized with the Yoast SEO plugin v27.5 - https:\/\/yoast.com\/product\/yoast-seo-wordpress\/ -->\n<title>Agence nationale des d\u00e9chets\u00a0: Cap sur le tri s\u00e9lectif - La Sentinelle<\/title>\n<meta name=\"robots\" content=\"index, follow, max-snippet:-1, max-image-preview:large, max-video-preview:-1\" \/>\n<link rel=\"canonical\" href=\"https:\/\/lasentinelle.dz\/index.php\/2022\/07\/12\/agence-nationale-des-dechets-cap-sur-le-tri-selectif\/\" \/>\n<meta property=\"og:locale\" content=\"fr_FR\" \/>\n<meta property=\"og:type\" content=\"article\" \/>\n<meta property=\"og:title\" content=\"Agence nationale des d\u00e9chets\u00a0: Cap sur le tri s\u00e9lectif - La Sentinelle\" \/>\n<meta property=\"og:description\" content=\"La&nbsp;Directrice de&nbsp;la&nbsp;gestion int\u00e9gr\u00e9e des d\u00e9chets&nbsp;au sein de&nbsp;l\u2019Agence nationale des d\u00e9chets, Barsa Fatima-Zohra, a&nbsp;indiqu\u00e9 hier&nbsp;que \u00able volume de d\u00e9chets m\u00e9nagers collect\u00e9s\" \/>\n<meta property=\"og:url\" content=\"https:\/\/lasentinelle.dz\/index.php\/2022\/07\/12\/agence-nationale-des-dechets-cap-sur-le-tri-selectif\/\" \/>\n<meta property=\"og:site_name\" content=\"La Sentinelle\" \/>\n<meta property=\"article:publisher\" content=\"https:\/\/www.facebook.com\/La-Sentinelle-104059864394773\" \/>\n<meta property=\"article:published_time\" content=\"2022-07-11T23:01:00+00:00\" \/>\n<meta property=\"og:image\" content=\"https:\/\/lasentinelle.dz\/wp-content\/uploads\/2022\/07\/tri-selectif-des-dechets-a-alger.jpg\" \/>\n\t<meta property=\"og:image:width\" content=\"580\" \/>\n\t<meta property=\"og:image:height\" content=\"328\" \/>\n\t<meta property=\"og:image:type\" content=\"image\/jpeg\" \/>\n<meta name=\"author\" content=\"La Sentinelle\" \/>\n<meta name=\"twitter:card\" content=\"summary_large_image\" \/>\n<meta name=\"twitter:label1\" content=\"\u00c9crit par\" \/>\n\t<meta name=\"twitter:data1\" content=\"La Sentinelle\" \/>\n\t<meta name=\"twitter:label2\" content=\"Dur\u00e9e de lecture estim\u00e9e\" \/>\n\t<meta name=\"twitter:data2\" content=\"2 minutes\" \/>\n<script type=\"application\/ld+json\" class=\"yoast-schema-graph\">{\"@context\":\"https:\\\/\\\/schema.org\",\"@graph\":[{\"@type\":\"Article\",\"@id\":\"https:\\\/\\\/lasentinelle.dz\\\/index.php\\\/2022\\\/07\\\/12\\\/agence-nationale-des-dechets-cap-sur-le-tri-selectif\\\/#article\",\"isPartOf\":{\"@id\":\"https:\\\/\\\/lasentinelle.dz\\\/index.php\\\/2022\\\/07\\\/12\\\/agence-nationale-des-dechets-cap-sur-le-tri-selectif\\\/\"},\"author\":{\"name\":\"La Sentinelle\",\"@id\":\"https:\\\/\\\/lasentinelle.dz\\\/#\\\/schema\\\/person\\\/d865044e22e70a75174ce8bcad3acfb3\"},\"headline\":\"Agence nationale des d\u00e9chets\u00a0: Cap sur le tri s\u00e9lectif\",\"datePublished\":\"2022-07-11T23:01:00+00:00\",\"mainEntityOfPage\":{\"@id\":\"https:\\\/\\\/lasentinelle.dz\\\/index.php\\\/2022\\\/07\\\/12\\\/agence-nationale-des-dechets-cap-sur-le-tri-selectif\\\/\"},\"wordCount\":501,\"commentCount\":0,\"publisher\":{\"@id\":\"https:\\\/\\\/lasentinelle.dz\\\/#organization\"},\"image\":{\"@id\":\"https:\\\/\\\/lasentinelle.dz\\\/index.php\\\/2022\\\/07\\\/12\\\/agence-nationale-des-dechets-cap-sur-le-tri-selectif\\\/#primaryimage\"},\"thumbnailUrl\":\"https:\\\/\\\/lasentinelle.dz\\\/wp-content\\\/uploads\\\/2022\\\/07\\\/tri-selectif-des-dechets-a-alger.jpg\",\"articleSection\":[\"Actualit\u00e9\"],\"inLanguage\":\"fr-FR\",\"potentialAction\":[{\"@type\":\"CommentAction\",\"name\":\"Comment\",\"target\":[\"https:\\\/\\\/lasentinelle.dz\\\/index.php\\\/2022\\\/07\\\/12\\\/agence-nationale-des-dechets-cap-sur-le-tri-selectif\\\/#respond\"]}]},{\"@type\":\"WebPage\",\"@id\":\"https:\\\/\\\/lasentinelle.dz\\\/index.php\\\/2022\\\/07\\\/12\\\/agence-nationale-des-dechets-cap-sur-le-tri-selectif\\\/\",\"url\":\"https:\\\/\\\/lasentinelle.dz\\\/index.php\\\/2022\\\/07\\\/12\\\/agence-nationale-des-dechets-cap-sur-le-tri-selectif\\\/\",\"name\":\"Agence nationale des d\u00e9chets\u00a0: Cap sur le tri s\u00e9lectif - La Sentinelle\",\"isPartOf\":{\"@id\":\"https:\\\/\\\/lasentinelle.dz\\\/#website\"},\"primaryImageOfPage\":{\"@id\":\"https:\\\/\\\/lasentinelle.dz\\\/index.php\\\/2022\\\/07\\\/12\\\/agence-nationale-des-dechets-cap-sur-le-tri-selectif\\\/#primaryimage\"},\"image\":{\"@id\":\"https:\\\/\\\/lasentinelle.dz\\\/index.php\\\/2022\\\/07\\\/12\\\/agence-nationale-des-dechets-cap-sur-le-tri-selectif\\\/#primaryimage\"},\"thumbnailUrl\":\"https:\\\/\\\/lasentinelle.dz\\\/wp-content\\\/uploads\\\/2022\\\/07\\\/tri-selectif-des-dechets-a-alger.jpg\",\"datePublished\":\"2022-07-11T23:01:00+00:00\",\"breadcrumb\":{\"@id\":\"https:\\\/\\\/lasentinelle.dz\\\/index.php\\\/2022\\\/07\\\/12\\\/agence-nationale-des-dechets-cap-sur-le-tri-selectif\\\/#breadcrumb\"},\"inLanguage\":\"fr-FR\",\"potentialAction\":[{\"@type\":\"ReadAction\",\"target\":[\"https:\\\/\\\/lasentinelle.dz\\\/index.php\\\/2022\\\/07\\\/12\\\/agence-nationale-des-dechets-cap-sur-le-tri-selectif\\\/\"]}]},{\"@type\":\"ImageObject\",\"inLanguage\":\"fr-FR\",\"@id\":\"https:\\\/\\\/lasentinelle.dz\\\/index.php\\\/2022\\\/07\\\/12\\\/agence-nationale-des-dechets-cap-sur-le-tri-selectif\\\/#primaryimage\",\"url\":\"https:\\\/\\\/lasentinelle.dz\\\/wp-content\\\/uploads\\\/2022\\\/07\\\/tri-selectif-des-dechets-a-alger.jpg\",\"contentUrl\":\"https:\\\/\\\/lasentinelle.dz\\\/wp-content\\\/uploads\\\/2022\\\/07\\\/tri-selectif-des-dechets-a-alger.jpg\",\"width\":580,\"height\":328},{\"@type\":\"BreadcrumbList\",\"@id\":\"https:\\\/\\\/lasentinelle.dz\\\/index.php\\\/2022\\\/07\\\/12\\\/agence-nationale-des-dechets-cap-sur-le-tri-selectif\\\/#breadcrumb\",\"itemListElement\":[{\"@type\":\"ListItem\",\"position\":1,\"name\":\"Accueil\",\"item\":\"https:\\\/\\\/lasentinelle.dz\\\/\"},{\"@type\":\"ListItem\",\"position\":2,\"name\":\"Agence nationale des d\u00e9chets\u00a0: Cap sur le tri s\u00e9lectif\"}]},{\"@type\":\"WebSite\",\"@id\":\"https:\\\/\\\/lasentinelle.dz\\\/#website\",\"url\":\"https:\\\/\\\/lasentinelle.dz\\\/\",\"name\":\"La Sentinelle\",\"description\":\"Quotidien national d&#039;information\",\"publisher\":{\"@id\":\"https:\\\/\\\/lasentinelle.dz\\\/#organization\"},\"potentialAction\":[{\"@type\":\"SearchAction\",\"target\":{\"@type\":\"EntryPoint\",\"urlTemplate\":\"https:\\\/\\\/lasentinelle.dz\\\/?s={search_term_string}\"},\"query-input\":{\"@type\":\"PropertyValueSpecification\",\"valueRequired\":true,\"valueName\":\"search_term_string\"}}],\"inLanguage\":\"fr-FR\"},{\"@type\":\"Organization\",\"@id\":\"https:\\\/\\\/lasentinelle.dz\\\/#organization\",\"name\":\"Quotidien La Sentinelle\",\"url\":\"https:\\\/\\\/lasentinelle.dz\\\/\",\"logo\":{\"@type\":\"ImageObject\",\"inLanguage\":\"fr-FR\",\"@id\":\"https:\\\/\\\/lasentinelle.dz\\\/#\\\/schema\\\/logo\\\/image\\\/\",\"url\":\"https:\\\/\\\/lasentinelle.dz\\\/wp-content\\\/uploads\\\/2021\\\/09\\\/logo-sentinelleSLOGAN-1.png\",\"contentUrl\":\"https:\\\/\\\/lasentinelle.dz\\\/wp-content\\\/uploads\\\/2021\\\/09\\\/logo-sentinelleSLOGAN-1.png\",\"width\":615,\"height\":142,\"caption\":\"Quotidien La Sentinelle\"},\"image\":{\"@id\":\"https:\\\/\\\/lasentinelle.dz\\\/#\\\/schema\\\/logo\\\/image\\\/\"},\"sameAs\":[\"https:\\\/\\\/www.facebook.com\\\/La-Sentinelle-104059864394773\"]},{\"@type\":\"Person\",\"@id\":\"https:\\\/\\\/lasentinelle.dz\\\/#\\\/schema\\\/person\\\/d865044e22e70a75174ce8bcad3acfb3\",\"name\":\"La Sentinelle\",\"image\":{\"@type\":\"ImageObject\",\"inLanguage\":\"fr-FR\",\"@id\":\"https:\\\/\\\/secure.gravatar.com\\\/avatar\\\/57de8e5d4b15d43fb361a71fbb36338450fe67865b528a43dd10ef7c51a20392?s=96&d=mm&r=g\",\"url\":\"https:\\\/\\\/secure.gravatar.com\\\/avatar\\\/57de8e5d4b15d43fb361a71fbb36338450fe67865b528a43dd10ef7c51a20392?s=96&d=mm&r=g\",\"contentUrl\":\"https:\\\/\\\/secure.gravatar.com\\\/avatar\\\/57de8e5d4b15d43fb361a71fbb36338450fe67865b528a43dd10ef7c51a20392?s=96&d=mm&r=g\",\"caption\":\"La Sentinelle\"},\"sameAs\":[\"http:\\\/\\\/www.lasentinelle.dz\"],\"url\":\"https:\\\/\\\/lasentinelle.dz\\\/author\\\/redaction\\\/\"}]}<\/script>\n<!-- \/ Yoast SEO plugin. -->","yoast_head_json":{"title":"Agence nationale des d\u00e9chets\u00a0: Cap sur le tri s\u00e9lectif - La Sentinelle","robots":{"index":"index","follow":"follow","max-snippet":"max-snippet:-1","max-image-preview":"max-image-preview:large","max-video-preview":"max-video-preview:-1"},"canonical":"https:\/\/lasentinelle.dz\/index.php\/2022\/07\/12\/agence-nationale-des-dechets-cap-sur-le-tri-selectif\/","og_locale":"fr_FR","og_type":"article","og_title":"Agence nationale des d\u00e9chets\u00a0: Cap sur le tri s\u00e9lectif - La Sentinelle","og_description":"La&nbsp;Directrice de&nbsp;la&nbsp;gestion int\u00e9gr\u00e9e des d\u00e9chets&nbsp;au sein de&nbsp;l\u2019Agence nationale des d\u00e9chets, Barsa Fatima-Zohra, a&nbsp;indiqu\u00e9 hier&nbsp;que \u00able volume de d\u00e9chets m\u00e9nagers collect\u00e9s","og_url":"https:\/\/lasentinelle.dz\/index.php\/2022\/07\/12\/agence-nationale-des-dechets-cap-sur-le-tri-selectif\/","og_site_name":"La Sentinelle","article_publisher":"https:\/\/www.facebook.com\/La-Sentinelle-104059864394773","article_published_time":"2022-07-11T23:01:00+00:00","og_image":[{"width":580,"height":328,"url":"https:\/\/lasentinelle.dz\/wp-content\/uploads\/2022\/07\/tri-selectif-des-dechets-a-alger.jpg","type":"image\/jpeg"}],"author":"La Sentinelle","twitter_card":"summary_large_image","twitter_misc":{"\u00c9crit par":"La Sentinelle","Dur\u00e9e de lecture estim\u00e9e":"2 minutes"},"schema":{"@context":"https:\/\/schema.org","@graph":[{"@type":"Article","@id":"https:\/\/lasentinelle.dz\/index.php\/2022\/07\/12\/agence-nationale-des-dechets-cap-sur-le-tri-selectif\/#article","isPartOf":{"@id":"https:\/\/lasentinelle.dz\/index.php\/2022\/07\/12\/agence-nationale-des-dechets-cap-sur-le-tri-selectif\/"},"author":{"name":"La Sentinelle","@id":"https:\/\/lasentinelle.dz\/#\/schema\/person\/d865044e22e70a75174ce8bcad3acfb3"},"headline":"Agence nationale des d\u00e9chets\u00a0: Cap sur le tri s\u00e9lectif","datePublished":"2022-07-11T23:01:00+00:00","mainEntityOfPage":{"@id":"https:\/\/lasentinelle.dz\/index.php\/2022\/07\/12\/agence-nationale-des-dechets-cap-sur-le-tri-selectif\/"},"wordCount":501,"commentCount":0,"publisher":{"@id":"https:\/\/lasentinelle.dz\/#organization"},"image":{"@id":"https:\/\/lasentinelle.dz\/index.php\/2022\/07\/12\/agence-nationale-des-dechets-cap-sur-le-tri-selectif\/#primaryimage"},"thumbnailUrl":"https:\/\/lasentinelle.dz\/wp-content\/uploads\/2022\/07\/tri-selectif-des-dechets-a-alger.jpg","articleSection":["Actualit\u00e9"],"inLanguage":"fr-FR","potentialAction":[{"@type":"CommentAction","name":"Comment","target":["https:\/\/lasentinelle.dz\/index.php\/2022\/07\/12\/agence-nationale-des-dechets-cap-sur-le-tri-selectif\/#respond"]}]},{"@type":"WebPage","@id":"https:\/\/lasentinelle.dz\/index.php\/2022\/07\/12\/agence-nationale-des-dechets-cap-sur-le-tri-selectif\/","url":"https:\/\/lasentinelle.dz\/index.php\/2022\/07\/12\/agence-nationale-des-dechets-cap-sur-le-tri-selectif\/","name":"Agence nationale des d\u00e9chets\u00a0: Cap sur le tri s\u00e9lectif - La Sentinelle","isPartOf":{"@id":"https:\/\/lasentinelle.dz\/#website"},"primaryImageOfPage":{"@id":"https:\/\/lasentinelle.dz\/index.php\/2022\/07\/12\/agence-nationale-des-dechets-cap-sur-le-tri-selectif\/#primaryimage"},"image":{"@id":"https:\/\/lasentinelle.dz\/index.php\/2022\/07\/12\/agence-nationale-des-dechets-cap-sur-le-tri-selectif\/#primaryimage"},"thumbnailUrl":"https:\/\/lasentinelle.dz\/wp-content\/uploads\/2022\/07\/tri-selectif-des-dechets-a-alger.jpg","datePublished":"2022-07-11T23:01:00+00:00","breadcrumb":{"@id":"https:\/\/lasentinelle.dz\/index.php\/2022\/07\/12\/agence-nationale-des-dechets-cap-sur-le-tri-selectif\/#breadcrumb"},"inLanguage":"fr-FR","potentialAction":[{"@type":"ReadAction","target":["https:\/\/lasentinelle.dz\/index.php\/2022\/07\/12\/agence-nationale-des-dechets-cap-sur-le-tri-selectif\/"]}]},{"@type":"ImageObject","inLanguage":"fr-FR","@id":"https:\/\/lasentinelle.dz\/index.php\/2022\/07\/12\/agence-nationale-des-dechets-cap-sur-le-tri-selectif\/#primaryimage","url":"https:\/\/lasentinelle.dz\/wp-content\/uploads\/2022\/07\/tri-selectif-des-dechets-a-alger.jpg","contentUrl":"https:\/\/lasentinelle.dz\/wp-content\/uploads\/2022\/07\/tri-selectif-des-dechets-a-alger.jpg","width":580,"height":328},{"@type":"BreadcrumbList","@id":"https:\/\/lasentinelle.dz\/index.php\/2022\/07\/12\/agence-nationale-des-dechets-cap-sur-le-tri-selectif\/#breadcrumb","itemListElement":[{"@type":"ListItem","position":1,"name":"Accueil","item":"https:\/\/lasentinelle.dz\/"},{"@type":"ListItem","position":2,"name":"Agence nationale des d\u00e9chets\u00a0: Cap sur le tri s\u00e9lectif"}]},{"@type":"WebSite","@id":"https:\/\/lasentinelle.dz\/#website","url":"https:\/\/lasentinelle.dz\/","name":"La Sentinelle","description":"Quotidien national d&#039;information","publisher":{"@id":"https:\/\/lasentinelle.dz\/#organization"},"potentialAction":[{"@type":"SearchAction","target":{"@type":"EntryPoint","urlTemplate":"https:\/\/lasentinelle.dz\/?s={search_term_string}"},"query-input":{"@type":"PropertyValueSpecification","valueRequired":true,"valueName":"search_term_string"}}],"inLanguage":"fr-FR"},{"@type":"Organization","@id":"https:\/\/lasentinelle.dz\/#organization","name":"Quotidien La Sentinelle","url":"https:\/\/lasentinelle.dz\/","logo":{"@type":"ImageObject","inLanguage":"fr-FR","@id":"https:\/\/lasentinelle.dz\/#\/schema\/logo\/image\/","url":"https:\/\/lasentinelle.dz\/wp-content\/uploads\/2021\/09\/logo-sentinelleSLOGAN-1.png","contentUrl":"https:\/\/lasentinelle.dz\/wp-content\/uploads\/2021\/09\/logo-sentinelleSLOGAN-1.png","width":615,"height":142,"caption":"Quotidien La Sentinelle"},"image":{"@id":"https:\/\/lasentinelle.dz\/#\/schema\/logo\/image\/"},"sameAs":["https:\/\/www.facebook.com\/La-Sentinelle-104059864394773"]},{"@type":"Person","@id":"https:\/\/lasentinelle.dz\/#\/schema\/person\/d865044e22e70a75174ce8bcad3acfb3","name":"La Sentinelle","image":{"@type":"ImageObject","inLanguage":"fr-FR","@id":"https:\/\/secure.gravatar.com\/avatar\/57de8e5d4b15d43fb361a71fbb36338450fe67865b528a43dd10ef7c51a20392?s=96&d=mm&r=g","url":"https:\/\/secure.gravatar.com\/avatar\/57de8e5d4b15d43fb361a71fbb36338450fe67865b528a43dd10ef7c51a20392?s=96&d=mm&r=g","contentUrl":"https:\/\/secure.gravatar.com\/avatar\/57de8e5d4b15d43fb361a71fbb36338450fe67865b528a43dd10ef7c51a20392?s=96&d=mm&r=g","caption":"La Sentinelle"},"sameAs":["http:\/\/www.lasentinelle.dz"],"url":"https:\/\/lasentinelle.dz\/author\/redaction\/"}]}},"_links":{"self":[{"href":"https:\/\/lasentinelle.dz\/index.php\/wp-json\/wp\/v2\/posts\/23947","targetHints":{"allow":["GET"]}}],"collection":[{"href":"https:\/\/lasentinelle.dz\/index.php\/wp-json\/wp\/v2\/posts"}],"about":[{"href":"https:\/\/lasentinelle.dz\/index.php\/wp-json\/wp\/v2\/types\/post"}],"author":[{"embeddable":true,"href":"https:\/\/lasentinelle.dz\/index.php\/wp-json\/wp\/v2\/users\/3"}],"replies":[{"embeddable":true,"href":"https:\/\/lasentinelle.dz\/index.php\/wp-json\/wp\/v2\/comments?post=23947"}],"version-history":[{"count":1,"href":"https:\/\/lasentinelle.dz\/index.php\/wp-json\/wp\/v2\/posts\/23947\/revisions"}],"predecessor-version":[{"id":23951,"href":"https:\/\/lasentinelle.dz\/index.php\/wp-json\/wp\/v2\/posts\/23947\/revisions\/23951"}],"wp:featuredmedia":[{"embeddable":true,"href":"https:\/\/lasentinelle.dz\/index.php\/wp-json\/wp\/v2\/media\/23950"}],"wp:attachment":[{"href":"https:\/\/lasentinelle.dz\/index.php\/wp-json\/wp\/v2\/media?parent=23947"}],"wp:term":[{"taxonomy":"category","embeddable":true,"href":"https:\/\/lasentinelle.dz\/index.php\/wp-json\/wp\/v2\/categories?post=23947"},{"taxonomy":"post_tag","embeddable":true,"href":"https:\/\/lasentinelle.dz\/index.php\/wp-json\/wp\/v2\/tags?post=23947"}],"curies":[{"name":"wp","href":"https:\/\/api.w.org\/{rel}","templated":true}]}}